{"id":12409,"date":"2026-04-29T09:48:42","date_gmt":"2026-04-29T07:48:42","guid":{"rendered":"https:\/\/kosovatimes.info\/?p=12409"},"modified":"2026-04-29T09:48:44","modified_gmt":"2026-04-29T07:48:44","slug":"von-der-leyen-lufta-e-iranit-po-i-kushton-be-se-500-milione-euro-energji-ne-dite","status":"publish","type":"post","link":"https:\/\/kosovatimes.info\/index.php\/2026\/04\/29\/von-der-leyen-lufta-e-iranit-po-i-kushton-be-se-500-milione-euro-energji-ne-dite\/","title":{"rendered":"Von der Leyen: &#8220;Lufta e Iranit po i kushton BE-s\u00eb 500 milion\u00eb euro energji n\u00eb dit\u00eb.&#8221;"},"content":{"rendered":"\n<p>&#8220;N\u00eb vet\u00ebm 60 dit\u00eb konflikti&#8221; n\u00eb Lindjen e Mesme, &#8220;shpenzimet tona p\u00ebr importet e l\u00ebnd\u00ebve djeg\u00ebse fosile jan\u00eb rritur me mbi 27 miliard\u00eb euro.<br>&nbsp;&nbsp;&nbsp; Po humbasim pothuajse 500 milion\u00eb n\u00eb dit\u00eb.&#8221;<\/p>\n\n\n\n<p>Rruga p\u00ebrpara \u00ebsht\u00eb e qart\u00eb: ne duhet t\u00eb zvog\u00eblojm\u00eb var\u00ebsin\u00eb ton\u00eb t\u00eb tep\u00ebrt nga l\u00ebnd\u00ebt djeg\u00ebse fosile t\u00eb importuara dhe t\u00eb rrisim prodhimin ton\u00eb vendas t\u00eb energjis\u00eb s\u00eb past\u00ebr dhe t\u00eb p\u00ebrballueshme.Presidentja e Komisionit Evropian, Ursula von der Leyen, e tha k\u00ebt\u00eb n\u00eb seanc\u00ebn plenare t\u00eb Parlamentit Evropian. &#8220;Ne t\u00eb gjith\u00eb p\u00ebrballemi me nj\u00eb realitet t\u00eb ashp\u00ebr: pasojat e k\u00ebtij konflikti mund t\u00eb ndihen p\u00ebr muaj ose edhe vite&#8221;, theksoi ajo.<\/p>\n","protected":false},"excerpt":{"rendered":"<p>&#8220;N\u00eb vet\u00ebm 60 dit\u00eb konflikti&#8221; n\u00eb Lindjen e Mesme, &#8220;shpenzimet tona p\u00ebr importet e l\u00ebnd\u00ebve djeg\u00ebse fosile jan\u00eb rritur me mbi 27 miliard\u00eb euro.&nbsp;&nbsp;&nbsp; Po humbasim pothuajse 500 milion\u00eb n\u00eb dit\u00eb.&#8221; Rruga p\u00ebrpara \u00ebsht\u00eb e qart\u00eb: ne duhet t\u00eb zvog\u00eblojm\u00eb var\u00ebsin\u00eb ton\u00eb t\u00eb tep\u00ebrt nga l\u00ebnd\u00ebt djeg\u00ebse fosile t\u00eb importuara dhe t\u00eb rrisim prodhimin ton\u00eb [&hellip;]<\/p>\n","protected":false},"author":4,"featured_media":12410,"comment_status":"open","ping_status":"open","sticky":false,"template":"","format":"standard","meta":{"footnotes":""},"categories":[33,30],"tags":[],"class_list":{"0":"post-12409","1":"post","2":"type-post","3":"status-publish","4":"format-standard","5":"has-post-thumbnail","7":"category-bote","8":"category-lajme"},"yoast_head":"<!-- This site is optimized with the Yoast SEO plugin v27.4 - https:\/\/yoast.com\/product\/yoast-seo-wordpress\/ -->\n<title>Von der Leyen: &quot;Lufta e Iranit po i kushton BE-s\u00eb 500 milion\u00eb euro energji n\u00eb dit\u00eb.&quot; - Kosova Times<\/title>\n<meta name=\"robots\" content=\"index, follow, max-snippet:-1, max-image-preview:large, max-video-preview:-1\" \/>\n<link rel=\"canonical\" href=\"https:\/\/kosovatimes.info\/index.php\/2026\/04\/29\/von-der-leyen-lufta-e-iranit-po-i-kushton-be-se-500-milione-euro-energji-ne-dite\/\" \/>\n<meta property=\"og:locale\" content=\"en_US\" \/>\n<meta property=\"og:type\" content=\"article\" \/>\n<meta property=\"og:title\" content=\"Von der Leyen: &quot;Lufta e Iranit po i kushton BE-s\u00eb 500 milion\u00eb euro energji n\u00eb dit\u00eb.&quot; - Kosova Times\" \/>\n<meta property=\"og:description\" content=\"&#8220;N\u00eb vet\u00ebm 60 dit\u00eb konflikti&#8221; n\u00eb Lindjen e Mesme, &#8220;shpenzimet tona p\u00ebr importet e l\u00ebnd\u00ebve djeg\u00ebse fosile jan\u00eb rritur me mbi 27 miliard\u00eb euro.&nbsp;&nbsp;&nbsp; Po humbasim pothuajse 500 milion\u00eb n\u00eb dit\u00eb.&#8221; Rruga p\u00ebrpara \u00ebsht\u00eb e qart\u00eb: ne duhet t\u00eb zvog\u00eblojm\u00eb var\u00ebsin\u00eb ton\u00eb t\u00eb tep\u00ebrt nga l\u00ebnd\u00ebt djeg\u00ebse fosile t\u00eb importuara dhe t\u00eb rrisim prodhimin ton\u00eb [&hellip;]\" \/>\n<meta property=\"og:url\" content=\"https:\/\/kosovatimes.info\/index.php\/2026\/04\/29\/von-der-leyen-lufta-e-iranit-po-i-kushton-be-se-500-milione-euro-energji-ne-dite\/\" \/>\n<meta property=\"og:site_name\" content=\"Kosova Times\" \/>\n<meta property=\"article:published_time\" content=\"2026-04-29T07:48:42+00:00\" \/>\n<meta property=\"article:modified_time\" content=\"2026-04-29T07:48:44+00:00\" \/>\n<meta property=\"og:image\" content=\"https:\/\/kosovatimes.info\/wp-content\/uploads\/2026\/04\/LAyen.webp\" \/>\n\t<meta property=\"og:image:width\" content=\"774\" \/>\n\t<meta property=\"og:image:height\" content=\"516\" \/>\n\t<meta property=\"og:image:type\" content=\"image\/webp\" \/>\n<meta name=\"author\" content=\"i l\" \/>\n<meta name=\"twitter:card\" content=\"summary_large_image\" \/>\n<meta name=\"twitter:label1\" content=\"Written by\" \/>\n\t<meta name=\"twitter:data1\" content=\"i l\" \/>\n\t<meta name=\"twitter:label2\" content=\"Est. reading time\" \/>\n\t<meta name=\"twitter:data2\" content=\"1 minute\" \/>\n<script type=\"application\/ld+json\" class=\"yoast-schema-graph\">{\"@context\":\"https:\\\/\\\/schema.org\",\"@graph\":[{\"@type\":\"Article\",\"@id\":\"https:\\\/\\\/kosovatimes.info\\\/index.php\\\/2026\\\/04\\\/29\\\/von-der-leyen-lufta-e-iranit-po-i-kushton-be-se-500-milione-euro-energji-ne-dite\\\/#article\",\"isPartOf\":{\"@id\":\"https:\\\/\\\/kosovatimes.info\\\/index.php\\\/2026\\\/04\\\/29\\\/von-der-leyen-lufta-e-iranit-po-i-kushton-be-se-500-milione-euro-energji-ne-dite\\\/\"},\"author\":{\"name\":\"i l\",\"@id\":\"https:\\\/\\\/kosovatimes.info\\\/#\\\/schema\\\/person\\\/7586712b9c512fe68085de007378c915\"},\"headline\":\"Von der Leyen: &#8220;Lufta e Iranit po i kushton BE-s\u00eb 500 milion\u00eb euro energji n\u00eb dit\u00eb.&#8221;\",\"datePublished\":\"2026-04-29T07:48:42+00:00\",\"dateModified\":\"2026-04-29T07:48:44+00:00\",\"mainEntityOfPage\":{\"@id\":\"https:\\\/\\\/kosovatimes.info\\\/index.php\\\/2026\\\/04\\\/29\\\/von-der-leyen-lufta-e-iranit-po-i-kushton-be-se-500-milione-euro-energji-ne-dite\\\/\"},\"wordCount\":138,\"commentCount\":0,\"image\":{\"@id\":\"https:\\\/\\\/kosovatimes.info\\\/index.php\\\/2026\\\/04\\\/29\\\/von-der-leyen-lufta-e-iranit-po-i-kushton-be-se-500-milione-euro-energji-ne-dite\\\/#primaryimage\"},\"thumbnailUrl\":\"https:\\\/\\\/kosovatimes.info\\\/wp-content\\\/uploads\\\/2026\\\/04\\\/LAyen.webp\",\"articleSection\":[\"Bot\u00eb\",\"Lajme\"],\"inLanguage\":\"en-US\",\"potentialAction\":[{\"@type\":\"CommentAction\",\"name\":\"Comment\",\"target\":[\"https:\\\/\\\/kosovatimes.info\\\/index.php\\\/2026\\\/04\\\/29\\\/von-der-leyen-lufta-e-iranit-po-i-kushton-be-se-500-milione-euro-energji-ne-dite\\\/#respond\"]}]},{\"@type\":\"WebPage\",\"@id\":\"https:\\\/\\\/kosovatimes.info\\\/index.php\\\/2026\\\/04\\\/29\\\/von-der-leyen-lufta-e-iranit-po-i-kushton-be-se-500-milione-euro-energji-ne-dite\\\/\",\"url\":\"https:\\\/\\\/kosovatimes.info\\\/index.php\\\/2026\\\/04\\\/29\\\/von-der-leyen-lufta-e-iranit-po-i-kushton-be-se-500-milione-euro-energji-ne-dite\\\/\",\"name\":\"Von der Leyen: \\\"Lufta e Iranit po i kushton BE-s\u00eb 500 milion\u00eb euro energji n\u00eb dit\u00eb.\\\" - Kosova Times\",\"isPartOf\":{\"@id\":\"https:\\\/\\\/kosovatimes.info\\\/#website\"},\"primaryImageOfPage\":{\"@id\":\"https:\\\/\\\/kosovatimes.info\\\/index.php\\\/2026\\\/04\\\/29\\\/von-der-leyen-lufta-e-iranit-po-i-kushton-be-se-500-milione-euro-energji-ne-dite\\\/#primaryimage\"},\"image\":{\"@id\":\"https:\\\/\\\/kosovatimes.info\\\/index.php\\\/2026\\\/04\\\/29\\\/von-der-leyen-lufta-e-iranit-po-i-kushton-be-se-500-milione-euro-energji-ne-dite\\\/#primaryimage\"},\"thumbnailUrl\":\"https:\\\/\\\/kosovatimes.info\\\/wp-content\\\/uploads\\\/2026\\\/04\\\/LAyen.webp\",\"datePublished\":\"2026-04-29T07:48:42+00:00\",\"dateModified\":\"2026-04-29T07:48:44+00:00\",\"author\":{\"@id\":\"https:\\\/\\\/kosovatimes.info\\\/#\\\/schema\\\/person\\\/7586712b9c512fe68085de007378c915\"},\"breadcrumb\":{\"@id\":\"https:\\\/\\\/kosovatimes.info\\\/index.php\\\/2026\\\/04\\\/29\\\/von-der-leyen-lufta-e-iranit-po-i-kushton-be-se-500-milione-euro-energji-ne-dite\\\/#breadcrumb\"},\"inLanguage\":\"en-US\",\"potentialAction\":[{\"@type\":\"ReadAction\",\"target\":[\"https:\\\/\\\/kosovatimes.info\\\/index.php\\\/2026\\\/04\\\/29\\\/von-der-leyen-lufta-e-iranit-po-i-kushton-be-se-500-milione-euro-energji-ne-dite\\\/\"]}]},{\"@type\":\"ImageObject\",\"inLanguage\":\"en-US\",\"@id\":\"https:\\\/\\\/kosovatimes.info\\\/index.php\\\/2026\\\/04\\\/29\\\/von-der-leyen-lufta-e-iranit-po-i-kushton-be-se-500-milione-euro-energji-ne-dite\\\/#primaryimage\",\"url\":\"https:\\\/\\\/kosovatimes.info\\\/wp-content\\\/uploads\\\/2026\\\/04\\\/LAyen.webp\",\"contentUrl\":\"https:\\\/\\\/kosovatimes.info\\\/wp-content\\\/uploads\\\/2026\\\/04\\\/LAyen.webp\",\"width\":774,\"height\":516},{\"@type\":\"BreadcrumbList\",\"@id\":\"https:\\\/\\\/kosovatimes.info\\\/index.php\\\/2026\\\/04\\\/29\\\/von-der-leyen-lufta-e-iranit-po-i-kushton-be-se-500-milione-euro-energji-ne-dite\\\/#breadcrumb\",\"itemListElement\":[{\"@type\":\"ListItem\",\"position\":1,\"name\":\"Home\",\"item\":\"https:\\\/\\\/kosovatimes.info\\\/\"},{\"@type\":\"ListItem\",\"position\":2,\"name\":\"Von der Leyen: &#8220;Lufta e Iranit po i kushton BE-s\u00eb 500 milion\u00eb euro energji n\u00eb dit\u00eb.&#8221;\"}]},{\"@type\":\"WebSite\",\"@id\":\"https:\\\/\\\/kosovatimes.info\\\/#website\",\"url\":\"https:\\\/\\\/kosovatimes.info\\\/\",\"name\":\"Kosova Times\",\"description\":\"\",\"potentialAction\":[{\"@type\":\"SearchAction\",\"target\":{\"@type\":\"EntryPoint\",\"urlTemplate\":\"https:\\\/\\\/kosovatimes.info\\\/?s={search_term_string}\"},\"query-input\":{\"@type\":\"PropertyValueSpecification\",\"valueRequired\":true,\"valueName\":\"search_term_string\"}}],\"inLanguage\":\"en-US\"},{\"@type\":\"Person\",\"@id\":\"https:\\\/\\\/kosovatimes.info\\\/#\\\/schema\\\/person\\\/7586712b9c512fe68085de007378c915\",\"name\":\"i l\",\"image\":{\"@type\":\"ImageObject\",\"inLanguage\":\"en-US\",\"@id\":\"https:\\\/\\\/secure.gravatar.com\\\/avatar\\\/bad9296e02816160ae2e2435beda58222022298d5625d49fea74d18816fbb31d?s=96&d=mm&r=g\",\"url\":\"https:\\\/\\\/secure.gravatar.com\\\/avatar\\\/bad9296e02816160ae2e2435beda58222022298d5625d49fea74d18816fbb31d?s=96&d=mm&r=g\",\"contentUrl\":\"https:\\\/\\\/secure.gravatar.com\\\/avatar\\\/bad9296e02816160ae2e2435beda58222022298d5625d49fea74d18816fbb31d?s=96&d=mm&r=g\",\"caption\":\"i l\"},\"url\":\"https:\\\/\\\/kosovatimes.info\\\/index.php\\\/author\\\/iliri\\\/\"}]}<\/script>\n<!-- \/ Yoast SEO plugin. -->","yoast_head_json":{"title":"Von der Leyen: \"Lufta e Iranit po i kushton BE-s\u00eb 500 milion\u00eb euro energji n\u00eb dit\u00eb.\" - Kosova Times","robots":{"index":"index","follow":"follow","max-snippet":"max-snippet:-1","max-image-preview":"max-image-preview:large","max-video-preview":"max-video-preview:-1"},"canonical":"https:\/\/kosovatimes.info\/index.php\/2026\/04\/29\/von-der-leyen-lufta-e-iranit-po-i-kushton-be-se-500-milione-euro-energji-ne-dite\/","og_locale":"en_US","og_type":"article","og_title":"Von der Leyen: \"Lufta e Iranit po i kushton BE-s\u00eb 500 milion\u00eb euro energji n\u00eb dit\u00eb.\" - Kosova Times","og_description":"&#8220;N\u00eb vet\u00ebm 60 dit\u00eb konflikti&#8221; n\u00eb Lindjen e Mesme, &#8220;shpenzimet tona p\u00ebr importet e l\u00ebnd\u00ebve djeg\u00ebse fosile jan\u00eb rritur me mbi 27 miliard\u00eb euro.&nbsp;&nbsp;&nbsp; Po humbasim pothuajse 500 milion\u00eb n\u00eb dit\u00eb.&#8221; Rruga p\u00ebrpara \u00ebsht\u00eb e qart\u00eb: ne duhet t\u00eb zvog\u00eblojm\u00eb var\u00ebsin\u00eb ton\u00eb t\u00eb tep\u00ebrt nga l\u00ebnd\u00ebt djeg\u00ebse fosile t\u00eb importuara dhe t\u00eb rrisim prodhimin ton\u00eb [&hellip;]","og_url":"https:\/\/kosovatimes.info\/index.php\/2026\/04\/29\/von-der-leyen-lufta-e-iranit-po-i-kushton-be-se-500-milione-euro-energji-ne-dite\/","og_site_name":"Kosova Times","article_published_time":"2026-04-29T07:48:42+00:00","article_modified_time":"2026-04-29T07:48:44+00:00","og_image":[{"width":774,"height":516,"url":"https:\/\/kosovatimes.info\/wp-content\/uploads\/2026\/04\/LAyen.webp","type":"image\/webp"}],"author":"i l","twitter_card":"summary_large_image","twitter_misc":{"Written by":"i l","Est. reading time":"1 minute"},"schema":{"@context":"https:\/\/schema.org","@graph":[{"@type":"Article","@id":"https:\/\/kosovatimes.info\/index.php\/2026\/04\/29\/von-der-leyen-lufta-e-iranit-po-i-kushton-be-se-500-milione-euro-energji-ne-dite\/#article","isPartOf":{"@id":"https:\/\/kosovatimes.info\/index.php\/2026\/04\/29\/von-der-leyen-lufta-e-iranit-po-i-kushton-be-se-500-milione-euro-energji-ne-dite\/"},"author":{"name":"i l","@id":"https:\/\/kosovatimes.info\/#\/schema\/person\/7586712b9c512fe68085de007378c915"},"headline":"Von der Leyen: &#8220;Lufta e Iranit po i kushton BE-s\u00eb 500 milion\u00eb euro energji n\u00eb dit\u00eb.&#8221;","datePublished":"2026-04-29T07:48:42+00:00","dateModified":"2026-04-29T07:48:44+00:00","mainEntityOfPage":{"@id":"https:\/\/kosovatimes.info\/index.php\/2026\/04\/29\/von-der-leyen-lufta-e-iranit-po-i-kushton-be-se-500-milione-euro-energji-ne-dite\/"},"wordCount":138,"commentCount":0,"image":{"@id":"https:\/\/kosovatimes.info\/index.php\/2026\/04\/29\/von-der-leyen-lufta-e-iranit-po-i-kushton-be-se-500-milione-euro-energji-ne-dite\/#primaryimage"},"thumbnailUrl":"https:\/\/kosovatimes.info\/wp-content\/uploads\/2026\/04\/LAyen.webp","articleSection":["Bot\u00eb","Lajme"],"inLanguage":"en-US","potentialAction":[{"@type":"CommentAction","name":"Comment","target":["https:\/\/kosovatimes.info\/index.php\/2026\/04\/29\/von-der-leyen-lufta-e-iranit-po-i-kushton-be-se-500-milione-euro-energji-ne-dite\/#respond"]}]},{"@type":"WebPage","@id":"https:\/\/kosovatimes.info\/index.php\/2026\/04\/29\/von-der-leyen-lufta-e-iranit-po-i-kushton-be-se-500-milione-euro-energji-ne-dite\/","url":"https:\/\/kosovatimes.info\/index.php\/2026\/04\/29\/von-der-leyen-lufta-e-iranit-po-i-kushton-be-se-500-milione-euro-energji-ne-dite\/","name":"Von der Leyen: \"Lufta e Iranit po i kushton BE-s\u00eb 500 milion\u00eb euro energji n\u00eb dit\u00eb.\" - Kosova Times","isPartOf":{"@id":"https:\/\/kosovatimes.info\/#website"},"primaryImageOfPage":{"@id":"https:\/\/kosovatimes.info\/index.php\/2026\/04\/29\/von-der-leyen-lufta-e-iranit-po-i-kushton-be-se-500-milione-euro-energji-ne-dite\/#primaryimage"},"image":{"@id":"https:\/\/kosovatimes.info\/index.php\/2026\/04\/29\/von-der-leyen-lufta-e-iranit-po-i-kushton-be-se-500-milione-euro-energji-ne-dite\/#primaryimage"},"thumbnailUrl":"https:\/\/kosovatimes.info\/wp-content\/uploads\/2026\/04\/LAyen.webp","datePublished":"2026-04-29T07:48:42+00:00","dateModified":"2026-04-29T07:48:44+00:00","author":{"@id":"https:\/\/kosovatimes.info\/#\/schema\/person\/7586712b9c512fe68085de007378c915"},"breadcrumb":{"@id":"https:\/\/kosovatimes.info\/index.php\/2026\/04\/29\/von-der-leyen-lufta-e-iranit-po-i-kushton-be-se-500-milione-euro-energji-ne-dite\/#breadcrumb"},"inLanguage":"en-US","potentialAction":[{"@type":"ReadAction","target":["https:\/\/kosovatimes.info\/index.php\/2026\/04\/29\/von-der-leyen-lufta-e-iranit-po-i-kushton-be-se-500-milione-euro-energji-ne-dite\/"]}]},{"@type":"ImageObject","inLanguage":"en-US","@id":"https:\/\/kosovatimes.info\/index.php\/2026\/04\/29\/von-der-leyen-lufta-e-iranit-po-i-kushton-be-se-500-milione-euro-energji-ne-dite\/#primaryimage","url":"https:\/\/kosovatimes.info\/wp-content\/uploads\/2026\/04\/LAyen.webp","contentUrl":"https:\/\/kosovatimes.info\/wp-content\/uploads\/2026\/04\/LAyen.webp","width":774,"height":516},{"@type":"BreadcrumbList","@id":"https:\/\/kosovatimes.info\/index.php\/2026\/04\/29\/von-der-leyen-lufta-e-iranit-po-i-kushton-be-se-500-milione-euro-energji-ne-dite\/#breadcrumb","itemListElement":[{"@type":"ListItem","position":1,"name":"Home","item":"https:\/\/kosovatimes.info\/"},{"@type":"ListItem","position":2,"name":"Von der Leyen: &#8220;Lufta e Iranit po i kushton BE-s\u00eb 500 milion\u00eb euro energji n\u00eb dit\u00eb.&#8221;"}]},{"@type":"WebSite","@id":"https:\/\/kosovatimes.info\/#website","url":"https:\/\/kosovatimes.info\/","name":"Kosova Times","description":"","potentialAction":[{"@type":"SearchAction","target":{"@type":"EntryPoint","urlTemplate":"https:\/\/kosovatimes.info\/?s={search_term_string}"},"query-input":{"@type":"PropertyValueSpecification","valueRequired":true,"valueName":"search_term_string"}}],"inLanguage":"en-US"},{"@type":"Person","@id":"https:\/\/kosovatimes.info\/#\/schema\/person\/7586712b9c512fe68085de007378c915","name":"i l","image":{"@type":"ImageObject","inLanguage":"en-US","@id":"https:\/\/secure.gravatar.com\/avatar\/bad9296e02816160ae2e2435beda58222022298d5625d49fea74d18816fbb31d?s=96&d=mm&r=g","url":"https:\/\/secure.gravatar.com\/avatar\/bad9296e02816160ae2e2435beda58222022298d5625d49fea74d18816fbb31d?s=96&d=mm&r=g","contentUrl":"https:\/\/secure.gravatar.com\/avatar\/bad9296e02816160ae2e2435beda58222022298d5625d49fea74d18816fbb31d?s=96&d=mm&r=g","caption":"i l"},"url":"https:\/\/kosovatimes.info\/index.php\/author\/iliri\/"}]}},"_links":{"self":[{"href":"https:\/\/kosovatimes.info\/index.php\/wp-json\/wp\/v2\/posts\/12409","targetHints":{"allow":["GET"]}}],"collection":[{"href":"https:\/\/kosovatimes.info\/index.php\/wp-json\/wp\/v2\/posts"}],"about":[{"href":"https:\/\/kosovatimes.info\/index.php\/wp-json\/wp\/v2\/types\/post"}],"author":[{"embeddable":true,"href":"https:\/\/kosovatimes.info\/index.php\/wp-json\/wp\/v2\/users\/4"}],"replies":[{"embeddable":true,"href":"https:\/\/kosovatimes.info\/index.php\/wp-json\/wp\/v2\/comments?post=12409"}],"version-history":[{"count":1,"href":"https:\/\/kosovatimes.info\/index.php\/wp-json\/wp\/v2\/posts\/12409\/revisions"}],"predecessor-version":[{"id":12411,"href":"https:\/\/kosovatimes.info\/index.php\/wp-json\/wp\/v2\/posts\/12409\/revisions\/12411"}],"wp:featuredmedia":[{"embeddable":true,"href":"https:\/\/kosovatimes.info\/index.php\/wp-json\/wp\/v2\/media\/12410"}],"wp:attachment":[{"href":"https:\/\/kosovatimes.info\/index.php\/wp-json\/wp\/v2\/media?parent=12409"}],"wp:term":[{"taxonomy":"category","embeddable":true,"href":"https:\/\/kosovatimes.info\/index.php\/wp-json\/wp\/v2\/categories?post=12409"},{"taxonomy":"post_tag","embeddable":true,"href":"https:\/\/kosovatimes.info\/index.php\/wp-json\/wp\/v2\/tags?post=12409"}],"curies":[{"name":"wp","href":"https:\/\/api.w.org\/{rel}","templated":true}]}}