{"id":12415,"date":"2026-04-29T09:56:53","date_gmt":"2026-04-29T07:56:53","guid":{"rendered":"https:\/\/kosovatimes.info\/?p=12415"},"modified":"2026-04-29T09:56:55","modified_gmt":"2026-04-29T07:56:55","slug":"shefi-i-kuzhines-denohet-per-diskriminim-sepse-nuk-donte-komuniste-dhe-homoseksuale-ne-kuzhinen-e-tij","status":"publish","type":"post","link":"https:\/\/kosovatimes.info\/index.php\/2026\/04\/29\/shefi-i-kuzhines-denohet-per-diskriminim-sepse-nuk-donte-komuniste-dhe-homoseksuale-ne-kuzhinen-e-tij\/","title":{"rendered":"Shefi i kuzhin\u00ebs d\u00ebnohet p\u00ebr diskriminim sepse nuk donte komunist\u00eb dhe homoseksual\u00eb n\u00eb kuzhin\u00ebn e tij"},"content":{"rendered":"\n<p>Asnj\u00eb komunist, mund\u00ebsisht jo i prirur ndaj k\u00ebrkesave sindikale dhe pa probleme t\u00eb orientimit seksual.<\/p>\n\n\n\n<p>Kjo, sipas d\u00ebshirave t\u00eb shefit t\u00eb kuzhin\u00ebs s\u00eb njohur Paolo Cappuccio, ishte identiteti i p\u00ebrsosur i personit q\u00eb mund t\u00eb aspironte t\u00eb punonte n\u00eb &#8220;brigad\u00ebn e gatimit&#8221; t\u00eb nj\u00eb hoteli t\u00eb r\u00ebnd\u00ebsish\u00ebm n\u00eb Madonna di Campiglio.<\/p>\n\n\n\n<p>&nbsp; &nbsp; Megjithat\u00eb, teksti i shefit t\u00eb kuzhin\u00ebs me yll Michelin dhe intervistat e m\u00ebvonshme me median komb\u00ebtare n\u00eb t\u00eb cilat ai theksoi pik\u00ebpamjet e tij, u konsideruan diskriminuese nga Gjykata e Trentos.<\/p>\n\n\n\n<p>K\u00ebtu p\u00ebrfundon apeli i paraqitur nga CGIL i Trentino-s, i ndihmuar nga avokat\u00ebt Giovanni Guarini dhe Alberto Guariso.<\/p>\n\n\n\n<p><br>&nbsp;&nbsp;&nbsp; Faktet datojn\u00eb q\u00eb nga 4 korriku i vitit t\u00eb kaluar, kur Cappuccio, n\u00eb nj\u00eb postim n\u00eb profilin e tij n\u00eb Facebook, p\u00ebrs\u00ebriti kualifikimet e k\u00ebrkuara &#8211; ose jo t\u00eb k\u00ebrkuara &#8211; p\u00ebr ata q\u00eb d\u00ebshirojn\u00eb t\u00eb marrin pjes\u00eb n\u00eb nj\u00eb proces p\u00ebrzgjedhjeje q\u00eb ai kishte promovuar p\u00ebr nj\u00eb pozicion shefi kuzhine ose pasti\u00e7eri p\u00ebr sezonin e dimrit n\u00eb nj\u00eb hotel n\u00eb Madonna di Campiglio. K\u00ebto kualifikime, t\u00eb raportuara nga shtypi lokal, u p\u00ebrs\u00ebrit\u00ebn n\u00eb nj\u00eb intervist\u00eb me La Zanzara dhe nj\u00eb artikull n\u00eb Il Giornale.<br><br>&nbsp;&nbsp;&nbsp; Gjyqtarja Giuseppina Passarelli nxori nj\u00eb vendim &#8220;historik&#8221;, nj\u00eb nga t\u00eb pakt\u00ebt e k\u00ebtij lloji n\u00eb Itali, duke d\u00ebnuar Cappuccio-n p\u00ebr &#8220;natyr\u00ebn diskriminuese&#8221; t\u00eb deklaratave t\u00eb tij dhe duke i k\u00ebrkuar atij t&#8217;i paguante sindikat\u00ebs Via Muredei 6,000 euro, plus shpenzimet ligjore. Gjykata vendosi gjithashtu q\u00eb vendimi duhet t\u00eb publikohet n\u00eb nj\u00eb gazet\u00eb komb\u00ebtare &#8211; Corriere della Sera, Repubblica, Il Sole24Ore, La Stampa ose Il Fatto Quotidiano.&nbsp;<\/p>\n","protected":false},"excerpt":{"rendered":"<p>Asnj\u00eb komunist, mund\u00ebsisht jo i prirur ndaj k\u00ebrkesave sindikale dhe pa probleme t\u00eb orientimit seksual. Kjo, sipas d\u00ebshirave t\u00eb shefit t\u00eb kuzhin\u00ebs s\u00eb njohur Paolo Cappuccio, ishte identiteti i p\u00ebrsosur i personit q\u00eb mund t\u00eb aspironte t\u00eb punonte n\u00eb &#8220;brigad\u00ebn e gatimit&#8221; t\u00eb nj\u00eb hoteli t\u00eb r\u00ebnd\u00ebsish\u00ebm n\u00eb Madonna di Campiglio. &nbsp; &nbsp; Megjithat\u00eb, teksti [&hellip;]<\/p>\n","protected":false},"author":4,"featured_media":12416,"comment_status":"open","ping_status":"open","sticky":false,"template":"","format":"standard","meta":{"footnotes":""},"categories":[33,30],"tags":[],"class_list":{"0":"post-12415","1":"post","2":"type-post","3":"status-publish","4":"format-standard","5":"has-post-thumbnail","7":"category-bote","8":"category-lajme"},"yoast_head":"<!-- This site is optimized with the Yoast SEO plugin v27.4 - https:\/\/yoast.com\/product\/yoast-seo-wordpress\/ -->\n<title>Shefi i kuzhin\u00ebs d\u00ebnohet p\u00ebr diskriminim sepse nuk donte komunist\u00eb dhe homoseksual\u00eb n\u00eb kuzhin\u00ebn e tij - Kosova Times<\/title>\n<meta name=\"robots\" content=\"index, follow, max-snippet:-1, max-image-preview:large, max-video-preview:-1\" \/>\n<link rel=\"canonical\" href=\"https:\/\/kosovatimes.info\/index.php\/2026\/04\/29\/shefi-i-kuzhines-denohet-per-diskriminim-sepse-nuk-donte-komuniste-dhe-homoseksuale-ne-kuzhinen-e-tij\/\" \/>\n<meta property=\"og:locale\" content=\"en_US\" \/>\n<meta property=\"og:type\" content=\"article\" \/>\n<meta property=\"og:title\" content=\"Shefi i kuzhin\u00ebs d\u00ebnohet p\u00ebr diskriminim sepse nuk donte komunist\u00eb dhe homoseksual\u00eb n\u00eb kuzhin\u00ebn e tij - Kosova Times\" \/>\n<meta property=\"og:description\" content=\"Asnj\u00eb komunist, mund\u00ebsisht jo i prirur ndaj k\u00ebrkesave sindikale dhe pa probleme t\u00eb orientimit seksual. Kjo, sipas d\u00ebshirave t\u00eb shefit t\u00eb kuzhin\u00ebs s\u00eb njohur Paolo Cappuccio, ishte identiteti i p\u00ebrsosur i personit q\u00eb mund t\u00eb aspironte t\u00eb punonte n\u00eb &#8220;brigad\u00ebn e gatimit&#8221; t\u00eb nj\u00eb hoteli t\u00eb r\u00ebnd\u00ebsish\u00ebm n\u00eb Madonna di Campiglio. &nbsp; &nbsp; Megjithat\u00eb, teksti [&hellip;]\" \/>\n<meta property=\"og:url\" content=\"https:\/\/kosovatimes.info\/index.php\/2026\/04\/29\/shefi-i-kuzhines-denohet-per-diskriminim-sepse-nuk-donte-komuniste-dhe-homoseksuale-ne-kuzhinen-e-tij\/\" \/>\n<meta property=\"og:site_name\" content=\"Kosova Times\" \/>\n<meta property=\"article:published_time\" content=\"2026-04-29T07:56:53+00:00\" \/>\n<meta property=\"article:modified_time\" content=\"2026-04-29T07:56:55+00:00\" \/>\n<meta property=\"og:image\" content=\"https:\/\/kosovatimes.info\/wp-content\/uploads\/2026\/04\/PAolo.webp\" \/>\n\t<meta property=\"og:image:width\" content=\"774\" \/>\n\t<meta property=\"og:image:height\" content=\"516\" \/>\n\t<meta property=\"og:image:type\" content=\"image\/webp\" \/>\n<meta name=\"author\" content=\"i l\" \/>\n<meta name=\"twitter:card\" content=\"summary_large_image\" \/>\n<meta name=\"twitter:label1\" content=\"Written by\" \/>\n\t<meta name=\"twitter:data1\" content=\"i l\" \/>\n\t<meta name=\"twitter:label2\" content=\"Est. reading time\" \/>\n\t<meta name=\"twitter:data2\" content=\"2 minutes\" \/>\n<script type=\"application\/ld+json\" class=\"yoast-schema-graph\">{\"@context\":\"https:\\\/\\\/schema.org\",\"@graph\":[{\"@type\":\"Article\",\"@id\":\"https:\\\/\\\/kosovatimes.info\\\/index.php\\\/2026\\\/04\\\/29\\\/shefi-i-kuzhines-denohet-per-diskriminim-sepse-nuk-donte-komuniste-dhe-homoseksuale-ne-kuzhinen-e-tij\\\/#article\",\"isPartOf\":{\"@id\":\"https:\\\/\\\/kosovatimes.info\\\/index.php\\\/2026\\\/04\\\/29\\\/shefi-i-kuzhines-denohet-per-diskriminim-sepse-nuk-donte-komuniste-dhe-homoseksuale-ne-kuzhinen-e-tij\\\/\"},\"author\":{\"name\":\"i l\",\"@id\":\"https:\\\/\\\/kosovatimes.info\\\/#\\\/schema\\\/person\\\/7586712b9c512fe68085de007378c915\"},\"headline\":\"Shefi i kuzhin\u00ebs d\u00ebnohet p\u00ebr diskriminim sepse nuk donte komunist\u00eb dhe homoseksual\u00eb n\u00eb kuzhin\u00ebn e tij\",\"datePublished\":\"2026-04-29T07:56:53+00:00\",\"dateModified\":\"2026-04-29T07:56:55+00:00\",\"mainEntityOfPage\":{\"@id\":\"https:\\\/\\\/kosovatimes.info\\\/index.php\\\/2026\\\/04\\\/29\\\/shefi-i-kuzhines-denohet-per-diskriminim-sepse-nuk-donte-komuniste-dhe-homoseksuale-ne-kuzhinen-e-tij\\\/\"},\"wordCount\":318,\"commentCount\":0,\"image\":{\"@id\":\"https:\\\/\\\/kosovatimes.info\\\/index.php\\\/2026\\\/04\\\/29\\\/shefi-i-kuzhines-denohet-per-diskriminim-sepse-nuk-donte-komuniste-dhe-homoseksuale-ne-kuzhinen-e-tij\\\/#primaryimage\"},\"thumbnailUrl\":\"https:\\\/\\\/kosovatimes.info\\\/wp-content\\\/uploads\\\/2026\\\/04\\\/PAolo.webp\",\"articleSection\":[\"Bot\u00eb\",\"Lajme\"],\"inLanguage\":\"en-US\",\"potentialAction\":[{\"@type\":\"CommentAction\",\"name\":\"Comment\",\"target\":[\"https:\\\/\\\/kosovatimes.info\\\/index.php\\\/2026\\\/04\\\/29\\\/shefi-i-kuzhines-denohet-per-diskriminim-sepse-nuk-donte-komuniste-dhe-homoseksuale-ne-kuzhinen-e-tij\\\/#respond\"]}]},{\"@type\":\"WebPage\",\"@id\":\"https:\\\/\\\/kosovatimes.info\\\/index.php\\\/2026\\\/04\\\/29\\\/shefi-i-kuzhines-denohet-per-diskriminim-sepse-nuk-donte-komuniste-dhe-homoseksuale-ne-kuzhinen-e-tij\\\/\",\"url\":\"https:\\\/\\\/kosovatimes.info\\\/index.php\\\/2026\\\/04\\\/29\\\/shefi-i-kuzhines-denohet-per-diskriminim-sepse-nuk-donte-komuniste-dhe-homoseksuale-ne-kuzhinen-e-tij\\\/\",\"name\":\"Shefi i kuzhin\u00ebs d\u00ebnohet p\u00ebr diskriminim sepse nuk donte komunist\u00eb dhe homoseksual\u00eb n\u00eb kuzhin\u00ebn e tij - Kosova Times\",\"isPartOf\":{\"@id\":\"https:\\\/\\\/kosovatimes.info\\\/#website\"},\"primaryImageOfPage\":{\"@id\":\"https:\\\/\\\/kosovatimes.info\\\/index.php\\\/2026\\\/04\\\/29\\\/shefi-i-kuzhines-denohet-per-diskriminim-sepse-nuk-donte-komuniste-dhe-homoseksuale-ne-kuzhinen-e-tij\\\/#primaryimage\"},\"image\":{\"@id\":\"https:\\\/\\\/kosovatimes.info\\\/index.php\\\/2026\\\/04\\\/29\\\/shefi-i-kuzhines-denohet-per-diskriminim-sepse-nuk-donte-komuniste-dhe-homoseksuale-ne-kuzhinen-e-tij\\\/#primaryimage\"},\"thumbnailUrl\":\"https:\\\/\\\/kosovatimes.info\\\/wp-content\\\/uploads\\\/2026\\\/04\\\/PAolo.webp\",\"datePublished\":\"2026-04-29T07:56:53+00:00\",\"dateModified\":\"2026-04-29T07:56:55+00:00\",\"author\":{\"@id\":\"https:\\\/\\\/kosovatimes.info\\\/#\\\/schema\\\/person\\\/7586712b9c512fe68085de007378c915\"},\"breadcrumb\":{\"@id\":\"https:\\\/\\\/kosovatimes.info\\\/index.php\\\/2026\\\/04\\\/29\\\/shefi-i-kuzhines-denohet-per-diskriminim-sepse-nuk-donte-komuniste-dhe-homoseksuale-ne-kuzhinen-e-tij\\\/#breadcrumb\"},\"inLanguage\":\"en-US\",\"potentialAction\":[{\"@type\":\"ReadAction\",\"target\":[\"https:\\\/\\\/kosovatimes.info\\\/index.php\\\/2026\\\/04\\\/29\\\/shefi-i-kuzhines-denohet-per-diskriminim-sepse-nuk-donte-komuniste-dhe-homoseksuale-ne-kuzhinen-e-tij\\\/\"]}]},{\"@type\":\"ImageObject\",\"inLanguage\":\"en-US\",\"@id\":\"https:\\\/\\\/kosovatimes.info\\\/index.php\\\/2026\\\/04\\\/29\\\/shefi-i-kuzhines-denohet-per-diskriminim-sepse-nuk-donte-komuniste-dhe-homoseksuale-ne-kuzhinen-e-tij\\\/#primaryimage\",\"url\":\"https:\\\/\\\/kosovatimes.info\\\/wp-content\\\/uploads\\\/2026\\\/04\\\/PAolo.webp\",\"contentUrl\":\"https:\\\/\\\/kosovatimes.info\\\/wp-content\\\/uploads\\\/2026\\\/04\\\/PAolo.webp\",\"width\":774,\"height\":516},{\"@type\":\"BreadcrumbList\",\"@id\":\"https:\\\/\\\/kosovatimes.info\\\/index.php\\\/2026\\\/04\\\/29\\\/shefi-i-kuzhines-denohet-per-diskriminim-sepse-nuk-donte-komuniste-dhe-homoseksuale-ne-kuzhinen-e-tij\\\/#breadcrumb\",\"itemListElement\":[{\"@type\":\"ListItem\",\"position\":1,\"name\":\"Home\",\"item\":\"https:\\\/\\\/kosovatimes.info\\\/\"},{\"@type\":\"ListItem\",\"position\":2,\"name\":\"Shefi i kuzhin\u00ebs d\u00ebnohet p\u00ebr diskriminim sepse nuk donte komunist\u00eb dhe homoseksual\u00eb n\u00eb kuzhin\u00ebn e tij\"}]},{\"@type\":\"WebSite\",\"@id\":\"https:\\\/\\\/kosovatimes.info\\\/#website\",\"url\":\"https:\\\/\\\/kosovatimes.info\\\/\",\"name\":\"Kosova Times\",\"description\":\"\",\"potentialAction\":[{\"@type\":\"SearchAction\",\"target\":{\"@type\":\"EntryPoint\",\"urlTemplate\":\"https:\\\/\\\/kosovatimes.info\\\/?s={search_term_string}\"},\"query-input\":{\"@type\":\"PropertyValueSpecification\",\"valueRequired\":true,\"valueName\":\"search_term_string\"}}],\"inLanguage\":\"en-US\"},{\"@type\":\"Person\",\"@id\":\"https:\\\/\\\/kosovatimes.info\\\/#\\\/schema\\\/person\\\/7586712b9c512fe68085de007378c915\",\"name\":\"i l\",\"image\":{\"@type\":\"ImageObject\",\"inLanguage\":\"en-US\",\"@id\":\"https:\\\/\\\/secure.gravatar.com\\\/avatar\\\/bad9296e02816160ae2e2435beda58222022298d5625d49fea74d18816fbb31d?s=96&d=mm&r=g\",\"url\":\"https:\\\/\\\/secure.gravatar.com\\\/avatar\\\/bad9296e02816160ae2e2435beda58222022298d5625d49fea74d18816fbb31d?s=96&d=mm&r=g\",\"contentUrl\":\"https:\\\/\\\/secure.gravatar.com\\\/avatar\\\/bad9296e02816160ae2e2435beda58222022298d5625d49fea74d18816fbb31d?s=96&d=mm&r=g\",\"caption\":\"i l\"},\"url\":\"https:\\\/\\\/kosovatimes.info\\\/index.php\\\/author\\\/iliri\\\/\"}]}<\/script>\n<!-- \/ Yoast SEO plugin. -->","yoast_head_json":{"title":"Shefi i kuzhin\u00ebs d\u00ebnohet p\u00ebr diskriminim sepse nuk donte komunist\u00eb dhe homoseksual\u00eb n\u00eb kuzhin\u00ebn e tij - Kosova Times","robots":{"index":"index","follow":"follow","max-snippet":"max-snippet:-1","max-image-preview":"max-image-preview:large","max-video-preview":"max-video-preview:-1"},"canonical":"https:\/\/kosovatimes.info\/index.php\/2026\/04\/29\/shefi-i-kuzhines-denohet-per-diskriminim-sepse-nuk-donte-komuniste-dhe-homoseksuale-ne-kuzhinen-e-tij\/","og_locale":"en_US","og_type":"article","og_title":"Shefi i kuzhin\u00ebs d\u00ebnohet p\u00ebr diskriminim sepse nuk donte komunist\u00eb dhe homoseksual\u00eb n\u00eb kuzhin\u00ebn e tij - Kosova Times","og_description":"Asnj\u00eb komunist, mund\u00ebsisht jo i prirur ndaj k\u00ebrkesave sindikale dhe pa probleme t\u00eb orientimit seksual. Kjo, sipas d\u00ebshirave t\u00eb shefit t\u00eb kuzhin\u00ebs s\u00eb njohur Paolo Cappuccio, ishte identiteti i p\u00ebrsosur i personit q\u00eb mund t\u00eb aspironte t\u00eb punonte n\u00eb &#8220;brigad\u00ebn e gatimit&#8221; t\u00eb nj\u00eb hoteli t\u00eb r\u00ebnd\u00ebsish\u00ebm n\u00eb Madonna di Campiglio. &nbsp; &nbsp; Megjithat\u00eb, teksti [&hellip;]","og_url":"https:\/\/kosovatimes.info\/index.php\/2026\/04\/29\/shefi-i-kuzhines-denohet-per-diskriminim-sepse-nuk-donte-komuniste-dhe-homoseksuale-ne-kuzhinen-e-tij\/","og_site_name":"Kosova Times","article_published_time":"2026-04-29T07:56:53+00:00","article_modified_time":"2026-04-29T07:56:55+00:00","og_image":[{"width":774,"height":516,"url":"https:\/\/kosovatimes.info\/wp-content\/uploads\/2026\/04\/PAolo.webp","type":"image\/webp"}],"author":"i l","twitter_card":"summary_large_image","twitter_misc":{"Written by":"i l","Est. reading time":"2 minutes"},"schema":{"@context":"https:\/\/schema.org","@graph":[{"@type":"Article","@id":"https:\/\/kosovatimes.info\/index.php\/2026\/04\/29\/shefi-i-kuzhines-denohet-per-diskriminim-sepse-nuk-donte-komuniste-dhe-homoseksuale-ne-kuzhinen-e-tij\/#article","isPartOf":{"@id":"https:\/\/kosovatimes.info\/index.php\/2026\/04\/29\/shefi-i-kuzhines-denohet-per-diskriminim-sepse-nuk-donte-komuniste-dhe-homoseksuale-ne-kuzhinen-e-tij\/"},"author":{"name":"i l","@id":"https:\/\/kosovatimes.info\/#\/schema\/person\/7586712b9c512fe68085de007378c915"},"headline":"Shefi i kuzhin\u00ebs d\u00ebnohet p\u00ebr diskriminim sepse nuk donte komunist\u00eb dhe homoseksual\u00eb n\u00eb kuzhin\u00ebn e tij","datePublished":"2026-04-29T07:56:53+00:00","dateModified":"2026-04-29T07:56:55+00:00","mainEntityOfPage":{"@id":"https:\/\/kosovatimes.info\/index.php\/2026\/04\/29\/shefi-i-kuzhines-denohet-per-diskriminim-sepse-nuk-donte-komuniste-dhe-homoseksuale-ne-kuzhinen-e-tij\/"},"wordCount":318,"commentCount":0,"image":{"@id":"https:\/\/kosovatimes.info\/index.php\/2026\/04\/29\/shefi-i-kuzhines-denohet-per-diskriminim-sepse-nuk-donte-komuniste-dhe-homoseksuale-ne-kuzhinen-e-tij\/#primaryimage"},"thumbnailUrl":"https:\/\/kosovatimes.info\/wp-content\/uploads\/2026\/04\/PAolo.webp","articleSection":["Bot\u00eb","Lajme"],"inLanguage":"en-US","potentialAction":[{"@type":"CommentAction","name":"Comment","target":["https:\/\/kosovatimes.info\/index.php\/2026\/04\/29\/shefi-i-kuzhines-denohet-per-diskriminim-sepse-nuk-donte-komuniste-dhe-homoseksuale-ne-kuzhinen-e-tij\/#respond"]}]},{"@type":"WebPage","@id":"https:\/\/kosovatimes.info\/index.php\/2026\/04\/29\/shefi-i-kuzhines-denohet-per-diskriminim-sepse-nuk-donte-komuniste-dhe-homoseksuale-ne-kuzhinen-e-tij\/","url":"https:\/\/kosovatimes.info\/index.php\/2026\/04\/29\/shefi-i-kuzhines-denohet-per-diskriminim-sepse-nuk-donte-komuniste-dhe-homoseksuale-ne-kuzhinen-e-tij\/","name":"Shefi i kuzhin\u00ebs d\u00ebnohet p\u00ebr diskriminim sepse nuk donte komunist\u00eb dhe homoseksual\u00eb n\u00eb kuzhin\u00ebn e tij - Kosova Times","isPartOf":{"@id":"https:\/\/kosovatimes.info\/#website"},"primaryImageOfPage":{"@id":"https:\/\/kosovatimes.info\/index.php\/2026\/04\/29\/shefi-i-kuzhines-denohet-per-diskriminim-sepse-nuk-donte-komuniste-dhe-homoseksuale-ne-kuzhinen-e-tij\/#primaryimage"},"image":{"@id":"https:\/\/kosovatimes.info\/index.php\/2026\/04\/29\/shefi-i-kuzhines-denohet-per-diskriminim-sepse-nuk-donte-komuniste-dhe-homoseksuale-ne-kuzhinen-e-tij\/#primaryimage"},"thumbnailUrl":"https:\/\/kosovatimes.info\/wp-content\/uploads\/2026\/04\/PAolo.webp","datePublished":"2026-04-29T07:56:53+00:00","dateModified":"2026-04-29T07:56:55+00:00","author":{"@id":"https:\/\/kosovatimes.info\/#\/schema\/person\/7586712b9c512fe68085de007378c915"},"breadcrumb":{"@id":"https:\/\/kosovatimes.info\/index.php\/2026\/04\/29\/shefi-i-kuzhines-denohet-per-diskriminim-sepse-nuk-donte-komuniste-dhe-homoseksuale-ne-kuzhinen-e-tij\/#breadcrumb"},"inLanguage":"en-US","potentialAction":[{"@type":"ReadAction","target":["https:\/\/kosovatimes.info\/index.php\/2026\/04\/29\/shefi-i-kuzhines-denohet-per-diskriminim-sepse-nuk-donte-komuniste-dhe-homoseksuale-ne-kuzhinen-e-tij\/"]}]},{"@type":"ImageObject","inLanguage":"en-US","@id":"https:\/\/kosovatimes.info\/index.php\/2026\/04\/29\/shefi-i-kuzhines-denohet-per-diskriminim-sepse-nuk-donte-komuniste-dhe-homoseksuale-ne-kuzhinen-e-tij\/#primaryimage","url":"https:\/\/kosovatimes.info\/wp-content\/uploads\/2026\/04\/PAolo.webp","contentUrl":"https:\/\/kosovatimes.info\/wp-content\/uploads\/2026\/04\/PAolo.webp","width":774,"height":516},{"@type":"BreadcrumbList","@id":"https:\/\/kosovatimes.info\/index.php\/2026\/04\/29\/shefi-i-kuzhines-denohet-per-diskriminim-sepse-nuk-donte-komuniste-dhe-homoseksuale-ne-kuzhinen-e-tij\/#breadcrumb","itemListElement":[{"@type":"ListItem","position":1,"name":"Home","item":"https:\/\/kosovatimes.info\/"},{"@type":"ListItem","position":2,"name":"Shefi i kuzhin\u00ebs d\u00ebnohet p\u00ebr diskriminim sepse nuk donte komunist\u00eb dhe homoseksual\u00eb n\u00eb kuzhin\u00ebn e tij"}]},{"@type":"WebSite","@id":"https:\/\/kosovatimes.info\/#website","url":"https:\/\/kosovatimes.info\/","name":"Kosova Times","description":"","potentialAction":[{"@type":"SearchAction","target":{"@type":"EntryPoint","urlTemplate":"https:\/\/kosovatimes.info\/?s={search_term_string}"},"query-input":{"@type":"PropertyValueSpecification","valueRequired":true,"valueName":"search_term_string"}}],"inLanguage":"en-US"},{"@type":"Person","@id":"https:\/\/kosovatimes.info\/#\/schema\/person\/7586712b9c512fe68085de007378c915","name":"i l","image":{"@type":"ImageObject","inLanguage":"en-US","@id":"https:\/\/secure.gravatar.com\/avatar\/bad9296e02816160ae2e2435beda58222022298d5625d49fea74d18816fbb31d?s=96&d=mm&r=g","url":"https:\/\/secure.gravatar.com\/avatar\/bad9296e02816160ae2e2435beda58222022298d5625d49fea74d18816fbb31d?s=96&d=mm&r=g","contentUrl":"https:\/\/secure.gravatar.com\/avatar\/bad9296e02816160ae2e2435beda58222022298d5625d49fea74d18816fbb31d?s=96&d=mm&r=g","caption":"i l"},"url":"https:\/\/kosovatimes.info\/index.php\/author\/iliri\/"}]}},"_links":{"self":[{"href":"https:\/\/kosovatimes.info\/index.php\/wp-json\/wp\/v2\/posts\/12415","targetHints":{"allow":["GET"]}}],"collection":[{"href":"https:\/\/kosovatimes.info\/index.php\/wp-json\/wp\/v2\/posts"}],"about":[{"href":"https:\/\/kosovatimes.info\/index.php\/wp-json\/wp\/v2\/types\/post"}],"author":[{"embeddable":true,"href":"https:\/\/kosovatimes.info\/index.php\/wp-json\/wp\/v2\/users\/4"}],"replies":[{"embeddable":true,"href":"https:\/\/kosovatimes.info\/index.php\/wp-json\/wp\/v2\/comments?post=12415"}],"version-history":[{"count":1,"href":"https:\/\/kosovatimes.info\/index.php\/wp-json\/wp\/v2\/posts\/12415\/revisions"}],"predecessor-version":[{"id":12417,"href":"https:\/\/kosovatimes.info\/index.php\/wp-json\/wp\/v2\/posts\/12415\/revisions\/12417"}],"wp:featuredmedia":[{"embeddable":true,"href":"https:\/\/kosovatimes.info\/index.php\/wp-json\/wp\/v2\/media\/12416"}],"wp:attachment":[{"href":"https:\/\/kosovatimes.info\/index.php\/wp-json\/wp\/v2\/media?parent=12415"}],"wp:term":[{"taxonomy":"category","embeddable":true,"href":"https:\/\/kosovatimes.info\/index.php\/wp-json\/wp\/v2\/categories?post=12415"},{"taxonomy":"post_tag","embeddable":true,"href":"https:\/\/kosovatimes.info\/index.php\/wp-json\/wp\/v2\/tags?post=12415"}],"curies":[{"name":"wp","href":"https:\/\/api.w.org\/{rel}","templated":true}]}}