{"id":12418,"date":"2026-04-29T09:58:32","date_gmt":"2026-04-29T07:58:32","guid":{"rendered":"https:\/\/kosovatimes.info\/?p=12418"},"modified":"2026-04-29T09:58:35","modified_gmt":"2026-04-29T07:58:35","slug":"parada-e-9-majit-ne-moske-do-te-mbahet-pa-pajisje-ushtarake","status":"publish","type":"post","link":"https:\/\/kosovatimes.info\/index.php\/2026\/04\/29\/parada-e-9-majit-ne-moske-do-te-mbahet-pa-pajisje-ushtarake\/","title":{"rendered":"Parada e 9 majit n\u00eb Mosk\u00eb do t\u00eb mbahet pa pajisje ushtarake"},"content":{"rendered":"\n<p>Parada e Dit\u00ebs s\u00eb Fitores e k\u00ebtij viti n\u00eb Sheshin e Kuq n\u00eb Mosk\u00eb, m\u00eb 9 maj, do t\u00eb mbahet pa pajisje ushtarake p\u00ebr her\u00eb t\u00eb par\u00eb pas shum\u00eb vitesh. Ministria ruse e Mbrojtjes e njoftoi\u00a0k\u00ebt\u00eb n\u00eb mbr\u00ebmjen e 28 prillit\u00a0.<\/p>\n\n\n\n<p>&#8220;P\u00ebr shkak t\u00eb situat\u00ebs aktuale operative, student\u00ebt nga shkollat \u200b\u200bushtarake Suvorov dhe Nakhimov, korpusi i kadet\u00ebve dhe kolona e pajisjeve ushtarake nuk do t\u00eb marrin pjes\u00eb n\u00eb parad\u00ebn ushtarake k\u00ebt\u00eb vit&#8221;, thuhet n\u00eb botim. Situata operative nuk specifikohet. Territori rus i n\u00ebnshtrohet sulmeve pothuajse t\u00eb p\u00ebrditshme nga dron\u00eb ukrainas\u00eb, numri dhe thell\u00ebsia e t\u00eb cil\u00ebve jan\u00eb rritur ndjesh\u00ebm krahasuar me vitet e m\u00ebparshme t\u00eb luft\u00ebs n\u00eb Ukrain\u00eb, kur parada e 9 majit u mbajt n\u00eb Mosk\u00eb, si n\u00eb vitet e m\u00ebparshme, me pjes\u00ebmarrjen e pajisjeve ushtarake.<\/p>\n\n\n\n<p>Ministria e Mbrojtjes njoftoi gjithashtu se &#8220;ushtarak\u00eb nga institucionet e arsimit t\u00eb lart\u00eb ushtarak t\u00eb t\u00eb gjitha deg\u00ebve dhe deg\u00ebve individuale t\u00eb Forcave t\u00eb Armatosura t\u00eb Federat\u00ebs Ruse do t\u00eb marrin pjes\u00eb n\u00eb kolon\u00ebn k\u00ebmb\u00ebsore t\u00eb parad\u00ebs&#8221; dhe se &#8220;puna e ushtarak\u00ebve nga t\u00eb gjitha deg\u00ebt dhe deg\u00ebt e Forcave t\u00eb Armatosura q\u00eb kryejn\u00eb misione n\u00eb zon\u00ebn e operacionit special ushtarak&#8221; do t\u00eb shfaqet gjat\u00eb transmetimit t\u00eb parad\u00ebs. Pritet gjithashtu nj\u00eb shfaqje ajrore me ekipe akrobatike.<\/p>\n\n\n\n<p>Komentuesit m\u00eb par\u00eb vun\u00eb re munges\u00ebn e provave t\u00eb zakonshme n\u00eb fund t\u00eb prillit p\u00ebr parad\u00ebn e Mosk\u00ebs, ku ishin t\u00eb pranishme pajisje ushtarake. U ngrit\u00ebn&nbsp;<a href=\"https:\/\/ru.euronews.com\/2026\/04\/28\/moscow-victory-parade-threat\" target=\"_blank\" rel=\"noreferrer noopener\">spekulime<\/a>&nbsp;se parada mund t\u00eb anulohej ose t\u00eb reduktohej ndjesh\u00ebm p\u00ebr shkak t\u00eb k\u00ebrc\u00ebnimeve p\u00ebr sulme ukrainase. Z\u00ebdh\u00ebn\u00ebsi i Kremlinit, Dmitry Peskov, tha se parada do t\u00eb mbahej.<\/p>\n\n\n\n<p>Ky vit sh\u00ebnon 81-vjetorin e fitores n\u00eb Luft\u00ebn e Dyt\u00eb Bot\u00ebrore. Vitin e kaluar, n\u00eb parad\u00ebn e p\u00ebrvjetorit mor\u00ebn pjes\u00eb mbi 10,000 trupa ruse, p\u00ebrfshir\u00eb mbi 1,500 nga lufta me Ukrain\u00ebn, s\u00eb bashku me ata nga disa vende t\u00eb tjera.Pjesa e mekanizuar e parad\u00ebs p\u00ebrfshinte af\u00ebrsisht 200 nj\u00ebsi pajisjesh ushtarake nga Lufta e Madhe Patriotike dhe modele moderne.<\/p>\n\n\n\n<p>Paradat e 9 majit u b\u00ebn\u00eb t\u00eb rregullta vet\u00ebm n\u00eb epok\u00ebn post-sovjetike, n\u00ebn presidenc\u00ebn e Boris Jelcinit. Gjat\u00eb presidenc\u00ebs s\u00eb Vladimir Putinit, pajisjet ushtarake filluan t\u00eb merrnin pjes\u00eb n\u00eb parad\u00eb dhe organizimi i saj filloi t&#8217;i ngjante paradave ushtarake sovjetike t\u00eb 7 n\u00ebntorit. R\u00ebnd\u00ebsi e ve\u00e7ant\u00eb iu kushtua pranis\u00eb s\u00eb personaliteteve t\u00eb huaja; k\u00ebt\u00eb vit, vet\u00ebm udh\u00ebheq\u00ebsi bjellorus Alexander Lukashenko ka konfirmuar pjes\u00ebmarrjen e tij. Kryeministri sllovak Robert Fico gjithashtu synon t\u00eb vij\u00eb n\u00eb Mosk\u00eb, por nuk planifikon t\u00eb marr\u00eb pjes\u00eb n\u00eb parad\u00eb.<\/p>\n","protected":false},"excerpt":{"rendered":"<p>Parada e Dit\u00ebs s\u00eb Fitores e k\u00ebtij viti n\u00eb Sheshin e Kuq n\u00eb Mosk\u00eb, m\u00eb 9 maj, do t\u00eb mbahet pa pajisje ushtarake p\u00ebr her\u00eb t\u00eb par\u00eb pas shum\u00eb vitesh. Ministria ruse e Mbrojtjes e njoftoi\u00a0k\u00ebt\u00eb n\u00eb mbr\u00ebmjen e 28 prillit\u00a0. &#8220;P\u00ebr shkak t\u00eb situat\u00ebs aktuale operative, student\u00ebt nga shkollat \u200b\u200bushtarake Suvorov dhe Nakhimov, korpusi [&hellip;]<\/p>\n","protected":false},"author":4,"featured_media":12419,"comment_status":"open","ping_status":"open","sticky":false,"template":"","format":"standard","meta":{"footnotes":""},"categories":[33,30],"tags":[],"class_list":{"0":"post-12418","1":"post","2":"type-post","3":"status-publish","4":"format-standard","5":"has-post-thumbnail","7":"category-bote","8":"category-lajme"},"yoast_head":"<!-- This site is optimized with the Yoast SEO plugin v27.4 - https:\/\/yoast.com\/product\/yoast-seo-wordpress\/ -->\n<title>Parada e 9 majit n\u00eb Mosk\u00eb do t\u00eb mbahet pa pajisje ushtarake - Kosova Times<\/title>\n<meta name=\"robots\" content=\"index, follow, max-snippet:-1, max-image-preview:large, max-video-preview:-1\" \/>\n<link rel=\"canonical\" href=\"https:\/\/kosovatimes.info\/index.php\/2026\/04\/29\/parada-e-9-majit-ne-moske-do-te-mbahet-pa-pajisje-ushtarake\/\" \/>\n<meta property=\"og:locale\" content=\"en_US\" \/>\n<meta property=\"og:type\" content=\"article\" \/>\n<meta property=\"og:title\" content=\"Parada e 9 majit n\u00eb Mosk\u00eb do t\u00eb mbahet pa pajisje ushtarake - Kosova Times\" \/>\n<meta property=\"og:description\" content=\"Parada e Dit\u00ebs s\u00eb Fitores e k\u00ebtij viti n\u00eb Sheshin e Kuq n\u00eb Mosk\u00eb, m\u00eb 9 maj, do t\u00eb mbahet pa pajisje ushtarake p\u00ebr her\u00eb t\u00eb par\u00eb pas shum\u00eb vitesh. Ministria ruse e Mbrojtjes e njoftoi\u00a0k\u00ebt\u00eb n\u00eb mbr\u00ebmjen e 28 prillit\u00a0. &#8220;P\u00ebr shkak t\u00eb situat\u00ebs aktuale operative, student\u00ebt nga shkollat \u200b\u200bushtarake Suvorov dhe Nakhimov, korpusi [&hellip;]\" \/>\n<meta property=\"og:url\" content=\"https:\/\/kosovatimes.info\/index.php\/2026\/04\/29\/parada-e-9-majit-ne-moske-do-te-mbahet-pa-pajisje-ushtarake\/\" \/>\n<meta property=\"og:site_name\" content=\"Kosova Times\" \/>\n<meta property=\"article:published_time\" content=\"2026-04-29T07:58:32+00:00\" \/>\n<meta property=\"article:modified_time\" content=\"2026-04-29T07:58:35+00:00\" \/>\n<meta name=\"author\" content=\"i l\" \/>\n<meta name=\"twitter:card\" content=\"summary_large_image\" \/>\n<meta name=\"twitter:label1\" content=\"Written by\" \/>\n\t<meta name=\"twitter:data1\" content=\"i l\" \/>\n\t<meta name=\"twitter:label2\" content=\"Est. reading time\" \/>\n\t<meta name=\"twitter:data2\" content=\"2 minutes\" \/>\n<script type=\"application\/ld+json\" class=\"yoast-schema-graph\">{\"@context\":\"https:\\\/\\\/schema.org\",\"@graph\":[{\"@type\":\"Article\",\"@id\":\"https:\\\/\\\/kosovatimes.info\\\/index.php\\\/2026\\\/04\\\/29\\\/parada-e-9-majit-ne-moske-do-te-mbahet-pa-pajisje-ushtarake\\\/#article\",\"isPartOf\":{\"@id\":\"https:\\\/\\\/kosovatimes.info\\\/index.php\\\/2026\\\/04\\\/29\\\/parada-e-9-majit-ne-moske-do-te-mbahet-pa-pajisje-ushtarake\\\/\"},\"author\":{\"name\":\"i l\",\"@id\":\"https:\\\/\\\/kosovatimes.info\\\/#\\\/schema\\\/person\\\/7586712b9c512fe68085de007378c915\"},\"headline\":\"Parada e 9 majit n\u00eb Mosk\u00eb do t\u00eb mbahet pa pajisje ushtarake\",\"datePublished\":\"2026-04-29T07:58:32+00:00\",\"dateModified\":\"2026-04-29T07:58:35+00:00\",\"mainEntityOfPage\":{\"@id\":\"https:\\\/\\\/kosovatimes.info\\\/index.php\\\/2026\\\/04\\\/29\\\/parada-e-9-majit-ne-moske-do-te-mbahet-pa-pajisje-ushtarake\\\/\"},\"wordCount\":478,\"commentCount\":0,\"image\":{\"@id\":\"https:\\\/\\\/kosovatimes.info\\\/index.php\\\/2026\\\/04\\\/29\\\/parada-e-9-majit-ne-moske-do-te-mbahet-pa-pajisje-ushtarake\\\/#primaryimage\"},\"thumbnailUrl\":\"https:\\\/\\\/kosovatimes.info\\\/wp-content\\\/uploads\\\/2026\\\/04\\\/Parada-Moske.avif\",\"articleSection\":[\"Bot\u00eb\",\"Lajme\"],\"inLanguage\":\"en-US\",\"potentialAction\":[{\"@type\":\"CommentAction\",\"name\":\"Comment\",\"target\":[\"https:\\\/\\\/kosovatimes.info\\\/index.php\\\/2026\\\/04\\\/29\\\/parada-e-9-majit-ne-moske-do-te-mbahet-pa-pajisje-ushtarake\\\/#respond\"]}]},{\"@type\":\"WebPage\",\"@id\":\"https:\\\/\\\/kosovatimes.info\\\/index.php\\\/2026\\\/04\\\/29\\\/parada-e-9-majit-ne-moske-do-te-mbahet-pa-pajisje-ushtarake\\\/\",\"url\":\"https:\\\/\\\/kosovatimes.info\\\/index.php\\\/2026\\\/04\\\/29\\\/parada-e-9-majit-ne-moske-do-te-mbahet-pa-pajisje-ushtarake\\\/\",\"name\":\"Parada e 9 majit n\u00eb Mosk\u00eb do t\u00eb mbahet pa pajisje ushtarake - Kosova Times\",\"isPartOf\":{\"@id\":\"https:\\\/\\\/kosovatimes.info\\\/#website\"},\"primaryImageOfPage\":{\"@id\":\"https:\\\/\\\/kosovatimes.info\\\/index.php\\\/2026\\\/04\\\/29\\\/parada-e-9-majit-ne-moske-do-te-mbahet-pa-pajisje-ushtarake\\\/#primaryimage\"},\"image\":{\"@id\":\"https:\\\/\\\/kosovatimes.info\\\/index.php\\\/2026\\\/04\\\/29\\\/parada-e-9-majit-ne-moske-do-te-mbahet-pa-pajisje-ushtarake\\\/#primaryimage\"},\"thumbnailUrl\":\"https:\\\/\\\/kosovatimes.info\\\/wp-content\\\/uploads\\\/2026\\\/04\\\/Parada-Moske.avif\",\"datePublished\":\"2026-04-29T07:58:32+00:00\",\"dateModified\":\"2026-04-29T07:58:35+00:00\",\"author\":{\"@id\":\"https:\\\/\\\/kosovatimes.info\\\/#\\\/schema\\\/person\\\/7586712b9c512fe68085de007378c915\"},\"breadcrumb\":{\"@id\":\"https:\\\/\\\/kosovatimes.info\\\/index.php\\\/2026\\\/04\\\/29\\\/parada-e-9-majit-ne-moske-do-te-mbahet-pa-pajisje-ushtarake\\\/#breadcrumb\"},\"inLanguage\":\"en-US\",\"potentialAction\":[{\"@type\":\"ReadAction\",\"target\":[\"https:\\\/\\\/kosovatimes.info\\\/index.php\\\/2026\\\/04\\\/29\\\/parada-e-9-majit-ne-moske-do-te-mbahet-pa-pajisje-ushtarake\\\/\"]}]},{\"@type\":\"ImageObject\",\"inLanguage\":\"en-US\",\"@id\":\"https:\\\/\\\/kosovatimes.info\\\/index.php\\\/2026\\\/04\\\/29\\\/parada-e-9-majit-ne-moske-do-te-mbahet-pa-pajisje-ushtarake\\\/#primaryimage\",\"url\":\"https:\\\/\\\/kosovatimes.info\\\/wp-content\\\/uploads\\\/2026\\\/04\\\/Parada-Moske.avif\",\"contentUrl\":\"https:\\\/\\\/kosovatimes.info\\\/wp-content\\\/uploads\\\/2026\\\/04\\\/Parada-Moske.avif\",\"width\":1023,\"height\":575},{\"@type\":\"BreadcrumbList\",\"@id\":\"https:\\\/\\\/kosovatimes.info\\\/index.php\\\/2026\\\/04\\\/29\\\/parada-e-9-majit-ne-moske-do-te-mbahet-pa-pajisje-ushtarake\\\/#breadcrumb\",\"itemListElement\":[{\"@type\":\"ListItem\",\"position\":1,\"name\":\"Home\",\"item\":\"https:\\\/\\\/kosovatimes.info\\\/\"},{\"@type\":\"ListItem\",\"position\":2,\"name\":\"Parada e 9 majit n\u00eb Mosk\u00eb do t\u00eb mbahet pa pajisje ushtarake\"}]},{\"@type\":\"WebSite\",\"@id\":\"https:\\\/\\\/kosovatimes.info\\\/#website\",\"url\":\"https:\\\/\\\/kosovatimes.info\\\/\",\"name\":\"Kosova Times\",\"description\":\"\",\"potentialAction\":[{\"@type\":\"SearchAction\",\"target\":{\"@type\":\"EntryPoint\",\"urlTemplate\":\"https:\\\/\\\/kosovatimes.info\\\/?s={search_term_string}\"},\"query-input\":{\"@type\":\"PropertyValueSpecification\",\"valueRequired\":true,\"valueName\":\"search_term_string\"}}],\"inLanguage\":\"en-US\"},{\"@type\":\"Person\",\"@id\":\"https:\\\/\\\/kosovatimes.info\\\/#\\\/schema\\\/person\\\/7586712b9c512fe68085de007378c915\",\"name\":\"i l\",\"image\":{\"@type\":\"ImageObject\",\"inLanguage\":\"en-US\",\"@id\":\"https:\\\/\\\/secure.gravatar.com\\\/avatar\\\/bad9296e02816160ae2e2435beda58222022298d5625d49fea74d18816fbb31d?s=96&d=mm&r=g\",\"url\":\"https:\\\/\\\/secure.gravatar.com\\\/avatar\\\/bad9296e02816160ae2e2435beda58222022298d5625d49fea74d18816fbb31d?s=96&d=mm&r=g\",\"contentUrl\":\"https:\\\/\\\/secure.gravatar.com\\\/avatar\\\/bad9296e02816160ae2e2435beda58222022298d5625d49fea74d18816fbb31d?s=96&d=mm&r=g\",\"caption\":\"i l\"},\"url\":\"https:\\\/\\\/kosovatimes.info\\\/index.php\\\/author\\\/iliri\\\/\"}]}<\/script>\n<!-- \/ Yoast SEO plugin. -->","yoast_head_json":{"title":"Parada e 9 majit n\u00eb Mosk\u00eb do t\u00eb mbahet pa pajisje ushtarake - Kosova Times","robots":{"index":"index","follow":"follow","max-snippet":"max-snippet:-1","max-image-preview":"max-image-preview:large","max-video-preview":"max-video-preview:-1"},"canonical":"https:\/\/kosovatimes.info\/index.php\/2026\/04\/29\/parada-e-9-majit-ne-moske-do-te-mbahet-pa-pajisje-ushtarake\/","og_locale":"en_US","og_type":"article","og_title":"Parada e 9 majit n\u00eb Mosk\u00eb do t\u00eb mbahet pa pajisje ushtarake - Kosova Times","og_description":"Parada e Dit\u00ebs s\u00eb Fitores e k\u00ebtij viti n\u00eb Sheshin e Kuq n\u00eb Mosk\u00eb, m\u00eb 9 maj, do t\u00eb mbahet pa pajisje ushtarake p\u00ebr her\u00eb t\u00eb par\u00eb pas shum\u00eb vitesh. Ministria ruse e Mbrojtjes e njoftoi\u00a0k\u00ebt\u00eb n\u00eb mbr\u00ebmjen e 28 prillit\u00a0. &#8220;P\u00ebr shkak t\u00eb situat\u00ebs aktuale operative, student\u00ebt nga shkollat \u200b\u200bushtarake Suvorov dhe Nakhimov, korpusi [&hellip;]","og_url":"https:\/\/kosovatimes.info\/index.php\/2026\/04\/29\/parada-e-9-majit-ne-moske-do-te-mbahet-pa-pajisje-ushtarake\/","og_site_name":"Kosova Times","article_published_time":"2026-04-29T07:58:32+00:00","article_modified_time":"2026-04-29T07:58:35+00:00","author":"i l","twitter_card":"summary_large_image","twitter_misc":{"Written by":"i l","Est. reading time":"2 minutes"},"schema":{"@context":"https:\/\/schema.org","@graph":[{"@type":"Article","@id":"https:\/\/kosovatimes.info\/index.php\/2026\/04\/29\/parada-e-9-majit-ne-moske-do-te-mbahet-pa-pajisje-ushtarake\/#article","isPartOf":{"@id":"https:\/\/kosovatimes.info\/index.php\/2026\/04\/29\/parada-e-9-majit-ne-moske-do-te-mbahet-pa-pajisje-ushtarake\/"},"author":{"name":"i l","@id":"https:\/\/kosovatimes.info\/#\/schema\/person\/7586712b9c512fe68085de007378c915"},"headline":"Parada e 9 majit n\u00eb Mosk\u00eb do t\u00eb mbahet pa pajisje ushtarake","datePublished":"2026-04-29T07:58:32+00:00","dateModified":"2026-04-29T07:58:35+00:00","mainEntityOfPage":{"@id":"https:\/\/kosovatimes.info\/index.php\/2026\/04\/29\/parada-e-9-majit-ne-moske-do-te-mbahet-pa-pajisje-ushtarake\/"},"wordCount":478,"commentCount":0,"image":{"@id":"https:\/\/kosovatimes.info\/index.php\/2026\/04\/29\/parada-e-9-majit-ne-moske-do-te-mbahet-pa-pajisje-ushtarake\/#primaryimage"},"thumbnailUrl":"https:\/\/kosovatimes.info\/wp-content\/uploads\/2026\/04\/Parada-Moske.avif","articleSection":["Bot\u00eb","Lajme"],"inLanguage":"en-US","potentialAction":[{"@type":"CommentAction","name":"Comment","target":["https:\/\/kosovatimes.info\/index.php\/2026\/04\/29\/parada-e-9-majit-ne-moske-do-te-mbahet-pa-pajisje-ushtarake\/#respond"]}]},{"@type":"WebPage","@id":"https:\/\/kosovatimes.info\/index.php\/2026\/04\/29\/parada-e-9-majit-ne-moske-do-te-mbahet-pa-pajisje-ushtarake\/","url":"https:\/\/kosovatimes.info\/index.php\/2026\/04\/29\/parada-e-9-majit-ne-moske-do-te-mbahet-pa-pajisje-ushtarake\/","name":"Parada e 9 majit n\u00eb Mosk\u00eb do t\u00eb mbahet pa pajisje ushtarake - Kosova Times","isPartOf":{"@id":"https:\/\/kosovatimes.info\/#website"},"primaryImageOfPage":{"@id":"https:\/\/kosovatimes.info\/index.php\/2026\/04\/29\/parada-e-9-majit-ne-moske-do-te-mbahet-pa-pajisje-ushtarake\/#primaryimage"},"image":{"@id":"https:\/\/kosovatimes.info\/index.php\/2026\/04\/29\/parada-e-9-majit-ne-moske-do-te-mbahet-pa-pajisje-ushtarake\/#primaryimage"},"thumbnailUrl":"https:\/\/kosovatimes.info\/wp-content\/uploads\/2026\/04\/Parada-Moske.avif","datePublished":"2026-04-29T07:58:32+00:00","dateModified":"2026-04-29T07:58:35+00:00","author":{"@id":"https:\/\/kosovatimes.info\/#\/schema\/person\/7586712b9c512fe68085de007378c915"},"breadcrumb":{"@id":"https:\/\/kosovatimes.info\/index.php\/2026\/04\/29\/parada-e-9-majit-ne-moske-do-te-mbahet-pa-pajisje-ushtarake\/#breadcrumb"},"inLanguage":"en-US","potentialAction":[{"@type":"ReadAction","target":["https:\/\/kosovatimes.info\/index.php\/2026\/04\/29\/parada-e-9-majit-ne-moske-do-te-mbahet-pa-pajisje-ushtarake\/"]}]},{"@type":"ImageObject","inLanguage":"en-US","@id":"https:\/\/kosovatimes.info\/index.php\/2026\/04\/29\/parada-e-9-majit-ne-moske-do-te-mbahet-pa-pajisje-ushtarake\/#primaryimage","url":"https:\/\/kosovatimes.info\/wp-content\/uploads\/2026\/04\/Parada-Moske.avif","contentUrl":"https:\/\/kosovatimes.info\/wp-content\/uploads\/2026\/04\/Parada-Moske.avif","width":1023,"height":575},{"@type":"BreadcrumbList","@id":"https:\/\/kosovatimes.info\/index.php\/2026\/04\/29\/parada-e-9-majit-ne-moske-do-te-mbahet-pa-pajisje-ushtarake\/#breadcrumb","itemListElement":[{"@type":"ListItem","position":1,"name":"Home","item":"https:\/\/kosovatimes.info\/"},{"@type":"ListItem","position":2,"name":"Parada e 9 majit n\u00eb Mosk\u00eb do t\u00eb mbahet pa pajisje ushtarake"}]},{"@type":"WebSite","@id":"https:\/\/kosovatimes.info\/#website","url":"https:\/\/kosovatimes.info\/","name":"Kosova Times","description":"","potentialAction":[{"@type":"SearchAction","target":{"@type":"EntryPoint","urlTemplate":"https:\/\/kosovatimes.info\/?s={search_term_string}"},"query-input":{"@type":"PropertyValueSpecification","valueRequired":true,"valueName":"search_term_string"}}],"inLanguage":"en-US"},{"@type":"Person","@id":"https:\/\/kosovatimes.info\/#\/schema\/person\/7586712b9c512fe68085de007378c915","name":"i l","image":{"@type":"ImageObject","inLanguage":"en-US","@id":"https:\/\/secure.gravatar.com\/avatar\/bad9296e02816160ae2e2435beda58222022298d5625d49fea74d18816fbb31d?s=96&d=mm&r=g","url":"https:\/\/secure.gravatar.com\/avatar\/bad9296e02816160ae2e2435beda58222022298d5625d49fea74d18816fbb31d?s=96&d=mm&r=g","contentUrl":"https:\/\/secure.gravatar.com\/avatar\/bad9296e02816160ae2e2435beda58222022298d5625d49fea74d18816fbb31d?s=96&d=mm&r=g","caption":"i l"},"url":"https:\/\/kosovatimes.info\/index.php\/author\/iliri\/"}]}},"_links":{"self":[{"href":"https:\/\/kosovatimes.info\/index.php\/wp-json\/wp\/v2\/posts\/12418","targetHints":{"allow":["GET"]}}],"collection":[{"href":"https:\/\/kosovatimes.info\/index.php\/wp-json\/wp\/v2\/posts"}],"about":[{"href":"https:\/\/kosovatimes.info\/index.php\/wp-json\/wp\/v2\/types\/post"}],"author":[{"embeddable":true,"href":"https:\/\/kosovatimes.info\/index.php\/wp-json\/wp\/v2\/users\/4"}],"replies":[{"embeddable":true,"href":"https:\/\/kosovatimes.info\/index.php\/wp-json\/wp\/v2\/comments?post=12418"}],"version-history":[{"count":1,"href":"https:\/\/kosovatimes.info\/index.php\/wp-json\/wp\/v2\/posts\/12418\/revisions"}],"predecessor-version":[{"id":12420,"href":"https:\/\/kosovatimes.info\/index.php\/wp-json\/wp\/v2\/posts\/12418\/revisions\/12420"}],"wp:featuredmedia":[{"embeddable":true,"href":"https:\/\/kosovatimes.info\/index.php\/wp-json\/wp\/v2\/media\/12419"}],"wp:attachment":[{"href":"https:\/\/kosovatimes.info\/index.php\/wp-json\/wp\/v2\/media?parent=12418"}],"wp:term":[{"taxonomy":"category","embeddable":true,"href":"https:\/\/kosovatimes.info\/index.php\/wp-json\/wp\/v2\/categories?post=12418"},{"taxonomy":"post_tag","embeddable":true,"href":"https:\/\/kosovatimes.info\/index.php\/wp-json\/wp\/v2\/tags?post=12418"}],"curies":[{"name":"wp","href":"https:\/\/api.w.org\/{rel}","templated":true}]}}