{"id":12424,"date":"2026-04-29T10:05:54","date_gmt":"2026-04-29T08:05:54","guid":{"rendered":"https:\/\/kosovatimes.info\/?p=12424"},"modified":"2026-04-29T10:05:57","modified_gmt":"2026-04-29T08:05:57","slug":"pergjegjesi-rus-i-departamentin-per-konfiskimin-e-bagetive-nga-banoret-u-gjet-i-vdekur","status":"publish","type":"post","link":"https:\/\/kosovatimes.info\/index.php\/2026\/04\/29\/pergjegjesi-rus-i-departamentin-per-konfiskimin-e-bagetive-nga-banoret-u-gjet-i-vdekur\/","title":{"rendered":"P\u00ebrgjegj\u00ebsi rus i departamentin p\u00ebr konfiskimin e bag\u00ebtive nga banor\u00ebt u gjet i vdekur"},"content":{"rendered":"\n<p>Sergei Tur, kreu i nj\u00eb departamenti n\u00eb departamentin veterinar rajonal, \u00ebsht\u00eb gjetur i vdekur n\u00eb rajonin e Novosibirskit. Kjo&nbsp;<a href=\"https:\/\/t.me\/Sib_EXpress\/72550\" rel=\"noreferrer noopener\" target=\"_blank\">u raportua nga<\/a>&nbsp;gazeta Siberian Express, duke cituar nj\u00eb burim, dhe&nbsp;&nbsp;<a href=\"https:\/\/ngs.ru\/text\/criminal\/2026\/04\/29\/76392405\/\" rel=\"noreferrer noopener\" target=\"_blank\">u konfirmua nga<\/a>&nbsp;gruaja e Tur, Elena.&nbsp;<\/p>\n\n\n\n<p>43-vje\u00e7ari Sergei Tur drejtonte departamentin p\u00ebr organizimin e masave anti-epidemike dhe karantin\u00eb n\u00eb Departamentin Veterinar t\u00eb Rajonit t\u00eb Novosibirskit. Nj\u00eb burim i tha Sibirsky Express se burri u gjet n\u00eb makin\u00ebn e tij me nj\u00eb plag\u00eb t\u00eb shkaktuar nga arma e zjarrit. Nj\u00eb teori sugjeron se ai mund t\u00eb ket\u00eb kryer vet\u00ebvrasje. Hetimet n\u00eb departament kishin filluar pak para incidentit.&nbsp;<\/p>\n\n\n\n<p>Gruaja e Tourit, Elena, deklaroi se &#8220;zemra e tij d\u00ebshtoi&#8221;. Pak para vdekjes s\u00eb tij, ai shkoi n\u00eb pushim mjek\u00ebsor.&nbsp;<\/p>\n\n\n\n<p>&#8220;\u00cbsht\u00eb e lidhur me pun\u00ebn, e lidhur drejtp\u00ebrdrejt. \u00cbsht\u00eb nj\u00eb tendosje e madhe mendore dhe fizike, nj\u00eb p\u00ebrgjegj\u00ebsi e madhe. Ai shkoi n\u00eb pushim mjek\u00ebsor dhe kjo \u00ebsht\u00eb ajo q\u00eb ndodhi. Dje, erdh\u00ebn si hetuesit ashtu edhe oficeri i policis\u00eb lokale&#8221;, tha ajo p\u00ebr NGS.&nbsp;<\/p>\n\n\n\n<p>Interfax, duke cituar agjencit\u00eb e zbatimit t\u00eb ligjit ,&nbsp;<a href=\"https:\/\/www.interfax-russia.ru\/siberia\/news\/skonchalsya-glava-protivoepizooticheskogo-otdela-upravleniya-veterinarii-novosibirskoy-oblasti\" rel=\"noreferrer noopener\" target=\"_blank\">raporton<\/a>&nbsp;se po zhvillohet nj\u00eb hetim p\u00ebr vdekjen e Turit.&nbsp;<\/p>\n\n\n\n<p>Agjencia dhe Siberian Express v\u00ebn\u00eb n\u00eb dukje se departamenti i kryesuar nga Tur ishte p\u00ebrgjegj\u00ebs, nd\u00ebr t\u00eb tjera, p\u00ebr organizimin e karantinave dhe konfiskimin e bag\u00ebtive n\u00eb zonat e rajonit t\u00eb Novosibirsk ku, sipas autoriteteve, kishte ndodhur nj\u00eb shp\u00ebrthim i pastereloz\u00ebs.<\/p>\n\n\n\n<p>Q\u00eb nga shkurti, fermer\u00ebt n\u00eb rajonin e Novosibirskit kan\u00eb konfiskuar dhe therur bag\u00ebtin\u00eb e tyre. Autoritetet p\u00ebrmend\u00ebn shp\u00ebrthimet e t\u00ebrbimit dhe pasteurelloz\u00ebs si shkaktar\u00eb. Fermer\u00ebt raportuan se nuk u ishte dh\u00ebn\u00eb asnj\u00eb dokumentacion kur kafsh\u00ebt u konfiskuan dhe nuk mund t\u00eb shpjegonin qart\u00eb arsyen e veprimeve t\u00eb tilla. N\u00eb shenj\u00eb proteste, banor\u00ebt e disa fshatrave&nbsp;<a href=\"https:\/\/meduza.io\/feature\/2026\/03\/13\/v-novosibirskoy-oblasti-protesty-iz-za-massovogo-zaboya-skota\" rel=\"noreferrer noopener\" target=\"_blank\">&nbsp;bllokuan rrug\u00ebt<\/a>&nbsp;dhe regjistruan nj\u00eb let\u00ebr drejtuar Vladimir Putinit. Deri m\u00eb 20 mars, zyrtar\u00ebt e Novosibirskit&nbsp;&nbsp;<a href=\"https:\/\/meduza.io\/news\/2026\/03\/20\/vlasti-novosibirskoy-oblasti-zayavili-chto-prekraschayut-izymat-skot-u-fermerov\" rel=\"noreferrer noopener\" target=\"_blank\">njoftuan<\/a>&nbsp;se konfiskimi i detyruar i bag\u00ebtive p\u00ebr shkak t\u00eb shp\u00ebrthimit t\u00eb pasteurelloz\u00ebs po mbaronte. Rosselkhoznadzor (Sh\u00ebrbimi Federal p\u00ebr Mbik\u00ebqyrjen Veterinare dhe Fitosanitare)&nbsp;<a href=\"https:\/\/meduza.io\/news\/2026\/04\/08\/rosselhoznadzor-ob-yasnil-massovoe-zabolevanie-skota-v-novosibirskoy-oblasti-sredi-prichin-oshibki-vlastey\" rel=\"noreferrer noopener\" target=\"_blank\">raportoi<\/a>&nbsp;m\u00eb von\u00eb se shp\u00ebrthimi masiv ishte p\u00ebr shkak t\u00eb gabimeve qeveritare, formave atipike t\u00eb pasteurelloz\u00ebs dhe kushteve t\u00eb motit.<\/p>\n","protected":false},"excerpt":{"rendered":"<p>Sergei Tur, kreu i nj\u00eb departamenti n\u00eb departamentin veterinar rajonal, \u00ebsht\u00eb gjetur i vdekur n\u00eb rajonin e Novosibirskit. Kjo&nbsp;u raportua nga&nbsp;gazeta Siberian Express, duke cituar nj\u00eb burim, dhe&nbsp;&nbsp;u konfirmua nga&nbsp;gruaja e Tur, Elena.&nbsp; 43-vje\u00e7ari Sergei Tur drejtonte departamentin p\u00ebr organizimin e masave anti-epidemike dhe karantin\u00eb n\u00eb Departamentin Veterinar t\u00eb Rajonit t\u00eb Novosibirskit. Nj\u00eb burim i [&hellip;]<\/p>\n","protected":false},"author":4,"featured_media":12425,"comment_status":"open","ping_status":"open","sticky":false,"template":"","format":"standard","meta":{"footnotes":""},"categories":[33,30],"tags":[],"class_list":{"0":"post-12424","1":"post","2":"type-post","3":"status-publish","4":"format-standard","5":"has-post-thumbnail","7":"category-bote","8":"category-lajme"},"yoast_head":"<!-- This site is optimized with the Yoast SEO plugin v27.4 - https:\/\/yoast.com\/product\/yoast-seo-wordpress\/ -->\n<title>P\u00ebrgjegj\u00ebsi rus i departamentin p\u00ebr konfiskimin e bag\u00ebtive nga banor\u00ebt u gjet i vdekur - Kosova Times<\/title>\n<meta name=\"robots\" content=\"index, follow, max-snippet:-1, max-image-preview:large, max-video-preview:-1\" \/>\n<link rel=\"canonical\" href=\"https:\/\/kosovatimes.info\/index.php\/2026\/04\/29\/pergjegjesi-rus-i-departamentin-per-konfiskimin-e-bagetive-nga-banoret-u-gjet-i-vdekur\/\" \/>\n<meta property=\"og:locale\" content=\"en_US\" \/>\n<meta property=\"og:type\" content=\"article\" \/>\n<meta property=\"og:title\" content=\"P\u00ebrgjegj\u00ebsi rus i departamentin p\u00ebr konfiskimin e bag\u00ebtive nga banor\u00ebt u gjet i vdekur - Kosova Times\" \/>\n<meta property=\"og:description\" content=\"Sergei Tur, kreu i nj\u00eb departamenti n\u00eb departamentin veterinar rajonal, \u00ebsht\u00eb gjetur i vdekur n\u00eb rajonin e Novosibirskit. Kjo&nbsp;u raportua nga&nbsp;gazeta Siberian Express, duke cituar nj\u00eb burim, dhe&nbsp;&nbsp;u konfirmua nga&nbsp;gruaja e Tur, Elena.&nbsp; 43-vje\u00e7ari Sergei Tur drejtonte departamentin p\u00ebr organizimin e masave anti-epidemike dhe karantin\u00eb n\u00eb Departamentin Veterinar t\u00eb Rajonit t\u00eb Novosibirskit. Nj\u00eb burim i [&hellip;]\" \/>\n<meta property=\"og:url\" content=\"https:\/\/kosovatimes.info\/index.php\/2026\/04\/29\/pergjegjesi-rus-i-departamentin-per-konfiskimin-e-bagetive-nga-banoret-u-gjet-i-vdekur\/\" \/>\n<meta property=\"og:site_name\" content=\"Kosova Times\" \/>\n<meta property=\"article:published_time\" content=\"2026-04-29T08:05:54+00:00\" \/>\n<meta property=\"article:modified_time\" content=\"2026-04-29T08:05:57+00:00\" \/>\n<meta property=\"og:image\" content=\"https:\/\/kosovatimes.info\/wp-content\/uploads\/2026\/04\/rusi-i-vdekur.jpeg\" \/>\n\t<meta property=\"og:image:width\" content=\"306\" \/>\n\t<meta property=\"og:image:height\" content=\"165\" \/>\n\t<meta property=\"og:image:type\" content=\"image\/jpeg\" \/>\n<meta name=\"author\" content=\"i l\" \/>\n<meta name=\"twitter:card\" content=\"summary_large_image\" \/>\n<meta name=\"twitter:label1\" content=\"Written by\" \/>\n\t<meta name=\"twitter:data1\" content=\"i l\" \/>\n\t<meta name=\"twitter:label2\" content=\"Est. reading time\" \/>\n\t<meta name=\"twitter:data2\" content=\"2 minutes\" \/>\n<script type=\"application\/ld+json\" class=\"yoast-schema-graph\">{\"@context\":\"https:\\\/\\\/schema.org\",\"@graph\":[{\"@type\":\"Article\",\"@id\":\"https:\\\/\\\/kosovatimes.info\\\/index.php\\\/2026\\\/04\\\/29\\\/pergjegjesi-rus-i-departamentin-per-konfiskimin-e-bagetive-nga-banoret-u-gjet-i-vdekur\\\/#article\",\"isPartOf\":{\"@id\":\"https:\\\/\\\/kosovatimes.info\\\/index.php\\\/2026\\\/04\\\/29\\\/pergjegjesi-rus-i-departamentin-per-konfiskimin-e-bagetive-nga-banoret-u-gjet-i-vdekur\\\/\"},\"author\":{\"name\":\"i l\",\"@id\":\"https:\\\/\\\/kosovatimes.info\\\/#\\\/schema\\\/person\\\/7586712b9c512fe68085de007378c915\"},\"headline\":\"P\u00ebrgjegj\u00ebsi rus i departamentin p\u00ebr konfiskimin e bag\u00ebtive nga banor\u00ebt u gjet i vdekur\",\"datePublished\":\"2026-04-29T08:05:54+00:00\",\"dateModified\":\"2026-04-29T08:05:57+00:00\",\"mainEntityOfPage\":{\"@id\":\"https:\\\/\\\/kosovatimes.info\\\/index.php\\\/2026\\\/04\\\/29\\\/pergjegjesi-rus-i-departamentin-per-konfiskimin-e-bagetive-nga-banoret-u-gjet-i-vdekur\\\/\"},\"wordCount\":419,\"commentCount\":0,\"image\":{\"@id\":\"https:\\\/\\\/kosovatimes.info\\\/index.php\\\/2026\\\/04\\\/29\\\/pergjegjesi-rus-i-departamentin-per-konfiskimin-e-bagetive-nga-banoret-u-gjet-i-vdekur\\\/#primaryimage\"},\"thumbnailUrl\":\"https:\\\/\\\/kosovatimes.info\\\/wp-content\\\/uploads\\\/2026\\\/04\\\/rusi-i-vdekur.jpeg\",\"articleSection\":[\"Bot\u00eb\",\"Lajme\"],\"inLanguage\":\"en-US\",\"potentialAction\":[{\"@type\":\"CommentAction\",\"name\":\"Comment\",\"target\":[\"https:\\\/\\\/kosovatimes.info\\\/index.php\\\/2026\\\/04\\\/29\\\/pergjegjesi-rus-i-departamentin-per-konfiskimin-e-bagetive-nga-banoret-u-gjet-i-vdekur\\\/#respond\"]}]},{\"@type\":\"WebPage\",\"@id\":\"https:\\\/\\\/kosovatimes.info\\\/index.php\\\/2026\\\/04\\\/29\\\/pergjegjesi-rus-i-departamentin-per-konfiskimin-e-bagetive-nga-banoret-u-gjet-i-vdekur\\\/\",\"url\":\"https:\\\/\\\/kosovatimes.info\\\/index.php\\\/2026\\\/04\\\/29\\\/pergjegjesi-rus-i-departamentin-per-konfiskimin-e-bagetive-nga-banoret-u-gjet-i-vdekur\\\/\",\"name\":\"P\u00ebrgjegj\u00ebsi rus i departamentin p\u00ebr konfiskimin e bag\u00ebtive nga banor\u00ebt u gjet i vdekur - Kosova Times\",\"isPartOf\":{\"@id\":\"https:\\\/\\\/kosovatimes.info\\\/#website\"},\"primaryImageOfPage\":{\"@id\":\"https:\\\/\\\/kosovatimes.info\\\/index.php\\\/2026\\\/04\\\/29\\\/pergjegjesi-rus-i-departamentin-per-konfiskimin-e-bagetive-nga-banoret-u-gjet-i-vdekur\\\/#primaryimage\"},\"image\":{\"@id\":\"https:\\\/\\\/kosovatimes.info\\\/index.php\\\/2026\\\/04\\\/29\\\/pergjegjesi-rus-i-departamentin-per-konfiskimin-e-bagetive-nga-banoret-u-gjet-i-vdekur\\\/#primaryimage\"},\"thumbnailUrl\":\"https:\\\/\\\/kosovatimes.info\\\/wp-content\\\/uploads\\\/2026\\\/04\\\/rusi-i-vdekur.jpeg\",\"datePublished\":\"2026-04-29T08:05:54+00:00\",\"dateModified\":\"2026-04-29T08:05:57+00:00\",\"author\":{\"@id\":\"https:\\\/\\\/kosovatimes.info\\\/#\\\/schema\\\/person\\\/7586712b9c512fe68085de007378c915\"},\"breadcrumb\":{\"@id\":\"https:\\\/\\\/kosovatimes.info\\\/index.php\\\/2026\\\/04\\\/29\\\/pergjegjesi-rus-i-departamentin-per-konfiskimin-e-bagetive-nga-banoret-u-gjet-i-vdekur\\\/#breadcrumb\"},\"inLanguage\":\"en-US\",\"potentialAction\":[{\"@type\":\"ReadAction\",\"target\":[\"https:\\\/\\\/kosovatimes.info\\\/index.php\\\/2026\\\/04\\\/29\\\/pergjegjesi-rus-i-departamentin-per-konfiskimin-e-bagetive-nga-banoret-u-gjet-i-vdekur\\\/\"]}]},{\"@type\":\"ImageObject\",\"inLanguage\":\"en-US\",\"@id\":\"https:\\\/\\\/kosovatimes.info\\\/index.php\\\/2026\\\/04\\\/29\\\/pergjegjesi-rus-i-departamentin-per-konfiskimin-e-bagetive-nga-banoret-u-gjet-i-vdekur\\\/#primaryimage\",\"url\":\"https:\\\/\\\/kosovatimes.info\\\/wp-content\\\/uploads\\\/2026\\\/04\\\/rusi-i-vdekur.jpeg\",\"contentUrl\":\"https:\\\/\\\/kosovatimes.info\\\/wp-content\\\/uploads\\\/2026\\\/04\\\/rusi-i-vdekur.jpeg\",\"width\":306,\"height\":165},{\"@type\":\"BreadcrumbList\",\"@id\":\"https:\\\/\\\/kosovatimes.info\\\/index.php\\\/2026\\\/04\\\/29\\\/pergjegjesi-rus-i-departamentin-per-konfiskimin-e-bagetive-nga-banoret-u-gjet-i-vdekur\\\/#breadcrumb\",\"itemListElement\":[{\"@type\":\"ListItem\",\"position\":1,\"name\":\"Home\",\"item\":\"https:\\\/\\\/kosovatimes.info\\\/\"},{\"@type\":\"ListItem\",\"position\":2,\"name\":\"P\u00ebrgjegj\u00ebsi rus i departamentin p\u00ebr konfiskimin e bag\u00ebtive nga banor\u00ebt u gjet i vdekur\"}]},{\"@type\":\"WebSite\",\"@id\":\"https:\\\/\\\/kosovatimes.info\\\/#website\",\"url\":\"https:\\\/\\\/kosovatimes.info\\\/\",\"name\":\"Kosova Times\",\"description\":\"\",\"potentialAction\":[{\"@type\":\"SearchAction\",\"target\":{\"@type\":\"EntryPoint\",\"urlTemplate\":\"https:\\\/\\\/kosovatimes.info\\\/?s={search_term_string}\"},\"query-input\":{\"@type\":\"PropertyValueSpecification\",\"valueRequired\":true,\"valueName\":\"search_term_string\"}}],\"inLanguage\":\"en-US\"},{\"@type\":\"Person\",\"@id\":\"https:\\\/\\\/kosovatimes.info\\\/#\\\/schema\\\/person\\\/7586712b9c512fe68085de007378c915\",\"name\":\"i l\",\"image\":{\"@type\":\"ImageObject\",\"inLanguage\":\"en-US\",\"@id\":\"https:\\\/\\\/secure.gravatar.com\\\/avatar\\\/bad9296e02816160ae2e2435beda58222022298d5625d49fea74d18816fbb31d?s=96&d=mm&r=g\",\"url\":\"https:\\\/\\\/secure.gravatar.com\\\/avatar\\\/bad9296e02816160ae2e2435beda58222022298d5625d49fea74d18816fbb31d?s=96&d=mm&r=g\",\"contentUrl\":\"https:\\\/\\\/secure.gravatar.com\\\/avatar\\\/bad9296e02816160ae2e2435beda58222022298d5625d49fea74d18816fbb31d?s=96&d=mm&r=g\",\"caption\":\"i l\"},\"url\":\"https:\\\/\\\/kosovatimes.info\\\/index.php\\\/author\\\/iliri\\\/\"}]}<\/script>\n<!-- \/ Yoast SEO plugin. -->","yoast_head_json":{"title":"P\u00ebrgjegj\u00ebsi rus i departamentin p\u00ebr konfiskimin e bag\u00ebtive nga banor\u00ebt u gjet i vdekur - Kosova Times","robots":{"index":"index","follow":"follow","max-snippet":"max-snippet:-1","max-image-preview":"max-image-preview:large","max-video-preview":"max-video-preview:-1"},"canonical":"https:\/\/kosovatimes.info\/index.php\/2026\/04\/29\/pergjegjesi-rus-i-departamentin-per-konfiskimin-e-bagetive-nga-banoret-u-gjet-i-vdekur\/","og_locale":"en_US","og_type":"article","og_title":"P\u00ebrgjegj\u00ebsi rus i departamentin p\u00ebr konfiskimin e bag\u00ebtive nga banor\u00ebt u gjet i vdekur - Kosova Times","og_description":"Sergei Tur, kreu i nj\u00eb departamenti n\u00eb departamentin veterinar rajonal, \u00ebsht\u00eb gjetur i vdekur n\u00eb rajonin e Novosibirskit. Kjo&nbsp;u raportua nga&nbsp;gazeta Siberian Express, duke cituar nj\u00eb burim, dhe&nbsp;&nbsp;u konfirmua nga&nbsp;gruaja e Tur, Elena.&nbsp; 43-vje\u00e7ari Sergei Tur drejtonte departamentin p\u00ebr organizimin e masave anti-epidemike dhe karantin\u00eb n\u00eb Departamentin Veterinar t\u00eb Rajonit t\u00eb Novosibirskit. Nj\u00eb burim i [&hellip;]","og_url":"https:\/\/kosovatimes.info\/index.php\/2026\/04\/29\/pergjegjesi-rus-i-departamentin-per-konfiskimin-e-bagetive-nga-banoret-u-gjet-i-vdekur\/","og_site_name":"Kosova Times","article_published_time":"2026-04-29T08:05:54+00:00","article_modified_time":"2026-04-29T08:05:57+00:00","og_image":[{"width":306,"height":165,"url":"https:\/\/kosovatimes.info\/wp-content\/uploads\/2026\/04\/rusi-i-vdekur.jpeg","type":"image\/jpeg"}],"author":"i l","twitter_card":"summary_large_image","twitter_misc":{"Written by":"i l","Est. reading time":"2 minutes"},"schema":{"@context":"https:\/\/schema.org","@graph":[{"@type":"Article","@id":"https:\/\/kosovatimes.info\/index.php\/2026\/04\/29\/pergjegjesi-rus-i-departamentin-per-konfiskimin-e-bagetive-nga-banoret-u-gjet-i-vdekur\/#article","isPartOf":{"@id":"https:\/\/kosovatimes.info\/index.php\/2026\/04\/29\/pergjegjesi-rus-i-departamentin-per-konfiskimin-e-bagetive-nga-banoret-u-gjet-i-vdekur\/"},"author":{"name":"i l","@id":"https:\/\/kosovatimes.info\/#\/schema\/person\/7586712b9c512fe68085de007378c915"},"headline":"P\u00ebrgjegj\u00ebsi rus i departamentin p\u00ebr konfiskimin e bag\u00ebtive nga banor\u00ebt u gjet i vdekur","datePublished":"2026-04-29T08:05:54+00:00","dateModified":"2026-04-29T08:05:57+00:00","mainEntityOfPage":{"@id":"https:\/\/kosovatimes.info\/index.php\/2026\/04\/29\/pergjegjesi-rus-i-departamentin-per-konfiskimin-e-bagetive-nga-banoret-u-gjet-i-vdekur\/"},"wordCount":419,"commentCount":0,"image":{"@id":"https:\/\/kosovatimes.info\/index.php\/2026\/04\/29\/pergjegjesi-rus-i-departamentin-per-konfiskimin-e-bagetive-nga-banoret-u-gjet-i-vdekur\/#primaryimage"},"thumbnailUrl":"https:\/\/kosovatimes.info\/wp-content\/uploads\/2026\/04\/rusi-i-vdekur.jpeg","articleSection":["Bot\u00eb","Lajme"],"inLanguage":"en-US","potentialAction":[{"@type":"CommentAction","name":"Comment","target":["https:\/\/kosovatimes.info\/index.php\/2026\/04\/29\/pergjegjesi-rus-i-departamentin-per-konfiskimin-e-bagetive-nga-banoret-u-gjet-i-vdekur\/#respond"]}]},{"@type":"WebPage","@id":"https:\/\/kosovatimes.info\/index.php\/2026\/04\/29\/pergjegjesi-rus-i-departamentin-per-konfiskimin-e-bagetive-nga-banoret-u-gjet-i-vdekur\/","url":"https:\/\/kosovatimes.info\/index.php\/2026\/04\/29\/pergjegjesi-rus-i-departamentin-per-konfiskimin-e-bagetive-nga-banoret-u-gjet-i-vdekur\/","name":"P\u00ebrgjegj\u00ebsi rus i departamentin p\u00ebr konfiskimin e bag\u00ebtive nga banor\u00ebt u gjet i vdekur - Kosova Times","isPartOf":{"@id":"https:\/\/kosovatimes.info\/#website"},"primaryImageOfPage":{"@id":"https:\/\/kosovatimes.info\/index.php\/2026\/04\/29\/pergjegjesi-rus-i-departamentin-per-konfiskimin-e-bagetive-nga-banoret-u-gjet-i-vdekur\/#primaryimage"},"image":{"@id":"https:\/\/kosovatimes.info\/index.php\/2026\/04\/29\/pergjegjesi-rus-i-departamentin-per-konfiskimin-e-bagetive-nga-banoret-u-gjet-i-vdekur\/#primaryimage"},"thumbnailUrl":"https:\/\/kosovatimes.info\/wp-content\/uploads\/2026\/04\/rusi-i-vdekur.jpeg","datePublished":"2026-04-29T08:05:54+00:00","dateModified":"2026-04-29T08:05:57+00:00","author":{"@id":"https:\/\/kosovatimes.info\/#\/schema\/person\/7586712b9c512fe68085de007378c915"},"breadcrumb":{"@id":"https:\/\/kosovatimes.info\/index.php\/2026\/04\/29\/pergjegjesi-rus-i-departamentin-per-konfiskimin-e-bagetive-nga-banoret-u-gjet-i-vdekur\/#breadcrumb"},"inLanguage":"en-US","potentialAction":[{"@type":"ReadAction","target":["https:\/\/kosovatimes.info\/index.php\/2026\/04\/29\/pergjegjesi-rus-i-departamentin-per-konfiskimin-e-bagetive-nga-banoret-u-gjet-i-vdekur\/"]}]},{"@type":"ImageObject","inLanguage":"en-US","@id":"https:\/\/kosovatimes.info\/index.php\/2026\/04\/29\/pergjegjesi-rus-i-departamentin-per-konfiskimin-e-bagetive-nga-banoret-u-gjet-i-vdekur\/#primaryimage","url":"https:\/\/kosovatimes.info\/wp-content\/uploads\/2026\/04\/rusi-i-vdekur.jpeg","contentUrl":"https:\/\/kosovatimes.info\/wp-content\/uploads\/2026\/04\/rusi-i-vdekur.jpeg","width":306,"height":165},{"@type":"BreadcrumbList","@id":"https:\/\/kosovatimes.info\/index.php\/2026\/04\/29\/pergjegjesi-rus-i-departamentin-per-konfiskimin-e-bagetive-nga-banoret-u-gjet-i-vdekur\/#breadcrumb","itemListElement":[{"@type":"ListItem","position":1,"name":"Home","item":"https:\/\/kosovatimes.info\/"},{"@type":"ListItem","position":2,"name":"P\u00ebrgjegj\u00ebsi rus i departamentin p\u00ebr konfiskimin e bag\u00ebtive nga banor\u00ebt u gjet i vdekur"}]},{"@type":"WebSite","@id":"https:\/\/kosovatimes.info\/#website","url":"https:\/\/kosovatimes.info\/","name":"Kosova Times","description":"","potentialAction":[{"@type":"SearchAction","target":{"@type":"EntryPoint","urlTemplate":"https:\/\/kosovatimes.info\/?s={search_term_string}"},"query-input":{"@type":"PropertyValueSpecification","valueRequired":true,"valueName":"search_term_string"}}],"inLanguage":"en-US"},{"@type":"Person","@id":"https:\/\/kosovatimes.info\/#\/schema\/person\/7586712b9c512fe68085de007378c915","name":"i l","image":{"@type":"ImageObject","inLanguage":"en-US","@id":"https:\/\/secure.gravatar.com\/avatar\/bad9296e02816160ae2e2435beda58222022298d5625d49fea74d18816fbb31d?s=96&d=mm&r=g","url":"https:\/\/secure.gravatar.com\/avatar\/bad9296e02816160ae2e2435beda58222022298d5625d49fea74d18816fbb31d?s=96&d=mm&r=g","contentUrl":"https:\/\/secure.gravatar.com\/avatar\/bad9296e02816160ae2e2435beda58222022298d5625d49fea74d18816fbb31d?s=96&d=mm&r=g","caption":"i l"},"url":"https:\/\/kosovatimes.info\/index.php\/author\/iliri\/"}]}},"_links":{"self":[{"href":"https:\/\/kosovatimes.info\/index.php\/wp-json\/wp\/v2\/posts\/12424","targetHints":{"allow":["GET"]}}],"collection":[{"href":"https:\/\/kosovatimes.info\/index.php\/wp-json\/wp\/v2\/posts"}],"about":[{"href":"https:\/\/kosovatimes.info\/index.php\/wp-json\/wp\/v2\/types\/post"}],"author":[{"embeddable":true,"href":"https:\/\/kosovatimes.info\/index.php\/wp-json\/wp\/v2\/users\/4"}],"replies":[{"embeddable":true,"href":"https:\/\/kosovatimes.info\/index.php\/wp-json\/wp\/v2\/comments?post=12424"}],"version-history":[{"count":1,"href":"https:\/\/kosovatimes.info\/index.php\/wp-json\/wp\/v2\/posts\/12424\/revisions"}],"predecessor-version":[{"id":12426,"href":"https:\/\/kosovatimes.info\/index.php\/wp-json\/wp\/v2\/posts\/12424\/revisions\/12426"}],"wp:featuredmedia":[{"embeddable":true,"href":"https:\/\/kosovatimes.info\/index.php\/wp-json\/wp\/v2\/media\/12425"}],"wp:attachment":[{"href":"https:\/\/kosovatimes.info\/index.php\/wp-json\/wp\/v2\/media?parent=12424"}],"wp:term":[{"taxonomy":"category","embeddable":true,"href":"https:\/\/kosovatimes.info\/index.php\/wp-json\/wp\/v2\/categories?post=12424"},{"taxonomy":"post_tag","embeddable":true,"href":"https:\/\/kosovatimes.info\/index.php\/wp-json\/wp\/v2\/tags?post=12424"}],"curies":[{"name":"wp","href":"https:\/\/api.w.org\/{rel}","templated":true}]}}