{"id":12427,"date":"2026-04-29T10:08:41","date_gmt":"2026-04-29T08:08:41","guid":{"rendered":"https:\/\/kosovatimes.info\/?p=12427"},"modified":"2026-04-29T10:08:43","modified_gmt":"2026-04-29T08:08:43","slug":"tre-punetore-te-vrare-ne-shperthimin-ne-cazma-italiane-dhe-dy-kroate-nen-hetim","status":"publish","type":"post","link":"https:\/\/kosovatimes.info\/index.php\/2026\/04\/29\/tre-punetore-te-vrare-ne-shperthimin-ne-cazma-italiane-dhe-dy-kroate-nen-hetim\/","title":{"rendered":"Tre pun\u00ebtor\u00eb t\u00eb vrar\u00eb n\u00eb shp\u00ebrthimin n\u00eb Cazma, italian\u00eb dhe dy kroat\u00eb n\u00ebn hetim"},"content":{"rendered":"\n<p>N\u00eb nj\u00eb tragjedi t\u00eb papar\u00eb, dy pun\u00ebtore femra dhe nj\u00eb pun\u00ebtor mashkull vdiq\u00ebn n\u00eb Cazma k\u00ebt\u00eb ver\u00eb pas nj\u00eb shp\u00ebrthimi n\u00eb silo n\u00eb ambientet e nj\u00eb fabrike p\u00ebrpunimi druri.Fabrika Di \u010cazma, e cila \u00ebsht\u00eb pjes\u00eb e Grupit Italian Florian, \u00ebsht\u00eb n\u00ebn hetim nga Zyra e Prokurorit t\u00eb Shtetit t\u00eb Qarkut Bjelovar kund\u00ebr nj\u00eb burri italian 70-vje\u00e7ar, nj\u00eb gruaje kroate 56-vje\u00e7are dhe nj\u00eb burri kroat 34-vje\u00e7ar.DORH tani dyshon se ka pasur d\u00ebshtime serioze n\u00eb sh\u00ebndetin dhe sigurin\u00eb n\u00eb pun\u00eb gjat\u00eb nj\u00eb periudhe prej shtat\u00eb vitesh. Si\u00e7 thuhet n\u00eb njoftimin p\u00ebr shtyp, dyshohet se i pandehuri i par\u00eb, si an\u00ebtar i bordit t\u00eb kompanis\u00eb Di \u010cazma, i pandehuri i dyt\u00eb si drejtor prodhimi dhe i pandehuri i tret\u00eb si ekspert i siguris\u00eb n\u00eb pun\u00eb, nga viti 2018 deri m\u00eb 12 qershor 2025, n\u00eb sall\u00ebn e prodhimit dhe silo t\u00eb kompanis\u00eb tregtare, organizuan pun\u00ebn dhe ekzekutimin e procedurave t\u00eb pun\u00ebs pa zbatuar rregullat e siguris\u00eb n\u00eb pun\u00eb n\u00eb lidhje me parandalimin e zjarrit dhe shp\u00ebrthimit dhe monitorimin teknik t\u00eb objekteve n\u00eb zonat e k\u00ebrc\u00ebnuara nga atmosferat shp\u00ebrthyese.<\/p>\n\n\n\n<figure class=\"wp-block-image\"><a class=\"se__anchor image-popup-vertical-fit open-gallery--photoswipe-embed photoswipe-event\" href=\"https:\/\/media.jutarnji.hr\/images\/slike\/2026\/04\/29\/36978977.jpg\"><img decoding=\"async\" src=\"https:\/\/media.jutarnji.hr\/images\/slike\/2026\/04\/29\/36978977.jpg?1777449183\" alt=\"imazh\"\/><\/a><\/figure>\n\n\n\n<p>&#8211; \u00cbsht\u00eb e bazuar t\u00eb dyshohet se d\u00ebshtime t\u00eb tilla \u00e7uan n\u00eb nj\u00eb shp\u00ebrthim t\u00eb nj\u00eb p\u00ebrzierjeje shp\u00ebrthyese ajri dhe pluhuri druri n\u00eb zon\u00ebn e silos m\u00eb 12 qershor 2025, rreth or\u00ebs 14:30, gj\u00eb q\u00eb p\u00ebrb\u00ebnte rrezik p\u00ebr jet\u00ebn dhe sh\u00ebndetin e punonj\u00ebsve t\u00eb asaj kompanie q\u00eb po kryenin detyrat e tyre t\u00eb pun\u00ebs, me tre shtetas kroat\u00eb (t\u00eb lindur n\u00eb vitet 1966, 1966 dhe 1960) q\u00eb vdiq\u00ebn si pasoj\u00eb e zjarrit dhe shp\u00ebrthimit, nd\u00ebrsa shtetasi i l\u00ebnduar i Nepalit (i lindur n\u00eb vitin 2001) p\u00ebsoi l\u00ebndime trupore &#8211; deklaron DORH.Si\u00e7 shkroi tashm\u00eb Jutarnji List, shp\u00ebrthimi tragjik i ver\u00ebs s\u00eb kaluar nuk ishte i vetmi aksident i till\u00eb n\u00eb fabrik\u00ebn Di \u010cazma. Zjarrfik\u00ebsit m\u00ebsuan n\u00eb at\u00eb koh\u00eb se nj\u00eb zjarr kishte r\u00ebn\u00eb edhe n\u00eb nj\u00eb nga siloset dy vjet m\u00eb par\u00eb, dhe pun\u00ebtor\u00ebt mund t\u00eb d\u00ebgjoheshin duke paralajm\u00ebruar p\u00ebr rreziqet.<\/p>\n\n\n\n<figure class=\"wp-block-image\"><a class=\"se__anchor image-popup-vertical-fit open-gallery--photoswipe-embed photoswipe-event\" href=\"https:\/\/media.jutarnji.hr\/images\/slike\/2026\/04\/29\/36978978.jpg\"><img decoding=\"async\" src=\"https:\/\/media.jutarnji.hr\/images\/slike\/2026\/04\/29\/36978978.jpg?1777449183\" alt=\"imazh\"\/><\/a><\/figure>\n\n\n\n<p>Kujtojm\u00eb se forca e shp\u00ebrthimit ishte aq e madhe sa\u00a0<br><strong>Sevdaha Jur\u010di\u0107<\/strong>\u00a0(59) vdiq n\u00eb vendngjarje, nd\u00ebrsa dy koleg\u00eb t\u00eb saj, 65-vje\u00e7ari\u00a0<br><strong>Dragutin Feren\u010dak<\/strong>\u00a0dhe 59-vje\u00e7arja\u00a0<br><strong>Blanka Kajfe\u0161<\/strong>\u00a0, humb\u00ebn betej\u00ebn p\u00ebr jet\u00ebn gjat\u00eb nat\u00ebs n\u00eb spitalet e Zagrebit, ku u transportuan me helikopter. I vetmi i mbijetuar nga af\u00ebrsia e menj\u00ebhershme e shp\u00ebrthimit ishte nj\u00eb pun\u00ebtor 24-vje\u00e7ar nga Nepali, i cili, p\u00ebr fat t\u00eb mir\u00eb, shp\u00ebtoi me l\u00ebndime t\u00eb lehta.<\/p>\n","protected":false},"excerpt":{"rendered":"<p>N\u00eb nj\u00eb tragjedi t\u00eb papar\u00eb, dy pun\u00ebtore femra dhe nj\u00eb pun\u00ebtor mashkull vdiq\u00ebn n\u00eb Cazma k\u00ebt\u00eb ver\u00eb pas nj\u00eb shp\u00ebrthimi n\u00eb silo n\u00eb ambientet e nj\u00eb fabrike p\u00ebrpunimi druri.Fabrika Di \u010cazma, e cila \u00ebsht\u00eb pjes\u00eb e Grupit Italian Florian, \u00ebsht\u00eb n\u00ebn hetim nga Zyra e Prokurorit t\u00eb Shtetit t\u00eb Qarkut Bjelovar kund\u00ebr nj\u00eb burri italian [&hellip;]<\/p>\n","protected":false},"author":4,"featured_media":12428,"comment_status":"open","ping_status":"open","sticky":false,"template":"","format":"standard","meta":{"footnotes":""},"categories":[30,32],"tags":[],"class_list":{"0":"post-12427","1":"post","2":"type-post","3":"status-publish","4":"format-standard","5":"has-post-thumbnail","7":"category-lajme","8":"category-rajon"},"yoast_head":"<!-- This site is optimized with the Yoast SEO plugin v27.4 - https:\/\/yoast.com\/product\/yoast-seo-wordpress\/ -->\n<title>Tre pun\u00ebtor\u00eb t\u00eb vrar\u00eb n\u00eb shp\u00ebrthimin n\u00eb Cazma, italian\u00eb dhe dy kroat\u00eb n\u00ebn hetim - Kosova Times<\/title>\n<meta name=\"robots\" content=\"index, follow, max-snippet:-1, max-image-preview:large, max-video-preview:-1\" \/>\n<link rel=\"canonical\" href=\"https:\/\/kosovatimes.info\/index.php\/2026\/04\/29\/tre-punetore-te-vrare-ne-shperthimin-ne-cazma-italiane-dhe-dy-kroate-nen-hetim\/\" \/>\n<meta property=\"og:locale\" content=\"en_US\" \/>\n<meta property=\"og:type\" content=\"article\" \/>\n<meta property=\"og:title\" content=\"Tre pun\u00ebtor\u00eb t\u00eb vrar\u00eb n\u00eb shp\u00ebrthimin n\u00eb Cazma, italian\u00eb dhe dy kroat\u00eb n\u00ebn hetim - Kosova Times\" \/>\n<meta property=\"og:description\" content=\"N\u00eb nj\u00eb tragjedi t\u00eb papar\u00eb, dy pun\u00ebtore femra dhe nj\u00eb pun\u00ebtor mashkull vdiq\u00ebn n\u00eb Cazma k\u00ebt\u00eb ver\u00eb pas nj\u00eb shp\u00ebrthimi n\u00eb silo n\u00eb ambientet e nj\u00eb fabrike p\u00ebrpunimi druri.Fabrika Di \u010cazma, e cila \u00ebsht\u00eb pjes\u00eb e Grupit Italian Florian, \u00ebsht\u00eb n\u00ebn hetim nga Zyra e Prokurorit t\u00eb Shtetit t\u00eb Qarkut Bjelovar kund\u00ebr nj\u00eb burri italian [&hellip;]\" \/>\n<meta property=\"og:url\" content=\"https:\/\/kosovatimes.info\/index.php\/2026\/04\/29\/tre-punetore-te-vrare-ne-shperthimin-ne-cazma-italiane-dhe-dy-kroate-nen-hetim\/\" \/>\n<meta property=\"og:site_name\" content=\"Kosova Times\" \/>\n<meta property=\"article:published_time\" content=\"2026-04-29T08:08:41+00:00\" \/>\n<meta property=\"article:modified_time\" content=\"2026-04-29T08:08:43+00:00\" \/>\n<meta property=\"og:image\" content=\"https:\/\/kosovatimes.info\/wp-content\/uploads\/2026\/04\/Cazma.jpg\" \/>\n\t<meta property=\"og:image:width\" content=\"1280\" \/>\n\t<meta property=\"og:image:height\" content=\"670\" \/>\n\t<meta property=\"og:image:type\" content=\"image\/jpeg\" \/>\n<meta name=\"author\" content=\"i l\" \/>\n<meta name=\"twitter:card\" content=\"summary_large_image\" \/>\n<meta name=\"twitter:label1\" content=\"Written by\" \/>\n\t<meta name=\"twitter:data1\" content=\"i l\" \/>\n\t<meta name=\"twitter:label2\" content=\"Est. reading time\" \/>\n\t<meta name=\"twitter:data2\" content=\"3 minutes\" \/>\n<script type=\"application\/ld+json\" class=\"yoast-schema-graph\">{\"@context\":\"https:\\\/\\\/schema.org\",\"@graph\":[{\"@type\":\"Article\",\"@id\":\"https:\\\/\\\/kosovatimes.info\\\/index.php\\\/2026\\\/04\\\/29\\\/tre-punetore-te-vrare-ne-shperthimin-ne-cazma-italiane-dhe-dy-kroate-nen-hetim\\\/#article\",\"isPartOf\":{\"@id\":\"https:\\\/\\\/kosovatimes.info\\\/index.php\\\/2026\\\/04\\\/29\\\/tre-punetore-te-vrare-ne-shperthimin-ne-cazma-italiane-dhe-dy-kroate-nen-hetim\\\/\"},\"author\":{\"name\":\"i l\",\"@id\":\"https:\\\/\\\/kosovatimes.info\\\/#\\\/schema\\\/person\\\/7586712b9c512fe68085de007378c915\"},\"headline\":\"Tre pun\u00ebtor\u00eb t\u00eb vrar\u00eb n\u00eb shp\u00ebrthimin n\u00eb Cazma, italian\u00eb dhe dy kroat\u00eb n\u00ebn hetim\",\"datePublished\":\"2026-04-29T08:08:41+00:00\",\"dateModified\":\"2026-04-29T08:08:43+00:00\",\"mainEntityOfPage\":{\"@id\":\"https:\\\/\\\/kosovatimes.info\\\/index.php\\\/2026\\\/04\\\/29\\\/tre-punetore-te-vrare-ne-shperthimin-ne-cazma-italiane-dhe-dy-kroate-nen-hetim\\\/\"},\"wordCount\":464,\"commentCount\":0,\"image\":{\"@id\":\"https:\\\/\\\/kosovatimes.info\\\/index.php\\\/2026\\\/04\\\/29\\\/tre-punetore-te-vrare-ne-shperthimin-ne-cazma-italiane-dhe-dy-kroate-nen-hetim\\\/#primaryimage\"},\"thumbnailUrl\":\"https:\\\/\\\/kosovatimes.info\\\/wp-content\\\/uploads\\\/2026\\\/04\\\/Cazma.jpg\",\"articleSection\":[\"Lajme\",\"Rajon\"],\"inLanguage\":\"en-US\",\"potentialAction\":[{\"@type\":\"CommentAction\",\"name\":\"Comment\",\"target\":[\"https:\\\/\\\/kosovatimes.info\\\/index.php\\\/2026\\\/04\\\/29\\\/tre-punetore-te-vrare-ne-shperthimin-ne-cazma-italiane-dhe-dy-kroate-nen-hetim\\\/#respond\"]}]},{\"@type\":\"WebPage\",\"@id\":\"https:\\\/\\\/kosovatimes.info\\\/index.php\\\/2026\\\/04\\\/29\\\/tre-punetore-te-vrare-ne-shperthimin-ne-cazma-italiane-dhe-dy-kroate-nen-hetim\\\/\",\"url\":\"https:\\\/\\\/kosovatimes.info\\\/index.php\\\/2026\\\/04\\\/29\\\/tre-punetore-te-vrare-ne-shperthimin-ne-cazma-italiane-dhe-dy-kroate-nen-hetim\\\/\",\"name\":\"Tre pun\u00ebtor\u00eb t\u00eb vrar\u00eb n\u00eb shp\u00ebrthimin n\u00eb Cazma, italian\u00eb dhe dy kroat\u00eb n\u00ebn hetim - Kosova Times\",\"isPartOf\":{\"@id\":\"https:\\\/\\\/kosovatimes.info\\\/#website\"},\"primaryImageOfPage\":{\"@id\":\"https:\\\/\\\/kosovatimes.info\\\/index.php\\\/2026\\\/04\\\/29\\\/tre-punetore-te-vrare-ne-shperthimin-ne-cazma-italiane-dhe-dy-kroate-nen-hetim\\\/#primaryimage\"},\"image\":{\"@id\":\"https:\\\/\\\/kosovatimes.info\\\/index.php\\\/2026\\\/04\\\/29\\\/tre-punetore-te-vrare-ne-shperthimin-ne-cazma-italiane-dhe-dy-kroate-nen-hetim\\\/#primaryimage\"},\"thumbnailUrl\":\"https:\\\/\\\/kosovatimes.info\\\/wp-content\\\/uploads\\\/2026\\\/04\\\/Cazma.jpg\",\"datePublished\":\"2026-04-29T08:08:41+00:00\",\"dateModified\":\"2026-04-29T08:08:43+00:00\",\"author\":{\"@id\":\"https:\\\/\\\/kosovatimes.info\\\/#\\\/schema\\\/person\\\/7586712b9c512fe68085de007378c915\"},\"breadcrumb\":{\"@id\":\"https:\\\/\\\/kosovatimes.info\\\/index.php\\\/2026\\\/04\\\/29\\\/tre-punetore-te-vrare-ne-shperthimin-ne-cazma-italiane-dhe-dy-kroate-nen-hetim\\\/#breadcrumb\"},\"inLanguage\":\"en-US\",\"potentialAction\":[{\"@type\":\"ReadAction\",\"target\":[\"https:\\\/\\\/kosovatimes.info\\\/index.php\\\/2026\\\/04\\\/29\\\/tre-punetore-te-vrare-ne-shperthimin-ne-cazma-italiane-dhe-dy-kroate-nen-hetim\\\/\"]}]},{\"@type\":\"ImageObject\",\"inLanguage\":\"en-US\",\"@id\":\"https:\\\/\\\/kosovatimes.info\\\/index.php\\\/2026\\\/04\\\/29\\\/tre-punetore-te-vrare-ne-shperthimin-ne-cazma-italiane-dhe-dy-kroate-nen-hetim\\\/#primaryimage\",\"url\":\"https:\\\/\\\/kosovatimes.info\\\/wp-content\\\/uploads\\\/2026\\\/04\\\/Cazma.jpg\",\"contentUrl\":\"https:\\\/\\\/kosovatimes.info\\\/wp-content\\\/uploads\\\/2026\\\/04\\\/Cazma.jpg\",\"width\":1280,\"height\":670},{\"@type\":\"BreadcrumbList\",\"@id\":\"https:\\\/\\\/kosovatimes.info\\\/index.php\\\/2026\\\/04\\\/29\\\/tre-punetore-te-vrare-ne-shperthimin-ne-cazma-italiane-dhe-dy-kroate-nen-hetim\\\/#breadcrumb\",\"itemListElement\":[{\"@type\":\"ListItem\",\"position\":1,\"name\":\"Home\",\"item\":\"https:\\\/\\\/kosovatimes.info\\\/\"},{\"@type\":\"ListItem\",\"position\":2,\"name\":\"Tre pun\u00ebtor\u00eb t\u00eb vrar\u00eb n\u00eb shp\u00ebrthimin n\u00eb Cazma, italian\u00eb dhe dy kroat\u00eb n\u00ebn hetim\"}]},{\"@type\":\"WebSite\",\"@id\":\"https:\\\/\\\/kosovatimes.info\\\/#website\",\"url\":\"https:\\\/\\\/kosovatimes.info\\\/\",\"name\":\"Kosova Times\",\"description\":\"\",\"potentialAction\":[{\"@type\":\"SearchAction\",\"target\":{\"@type\":\"EntryPoint\",\"urlTemplate\":\"https:\\\/\\\/kosovatimes.info\\\/?s={search_term_string}\"},\"query-input\":{\"@type\":\"PropertyValueSpecification\",\"valueRequired\":true,\"valueName\":\"search_term_string\"}}],\"inLanguage\":\"en-US\"},{\"@type\":\"Person\",\"@id\":\"https:\\\/\\\/kosovatimes.info\\\/#\\\/schema\\\/person\\\/7586712b9c512fe68085de007378c915\",\"name\":\"i l\",\"image\":{\"@type\":\"ImageObject\",\"inLanguage\":\"en-US\",\"@id\":\"https:\\\/\\\/secure.gravatar.com\\\/avatar\\\/bad9296e02816160ae2e2435beda58222022298d5625d49fea74d18816fbb31d?s=96&d=mm&r=g\",\"url\":\"https:\\\/\\\/secure.gravatar.com\\\/avatar\\\/bad9296e02816160ae2e2435beda58222022298d5625d49fea74d18816fbb31d?s=96&d=mm&r=g\",\"contentUrl\":\"https:\\\/\\\/secure.gravatar.com\\\/avatar\\\/bad9296e02816160ae2e2435beda58222022298d5625d49fea74d18816fbb31d?s=96&d=mm&r=g\",\"caption\":\"i l\"},\"url\":\"https:\\\/\\\/kosovatimes.info\\\/index.php\\\/author\\\/iliri\\\/\"}]}<\/script>\n<!-- \/ Yoast SEO plugin. -->","yoast_head_json":{"title":"Tre pun\u00ebtor\u00eb t\u00eb vrar\u00eb n\u00eb shp\u00ebrthimin n\u00eb Cazma, italian\u00eb dhe dy kroat\u00eb n\u00ebn hetim - Kosova Times","robots":{"index":"index","follow":"follow","max-snippet":"max-snippet:-1","max-image-preview":"max-image-preview:large","max-video-preview":"max-video-preview:-1"},"canonical":"https:\/\/kosovatimes.info\/index.php\/2026\/04\/29\/tre-punetore-te-vrare-ne-shperthimin-ne-cazma-italiane-dhe-dy-kroate-nen-hetim\/","og_locale":"en_US","og_type":"article","og_title":"Tre pun\u00ebtor\u00eb t\u00eb vrar\u00eb n\u00eb shp\u00ebrthimin n\u00eb Cazma, italian\u00eb dhe dy kroat\u00eb n\u00ebn hetim - Kosova Times","og_description":"N\u00eb nj\u00eb tragjedi t\u00eb papar\u00eb, dy pun\u00ebtore femra dhe nj\u00eb pun\u00ebtor mashkull vdiq\u00ebn n\u00eb Cazma k\u00ebt\u00eb ver\u00eb pas nj\u00eb shp\u00ebrthimi n\u00eb silo n\u00eb ambientet e nj\u00eb fabrike p\u00ebrpunimi druri.Fabrika Di \u010cazma, e cila \u00ebsht\u00eb pjes\u00eb e Grupit Italian Florian, \u00ebsht\u00eb n\u00ebn hetim nga Zyra e Prokurorit t\u00eb Shtetit t\u00eb Qarkut Bjelovar kund\u00ebr nj\u00eb burri italian [&hellip;]","og_url":"https:\/\/kosovatimes.info\/index.php\/2026\/04\/29\/tre-punetore-te-vrare-ne-shperthimin-ne-cazma-italiane-dhe-dy-kroate-nen-hetim\/","og_site_name":"Kosova Times","article_published_time":"2026-04-29T08:08:41+00:00","article_modified_time":"2026-04-29T08:08:43+00:00","og_image":[{"width":1280,"height":670,"url":"https:\/\/kosovatimes.info\/wp-content\/uploads\/2026\/04\/Cazma.jpg","type":"image\/jpeg"}],"author":"i l","twitter_card":"summary_large_image","twitter_misc":{"Written by":"i l","Est. reading time":"3 minutes"},"schema":{"@context":"https:\/\/schema.org","@graph":[{"@type":"Article","@id":"https:\/\/kosovatimes.info\/index.php\/2026\/04\/29\/tre-punetore-te-vrare-ne-shperthimin-ne-cazma-italiane-dhe-dy-kroate-nen-hetim\/#article","isPartOf":{"@id":"https:\/\/kosovatimes.info\/index.php\/2026\/04\/29\/tre-punetore-te-vrare-ne-shperthimin-ne-cazma-italiane-dhe-dy-kroate-nen-hetim\/"},"author":{"name":"i l","@id":"https:\/\/kosovatimes.info\/#\/schema\/person\/7586712b9c512fe68085de007378c915"},"headline":"Tre pun\u00ebtor\u00eb t\u00eb vrar\u00eb n\u00eb shp\u00ebrthimin n\u00eb Cazma, italian\u00eb dhe dy kroat\u00eb n\u00ebn hetim","datePublished":"2026-04-29T08:08:41+00:00","dateModified":"2026-04-29T08:08:43+00:00","mainEntityOfPage":{"@id":"https:\/\/kosovatimes.info\/index.php\/2026\/04\/29\/tre-punetore-te-vrare-ne-shperthimin-ne-cazma-italiane-dhe-dy-kroate-nen-hetim\/"},"wordCount":464,"commentCount":0,"image":{"@id":"https:\/\/kosovatimes.info\/index.php\/2026\/04\/29\/tre-punetore-te-vrare-ne-shperthimin-ne-cazma-italiane-dhe-dy-kroate-nen-hetim\/#primaryimage"},"thumbnailUrl":"https:\/\/kosovatimes.info\/wp-content\/uploads\/2026\/04\/Cazma.jpg","articleSection":["Lajme","Rajon"],"inLanguage":"en-US","potentialAction":[{"@type":"CommentAction","name":"Comment","target":["https:\/\/kosovatimes.info\/index.php\/2026\/04\/29\/tre-punetore-te-vrare-ne-shperthimin-ne-cazma-italiane-dhe-dy-kroate-nen-hetim\/#respond"]}]},{"@type":"WebPage","@id":"https:\/\/kosovatimes.info\/index.php\/2026\/04\/29\/tre-punetore-te-vrare-ne-shperthimin-ne-cazma-italiane-dhe-dy-kroate-nen-hetim\/","url":"https:\/\/kosovatimes.info\/index.php\/2026\/04\/29\/tre-punetore-te-vrare-ne-shperthimin-ne-cazma-italiane-dhe-dy-kroate-nen-hetim\/","name":"Tre pun\u00ebtor\u00eb t\u00eb vrar\u00eb n\u00eb shp\u00ebrthimin n\u00eb Cazma, italian\u00eb dhe dy kroat\u00eb n\u00ebn hetim - Kosova Times","isPartOf":{"@id":"https:\/\/kosovatimes.info\/#website"},"primaryImageOfPage":{"@id":"https:\/\/kosovatimes.info\/index.php\/2026\/04\/29\/tre-punetore-te-vrare-ne-shperthimin-ne-cazma-italiane-dhe-dy-kroate-nen-hetim\/#primaryimage"},"image":{"@id":"https:\/\/kosovatimes.info\/index.php\/2026\/04\/29\/tre-punetore-te-vrare-ne-shperthimin-ne-cazma-italiane-dhe-dy-kroate-nen-hetim\/#primaryimage"},"thumbnailUrl":"https:\/\/kosovatimes.info\/wp-content\/uploads\/2026\/04\/Cazma.jpg","datePublished":"2026-04-29T08:08:41+00:00","dateModified":"2026-04-29T08:08:43+00:00","author":{"@id":"https:\/\/kosovatimes.info\/#\/schema\/person\/7586712b9c512fe68085de007378c915"},"breadcrumb":{"@id":"https:\/\/kosovatimes.info\/index.php\/2026\/04\/29\/tre-punetore-te-vrare-ne-shperthimin-ne-cazma-italiane-dhe-dy-kroate-nen-hetim\/#breadcrumb"},"inLanguage":"en-US","potentialAction":[{"@type":"ReadAction","target":["https:\/\/kosovatimes.info\/index.php\/2026\/04\/29\/tre-punetore-te-vrare-ne-shperthimin-ne-cazma-italiane-dhe-dy-kroate-nen-hetim\/"]}]},{"@type":"ImageObject","inLanguage":"en-US","@id":"https:\/\/kosovatimes.info\/index.php\/2026\/04\/29\/tre-punetore-te-vrare-ne-shperthimin-ne-cazma-italiane-dhe-dy-kroate-nen-hetim\/#primaryimage","url":"https:\/\/kosovatimes.info\/wp-content\/uploads\/2026\/04\/Cazma.jpg","contentUrl":"https:\/\/kosovatimes.info\/wp-content\/uploads\/2026\/04\/Cazma.jpg","width":1280,"height":670},{"@type":"BreadcrumbList","@id":"https:\/\/kosovatimes.info\/index.php\/2026\/04\/29\/tre-punetore-te-vrare-ne-shperthimin-ne-cazma-italiane-dhe-dy-kroate-nen-hetim\/#breadcrumb","itemListElement":[{"@type":"ListItem","position":1,"name":"Home","item":"https:\/\/kosovatimes.info\/"},{"@type":"ListItem","position":2,"name":"Tre pun\u00ebtor\u00eb t\u00eb vrar\u00eb n\u00eb shp\u00ebrthimin n\u00eb Cazma, italian\u00eb dhe dy kroat\u00eb n\u00ebn hetim"}]},{"@type":"WebSite","@id":"https:\/\/kosovatimes.info\/#website","url":"https:\/\/kosovatimes.info\/","name":"Kosova Times","description":"","potentialAction":[{"@type":"SearchAction","target":{"@type":"EntryPoint","urlTemplate":"https:\/\/kosovatimes.info\/?s={search_term_string}"},"query-input":{"@type":"PropertyValueSpecification","valueRequired":true,"valueName":"search_term_string"}}],"inLanguage":"en-US"},{"@type":"Person","@id":"https:\/\/kosovatimes.info\/#\/schema\/person\/7586712b9c512fe68085de007378c915","name":"i l","image":{"@type":"ImageObject","inLanguage":"en-US","@id":"https:\/\/secure.gravatar.com\/avatar\/bad9296e02816160ae2e2435beda58222022298d5625d49fea74d18816fbb31d?s=96&d=mm&r=g","url":"https:\/\/secure.gravatar.com\/avatar\/bad9296e02816160ae2e2435beda58222022298d5625d49fea74d18816fbb31d?s=96&d=mm&r=g","contentUrl":"https:\/\/secure.gravatar.com\/avatar\/bad9296e02816160ae2e2435beda58222022298d5625d49fea74d18816fbb31d?s=96&d=mm&r=g","caption":"i l"},"url":"https:\/\/kosovatimes.info\/index.php\/author\/iliri\/"}]}},"_links":{"self":[{"href":"https:\/\/kosovatimes.info\/index.php\/wp-json\/wp\/v2\/posts\/12427","targetHints":{"allow":["GET"]}}],"collection":[{"href":"https:\/\/kosovatimes.info\/index.php\/wp-json\/wp\/v2\/posts"}],"about":[{"href":"https:\/\/kosovatimes.info\/index.php\/wp-json\/wp\/v2\/types\/post"}],"author":[{"embeddable":true,"href":"https:\/\/kosovatimes.info\/index.php\/wp-json\/wp\/v2\/users\/4"}],"replies":[{"embeddable":true,"href":"https:\/\/kosovatimes.info\/index.php\/wp-json\/wp\/v2\/comments?post=12427"}],"version-history":[{"count":1,"href":"https:\/\/kosovatimes.info\/index.php\/wp-json\/wp\/v2\/posts\/12427\/revisions"}],"predecessor-version":[{"id":12429,"href":"https:\/\/kosovatimes.info\/index.php\/wp-json\/wp\/v2\/posts\/12427\/revisions\/12429"}],"wp:featuredmedia":[{"embeddable":true,"href":"https:\/\/kosovatimes.info\/index.php\/wp-json\/wp\/v2\/media\/12428"}],"wp:attachment":[{"href":"https:\/\/kosovatimes.info\/index.php\/wp-json\/wp\/v2\/media?parent=12427"}],"wp:term":[{"taxonomy":"category","embeddable":true,"href":"https:\/\/kosovatimes.info\/index.php\/wp-json\/wp\/v2\/categories?post=12427"},{"taxonomy":"post_tag","embeddable":true,"href":"https:\/\/kosovatimes.info\/index.php\/wp-json\/wp\/v2\/tags?post=12427"}],"curies":[{"name":"wp","href":"https:\/\/api.w.org\/{rel}","templated":true}]}}