{"id":12443,"date":"2026-04-29T10:12:00","date_gmt":"2026-04-29T08:12:00","guid":{"rendered":"https:\/\/kosovatimes.info\/?p=12443"},"modified":"2026-04-29T11:33:24","modified_gmt":"2026-04-29T09:33:24","slug":"rama-fton-amerikanet-te-investojne-ne-prishtine-permend-1-mld-e-investime","status":"publish","type":"post","link":"https:\/\/kosovatimes.info\/index.php\/2026\/04\/29\/rama-fton-amerikanet-te-investojne-ne-prishtine-permend-1-mld-e-investime\/","title":{"rendered":"Rama fton amerikan\u00ebt t\u00eb investojn\u00eb n\u00eb Prishtin\u00eb, p\u00ebrmend 1 mld \u20ac investime"},"content":{"rendered":"\n<p><strong>Kryetari i Prishtin\u00ebs, P\u00ebrparim Rama n\u00eb hapjen e konferenc\u00ebs \u201cAmerican Investor Conference \u2013 Prishtina 2026\u201d tha se nga kryeqyteti po prezantohen n\u00ebnt\u00eb projekte strategjike t\u00eb gatshme p\u00ebr investim, me nj\u00eb potencial q\u00eb tejkalon 1 miliard euro.<\/strong><\/p>\n\n\n\n<p>\u201cP\u00ebrtej projekteve, ofrojm\u00eb nj\u00eb forc\u00eb pun\u00ebtore t\u00eb motivuar dhe t\u00eb re me aft\u00ebsi t\u00eb njohjes s\u00eb shum\u00eb gjuh\u00ebve dhe gjithashtu ofrojm\u00eb kosto operative t\u00eb ul\u00ebta, me 10% taks\u00eb korporative dhe pa taks\u00eb n\u00eb dividenda. Gjithashtu nj\u00eb lokacion strategjik n\u00eb qend\u00ebr t\u00eb Evrop\u00ebs Juglindore me 20 milion\u00eb&#8230; zhvillimi i q\u00ebndruesh\u00ebm ekonomik me 5% rritje t\u00eb GDP-s\u00eb, si dhe zotim ndaj transparenc\u00ebs dhe leht\u00ebsi n\u00eb t\u00eb b\u00ebrit biznes. Mir\u00ebpo, sentimenti m\u00eb i mrekulluesh\u00ebm, m\u00eb i madh i Prishtin\u00ebs \u00ebsht\u00eb q\u00eb nuk mund t\u00eb shpjegohet dhe shprehet me numra. \u00cbsht\u00eb shpirti, fryma e q\u00ebndrueshm\u00ebris\u00eb, kreativitetit, historis\u00eb q\u00eb shtyn sip\u00ebrmarr\u00ebsit tan\u00eb t\u00eb rinj dhe t\u00eb qenit hapur ndaj partneriteteve, q\u00eb u uron mir\u00ebseardhjen investitor\u00ebve amerikan\u00eb si bashk\u00ebpun\u00ebtor\u00eb t\u00eb v\u00ebrtet\u00eb\u201d, tha ai.<\/p>\n\n\n\n<p>Rama tha se organizimi i k\u00ebsaj konference po b\u00ebhet n\u00eb nj\u00eb moment ky\u00e7 meq\u00eb Prishtina po p\u00ebrgatitet p\u00ebr organizimin e Loj\u00ebrave Mesdhetare 2030, duke investuar n\u00eb turiz\u00ebm, infrastruktur\u00eb sportive dhe zgjidhje t\u00eb qyteteve &#8220;smart&#8221;.<\/p>\n\n\n\n<p>Ai tha se po fokusohen n\u00eb sektor\u00eb q\u00eb pr\u00ebcaktojn\u00eb t\u00eb ardhmen e Prishtin\u00ebs, duke p\u00ebrfshir\u00eb zhvillimin urban, hap\u00ebsirat vibrante, infrastruktura e gjelb\u00ebr dhe sisteme t\u00eb q\u00ebndrueshme moderne.<\/p>\n\n\n\n<p>&nbsp;\u201cM\u00eb duhet t\u00eb shtoj q\u00eb investitor\u00ebt amerikan\u00eb jan\u00eb t\u00eb mir\u00ebpritur dhe t\u00eb mir\u00ebseardhur, dhe gjithashtu investitor\u00ebt nd\u00ebrkomb\u00ebtar\u00eb e lokal\u00eb-vendos\u00eb jan\u00eb gjithashtu t\u00eb mir\u00ebpritur. N\u00eb dit\u00ebt e ardhshme ju inkurajoj q\u00eb t\u00eb angazhoheni, q\u00eb t\u00eb merrni pjes\u00eb n\u00eb diskutime paneli dhe t\u00eb b\u00ebni takime B2B dhe p\u00ebr ta eksploruar portfolion ton\u00eb n\u00eb holl\u00ebsi\u201d, ka th\u00ebn\u00eb i pari i kryeqytetit.<\/p>\n","protected":false},"excerpt":{"rendered":"<p>Kryetari i Prishtin\u00ebs, P\u00ebrparim Rama n\u00eb hapjen e konferenc\u00ebs \u201cAmerican Investor Conference \u2013 Prishtina 2026\u201d tha se nga kryeqyteti po prezantohen n\u00ebnt\u00eb projekte strategjike t\u00eb gatshme p\u00ebr investim, me nj\u00eb potencial q\u00eb tejkalon 1 miliard euro. \u201cP\u00ebrtej projekteve, ofrojm\u00eb nj\u00eb forc\u00eb pun\u00ebtore t\u00eb motivuar dhe t\u00eb re me aft\u00ebsi t\u00eb njohjes s\u00eb shum\u00eb gjuh\u00ebve dhe [&hellip;]<\/p>\n","protected":false},"author":4,"featured_media":12445,"comment_status":"open","ping_status":"open","sticky":false,"template":"","format":"standard","meta":{"footnotes":""},"categories":[31,30],"tags":[],"class_list":{"0":"post-12443","1":"post","2":"type-post","3":"status-publish","4":"format-standard","5":"has-post-thumbnail","7":"category-kosove","8":"category-lajme"},"yoast_head":"<!-- This site is optimized with the Yoast SEO plugin v27.4 - https:\/\/yoast.com\/product\/yoast-seo-wordpress\/ -->\n<title>Rama fton amerikan\u00ebt t\u00eb investojn\u00eb n\u00eb Prishtin\u00eb, p\u00ebrmend 1 mld \u20ac investime - Kosova Times<\/title>\n<meta name=\"robots\" content=\"index, follow, max-snippet:-1, max-image-preview:large, max-video-preview:-1\" \/>\n<link rel=\"canonical\" href=\"https:\/\/kosovatimes.info\/index.php\/2026\/04\/29\/rama-fton-amerikanet-te-investojne-ne-prishtine-permend-1-mld-e-investime\/\" \/>\n<meta property=\"og:locale\" content=\"en_US\" \/>\n<meta property=\"og:type\" content=\"article\" \/>\n<meta property=\"og:title\" content=\"Rama fton amerikan\u00ebt t\u00eb investojn\u00eb n\u00eb Prishtin\u00eb, p\u00ebrmend 1 mld \u20ac investime - Kosova Times\" \/>\n<meta property=\"og:description\" content=\"Kryetari i Prishtin\u00ebs, P\u00ebrparim Rama n\u00eb hapjen e konferenc\u00ebs \u201cAmerican Investor Conference \u2013 Prishtina 2026\u201d tha se nga kryeqyteti po prezantohen n\u00ebnt\u00eb projekte strategjike t\u00eb gatshme p\u00ebr investim, me nj\u00eb potencial q\u00eb tejkalon 1 miliard euro. \u201cP\u00ebrtej projekteve, ofrojm\u00eb nj\u00eb forc\u00eb pun\u00ebtore t\u00eb motivuar dhe t\u00eb re me aft\u00ebsi t\u00eb njohjes s\u00eb shum\u00eb gjuh\u00ebve dhe [&hellip;]\" \/>\n<meta property=\"og:url\" content=\"https:\/\/kosovatimes.info\/index.php\/2026\/04\/29\/rama-fton-amerikanet-te-investojne-ne-prishtine-permend-1-mld-e-investime\/\" \/>\n<meta property=\"og:site_name\" content=\"Kosova Times\" \/>\n<meta property=\"article:published_time\" content=\"2026-04-29T08:12:00+00:00\" \/>\n<meta property=\"article:modified_time\" content=\"2026-04-29T09:33:24+00:00\" \/>\n<meta property=\"og:image\" content=\"https:\/\/kosovatimes.info\/wp-content\/uploads\/2026\/04\/Rama.png\" \/>\n\t<meta property=\"og:image:width\" content=\"683\" \/>\n\t<meta property=\"og:image:height\" content=\"500\" \/>\n\t<meta property=\"og:image:type\" content=\"image\/png\" \/>\n<meta name=\"author\" content=\"i l\" \/>\n<meta name=\"twitter:card\" content=\"summary_large_image\" \/>\n<meta name=\"twitter:label1\" content=\"Written by\" \/>\n\t<meta name=\"twitter:data1\" content=\"i l\" \/>\n\t<meta name=\"twitter:label2\" content=\"Est. reading time\" \/>\n\t<meta name=\"twitter:data2\" content=\"2 minutes\" \/>\n<script type=\"application\/ld+json\" class=\"yoast-schema-graph\">{\"@context\":\"https:\\\/\\\/schema.org\",\"@graph\":[{\"@type\":\"Article\",\"@id\":\"https:\\\/\\\/kosovatimes.info\\\/index.php\\\/2026\\\/04\\\/29\\\/rama-fton-amerikanet-te-investojne-ne-prishtine-permend-1-mld-e-investime\\\/#article\",\"isPartOf\":{\"@id\":\"https:\\\/\\\/kosovatimes.info\\\/index.php\\\/2026\\\/04\\\/29\\\/rama-fton-amerikanet-te-investojne-ne-prishtine-permend-1-mld-e-investime\\\/\"},\"author\":{\"name\":\"i l\",\"@id\":\"https:\\\/\\\/kosovatimes.info\\\/#\\\/schema\\\/person\\\/7586712b9c512fe68085de007378c915\"},\"headline\":\"Rama fton amerikan\u00ebt t\u00eb investojn\u00eb n\u00eb Prishtin\u00eb, p\u00ebrmend 1 mld \u20ac investime\",\"datePublished\":\"2026-04-29T08:12:00+00:00\",\"dateModified\":\"2026-04-29T09:33:24+00:00\",\"mainEntityOfPage\":{\"@id\":\"https:\\\/\\\/kosovatimes.info\\\/index.php\\\/2026\\\/04\\\/29\\\/rama-fton-amerikanet-te-investojne-ne-prishtine-permend-1-mld-e-investime\\\/\"},\"wordCount\":333,\"commentCount\":0,\"image\":{\"@id\":\"https:\\\/\\\/kosovatimes.info\\\/index.php\\\/2026\\\/04\\\/29\\\/rama-fton-amerikanet-te-investojne-ne-prishtine-permend-1-mld-e-investime\\\/#primaryimage\"},\"thumbnailUrl\":\"https:\\\/\\\/kosovatimes.info\\\/wp-content\\\/uploads\\\/2026\\\/04\\\/Rama.png\",\"articleSection\":[\"Kosov\u00eb\",\"Lajme\"],\"inLanguage\":\"en-US\",\"potentialAction\":[{\"@type\":\"CommentAction\",\"name\":\"Comment\",\"target\":[\"https:\\\/\\\/kosovatimes.info\\\/index.php\\\/2026\\\/04\\\/29\\\/rama-fton-amerikanet-te-investojne-ne-prishtine-permend-1-mld-e-investime\\\/#respond\"]}]},{\"@type\":\"WebPage\",\"@id\":\"https:\\\/\\\/kosovatimes.info\\\/index.php\\\/2026\\\/04\\\/29\\\/rama-fton-amerikanet-te-investojne-ne-prishtine-permend-1-mld-e-investime\\\/\",\"url\":\"https:\\\/\\\/kosovatimes.info\\\/index.php\\\/2026\\\/04\\\/29\\\/rama-fton-amerikanet-te-investojne-ne-prishtine-permend-1-mld-e-investime\\\/\",\"name\":\"Rama fton amerikan\u00ebt t\u00eb investojn\u00eb n\u00eb Prishtin\u00eb, p\u00ebrmend 1 mld \u20ac investime - Kosova Times\",\"isPartOf\":{\"@id\":\"https:\\\/\\\/kosovatimes.info\\\/#website\"},\"primaryImageOfPage\":{\"@id\":\"https:\\\/\\\/kosovatimes.info\\\/index.php\\\/2026\\\/04\\\/29\\\/rama-fton-amerikanet-te-investojne-ne-prishtine-permend-1-mld-e-investime\\\/#primaryimage\"},\"image\":{\"@id\":\"https:\\\/\\\/kosovatimes.info\\\/index.php\\\/2026\\\/04\\\/29\\\/rama-fton-amerikanet-te-investojne-ne-prishtine-permend-1-mld-e-investime\\\/#primaryimage\"},\"thumbnailUrl\":\"https:\\\/\\\/kosovatimes.info\\\/wp-content\\\/uploads\\\/2026\\\/04\\\/Rama.png\",\"datePublished\":\"2026-04-29T08:12:00+00:00\",\"dateModified\":\"2026-04-29T09:33:24+00:00\",\"author\":{\"@id\":\"https:\\\/\\\/kosovatimes.info\\\/#\\\/schema\\\/person\\\/7586712b9c512fe68085de007378c915\"},\"breadcrumb\":{\"@id\":\"https:\\\/\\\/kosovatimes.info\\\/index.php\\\/2026\\\/04\\\/29\\\/rama-fton-amerikanet-te-investojne-ne-prishtine-permend-1-mld-e-investime\\\/#breadcrumb\"},\"inLanguage\":\"en-US\",\"potentialAction\":[{\"@type\":\"ReadAction\",\"target\":[\"https:\\\/\\\/kosovatimes.info\\\/index.php\\\/2026\\\/04\\\/29\\\/rama-fton-amerikanet-te-investojne-ne-prishtine-permend-1-mld-e-investime\\\/\"]}]},{\"@type\":\"ImageObject\",\"inLanguage\":\"en-US\",\"@id\":\"https:\\\/\\\/kosovatimes.info\\\/index.php\\\/2026\\\/04\\\/29\\\/rama-fton-amerikanet-te-investojne-ne-prishtine-permend-1-mld-e-investime\\\/#primaryimage\",\"url\":\"https:\\\/\\\/kosovatimes.info\\\/wp-content\\\/uploads\\\/2026\\\/04\\\/Rama.png\",\"contentUrl\":\"https:\\\/\\\/kosovatimes.info\\\/wp-content\\\/uploads\\\/2026\\\/04\\\/Rama.png\",\"width\":683,\"height\":500},{\"@type\":\"BreadcrumbList\",\"@id\":\"https:\\\/\\\/kosovatimes.info\\\/index.php\\\/2026\\\/04\\\/29\\\/rama-fton-amerikanet-te-investojne-ne-prishtine-permend-1-mld-e-investime\\\/#breadcrumb\",\"itemListElement\":[{\"@type\":\"ListItem\",\"position\":1,\"name\":\"Home\",\"item\":\"https:\\\/\\\/kosovatimes.info\\\/\"},{\"@type\":\"ListItem\",\"position\":2,\"name\":\"Rama fton amerikan\u00ebt t\u00eb investojn\u00eb n\u00eb Prishtin\u00eb, p\u00ebrmend 1 mld \u20ac investime\"}]},{\"@type\":\"WebSite\",\"@id\":\"https:\\\/\\\/kosovatimes.info\\\/#website\",\"url\":\"https:\\\/\\\/kosovatimes.info\\\/\",\"name\":\"Kosova Times\",\"description\":\"\",\"potentialAction\":[{\"@type\":\"SearchAction\",\"target\":{\"@type\":\"EntryPoint\",\"urlTemplate\":\"https:\\\/\\\/kosovatimes.info\\\/?s={search_term_string}\"},\"query-input\":{\"@type\":\"PropertyValueSpecification\",\"valueRequired\":true,\"valueName\":\"search_term_string\"}}],\"inLanguage\":\"en-US\"},{\"@type\":\"Person\",\"@id\":\"https:\\\/\\\/kosovatimes.info\\\/#\\\/schema\\\/person\\\/7586712b9c512fe68085de007378c915\",\"name\":\"i l\",\"image\":{\"@type\":\"ImageObject\",\"inLanguage\":\"en-US\",\"@id\":\"https:\\\/\\\/secure.gravatar.com\\\/avatar\\\/bad9296e02816160ae2e2435beda58222022298d5625d49fea74d18816fbb31d?s=96&d=mm&r=g\",\"url\":\"https:\\\/\\\/secure.gravatar.com\\\/avatar\\\/bad9296e02816160ae2e2435beda58222022298d5625d49fea74d18816fbb31d?s=96&d=mm&r=g\",\"contentUrl\":\"https:\\\/\\\/secure.gravatar.com\\\/avatar\\\/bad9296e02816160ae2e2435beda58222022298d5625d49fea74d18816fbb31d?s=96&d=mm&r=g\",\"caption\":\"i l\"},\"url\":\"https:\\\/\\\/kosovatimes.info\\\/index.php\\\/author\\\/iliri\\\/\"}]}<\/script>\n<!-- \/ Yoast SEO plugin. -->","yoast_head_json":{"title":"Rama fton amerikan\u00ebt t\u00eb investojn\u00eb n\u00eb Prishtin\u00eb, p\u00ebrmend 1 mld \u20ac investime - Kosova Times","robots":{"index":"index","follow":"follow","max-snippet":"max-snippet:-1","max-image-preview":"max-image-preview:large","max-video-preview":"max-video-preview:-1"},"canonical":"https:\/\/kosovatimes.info\/index.php\/2026\/04\/29\/rama-fton-amerikanet-te-investojne-ne-prishtine-permend-1-mld-e-investime\/","og_locale":"en_US","og_type":"article","og_title":"Rama fton amerikan\u00ebt t\u00eb investojn\u00eb n\u00eb Prishtin\u00eb, p\u00ebrmend 1 mld \u20ac investime - Kosova Times","og_description":"Kryetari i Prishtin\u00ebs, P\u00ebrparim Rama n\u00eb hapjen e konferenc\u00ebs \u201cAmerican Investor Conference \u2013 Prishtina 2026\u201d tha se nga kryeqyteti po prezantohen n\u00ebnt\u00eb projekte strategjike t\u00eb gatshme p\u00ebr investim, me nj\u00eb potencial q\u00eb tejkalon 1 miliard euro. \u201cP\u00ebrtej projekteve, ofrojm\u00eb nj\u00eb forc\u00eb pun\u00ebtore t\u00eb motivuar dhe t\u00eb re me aft\u00ebsi t\u00eb njohjes s\u00eb shum\u00eb gjuh\u00ebve dhe [&hellip;]","og_url":"https:\/\/kosovatimes.info\/index.php\/2026\/04\/29\/rama-fton-amerikanet-te-investojne-ne-prishtine-permend-1-mld-e-investime\/","og_site_name":"Kosova Times","article_published_time":"2026-04-29T08:12:00+00:00","article_modified_time":"2026-04-29T09:33:24+00:00","og_image":[{"width":683,"height":500,"url":"https:\/\/kosovatimes.info\/wp-content\/uploads\/2026\/04\/Rama.png","type":"image\/png"}],"author":"i l","twitter_card":"summary_large_image","twitter_misc":{"Written by":"i l","Est. reading time":"2 minutes"},"schema":{"@context":"https:\/\/schema.org","@graph":[{"@type":"Article","@id":"https:\/\/kosovatimes.info\/index.php\/2026\/04\/29\/rama-fton-amerikanet-te-investojne-ne-prishtine-permend-1-mld-e-investime\/#article","isPartOf":{"@id":"https:\/\/kosovatimes.info\/index.php\/2026\/04\/29\/rama-fton-amerikanet-te-investojne-ne-prishtine-permend-1-mld-e-investime\/"},"author":{"name":"i l","@id":"https:\/\/kosovatimes.info\/#\/schema\/person\/7586712b9c512fe68085de007378c915"},"headline":"Rama fton amerikan\u00ebt t\u00eb investojn\u00eb n\u00eb Prishtin\u00eb, p\u00ebrmend 1 mld \u20ac investime","datePublished":"2026-04-29T08:12:00+00:00","dateModified":"2026-04-29T09:33:24+00:00","mainEntityOfPage":{"@id":"https:\/\/kosovatimes.info\/index.php\/2026\/04\/29\/rama-fton-amerikanet-te-investojne-ne-prishtine-permend-1-mld-e-investime\/"},"wordCount":333,"commentCount":0,"image":{"@id":"https:\/\/kosovatimes.info\/index.php\/2026\/04\/29\/rama-fton-amerikanet-te-investojne-ne-prishtine-permend-1-mld-e-investime\/#primaryimage"},"thumbnailUrl":"https:\/\/kosovatimes.info\/wp-content\/uploads\/2026\/04\/Rama.png","articleSection":["Kosov\u00eb","Lajme"],"inLanguage":"en-US","potentialAction":[{"@type":"CommentAction","name":"Comment","target":["https:\/\/kosovatimes.info\/index.php\/2026\/04\/29\/rama-fton-amerikanet-te-investojne-ne-prishtine-permend-1-mld-e-investime\/#respond"]}]},{"@type":"WebPage","@id":"https:\/\/kosovatimes.info\/index.php\/2026\/04\/29\/rama-fton-amerikanet-te-investojne-ne-prishtine-permend-1-mld-e-investime\/","url":"https:\/\/kosovatimes.info\/index.php\/2026\/04\/29\/rama-fton-amerikanet-te-investojne-ne-prishtine-permend-1-mld-e-investime\/","name":"Rama fton amerikan\u00ebt t\u00eb investojn\u00eb n\u00eb Prishtin\u00eb, p\u00ebrmend 1 mld \u20ac investime - Kosova Times","isPartOf":{"@id":"https:\/\/kosovatimes.info\/#website"},"primaryImageOfPage":{"@id":"https:\/\/kosovatimes.info\/index.php\/2026\/04\/29\/rama-fton-amerikanet-te-investojne-ne-prishtine-permend-1-mld-e-investime\/#primaryimage"},"image":{"@id":"https:\/\/kosovatimes.info\/index.php\/2026\/04\/29\/rama-fton-amerikanet-te-investojne-ne-prishtine-permend-1-mld-e-investime\/#primaryimage"},"thumbnailUrl":"https:\/\/kosovatimes.info\/wp-content\/uploads\/2026\/04\/Rama.png","datePublished":"2026-04-29T08:12:00+00:00","dateModified":"2026-04-29T09:33:24+00:00","author":{"@id":"https:\/\/kosovatimes.info\/#\/schema\/person\/7586712b9c512fe68085de007378c915"},"breadcrumb":{"@id":"https:\/\/kosovatimes.info\/index.php\/2026\/04\/29\/rama-fton-amerikanet-te-investojne-ne-prishtine-permend-1-mld-e-investime\/#breadcrumb"},"inLanguage":"en-US","potentialAction":[{"@type":"ReadAction","target":["https:\/\/kosovatimes.info\/index.php\/2026\/04\/29\/rama-fton-amerikanet-te-investojne-ne-prishtine-permend-1-mld-e-investime\/"]}]},{"@type":"ImageObject","inLanguage":"en-US","@id":"https:\/\/kosovatimes.info\/index.php\/2026\/04\/29\/rama-fton-amerikanet-te-investojne-ne-prishtine-permend-1-mld-e-investime\/#primaryimage","url":"https:\/\/kosovatimes.info\/wp-content\/uploads\/2026\/04\/Rama.png","contentUrl":"https:\/\/kosovatimes.info\/wp-content\/uploads\/2026\/04\/Rama.png","width":683,"height":500},{"@type":"BreadcrumbList","@id":"https:\/\/kosovatimes.info\/index.php\/2026\/04\/29\/rama-fton-amerikanet-te-investojne-ne-prishtine-permend-1-mld-e-investime\/#breadcrumb","itemListElement":[{"@type":"ListItem","position":1,"name":"Home","item":"https:\/\/kosovatimes.info\/"},{"@type":"ListItem","position":2,"name":"Rama fton amerikan\u00ebt t\u00eb investojn\u00eb n\u00eb Prishtin\u00eb, p\u00ebrmend 1 mld \u20ac investime"}]},{"@type":"WebSite","@id":"https:\/\/kosovatimes.info\/#website","url":"https:\/\/kosovatimes.info\/","name":"Kosova Times","description":"","potentialAction":[{"@type":"SearchAction","target":{"@type":"EntryPoint","urlTemplate":"https:\/\/kosovatimes.info\/?s={search_term_string}"},"query-input":{"@type":"PropertyValueSpecification","valueRequired":true,"valueName":"search_term_string"}}],"inLanguage":"en-US"},{"@type":"Person","@id":"https:\/\/kosovatimes.info\/#\/schema\/person\/7586712b9c512fe68085de007378c915","name":"i l","image":{"@type":"ImageObject","inLanguage":"en-US","@id":"https:\/\/secure.gravatar.com\/avatar\/bad9296e02816160ae2e2435beda58222022298d5625d49fea74d18816fbb31d?s=96&d=mm&r=g","url":"https:\/\/secure.gravatar.com\/avatar\/bad9296e02816160ae2e2435beda58222022298d5625d49fea74d18816fbb31d?s=96&d=mm&r=g","contentUrl":"https:\/\/secure.gravatar.com\/avatar\/bad9296e02816160ae2e2435beda58222022298d5625d49fea74d18816fbb31d?s=96&d=mm&r=g","caption":"i l"},"url":"https:\/\/kosovatimes.info\/index.php\/author\/iliri\/"}]}},"_links":{"self":[{"href":"https:\/\/kosovatimes.info\/index.php\/wp-json\/wp\/v2\/posts\/12443","targetHints":{"allow":["GET"]}}],"collection":[{"href":"https:\/\/kosovatimes.info\/index.php\/wp-json\/wp\/v2\/posts"}],"about":[{"href":"https:\/\/kosovatimes.info\/index.php\/wp-json\/wp\/v2\/types\/post"}],"author":[{"embeddable":true,"href":"https:\/\/kosovatimes.info\/index.php\/wp-json\/wp\/v2\/users\/4"}],"replies":[{"embeddable":true,"href":"https:\/\/kosovatimes.info\/index.php\/wp-json\/wp\/v2\/comments?post=12443"}],"version-history":[{"count":1,"href":"https:\/\/kosovatimes.info\/index.php\/wp-json\/wp\/v2\/posts\/12443\/revisions"}],"predecessor-version":[{"id":12446,"href":"https:\/\/kosovatimes.info\/index.php\/wp-json\/wp\/v2\/posts\/12443\/revisions\/12446"}],"wp:featuredmedia":[{"embeddable":true,"href":"https:\/\/kosovatimes.info\/index.php\/wp-json\/wp\/v2\/media\/12445"}],"wp:attachment":[{"href":"https:\/\/kosovatimes.info\/index.php\/wp-json\/wp\/v2\/media?parent=12443"}],"wp:term":[{"taxonomy":"category","embeddable":true,"href":"https:\/\/kosovatimes.info\/index.php\/wp-json\/wp\/v2\/categories?post=12443"},{"taxonomy":"post_tag","embeddable":true,"href":"https:\/\/kosovatimes.info\/index.php\/wp-json\/wp\/v2\/tags?post=12443"}],"curies":[{"name":"wp","href":"https:\/\/api.w.org\/{rel}","templated":true}]}}