{"id":12447,"date":"2026-04-29T10:13:00","date_gmt":"2026-04-29T08:13:00","guid":{"rendered":"https:\/\/kosovatimes.info\/?p=12447"},"modified":"2026-04-29T11:35:40","modified_gmt":"2026-04-29T09:35:40","slug":"radenkoviq-pranon-fajesine-per-sulmin-ndaj-kfor-it-dhe-policise","status":"publish","type":"post","link":"https:\/\/kosovatimes.info\/index.php\/2026\/04\/29\/radenkoviq-pranon-fajesine-per-sulmin-ndaj-kfor-it-dhe-policise\/","title":{"rendered":"Radenkoviq pranon faj\u00ebsin\u00eb p\u00ebr sulmin ndaj KFOR-it dhe Policis\u00eb"},"content":{"rendered":"\n<p><strong>I akuzuari Sllobodan Radenkoviq ka pranuar faj\u00ebsin\u00eb p\u00ebr dy vepra penale, pas nj\u00eb marr\u00ebveshjeje t\u00eb arritur me Prokurorin\u00eb Speciale t\u00eb Kosov\u00ebs. Gjykata e ka pranuar marr\u00ebveshjen, sipas s\u00eb cil\u00ebs ai ka pranuar p\u00ebrgjegj\u00ebsin\u00eb p\u00ebr \u201cSulm ndaj personit zyrtar\u201d dhe \u201cPjes\u00ebmarrje n\u00eb turm\u00eb q\u00eb kryen vep\u00ebr penale dhe huliganiz\u00ebm\u201d, lidhur me ngjarjet e 29 majit 2023 n\u00eb Zve\u00e7an. Prokuroria ka theksuar se marr\u00ebveshja \u00ebsht\u00eb arritur \u201cme vullnet t\u00eb lir\u00eb, pa presion\u201d.<\/strong><\/p>\n\n\n\n<p>I akuzuari Sllobodan Radenkoviq ka pranuar faj\u00ebsin\u00eb p\u00ebr veprat penale \u201cSulm ndaj personit zyrtar\u201d dhe \u201cPjes\u00ebmarrja n\u00eb turm\u00eb q\u00eb kryen vep\u00ebr penale dhe huliganizmi\u201d, pas arritjes s\u00eb nj\u00eb marr\u00ebveshjeje me Prokurorin\u00eb Speciale.<\/p>\n\n\n\n<p>Sipas aktakuz\u00ebs, m\u00eb 29.05.2023, n\u00eb perimetrin e Komun\u00ebs s\u00eb Zve\u00e7anit, ai dyshohet se \u201cka marr\u00eb pjes\u00eb aktive n\u00eb nj\u00eb grup q\u00eb ka ushtruar dhun\u00eb ndaj pjes\u00ebtar\u00ebve t\u00eb misionit paqeruajt\u00ebs KFOR dhe Policis\u00eb s\u00eb Kosov\u00ebs\u201d.<\/p>\n\n\n\n<p>Prokurori special Bekim Kodraliu ka deklauar se marr\u00ebveshja \u00ebsht\u00eb arritur n\u00eb m\u00ebnyr\u00eb t\u00eb ligjshme dhe pa presion:<\/p>\n\n\n\n<p>\u201cMarr\u00ebveshja \u00ebsht\u00eb arritur me vullnet t\u00eb lir\u00eb, pa presion dhe n\u00eb konsultim t\u00eb vazhduesh\u00ebm me mbrojt\u00ebsin e t\u00eb pandehurit\u201d, ka theksuar ai<\/p>\n\n\n\n<p>Ai ka treguar edhe d\u00ebnimet e dakorduara.<\/p>\n\n\n\n<p>\u201cP\u00ebr vepr\u00ebn penale \u2018Sulm ndaj personit zyrtar\u2019 t\u2019i shqiptohet d\u00ebnim me burgim n\u00eb koh\u00ebzgjatje prej 2 viteve. Nd\u00ebrsa p\u00ebr vepr\u00ebn tjet\u00ebr 6 muaj, me mund\u00ebsi z\u00ebvend\u00ebsimi me gjob\u00eb prej 15 mij\u00eb euro\u201d, tha ai.<\/p>\n\n\n\n<p>Mbrojtja e t\u00eb akuzuarit u pajtua me marr\u00ebveshjen dhe k\u00ebrkoi q\u00eb pagesa e shum\u00ebs s\u00eb gjob\u00ebs t\u00eb b\u00ebhet me k\u00ebste p\u00ebr dy vjet. Edhe vet\u00eb i akuzuari deklaroi se q\u00ebndron prapa marr\u00ebveshjes s\u00eb arritur me Prokurorin\u00eb Speciale.<\/p>\n\n\n\n<p>Gjykata, me gjyqtaren Medie Bytyqi, e ka pranuar marr\u00ebveshjen p\u00ebr pranimin e faj\u00ebsis\u00eb.<\/p>\n","protected":false},"excerpt":{"rendered":"<p>I akuzuari Sllobodan Radenkoviq ka pranuar faj\u00ebsin\u00eb p\u00ebr dy vepra penale, pas nj\u00eb marr\u00ebveshjeje t\u00eb arritur me Prokurorin\u00eb Speciale t\u00eb Kosov\u00ebs. Gjykata e ka pranuar marr\u00ebveshjen, sipas s\u00eb cil\u00ebs ai ka pranuar p\u00ebrgjegj\u00ebsin\u00eb p\u00ebr \u201cSulm ndaj personit zyrtar\u201d dhe \u201cPjes\u00ebmarrje n\u00eb turm\u00eb q\u00eb kryen vep\u00ebr penale dhe huliganiz\u00ebm\u201d, lidhur me ngjarjet e 29 majit 2023 [&hellip;]<\/p>\n","protected":false},"author":4,"featured_media":12448,"comment_status":"open","ping_status":"open","sticky":false,"template":"","format":"standard","meta":{"footnotes":""},"categories":[31,30],"tags":[],"class_list":{"0":"post-12447","1":"post","2":"type-post","3":"status-publish","4":"format-standard","5":"has-post-thumbnail","7":"category-kosove","8":"category-lajme"},"yoast_head":"<!-- This site is optimized with the Yoast SEO plugin v27.4 - https:\/\/yoast.com\/product\/yoast-seo-wordpress\/ -->\n<title>Radenkoviq pranon faj\u00ebsin\u00eb p\u00ebr sulmin ndaj KFOR-it dhe Policis\u00eb - Kosova Times<\/title>\n<meta name=\"robots\" content=\"index, follow, max-snippet:-1, max-image-preview:large, max-video-preview:-1\" \/>\n<link rel=\"canonical\" href=\"https:\/\/kosovatimes.info\/index.php\/2026\/04\/29\/radenkoviq-pranon-fajesine-per-sulmin-ndaj-kfor-it-dhe-policise\/\" \/>\n<meta property=\"og:locale\" content=\"en_US\" \/>\n<meta property=\"og:type\" content=\"article\" \/>\n<meta property=\"og:title\" content=\"Radenkoviq pranon faj\u00ebsin\u00eb p\u00ebr sulmin ndaj KFOR-it dhe Policis\u00eb - Kosova Times\" \/>\n<meta property=\"og:description\" content=\"I akuzuari Sllobodan Radenkoviq ka pranuar faj\u00ebsin\u00eb p\u00ebr dy vepra penale, pas nj\u00eb marr\u00ebveshjeje t\u00eb arritur me Prokurorin\u00eb Speciale t\u00eb Kosov\u00ebs. Gjykata e ka pranuar marr\u00ebveshjen, sipas s\u00eb cil\u00ebs ai ka pranuar p\u00ebrgjegj\u00ebsin\u00eb p\u00ebr \u201cSulm ndaj personit zyrtar\u201d dhe \u201cPjes\u00ebmarrje n\u00eb turm\u00eb q\u00eb kryen vep\u00ebr penale dhe huliganiz\u00ebm\u201d, lidhur me ngjarjet e 29 majit 2023 [&hellip;]\" \/>\n<meta property=\"og:url\" content=\"https:\/\/kosovatimes.info\/index.php\/2026\/04\/29\/radenkoviq-pranon-fajesine-per-sulmin-ndaj-kfor-it-dhe-policise\/\" \/>\n<meta property=\"og:site_name\" content=\"Kosova Times\" \/>\n<meta property=\"article:published_time\" content=\"2026-04-29T08:13:00+00:00\" \/>\n<meta property=\"article:modified_time\" content=\"2026-04-29T09:35:40+00:00\" \/>\n<meta property=\"og:image\" content=\"https:\/\/kosovatimes.info\/wp-content\/uploads\/2026\/04\/Radenkoviq.jpeg\" \/>\n\t<meta property=\"og:image:width\" content=\"393\" \/>\n\t<meta property=\"og:image:height\" content=\"462\" \/>\n\t<meta property=\"og:image:type\" content=\"image\/jpeg\" \/>\n<meta name=\"author\" content=\"i l\" \/>\n<meta name=\"twitter:card\" content=\"summary_large_image\" \/>\n<meta name=\"twitter:label1\" content=\"Written by\" \/>\n\t<meta name=\"twitter:data1\" content=\"i l\" \/>\n\t<meta name=\"twitter:label2\" content=\"Est. reading time\" \/>\n\t<meta name=\"twitter:data2\" content=\"2 minutes\" \/>\n<script type=\"application\/ld+json\" class=\"yoast-schema-graph\">{\"@context\":\"https:\\\/\\\/schema.org\",\"@graph\":[{\"@type\":\"Article\",\"@id\":\"https:\\\/\\\/kosovatimes.info\\\/index.php\\\/2026\\\/04\\\/29\\\/radenkoviq-pranon-fajesine-per-sulmin-ndaj-kfor-it-dhe-policise\\\/#article\",\"isPartOf\":{\"@id\":\"https:\\\/\\\/kosovatimes.info\\\/index.php\\\/2026\\\/04\\\/29\\\/radenkoviq-pranon-fajesine-per-sulmin-ndaj-kfor-it-dhe-policise\\\/\"},\"author\":{\"name\":\"i l\",\"@id\":\"https:\\\/\\\/kosovatimes.info\\\/#\\\/schema\\\/person\\\/7586712b9c512fe68085de007378c915\"},\"headline\":\"Radenkoviq pranon faj\u00ebsin\u00eb p\u00ebr sulmin ndaj KFOR-it dhe Policis\u00eb\",\"datePublished\":\"2026-04-29T08:13:00+00:00\",\"dateModified\":\"2026-04-29T09:35:40+00:00\",\"mainEntityOfPage\":{\"@id\":\"https:\\\/\\\/kosovatimes.info\\\/index.php\\\/2026\\\/04\\\/29\\\/radenkoviq-pranon-fajesine-per-sulmin-ndaj-kfor-it-dhe-policise\\\/\"},\"wordCount\":327,\"commentCount\":0,\"image\":{\"@id\":\"https:\\\/\\\/kosovatimes.info\\\/index.php\\\/2026\\\/04\\\/29\\\/radenkoviq-pranon-fajesine-per-sulmin-ndaj-kfor-it-dhe-policise\\\/#primaryimage\"},\"thumbnailUrl\":\"https:\\\/\\\/kosovatimes.info\\\/wp-content\\\/uploads\\\/2026\\\/04\\\/Radenkoviq.jpeg\",\"articleSection\":[\"Kosov\u00eb\",\"Lajme\"],\"inLanguage\":\"en-US\",\"potentialAction\":[{\"@type\":\"CommentAction\",\"name\":\"Comment\",\"target\":[\"https:\\\/\\\/kosovatimes.info\\\/index.php\\\/2026\\\/04\\\/29\\\/radenkoviq-pranon-fajesine-per-sulmin-ndaj-kfor-it-dhe-policise\\\/#respond\"]}]},{\"@type\":\"WebPage\",\"@id\":\"https:\\\/\\\/kosovatimes.info\\\/index.php\\\/2026\\\/04\\\/29\\\/radenkoviq-pranon-fajesine-per-sulmin-ndaj-kfor-it-dhe-policise\\\/\",\"url\":\"https:\\\/\\\/kosovatimes.info\\\/index.php\\\/2026\\\/04\\\/29\\\/radenkoviq-pranon-fajesine-per-sulmin-ndaj-kfor-it-dhe-policise\\\/\",\"name\":\"Radenkoviq pranon faj\u00ebsin\u00eb p\u00ebr sulmin ndaj KFOR-it dhe Policis\u00eb - Kosova Times\",\"isPartOf\":{\"@id\":\"https:\\\/\\\/kosovatimes.info\\\/#website\"},\"primaryImageOfPage\":{\"@id\":\"https:\\\/\\\/kosovatimes.info\\\/index.php\\\/2026\\\/04\\\/29\\\/radenkoviq-pranon-fajesine-per-sulmin-ndaj-kfor-it-dhe-policise\\\/#primaryimage\"},\"image\":{\"@id\":\"https:\\\/\\\/kosovatimes.info\\\/index.php\\\/2026\\\/04\\\/29\\\/radenkoviq-pranon-fajesine-per-sulmin-ndaj-kfor-it-dhe-policise\\\/#primaryimage\"},\"thumbnailUrl\":\"https:\\\/\\\/kosovatimes.info\\\/wp-content\\\/uploads\\\/2026\\\/04\\\/Radenkoviq.jpeg\",\"datePublished\":\"2026-04-29T08:13:00+00:00\",\"dateModified\":\"2026-04-29T09:35:40+00:00\",\"author\":{\"@id\":\"https:\\\/\\\/kosovatimes.info\\\/#\\\/schema\\\/person\\\/7586712b9c512fe68085de007378c915\"},\"breadcrumb\":{\"@id\":\"https:\\\/\\\/kosovatimes.info\\\/index.php\\\/2026\\\/04\\\/29\\\/radenkoviq-pranon-fajesine-per-sulmin-ndaj-kfor-it-dhe-policise\\\/#breadcrumb\"},\"inLanguage\":\"en-US\",\"potentialAction\":[{\"@type\":\"ReadAction\",\"target\":[\"https:\\\/\\\/kosovatimes.info\\\/index.php\\\/2026\\\/04\\\/29\\\/radenkoviq-pranon-fajesine-per-sulmin-ndaj-kfor-it-dhe-policise\\\/\"]}]},{\"@type\":\"ImageObject\",\"inLanguage\":\"en-US\",\"@id\":\"https:\\\/\\\/kosovatimes.info\\\/index.php\\\/2026\\\/04\\\/29\\\/radenkoviq-pranon-fajesine-per-sulmin-ndaj-kfor-it-dhe-policise\\\/#primaryimage\",\"url\":\"https:\\\/\\\/kosovatimes.info\\\/wp-content\\\/uploads\\\/2026\\\/04\\\/Radenkoviq.jpeg\",\"contentUrl\":\"https:\\\/\\\/kosovatimes.info\\\/wp-content\\\/uploads\\\/2026\\\/04\\\/Radenkoviq.jpeg\",\"width\":393,\"height\":462},{\"@type\":\"BreadcrumbList\",\"@id\":\"https:\\\/\\\/kosovatimes.info\\\/index.php\\\/2026\\\/04\\\/29\\\/radenkoviq-pranon-fajesine-per-sulmin-ndaj-kfor-it-dhe-policise\\\/#breadcrumb\",\"itemListElement\":[{\"@type\":\"ListItem\",\"position\":1,\"name\":\"Home\",\"item\":\"https:\\\/\\\/kosovatimes.info\\\/\"},{\"@type\":\"ListItem\",\"position\":2,\"name\":\"Radenkoviq pranon faj\u00ebsin\u00eb p\u00ebr sulmin ndaj KFOR-it dhe Policis\u00eb\"}]},{\"@type\":\"WebSite\",\"@id\":\"https:\\\/\\\/kosovatimes.info\\\/#website\",\"url\":\"https:\\\/\\\/kosovatimes.info\\\/\",\"name\":\"Kosova Times\",\"description\":\"\",\"potentialAction\":[{\"@type\":\"SearchAction\",\"target\":{\"@type\":\"EntryPoint\",\"urlTemplate\":\"https:\\\/\\\/kosovatimes.info\\\/?s={search_term_string}\"},\"query-input\":{\"@type\":\"PropertyValueSpecification\",\"valueRequired\":true,\"valueName\":\"search_term_string\"}}],\"inLanguage\":\"en-US\"},{\"@type\":\"Person\",\"@id\":\"https:\\\/\\\/kosovatimes.info\\\/#\\\/schema\\\/person\\\/7586712b9c512fe68085de007378c915\",\"name\":\"i l\",\"image\":{\"@type\":\"ImageObject\",\"inLanguage\":\"en-US\",\"@id\":\"https:\\\/\\\/secure.gravatar.com\\\/avatar\\\/bad9296e02816160ae2e2435beda58222022298d5625d49fea74d18816fbb31d?s=96&d=mm&r=g\",\"url\":\"https:\\\/\\\/secure.gravatar.com\\\/avatar\\\/bad9296e02816160ae2e2435beda58222022298d5625d49fea74d18816fbb31d?s=96&d=mm&r=g\",\"contentUrl\":\"https:\\\/\\\/secure.gravatar.com\\\/avatar\\\/bad9296e02816160ae2e2435beda58222022298d5625d49fea74d18816fbb31d?s=96&d=mm&r=g\",\"caption\":\"i l\"},\"url\":\"https:\\\/\\\/kosovatimes.info\\\/index.php\\\/author\\\/iliri\\\/\"}]}<\/script>\n<!-- \/ Yoast SEO plugin. -->","yoast_head_json":{"title":"Radenkoviq pranon faj\u00ebsin\u00eb p\u00ebr sulmin ndaj KFOR-it dhe Policis\u00eb - Kosova Times","robots":{"index":"index","follow":"follow","max-snippet":"max-snippet:-1","max-image-preview":"max-image-preview:large","max-video-preview":"max-video-preview:-1"},"canonical":"https:\/\/kosovatimes.info\/index.php\/2026\/04\/29\/radenkoviq-pranon-fajesine-per-sulmin-ndaj-kfor-it-dhe-policise\/","og_locale":"en_US","og_type":"article","og_title":"Radenkoviq pranon faj\u00ebsin\u00eb p\u00ebr sulmin ndaj KFOR-it dhe Policis\u00eb - Kosova Times","og_description":"I akuzuari Sllobodan Radenkoviq ka pranuar faj\u00ebsin\u00eb p\u00ebr dy vepra penale, pas nj\u00eb marr\u00ebveshjeje t\u00eb arritur me Prokurorin\u00eb Speciale t\u00eb Kosov\u00ebs. Gjykata e ka pranuar marr\u00ebveshjen, sipas s\u00eb cil\u00ebs ai ka pranuar p\u00ebrgjegj\u00ebsin\u00eb p\u00ebr \u201cSulm ndaj personit zyrtar\u201d dhe \u201cPjes\u00ebmarrje n\u00eb turm\u00eb q\u00eb kryen vep\u00ebr penale dhe huliganiz\u00ebm\u201d, lidhur me ngjarjet e 29 majit 2023 [&hellip;]","og_url":"https:\/\/kosovatimes.info\/index.php\/2026\/04\/29\/radenkoviq-pranon-fajesine-per-sulmin-ndaj-kfor-it-dhe-policise\/","og_site_name":"Kosova Times","article_published_time":"2026-04-29T08:13:00+00:00","article_modified_time":"2026-04-29T09:35:40+00:00","og_image":[{"width":393,"height":462,"url":"https:\/\/kosovatimes.info\/wp-content\/uploads\/2026\/04\/Radenkoviq.jpeg","type":"image\/jpeg"}],"author":"i l","twitter_card":"summary_large_image","twitter_misc":{"Written by":"i l","Est. reading time":"2 minutes"},"schema":{"@context":"https:\/\/schema.org","@graph":[{"@type":"Article","@id":"https:\/\/kosovatimes.info\/index.php\/2026\/04\/29\/radenkoviq-pranon-fajesine-per-sulmin-ndaj-kfor-it-dhe-policise\/#article","isPartOf":{"@id":"https:\/\/kosovatimes.info\/index.php\/2026\/04\/29\/radenkoviq-pranon-fajesine-per-sulmin-ndaj-kfor-it-dhe-policise\/"},"author":{"name":"i l","@id":"https:\/\/kosovatimes.info\/#\/schema\/person\/7586712b9c512fe68085de007378c915"},"headline":"Radenkoviq pranon faj\u00ebsin\u00eb p\u00ebr sulmin ndaj KFOR-it dhe Policis\u00eb","datePublished":"2026-04-29T08:13:00+00:00","dateModified":"2026-04-29T09:35:40+00:00","mainEntityOfPage":{"@id":"https:\/\/kosovatimes.info\/index.php\/2026\/04\/29\/radenkoviq-pranon-fajesine-per-sulmin-ndaj-kfor-it-dhe-policise\/"},"wordCount":327,"commentCount":0,"image":{"@id":"https:\/\/kosovatimes.info\/index.php\/2026\/04\/29\/radenkoviq-pranon-fajesine-per-sulmin-ndaj-kfor-it-dhe-policise\/#primaryimage"},"thumbnailUrl":"https:\/\/kosovatimes.info\/wp-content\/uploads\/2026\/04\/Radenkoviq.jpeg","articleSection":["Kosov\u00eb","Lajme"],"inLanguage":"en-US","potentialAction":[{"@type":"CommentAction","name":"Comment","target":["https:\/\/kosovatimes.info\/index.php\/2026\/04\/29\/radenkoviq-pranon-fajesine-per-sulmin-ndaj-kfor-it-dhe-policise\/#respond"]}]},{"@type":"WebPage","@id":"https:\/\/kosovatimes.info\/index.php\/2026\/04\/29\/radenkoviq-pranon-fajesine-per-sulmin-ndaj-kfor-it-dhe-policise\/","url":"https:\/\/kosovatimes.info\/index.php\/2026\/04\/29\/radenkoviq-pranon-fajesine-per-sulmin-ndaj-kfor-it-dhe-policise\/","name":"Radenkoviq pranon faj\u00ebsin\u00eb p\u00ebr sulmin ndaj KFOR-it dhe Policis\u00eb - Kosova Times","isPartOf":{"@id":"https:\/\/kosovatimes.info\/#website"},"primaryImageOfPage":{"@id":"https:\/\/kosovatimes.info\/index.php\/2026\/04\/29\/radenkoviq-pranon-fajesine-per-sulmin-ndaj-kfor-it-dhe-policise\/#primaryimage"},"image":{"@id":"https:\/\/kosovatimes.info\/index.php\/2026\/04\/29\/radenkoviq-pranon-fajesine-per-sulmin-ndaj-kfor-it-dhe-policise\/#primaryimage"},"thumbnailUrl":"https:\/\/kosovatimes.info\/wp-content\/uploads\/2026\/04\/Radenkoviq.jpeg","datePublished":"2026-04-29T08:13:00+00:00","dateModified":"2026-04-29T09:35:40+00:00","author":{"@id":"https:\/\/kosovatimes.info\/#\/schema\/person\/7586712b9c512fe68085de007378c915"},"breadcrumb":{"@id":"https:\/\/kosovatimes.info\/index.php\/2026\/04\/29\/radenkoviq-pranon-fajesine-per-sulmin-ndaj-kfor-it-dhe-policise\/#breadcrumb"},"inLanguage":"en-US","potentialAction":[{"@type":"ReadAction","target":["https:\/\/kosovatimes.info\/index.php\/2026\/04\/29\/radenkoviq-pranon-fajesine-per-sulmin-ndaj-kfor-it-dhe-policise\/"]}]},{"@type":"ImageObject","inLanguage":"en-US","@id":"https:\/\/kosovatimes.info\/index.php\/2026\/04\/29\/radenkoviq-pranon-fajesine-per-sulmin-ndaj-kfor-it-dhe-policise\/#primaryimage","url":"https:\/\/kosovatimes.info\/wp-content\/uploads\/2026\/04\/Radenkoviq.jpeg","contentUrl":"https:\/\/kosovatimes.info\/wp-content\/uploads\/2026\/04\/Radenkoviq.jpeg","width":393,"height":462},{"@type":"BreadcrumbList","@id":"https:\/\/kosovatimes.info\/index.php\/2026\/04\/29\/radenkoviq-pranon-fajesine-per-sulmin-ndaj-kfor-it-dhe-policise\/#breadcrumb","itemListElement":[{"@type":"ListItem","position":1,"name":"Home","item":"https:\/\/kosovatimes.info\/"},{"@type":"ListItem","position":2,"name":"Radenkoviq pranon faj\u00ebsin\u00eb p\u00ebr sulmin ndaj KFOR-it dhe Policis\u00eb"}]},{"@type":"WebSite","@id":"https:\/\/kosovatimes.info\/#website","url":"https:\/\/kosovatimes.info\/","name":"Kosova Times","description":"","potentialAction":[{"@type":"SearchAction","target":{"@type":"EntryPoint","urlTemplate":"https:\/\/kosovatimes.info\/?s={search_term_string}"},"query-input":{"@type":"PropertyValueSpecification","valueRequired":true,"valueName":"search_term_string"}}],"inLanguage":"en-US"},{"@type":"Person","@id":"https:\/\/kosovatimes.info\/#\/schema\/person\/7586712b9c512fe68085de007378c915","name":"i l","image":{"@type":"ImageObject","inLanguage":"en-US","@id":"https:\/\/secure.gravatar.com\/avatar\/bad9296e02816160ae2e2435beda58222022298d5625d49fea74d18816fbb31d?s=96&d=mm&r=g","url":"https:\/\/secure.gravatar.com\/avatar\/bad9296e02816160ae2e2435beda58222022298d5625d49fea74d18816fbb31d?s=96&d=mm&r=g","contentUrl":"https:\/\/secure.gravatar.com\/avatar\/bad9296e02816160ae2e2435beda58222022298d5625d49fea74d18816fbb31d?s=96&d=mm&r=g","caption":"i l"},"url":"https:\/\/kosovatimes.info\/index.php\/author\/iliri\/"}]}},"_links":{"self":[{"href":"https:\/\/kosovatimes.info\/index.php\/wp-json\/wp\/v2\/posts\/12447","targetHints":{"allow":["GET"]}}],"collection":[{"href":"https:\/\/kosovatimes.info\/index.php\/wp-json\/wp\/v2\/posts"}],"about":[{"href":"https:\/\/kosovatimes.info\/index.php\/wp-json\/wp\/v2\/types\/post"}],"author":[{"embeddable":true,"href":"https:\/\/kosovatimes.info\/index.php\/wp-json\/wp\/v2\/users\/4"}],"replies":[{"embeddable":true,"href":"https:\/\/kosovatimes.info\/index.php\/wp-json\/wp\/v2\/comments?post=12447"}],"version-history":[{"count":1,"href":"https:\/\/kosovatimes.info\/index.php\/wp-json\/wp\/v2\/posts\/12447\/revisions"}],"predecessor-version":[{"id":12449,"href":"https:\/\/kosovatimes.info\/index.php\/wp-json\/wp\/v2\/posts\/12447\/revisions\/12449"}],"wp:featuredmedia":[{"embeddable":true,"href":"https:\/\/kosovatimes.info\/index.php\/wp-json\/wp\/v2\/media\/12448"}],"wp:attachment":[{"href":"https:\/\/kosovatimes.info\/index.php\/wp-json\/wp\/v2\/media?parent=12447"}],"wp:term":[{"taxonomy":"category","embeddable":true,"href":"https:\/\/kosovatimes.info\/index.php\/wp-json\/wp\/v2\/categories?post=12447"},{"taxonomy":"post_tag","embeddable":true,"href":"https:\/\/kosovatimes.info\/index.php\/wp-json\/wp\/v2\/tags?post=12447"}],"curies":[{"name":"wp","href":"https:\/\/api.w.org\/{rel}","templated":true}]}}