{"id":12453,"date":"2026-04-29T10:53:00","date_gmt":"2026-04-29T08:53:00","guid":{"rendered":"https:\/\/kosovatimes.info\/?p=12453"},"modified":"2026-04-29T11:37:56","modified_gmt":"2026-04-29T09:37:56","slug":"oek-thirrje-qeverise-per-perfshirje-ne-projektet-rajonale-te-gazit","status":"publish","type":"post","link":"https:\/\/kosovatimes.info\/index.php\/2026\/04\/29\/oek-thirrje-qeverise-per-perfshirje-ne-projektet-rajonale-te-gazit\/","title":{"rendered":"OEK thirrje Qeveris\u00eb p\u00ebr p\u00ebrfshirje n\u00eb projektet rajonale t\u00eb gazit"},"content":{"rendered":"\n<p><strong>Oda Ekonomike e Kosov\u00ebs i b\u00ebn thirrje Qeveris\u00eb s\u00eb Kosov\u00ebs q\u00eb t\u00eb nd\u00ebrmarr\u00eb hapa t\u00eb menj\u00ebhersh\u00ebm p\u00ebr p\u00ebrfshirjen e vendit n\u00eb projektet rajonale t\u00eb gazit natyror, sipas tyre ve\u00e7an\u00ebrisht n\u00eb nj\u00eb koh\u00eb kur rajoni po hyn n\u00eb nj\u00eb faz\u00eb t\u00eb r\u00ebnd\u00ebsishme t\u00eb transformimit energjetik.<\/strong><\/p>\n\n\n\n<p>OEK n\u00eb reagimin e d\u00ebrguar p\u00ebr media kan\u00eb th\u00ebn\u00eb se marr\u00ebveshja nd\u00ebrmjet Bosnje dhe Hercegovin\u00ebs dhe Kroacis\u00eb p\u00ebr lidhje me terminalin LNG n\u00eb Krk, si dhe marr\u00ebveshja e re n\u00eb Shqip\u00ebri p\u00ebr gazin e l\u00ebngsh\u00ebm natyror, e mb\u00ebshtetur nga Shtetet e Bashkuara t\u00eb Amerik\u00ebs, d\u00ebshmojn\u00eb qart\u00eb se Ballkani Per\u00ebndimor po ripozicionohet n\u00eb hart\u00ebn energjetike t\u00eb Evrop\u00ebs.<\/p>\n\n\n\n<p>&nbsp;\u201cKosova nuk ka luksin t\u00eb mbetet anash, nd\u00ebrsa rajoni po nd\u00ebrton infrastruktur\u00ebn e s\u00eb ardhmes energjetike me mb\u00ebshtetjen e Shteteve t\u00eb Bashkuara t\u00eb Amerik\u00ebs. P\u00ebrfshirja n\u00eb k\u00ebto projekte \u00ebsht\u00eb jetike p\u00ebr sigurin\u00eb energjetike, zhvillimin ekonomik dhe t\u00ebrheqjen e investimeve strategjike,\u201d ka deklaruar kryetari i Od\u00ebs Ekonomike t\u00eb Kosov\u00ebs, Lulzim Rafuna.<\/p>\n\n\n\n<p>OEK thekson se p\u00ebrfshirja e Kosov\u00ebs n\u00eb k\u00ebto projekte duhet t\u00eb b\u00ebhet n\u00eb p\u00ebrputhje t\u00eb plot\u00eb me standardet e Bashkimit Evropian dhe me mb\u00ebshtetjen e partner\u00ebve strategjik\u00eb nd\u00ebrkomb\u00ebtar\u00eb, duke garantuar transparenc\u00eb dhe procese t\u00eb hapura konkurruese.<\/p>\n\n\n\n<p>\u201cOda Ekonomike e Kosov\u00ebs u b\u00ebn thirrje institucioneve vendore q\u00eb t\u00eb intensifikojn\u00eb dialogun me partner\u00ebt rajonal\u00eb dhe nd\u00ebrkomb\u00ebtar\u00eb, n\u00eb m\u00ebnyr\u00eb q\u00eb Kosova t\u00eb siguroj\u00eb nj\u00eb rol aktiv n\u00eb k\u00ebt\u00eb moment ky\u00e7 p\u00ebr t\u00eb ardhmen energjetike t\u00eb rajonit\u201d, thuhet n\u00eb reagim.<\/p>\n\n\n\n<p><\/p>\n","protected":false},"excerpt":{"rendered":"<p>Oda Ekonomike e Kosov\u00ebs i b\u00ebn thirrje Qeveris\u00eb s\u00eb Kosov\u00ebs q\u00eb t\u00eb nd\u00ebrmarr\u00eb hapa t\u00eb menj\u00ebhersh\u00ebm p\u00ebr p\u00ebrfshirjen e vendit n\u00eb projektet rajonale t\u00eb gazit natyror, sipas tyre ve\u00e7an\u00ebrisht n\u00eb nj\u00eb koh\u00eb kur rajoni po hyn n\u00eb nj\u00eb faz\u00eb t\u00eb r\u00ebnd\u00ebsishme t\u00eb transformimit energjetik. OEK n\u00eb reagimin e d\u00ebrguar p\u00ebr media kan\u00eb th\u00ebn\u00eb se marr\u00ebveshja [&hellip;]<\/p>\n","protected":false},"author":4,"featured_media":5084,"comment_status":"open","ping_status":"open","sticky":false,"template":"","format":"standard","meta":{"footnotes":""},"categories":[31,30],"tags":[],"class_list":{"0":"post-12453","1":"post","2":"type-post","3":"status-publish","4":"format-standard","5":"has-post-thumbnail","7":"category-kosove","8":"category-lajme"},"yoast_head":"<!-- This site is optimized with the Yoast SEO plugin v27.4 - https:\/\/yoast.com\/product\/yoast-seo-wordpress\/ -->\n<title>OEK thirrje Qeveris\u00eb p\u00ebr p\u00ebrfshirje n\u00eb projektet rajonale t\u00eb gazit - Kosova Times<\/title>\n<meta name=\"robots\" content=\"index, follow, max-snippet:-1, max-image-preview:large, max-video-preview:-1\" \/>\n<link rel=\"canonical\" href=\"https:\/\/kosovatimes.info\/index.php\/2026\/04\/29\/oek-thirrje-qeverise-per-perfshirje-ne-projektet-rajonale-te-gazit\/\" \/>\n<meta property=\"og:locale\" content=\"en_US\" \/>\n<meta property=\"og:type\" content=\"article\" \/>\n<meta property=\"og:title\" content=\"OEK thirrje Qeveris\u00eb p\u00ebr p\u00ebrfshirje n\u00eb projektet rajonale t\u00eb gazit - Kosova Times\" \/>\n<meta property=\"og:description\" content=\"Oda Ekonomike e Kosov\u00ebs i b\u00ebn thirrje Qeveris\u00eb s\u00eb Kosov\u00ebs q\u00eb t\u00eb nd\u00ebrmarr\u00eb hapa t\u00eb menj\u00ebhersh\u00ebm p\u00ebr p\u00ebrfshirjen e vendit n\u00eb projektet rajonale t\u00eb gazit natyror, sipas tyre ve\u00e7an\u00ebrisht n\u00eb nj\u00eb koh\u00eb kur rajoni po hyn n\u00eb nj\u00eb faz\u00eb t\u00eb r\u00ebnd\u00ebsishme t\u00eb transformimit energjetik. OEK n\u00eb reagimin e d\u00ebrguar p\u00ebr media kan\u00eb th\u00ebn\u00eb se marr\u00ebveshja [&hellip;]\" \/>\n<meta property=\"og:url\" content=\"https:\/\/kosovatimes.info\/index.php\/2026\/04\/29\/oek-thirrje-qeverise-per-perfshirje-ne-projektet-rajonale-te-gazit\/\" \/>\n<meta property=\"og:site_name\" content=\"Kosova Times\" \/>\n<meta property=\"article:published_time\" content=\"2026-04-29T08:53:00+00:00\" \/>\n<meta property=\"article:modified_time\" content=\"2026-04-29T09:37:56+00:00\" \/>\n<meta property=\"og:image\" content=\"https:\/\/kosovatimes.info\/wp-content\/uploads\/2026\/03\/OEK-1.jpg\" \/>\n\t<meta property=\"og:image:width\" content=\"780\" \/>\n\t<meta property=\"og:image:height\" content=\"369\" \/>\n\t<meta property=\"og:image:type\" content=\"image\/jpeg\" \/>\n<meta name=\"author\" content=\"i l\" \/>\n<meta name=\"twitter:card\" content=\"summary_large_image\" \/>\n<meta name=\"twitter:label1\" content=\"Written by\" \/>\n\t<meta name=\"twitter:data1\" content=\"i l\" \/>\n\t<meta name=\"twitter:label2\" content=\"Est. reading time\" \/>\n\t<meta name=\"twitter:data2\" content=\"2 minutes\" \/>\n<script type=\"application\/ld+json\" class=\"yoast-schema-graph\">{\"@context\":\"https:\\\/\\\/schema.org\",\"@graph\":[{\"@type\":\"Article\",\"@id\":\"https:\\\/\\\/kosovatimes.info\\\/index.php\\\/2026\\\/04\\\/29\\\/oek-thirrje-qeverise-per-perfshirje-ne-projektet-rajonale-te-gazit\\\/#article\",\"isPartOf\":{\"@id\":\"https:\\\/\\\/kosovatimes.info\\\/index.php\\\/2026\\\/04\\\/29\\\/oek-thirrje-qeverise-per-perfshirje-ne-projektet-rajonale-te-gazit\\\/\"},\"author\":{\"name\":\"i l\",\"@id\":\"https:\\\/\\\/kosovatimes.info\\\/#\\\/schema\\\/person\\\/7586712b9c512fe68085de007378c915\"},\"headline\":\"OEK thirrje Qeveris\u00eb p\u00ebr p\u00ebrfshirje n\u00eb projektet rajonale t\u00eb gazit\",\"datePublished\":\"2026-04-29T08:53:00+00:00\",\"dateModified\":\"2026-04-29T09:37:56+00:00\",\"mainEntityOfPage\":{\"@id\":\"https:\\\/\\\/kosovatimes.info\\\/index.php\\\/2026\\\/04\\\/29\\\/oek-thirrje-qeverise-per-perfshirje-ne-projektet-rajonale-te-gazit\\\/\"},\"wordCount\":297,\"commentCount\":0,\"image\":{\"@id\":\"https:\\\/\\\/kosovatimes.info\\\/index.php\\\/2026\\\/04\\\/29\\\/oek-thirrje-qeverise-per-perfshirje-ne-projektet-rajonale-te-gazit\\\/#primaryimage\"},\"thumbnailUrl\":\"https:\\\/\\\/kosovatimes.info\\\/wp-content\\\/uploads\\\/2026\\\/03\\\/OEK-1.jpg\",\"articleSection\":[\"Kosov\u00eb\",\"Lajme\"],\"inLanguage\":\"en-US\",\"potentialAction\":[{\"@type\":\"CommentAction\",\"name\":\"Comment\",\"target\":[\"https:\\\/\\\/kosovatimes.info\\\/index.php\\\/2026\\\/04\\\/29\\\/oek-thirrje-qeverise-per-perfshirje-ne-projektet-rajonale-te-gazit\\\/#respond\"]}]},{\"@type\":\"WebPage\",\"@id\":\"https:\\\/\\\/kosovatimes.info\\\/index.php\\\/2026\\\/04\\\/29\\\/oek-thirrje-qeverise-per-perfshirje-ne-projektet-rajonale-te-gazit\\\/\",\"url\":\"https:\\\/\\\/kosovatimes.info\\\/index.php\\\/2026\\\/04\\\/29\\\/oek-thirrje-qeverise-per-perfshirje-ne-projektet-rajonale-te-gazit\\\/\",\"name\":\"OEK thirrje Qeveris\u00eb p\u00ebr p\u00ebrfshirje n\u00eb projektet rajonale t\u00eb gazit - Kosova Times\",\"isPartOf\":{\"@id\":\"https:\\\/\\\/kosovatimes.info\\\/#website\"},\"primaryImageOfPage\":{\"@id\":\"https:\\\/\\\/kosovatimes.info\\\/index.php\\\/2026\\\/04\\\/29\\\/oek-thirrje-qeverise-per-perfshirje-ne-projektet-rajonale-te-gazit\\\/#primaryimage\"},\"image\":{\"@id\":\"https:\\\/\\\/kosovatimes.info\\\/index.php\\\/2026\\\/04\\\/29\\\/oek-thirrje-qeverise-per-perfshirje-ne-projektet-rajonale-te-gazit\\\/#primaryimage\"},\"thumbnailUrl\":\"https:\\\/\\\/kosovatimes.info\\\/wp-content\\\/uploads\\\/2026\\\/03\\\/OEK-1.jpg\",\"datePublished\":\"2026-04-29T08:53:00+00:00\",\"dateModified\":\"2026-04-29T09:37:56+00:00\",\"author\":{\"@id\":\"https:\\\/\\\/kosovatimes.info\\\/#\\\/schema\\\/person\\\/7586712b9c512fe68085de007378c915\"},\"breadcrumb\":{\"@id\":\"https:\\\/\\\/kosovatimes.info\\\/index.php\\\/2026\\\/04\\\/29\\\/oek-thirrje-qeverise-per-perfshirje-ne-projektet-rajonale-te-gazit\\\/#breadcrumb\"},\"inLanguage\":\"en-US\",\"potentialAction\":[{\"@type\":\"ReadAction\",\"target\":[\"https:\\\/\\\/kosovatimes.info\\\/index.php\\\/2026\\\/04\\\/29\\\/oek-thirrje-qeverise-per-perfshirje-ne-projektet-rajonale-te-gazit\\\/\"]}]},{\"@type\":\"ImageObject\",\"inLanguage\":\"en-US\",\"@id\":\"https:\\\/\\\/kosovatimes.info\\\/index.php\\\/2026\\\/04\\\/29\\\/oek-thirrje-qeverise-per-perfshirje-ne-projektet-rajonale-te-gazit\\\/#primaryimage\",\"url\":\"https:\\\/\\\/kosovatimes.info\\\/wp-content\\\/uploads\\\/2026\\\/03\\\/OEK-1.jpg\",\"contentUrl\":\"https:\\\/\\\/kosovatimes.info\\\/wp-content\\\/uploads\\\/2026\\\/03\\\/OEK-1.jpg\",\"width\":780,\"height\":369},{\"@type\":\"BreadcrumbList\",\"@id\":\"https:\\\/\\\/kosovatimes.info\\\/index.php\\\/2026\\\/04\\\/29\\\/oek-thirrje-qeverise-per-perfshirje-ne-projektet-rajonale-te-gazit\\\/#breadcrumb\",\"itemListElement\":[{\"@type\":\"ListItem\",\"position\":1,\"name\":\"Home\",\"item\":\"https:\\\/\\\/kosovatimes.info\\\/\"},{\"@type\":\"ListItem\",\"position\":2,\"name\":\"OEK thirrje Qeveris\u00eb p\u00ebr p\u00ebrfshirje n\u00eb projektet rajonale t\u00eb gazit\"}]},{\"@type\":\"WebSite\",\"@id\":\"https:\\\/\\\/kosovatimes.info\\\/#website\",\"url\":\"https:\\\/\\\/kosovatimes.info\\\/\",\"name\":\"Kosova Times\",\"description\":\"\",\"potentialAction\":[{\"@type\":\"SearchAction\",\"target\":{\"@type\":\"EntryPoint\",\"urlTemplate\":\"https:\\\/\\\/kosovatimes.info\\\/?s={search_term_string}\"},\"query-input\":{\"@type\":\"PropertyValueSpecification\",\"valueRequired\":true,\"valueName\":\"search_term_string\"}}],\"inLanguage\":\"en-US\"},{\"@type\":\"Person\",\"@id\":\"https:\\\/\\\/kosovatimes.info\\\/#\\\/schema\\\/person\\\/7586712b9c512fe68085de007378c915\",\"name\":\"i l\",\"image\":{\"@type\":\"ImageObject\",\"inLanguage\":\"en-US\",\"@id\":\"https:\\\/\\\/secure.gravatar.com\\\/avatar\\\/bad9296e02816160ae2e2435beda58222022298d5625d49fea74d18816fbb31d?s=96&d=mm&r=g\",\"url\":\"https:\\\/\\\/secure.gravatar.com\\\/avatar\\\/bad9296e02816160ae2e2435beda58222022298d5625d49fea74d18816fbb31d?s=96&d=mm&r=g\",\"contentUrl\":\"https:\\\/\\\/secure.gravatar.com\\\/avatar\\\/bad9296e02816160ae2e2435beda58222022298d5625d49fea74d18816fbb31d?s=96&d=mm&r=g\",\"caption\":\"i l\"},\"url\":\"https:\\\/\\\/kosovatimes.info\\\/index.php\\\/author\\\/iliri\\\/\"}]}<\/script>\n<!-- \/ Yoast SEO plugin. -->","yoast_head_json":{"title":"OEK thirrje Qeveris\u00eb p\u00ebr p\u00ebrfshirje n\u00eb projektet rajonale t\u00eb gazit - Kosova Times","robots":{"index":"index","follow":"follow","max-snippet":"max-snippet:-1","max-image-preview":"max-image-preview:large","max-video-preview":"max-video-preview:-1"},"canonical":"https:\/\/kosovatimes.info\/index.php\/2026\/04\/29\/oek-thirrje-qeverise-per-perfshirje-ne-projektet-rajonale-te-gazit\/","og_locale":"en_US","og_type":"article","og_title":"OEK thirrje Qeveris\u00eb p\u00ebr p\u00ebrfshirje n\u00eb projektet rajonale t\u00eb gazit - Kosova Times","og_description":"Oda Ekonomike e Kosov\u00ebs i b\u00ebn thirrje Qeveris\u00eb s\u00eb Kosov\u00ebs q\u00eb t\u00eb nd\u00ebrmarr\u00eb hapa t\u00eb menj\u00ebhersh\u00ebm p\u00ebr p\u00ebrfshirjen e vendit n\u00eb projektet rajonale t\u00eb gazit natyror, sipas tyre ve\u00e7an\u00ebrisht n\u00eb nj\u00eb koh\u00eb kur rajoni po hyn n\u00eb nj\u00eb faz\u00eb t\u00eb r\u00ebnd\u00ebsishme t\u00eb transformimit energjetik. OEK n\u00eb reagimin e d\u00ebrguar p\u00ebr media kan\u00eb th\u00ebn\u00eb se marr\u00ebveshja [&hellip;]","og_url":"https:\/\/kosovatimes.info\/index.php\/2026\/04\/29\/oek-thirrje-qeverise-per-perfshirje-ne-projektet-rajonale-te-gazit\/","og_site_name":"Kosova Times","article_published_time":"2026-04-29T08:53:00+00:00","article_modified_time":"2026-04-29T09:37:56+00:00","og_image":[{"width":780,"height":369,"url":"https:\/\/kosovatimes.info\/wp-content\/uploads\/2026\/03\/OEK-1.jpg","type":"image\/jpeg"}],"author":"i l","twitter_card":"summary_large_image","twitter_misc":{"Written by":"i l","Est. reading time":"2 minutes"},"schema":{"@context":"https:\/\/schema.org","@graph":[{"@type":"Article","@id":"https:\/\/kosovatimes.info\/index.php\/2026\/04\/29\/oek-thirrje-qeverise-per-perfshirje-ne-projektet-rajonale-te-gazit\/#article","isPartOf":{"@id":"https:\/\/kosovatimes.info\/index.php\/2026\/04\/29\/oek-thirrje-qeverise-per-perfshirje-ne-projektet-rajonale-te-gazit\/"},"author":{"name":"i l","@id":"https:\/\/kosovatimes.info\/#\/schema\/person\/7586712b9c512fe68085de007378c915"},"headline":"OEK thirrje Qeveris\u00eb p\u00ebr p\u00ebrfshirje n\u00eb projektet rajonale t\u00eb gazit","datePublished":"2026-04-29T08:53:00+00:00","dateModified":"2026-04-29T09:37:56+00:00","mainEntityOfPage":{"@id":"https:\/\/kosovatimes.info\/index.php\/2026\/04\/29\/oek-thirrje-qeverise-per-perfshirje-ne-projektet-rajonale-te-gazit\/"},"wordCount":297,"commentCount":0,"image":{"@id":"https:\/\/kosovatimes.info\/index.php\/2026\/04\/29\/oek-thirrje-qeverise-per-perfshirje-ne-projektet-rajonale-te-gazit\/#primaryimage"},"thumbnailUrl":"https:\/\/kosovatimes.info\/wp-content\/uploads\/2026\/03\/OEK-1.jpg","articleSection":["Kosov\u00eb","Lajme"],"inLanguage":"en-US","potentialAction":[{"@type":"CommentAction","name":"Comment","target":["https:\/\/kosovatimes.info\/index.php\/2026\/04\/29\/oek-thirrje-qeverise-per-perfshirje-ne-projektet-rajonale-te-gazit\/#respond"]}]},{"@type":"WebPage","@id":"https:\/\/kosovatimes.info\/index.php\/2026\/04\/29\/oek-thirrje-qeverise-per-perfshirje-ne-projektet-rajonale-te-gazit\/","url":"https:\/\/kosovatimes.info\/index.php\/2026\/04\/29\/oek-thirrje-qeverise-per-perfshirje-ne-projektet-rajonale-te-gazit\/","name":"OEK thirrje Qeveris\u00eb p\u00ebr p\u00ebrfshirje n\u00eb projektet rajonale t\u00eb gazit - Kosova Times","isPartOf":{"@id":"https:\/\/kosovatimes.info\/#website"},"primaryImageOfPage":{"@id":"https:\/\/kosovatimes.info\/index.php\/2026\/04\/29\/oek-thirrje-qeverise-per-perfshirje-ne-projektet-rajonale-te-gazit\/#primaryimage"},"image":{"@id":"https:\/\/kosovatimes.info\/index.php\/2026\/04\/29\/oek-thirrje-qeverise-per-perfshirje-ne-projektet-rajonale-te-gazit\/#primaryimage"},"thumbnailUrl":"https:\/\/kosovatimes.info\/wp-content\/uploads\/2026\/03\/OEK-1.jpg","datePublished":"2026-04-29T08:53:00+00:00","dateModified":"2026-04-29T09:37:56+00:00","author":{"@id":"https:\/\/kosovatimes.info\/#\/schema\/person\/7586712b9c512fe68085de007378c915"},"breadcrumb":{"@id":"https:\/\/kosovatimes.info\/index.php\/2026\/04\/29\/oek-thirrje-qeverise-per-perfshirje-ne-projektet-rajonale-te-gazit\/#breadcrumb"},"inLanguage":"en-US","potentialAction":[{"@type":"ReadAction","target":["https:\/\/kosovatimes.info\/index.php\/2026\/04\/29\/oek-thirrje-qeverise-per-perfshirje-ne-projektet-rajonale-te-gazit\/"]}]},{"@type":"ImageObject","inLanguage":"en-US","@id":"https:\/\/kosovatimes.info\/index.php\/2026\/04\/29\/oek-thirrje-qeverise-per-perfshirje-ne-projektet-rajonale-te-gazit\/#primaryimage","url":"https:\/\/kosovatimes.info\/wp-content\/uploads\/2026\/03\/OEK-1.jpg","contentUrl":"https:\/\/kosovatimes.info\/wp-content\/uploads\/2026\/03\/OEK-1.jpg","width":780,"height":369},{"@type":"BreadcrumbList","@id":"https:\/\/kosovatimes.info\/index.php\/2026\/04\/29\/oek-thirrje-qeverise-per-perfshirje-ne-projektet-rajonale-te-gazit\/#breadcrumb","itemListElement":[{"@type":"ListItem","position":1,"name":"Home","item":"https:\/\/kosovatimes.info\/"},{"@type":"ListItem","position":2,"name":"OEK thirrje Qeveris\u00eb p\u00ebr p\u00ebrfshirje n\u00eb projektet rajonale t\u00eb gazit"}]},{"@type":"WebSite","@id":"https:\/\/kosovatimes.info\/#website","url":"https:\/\/kosovatimes.info\/","name":"Kosova Times","description":"","potentialAction":[{"@type":"SearchAction","target":{"@type":"EntryPoint","urlTemplate":"https:\/\/kosovatimes.info\/?s={search_term_string}"},"query-input":{"@type":"PropertyValueSpecification","valueRequired":true,"valueName":"search_term_string"}}],"inLanguage":"en-US"},{"@type":"Person","@id":"https:\/\/kosovatimes.info\/#\/schema\/person\/7586712b9c512fe68085de007378c915","name":"i l","image":{"@type":"ImageObject","inLanguage":"en-US","@id":"https:\/\/secure.gravatar.com\/avatar\/bad9296e02816160ae2e2435beda58222022298d5625d49fea74d18816fbb31d?s=96&d=mm&r=g","url":"https:\/\/secure.gravatar.com\/avatar\/bad9296e02816160ae2e2435beda58222022298d5625d49fea74d18816fbb31d?s=96&d=mm&r=g","contentUrl":"https:\/\/secure.gravatar.com\/avatar\/bad9296e02816160ae2e2435beda58222022298d5625d49fea74d18816fbb31d?s=96&d=mm&r=g","caption":"i l"},"url":"https:\/\/kosovatimes.info\/index.php\/author\/iliri\/"}]}},"_links":{"self":[{"href":"https:\/\/kosovatimes.info\/index.php\/wp-json\/wp\/v2\/posts\/12453","targetHints":{"allow":["GET"]}}],"collection":[{"href":"https:\/\/kosovatimes.info\/index.php\/wp-json\/wp\/v2\/posts"}],"about":[{"href":"https:\/\/kosovatimes.info\/index.php\/wp-json\/wp\/v2\/types\/post"}],"author":[{"embeddable":true,"href":"https:\/\/kosovatimes.info\/index.php\/wp-json\/wp\/v2\/users\/4"}],"replies":[{"embeddable":true,"href":"https:\/\/kosovatimes.info\/index.php\/wp-json\/wp\/v2\/comments?post=12453"}],"version-history":[{"count":1,"href":"https:\/\/kosovatimes.info\/index.php\/wp-json\/wp\/v2\/posts\/12453\/revisions"}],"predecessor-version":[{"id":12454,"href":"https:\/\/kosovatimes.info\/index.php\/wp-json\/wp\/v2\/posts\/12453\/revisions\/12454"}],"wp:featuredmedia":[{"embeddable":true,"href":"https:\/\/kosovatimes.info\/index.php\/wp-json\/wp\/v2\/media\/5084"}],"wp:attachment":[{"href":"https:\/\/kosovatimes.info\/index.php\/wp-json\/wp\/v2\/media?parent=12453"}],"wp:term":[{"taxonomy":"category","embeddable":true,"href":"https:\/\/kosovatimes.info\/index.php\/wp-json\/wp\/v2\/categories?post=12453"},{"taxonomy":"post_tag","embeddable":true,"href":"https:\/\/kosovatimes.info\/index.php\/wp-json\/wp\/v2\/tags?post=12453"}],"curies":[{"name":"wp","href":"https:\/\/api.w.org\/{rel}","templated":true}]}}