{"id":12460,"date":"2026-04-29T11:41:47","date_gmt":"2026-04-29T09:41:47","guid":{"rendered":"https:\/\/kosovatimes.info\/?p=12460"},"modified":"2026-04-29T11:41:49","modified_gmt":"2026-04-29T09:41:49","slug":"osmani-mjaft-me-percarje-rruget-e-padrejtesise-i-hap-populli","status":"publish","type":"post","link":"https:\/\/kosovatimes.info\/index.php\/2026\/04\/29\/osmani-mjaft-me-percarje-rruget-e-padrejtesise-i-hap-populli\/","title":{"rendered":"Osmani: Mjaft me p\u00ebr\u00e7arje, rrug\u00ebt e padrejt\u00ebsis\u00eb i hap populli"},"content":{"rendered":"\n<p><strong>Ish-presidentja e Kosov\u00ebs, Vjosa Osmani, ka reaguar p\u00ebrmes nj\u00eb videoje n\u00eb Facebook pas zhvillimeve politike q\u00eb \u00e7uan n\u00eb d\u00ebshtimin p\u00ebr zgjedhjen e presidentit dhe mund\u00ebsin\u00eb e zgjedhjeve t\u00eb reja.<\/strong><\/p>\n\n\n\n<p>Osmani&nbsp;e ka cil\u00ebsuar situat\u00ebn si nj\u00eb moment t\u00eb r\u00ebnd\u00eb p\u00ebr vendin, duke th\u00ebn\u00eb se \u201cmbr\u00ebm\u00eb ka qen\u00eb nj\u00eb nat\u00eb e r\u00ebnd\u00eb p\u00ebr Kosov\u00ebn\u201d, por ka shtuar se qytetar\u00ebt kan\u00eb forc\u00ebn p\u00ebr t\u2019u ngritur nga krizat.<\/p>\n\n\n\n<p>Osmani ka b\u00ebr\u00eb thirrje p\u00ebr tejkalim t\u00eb p\u00ebr\u00e7arjeve politike dhe gjuh\u00ebs s\u00eb ashp\u00ebr n\u00eb publik.<\/p>\n\n\n\n<p>\u201cMjaft m\u00eb me propagand\u00eb, mjaft m\u00eb me urrejtje, mjaft m\u00eb me p\u00ebr\u00e7arje e me ndjellje t\u00eb frik\u00ebs\u201d, ka deklaruar ajo.<\/p>\n\n\n\n<p>N\u00eb mesazhin e saj, ajo ka k\u00ebrkuar m\u00eb shum\u00eb unitet dhe shpres\u00eb, duke theksuar se duhet \u201cdashni dhe vet\u00ebm dashni p\u00ebr vendin ton\u00eb\u201d, si dhe fokus n\u00eb t\u00eb v\u00ebrtet\u00ebn dhe jo n\u00eb shpifje apo frik\u00eb.<\/p>\n\n\n\n<p>N\u00eb fund, Osmani u ka b\u00ebr\u00eb thirrje qytetar\u00ebve t\u00eb bashkohen n\u00eb at\u00eb q\u00eb e quajti \u201cmision\u201d, duke shtuar se \u201crrug\u00ebt q\u00eb mbyllen nga padrejt\u00ebsit\u00eb, gjithmon\u00eb hapen nga populli\u201d.<\/p>\n\n\n\n<p><a href=\"https:\/\/www.facebook.com\/plugins\/video.php?height=476&amp;href=https%3A%2F%2Fwww.facebook.com%2Freel%2F980873514323317%2F&amp;show_text=false&amp;width=267&amp;t=0\">https:\/\/www.facebook.com\/plugins\/video.php?height=476&amp;href=https%3A%2F%2Fwww.facebook.com%2Freel%2F980873514323317%2F&amp;show_text=false&amp;width=267&amp;t=0<\/a><\/p>\n","protected":false},"excerpt":{"rendered":"<p>Ish-presidentja e Kosov\u00ebs, Vjosa Osmani, ka reaguar p\u00ebrmes nj\u00eb videoje n\u00eb Facebook pas zhvillimeve politike q\u00eb \u00e7uan n\u00eb d\u00ebshtimin p\u00ebr zgjedhjen e presidentit dhe mund\u00ebsin\u00eb e zgjedhjeve t\u00eb reja. Osmani&nbsp;e ka cil\u00ebsuar situat\u00ebn si nj\u00eb moment t\u00eb r\u00ebnd\u00eb p\u00ebr vendin, duke th\u00ebn\u00eb se \u201cmbr\u00ebm\u00eb ka qen\u00eb nj\u00eb nat\u00eb e r\u00ebnd\u00eb p\u00ebr Kosov\u00ebn\u201d, por ka shtuar [&hellip;]<\/p>\n","protected":false},"author":4,"featured_media":12461,"comment_status":"open","ping_status":"open","sticky":false,"template":"","format":"standard","meta":{"footnotes":""},"categories":[31,30],"tags":[],"class_list":{"0":"post-12460","1":"post","2":"type-post","3":"status-publish","4":"format-standard","5":"has-post-thumbnail","7":"category-kosove","8":"category-lajme"},"yoast_head":"<!-- This site is optimized with the Yoast SEO plugin v27.4 - https:\/\/yoast.com\/product\/yoast-seo-wordpress\/ -->\n<title>Osmani: Mjaft me p\u00ebr\u00e7arje, rrug\u00ebt e padrejt\u00ebsis\u00eb i hap populli - Kosova Times<\/title>\n<meta name=\"robots\" content=\"index, follow, max-snippet:-1, max-image-preview:large, max-video-preview:-1\" \/>\n<link rel=\"canonical\" href=\"https:\/\/kosovatimes.info\/index.php\/2026\/04\/29\/osmani-mjaft-me-percarje-rruget-e-padrejtesise-i-hap-populli\/\" \/>\n<meta property=\"og:locale\" content=\"en_US\" \/>\n<meta property=\"og:type\" content=\"article\" \/>\n<meta property=\"og:title\" content=\"Osmani: Mjaft me p\u00ebr\u00e7arje, rrug\u00ebt e padrejt\u00ebsis\u00eb i hap populli - Kosova Times\" \/>\n<meta property=\"og:description\" content=\"Ish-presidentja e Kosov\u00ebs, Vjosa Osmani, ka reaguar p\u00ebrmes nj\u00eb videoje n\u00eb Facebook pas zhvillimeve politike q\u00eb \u00e7uan n\u00eb d\u00ebshtimin p\u00ebr zgjedhjen e presidentit dhe mund\u00ebsin\u00eb e zgjedhjeve t\u00eb reja. Osmani&nbsp;e ka cil\u00ebsuar situat\u00ebn si nj\u00eb moment t\u00eb r\u00ebnd\u00eb p\u00ebr vendin, duke th\u00ebn\u00eb se \u201cmbr\u00ebm\u00eb ka qen\u00eb nj\u00eb nat\u00eb e r\u00ebnd\u00eb p\u00ebr Kosov\u00ebn\u201d, por ka shtuar [&hellip;]\" \/>\n<meta property=\"og:url\" content=\"https:\/\/kosovatimes.info\/index.php\/2026\/04\/29\/osmani-mjaft-me-percarje-rruget-e-padrejtesise-i-hap-populli\/\" \/>\n<meta property=\"og:site_name\" content=\"Kosova Times\" \/>\n<meta property=\"article:published_time\" content=\"2026-04-29T09:41:47+00:00\" \/>\n<meta property=\"article:modified_time\" content=\"2026-04-29T09:41:49+00:00\" \/>\n<meta property=\"og:image\" content=\"https:\/\/kosovatimes.info\/wp-content\/uploads\/2026\/04\/osmani-10.jpg\" \/>\n\t<meta property=\"og:image:width\" content=\"780\" \/>\n\t<meta property=\"og:image:height\" content=\"500\" \/>\n\t<meta property=\"og:image:type\" content=\"image\/jpeg\" \/>\n<meta name=\"author\" content=\"i l\" \/>\n<meta name=\"twitter:card\" content=\"summary_large_image\" \/>\n<meta name=\"twitter:label1\" content=\"Written by\" \/>\n\t<meta name=\"twitter:data1\" content=\"i l\" \/>\n\t<meta name=\"twitter:label2\" content=\"Est. reading time\" \/>\n\t<meta name=\"twitter:data2\" content=\"1 minute\" \/>\n<script type=\"application\/ld+json\" class=\"yoast-schema-graph\">{\"@context\":\"https:\\\/\\\/schema.org\",\"@graph\":[{\"@type\":\"Article\",\"@id\":\"https:\\\/\\\/kosovatimes.info\\\/index.php\\\/2026\\\/04\\\/29\\\/osmani-mjaft-me-percarje-rruget-e-padrejtesise-i-hap-populli\\\/#article\",\"isPartOf\":{\"@id\":\"https:\\\/\\\/kosovatimes.info\\\/index.php\\\/2026\\\/04\\\/29\\\/osmani-mjaft-me-percarje-rruget-e-padrejtesise-i-hap-populli\\\/\"},\"author\":{\"name\":\"i l\",\"@id\":\"https:\\\/\\\/kosovatimes.info\\\/#\\\/schema\\\/person\\\/7586712b9c512fe68085de007378c915\"},\"headline\":\"Osmani: Mjaft me p\u00ebr\u00e7arje, rrug\u00ebt e padrejt\u00ebsis\u00eb i hap populli\",\"datePublished\":\"2026-04-29T09:41:47+00:00\",\"dateModified\":\"2026-04-29T09:41:49+00:00\",\"mainEntityOfPage\":{\"@id\":\"https:\\\/\\\/kosovatimes.info\\\/index.php\\\/2026\\\/04\\\/29\\\/osmani-mjaft-me-percarje-rruget-e-padrejtesise-i-hap-populli\\\/\"},\"wordCount\":241,\"commentCount\":0,\"image\":{\"@id\":\"https:\\\/\\\/kosovatimes.info\\\/index.php\\\/2026\\\/04\\\/29\\\/osmani-mjaft-me-percarje-rruget-e-padrejtesise-i-hap-populli\\\/#primaryimage\"},\"thumbnailUrl\":\"https:\\\/\\\/kosovatimes.info\\\/wp-content\\\/uploads\\\/2026\\\/04\\\/osmani-10.jpg\",\"articleSection\":[\"Kosov\u00eb\",\"Lajme\"],\"inLanguage\":\"en-US\",\"potentialAction\":[{\"@type\":\"CommentAction\",\"name\":\"Comment\",\"target\":[\"https:\\\/\\\/kosovatimes.info\\\/index.php\\\/2026\\\/04\\\/29\\\/osmani-mjaft-me-percarje-rruget-e-padrejtesise-i-hap-populli\\\/#respond\"]}]},{\"@type\":\"WebPage\",\"@id\":\"https:\\\/\\\/kosovatimes.info\\\/index.php\\\/2026\\\/04\\\/29\\\/osmani-mjaft-me-percarje-rruget-e-padrejtesise-i-hap-populli\\\/\",\"url\":\"https:\\\/\\\/kosovatimes.info\\\/index.php\\\/2026\\\/04\\\/29\\\/osmani-mjaft-me-percarje-rruget-e-padrejtesise-i-hap-populli\\\/\",\"name\":\"Osmani: Mjaft me p\u00ebr\u00e7arje, rrug\u00ebt e padrejt\u00ebsis\u00eb i hap populli - Kosova Times\",\"isPartOf\":{\"@id\":\"https:\\\/\\\/kosovatimes.info\\\/#website\"},\"primaryImageOfPage\":{\"@id\":\"https:\\\/\\\/kosovatimes.info\\\/index.php\\\/2026\\\/04\\\/29\\\/osmani-mjaft-me-percarje-rruget-e-padrejtesise-i-hap-populli\\\/#primaryimage\"},\"image\":{\"@id\":\"https:\\\/\\\/kosovatimes.info\\\/index.php\\\/2026\\\/04\\\/29\\\/osmani-mjaft-me-percarje-rruget-e-padrejtesise-i-hap-populli\\\/#primaryimage\"},\"thumbnailUrl\":\"https:\\\/\\\/kosovatimes.info\\\/wp-content\\\/uploads\\\/2026\\\/04\\\/osmani-10.jpg\",\"datePublished\":\"2026-04-29T09:41:47+00:00\",\"dateModified\":\"2026-04-29T09:41:49+00:00\",\"author\":{\"@id\":\"https:\\\/\\\/kosovatimes.info\\\/#\\\/schema\\\/person\\\/7586712b9c512fe68085de007378c915\"},\"breadcrumb\":{\"@id\":\"https:\\\/\\\/kosovatimes.info\\\/index.php\\\/2026\\\/04\\\/29\\\/osmani-mjaft-me-percarje-rruget-e-padrejtesise-i-hap-populli\\\/#breadcrumb\"},\"inLanguage\":\"en-US\",\"potentialAction\":[{\"@type\":\"ReadAction\",\"target\":[\"https:\\\/\\\/kosovatimes.info\\\/index.php\\\/2026\\\/04\\\/29\\\/osmani-mjaft-me-percarje-rruget-e-padrejtesise-i-hap-populli\\\/\"]}]},{\"@type\":\"ImageObject\",\"inLanguage\":\"en-US\",\"@id\":\"https:\\\/\\\/kosovatimes.info\\\/index.php\\\/2026\\\/04\\\/29\\\/osmani-mjaft-me-percarje-rruget-e-padrejtesise-i-hap-populli\\\/#primaryimage\",\"url\":\"https:\\\/\\\/kosovatimes.info\\\/wp-content\\\/uploads\\\/2026\\\/04\\\/osmani-10.jpg\",\"contentUrl\":\"https:\\\/\\\/kosovatimes.info\\\/wp-content\\\/uploads\\\/2026\\\/04\\\/osmani-10.jpg\",\"width\":780,\"height\":500},{\"@type\":\"BreadcrumbList\",\"@id\":\"https:\\\/\\\/kosovatimes.info\\\/index.php\\\/2026\\\/04\\\/29\\\/osmani-mjaft-me-percarje-rruget-e-padrejtesise-i-hap-populli\\\/#breadcrumb\",\"itemListElement\":[{\"@type\":\"ListItem\",\"position\":1,\"name\":\"Home\",\"item\":\"https:\\\/\\\/kosovatimes.info\\\/\"},{\"@type\":\"ListItem\",\"position\":2,\"name\":\"Osmani: Mjaft me p\u00ebr\u00e7arje, rrug\u00ebt e padrejt\u00ebsis\u00eb i hap populli\"}]},{\"@type\":\"WebSite\",\"@id\":\"https:\\\/\\\/kosovatimes.info\\\/#website\",\"url\":\"https:\\\/\\\/kosovatimes.info\\\/\",\"name\":\"Kosova Times\",\"description\":\"\",\"potentialAction\":[{\"@type\":\"SearchAction\",\"target\":{\"@type\":\"EntryPoint\",\"urlTemplate\":\"https:\\\/\\\/kosovatimes.info\\\/?s={search_term_string}\"},\"query-input\":{\"@type\":\"PropertyValueSpecification\",\"valueRequired\":true,\"valueName\":\"search_term_string\"}}],\"inLanguage\":\"en-US\"},{\"@type\":\"Person\",\"@id\":\"https:\\\/\\\/kosovatimes.info\\\/#\\\/schema\\\/person\\\/7586712b9c512fe68085de007378c915\",\"name\":\"i l\",\"image\":{\"@type\":\"ImageObject\",\"inLanguage\":\"en-US\",\"@id\":\"https:\\\/\\\/secure.gravatar.com\\\/avatar\\\/bad9296e02816160ae2e2435beda58222022298d5625d49fea74d18816fbb31d?s=96&d=mm&r=g\",\"url\":\"https:\\\/\\\/secure.gravatar.com\\\/avatar\\\/bad9296e02816160ae2e2435beda58222022298d5625d49fea74d18816fbb31d?s=96&d=mm&r=g\",\"contentUrl\":\"https:\\\/\\\/secure.gravatar.com\\\/avatar\\\/bad9296e02816160ae2e2435beda58222022298d5625d49fea74d18816fbb31d?s=96&d=mm&r=g\",\"caption\":\"i l\"},\"url\":\"https:\\\/\\\/kosovatimes.info\\\/index.php\\\/author\\\/iliri\\\/\"}]}<\/script>\n<!-- \/ Yoast SEO plugin. -->","yoast_head_json":{"title":"Osmani: Mjaft me p\u00ebr\u00e7arje, rrug\u00ebt e padrejt\u00ebsis\u00eb i hap populli - Kosova Times","robots":{"index":"index","follow":"follow","max-snippet":"max-snippet:-1","max-image-preview":"max-image-preview:large","max-video-preview":"max-video-preview:-1"},"canonical":"https:\/\/kosovatimes.info\/index.php\/2026\/04\/29\/osmani-mjaft-me-percarje-rruget-e-padrejtesise-i-hap-populli\/","og_locale":"en_US","og_type":"article","og_title":"Osmani: Mjaft me p\u00ebr\u00e7arje, rrug\u00ebt e padrejt\u00ebsis\u00eb i hap populli - Kosova Times","og_description":"Ish-presidentja e Kosov\u00ebs, Vjosa Osmani, ka reaguar p\u00ebrmes nj\u00eb videoje n\u00eb Facebook pas zhvillimeve politike q\u00eb \u00e7uan n\u00eb d\u00ebshtimin p\u00ebr zgjedhjen e presidentit dhe mund\u00ebsin\u00eb e zgjedhjeve t\u00eb reja. Osmani&nbsp;e ka cil\u00ebsuar situat\u00ebn si nj\u00eb moment t\u00eb r\u00ebnd\u00eb p\u00ebr vendin, duke th\u00ebn\u00eb se \u201cmbr\u00ebm\u00eb ka qen\u00eb nj\u00eb nat\u00eb e r\u00ebnd\u00eb p\u00ebr Kosov\u00ebn\u201d, por ka shtuar [&hellip;]","og_url":"https:\/\/kosovatimes.info\/index.php\/2026\/04\/29\/osmani-mjaft-me-percarje-rruget-e-padrejtesise-i-hap-populli\/","og_site_name":"Kosova Times","article_published_time":"2026-04-29T09:41:47+00:00","article_modified_time":"2026-04-29T09:41:49+00:00","og_image":[{"width":780,"height":500,"url":"https:\/\/kosovatimes.info\/wp-content\/uploads\/2026\/04\/osmani-10.jpg","type":"image\/jpeg"}],"author":"i l","twitter_card":"summary_large_image","twitter_misc":{"Written by":"i l","Est. reading time":"1 minute"},"schema":{"@context":"https:\/\/schema.org","@graph":[{"@type":"Article","@id":"https:\/\/kosovatimes.info\/index.php\/2026\/04\/29\/osmani-mjaft-me-percarje-rruget-e-padrejtesise-i-hap-populli\/#article","isPartOf":{"@id":"https:\/\/kosovatimes.info\/index.php\/2026\/04\/29\/osmani-mjaft-me-percarje-rruget-e-padrejtesise-i-hap-populli\/"},"author":{"name":"i l","@id":"https:\/\/kosovatimes.info\/#\/schema\/person\/7586712b9c512fe68085de007378c915"},"headline":"Osmani: Mjaft me p\u00ebr\u00e7arje, rrug\u00ebt e padrejt\u00ebsis\u00eb i hap populli","datePublished":"2026-04-29T09:41:47+00:00","dateModified":"2026-04-29T09:41:49+00:00","mainEntityOfPage":{"@id":"https:\/\/kosovatimes.info\/index.php\/2026\/04\/29\/osmani-mjaft-me-percarje-rruget-e-padrejtesise-i-hap-populli\/"},"wordCount":241,"commentCount":0,"image":{"@id":"https:\/\/kosovatimes.info\/index.php\/2026\/04\/29\/osmani-mjaft-me-percarje-rruget-e-padrejtesise-i-hap-populli\/#primaryimage"},"thumbnailUrl":"https:\/\/kosovatimes.info\/wp-content\/uploads\/2026\/04\/osmani-10.jpg","articleSection":["Kosov\u00eb","Lajme"],"inLanguage":"en-US","potentialAction":[{"@type":"CommentAction","name":"Comment","target":["https:\/\/kosovatimes.info\/index.php\/2026\/04\/29\/osmani-mjaft-me-percarje-rruget-e-padrejtesise-i-hap-populli\/#respond"]}]},{"@type":"WebPage","@id":"https:\/\/kosovatimes.info\/index.php\/2026\/04\/29\/osmani-mjaft-me-percarje-rruget-e-padrejtesise-i-hap-populli\/","url":"https:\/\/kosovatimes.info\/index.php\/2026\/04\/29\/osmani-mjaft-me-percarje-rruget-e-padrejtesise-i-hap-populli\/","name":"Osmani: Mjaft me p\u00ebr\u00e7arje, rrug\u00ebt e padrejt\u00ebsis\u00eb i hap populli - Kosova Times","isPartOf":{"@id":"https:\/\/kosovatimes.info\/#website"},"primaryImageOfPage":{"@id":"https:\/\/kosovatimes.info\/index.php\/2026\/04\/29\/osmani-mjaft-me-percarje-rruget-e-padrejtesise-i-hap-populli\/#primaryimage"},"image":{"@id":"https:\/\/kosovatimes.info\/index.php\/2026\/04\/29\/osmani-mjaft-me-percarje-rruget-e-padrejtesise-i-hap-populli\/#primaryimage"},"thumbnailUrl":"https:\/\/kosovatimes.info\/wp-content\/uploads\/2026\/04\/osmani-10.jpg","datePublished":"2026-04-29T09:41:47+00:00","dateModified":"2026-04-29T09:41:49+00:00","author":{"@id":"https:\/\/kosovatimes.info\/#\/schema\/person\/7586712b9c512fe68085de007378c915"},"breadcrumb":{"@id":"https:\/\/kosovatimes.info\/index.php\/2026\/04\/29\/osmani-mjaft-me-percarje-rruget-e-padrejtesise-i-hap-populli\/#breadcrumb"},"inLanguage":"en-US","potentialAction":[{"@type":"ReadAction","target":["https:\/\/kosovatimes.info\/index.php\/2026\/04\/29\/osmani-mjaft-me-percarje-rruget-e-padrejtesise-i-hap-populli\/"]}]},{"@type":"ImageObject","inLanguage":"en-US","@id":"https:\/\/kosovatimes.info\/index.php\/2026\/04\/29\/osmani-mjaft-me-percarje-rruget-e-padrejtesise-i-hap-populli\/#primaryimage","url":"https:\/\/kosovatimes.info\/wp-content\/uploads\/2026\/04\/osmani-10.jpg","contentUrl":"https:\/\/kosovatimes.info\/wp-content\/uploads\/2026\/04\/osmani-10.jpg","width":780,"height":500},{"@type":"BreadcrumbList","@id":"https:\/\/kosovatimes.info\/index.php\/2026\/04\/29\/osmani-mjaft-me-percarje-rruget-e-padrejtesise-i-hap-populli\/#breadcrumb","itemListElement":[{"@type":"ListItem","position":1,"name":"Home","item":"https:\/\/kosovatimes.info\/"},{"@type":"ListItem","position":2,"name":"Osmani: Mjaft me p\u00ebr\u00e7arje, rrug\u00ebt e padrejt\u00ebsis\u00eb i hap populli"}]},{"@type":"WebSite","@id":"https:\/\/kosovatimes.info\/#website","url":"https:\/\/kosovatimes.info\/","name":"Kosova Times","description":"","potentialAction":[{"@type":"SearchAction","target":{"@type":"EntryPoint","urlTemplate":"https:\/\/kosovatimes.info\/?s={search_term_string}"},"query-input":{"@type":"PropertyValueSpecification","valueRequired":true,"valueName":"search_term_string"}}],"inLanguage":"en-US"},{"@type":"Person","@id":"https:\/\/kosovatimes.info\/#\/schema\/person\/7586712b9c512fe68085de007378c915","name":"i l","image":{"@type":"ImageObject","inLanguage":"en-US","@id":"https:\/\/secure.gravatar.com\/avatar\/bad9296e02816160ae2e2435beda58222022298d5625d49fea74d18816fbb31d?s=96&d=mm&r=g","url":"https:\/\/secure.gravatar.com\/avatar\/bad9296e02816160ae2e2435beda58222022298d5625d49fea74d18816fbb31d?s=96&d=mm&r=g","contentUrl":"https:\/\/secure.gravatar.com\/avatar\/bad9296e02816160ae2e2435beda58222022298d5625d49fea74d18816fbb31d?s=96&d=mm&r=g","caption":"i l"},"url":"https:\/\/kosovatimes.info\/index.php\/author\/iliri\/"}]}},"_links":{"self":[{"href":"https:\/\/kosovatimes.info\/index.php\/wp-json\/wp\/v2\/posts\/12460","targetHints":{"allow":["GET"]}}],"collection":[{"href":"https:\/\/kosovatimes.info\/index.php\/wp-json\/wp\/v2\/posts"}],"about":[{"href":"https:\/\/kosovatimes.info\/index.php\/wp-json\/wp\/v2\/types\/post"}],"author":[{"embeddable":true,"href":"https:\/\/kosovatimes.info\/index.php\/wp-json\/wp\/v2\/users\/4"}],"replies":[{"embeddable":true,"href":"https:\/\/kosovatimes.info\/index.php\/wp-json\/wp\/v2\/comments?post=12460"}],"version-history":[{"count":1,"href":"https:\/\/kosovatimes.info\/index.php\/wp-json\/wp\/v2\/posts\/12460\/revisions"}],"predecessor-version":[{"id":12462,"href":"https:\/\/kosovatimes.info\/index.php\/wp-json\/wp\/v2\/posts\/12460\/revisions\/12462"}],"wp:featuredmedia":[{"embeddable":true,"href":"https:\/\/kosovatimes.info\/index.php\/wp-json\/wp\/v2\/media\/12461"}],"wp:attachment":[{"href":"https:\/\/kosovatimes.info\/index.php\/wp-json\/wp\/v2\/media?parent=12460"}],"wp:term":[{"taxonomy":"category","embeddable":true,"href":"https:\/\/kosovatimes.info\/index.php\/wp-json\/wp\/v2\/categories?post=12460"},{"taxonomy":"post_tag","embeddable":true,"href":"https:\/\/kosovatimes.info\/index.php\/wp-json\/wp\/v2\/tags?post=12460"}],"curies":[{"name":"wp","href":"https:\/\/api.w.org\/{rel}","templated":true}]}}