{"id":12472,"date":"2026-04-29T11:54:02","date_gmt":"2026-04-29T09:54:02","guid":{"rendered":"https:\/\/kosovatimes.info\/?p=12472"},"modified":"2026-04-29T11:54:05","modified_gmt":"2026-04-29T09:54:05","slug":"12-pjese-kyce-pranverore-qe-gjithmone-do-te-duken-klas","status":"publish","type":"post","link":"https:\/\/kosovatimes.info\/index.php\/2026\/04\/29\/12-pjese-kyce-pranverore-qe-gjithmone-do-te-duken-klas\/","title":{"rendered":"12 pjes\u00eb ky\u00e7e pranverore q\u00eb gjithmon\u00eb do t\u00eb duken klas"},"content":{"rendered":"\n<p><strong>Stili i v\u00ebrtet\u00eb nuk ka t\u00eb b\u00ebj\u00eb fare me trendet aktuale &#8211; ka t\u00eb b\u00ebj\u00eb me nd\u00ebrtimin e nj\u00eb gard\u00ebrob\u00eb q\u00eb funksionon p\u00ebr ju.<\/strong><\/p>\n\n\n\n<p>Stili minimalist pranveror n\u00eb dit\u00ebt e sotme mb\u00ebshtetet gjithnj\u00eb e m\u00eb shum\u00eb n\u00eb konceptin e gard\u00ebrob\u00ebs kapsul\u00eb &#8211; nj\u00eb num\u00ebr i vog\u00ebl copash t\u00eb zgjedhura me kujdes q\u00eb jan\u00eb t\u00eb lehta p\u00ebr t&#8217;u kombinuar dhe zgjasin me vite. \u00c7el\u00ebsi i k\u00ebsaj qasjeje jan\u00eb copat e p\u00ebrjetshme dhe t\u00eb gjithanshme n\u00eb tone neutrale, t\u00eb tilla si nj\u00eb k\u00ebmish\u00eb e bardh\u00eb, pantallona cil\u00ebsore, xhinse klasike dhe bluza t\u00eb thjeshta.<\/p>\n\n\n\n<figure class=\"wp-block-image\" id=\"attachment_2821763\"><img decoding=\"async\" src=\"http:\/\/zadovoljna.nova.rs\/wp-content\/uploads\/2026\/04\/28\/1777375019-profimedia-1078979529-683x1024.jpg\" alt=\"\" class=\"wp-image-2821763\"\/><\/figure>\n\n\n\n<p>N\u00eb versionin pranveror t\u00eb gard\u00ebrob\u00ebs kapsul\u00eb, theksi vihet te shtresat e lehta dhe funksionaliteti. K\u00ebto copa nuk jan\u00eb n\u00eb mod\u00eb, por bazike, q\u00eb do t\u00eb thot\u00eb se p\u00ebrshtaten leht\u00ebsisht n\u00eb kombinime dhe raste t\u00eb ndryshme.<\/p>\n\n\n\n<figure class=\"wp-block-image\" id=\"attachment_2821767\"><img decoding=\"async\" src=\"http:\/\/zadovoljna.nova.rs\/wp-content\/uploads\/2026\/04\/28\/1777375352-profimedia-0678206875-819x1024.jpg\" alt=\"\" class=\"wp-image-2821767\"\/><\/figure>\n\n\n\n<p>Qasja moderne e mod\u00ebs thekson gjithashtu se gard\u00ebroba kapsul\u00eb nuk \u00ebsht\u00eb e m\u00ebrzitshme, por e rafinuar &#8211; fokusi \u00ebsht\u00eb te cil\u00ebsia, prerja dhe ndjesia e leht\u00ebsis\u00eb, jo te sasia e gj\u00ebrave.<\/p>\n\n\n\n<figure class=\"wp-block-image\" id=\"attachment_2821771\"><img decoding=\"async\" src=\"http:\/\/zadovoljna.nova.rs\/wp-content\/uploads\/2026\/04\/28\/1777375357-profimedia-0726021229.jpg\" alt=\"\" class=\"wp-image-2821771\"\/><figcaption class=\"wp-element-caption\">Foto: Giorgio Armani <\/figcaption><\/figure>\n\n\n\n<p>Pik\u00ebrisht p\u00ebr k\u00ebt\u00eb arsye stili minimalist i pranver\u00ebs duket elegant n\u00eb m\u00ebnyr\u00eb diskrete: disa pjes\u00eb t\u00eb duhura mund t\u00eb krijojn\u00eb veshje t\u00eb panum\u00ebrta q\u00eb duken t\u00eb menduara mir\u00eb, por pa shum\u00eb p\u00ebrpjekje.<\/p>\n\n\n\n<h2 class=\"wp-block-heading\">12 pjes\u00eb ky\u00e7e t\u00eb sust\u00ebs<\/h2>\n\n\n\n<p><strong>K\u00ebpuc\u00eb me maj\u00eb t\u00eb hapur<\/strong>&nbsp;&#8211; sepse moti \u00ebsht\u00eb m\u00eb i but\u00eb dhe l\u00ebkura pak e ekspozuar funksionon tamam.<\/p>\n\n\n\n<figure class=\"wp-block-image\" id=\"attachment_2821561\"><img decoding=\"async\" src=\"http:\/\/zadovoljna.nova.rs\/wp-content\/uploads\/2026\/04\/28\/1777367761-moda-odeca-fesn-1-683x1024.jpg\" alt=\"\" class=\"wp-image-2821561\"\/><figcaption class=\"wp-element-caption\">Foto: massimodutti<\/figcaption><\/figure>\n\n\n\n<p><strong>Bluza p\u00ebr trup<\/strong>&nbsp;&#8211; perfekte n\u00ebn k\u00ebmish\u00eb, si nj\u00eb l\u00ebkur\u00eb e dyt\u00eb kur i heq shtresat.<\/p>\n\n\n\n<figure class=\"wp-block-image\" id=\"attachment_2821558\"><img decoding=\"async\" src=\"http:\/\/zadovoljna.nova.rs\/wp-content\/uploads\/2026\/04\/28\/1777367758-moda-odeca-fesn-13-799x1024.jpg\" alt=\"\" class=\"wp-image-2821558\"\/><figcaption class=\"wp-element-caption\">Foto: bershka<\/figcaption><\/figure>\n\n\n\n<p><strong>Pantallonat e bardha<\/strong>&nbsp;\u2013 tani q\u00eb rrug\u00ebt jan\u00eb m\u00eb t\u00eb pastra, ato duken t\u00eb fresk\u00ebta dhe t\u00eb sofistikuara.<\/p>\n\n\n\n<figure class=\"wp-block-image\" id=\"attachment_2821556\"><img decoding=\"async\" src=\"http:\/\/zadovoljna.nova.rs\/wp-content\/uploads\/2026\/04\/28\/1777367748-moda-odeca-fesn-11-683x1024.jpg\" alt=\"\" class=\"wp-image-2821556\"\/><figcaption class=\"wp-element-caption\">Foto: Zara<\/figcaption><\/figure>\n\n\n\n<p><strong>Nj\u00eb k\u00ebmish\u00eb klasike e bardh\u00eb<\/strong>&nbsp;&#8211; asgj\u00eb nuk \u00ebsht\u00eb m\u00eb e rehatshme n\u00eb l\u00ebkur\u00eb dhe shkon me gjith\u00e7ka.<\/p>\n\n\n\n<figure class=\"wp-block-image\" id=\"attachment_2821552\"><img decoding=\"async\" src=\"http:\/\/zadovoljna.nova.rs\/wp-content\/uploads\/2026\/04\/28\/1777367740-moda-odeca-fesn-10-683x1024.jpg\" alt=\"\" class=\"wp-image-2821552\"\/><figcaption class=\"wp-element-caption\">Foto: Zara<\/figcaption><\/figure>\n\n\n\n<p><strong>Bluz\u00eb me m\u00ebng\u00eb deri n\u00eb b\u00ebrryl<\/strong>&nbsp;\u2013 delikate, e rafinuar dhe shum\u00eb shik.<\/p>\n\n\n\n<figure class=\"wp-block-image\" id=\"attachment_2821551\"><img decoding=\"async\" src=\"http:\/\/zadovoljna.nova.rs\/wp-content\/uploads\/2026\/04\/28\/1777367732-moda-odeca-fesn-9-683x1024.jpg\" alt=\"\" class=\"wp-image-2821551\"\/><figcaption class=\"wp-element-caption\">Foto: Zara<\/figcaption><\/figure>\n\n\n\n<p><strong>Mbajeni palet\u00ebn t\u00eb ndritshme dhe t\u00eb thjesht\u00eb<\/strong>&nbsp;&#8211; pranvera \u00ebsht\u00eb nj\u00eb koh\u00eb qart\u00ebsie dhe leht\u00ebsie.<\/p>\n\n\n\n<figure class=\"wp-block-image\" id=\"attachment_2821548\"><img decoding=\"async\" src=\"http:\/\/zadovoljna.nova.rs\/wp-content\/uploads\/2026\/04\/28\/1777367723-moda-odeca-fesn-8-683x1024.jpg\" alt=\"\" class=\"wp-image-2821548\"\/><figcaption class=\"wp-element-caption\">Foto: Zara<\/figcaption><\/figure>\n\n\n\n<p><strong>Nj\u00eb xhaket\u00eb<\/strong>&nbsp;&#8211; p\u00ebr dit\u00ebt m\u00eb t\u00eb ftohta, i jep menj\u00ebher\u00eb shk\u00eblqim \u00e7do kombinimi.<\/p>\n\n\n\n<figure class=\"wp-block-image\" id=\"attachment_2821546\"><img decoding=\"async\" src=\"http:\/\/zadovoljna.nova.rs\/wp-content\/uploads\/2026\/04\/28\/1777367721-moda-odeca-fesn-7.jpg\" alt=\"\" class=\"wp-image-2821546\"\/><figcaption class=\"wp-element-caption\">Foto nga Pinko: miamaya<\/figcaption><\/figure>\n\n\n\n<p><strong>Xhinse t\u00eb bardha<\/strong>&nbsp;&#8211; shkojn\u00eb me gjith\u00e7ka, diskrete dhe perfekte me \u00e7do k\u00ebpuc\u00eb apo bluz\u00eb.<\/p>\n\n\n\n<figure class=\"wp-block-image\" id=\"attachment_2821543\"><img decoding=\"async\" src=\"http:\/\/zadovoljna.nova.rs\/wp-content\/uploads\/2026\/04\/28\/1777367718-moda-odeca-fesn-6-768x1024.jpg\" alt=\"\" class=\"wp-image-2821543\"\/><figcaption class=\"wp-element-caption\">Foto: massimodutti<\/figcaption><\/figure>\n\n\n\n<p><strong>Syzet e diellit<\/strong>&nbsp;\u2013 shum\u00eb prej tyre, n\u00eb forma dhe nuanca t\u00eb ndryshme\u2026 ndryshojn\u00eb gjith\u00e7ka.<\/p>\n\n\n\n<figure class=\"wp-block-image\" id=\"attachment_2821538\"><img decoding=\"async\" src=\"http:\/\/zadovoljna.nova.rs\/wp-content\/uploads\/2026\/04\/28\/1777367715-moda-odeca-fesn-5-1024x681.jpg\" alt=\"\" class=\"wp-image-2821538\"\/><figcaption class=\"wp-element-caption\">Foto nga Missoni: diopta<\/figcaption><\/figure>\n\n\n\n<p><strong>Mushama e shiut<\/strong>&nbsp;\u2013 edhe pa shi, i jep at\u00eb eleganc\u00eb t\u00eb padyshimt\u00eb pariziene.<\/p>\n\n\n\n<figure class=\"wp-block-image\" id=\"attachment_2821537\"><img decoding=\"async\" src=\"http:\/\/zadovoljna.nova.rs\/wp-content\/uploads\/2026\/04\/28\/1777367714-moda-odeca-fesn-4.jpg\" alt=\"\" class=\"wp-image-2821537\"\/><figcaption class=\"wp-element-caption\">Calvin Klein Foto: fashionandfriends<\/figcaption><\/figure>\n\n\n\n<p><strong>Unaz\u00eb q\u00eb t\u00ebrheq v\u00ebmendjen<\/strong>&nbsp;\u2013 mjaftojn\u00eb dorezat, l\u00ebrini duart t\u00eb flasin vet\u00eb.<\/p>\n\n\n\n<figure class=\"wp-block-image\" id=\"attachment_2821566\"><img decoding=\"async\" src=\"http:\/\/zadovoljna.nova.rs\/wp-content\/uploads\/2026\/04\/28\/1777367772-moda-odeca-fesn-3-684x1024.jpg\" alt=\"\" class=\"wp-image-2821566\"\/><figcaption class=\"wp-element-caption\">Foto nga Skagen: bpmsatovi<\/figcaption><\/figure>\n\n\n\n<p><strong>Nj\u00eb k\u00ebmish\u00eb m\u00ebndafshi ose sateni n\u00eb gri, t\u00eb bardh\u00eb ose t\u00eb zez\u00eb<\/strong>&nbsp;\u2013 e but\u00eb p\u00ebr l\u00ebkur\u00ebn, gjithmon\u00eb elegante.<\/p>\n\n\n\n<figure class=\"wp-block-image\" id=\"attachment_2821563\"><img decoding=\"async\" src=\"http:\/\/zadovoljna.nova.rs\/wp-content\/uploads\/2026\/04\/28\/1777367764-moda-odeca-fesn-2-683x1024.jpg\" alt=\"\" class=\"wp-image-2821563\"\/><\/figure>\n","protected":false},"excerpt":{"rendered":"<p>Stili i v\u00ebrtet\u00eb nuk ka t\u00eb b\u00ebj\u00eb fare me trendet aktuale &#8211; ka t\u00eb b\u00ebj\u00eb me nd\u00ebrtimin e nj\u00eb gard\u00ebrob\u00eb q\u00eb funksionon p\u00ebr ju. Stili minimalist pranveror n\u00eb dit\u00ebt e sotme mb\u00ebshtetet gjithnj\u00eb e m\u00eb shum\u00eb n\u00eb konceptin e gard\u00ebrob\u00ebs kapsul\u00eb &#8211; nj\u00eb num\u00ebr i vog\u00ebl copash t\u00eb zgjedhura me kujdes q\u00eb jan\u00eb t\u00eb lehta [&hellip;]<\/p>\n","protected":false},"author":4,"featured_media":12473,"comment_status":"open","ping_status":"open","sticky":false,"template":"","format":"standard","meta":{"footnotes":""},"categories":[40],"tags":[],"class_list":{"0":"post-12472","1":"post","2":"type-post","3":"status-publish","4":"format-standard","5":"has-post-thumbnail","7":"category-mode"},"yoast_head":"<!-- This site is optimized with the Yoast SEO plugin v27.4 - https:\/\/yoast.com\/product\/yoast-seo-wordpress\/ -->\n<title>12 pjes\u00eb ky\u00e7e pranverore q\u00eb gjithmon\u00eb do t\u00eb duken klas - Kosova Times<\/title>\n<meta name=\"robots\" content=\"index, follow, max-snippet:-1, max-image-preview:large, max-video-preview:-1\" \/>\n<link rel=\"canonical\" href=\"https:\/\/kosovatimes.info\/index.php\/2026\/04\/29\/12-pjese-kyce-pranverore-qe-gjithmone-do-te-duken-klas\/\" \/>\n<meta property=\"og:locale\" content=\"en_US\" \/>\n<meta property=\"og:type\" content=\"article\" \/>\n<meta property=\"og:title\" content=\"12 pjes\u00eb ky\u00e7e pranverore q\u00eb gjithmon\u00eb do t\u00eb duken klas - Kosova Times\" \/>\n<meta property=\"og:description\" content=\"Stili i v\u00ebrtet\u00eb nuk ka t\u00eb b\u00ebj\u00eb fare me trendet aktuale &#8211; ka t\u00eb b\u00ebj\u00eb me nd\u00ebrtimin e nj\u00eb gard\u00ebrob\u00eb q\u00eb funksionon p\u00ebr ju. Stili minimalist pranveror n\u00eb dit\u00ebt e sotme mb\u00ebshtetet gjithnj\u00eb e m\u00eb shum\u00eb n\u00eb konceptin e gard\u00ebrob\u00ebs kapsul\u00eb &#8211; nj\u00eb num\u00ebr i vog\u00ebl copash t\u00eb zgjedhura me kujdes q\u00eb jan\u00eb t\u00eb lehta [&hellip;]\" \/>\n<meta property=\"og:url\" content=\"https:\/\/kosovatimes.info\/index.php\/2026\/04\/29\/12-pjese-kyce-pranverore-qe-gjithmone-do-te-duken-klas\/\" \/>\n<meta property=\"og:site_name\" content=\"Kosova Times\" \/>\n<meta property=\"article:published_time\" content=\"2026-04-29T09:54:02+00:00\" \/>\n<meta property=\"article:modified_time\" content=\"2026-04-29T09:54:05+00:00\" \/>\n<meta property=\"og:image\" content=\"https:\/\/kosovatimes.info\/wp-content\/uploads\/2026\/04\/zara.jpg\" \/>\n\t<meta property=\"og:image:width\" content=\"750\" \/>\n\t<meta property=\"og:image:height\" content=\"422\" \/>\n\t<meta property=\"og:image:type\" content=\"image\/jpeg\" \/>\n<meta name=\"author\" content=\"i l\" \/>\n<meta name=\"twitter:card\" content=\"summary_large_image\" \/>\n<meta name=\"twitter:label1\" content=\"Written by\" \/>\n\t<meta name=\"twitter:data1\" content=\"i l\" \/>\n\t<meta name=\"twitter:label2\" content=\"Est. reading time\" \/>\n\t<meta name=\"twitter:data2\" content=\"5 minutes\" \/>\n<script type=\"application\/ld+json\" class=\"yoast-schema-graph\">{\"@context\":\"https:\\\/\\\/schema.org\",\"@graph\":[{\"@type\":\"Article\",\"@id\":\"https:\\\/\\\/kosovatimes.info\\\/index.php\\\/2026\\\/04\\\/29\\\/12-pjese-kyce-pranverore-qe-gjithmone-do-te-duken-klas\\\/#article\",\"isPartOf\":{\"@id\":\"https:\\\/\\\/kosovatimes.info\\\/index.php\\\/2026\\\/04\\\/29\\\/12-pjese-kyce-pranverore-qe-gjithmone-do-te-duken-klas\\\/\"},\"author\":{\"name\":\"i l\",\"@id\":\"https:\\\/\\\/kosovatimes.info\\\/#\\\/schema\\\/person\\\/7586712b9c512fe68085de007378c915\"},\"headline\":\"12 pjes\u00eb ky\u00e7e pranverore q\u00eb gjithmon\u00eb do t\u00eb duken klas\",\"datePublished\":\"2026-04-29T09:54:02+00:00\",\"dateModified\":\"2026-04-29T09:54:05+00:00\",\"mainEntityOfPage\":{\"@id\":\"https:\\\/\\\/kosovatimes.info\\\/index.php\\\/2026\\\/04\\\/29\\\/12-pjese-kyce-pranverore-qe-gjithmone-do-te-duken-klas\\\/\"},\"wordCount\":500,\"commentCount\":0,\"image\":{\"@id\":\"https:\\\/\\\/kosovatimes.info\\\/index.php\\\/2026\\\/04\\\/29\\\/12-pjese-kyce-pranverore-qe-gjithmone-do-te-duken-klas\\\/#primaryimage\"},\"thumbnailUrl\":\"https:\\\/\\\/kosovatimes.info\\\/wp-content\\\/uploads\\\/2026\\\/04\\\/zara.jpg\",\"articleSection\":[\"Mod\u00eb\"],\"inLanguage\":\"en-US\",\"potentialAction\":[{\"@type\":\"CommentAction\",\"name\":\"Comment\",\"target\":[\"https:\\\/\\\/kosovatimes.info\\\/index.php\\\/2026\\\/04\\\/29\\\/12-pjese-kyce-pranverore-qe-gjithmone-do-te-duken-klas\\\/#respond\"]}]},{\"@type\":\"WebPage\",\"@id\":\"https:\\\/\\\/kosovatimes.info\\\/index.php\\\/2026\\\/04\\\/29\\\/12-pjese-kyce-pranverore-qe-gjithmone-do-te-duken-klas\\\/\",\"url\":\"https:\\\/\\\/kosovatimes.info\\\/index.php\\\/2026\\\/04\\\/29\\\/12-pjese-kyce-pranverore-qe-gjithmone-do-te-duken-klas\\\/\",\"name\":\"12 pjes\u00eb ky\u00e7e pranverore q\u00eb gjithmon\u00eb do t\u00eb duken klas - Kosova Times\",\"isPartOf\":{\"@id\":\"https:\\\/\\\/kosovatimes.info\\\/#website\"},\"primaryImageOfPage\":{\"@id\":\"https:\\\/\\\/kosovatimes.info\\\/index.php\\\/2026\\\/04\\\/29\\\/12-pjese-kyce-pranverore-qe-gjithmone-do-te-duken-klas\\\/#primaryimage\"},\"image\":{\"@id\":\"https:\\\/\\\/kosovatimes.info\\\/index.php\\\/2026\\\/04\\\/29\\\/12-pjese-kyce-pranverore-qe-gjithmone-do-te-duken-klas\\\/#primaryimage\"},\"thumbnailUrl\":\"https:\\\/\\\/kosovatimes.info\\\/wp-content\\\/uploads\\\/2026\\\/04\\\/zara.jpg\",\"datePublished\":\"2026-04-29T09:54:02+00:00\",\"dateModified\":\"2026-04-29T09:54:05+00:00\",\"author\":{\"@id\":\"https:\\\/\\\/kosovatimes.info\\\/#\\\/schema\\\/person\\\/7586712b9c512fe68085de007378c915\"},\"breadcrumb\":{\"@id\":\"https:\\\/\\\/kosovatimes.info\\\/index.php\\\/2026\\\/04\\\/29\\\/12-pjese-kyce-pranverore-qe-gjithmone-do-te-duken-klas\\\/#breadcrumb\"},\"inLanguage\":\"en-US\",\"potentialAction\":[{\"@type\":\"ReadAction\",\"target\":[\"https:\\\/\\\/kosovatimes.info\\\/index.php\\\/2026\\\/04\\\/29\\\/12-pjese-kyce-pranverore-qe-gjithmone-do-te-duken-klas\\\/\"]}]},{\"@type\":\"ImageObject\",\"inLanguage\":\"en-US\",\"@id\":\"https:\\\/\\\/kosovatimes.info\\\/index.php\\\/2026\\\/04\\\/29\\\/12-pjese-kyce-pranverore-qe-gjithmone-do-te-duken-klas\\\/#primaryimage\",\"url\":\"https:\\\/\\\/kosovatimes.info\\\/wp-content\\\/uploads\\\/2026\\\/04\\\/zara.jpg\",\"contentUrl\":\"https:\\\/\\\/kosovatimes.info\\\/wp-content\\\/uploads\\\/2026\\\/04\\\/zara.jpg\",\"width\":750,\"height\":422},{\"@type\":\"BreadcrumbList\",\"@id\":\"https:\\\/\\\/kosovatimes.info\\\/index.php\\\/2026\\\/04\\\/29\\\/12-pjese-kyce-pranverore-qe-gjithmone-do-te-duken-klas\\\/#breadcrumb\",\"itemListElement\":[{\"@type\":\"ListItem\",\"position\":1,\"name\":\"Home\",\"item\":\"https:\\\/\\\/kosovatimes.info\\\/\"},{\"@type\":\"ListItem\",\"position\":2,\"name\":\"12 pjes\u00eb ky\u00e7e pranverore q\u00eb gjithmon\u00eb do t\u00eb duken klas\"}]},{\"@type\":\"WebSite\",\"@id\":\"https:\\\/\\\/kosovatimes.info\\\/#website\",\"url\":\"https:\\\/\\\/kosovatimes.info\\\/\",\"name\":\"Kosova Times\",\"description\":\"\",\"potentialAction\":[{\"@type\":\"SearchAction\",\"target\":{\"@type\":\"EntryPoint\",\"urlTemplate\":\"https:\\\/\\\/kosovatimes.info\\\/?s={search_term_string}\"},\"query-input\":{\"@type\":\"PropertyValueSpecification\",\"valueRequired\":true,\"valueName\":\"search_term_string\"}}],\"inLanguage\":\"en-US\"},{\"@type\":\"Person\",\"@id\":\"https:\\\/\\\/kosovatimes.info\\\/#\\\/schema\\\/person\\\/7586712b9c512fe68085de007378c915\",\"name\":\"i l\",\"image\":{\"@type\":\"ImageObject\",\"inLanguage\":\"en-US\",\"@id\":\"https:\\\/\\\/secure.gravatar.com\\\/avatar\\\/bad9296e02816160ae2e2435beda58222022298d5625d49fea74d18816fbb31d?s=96&d=mm&r=g\",\"url\":\"https:\\\/\\\/secure.gravatar.com\\\/avatar\\\/bad9296e02816160ae2e2435beda58222022298d5625d49fea74d18816fbb31d?s=96&d=mm&r=g\",\"contentUrl\":\"https:\\\/\\\/secure.gravatar.com\\\/avatar\\\/bad9296e02816160ae2e2435beda58222022298d5625d49fea74d18816fbb31d?s=96&d=mm&r=g\",\"caption\":\"i l\"},\"url\":\"https:\\\/\\\/kosovatimes.info\\\/index.php\\\/author\\\/iliri\\\/\"}]}<\/script>\n<!-- \/ Yoast SEO plugin. -->","yoast_head_json":{"title":"12 pjes\u00eb ky\u00e7e pranverore q\u00eb gjithmon\u00eb do t\u00eb duken klas - Kosova Times","robots":{"index":"index","follow":"follow","max-snippet":"max-snippet:-1","max-image-preview":"max-image-preview:large","max-video-preview":"max-video-preview:-1"},"canonical":"https:\/\/kosovatimes.info\/index.php\/2026\/04\/29\/12-pjese-kyce-pranverore-qe-gjithmone-do-te-duken-klas\/","og_locale":"en_US","og_type":"article","og_title":"12 pjes\u00eb ky\u00e7e pranverore q\u00eb gjithmon\u00eb do t\u00eb duken klas - Kosova Times","og_description":"Stili i v\u00ebrtet\u00eb nuk ka t\u00eb b\u00ebj\u00eb fare me trendet aktuale &#8211; ka t\u00eb b\u00ebj\u00eb me nd\u00ebrtimin e nj\u00eb gard\u00ebrob\u00eb q\u00eb funksionon p\u00ebr ju. Stili minimalist pranveror n\u00eb dit\u00ebt e sotme mb\u00ebshtetet gjithnj\u00eb e m\u00eb shum\u00eb n\u00eb konceptin e gard\u00ebrob\u00ebs kapsul\u00eb &#8211; nj\u00eb num\u00ebr i vog\u00ebl copash t\u00eb zgjedhura me kujdes q\u00eb jan\u00eb t\u00eb lehta [&hellip;]","og_url":"https:\/\/kosovatimes.info\/index.php\/2026\/04\/29\/12-pjese-kyce-pranverore-qe-gjithmone-do-te-duken-klas\/","og_site_name":"Kosova Times","article_published_time":"2026-04-29T09:54:02+00:00","article_modified_time":"2026-04-29T09:54:05+00:00","og_image":[{"width":750,"height":422,"url":"https:\/\/kosovatimes.info\/wp-content\/uploads\/2026\/04\/zara.jpg","type":"image\/jpeg"}],"author":"i l","twitter_card":"summary_large_image","twitter_misc":{"Written by":"i l","Est. reading time":"5 minutes"},"schema":{"@context":"https:\/\/schema.org","@graph":[{"@type":"Article","@id":"https:\/\/kosovatimes.info\/index.php\/2026\/04\/29\/12-pjese-kyce-pranverore-qe-gjithmone-do-te-duken-klas\/#article","isPartOf":{"@id":"https:\/\/kosovatimes.info\/index.php\/2026\/04\/29\/12-pjese-kyce-pranverore-qe-gjithmone-do-te-duken-klas\/"},"author":{"name":"i l","@id":"https:\/\/kosovatimes.info\/#\/schema\/person\/7586712b9c512fe68085de007378c915"},"headline":"12 pjes\u00eb ky\u00e7e pranverore q\u00eb gjithmon\u00eb do t\u00eb duken klas","datePublished":"2026-04-29T09:54:02+00:00","dateModified":"2026-04-29T09:54:05+00:00","mainEntityOfPage":{"@id":"https:\/\/kosovatimes.info\/index.php\/2026\/04\/29\/12-pjese-kyce-pranverore-qe-gjithmone-do-te-duken-klas\/"},"wordCount":500,"commentCount":0,"image":{"@id":"https:\/\/kosovatimes.info\/index.php\/2026\/04\/29\/12-pjese-kyce-pranverore-qe-gjithmone-do-te-duken-klas\/#primaryimage"},"thumbnailUrl":"https:\/\/kosovatimes.info\/wp-content\/uploads\/2026\/04\/zara.jpg","articleSection":["Mod\u00eb"],"inLanguage":"en-US","potentialAction":[{"@type":"CommentAction","name":"Comment","target":["https:\/\/kosovatimes.info\/index.php\/2026\/04\/29\/12-pjese-kyce-pranverore-qe-gjithmone-do-te-duken-klas\/#respond"]}]},{"@type":"WebPage","@id":"https:\/\/kosovatimes.info\/index.php\/2026\/04\/29\/12-pjese-kyce-pranverore-qe-gjithmone-do-te-duken-klas\/","url":"https:\/\/kosovatimes.info\/index.php\/2026\/04\/29\/12-pjese-kyce-pranverore-qe-gjithmone-do-te-duken-klas\/","name":"12 pjes\u00eb ky\u00e7e pranverore q\u00eb gjithmon\u00eb do t\u00eb duken klas - Kosova Times","isPartOf":{"@id":"https:\/\/kosovatimes.info\/#website"},"primaryImageOfPage":{"@id":"https:\/\/kosovatimes.info\/index.php\/2026\/04\/29\/12-pjese-kyce-pranverore-qe-gjithmone-do-te-duken-klas\/#primaryimage"},"image":{"@id":"https:\/\/kosovatimes.info\/index.php\/2026\/04\/29\/12-pjese-kyce-pranverore-qe-gjithmone-do-te-duken-klas\/#primaryimage"},"thumbnailUrl":"https:\/\/kosovatimes.info\/wp-content\/uploads\/2026\/04\/zara.jpg","datePublished":"2026-04-29T09:54:02+00:00","dateModified":"2026-04-29T09:54:05+00:00","author":{"@id":"https:\/\/kosovatimes.info\/#\/schema\/person\/7586712b9c512fe68085de007378c915"},"breadcrumb":{"@id":"https:\/\/kosovatimes.info\/index.php\/2026\/04\/29\/12-pjese-kyce-pranverore-qe-gjithmone-do-te-duken-klas\/#breadcrumb"},"inLanguage":"en-US","potentialAction":[{"@type":"ReadAction","target":["https:\/\/kosovatimes.info\/index.php\/2026\/04\/29\/12-pjese-kyce-pranverore-qe-gjithmone-do-te-duken-klas\/"]}]},{"@type":"ImageObject","inLanguage":"en-US","@id":"https:\/\/kosovatimes.info\/index.php\/2026\/04\/29\/12-pjese-kyce-pranverore-qe-gjithmone-do-te-duken-klas\/#primaryimage","url":"https:\/\/kosovatimes.info\/wp-content\/uploads\/2026\/04\/zara.jpg","contentUrl":"https:\/\/kosovatimes.info\/wp-content\/uploads\/2026\/04\/zara.jpg","width":750,"height":422},{"@type":"BreadcrumbList","@id":"https:\/\/kosovatimes.info\/index.php\/2026\/04\/29\/12-pjese-kyce-pranverore-qe-gjithmone-do-te-duken-klas\/#breadcrumb","itemListElement":[{"@type":"ListItem","position":1,"name":"Home","item":"https:\/\/kosovatimes.info\/"},{"@type":"ListItem","position":2,"name":"12 pjes\u00eb ky\u00e7e pranverore q\u00eb gjithmon\u00eb do t\u00eb duken klas"}]},{"@type":"WebSite","@id":"https:\/\/kosovatimes.info\/#website","url":"https:\/\/kosovatimes.info\/","name":"Kosova Times","description":"","potentialAction":[{"@type":"SearchAction","target":{"@type":"EntryPoint","urlTemplate":"https:\/\/kosovatimes.info\/?s={search_term_string}"},"query-input":{"@type":"PropertyValueSpecification","valueRequired":true,"valueName":"search_term_string"}}],"inLanguage":"en-US"},{"@type":"Person","@id":"https:\/\/kosovatimes.info\/#\/schema\/person\/7586712b9c512fe68085de007378c915","name":"i l","image":{"@type":"ImageObject","inLanguage":"en-US","@id":"https:\/\/secure.gravatar.com\/avatar\/bad9296e02816160ae2e2435beda58222022298d5625d49fea74d18816fbb31d?s=96&d=mm&r=g","url":"https:\/\/secure.gravatar.com\/avatar\/bad9296e02816160ae2e2435beda58222022298d5625d49fea74d18816fbb31d?s=96&d=mm&r=g","contentUrl":"https:\/\/secure.gravatar.com\/avatar\/bad9296e02816160ae2e2435beda58222022298d5625d49fea74d18816fbb31d?s=96&d=mm&r=g","caption":"i l"},"url":"https:\/\/kosovatimes.info\/index.php\/author\/iliri\/"}]}},"_links":{"self":[{"href":"https:\/\/kosovatimes.info\/index.php\/wp-json\/wp\/v2\/posts\/12472","targetHints":{"allow":["GET"]}}],"collection":[{"href":"https:\/\/kosovatimes.info\/index.php\/wp-json\/wp\/v2\/posts"}],"about":[{"href":"https:\/\/kosovatimes.info\/index.php\/wp-json\/wp\/v2\/types\/post"}],"author":[{"embeddable":true,"href":"https:\/\/kosovatimes.info\/index.php\/wp-json\/wp\/v2\/users\/4"}],"replies":[{"embeddable":true,"href":"https:\/\/kosovatimes.info\/index.php\/wp-json\/wp\/v2\/comments?post=12472"}],"version-history":[{"count":1,"href":"https:\/\/kosovatimes.info\/index.php\/wp-json\/wp\/v2\/posts\/12472\/revisions"}],"predecessor-version":[{"id":12474,"href":"https:\/\/kosovatimes.info\/index.php\/wp-json\/wp\/v2\/posts\/12472\/revisions\/12474"}],"wp:featuredmedia":[{"embeddable":true,"href":"https:\/\/kosovatimes.info\/index.php\/wp-json\/wp\/v2\/media\/12473"}],"wp:attachment":[{"href":"https:\/\/kosovatimes.info\/index.php\/wp-json\/wp\/v2\/media?parent=12472"}],"wp:term":[{"taxonomy":"category","embeddable":true,"href":"https:\/\/kosovatimes.info\/index.php\/wp-json\/wp\/v2\/categories?post=12472"},{"taxonomy":"post_tag","embeddable":true,"href":"https:\/\/kosovatimes.info\/index.php\/wp-json\/wp\/v2\/tags?post=12472"}],"curies":[{"name":"wp","href":"https:\/\/api.w.org\/{rel}","templated":true}]}}