{"id":12481,"date":"2026-04-29T12:02:50","date_gmt":"2026-04-29T10:02:50","guid":{"rendered":"https:\/\/kosovatimes.info\/?p=12481"},"modified":"2026-04-29T12:02:52","modified_gmt":"2026-04-29T10:02:52","slug":"sallate-e-lehte-mesdhetare-me-ton-dhe-makarona","status":"publish","type":"post","link":"https:\/\/kosovatimes.info\/index.php\/2026\/04\/29\/sallate-e-lehte-mesdhetare-me-ton-dhe-makarona\/","title":{"rendered":"Sallat\u00eb e leht\u00eb mesdhetare me ton dhe makarona"},"content":{"rendered":"\n<h2 class=\"wp-block-heading\">SALLAT\u00cb E LEHT\u00cb ME TONA MESDHETAR<\/h2>\n\n\n\n<p>P\u00ebr 4 persona Koha e p\u00ebrgatitjes: 15 minuta<\/p>\n\n\n\n<h3 class=\"wp-block-heading\">P\u00ebrb\u00ebr\u00ebsit:<\/h3>\n\n\n\n<h4 class=\"wp-block-heading\">P\u00ebrb\u00ebr\u00ebsit p\u00ebr sallat\u00ebn:<\/h4>\n\n\n\n<ul class=\"wp-block-list\">\n<li>250\u00a0g\u00a0maja shpimi Marodi<\/li>\n\n\n\n<li>2\u00a0kana\u00e7e t\u00eb m\u00ebdha\u00a0me ton n\u00eb sh\u00ebllir\u00eb, t\u00eb kulluara<\/li>\n\n\n\n<li>2\u00a0qep\u00eb t\u00eb reja<\/li>\n\n\n\n<li>15\u00a0domate qershi<\/li>\n\n\n\n<li>1\u00a0trangull<\/li>\n\n\n\n<li>1\u00a0spec djeg\u00ebs<\/li>\n\n\n\n<li>rreth 20\u00a0ullinj kalamata<\/li>\n\n\n\n<li>3\u00a0lug\u00eb gjelle kaper<\/li>\n<\/ul>\n\n\n\n<h4 class=\"wp-block-heading\">P\u00ebrb\u00ebr\u00ebsit p\u00ebr salc\u00ebn:<\/h4>\n\n\n\n<ul class=\"wp-block-list\">\n<li>100\u00a0g\u00a0kos<\/li>\n\n\n\n<li>2\u00a0lug\u00eb gjelle vaj ulliri<\/li>\n\n\n\n<li>2\u00a0lug\u00eb gjelle l\u00ebng limoni\u00a0ose sipas d\u00ebshir\u00ebs<\/li>\n\n\n\n<li>1\u00a0lug\u00eb \u00e7aji mustard\u00eb Dijon<\/li>\n\n\n\n<li>1\/2\u00a0lug\u00eb \u00e7aji kokrriza hudhre<\/li>\n\n\n\n<li>2\u00a0deg\u00ebza rozmarine,\u00a0t\u00eb grira im\u00ebt<\/li>\n\n\n\n<li>krip\u00eb\u00a0dhe piper<\/li>\n<\/ul>\n\n\n\n<h3 class=\"wp-block-heading\">Udh\u00ebzime:<\/h3>\n\n\n\n<ul class=\"wp-block-list\">\n<li>Ziejini makaronat n\u00eb uj\u00eb t\u00eb bollsh\u00ebm me krip\u00eb derisa t\u00eb jen\u00eb al dente, kullojini, shp\u00eblajini dhe ftohini.<\/li>\n\n\n\n<li>Pritini qep\u00ebt e njoma, kastravecat dhe specat, dhe gjithashtu mund t\u2019i prisni p\u00ebrgjysm\u00eb ullinjt\u00eb dhe domatet qershi.<\/li>\n\n\n\n<li>Vendosni t\u00eb gjith\u00eb p\u00ebrb\u00ebr\u00ebsit e sallat\u00ebs n\u00eb nj\u00eb tas.<\/li>\n\n\n\n<li>N\u00eb nj\u00eb kavanoz t\u00eb vog\u00ebl, kombinoni p\u00ebrb\u00ebr\u00ebsit e salc\u00ebs, p\u00ebrzieni mir\u00eb (tundeni) dhe hidheni mbi sallat\u00eb. P\u00ebrzieni dhe sh\u00ebrbejeni menj\u00ebher\u00eb ose vendoseni n\u00eb frigorifer deri n\u00eb dy dit\u00eb. Shijojeni!<\/li>\n<\/ul>\n","protected":false},"excerpt":{"rendered":"<p>SALLAT\u00cb E LEHT\u00cb ME TONA MESDHETAR P\u00ebr 4 persona Koha e p\u00ebrgatitjes: 15 minuta P\u00ebrb\u00ebr\u00ebsit: P\u00ebrb\u00ebr\u00ebsit p\u00ebr sallat\u00ebn: P\u00ebrb\u00ebr\u00ebsit p\u00ebr salc\u00ebn: Udh\u00ebzime:<\/p>\n","protected":false},"author":4,"featured_media":12482,"comment_status":"open","ping_status":"open","sticky":false,"template":"","format":"standard","meta":{"footnotes":""},"categories":[39],"tags":[],"class_list":{"0":"post-12481","1":"post","2":"type-post","3":"status-publish","4":"format-standard","5":"has-post-thumbnail","7":"category-receta"},"yoast_head":"<!-- This site is optimized with the Yoast SEO plugin v27.4 - https:\/\/yoast.com\/product\/yoast-seo-wordpress\/ -->\n<title>Sallat\u00eb e leht\u00eb mesdhetare me ton dhe makarona - Kosova Times<\/title>\n<meta name=\"robots\" content=\"index, follow, max-snippet:-1, max-image-preview:large, max-video-preview:-1\" \/>\n<link rel=\"canonical\" href=\"https:\/\/kosovatimes.info\/index.php\/2026\/04\/29\/sallate-e-lehte-mesdhetare-me-ton-dhe-makarona\/\" \/>\n<meta property=\"og:locale\" content=\"en_US\" \/>\n<meta property=\"og:type\" content=\"article\" \/>\n<meta property=\"og:title\" content=\"Sallat\u00eb e leht\u00eb mesdhetare me ton dhe makarona - Kosova Times\" \/>\n<meta property=\"og:description\" content=\"SALLAT\u00cb E LEHT\u00cb ME TONA MESDHETAR P\u00ebr 4 persona Koha e p\u00ebrgatitjes: 15 minuta P\u00ebrb\u00ebr\u00ebsit: P\u00ebrb\u00ebr\u00ebsit p\u00ebr sallat\u00ebn: P\u00ebrb\u00ebr\u00ebsit p\u00ebr salc\u00ebn: Udh\u00ebzime:\" \/>\n<meta property=\"og:url\" content=\"https:\/\/kosovatimes.info\/index.php\/2026\/04\/29\/sallate-e-lehte-mesdhetare-me-ton-dhe-makarona\/\" \/>\n<meta property=\"og:site_name\" content=\"Kosova Times\" \/>\n<meta property=\"article:published_time\" content=\"2026-04-29T10:02:50+00:00\" \/>\n<meta property=\"article:modified_time\" content=\"2026-04-29T10:02:52+00:00\" \/>\n<meta property=\"og:image\" content=\"https:\/\/kosovatimes.info\/wp-content\/uploads\/2026\/04\/sallat.jpg\" \/>\n\t<meta property=\"og:image:width\" content=\"1200\" \/>\n\t<meta property=\"og:image:height\" content=\"1600\" \/>\n\t<meta property=\"og:image:type\" content=\"image\/jpeg\" \/>\n<meta name=\"author\" content=\"i l\" \/>\n<meta name=\"twitter:card\" content=\"summary_large_image\" \/>\n<meta name=\"twitter:label1\" content=\"Written by\" \/>\n\t<meta name=\"twitter:data1\" content=\"i l\" \/>\n\t<meta name=\"twitter:label2\" content=\"Est. reading time\" \/>\n\t<meta name=\"twitter:data2\" content=\"1 minute\" \/>\n<script type=\"application\/ld+json\" class=\"yoast-schema-graph\">{\"@context\":\"https:\\\/\\\/schema.org\",\"@graph\":[{\"@type\":\"Article\",\"@id\":\"https:\\\/\\\/kosovatimes.info\\\/index.php\\\/2026\\\/04\\\/29\\\/sallate-e-lehte-mesdhetare-me-ton-dhe-makarona\\\/#article\",\"isPartOf\":{\"@id\":\"https:\\\/\\\/kosovatimes.info\\\/index.php\\\/2026\\\/04\\\/29\\\/sallate-e-lehte-mesdhetare-me-ton-dhe-makarona\\\/\"},\"author\":{\"name\":\"i l\",\"@id\":\"https:\\\/\\\/kosovatimes.info\\\/#\\\/schema\\\/person\\\/7586712b9c512fe68085de007378c915\"},\"headline\":\"Sallat\u00eb e leht\u00eb mesdhetare me ton dhe makarona\",\"datePublished\":\"2026-04-29T10:02:50+00:00\",\"dateModified\":\"2026-04-29T10:02:52+00:00\",\"mainEntityOfPage\":{\"@id\":\"https:\\\/\\\/kosovatimes.info\\\/index.php\\\/2026\\\/04\\\/29\\\/sallate-e-lehte-mesdhetare-me-ton-dhe-makarona\\\/\"},\"wordCount\":199,\"commentCount\":0,\"image\":{\"@id\":\"https:\\\/\\\/kosovatimes.info\\\/index.php\\\/2026\\\/04\\\/29\\\/sallate-e-lehte-mesdhetare-me-ton-dhe-makarona\\\/#primaryimage\"},\"thumbnailUrl\":\"https:\\\/\\\/kosovatimes.info\\\/wp-content\\\/uploads\\\/2026\\\/04\\\/sallat.jpg\",\"articleSection\":[\"Receta\"],\"inLanguage\":\"en-US\",\"potentialAction\":[{\"@type\":\"CommentAction\",\"name\":\"Comment\",\"target\":[\"https:\\\/\\\/kosovatimes.info\\\/index.php\\\/2026\\\/04\\\/29\\\/sallate-e-lehte-mesdhetare-me-ton-dhe-makarona\\\/#respond\"]}]},{\"@type\":\"WebPage\",\"@id\":\"https:\\\/\\\/kosovatimes.info\\\/index.php\\\/2026\\\/04\\\/29\\\/sallate-e-lehte-mesdhetare-me-ton-dhe-makarona\\\/\",\"url\":\"https:\\\/\\\/kosovatimes.info\\\/index.php\\\/2026\\\/04\\\/29\\\/sallate-e-lehte-mesdhetare-me-ton-dhe-makarona\\\/\",\"name\":\"Sallat\u00eb e leht\u00eb mesdhetare me ton dhe makarona - Kosova Times\",\"isPartOf\":{\"@id\":\"https:\\\/\\\/kosovatimes.info\\\/#website\"},\"primaryImageOfPage\":{\"@id\":\"https:\\\/\\\/kosovatimes.info\\\/index.php\\\/2026\\\/04\\\/29\\\/sallate-e-lehte-mesdhetare-me-ton-dhe-makarona\\\/#primaryimage\"},\"image\":{\"@id\":\"https:\\\/\\\/kosovatimes.info\\\/index.php\\\/2026\\\/04\\\/29\\\/sallate-e-lehte-mesdhetare-me-ton-dhe-makarona\\\/#primaryimage\"},\"thumbnailUrl\":\"https:\\\/\\\/kosovatimes.info\\\/wp-content\\\/uploads\\\/2026\\\/04\\\/sallat.jpg\",\"datePublished\":\"2026-04-29T10:02:50+00:00\",\"dateModified\":\"2026-04-29T10:02:52+00:00\",\"author\":{\"@id\":\"https:\\\/\\\/kosovatimes.info\\\/#\\\/schema\\\/person\\\/7586712b9c512fe68085de007378c915\"},\"breadcrumb\":{\"@id\":\"https:\\\/\\\/kosovatimes.info\\\/index.php\\\/2026\\\/04\\\/29\\\/sallate-e-lehte-mesdhetare-me-ton-dhe-makarona\\\/#breadcrumb\"},\"inLanguage\":\"en-US\",\"potentialAction\":[{\"@type\":\"ReadAction\",\"target\":[\"https:\\\/\\\/kosovatimes.info\\\/index.php\\\/2026\\\/04\\\/29\\\/sallate-e-lehte-mesdhetare-me-ton-dhe-makarona\\\/\"]}]},{\"@type\":\"ImageObject\",\"inLanguage\":\"en-US\",\"@id\":\"https:\\\/\\\/kosovatimes.info\\\/index.php\\\/2026\\\/04\\\/29\\\/sallate-e-lehte-mesdhetare-me-ton-dhe-makarona\\\/#primaryimage\",\"url\":\"https:\\\/\\\/kosovatimes.info\\\/wp-content\\\/uploads\\\/2026\\\/04\\\/sallat.jpg\",\"contentUrl\":\"https:\\\/\\\/kosovatimes.info\\\/wp-content\\\/uploads\\\/2026\\\/04\\\/sallat.jpg\",\"width\":1200,\"height\":1600},{\"@type\":\"BreadcrumbList\",\"@id\":\"https:\\\/\\\/kosovatimes.info\\\/index.php\\\/2026\\\/04\\\/29\\\/sallate-e-lehte-mesdhetare-me-ton-dhe-makarona\\\/#breadcrumb\",\"itemListElement\":[{\"@type\":\"ListItem\",\"position\":1,\"name\":\"Home\",\"item\":\"https:\\\/\\\/kosovatimes.info\\\/\"},{\"@type\":\"ListItem\",\"position\":2,\"name\":\"Sallat\u00eb e leht\u00eb mesdhetare me ton dhe makarona\"}]},{\"@type\":\"WebSite\",\"@id\":\"https:\\\/\\\/kosovatimes.info\\\/#website\",\"url\":\"https:\\\/\\\/kosovatimes.info\\\/\",\"name\":\"Kosova Times\",\"description\":\"\",\"potentialAction\":[{\"@type\":\"SearchAction\",\"target\":{\"@type\":\"EntryPoint\",\"urlTemplate\":\"https:\\\/\\\/kosovatimes.info\\\/?s={search_term_string}\"},\"query-input\":{\"@type\":\"PropertyValueSpecification\",\"valueRequired\":true,\"valueName\":\"search_term_string\"}}],\"inLanguage\":\"en-US\"},{\"@type\":\"Person\",\"@id\":\"https:\\\/\\\/kosovatimes.info\\\/#\\\/schema\\\/person\\\/7586712b9c512fe68085de007378c915\",\"name\":\"i l\",\"image\":{\"@type\":\"ImageObject\",\"inLanguage\":\"en-US\",\"@id\":\"https:\\\/\\\/secure.gravatar.com\\\/avatar\\\/bad9296e02816160ae2e2435beda58222022298d5625d49fea74d18816fbb31d?s=96&d=mm&r=g\",\"url\":\"https:\\\/\\\/secure.gravatar.com\\\/avatar\\\/bad9296e02816160ae2e2435beda58222022298d5625d49fea74d18816fbb31d?s=96&d=mm&r=g\",\"contentUrl\":\"https:\\\/\\\/secure.gravatar.com\\\/avatar\\\/bad9296e02816160ae2e2435beda58222022298d5625d49fea74d18816fbb31d?s=96&d=mm&r=g\",\"caption\":\"i l\"},\"url\":\"https:\\\/\\\/kosovatimes.info\\\/index.php\\\/author\\\/iliri\\\/\"}]}<\/script>\n<!-- \/ Yoast SEO plugin. -->","yoast_head_json":{"title":"Sallat\u00eb e leht\u00eb mesdhetare me ton dhe makarona - Kosova Times","robots":{"index":"index","follow":"follow","max-snippet":"max-snippet:-1","max-image-preview":"max-image-preview:large","max-video-preview":"max-video-preview:-1"},"canonical":"https:\/\/kosovatimes.info\/index.php\/2026\/04\/29\/sallate-e-lehte-mesdhetare-me-ton-dhe-makarona\/","og_locale":"en_US","og_type":"article","og_title":"Sallat\u00eb e leht\u00eb mesdhetare me ton dhe makarona - Kosova Times","og_description":"SALLAT\u00cb E LEHT\u00cb ME TONA MESDHETAR P\u00ebr 4 persona Koha e p\u00ebrgatitjes: 15 minuta P\u00ebrb\u00ebr\u00ebsit: P\u00ebrb\u00ebr\u00ebsit p\u00ebr sallat\u00ebn: P\u00ebrb\u00ebr\u00ebsit p\u00ebr salc\u00ebn: Udh\u00ebzime:","og_url":"https:\/\/kosovatimes.info\/index.php\/2026\/04\/29\/sallate-e-lehte-mesdhetare-me-ton-dhe-makarona\/","og_site_name":"Kosova Times","article_published_time":"2026-04-29T10:02:50+00:00","article_modified_time":"2026-04-29T10:02:52+00:00","og_image":[{"width":1200,"height":1600,"url":"https:\/\/kosovatimes.info\/wp-content\/uploads\/2026\/04\/sallat.jpg","type":"image\/jpeg"}],"author":"i l","twitter_card":"summary_large_image","twitter_misc":{"Written by":"i l","Est. reading time":"1 minute"},"schema":{"@context":"https:\/\/schema.org","@graph":[{"@type":"Article","@id":"https:\/\/kosovatimes.info\/index.php\/2026\/04\/29\/sallate-e-lehte-mesdhetare-me-ton-dhe-makarona\/#article","isPartOf":{"@id":"https:\/\/kosovatimes.info\/index.php\/2026\/04\/29\/sallate-e-lehte-mesdhetare-me-ton-dhe-makarona\/"},"author":{"name":"i l","@id":"https:\/\/kosovatimes.info\/#\/schema\/person\/7586712b9c512fe68085de007378c915"},"headline":"Sallat\u00eb e leht\u00eb mesdhetare me ton dhe makarona","datePublished":"2026-04-29T10:02:50+00:00","dateModified":"2026-04-29T10:02:52+00:00","mainEntityOfPage":{"@id":"https:\/\/kosovatimes.info\/index.php\/2026\/04\/29\/sallate-e-lehte-mesdhetare-me-ton-dhe-makarona\/"},"wordCount":199,"commentCount":0,"image":{"@id":"https:\/\/kosovatimes.info\/index.php\/2026\/04\/29\/sallate-e-lehte-mesdhetare-me-ton-dhe-makarona\/#primaryimage"},"thumbnailUrl":"https:\/\/kosovatimes.info\/wp-content\/uploads\/2026\/04\/sallat.jpg","articleSection":["Receta"],"inLanguage":"en-US","potentialAction":[{"@type":"CommentAction","name":"Comment","target":["https:\/\/kosovatimes.info\/index.php\/2026\/04\/29\/sallate-e-lehte-mesdhetare-me-ton-dhe-makarona\/#respond"]}]},{"@type":"WebPage","@id":"https:\/\/kosovatimes.info\/index.php\/2026\/04\/29\/sallate-e-lehte-mesdhetare-me-ton-dhe-makarona\/","url":"https:\/\/kosovatimes.info\/index.php\/2026\/04\/29\/sallate-e-lehte-mesdhetare-me-ton-dhe-makarona\/","name":"Sallat\u00eb e leht\u00eb mesdhetare me ton dhe makarona - Kosova Times","isPartOf":{"@id":"https:\/\/kosovatimes.info\/#website"},"primaryImageOfPage":{"@id":"https:\/\/kosovatimes.info\/index.php\/2026\/04\/29\/sallate-e-lehte-mesdhetare-me-ton-dhe-makarona\/#primaryimage"},"image":{"@id":"https:\/\/kosovatimes.info\/index.php\/2026\/04\/29\/sallate-e-lehte-mesdhetare-me-ton-dhe-makarona\/#primaryimage"},"thumbnailUrl":"https:\/\/kosovatimes.info\/wp-content\/uploads\/2026\/04\/sallat.jpg","datePublished":"2026-04-29T10:02:50+00:00","dateModified":"2026-04-29T10:02:52+00:00","author":{"@id":"https:\/\/kosovatimes.info\/#\/schema\/person\/7586712b9c512fe68085de007378c915"},"breadcrumb":{"@id":"https:\/\/kosovatimes.info\/index.php\/2026\/04\/29\/sallate-e-lehte-mesdhetare-me-ton-dhe-makarona\/#breadcrumb"},"inLanguage":"en-US","potentialAction":[{"@type":"ReadAction","target":["https:\/\/kosovatimes.info\/index.php\/2026\/04\/29\/sallate-e-lehte-mesdhetare-me-ton-dhe-makarona\/"]}]},{"@type":"ImageObject","inLanguage":"en-US","@id":"https:\/\/kosovatimes.info\/index.php\/2026\/04\/29\/sallate-e-lehte-mesdhetare-me-ton-dhe-makarona\/#primaryimage","url":"https:\/\/kosovatimes.info\/wp-content\/uploads\/2026\/04\/sallat.jpg","contentUrl":"https:\/\/kosovatimes.info\/wp-content\/uploads\/2026\/04\/sallat.jpg","width":1200,"height":1600},{"@type":"BreadcrumbList","@id":"https:\/\/kosovatimes.info\/index.php\/2026\/04\/29\/sallate-e-lehte-mesdhetare-me-ton-dhe-makarona\/#breadcrumb","itemListElement":[{"@type":"ListItem","position":1,"name":"Home","item":"https:\/\/kosovatimes.info\/"},{"@type":"ListItem","position":2,"name":"Sallat\u00eb e leht\u00eb mesdhetare me ton dhe makarona"}]},{"@type":"WebSite","@id":"https:\/\/kosovatimes.info\/#website","url":"https:\/\/kosovatimes.info\/","name":"Kosova Times","description":"","potentialAction":[{"@type":"SearchAction","target":{"@type":"EntryPoint","urlTemplate":"https:\/\/kosovatimes.info\/?s={search_term_string}"},"query-input":{"@type":"PropertyValueSpecification","valueRequired":true,"valueName":"search_term_string"}}],"inLanguage":"en-US"},{"@type":"Person","@id":"https:\/\/kosovatimes.info\/#\/schema\/person\/7586712b9c512fe68085de007378c915","name":"i l","image":{"@type":"ImageObject","inLanguage":"en-US","@id":"https:\/\/secure.gravatar.com\/avatar\/bad9296e02816160ae2e2435beda58222022298d5625d49fea74d18816fbb31d?s=96&d=mm&r=g","url":"https:\/\/secure.gravatar.com\/avatar\/bad9296e02816160ae2e2435beda58222022298d5625d49fea74d18816fbb31d?s=96&d=mm&r=g","contentUrl":"https:\/\/secure.gravatar.com\/avatar\/bad9296e02816160ae2e2435beda58222022298d5625d49fea74d18816fbb31d?s=96&d=mm&r=g","caption":"i l"},"url":"https:\/\/kosovatimes.info\/index.php\/author\/iliri\/"}]}},"_links":{"self":[{"href":"https:\/\/kosovatimes.info\/index.php\/wp-json\/wp\/v2\/posts\/12481","targetHints":{"allow":["GET"]}}],"collection":[{"href":"https:\/\/kosovatimes.info\/index.php\/wp-json\/wp\/v2\/posts"}],"about":[{"href":"https:\/\/kosovatimes.info\/index.php\/wp-json\/wp\/v2\/types\/post"}],"author":[{"embeddable":true,"href":"https:\/\/kosovatimes.info\/index.php\/wp-json\/wp\/v2\/users\/4"}],"replies":[{"embeddable":true,"href":"https:\/\/kosovatimes.info\/index.php\/wp-json\/wp\/v2\/comments?post=12481"}],"version-history":[{"count":1,"href":"https:\/\/kosovatimes.info\/index.php\/wp-json\/wp\/v2\/posts\/12481\/revisions"}],"predecessor-version":[{"id":12483,"href":"https:\/\/kosovatimes.info\/index.php\/wp-json\/wp\/v2\/posts\/12481\/revisions\/12483"}],"wp:featuredmedia":[{"embeddable":true,"href":"https:\/\/kosovatimes.info\/index.php\/wp-json\/wp\/v2\/media\/12482"}],"wp:attachment":[{"href":"https:\/\/kosovatimes.info\/index.php\/wp-json\/wp\/v2\/media?parent=12481"}],"wp:term":[{"taxonomy":"category","embeddable":true,"href":"https:\/\/kosovatimes.info\/index.php\/wp-json\/wp\/v2\/categories?post=12481"},{"taxonomy":"post_tag","embeddable":true,"href":"https:\/\/kosovatimes.info\/index.php\/wp-json\/wp\/v2\/tags?post=12481"}],"curies":[{"name":"wp","href":"https:\/\/api.w.org\/{rel}","templated":true}]}}