{"id":12498,"date":"2026-04-29T13:25:00","date_gmt":"2026-04-29T11:25:00","guid":{"rendered":"https:\/\/kosovatimes.info\/?p=12498"},"modified":"2026-04-29T15:26:24","modified_gmt":"2026-04-29T13:26:24","slug":"kqz-ne-pritje-te-dates-se-zgjedhjeve-elezi-do-te-shkurtohen-afatet","status":"publish","type":"post","link":"https:\/\/kosovatimes.info\/index.php\/2026\/04\/29\/kqz-ne-pritje-te-dates-se-zgjedhjeve-elezi-do-te-shkurtohen-afatet\/","title":{"rendered":"KQZ n\u00eb pritje t\u00eb dat\u00ebs s\u00eb zgjedhjeve, Elezi: Do t\u00eb shkurtohen afatet"},"content":{"rendered":"\n<p><strong>Komisioni Qendror i Zgjedhjeve \u00ebsht\u00eb n\u00eb pritje t\u00eb caktimit t\u00eb dat\u00ebs s\u00eb zgjedhjeve q\u00eb t\u00eb nis me pun\u00ebn p\u00ebr organizimin e tyre, nj\u00eb dit\u00eb pasi deputet\u00ebt e Kuvendit Kosov\u00ebs d\u00ebshtuan t\u2019i jap vendit nj\u00eb president t\u00eb ri shteti. P\u00ebr organizimin e nj\u00eb tjet\u00ebr procesi t\u00eb parakohsh\u00ebm zgjedhor pas atij t\u00eb 28 dhjetorit, pritet t\u00eb flasin edhe ushtruesja e detyr\u00ebs s\u00eb presidentes, Albulena Haxhiu me kreun e KQZ-s\u00eb, Kreshnik Radoniqi.<\/strong><\/p>\n\n\n\n<p>Z\u00ebdh\u00ebn\u00ebsi i KQZ-s\u00eb, Valmir Elezi tha p\u00ebr RTKlive se meq\u00eb zgjedhjet jan\u00eb t\u00eb parakohshme, organizimi i tyre b\u00ebhet me afate t\u00eb shkurtra kohore.<\/p>\n\n\n\n<p>Madje Elezi tha se nj\u00eb nga vendimet e para t\u00eb institucionit q\u00eb bart\u00eb p\u00ebrgjegj\u00ebsin\u00eb p\u00ebr organizimin e zgjedhjeve do t\u00eb jet\u00eb ndryshimi i afateve kohore t\u00eb aktiviteteve zgjedhore, apo p\u00ebrshtatja e tyre sipas nevoj\u00ebs dhe n\u00eb pajtim me rrethanat.<\/p>\n\n\n\n<p>\u201cLigji p\u00ebr Zgjedhjet e P\u00ebrgjithshme ia jep t\u00eb drejt\u00ebn KQZ-s\u00eb q\u00eb afatet kohore t\u00eb aktiviteteve zgjedhore t\u00eb p\u00ebrshtaten me dit\u00ebt n\u00eb dispozicion t\u00eb KQZ-s\u00eb p\u00ebr organizimin e k\u00ebtyre zgjedhjeve\u201d, tha Elezi.<\/p>\n\n\n\n<p>Tutje, sipas z\u00ebdh\u00ebn\u00ebsit t\u00eb KQZ-s\u00eb, k\u00ebtu hyjn\u00eb p\u00ebrcaktimi i afatit p\u00ebr partit\u00eb politike p\u00ebr t\u00eb formuar koalicione dhe deklaruar mospjes\u00ebmarrjen n\u00eb zgjedhje, afati p\u00ebr subjektet politike p\u00ebr t\u2019u certifikuar e p\u00ebr t\u00eb dor\u00ebzuar list\u00ebn e kandidat\u00ebve p\u00ebr deputet\u00eb, si dhe periudha e fushat\u00ebs zgjedhore.<\/p>\n\n\n\n<p>\u201cPo ashtu, me an\u00eb t\u00eb k\u00ebtij plani, KQZ cakton edhe koh\u00ebn p\u00ebr regjistrimin e votuesve jasht\u00eb Kosov\u00ebs, votimin p\u00ebrmes post\u00ebs dhe n\u00eb p\u00ebrfaq\u00ebsi diplomatike, si dhe regjistrimin e votuesve me nevoja t\u00eb ve\u00e7anta. Pjes\u00eb e k\u00ebtij plani \u00ebsht\u00eb edhe vendosja e afateve p\u00ebr akreditimin e v\u00ebzhguesve dhe mediave\u201d, tha Elezi p\u00ebr RTKlive.<\/p>\n\n\n\n<p>Ushtruesja e detyr\u00ebs s\u00eb presidentes ka 10 dit\u00eb afat p\u00ebr shpalljen e k\u00ebsaj date, derisa organizimi i tyre nuk mund t\u00eb mbahet m\u00eb her\u00ebt se 30 dit\u00eb &nbsp;e jo&nbsp; m\u00eb von\u00eb se 45 dit\u00eb nga data e shp\u00ebrndarjes s\u00eb Kuvendit.<\/p>\n\n\n\n<p>Mandati i deputet\u00ebve t\u00eb legjislatur\u00ebs s\u00eb dhjet\u00eb t\u00eb Kuvendit u p\u00ebrmbyll\u00eb mbr\u00ebm\u00eb, pasi skadoi afati i p\u00ebrcaktuar nga Gjykata Kushtetuese p\u00ebrmes aktgjykimit p\u00ebr zgjedhjen e kreut t\u00eb shtetit.<\/p>\n\n\n\n<p>T\u00eb zgjedhurit nga procesi i parakohsh\u00ebm zgjedhor i 28 dhjetorit ishin betuar me 11 shkurt, e n\u00eb po t\u00eb&nbsp; nj\u00ebjt\u00ebn dit\u00eb ishte zgjedhur edhe kryetarja e Kuvendit dhe ishte votuar edhe kabineti i ri qeveritar.<\/p>\n","protected":false},"excerpt":{"rendered":"<p>Komisioni Qendror i Zgjedhjeve \u00ebsht\u00eb n\u00eb pritje t\u00eb caktimit t\u00eb dat\u00ebs s\u00eb zgjedhjeve q\u00eb t\u00eb nis me pun\u00ebn p\u00ebr organizimin e tyre, nj\u00eb dit\u00eb pasi deputet\u00ebt e Kuvendit Kosov\u00ebs d\u00ebshtuan t\u2019i jap vendit nj\u00eb president t\u00eb ri shteti. P\u00ebr organizimin e nj\u00eb tjet\u00ebr procesi t\u00eb parakohsh\u00ebm zgjedhor pas atij t\u00eb 28 dhjetorit, pritet t\u00eb flasin [&hellip;]<\/p>\n","protected":false},"author":4,"featured_media":6299,"comment_status":"open","ping_status":"open","sticky":false,"template":"","format":"standard","meta":{"footnotes":""},"categories":[31,30],"tags":[],"class_list":{"0":"post-12498","1":"post","2":"type-post","3":"status-publish","4":"format-standard","5":"has-post-thumbnail","7":"category-kosove","8":"category-lajme"},"yoast_head":"<!-- This site is optimized with the Yoast SEO plugin v27.4 - https:\/\/yoast.com\/product\/yoast-seo-wordpress\/ -->\n<title>KQZ n\u00eb pritje t\u00eb dat\u00ebs s\u00eb zgjedhjeve, Elezi: Do t\u00eb shkurtohen afatet - Kosova Times<\/title>\n<meta name=\"robots\" content=\"index, follow, max-snippet:-1, max-image-preview:large, max-video-preview:-1\" \/>\n<link rel=\"canonical\" href=\"https:\/\/kosovatimes.info\/index.php\/2026\/04\/29\/kqz-ne-pritje-te-dates-se-zgjedhjeve-elezi-do-te-shkurtohen-afatet\/\" \/>\n<meta property=\"og:locale\" content=\"en_US\" \/>\n<meta property=\"og:type\" content=\"article\" \/>\n<meta property=\"og:title\" content=\"KQZ n\u00eb pritje t\u00eb dat\u00ebs s\u00eb zgjedhjeve, Elezi: Do t\u00eb shkurtohen afatet - Kosova Times\" \/>\n<meta property=\"og:description\" content=\"Komisioni Qendror i Zgjedhjeve \u00ebsht\u00eb n\u00eb pritje t\u00eb caktimit t\u00eb dat\u00ebs s\u00eb zgjedhjeve q\u00eb t\u00eb nis me pun\u00ebn p\u00ebr organizimin e tyre, nj\u00eb dit\u00eb pasi deputet\u00ebt e Kuvendit Kosov\u00ebs d\u00ebshtuan t\u2019i jap vendit nj\u00eb president t\u00eb ri shteti. P\u00ebr organizimin e nj\u00eb tjet\u00ebr procesi t\u00eb parakohsh\u00ebm zgjedhor pas atij t\u00eb 28 dhjetorit, pritet t\u00eb flasin [&hellip;]\" \/>\n<meta property=\"og:url\" content=\"https:\/\/kosovatimes.info\/index.php\/2026\/04\/29\/kqz-ne-pritje-te-dates-se-zgjedhjeve-elezi-do-te-shkurtohen-afatet\/\" \/>\n<meta property=\"og:site_name\" content=\"Kosova Times\" \/>\n<meta property=\"article:published_time\" content=\"2026-04-29T11:25:00+00:00\" \/>\n<meta property=\"article:modified_time\" content=\"2026-04-29T13:26:24+00:00\" \/>\n<meta property=\"og:image\" content=\"https:\/\/kosovatimes.info\/wp-content\/uploads\/2026\/03\/KQZ.jpg\" \/>\n\t<meta property=\"og:image:width\" content=\"1023\" \/>\n\t<meta property=\"og:image:height\" content=\"575\" \/>\n\t<meta property=\"og:image:type\" content=\"image\/jpeg\" \/>\n<meta name=\"author\" content=\"i l\" \/>\n<meta name=\"twitter:card\" content=\"summary_large_image\" \/>\n<meta name=\"twitter:label1\" content=\"Written by\" \/>\n\t<meta name=\"twitter:data1\" content=\"i l\" \/>\n\t<meta name=\"twitter:label2\" content=\"Est. reading time\" \/>\n\t<meta name=\"twitter:data2\" content=\"2 minutes\" \/>\n<script type=\"application\/ld+json\" class=\"yoast-schema-graph\">{\"@context\":\"https:\\\/\\\/schema.org\",\"@graph\":[{\"@type\":\"Article\",\"@id\":\"https:\\\/\\\/kosovatimes.info\\\/index.php\\\/2026\\\/04\\\/29\\\/kqz-ne-pritje-te-dates-se-zgjedhjeve-elezi-do-te-shkurtohen-afatet\\\/#article\",\"isPartOf\":{\"@id\":\"https:\\\/\\\/kosovatimes.info\\\/index.php\\\/2026\\\/04\\\/29\\\/kqz-ne-pritje-te-dates-se-zgjedhjeve-elezi-do-te-shkurtohen-afatet\\\/\"},\"author\":{\"name\":\"i l\",\"@id\":\"https:\\\/\\\/kosovatimes.info\\\/#\\\/schema\\\/person\\\/7586712b9c512fe68085de007378c915\"},\"headline\":\"KQZ n\u00eb pritje t\u00eb dat\u00ebs s\u00eb zgjedhjeve, Elezi: Do t\u00eb shkurtohen afatet\",\"datePublished\":\"2026-04-29T11:25:00+00:00\",\"dateModified\":\"2026-04-29T13:26:24+00:00\",\"mainEntityOfPage\":{\"@id\":\"https:\\\/\\\/kosovatimes.info\\\/index.php\\\/2026\\\/04\\\/29\\\/kqz-ne-pritje-te-dates-se-zgjedhjeve-elezi-do-te-shkurtohen-afatet\\\/\"},\"wordCount\":444,\"commentCount\":0,\"image\":{\"@id\":\"https:\\\/\\\/kosovatimes.info\\\/index.php\\\/2026\\\/04\\\/29\\\/kqz-ne-pritje-te-dates-se-zgjedhjeve-elezi-do-te-shkurtohen-afatet\\\/#primaryimage\"},\"thumbnailUrl\":\"https:\\\/\\\/kosovatimes.info\\\/wp-content\\\/uploads\\\/2026\\\/03\\\/KQZ.jpg\",\"articleSection\":[\"Kosov\u00eb\",\"Lajme\"],\"inLanguage\":\"en-US\",\"potentialAction\":[{\"@type\":\"CommentAction\",\"name\":\"Comment\",\"target\":[\"https:\\\/\\\/kosovatimes.info\\\/index.php\\\/2026\\\/04\\\/29\\\/kqz-ne-pritje-te-dates-se-zgjedhjeve-elezi-do-te-shkurtohen-afatet\\\/#respond\"]}]},{\"@type\":\"WebPage\",\"@id\":\"https:\\\/\\\/kosovatimes.info\\\/index.php\\\/2026\\\/04\\\/29\\\/kqz-ne-pritje-te-dates-se-zgjedhjeve-elezi-do-te-shkurtohen-afatet\\\/\",\"url\":\"https:\\\/\\\/kosovatimes.info\\\/index.php\\\/2026\\\/04\\\/29\\\/kqz-ne-pritje-te-dates-se-zgjedhjeve-elezi-do-te-shkurtohen-afatet\\\/\",\"name\":\"KQZ n\u00eb pritje t\u00eb dat\u00ebs s\u00eb zgjedhjeve, Elezi: Do t\u00eb shkurtohen afatet - Kosova Times\",\"isPartOf\":{\"@id\":\"https:\\\/\\\/kosovatimes.info\\\/#website\"},\"primaryImageOfPage\":{\"@id\":\"https:\\\/\\\/kosovatimes.info\\\/index.php\\\/2026\\\/04\\\/29\\\/kqz-ne-pritje-te-dates-se-zgjedhjeve-elezi-do-te-shkurtohen-afatet\\\/#primaryimage\"},\"image\":{\"@id\":\"https:\\\/\\\/kosovatimes.info\\\/index.php\\\/2026\\\/04\\\/29\\\/kqz-ne-pritje-te-dates-se-zgjedhjeve-elezi-do-te-shkurtohen-afatet\\\/#primaryimage\"},\"thumbnailUrl\":\"https:\\\/\\\/kosovatimes.info\\\/wp-content\\\/uploads\\\/2026\\\/03\\\/KQZ.jpg\",\"datePublished\":\"2026-04-29T11:25:00+00:00\",\"dateModified\":\"2026-04-29T13:26:24+00:00\",\"author\":{\"@id\":\"https:\\\/\\\/kosovatimes.info\\\/#\\\/schema\\\/person\\\/7586712b9c512fe68085de007378c915\"},\"breadcrumb\":{\"@id\":\"https:\\\/\\\/kosovatimes.info\\\/index.php\\\/2026\\\/04\\\/29\\\/kqz-ne-pritje-te-dates-se-zgjedhjeve-elezi-do-te-shkurtohen-afatet\\\/#breadcrumb\"},\"inLanguage\":\"en-US\",\"potentialAction\":[{\"@type\":\"ReadAction\",\"target\":[\"https:\\\/\\\/kosovatimes.info\\\/index.php\\\/2026\\\/04\\\/29\\\/kqz-ne-pritje-te-dates-se-zgjedhjeve-elezi-do-te-shkurtohen-afatet\\\/\"]}]},{\"@type\":\"ImageObject\",\"inLanguage\":\"en-US\",\"@id\":\"https:\\\/\\\/kosovatimes.info\\\/index.php\\\/2026\\\/04\\\/29\\\/kqz-ne-pritje-te-dates-se-zgjedhjeve-elezi-do-te-shkurtohen-afatet\\\/#primaryimage\",\"url\":\"https:\\\/\\\/kosovatimes.info\\\/wp-content\\\/uploads\\\/2026\\\/03\\\/KQZ.jpg\",\"contentUrl\":\"https:\\\/\\\/kosovatimes.info\\\/wp-content\\\/uploads\\\/2026\\\/03\\\/KQZ.jpg\",\"width\":1023,\"height\":575},{\"@type\":\"BreadcrumbList\",\"@id\":\"https:\\\/\\\/kosovatimes.info\\\/index.php\\\/2026\\\/04\\\/29\\\/kqz-ne-pritje-te-dates-se-zgjedhjeve-elezi-do-te-shkurtohen-afatet\\\/#breadcrumb\",\"itemListElement\":[{\"@type\":\"ListItem\",\"position\":1,\"name\":\"Home\",\"item\":\"https:\\\/\\\/kosovatimes.info\\\/\"},{\"@type\":\"ListItem\",\"position\":2,\"name\":\"KQZ n\u00eb pritje t\u00eb dat\u00ebs s\u00eb zgjedhjeve, Elezi: Do t\u00eb shkurtohen afatet\"}]},{\"@type\":\"WebSite\",\"@id\":\"https:\\\/\\\/kosovatimes.info\\\/#website\",\"url\":\"https:\\\/\\\/kosovatimes.info\\\/\",\"name\":\"Kosova Times\",\"description\":\"\",\"potentialAction\":[{\"@type\":\"SearchAction\",\"target\":{\"@type\":\"EntryPoint\",\"urlTemplate\":\"https:\\\/\\\/kosovatimes.info\\\/?s={search_term_string}\"},\"query-input\":{\"@type\":\"PropertyValueSpecification\",\"valueRequired\":true,\"valueName\":\"search_term_string\"}}],\"inLanguage\":\"en-US\"},{\"@type\":\"Person\",\"@id\":\"https:\\\/\\\/kosovatimes.info\\\/#\\\/schema\\\/person\\\/7586712b9c512fe68085de007378c915\",\"name\":\"i l\",\"image\":{\"@type\":\"ImageObject\",\"inLanguage\":\"en-US\",\"@id\":\"https:\\\/\\\/secure.gravatar.com\\\/avatar\\\/bad9296e02816160ae2e2435beda58222022298d5625d49fea74d18816fbb31d?s=96&d=mm&r=g\",\"url\":\"https:\\\/\\\/secure.gravatar.com\\\/avatar\\\/bad9296e02816160ae2e2435beda58222022298d5625d49fea74d18816fbb31d?s=96&d=mm&r=g\",\"contentUrl\":\"https:\\\/\\\/secure.gravatar.com\\\/avatar\\\/bad9296e02816160ae2e2435beda58222022298d5625d49fea74d18816fbb31d?s=96&d=mm&r=g\",\"caption\":\"i l\"},\"url\":\"https:\\\/\\\/kosovatimes.info\\\/index.php\\\/author\\\/iliri\\\/\"}]}<\/script>\n<!-- \/ Yoast SEO plugin. -->","yoast_head_json":{"title":"KQZ n\u00eb pritje t\u00eb dat\u00ebs s\u00eb zgjedhjeve, Elezi: Do t\u00eb shkurtohen afatet - Kosova Times","robots":{"index":"index","follow":"follow","max-snippet":"max-snippet:-1","max-image-preview":"max-image-preview:large","max-video-preview":"max-video-preview:-1"},"canonical":"https:\/\/kosovatimes.info\/index.php\/2026\/04\/29\/kqz-ne-pritje-te-dates-se-zgjedhjeve-elezi-do-te-shkurtohen-afatet\/","og_locale":"en_US","og_type":"article","og_title":"KQZ n\u00eb pritje t\u00eb dat\u00ebs s\u00eb zgjedhjeve, Elezi: Do t\u00eb shkurtohen afatet - Kosova Times","og_description":"Komisioni Qendror i Zgjedhjeve \u00ebsht\u00eb n\u00eb pritje t\u00eb caktimit t\u00eb dat\u00ebs s\u00eb zgjedhjeve q\u00eb t\u00eb nis me pun\u00ebn p\u00ebr organizimin e tyre, nj\u00eb dit\u00eb pasi deputet\u00ebt e Kuvendit Kosov\u00ebs d\u00ebshtuan t\u2019i jap vendit nj\u00eb president t\u00eb ri shteti. P\u00ebr organizimin e nj\u00eb tjet\u00ebr procesi t\u00eb parakohsh\u00ebm zgjedhor pas atij t\u00eb 28 dhjetorit, pritet t\u00eb flasin [&hellip;]","og_url":"https:\/\/kosovatimes.info\/index.php\/2026\/04\/29\/kqz-ne-pritje-te-dates-se-zgjedhjeve-elezi-do-te-shkurtohen-afatet\/","og_site_name":"Kosova Times","article_published_time":"2026-04-29T11:25:00+00:00","article_modified_time":"2026-04-29T13:26:24+00:00","og_image":[{"width":1023,"height":575,"url":"https:\/\/kosovatimes.info\/wp-content\/uploads\/2026\/03\/KQZ.jpg","type":"image\/jpeg"}],"author":"i l","twitter_card":"summary_large_image","twitter_misc":{"Written by":"i l","Est. reading time":"2 minutes"},"schema":{"@context":"https:\/\/schema.org","@graph":[{"@type":"Article","@id":"https:\/\/kosovatimes.info\/index.php\/2026\/04\/29\/kqz-ne-pritje-te-dates-se-zgjedhjeve-elezi-do-te-shkurtohen-afatet\/#article","isPartOf":{"@id":"https:\/\/kosovatimes.info\/index.php\/2026\/04\/29\/kqz-ne-pritje-te-dates-se-zgjedhjeve-elezi-do-te-shkurtohen-afatet\/"},"author":{"name":"i l","@id":"https:\/\/kosovatimes.info\/#\/schema\/person\/7586712b9c512fe68085de007378c915"},"headline":"KQZ n\u00eb pritje t\u00eb dat\u00ebs s\u00eb zgjedhjeve, Elezi: Do t\u00eb shkurtohen afatet","datePublished":"2026-04-29T11:25:00+00:00","dateModified":"2026-04-29T13:26:24+00:00","mainEntityOfPage":{"@id":"https:\/\/kosovatimes.info\/index.php\/2026\/04\/29\/kqz-ne-pritje-te-dates-se-zgjedhjeve-elezi-do-te-shkurtohen-afatet\/"},"wordCount":444,"commentCount":0,"image":{"@id":"https:\/\/kosovatimes.info\/index.php\/2026\/04\/29\/kqz-ne-pritje-te-dates-se-zgjedhjeve-elezi-do-te-shkurtohen-afatet\/#primaryimage"},"thumbnailUrl":"https:\/\/kosovatimes.info\/wp-content\/uploads\/2026\/03\/KQZ.jpg","articleSection":["Kosov\u00eb","Lajme"],"inLanguage":"en-US","potentialAction":[{"@type":"CommentAction","name":"Comment","target":["https:\/\/kosovatimes.info\/index.php\/2026\/04\/29\/kqz-ne-pritje-te-dates-se-zgjedhjeve-elezi-do-te-shkurtohen-afatet\/#respond"]}]},{"@type":"WebPage","@id":"https:\/\/kosovatimes.info\/index.php\/2026\/04\/29\/kqz-ne-pritje-te-dates-se-zgjedhjeve-elezi-do-te-shkurtohen-afatet\/","url":"https:\/\/kosovatimes.info\/index.php\/2026\/04\/29\/kqz-ne-pritje-te-dates-se-zgjedhjeve-elezi-do-te-shkurtohen-afatet\/","name":"KQZ n\u00eb pritje t\u00eb dat\u00ebs s\u00eb zgjedhjeve, Elezi: Do t\u00eb shkurtohen afatet - Kosova Times","isPartOf":{"@id":"https:\/\/kosovatimes.info\/#website"},"primaryImageOfPage":{"@id":"https:\/\/kosovatimes.info\/index.php\/2026\/04\/29\/kqz-ne-pritje-te-dates-se-zgjedhjeve-elezi-do-te-shkurtohen-afatet\/#primaryimage"},"image":{"@id":"https:\/\/kosovatimes.info\/index.php\/2026\/04\/29\/kqz-ne-pritje-te-dates-se-zgjedhjeve-elezi-do-te-shkurtohen-afatet\/#primaryimage"},"thumbnailUrl":"https:\/\/kosovatimes.info\/wp-content\/uploads\/2026\/03\/KQZ.jpg","datePublished":"2026-04-29T11:25:00+00:00","dateModified":"2026-04-29T13:26:24+00:00","author":{"@id":"https:\/\/kosovatimes.info\/#\/schema\/person\/7586712b9c512fe68085de007378c915"},"breadcrumb":{"@id":"https:\/\/kosovatimes.info\/index.php\/2026\/04\/29\/kqz-ne-pritje-te-dates-se-zgjedhjeve-elezi-do-te-shkurtohen-afatet\/#breadcrumb"},"inLanguage":"en-US","potentialAction":[{"@type":"ReadAction","target":["https:\/\/kosovatimes.info\/index.php\/2026\/04\/29\/kqz-ne-pritje-te-dates-se-zgjedhjeve-elezi-do-te-shkurtohen-afatet\/"]}]},{"@type":"ImageObject","inLanguage":"en-US","@id":"https:\/\/kosovatimes.info\/index.php\/2026\/04\/29\/kqz-ne-pritje-te-dates-se-zgjedhjeve-elezi-do-te-shkurtohen-afatet\/#primaryimage","url":"https:\/\/kosovatimes.info\/wp-content\/uploads\/2026\/03\/KQZ.jpg","contentUrl":"https:\/\/kosovatimes.info\/wp-content\/uploads\/2026\/03\/KQZ.jpg","width":1023,"height":575},{"@type":"BreadcrumbList","@id":"https:\/\/kosovatimes.info\/index.php\/2026\/04\/29\/kqz-ne-pritje-te-dates-se-zgjedhjeve-elezi-do-te-shkurtohen-afatet\/#breadcrumb","itemListElement":[{"@type":"ListItem","position":1,"name":"Home","item":"https:\/\/kosovatimes.info\/"},{"@type":"ListItem","position":2,"name":"KQZ n\u00eb pritje t\u00eb dat\u00ebs s\u00eb zgjedhjeve, Elezi: Do t\u00eb shkurtohen afatet"}]},{"@type":"WebSite","@id":"https:\/\/kosovatimes.info\/#website","url":"https:\/\/kosovatimes.info\/","name":"Kosova Times","description":"","potentialAction":[{"@type":"SearchAction","target":{"@type":"EntryPoint","urlTemplate":"https:\/\/kosovatimes.info\/?s={search_term_string}"},"query-input":{"@type":"PropertyValueSpecification","valueRequired":true,"valueName":"search_term_string"}}],"inLanguage":"en-US"},{"@type":"Person","@id":"https:\/\/kosovatimes.info\/#\/schema\/person\/7586712b9c512fe68085de007378c915","name":"i l","image":{"@type":"ImageObject","inLanguage":"en-US","@id":"https:\/\/secure.gravatar.com\/avatar\/bad9296e02816160ae2e2435beda58222022298d5625d49fea74d18816fbb31d?s=96&d=mm&r=g","url":"https:\/\/secure.gravatar.com\/avatar\/bad9296e02816160ae2e2435beda58222022298d5625d49fea74d18816fbb31d?s=96&d=mm&r=g","contentUrl":"https:\/\/secure.gravatar.com\/avatar\/bad9296e02816160ae2e2435beda58222022298d5625d49fea74d18816fbb31d?s=96&d=mm&r=g","caption":"i l"},"url":"https:\/\/kosovatimes.info\/index.php\/author\/iliri\/"}]}},"_links":{"self":[{"href":"https:\/\/kosovatimes.info\/index.php\/wp-json\/wp\/v2\/posts\/12498","targetHints":{"allow":["GET"]}}],"collection":[{"href":"https:\/\/kosovatimes.info\/index.php\/wp-json\/wp\/v2\/posts"}],"about":[{"href":"https:\/\/kosovatimes.info\/index.php\/wp-json\/wp\/v2\/types\/post"}],"author":[{"embeddable":true,"href":"https:\/\/kosovatimes.info\/index.php\/wp-json\/wp\/v2\/users\/4"}],"replies":[{"embeddable":true,"href":"https:\/\/kosovatimes.info\/index.php\/wp-json\/wp\/v2\/comments?post=12498"}],"version-history":[{"count":1,"href":"https:\/\/kosovatimes.info\/index.php\/wp-json\/wp\/v2\/posts\/12498\/revisions"}],"predecessor-version":[{"id":12499,"href":"https:\/\/kosovatimes.info\/index.php\/wp-json\/wp\/v2\/posts\/12498\/revisions\/12499"}],"wp:featuredmedia":[{"embeddable":true,"href":"https:\/\/kosovatimes.info\/index.php\/wp-json\/wp\/v2\/media\/6299"}],"wp:attachment":[{"href":"https:\/\/kosovatimes.info\/index.php\/wp-json\/wp\/v2\/media?parent=12498"}],"wp:term":[{"taxonomy":"category","embeddable":true,"href":"https:\/\/kosovatimes.info\/index.php\/wp-json\/wp\/v2\/categories?post=12498"},{"taxonomy":"post_tag","embeddable":true,"href":"https:\/\/kosovatimes.info\/index.php\/wp-json\/wp\/v2\/tags?post=12498"}],"curies":[{"name":"wp","href":"https:\/\/api.w.org\/{rel}","templated":true}]}}