{"id":12500,"date":"2026-04-29T13:43:00","date_gmt":"2026-04-29T11:43:00","guid":{"rendered":"https:\/\/kosovatimes.info\/?p=12500"},"modified":"2026-04-29T15:27:42","modified_gmt":"2026-04-29T13:27:42","slug":"si-nje-gazsjelles-mund-te-pengoje-pranimin-e-bosnjes-ne-be","status":"publish","type":"post","link":"https:\/\/kosovatimes.info\/index.php\/2026\/04\/29\/si-nje-gazsjelles-mund-te-pengoje-pranimin-e-bosnjes-ne-be\/","title":{"rendered":"Si nj\u00eb gazsjell\u00ebs mund t\u00eb pengoj\u00eb pranimin e Bosnj\u00ebs n\u00eb BE"},"content":{"rendered":"\n<p>DW<\/p>\n\n\n\n<p><strong>Nj\u00eb gazsjell\u00ebs i mb\u00ebshtetur nga SHBA-t\u00eb mund ta ndihmoj\u00eb Bosnj\u00ebn t\u00eb zvog\u00ebloj\u00eb var\u00ebsin\u00eb e saj nga energjia ruse. Por Brukseli paralajm\u00ebron se nj\u00eb marr\u00ebveshje mund t\u00eb rrezikoj\u00eb shpresat e vendit p\u00ebr t`u bashkuar me BE.<\/strong><\/p>\n\n\n\n<p>Gazsjell\u00ebsi i Interkonjeksionit Jugor, i projektuar p\u00ebr t\u00eb lidhur Bosnj\u00ebn dhe Hercegovin\u00ebn me nj\u00eb terminal gazi natyror t\u00eb l\u00ebngsh\u00ebm n\u00eb Kroacin\u00eb fqinje, mund t\u00eb pengoj\u00eb aspiratat e Bosnj\u00ebs p\u00ebr t&#8217;u bashkuar me Bashkimin Evropian.<\/p>\n\n\n\n<p>Ky projekt ka r\u00ebnd\u00ebsi strategjike p\u00ebr vendin, pasi do t\u00eb reduktonte var\u00ebsin\u00eb e Bosnj\u00ebs nga gazi rus. Pas sulmit n\u00eb shkall\u00eb t\u00eb gjer\u00eb t\u00eb Ukrain\u00ebs nga Rusia, BE ka ushtruar presion si ndaj shteteve an\u00ebtare ashtu edhe ndaj vendeve kandidate q\u00eb t\u00eb nd\u00ebrpresin lidhjet e tyre me energjin\u00eb ruse.<\/p>\n\n\n\n<p>P\u00ebr Bosnj\u00ebn, e cila e importon praktikisht t\u00eb gjith\u00eb gazin e saj nga Rusia, ky gazsjell\u00ebs mund t\u00eb p\u00ebrfaq\u00ebsoj\u00eb nj\u00eb hap ky\u00e7 drejt diversifikimit dhe nj\u00eb lidhje me tregun evropian t\u00eb gazit p\u00ebrmes Kroacis\u00eb.<\/p>\n\n\n\n<p><strong>Pse \u00ebsht\u00eb i shqet\u00ebsuar Brukseli p\u00ebr planet e gazsjell\u00ebsit t\u00eb Bosnj\u00ebs<\/strong><\/p>\n\n\n\n<p>N\u00eb mars, ligjv\u00ebn\u00ebsit boshnjak\u00eb miratuan nj\u00eb ligj q\u00eb n\u00eb fakt caktoi nj\u00eb kompani specifike me seli n\u00eb SHBA, AAFS Infrastructure and Energy, si investitorin e projektit. Kompania u themelua n\u00eb fund t\u00eb vitit 2025 dhe thuhet se nuk ka p\u00ebrvoj\u00eb t\u00eb njohur n\u00eb nd\u00ebrtimin e tubacioneve.<\/p>\n\n\n\n<p>Kjo ka ngritur shqet\u00ebsime n\u00eb Bruksel. Para miratimit p\u00ebrfundimtar t\u00eb marr\u00ebveshjes, ambasadori i BE n\u00eb Bosnj\u00eb dhe Hercegovin\u00eb, Luigi Soreca, u shkroi lider\u00ebve boshnjak\u00eb duke i nxitur ata t\u00eb zbatojn\u00eb rregullat e BE.<\/p>\n\n\n\n<p>Ai theksoi se autoritetet duhet t\u00eb &#8216;marrin n\u00eb konsiderat\u00eb me kujdes detyrimet&#8217; q\u00eb rrjedhin nga Traktati i Komunitetit t\u00eb Energjis\u00eb kur hartojn\u00eb legjislacionin energjetik. P\u00ebr t\u00eb ruajtur p\u00ebrparimin drejt an\u00ebtar\u00ebsimit n\u00eb BE, shtoi ai, ishte &#8220;thelb\u00ebsore&#8221; q\u00eb ligjet t\u00eb p\u00ebrputheshin me rekomandimet e Komisionit Evropian.<\/p>\n\n\n\n<p>P\u00ebr BE, \u00e7\u00ebshtja nuk \u00ebsht\u00eb vet\u00eb gazsjell\u00ebsi,&nbsp; por m\u00ebnyra se si po jepet. Brukseli mb\u00ebshtet uljen e var\u00ebsis\u00eb nga energjia ruse, por k\u00ebmb\u00ebngul q\u00eb projekte t\u00eb tilla t\u00eb ndjekin procedura transparente dhe rregulla t\u00eb prokurimit publik.<img decoding=\"async\" alt=\"\" src=\"https:\/\/www.rtklive.com\/sq\/gallery\/news_hidden_inside\/723467\/2.jpg\"><strong>Nj\u00eb kompani amerikane e sapoformuar ngjall dyshime<\/strong><\/p>\n\n\n\n<p>Marr\u00ebveshja e planifikuar ka t\u00ebrhequr gjithashtu v\u00ebmendjen n\u00eb Bosnj\u00eb. Ivana Korajlic, nga Transparency International n\u00eb Bosnj\u00eb dhe Hercegovin\u00eb, paralajm\u00ebroi se &#8220;anashkalimi i \u00e7do lloj procedure transparente, anashkalimi i \u00e7do lloj konkurrimi&#8221; do t\u00eb krijonte nj\u00eb precedent &#8220;shum\u00eb t\u00eb rreziksh\u00ebm&#8221;.<\/p>\n\n\n\n<p>Sipas saj, AAFS Infrastructure and Energy u zgjodh p\u00ebr t\u00eb sh\u00ebrbyer interesave financiare t\u00eb dikujt. T\u00eb tilla &#8220;ligje t\u00eb b\u00ebra me porosi&#8221;, tha Korajlic, sh\u00ebrbejn\u00eb interesave private m\u00eb shum\u00eb sesa t\u00eb mir\u00ebs publike dhe nuk jan\u00eb n\u00eb p\u00ebrputhje me rregullat e BE.<\/p>\n\n\n\n<p>Korajlic gjithashtu ngre dyshime p\u00ebr kompanin\u00eb amerikane, duke v\u00ebn\u00eb n\u00eb dukje se mbetet e paqart\u00eb nga do t\u00eb vinte investimi i raportuar prej 1.5 miliard\u00eb dollar\u00ebsh (1.3 miliard\u00eb euro), dhe n\u00ebse kompania \u00ebsht\u00eb n\u00eb gjendje t\u00eb realizoj\u00eb nj\u00eb projekt me k\u00ebt\u00eb shkall\u00eb.<\/p>\n\n\n\n<p>Ajo vuri n\u00eb dukje se lidhjet e kompanis\u00eb meindivid\u00eb t\u00eb af\u00ebrt me presidentin amerikan&nbsp; Donald Trump, s\u00eb bashku me p\u00ebrpjekjet e dyshuara t\u00eb lobimit, sugjerojn\u00eb se ndikimi politik mund t\u00eb ket\u00eb luajtur nj\u00eb rol n\u00eb p\u00ebrzgjedhjen e saj. DW k\u00ebrkoi koment nga kompania, por nuk mori asnj\u00eb p\u00ebrgjigje para publikimit t\u00eb artikullit.<\/p>\n\n\n\n<p><strong>Rruga me pengesa e Bosnj\u00ebs drejt an\u00ebtar\u00ebsimit n\u00eb BE<\/strong><\/p>\n\n\n\n<p>Kjo polemik\u00eb nxjerr n\u00eb pah sfidat m\u00eb t\u00eb gjera t\u00eb procesit t\u00eb an\u00ebtar\u00ebsimit t\u00eb Bosnj\u00ebs n\u00eb BE, i cili prej koh\u00ebsh \u00ebsht\u00eb karakterizuar nga reforma t\u00eb ngadalta dhe ndarje politike. Vendi aplikoi zyrtarisht p\u00ebr an\u00ebtar\u00ebsim n\u00eb BE n\u00eb vitin 2016 dhe iu dha statusi i kandidatit n\u00eb vitin 2022.<\/p>\n\n\n\n<p>Analistja Berta L\u00f3pez Domenech, nga qendra k\u00ebrkimore me baz\u00eb n\u00eb Bruksel European Policy Centre, i tha DW-s\u00eb se negociatat formale p\u00ebr an\u00ebtar\u00ebsimin e Bosnj\u00ebs n\u00eb BE nis\u00ebn n\u00eb vitin 2024. Megjithat\u00eb, procesi \u00ebsht\u00eb bllokuar p\u00ebrs\u00ebri p\u00ebr shkak t\u00eb problemeve t\u00eb qeverisjes dhe paaft\u00ebsis\u00eb p\u00ebr t\u00eb p\u00ebrmbushur standardet e BE-s\u00eb.<\/p>\n\n\n\n<p>Domenech shton se d\u00ebshtimi i Bosnj\u00ebs p\u00ebr t\u00eb miratuar ligjet e nevojshme ka b\u00ebr\u00eb q\u00eb BE, n\u00eb vitet e fundit, t\u00eb t\u00ebrhiqet nga k\u00ebrkesat e saj dhe t\u00eb ul\u00eb standardet. P\u00ebr t\u00eb, \u00ebsht\u00eb &#8220;lajm i mir\u00eb&#8221; q\u00eb BE-ja tani q\u00ebndron e pal\u00ebkundur n\u00eb kritikat dhe k\u00ebmb\u00ebngul q\u00eb legjislacioni p\u00ebr sigurin\u00eb energjetike t\u00eb p\u00ebrputhet me udh\u00ebzimet e BE-s\u00eb.<\/p>\n\n\n\n<p><strong>Financimet e BE n\u00eb rrezik<\/strong><\/p>\n\n\n\n<p>Por \u00e7\u00ebshtja nuk \u00ebsht\u00eb thjesht politike. Bosnja dhe vendet e tjera t\u00eb Ballkanit Per\u00ebndimor rrezikojn\u00eb t\u00eb humbin financime t\u00eb konsiderueshme nga BE, n\u00ebse d\u00ebshtojn\u00eb t\u00eb zbatojn\u00eb reformat e dakorduara. Bosnja mund t\u00eb humbas\u00eb gati 374 milion\u00eb euro n\u00ebn Planin e Rritjes s\u00eb BE-s\u00eb p\u00ebr rajonin n\u00ebse zbatimi vazhdon t\u00eb vonohet.<\/p>\n\n\n\n<p>Kjo mund t&#8217;i jap\u00eb Brukselit nj\u00eb avantazh t\u00eb konsideruesh\u00ebm. Ngrirja e fondeve ka rezultuar m\u00eb par\u00eb efektive n\u00eb shtytjen e Bosnj\u00ebs drejt reformave t\u00eb nevojshme, shpjegoi Domenech p\u00ebr DW.<\/p>\n\n\n\n<p>T\u00eb dy, Domenech dhe Korajlic, theksuan se mbetet e paqart\u00eb n\u00ebse nd\u00ebrhyrja e BE do t\u00eb jet\u00eb e mjaftueshme p\u00ebr t\u00eb ndryshuar rrjedh\u00ebn e projektit. Por ata ran\u00eb dakord se nj\u00eb ndryshim do t\u00eb ishte n\u00eb interesin m\u00eb t\u00eb mir\u00eb t\u00eb Bosnj\u00ebs dhe Hercegovin\u00ebs.<\/p>\n\n\n\n<p>P\u00ebr Korajlic-in, rezultati do t\u00eb tregoj\u00eb n\u00ebse prioriteti i vendit \u00ebsht\u00eb &#8220;p\u00ebrputhja me standardet e BE apo k\u00ebnaqja e interesave t\u00eb t\u00eb tjer\u00ebve&#8221;.<\/p>\n","protected":false},"excerpt":{"rendered":"<p>DW Nj\u00eb gazsjell\u00ebs i mb\u00ebshtetur nga SHBA-t\u00eb mund ta ndihmoj\u00eb Bosnj\u00ebn t\u00eb zvog\u00ebloj\u00eb var\u00ebsin\u00eb e saj nga energjia ruse. Por Brukseli paralajm\u00ebron se nj\u00eb marr\u00ebveshje mund t\u00eb rrezikoj\u00eb shpresat e vendit p\u00ebr t`u bashkuar me BE. Gazsjell\u00ebsi i Interkonjeksionit Jugor, i projektuar p\u00ebr t\u00eb lidhur Bosnj\u00ebn dhe Hercegovin\u00ebn me nj\u00eb terminal gazi natyror t\u00eb l\u00ebngsh\u00ebm [&hellip;]<\/p>\n","protected":false},"author":4,"featured_media":11994,"comment_status":"open","ping_status":"open","sticky":false,"template":"","format":"standard","meta":{"footnotes":""},"categories":[30,32],"tags":[],"class_list":{"0":"post-12500","1":"post","2":"type-post","3":"status-publish","4":"format-standard","5":"has-post-thumbnail","7":"category-lajme","8":"category-rajon"},"yoast_head":"<!-- This site is optimized with the Yoast SEO plugin v27.4 - https:\/\/yoast.com\/product\/yoast-seo-wordpress\/ -->\n<title>Si nj\u00eb gazsjell\u00ebs mund t\u00eb pengoj\u00eb pranimin e Bosnj\u00ebs n\u00eb BE - Kosova Times<\/title>\n<meta name=\"robots\" content=\"index, follow, max-snippet:-1, max-image-preview:large, max-video-preview:-1\" \/>\n<link rel=\"canonical\" href=\"https:\/\/kosovatimes.info\/index.php\/2026\/04\/29\/si-nje-gazsjelles-mund-te-pengoje-pranimin-e-bosnjes-ne-be\/\" \/>\n<meta property=\"og:locale\" content=\"en_US\" \/>\n<meta property=\"og:type\" content=\"article\" \/>\n<meta property=\"og:title\" content=\"Si nj\u00eb gazsjell\u00ebs mund t\u00eb pengoj\u00eb pranimin e Bosnj\u00ebs n\u00eb BE - Kosova Times\" \/>\n<meta property=\"og:description\" content=\"DW Nj\u00eb gazsjell\u00ebs i mb\u00ebshtetur nga SHBA-t\u00eb mund ta ndihmoj\u00eb Bosnj\u00ebn t\u00eb zvog\u00ebloj\u00eb var\u00ebsin\u00eb e saj nga energjia ruse. Por Brukseli paralajm\u00ebron se nj\u00eb marr\u00ebveshje mund t\u00eb rrezikoj\u00eb shpresat e vendit p\u00ebr t`u bashkuar me BE. Gazsjell\u00ebsi i Interkonjeksionit Jugor, i projektuar p\u00ebr t\u00eb lidhur Bosnj\u00ebn dhe Hercegovin\u00ebn me nj\u00eb terminal gazi natyror t\u00eb l\u00ebngsh\u00ebm [&hellip;]\" \/>\n<meta property=\"og:url\" content=\"https:\/\/kosovatimes.info\/index.php\/2026\/04\/29\/si-nje-gazsjelles-mund-te-pengoje-pranimin-e-bosnjes-ne-be\/\" \/>\n<meta property=\"og:site_name\" content=\"Kosova Times\" \/>\n<meta property=\"article:published_time\" content=\"2026-04-29T11:43:00+00:00\" \/>\n<meta property=\"article:modified_time\" content=\"2026-04-29T13:27:42+00:00\" \/>\n<meta property=\"og:image\" content=\"https:\/\/kosovatimes.info\/wp-content\/uploads\/2026\/04\/BE-1.jpg\" \/>\n\t<meta property=\"og:image:width\" content=\"780\" \/>\n\t<meta property=\"og:image:height\" content=\"500\" \/>\n\t<meta property=\"og:image:type\" content=\"image\/jpeg\" \/>\n<meta name=\"author\" content=\"i l\" \/>\n<meta name=\"twitter:card\" content=\"summary_large_image\" \/>\n<meta name=\"twitter:label1\" content=\"Written by\" \/>\n\t<meta name=\"twitter:data1\" content=\"i l\" \/>\n\t<meta name=\"twitter:label2\" content=\"Est. reading time\" \/>\n\t<meta name=\"twitter:data2\" content=\"5 minutes\" \/>\n<script type=\"application\/ld+json\" class=\"yoast-schema-graph\">{\"@context\":\"https:\\\/\\\/schema.org\",\"@graph\":[{\"@type\":\"Article\",\"@id\":\"https:\\\/\\\/kosovatimes.info\\\/index.php\\\/2026\\\/04\\\/29\\\/si-nje-gazsjelles-mund-te-pengoje-pranimin-e-bosnjes-ne-be\\\/#article\",\"isPartOf\":{\"@id\":\"https:\\\/\\\/kosovatimes.info\\\/index.php\\\/2026\\\/04\\\/29\\\/si-nje-gazsjelles-mund-te-pengoje-pranimin-e-bosnjes-ne-be\\\/\"},\"author\":{\"name\":\"i l\",\"@id\":\"https:\\\/\\\/kosovatimes.info\\\/#\\\/schema\\\/person\\\/7586712b9c512fe68085de007378c915\"},\"headline\":\"Si nj\u00eb gazsjell\u00ebs mund t\u00eb pengoj\u00eb pranimin e Bosnj\u00ebs n\u00eb BE\",\"datePublished\":\"2026-04-29T11:43:00+00:00\",\"dateModified\":\"2026-04-29T13:27:42+00:00\",\"mainEntityOfPage\":{\"@id\":\"https:\\\/\\\/kosovatimes.info\\\/index.php\\\/2026\\\/04\\\/29\\\/si-nje-gazsjelles-mund-te-pengoje-pranimin-e-bosnjes-ne-be\\\/\"},\"wordCount\":965,\"commentCount\":0,\"image\":{\"@id\":\"https:\\\/\\\/kosovatimes.info\\\/index.php\\\/2026\\\/04\\\/29\\\/si-nje-gazsjelles-mund-te-pengoje-pranimin-e-bosnjes-ne-be\\\/#primaryimage\"},\"thumbnailUrl\":\"https:\\\/\\\/kosovatimes.info\\\/wp-content\\\/uploads\\\/2026\\\/04\\\/BE-1.jpg\",\"articleSection\":[\"Lajme\",\"Rajon\"],\"inLanguage\":\"en-US\",\"potentialAction\":[{\"@type\":\"CommentAction\",\"name\":\"Comment\",\"target\":[\"https:\\\/\\\/kosovatimes.info\\\/index.php\\\/2026\\\/04\\\/29\\\/si-nje-gazsjelles-mund-te-pengoje-pranimin-e-bosnjes-ne-be\\\/#respond\"]}]},{\"@type\":\"WebPage\",\"@id\":\"https:\\\/\\\/kosovatimes.info\\\/index.php\\\/2026\\\/04\\\/29\\\/si-nje-gazsjelles-mund-te-pengoje-pranimin-e-bosnjes-ne-be\\\/\",\"url\":\"https:\\\/\\\/kosovatimes.info\\\/index.php\\\/2026\\\/04\\\/29\\\/si-nje-gazsjelles-mund-te-pengoje-pranimin-e-bosnjes-ne-be\\\/\",\"name\":\"Si nj\u00eb gazsjell\u00ebs mund t\u00eb pengoj\u00eb pranimin e Bosnj\u00ebs n\u00eb BE - Kosova Times\",\"isPartOf\":{\"@id\":\"https:\\\/\\\/kosovatimes.info\\\/#website\"},\"primaryImageOfPage\":{\"@id\":\"https:\\\/\\\/kosovatimes.info\\\/index.php\\\/2026\\\/04\\\/29\\\/si-nje-gazsjelles-mund-te-pengoje-pranimin-e-bosnjes-ne-be\\\/#primaryimage\"},\"image\":{\"@id\":\"https:\\\/\\\/kosovatimes.info\\\/index.php\\\/2026\\\/04\\\/29\\\/si-nje-gazsjelles-mund-te-pengoje-pranimin-e-bosnjes-ne-be\\\/#primaryimage\"},\"thumbnailUrl\":\"https:\\\/\\\/kosovatimes.info\\\/wp-content\\\/uploads\\\/2026\\\/04\\\/BE-1.jpg\",\"datePublished\":\"2026-04-29T11:43:00+00:00\",\"dateModified\":\"2026-04-29T13:27:42+00:00\",\"author\":{\"@id\":\"https:\\\/\\\/kosovatimes.info\\\/#\\\/schema\\\/person\\\/7586712b9c512fe68085de007378c915\"},\"breadcrumb\":{\"@id\":\"https:\\\/\\\/kosovatimes.info\\\/index.php\\\/2026\\\/04\\\/29\\\/si-nje-gazsjelles-mund-te-pengoje-pranimin-e-bosnjes-ne-be\\\/#breadcrumb\"},\"inLanguage\":\"en-US\",\"potentialAction\":[{\"@type\":\"ReadAction\",\"target\":[\"https:\\\/\\\/kosovatimes.info\\\/index.php\\\/2026\\\/04\\\/29\\\/si-nje-gazsjelles-mund-te-pengoje-pranimin-e-bosnjes-ne-be\\\/\"]}]},{\"@type\":\"ImageObject\",\"inLanguage\":\"en-US\",\"@id\":\"https:\\\/\\\/kosovatimes.info\\\/index.php\\\/2026\\\/04\\\/29\\\/si-nje-gazsjelles-mund-te-pengoje-pranimin-e-bosnjes-ne-be\\\/#primaryimage\",\"url\":\"https:\\\/\\\/kosovatimes.info\\\/wp-content\\\/uploads\\\/2026\\\/04\\\/BE-1.jpg\",\"contentUrl\":\"https:\\\/\\\/kosovatimes.info\\\/wp-content\\\/uploads\\\/2026\\\/04\\\/BE-1.jpg\",\"width\":780,\"height\":500},{\"@type\":\"BreadcrumbList\",\"@id\":\"https:\\\/\\\/kosovatimes.info\\\/index.php\\\/2026\\\/04\\\/29\\\/si-nje-gazsjelles-mund-te-pengoje-pranimin-e-bosnjes-ne-be\\\/#breadcrumb\",\"itemListElement\":[{\"@type\":\"ListItem\",\"position\":1,\"name\":\"Home\",\"item\":\"https:\\\/\\\/kosovatimes.info\\\/\"},{\"@type\":\"ListItem\",\"position\":2,\"name\":\"Si nj\u00eb gazsjell\u00ebs mund t\u00eb pengoj\u00eb pranimin e Bosnj\u00ebs n\u00eb BE\"}]},{\"@type\":\"WebSite\",\"@id\":\"https:\\\/\\\/kosovatimes.info\\\/#website\",\"url\":\"https:\\\/\\\/kosovatimes.info\\\/\",\"name\":\"Kosova Times\",\"description\":\"\",\"potentialAction\":[{\"@type\":\"SearchAction\",\"target\":{\"@type\":\"EntryPoint\",\"urlTemplate\":\"https:\\\/\\\/kosovatimes.info\\\/?s={search_term_string}\"},\"query-input\":{\"@type\":\"PropertyValueSpecification\",\"valueRequired\":true,\"valueName\":\"search_term_string\"}}],\"inLanguage\":\"en-US\"},{\"@type\":\"Person\",\"@id\":\"https:\\\/\\\/kosovatimes.info\\\/#\\\/schema\\\/person\\\/7586712b9c512fe68085de007378c915\",\"name\":\"i l\",\"image\":{\"@type\":\"ImageObject\",\"inLanguage\":\"en-US\",\"@id\":\"https:\\\/\\\/secure.gravatar.com\\\/avatar\\\/bad9296e02816160ae2e2435beda58222022298d5625d49fea74d18816fbb31d?s=96&d=mm&r=g\",\"url\":\"https:\\\/\\\/secure.gravatar.com\\\/avatar\\\/bad9296e02816160ae2e2435beda58222022298d5625d49fea74d18816fbb31d?s=96&d=mm&r=g\",\"contentUrl\":\"https:\\\/\\\/secure.gravatar.com\\\/avatar\\\/bad9296e02816160ae2e2435beda58222022298d5625d49fea74d18816fbb31d?s=96&d=mm&r=g\",\"caption\":\"i l\"},\"url\":\"https:\\\/\\\/kosovatimes.info\\\/index.php\\\/author\\\/iliri\\\/\"}]}<\/script>\n<!-- \/ Yoast SEO plugin. -->","yoast_head_json":{"title":"Si nj\u00eb gazsjell\u00ebs mund t\u00eb pengoj\u00eb pranimin e Bosnj\u00ebs n\u00eb BE - Kosova Times","robots":{"index":"index","follow":"follow","max-snippet":"max-snippet:-1","max-image-preview":"max-image-preview:large","max-video-preview":"max-video-preview:-1"},"canonical":"https:\/\/kosovatimes.info\/index.php\/2026\/04\/29\/si-nje-gazsjelles-mund-te-pengoje-pranimin-e-bosnjes-ne-be\/","og_locale":"en_US","og_type":"article","og_title":"Si nj\u00eb gazsjell\u00ebs mund t\u00eb pengoj\u00eb pranimin e Bosnj\u00ebs n\u00eb BE - Kosova Times","og_description":"DW Nj\u00eb gazsjell\u00ebs i mb\u00ebshtetur nga SHBA-t\u00eb mund ta ndihmoj\u00eb Bosnj\u00ebn t\u00eb zvog\u00ebloj\u00eb var\u00ebsin\u00eb e saj nga energjia ruse. Por Brukseli paralajm\u00ebron se nj\u00eb marr\u00ebveshje mund t\u00eb rrezikoj\u00eb shpresat e vendit p\u00ebr t`u bashkuar me BE. Gazsjell\u00ebsi i Interkonjeksionit Jugor, i projektuar p\u00ebr t\u00eb lidhur Bosnj\u00ebn dhe Hercegovin\u00ebn me nj\u00eb terminal gazi natyror t\u00eb l\u00ebngsh\u00ebm [&hellip;]","og_url":"https:\/\/kosovatimes.info\/index.php\/2026\/04\/29\/si-nje-gazsjelles-mund-te-pengoje-pranimin-e-bosnjes-ne-be\/","og_site_name":"Kosova Times","article_published_time":"2026-04-29T11:43:00+00:00","article_modified_time":"2026-04-29T13:27:42+00:00","og_image":[{"width":780,"height":500,"url":"https:\/\/kosovatimes.info\/wp-content\/uploads\/2026\/04\/BE-1.jpg","type":"image\/jpeg"}],"author":"i l","twitter_card":"summary_large_image","twitter_misc":{"Written by":"i l","Est. reading time":"5 minutes"},"schema":{"@context":"https:\/\/schema.org","@graph":[{"@type":"Article","@id":"https:\/\/kosovatimes.info\/index.php\/2026\/04\/29\/si-nje-gazsjelles-mund-te-pengoje-pranimin-e-bosnjes-ne-be\/#article","isPartOf":{"@id":"https:\/\/kosovatimes.info\/index.php\/2026\/04\/29\/si-nje-gazsjelles-mund-te-pengoje-pranimin-e-bosnjes-ne-be\/"},"author":{"name":"i l","@id":"https:\/\/kosovatimes.info\/#\/schema\/person\/7586712b9c512fe68085de007378c915"},"headline":"Si nj\u00eb gazsjell\u00ebs mund t\u00eb pengoj\u00eb pranimin e Bosnj\u00ebs n\u00eb BE","datePublished":"2026-04-29T11:43:00+00:00","dateModified":"2026-04-29T13:27:42+00:00","mainEntityOfPage":{"@id":"https:\/\/kosovatimes.info\/index.php\/2026\/04\/29\/si-nje-gazsjelles-mund-te-pengoje-pranimin-e-bosnjes-ne-be\/"},"wordCount":965,"commentCount":0,"image":{"@id":"https:\/\/kosovatimes.info\/index.php\/2026\/04\/29\/si-nje-gazsjelles-mund-te-pengoje-pranimin-e-bosnjes-ne-be\/#primaryimage"},"thumbnailUrl":"https:\/\/kosovatimes.info\/wp-content\/uploads\/2026\/04\/BE-1.jpg","articleSection":["Lajme","Rajon"],"inLanguage":"en-US","potentialAction":[{"@type":"CommentAction","name":"Comment","target":["https:\/\/kosovatimes.info\/index.php\/2026\/04\/29\/si-nje-gazsjelles-mund-te-pengoje-pranimin-e-bosnjes-ne-be\/#respond"]}]},{"@type":"WebPage","@id":"https:\/\/kosovatimes.info\/index.php\/2026\/04\/29\/si-nje-gazsjelles-mund-te-pengoje-pranimin-e-bosnjes-ne-be\/","url":"https:\/\/kosovatimes.info\/index.php\/2026\/04\/29\/si-nje-gazsjelles-mund-te-pengoje-pranimin-e-bosnjes-ne-be\/","name":"Si nj\u00eb gazsjell\u00ebs mund t\u00eb pengoj\u00eb pranimin e Bosnj\u00ebs n\u00eb BE - Kosova Times","isPartOf":{"@id":"https:\/\/kosovatimes.info\/#website"},"primaryImageOfPage":{"@id":"https:\/\/kosovatimes.info\/index.php\/2026\/04\/29\/si-nje-gazsjelles-mund-te-pengoje-pranimin-e-bosnjes-ne-be\/#primaryimage"},"image":{"@id":"https:\/\/kosovatimes.info\/index.php\/2026\/04\/29\/si-nje-gazsjelles-mund-te-pengoje-pranimin-e-bosnjes-ne-be\/#primaryimage"},"thumbnailUrl":"https:\/\/kosovatimes.info\/wp-content\/uploads\/2026\/04\/BE-1.jpg","datePublished":"2026-04-29T11:43:00+00:00","dateModified":"2026-04-29T13:27:42+00:00","author":{"@id":"https:\/\/kosovatimes.info\/#\/schema\/person\/7586712b9c512fe68085de007378c915"},"breadcrumb":{"@id":"https:\/\/kosovatimes.info\/index.php\/2026\/04\/29\/si-nje-gazsjelles-mund-te-pengoje-pranimin-e-bosnjes-ne-be\/#breadcrumb"},"inLanguage":"en-US","potentialAction":[{"@type":"ReadAction","target":["https:\/\/kosovatimes.info\/index.php\/2026\/04\/29\/si-nje-gazsjelles-mund-te-pengoje-pranimin-e-bosnjes-ne-be\/"]}]},{"@type":"ImageObject","inLanguage":"en-US","@id":"https:\/\/kosovatimes.info\/index.php\/2026\/04\/29\/si-nje-gazsjelles-mund-te-pengoje-pranimin-e-bosnjes-ne-be\/#primaryimage","url":"https:\/\/kosovatimes.info\/wp-content\/uploads\/2026\/04\/BE-1.jpg","contentUrl":"https:\/\/kosovatimes.info\/wp-content\/uploads\/2026\/04\/BE-1.jpg","width":780,"height":500},{"@type":"BreadcrumbList","@id":"https:\/\/kosovatimes.info\/index.php\/2026\/04\/29\/si-nje-gazsjelles-mund-te-pengoje-pranimin-e-bosnjes-ne-be\/#breadcrumb","itemListElement":[{"@type":"ListItem","position":1,"name":"Home","item":"https:\/\/kosovatimes.info\/"},{"@type":"ListItem","position":2,"name":"Si nj\u00eb gazsjell\u00ebs mund t\u00eb pengoj\u00eb pranimin e Bosnj\u00ebs n\u00eb BE"}]},{"@type":"WebSite","@id":"https:\/\/kosovatimes.info\/#website","url":"https:\/\/kosovatimes.info\/","name":"Kosova Times","description":"","potentialAction":[{"@type":"SearchAction","target":{"@type":"EntryPoint","urlTemplate":"https:\/\/kosovatimes.info\/?s={search_term_string}"},"query-input":{"@type":"PropertyValueSpecification","valueRequired":true,"valueName":"search_term_string"}}],"inLanguage":"en-US"},{"@type":"Person","@id":"https:\/\/kosovatimes.info\/#\/schema\/person\/7586712b9c512fe68085de007378c915","name":"i l","image":{"@type":"ImageObject","inLanguage":"en-US","@id":"https:\/\/secure.gravatar.com\/avatar\/bad9296e02816160ae2e2435beda58222022298d5625d49fea74d18816fbb31d?s=96&d=mm&r=g","url":"https:\/\/secure.gravatar.com\/avatar\/bad9296e02816160ae2e2435beda58222022298d5625d49fea74d18816fbb31d?s=96&d=mm&r=g","contentUrl":"https:\/\/secure.gravatar.com\/avatar\/bad9296e02816160ae2e2435beda58222022298d5625d49fea74d18816fbb31d?s=96&d=mm&r=g","caption":"i l"},"url":"https:\/\/kosovatimes.info\/index.php\/author\/iliri\/"}]}},"_links":{"self":[{"href":"https:\/\/kosovatimes.info\/index.php\/wp-json\/wp\/v2\/posts\/12500","targetHints":{"allow":["GET"]}}],"collection":[{"href":"https:\/\/kosovatimes.info\/index.php\/wp-json\/wp\/v2\/posts"}],"about":[{"href":"https:\/\/kosovatimes.info\/index.php\/wp-json\/wp\/v2\/types\/post"}],"author":[{"embeddable":true,"href":"https:\/\/kosovatimes.info\/index.php\/wp-json\/wp\/v2\/users\/4"}],"replies":[{"embeddable":true,"href":"https:\/\/kosovatimes.info\/index.php\/wp-json\/wp\/v2\/comments?post=12500"}],"version-history":[{"count":1,"href":"https:\/\/kosovatimes.info\/index.php\/wp-json\/wp\/v2\/posts\/12500\/revisions"}],"predecessor-version":[{"id":12501,"href":"https:\/\/kosovatimes.info\/index.php\/wp-json\/wp\/v2\/posts\/12500\/revisions\/12501"}],"wp:featuredmedia":[{"embeddable":true,"href":"https:\/\/kosovatimes.info\/index.php\/wp-json\/wp\/v2\/media\/11994"}],"wp:attachment":[{"href":"https:\/\/kosovatimes.info\/index.php\/wp-json\/wp\/v2\/media?parent=12500"}],"wp:term":[{"taxonomy":"category","embeddable":true,"href":"https:\/\/kosovatimes.info\/index.php\/wp-json\/wp\/v2\/categories?post=12500"},{"taxonomy":"post_tag","embeddable":true,"href":"https:\/\/kosovatimes.info\/index.php\/wp-json\/wp\/v2\/tags?post=12500"}],"curies":[{"name":"wp","href":"https:\/\/api.w.org\/{rel}","templated":true}]}}