{"id":12505,"date":"2026-04-29T14:23:00","date_gmt":"2026-04-29T12:23:00","guid":{"rendered":"https:\/\/kosovatimes.info\/?p=12505"},"modified":"2026-04-29T15:32:05","modified_gmt":"2026-04-29T13:32:05","slug":"zgjedhjet-e-reja-brenda-45-ditesh-haxhiu-takon-radoniqin","status":"publish","type":"post","link":"https:\/\/kosovatimes.info\/index.php\/2026\/04\/29\/zgjedhjet-e-reja-brenda-45-ditesh-haxhiu-takon-radoniqin\/","title":{"rendered":"Zgjedhjet e reja brenda 45 dit\u00ebsh, Haxhiu takon Radoniqin"},"content":{"rendered":"\n<p><strong>Ushtruesja e detyr\u00ebs s\u00eb presidentes, Albulena Haxhiu, ka pritur n\u00eb takim kryesuesin e Komisionit Qendror t\u00eb Zgjedhjeve (KQZ), Kreshnik Radoniqi.<\/strong><\/p>\n\n\n\n<p>Takimi po mbahet nj\u00eb dit\u00eb pas d\u00ebshtimit t\u00eb Kuvendit t\u00eb Kosov\u00ebs p\u00ebr t\u00eb zgjedhur presidentin brenda afatit kushtetues. Pas d\u00ebshtimit Kosova duhet t\u00eb organizoj\u00eb zgjedhje t\u00eb reja brenda 45 dit\u00ebsh, n\u00eb p\u00ebrputhje me obligimet kushtetuese dhe procedurat zgjedhore n\u00eb fuqi.<\/p>\n","protected":false},"excerpt":{"rendered":"<p>Ushtruesja e detyr\u00ebs s\u00eb presidentes, Albulena Haxhiu, ka pritur n\u00eb takim kryesuesin e Komisionit Qendror t\u00eb Zgjedhjeve (KQZ), Kreshnik Radoniqi. Takimi po mbahet nj\u00eb dit\u00eb pas d\u00ebshtimit t\u00eb Kuvendit t\u00eb Kosov\u00ebs p\u00ebr t\u00eb zgjedhur presidentin brenda afatit kushtetues. Pas d\u00ebshtimit Kosova duhet t\u00eb organizoj\u00eb zgjedhje t\u00eb reja brenda 45 dit\u00ebsh, n\u00eb p\u00ebrputhje me obligimet kushtetuese [&hellip;]<\/p>\n","protected":false},"author":4,"featured_media":12506,"comment_status":"open","ping_status":"open","sticky":true,"template":"","format":"standard","meta":{"footnotes":""},"categories":[31,30],"tags":[],"class_list":{"0":"post-12505","1":"post","2":"type-post","3":"status-publish","4":"format-standard","5":"has-post-thumbnail","7":"category-kosove","8":"category-lajme"},"yoast_head":"<!-- This site is optimized with the Yoast SEO plugin v27.4 - https:\/\/yoast.com\/product\/yoast-seo-wordpress\/ -->\n<title>Zgjedhjet e reja brenda 45 dit\u00ebsh, Haxhiu takon Radoniqin - Kosova Times<\/title>\n<meta name=\"robots\" content=\"index, follow, max-snippet:-1, max-image-preview:large, max-video-preview:-1\" \/>\n<link rel=\"canonical\" href=\"https:\/\/kosovatimes.info\/index.php\/2026\/04\/29\/zgjedhjet-e-reja-brenda-45-ditesh-haxhiu-takon-radoniqin\/\" \/>\n<meta property=\"og:locale\" content=\"en_US\" \/>\n<meta property=\"og:type\" content=\"article\" \/>\n<meta property=\"og:title\" content=\"Zgjedhjet e reja brenda 45 dit\u00ebsh, Haxhiu takon Radoniqin - Kosova Times\" \/>\n<meta property=\"og:description\" content=\"Ushtruesja e detyr\u00ebs s\u00eb presidentes, Albulena Haxhiu, ka pritur n\u00eb takim kryesuesin e Komisionit Qendror t\u00eb Zgjedhjeve (KQZ), Kreshnik Radoniqi. Takimi po mbahet nj\u00eb dit\u00eb pas d\u00ebshtimit t\u00eb Kuvendit t\u00eb Kosov\u00ebs p\u00ebr t\u00eb zgjedhur presidentin brenda afatit kushtetues. Pas d\u00ebshtimit Kosova duhet t\u00eb organizoj\u00eb zgjedhje t\u00eb reja brenda 45 dit\u00ebsh, n\u00eb p\u00ebrputhje me obligimet kushtetuese [&hellip;]\" \/>\n<meta property=\"og:url\" content=\"https:\/\/kosovatimes.info\/index.php\/2026\/04\/29\/zgjedhjet-e-reja-brenda-45-ditesh-haxhiu-takon-radoniqin\/\" \/>\n<meta property=\"og:site_name\" content=\"Kosova Times\" \/>\n<meta property=\"article:published_time\" content=\"2026-04-29T12:23:00+00:00\" \/>\n<meta property=\"article:modified_time\" content=\"2026-04-29T13:32:05+00:00\" \/>\n<meta property=\"og:image\" content=\"https:\/\/kosovatimes.info\/wp-content\/uploads\/2026\/04\/haxhiu-1.jpeg\" \/>\n\t<meta property=\"og:image:width\" content=\"275\" \/>\n\t<meta property=\"og:image:height\" content=\"183\" \/>\n\t<meta property=\"og:image:type\" content=\"image\/jpeg\" \/>\n<meta name=\"author\" content=\"i l\" \/>\n<meta name=\"twitter:card\" content=\"summary_large_image\" \/>\n<meta name=\"twitter:label1\" content=\"Written by\" \/>\n\t<meta name=\"twitter:data1\" content=\"i l\" \/>\n\t<meta name=\"twitter:label2\" content=\"Est. reading time\" \/>\n\t<meta name=\"twitter:data2\" content=\"1 minute\" \/>\n<script type=\"application\/ld+json\" class=\"yoast-schema-graph\">{\"@context\":\"https:\\\/\\\/schema.org\",\"@graph\":[{\"@type\":\"Article\",\"@id\":\"https:\\\/\\\/kosovatimes.info\\\/index.php\\\/2026\\\/04\\\/29\\\/zgjedhjet-e-reja-brenda-45-ditesh-haxhiu-takon-radoniqin\\\/#article\",\"isPartOf\":{\"@id\":\"https:\\\/\\\/kosovatimes.info\\\/index.php\\\/2026\\\/04\\\/29\\\/zgjedhjet-e-reja-brenda-45-ditesh-haxhiu-takon-radoniqin\\\/\"},\"author\":{\"name\":\"i l\",\"@id\":\"https:\\\/\\\/kosovatimes.info\\\/#\\\/schema\\\/person\\\/7586712b9c512fe68085de007378c915\"},\"headline\":\"Zgjedhjet e reja brenda 45 dit\u00ebsh, Haxhiu takon Radoniqin\",\"datePublished\":\"2026-04-29T12:23:00+00:00\",\"dateModified\":\"2026-04-29T13:32:05+00:00\",\"mainEntityOfPage\":{\"@id\":\"https:\\\/\\\/kosovatimes.info\\\/index.php\\\/2026\\\/04\\\/29\\\/zgjedhjet-e-reja-brenda-45-ditesh-haxhiu-takon-radoniqin\\\/\"},\"wordCount\":75,\"commentCount\":0,\"image\":{\"@id\":\"https:\\\/\\\/kosovatimes.info\\\/index.php\\\/2026\\\/04\\\/29\\\/zgjedhjet-e-reja-brenda-45-ditesh-haxhiu-takon-radoniqin\\\/#primaryimage\"},\"thumbnailUrl\":\"https:\\\/\\\/kosovatimes.info\\\/wp-content\\\/uploads\\\/2026\\\/04\\\/haxhiu-1.jpeg\",\"articleSection\":[\"Kosov\u00eb\",\"Lajme\"],\"inLanguage\":\"en-US\",\"potentialAction\":[{\"@type\":\"CommentAction\",\"name\":\"Comment\",\"target\":[\"https:\\\/\\\/kosovatimes.info\\\/index.php\\\/2026\\\/04\\\/29\\\/zgjedhjet-e-reja-brenda-45-ditesh-haxhiu-takon-radoniqin\\\/#respond\"]}]},{\"@type\":\"WebPage\",\"@id\":\"https:\\\/\\\/kosovatimes.info\\\/index.php\\\/2026\\\/04\\\/29\\\/zgjedhjet-e-reja-brenda-45-ditesh-haxhiu-takon-radoniqin\\\/\",\"url\":\"https:\\\/\\\/kosovatimes.info\\\/index.php\\\/2026\\\/04\\\/29\\\/zgjedhjet-e-reja-brenda-45-ditesh-haxhiu-takon-radoniqin\\\/\",\"name\":\"Zgjedhjet e reja brenda 45 dit\u00ebsh, Haxhiu takon Radoniqin - Kosova Times\",\"isPartOf\":{\"@id\":\"https:\\\/\\\/kosovatimes.info\\\/#website\"},\"primaryImageOfPage\":{\"@id\":\"https:\\\/\\\/kosovatimes.info\\\/index.php\\\/2026\\\/04\\\/29\\\/zgjedhjet-e-reja-brenda-45-ditesh-haxhiu-takon-radoniqin\\\/#primaryimage\"},\"image\":{\"@id\":\"https:\\\/\\\/kosovatimes.info\\\/index.php\\\/2026\\\/04\\\/29\\\/zgjedhjet-e-reja-brenda-45-ditesh-haxhiu-takon-radoniqin\\\/#primaryimage\"},\"thumbnailUrl\":\"https:\\\/\\\/kosovatimes.info\\\/wp-content\\\/uploads\\\/2026\\\/04\\\/haxhiu-1.jpeg\",\"datePublished\":\"2026-04-29T12:23:00+00:00\",\"dateModified\":\"2026-04-29T13:32:05+00:00\",\"author\":{\"@id\":\"https:\\\/\\\/kosovatimes.info\\\/#\\\/schema\\\/person\\\/7586712b9c512fe68085de007378c915\"},\"breadcrumb\":{\"@id\":\"https:\\\/\\\/kosovatimes.info\\\/index.php\\\/2026\\\/04\\\/29\\\/zgjedhjet-e-reja-brenda-45-ditesh-haxhiu-takon-radoniqin\\\/#breadcrumb\"},\"inLanguage\":\"en-US\",\"potentialAction\":[{\"@type\":\"ReadAction\",\"target\":[\"https:\\\/\\\/kosovatimes.info\\\/index.php\\\/2026\\\/04\\\/29\\\/zgjedhjet-e-reja-brenda-45-ditesh-haxhiu-takon-radoniqin\\\/\"]}]},{\"@type\":\"ImageObject\",\"inLanguage\":\"en-US\",\"@id\":\"https:\\\/\\\/kosovatimes.info\\\/index.php\\\/2026\\\/04\\\/29\\\/zgjedhjet-e-reja-brenda-45-ditesh-haxhiu-takon-radoniqin\\\/#primaryimage\",\"url\":\"https:\\\/\\\/kosovatimes.info\\\/wp-content\\\/uploads\\\/2026\\\/04\\\/haxhiu-1.jpeg\",\"contentUrl\":\"https:\\\/\\\/kosovatimes.info\\\/wp-content\\\/uploads\\\/2026\\\/04\\\/haxhiu-1.jpeg\",\"width\":275,\"height\":183},{\"@type\":\"BreadcrumbList\",\"@id\":\"https:\\\/\\\/kosovatimes.info\\\/index.php\\\/2026\\\/04\\\/29\\\/zgjedhjet-e-reja-brenda-45-ditesh-haxhiu-takon-radoniqin\\\/#breadcrumb\",\"itemListElement\":[{\"@type\":\"ListItem\",\"position\":1,\"name\":\"Home\",\"item\":\"https:\\\/\\\/kosovatimes.info\\\/\"},{\"@type\":\"ListItem\",\"position\":2,\"name\":\"Zgjedhjet e reja brenda 45 dit\u00ebsh, Haxhiu takon Radoniqin\"}]},{\"@type\":\"WebSite\",\"@id\":\"https:\\\/\\\/kosovatimes.info\\\/#website\",\"url\":\"https:\\\/\\\/kosovatimes.info\\\/\",\"name\":\"Kosova Times\",\"description\":\"\",\"potentialAction\":[{\"@type\":\"SearchAction\",\"target\":{\"@type\":\"EntryPoint\",\"urlTemplate\":\"https:\\\/\\\/kosovatimes.info\\\/?s={search_term_string}\"},\"query-input\":{\"@type\":\"PropertyValueSpecification\",\"valueRequired\":true,\"valueName\":\"search_term_string\"}}],\"inLanguage\":\"en-US\"},{\"@type\":\"Person\",\"@id\":\"https:\\\/\\\/kosovatimes.info\\\/#\\\/schema\\\/person\\\/7586712b9c512fe68085de007378c915\",\"name\":\"i l\",\"image\":{\"@type\":\"ImageObject\",\"inLanguage\":\"en-US\",\"@id\":\"https:\\\/\\\/secure.gravatar.com\\\/avatar\\\/bad9296e02816160ae2e2435beda58222022298d5625d49fea74d18816fbb31d?s=96&d=mm&r=g\",\"url\":\"https:\\\/\\\/secure.gravatar.com\\\/avatar\\\/bad9296e02816160ae2e2435beda58222022298d5625d49fea74d18816fbb31d?s=96&d=mm&r=g\",\"contentUrl\":\"https:\\\/\\\/secure.gravatar.com\\\/avatar\\\/bad9296e02816160ae2e2435beda58222022298d5625d49fea74d18816fbb31d?s=96&d=mm&r=g\",\"caption\":\"i l\"},\"url\":\"https:\\\/\\\/kosovatimes.info\\\/index.php\\\/author\\\/iliri\\\/\"}]}<\/script>\n<!-- \/ Yoast SEO plugin. -->","yoast_head_json":{"title":"Zgjedhjet e reja brenda 45 dit\u00ebsh, Haxhiu takon Radoniqin - Kosova Times","robots":{"index":"index","follow":"follow","max-snippet":"max-snippet:-1","max-image-preview":"max-image-preview:large","max-video-preview":"max-video-preview:-1"},"canonical":"https:\/\/kosovatimes.info\/index.php\/2026\/04\/29\/zgjedhjet-e-reja-brenda-45-ditesh-haxhiu-takon-radoniqin\/","og_locale":"en_US","og_type":"article","og_title":"Zgjedhjet e reja brenda 45 dit\u00ebsh, Haxhiu takon Radoniqin - Kosova Times","og_description":"Ushtruesja e detyr\u00ebs s\u00eb presidentes, Albulena Haxhiu, ka pritur n\u00eb takim kryesuesin e Komisionit Qendror t\u00eb Zgjedhjeve (KQZ), Kreshnik Radoniqi. Takimi po mbahet nj\u00eb dit\u00eb pas d\u00ebshtimit t\u00eb Kuvendit t\u00eb Kosov\u00ebs p\u00ebr t\u00eb zgjedhur presidentin brenda afatit kushtetues. Pas d\u00ebshtimit Kosova duhet t\u00eb organizoj\u00eb zgjedhje t\u00eb reja brenda 45 dit\u00ebsh, n\u00eb p\u00ebrputhje me obligimet kushtetuese [&hellip;]","og_url":"https:\/\/kosovatimes.info\/index.php\/2026\/04\/29\/zgjedhjet-e-reja-brenda-45-ditesh-haxhiu-takon-radoniqin\/","og_site_name":"Kosova Times","article_published_time":"2026-04-29T12:23:00+00:00","article_modified_time":"2026-04-29T13:32:05+00:00","og_image":[{"width":275,"height":183,"url":"https:\/\/kosovatimes.info\/wp-content\/uploads\/2026\/04\/haxhiu-1.jpeg","type":"image\/jpeg"}],"author":"i l","twitter_card":"summary_large_image","twitter_misc":{"Written by":"i l","Est. reading time":"1 minute"},"schema":{"@context":"https:\/\/schema.org","@graph":[{"@type":"Article","@id":"https:\/\/kosovatimes.info\/index.php\/2026\/04\/29\/zgjedhjet-e-reja-brenda-45-ditesh-haxhiu-takon-radoniqin\/#article","isPartOf":{"@id":"https:\/\/kosovatimes.info\/index.php\/2026\/04\/29\/zgjedhjet-e-reja-brenda-45-ditesh-haxhiu-takon-radoniqin\/"},"author":{"name":"i l","@id":"https:\/\/kosovatimes.info\/#\/schema\/person\/7586712b9c512fe68085de007378c915"},"headline":"Zgjedhjet e reja brenda 45 dit\u00ebsh, Haxhiu takon Radoniqin","datePublished":"2026-04-29T12:23:00+00:00","dateModified":"2026-04-29T13:32:05+00:00","mainEntityOfPage":{"@id":"https:\/\/kosovatimes.info\/index.php\/2026\/04\/29\/zgjedhjet-e-reja-brenda-45-ditesh-haxhiu-takon-radoniqin\/"},"wordCount":75,"commentCount":0,"image":{"@id":"https:\/\/kosovatimes.info\/index.php\/2026\/04\/29\/zgjedhjet-e-reja-brenda-45-ditesh-haxhiu-takon-radoniqin\/#primaryimage"},"thumbnailUrl":"https:\/\/kosovatimes.info\/wp-content\/uploads\/2026\/04\/haxhiu-1.jpeg","articleSection":["Kosov\u00eb","Lajme"],"inLanguage":"en-US","potentialAction":[{"@type":"CommentAction","name":"Comment","target":["https:\/\/kosovatimes.info\/index.php\/2026\/04\/29\/zgjedhjet-e-reja-brenda-45-ditesh-haxhiu-takon-radoniqin\/#respond"]}]},{"@type":"WebPage","@id":"https:\/\/kosovatimes.info\/index.php\/2026\/04\/29\/zgjedhjet-e-reja-brenda-45-ditesh-haxhiu-takon-radoniqin\/","url":"https:\/\/kosovatimes.info\/index.php\/2026\/04\/29\/zgjedhjet-e-reja-brenda-45-ditesh-haxhiu-takon-radoniqin\/","name":"Zgjedhjet e reja brenda 45 dit\u00ebsh, Haxhiu takon Radoniqin - Kosova Times","isPartOf":{"@id":"https:\/\/kosovatimes.info\/#website"},"primaryImageOfPage":{"@id":"https:\/\/kosovatimes.info\/index.php\/2026\/04\/29\/zgjedhjet-e-reja-brenda-45-ditesh-haxhiu-takon-radoniqin\/#primaryimage"},"image":{"@id":"https:\/\/kosovatimes.info\/index.php\/2026\/04\/29\/zgjedhjet-e-reja-brenda-45-ditesh-haxhiu-takon-radoniqin\/#primaryimage"},"thumbnailUrl":"https:\/\/kosovatimes.info\/wp-content\/uploads\/2026\/04\/haxhiu-1.jpeg","datePublished":"2026-04-29T12:23:00+00:00","dateModified":"2026-04-29T13:32:05+00:00","author":{"@id":"https:\/\/kosovatimes.info\/#\/schema\/person\/7586712b9c512fe68085de007378c915"},"breadcrumb":{"@id":"https:\/\/kosovatimes.info\/index.php\/2026\/04\/29\/zgjedhjet-e-reja-brenda-45-ditesh-haxhiu-takon-radoniqin\/#breadcrumb"},"inLanguage":"en-US","potentialAction":[{"@type":"ReadAction","target":["https:\/\/kosovatimes.info\/index.php\/2026\/04\/29\/zgjedhjet-e-reja-brenda-45-ditesh-haxhiu-takon-radoniqin\/"]}]},{"@type":"ImageObject","inLanguage":"en-US","@id":"https:\/\/kosovatimes.info\/index.php\/2026\/04\/29\/zgjedhjet-e-reja-brenda-45-ditesh-haxhiu-takon-radoniqin\/#primaryimage","url":"https:\/\/kosovatimes.info\/wp-content\/uploads\/2026\/04\/haxhiu-1.jpeg","contentUrl":"https:\/\/kosovatimes.info\/wp-content\/uploads\/2026\/04\/haxhiu-1.jpeg","width":275,"height":183},{"@type":"BreadcrumbList","@id":"https:\/\/kosovatimes.info\/index.php\/2026\/04\/29\/zgjedhjet-e-reja-brenda-45-ditesh-haxhiu-takon-radoniqin\/#breadcrumb","itemListElement":[{"@type":"ListItem","position":1,"name":"Home","item":"https:\/\/kosovatimes.info\/"},{"@type":"ListItem","position":2,"name":"Zgjedhjet e reja brenda 45 dit\u00ebsh, Haxhiu takon Radoniqin"}]},{"@type":"WebSite","@id":"https:\/\/kosovatimes.info\/#website","url":"https:\/\/kosovatimes.info\/","name":"Kosova Times","description":"","potentialAction":[{"@type":"SearchAction","target":{"@type":"EntryPoint","urlTemplate":"https:\/\/kosovatimes.info\/?s={search_term_string}"},"query-input":{"@type":"PropertyValueSpecification","valueRequired":true,"valueName":"search_term_string"}}],"inLanguage":"en-US"},{"@type":"Person","@id":"https:\/\/kosovatimes.info\/#\/schema\/person\/7586712b9c512fe68085de007378c915","name":"i l","image":{"@type":"ImageObject","inLanguage":"en-US","@id":"https:\/\/secure.gravatar.com\/avatar\/bad9296e02816160ae2e2435beda58222022298d5625d49fea74d18816fbb31d?s=96&d=mm&r=g","url":"https:\/\/secure.gravatar.com\/avatar\/bad9296e02816160ae2e2435beda58222022298d5625d49fea74d18816fbb31d?s=96&d=mm&r=g","contentUrl":"https:\/\/secure.gravatar.com\/avatar\/bad9296e02816160ae2e2435beda58222022298d5625d49fea74d18816fbb31d?s=96&d=mm&r=g","caption":"i l"},"url":"https:\/\/kosovatimes.info\/index.php\/author\/iliri\/"}]}},"_links":{"self":[{"href":"https:\/\/kosovatimes.info\/index.php\/wp-json\/wp\/v2\/posts\/12505","targetHints":{"allow":["GET"]}}],"collection":[{"href":"https:\/\/kosovatimes.info\/index.php\/wp-json\/wp\/v2\/posts"}],"about":[{"href":"https:\/\/kosovatimes.info\/index.php\/wp-json\/wp\/v2\/types\/post"}],"author":[{"embeddable":true,"href":"https:\/\/kosovatimes.info\/index.php\/wp-json\/wp\/v2\/users\/4"}],"replies":[{"embeddable":true,"href":"https:\/\/kosovatimes.info\/index.php\/wp-json\/wp\/v2\/comments?post=12505"}],"version-history":[{"count":1,"href":"https:\/\/kosovatimes.info\/index.php\/wp-json\/wp\/v2\/posts\/12505\/revisions"}],"predecessor-version":[{"id":12507,"href":"https:\/\/kosovatimes.info\/index.php\/wp-json\/wp\/v2\/posts\/12505\/revisions\/12507"}],"wp:featuredmedia":[{"embeddable":true,"href":"https:\/\/kosovatimes.info\/index.php\/wp-json\/wp\/v2\/media\/12506"}],"wp:attachment":[{"href":"https:\/\/kosovatimes.info\/index.php\/wp-json\/wp\/v2\/media?parent=12505"}],"wp:term":[{"taxonomy":"category","embeddable":true,"href":"https:\/\/kosovatimes.info\/index.php\/wp-json\/wp\/v2\/categories?post=12505"},{"taxonomy":"post_tag","embeddable":true,"href":"https:\/\/kosovatimes.info\/index.php\/wp-json\/wp\/v2\/tags?post=12505"}],"curies":[{"name":"wp","href":"https:\/\/api.w.org\/{rel}","templated":true}]}}