{"id":12511,"date":"2026-04-29T15:34:26","date_gmt":"2026-04-29T13:34:26","guid":{"rendered":"https:\/\/kosovatimes.info\/?p=12511"},"modified":"2026-04-29T15:34:28","modified_gmt":"2026-04-29T13:34:28","slug":"nje-burre-sulmoi-me-thike-anetaret-e-komunitetit-hebraik-ne-londer","status":"publish","type":"post","link":"https:\/\/kosovatimes.info\/index.php\/2026\/04\/29\/nje-burre-sulmoi-me-thike-anetaret-e-komunitetit-hebraik-ne-londer\/","title":{"rendered":"Nj\u00eb burr\u00eb sulmoi me thik\u00eb an\u00ebtar\u00ebt e komunitetit hebraik n\u00eb Lond\u00ebr"},"content":{"rendered":"\n<p>N\u00eb Golders Green, n\u00eb veri t\u00eb Londr\u00ebs, ku jeton nj\u00eb popullsi e konsiderueshme hebraike n\u00eb Mbret\u00ebrin\u00eb e Bashkuar, dy burra u plagos\u00ebn n\u00eb nj\u00eb sulm me thik\u00eb, sipas&nbsp;<a href=\"https:\/\/x.com\/shomrimlondon\/status\/2049440442656178314?s=20\" target=\"_blank\" rel=\"noreferrer noopener\">organizat\u00ebs<\/a>&nbsp;s\u00eb siguris\u00eb Shomrim.<\/p>\n\n\n\n<p>Shomrim raportoi se nj\u00eb burr\u00eb u pa duke vrapuar n\u00eb rrug\u00eb me nj\u00eb thik\u00eb n\u00eb dor\u00eb dhe duke u p\u00ebrpjekur t\u00eb godiste me thik\u00eb an\u00ebtar\u00eb t\u00eb komunitetit hebre. Sulmuesi u ndalua nga an\u00ebtar\u00ebt e organizat\u00ebs.<\/p>\n\n\n\n<p>Sipas BBC-&nbsp;<a href=\"https:\/\/www.bbc.com\/news\/live\/c3ve2nr60xzt\" target=\"_blank\" rel=\"noreferrer noopener\">s\u00eb<\/a>&nbsp;, policia mb\u00ebrriti n\u00eb vendngjarje dhe e arrestoi burrin. Gazeta raporton se viktimat p\u00ebsuan l\u00ebndime t\u00eb r\u00ebnda dhe po marrin ndihm\u00eb mjek\u00ebsore.<\/p>\n\n\n\n<p>Policia raportoi se viktimat ishin burra t\u00eb mosh\u00ebs 30 dhe 70 vje\u00e7. Sulmuesi, nj\u00eb burr\u00eb 45-vje\u00e7ar, u arrestua me dyshimin p\u00ebr tentativ\u00eb vrasjeje. Detajet e m\u00ebtejshme jan\u00eb ende t\u00eb panjohura.<\/p>\n\n\n\n<p>&#8220;Komuniteti hebraik i Londr\u00ebs ka qen\u00eb sh\u00ebnjest\u00ebr e nj\u00eb s\u00ebr\u00eb sulmesh trondit\u00ebse antisemite. Nuk ka vend p\u00ebr antisemitiz\u00ebm n\u00eb shoq\u00ebri. Policia ka shtuar patrullat n\u00eb zon\u00eb&#8221;,&nbsp;<a href=\"https:\/\/x.com\/SadiqKhan\/status\/2049457886611325077?s=20\" target=\"_blank\" rel=\"noreferrer noopener\">shkroi<\/a>&nbsp;kryebashkiaku i Londr\u00ebs, Sadiq Khan, n\u00eb rrjetet sociale.<\/p>\n\n\n\n<figure class=\"wp-block-image\"><img decoding=\"async\" src=\"https:\/\/gdb.rferl.org\/5f44a147-c1c8-43f8-5ee6-08de3c91433d_w650_r0_s.jpg\" alt=\"Banor\u00ebt vendas ecin pran\u00eb nj\u00eb zone t\u00eb rrethuar n\u00eb Lond\u00ebr, m\u00eb 29 prill 2026.\"\/><figcaption class=\"wp-element-caption\">Banor\u00ebt vendas ecin pran\u00eb nj\u00eb zone t\u00eb rrethuar n\u00eb Lond\u00ebr, m\u00eb 29 prill 2026.<\/figcaption><\/figure>\n\n\n\n<p>Kryeministri britanik Keir Starmer komentoi gjithashtu incidentin. \u201cSulmet ndaj komunitetit ton\u00eb hebraik jan\u00eb sulme ndaj Britanis\u00eb\u201d,&nbsp;<a href=\"https:\/\/x.com\/Keir_Starmer\/status\/2049460049139900719?s=20\" target=\"_blank\" rel=\"noreferrer noopener\">shkroi<\/a>&nbsp;ai n\u00eb rrjetet sociale.<\/p>\n\n\n\n<p>N\u00eb jav\u00ebt e fundit, komuniteti hebraik i Londr\u00ebs \u00ebsht\u00eb goditur nga nj\u00eb val\u00eb sulmesh antisemite,&nbsp;<a href=\"https:\/\/edition.cnn.com\/2026\/04\/29\/uk\/north-london-stabbing-jewish-community-intl\" target=\"_blank\" rel=\"noreferrer noopener\">raporton<\/a>&nbsp;CNN . Muajin e kaluar, kat\u00ebr ambulanca q\u00eb i p\u00ebrkisnin nj\u00eb organizate bamir\u00ebse hebraike n\u00eb Golders Green u dogj\u00ebn. Nj\u00eb sinagog\u00eb dhe ish-ambientet e nj\u00eb organizate bamir\u00ebse hebraike u sulmuan m\u00eb pas.<\/p>\n","protected":false},"excerpt":{"rendered":"<p>N\u00eb Golders Green, n\u00eb veri t\u00eb Londr\u00ebs, ku jeton nj\u00eb popullsi e konsiderueshme hebraike n\u00eb Mbret\u00ebrin\u00eb e Bashkuar, dy burra u plagos\u00ebn n\u00eb nj\u00eb sulm me thik\u00eb, sipas&nbsp;organizat\u00ebs&nbsp;s\u00eb siguris\u00eb Shomrim. Shomrim raportoi se nj\u00eb burr\u00eb u pa duke vrapuar n\u00eb rrug\u00eb me nj\u00eb thik\u00eb n\u00eb dor\u00eb dhe duke u p\u00ebrpjekur t\u00eb godiste me thik\u00eb an\u00ebtar\u00eb [&hellip;]<\/p>\n","protected":false},"author":4,"featured_media":12512,"comment_status":"open","ping_status":"open","sticky":false,"template":"","format":"standard","meta":{"footnotes":""},"categories":[33,30],"tags":[],"class_list":{"0":"post-12511","1":"post","2":"type-post","3":"status-publish","4":"format-standard","5":"has-post-thumbnail","7":"category-bote","8":"category-lajme"},"yoast_head":"<!-- This site is optimized with the Yoast SEO plugin v27.4 - https:\/\/yoast.com\/product\/yoast-seo-wordpress\/ -->\n<title>Nj\u00eb burr\u00eb sulmoi me thik\u00eb an\u00ebtar\u00ebt e komunitetit hebraik n\u00eb Lond\u00ebr - Kosova Times<\/title>\n<meta name=\"robots\" content=\"index, follow, max-snippet:-1, max-image-preview:large, max-video-preview:-1\" \/>\n<link rel=\"canonical\" href=\"https:\/\/kosovatimes.info\/index.php\/2026\/04\/29\/nje-burre-sulmoi-me-thike-anetaret-e-komunitetit-hebraik-ne-londer\/\" \/>\n<meta property=\"og:locale\" content=\"en_US\" \/>\n<meta property=\"og:type\" content=\"article\" \/>\n<meta property=\"og:title\" content=\"Nj\u00eb burr\u00eb sulmoi me thik\u00eb an\u00ebtar\u00ebt e komunitetit hebraik n\u00eb Lond\u00ebr - Kosova Times\" \/>\n<meta property=\"og:description\" content=\"N\u00eb Golders Green, n\u00eb veri t\u00eb Londr\u00ebs, ku jeton nj\u00eb popullsi e konsiderueshme hebraike n\u00eb Mbret\u00ebrin\u00eb e Bashkuar, dy burra u plagos\u00ebn n\u00eb nj\u00eb sulm me thik\u00eb, sipas&nbsp;organizat\u00ebs&nbsp;s\u00eb siguris\u00eb Shomrim. Shomrim raportoi se nj\u00eb burr\u00eb u pa duke vrapuar n\u00eb rrug\u00eb me nj\u00eb thik\u00eb n\u00eb dor\u00eb dhe duke u p\u00ebrpjekur t\u00eb godiste me thik\u00eb an\u00ebtar\u00eb [&hellip;]\" \/>\n<meta property=\"og:url\" content=\"https:\/\/kosovatimes.info\/index.php\/2026\/04\/29\/nje-burre-sulmoi-me-thike-anetaret-e-komunitetit-hebraik-ne-londer\/\" \/>\n<meta property=\"og:site_name\" content=\"Kosova Times\" \/>\n<meta property=\"article:published_time\" content=\"2026-04-29T13:34:26+00:00\" \/>\n<meta property=\"article:modified_time\" content=\"2026-04-29T13:34:28+00:00\" \/>\n<meta name=\"author\" content=\"i l\" \/>\n<meta name=\"twitter:card\" content=\"summary_large_image\" \/>\n<meta name=\"twitter:label1\" content=\"Written by\" \/>\n\t<meta name=\"twitter:data1\" content=\"i l\" \/>\n\t<meta name=\"twitter:label2\" content=\"Est. reading time\" \/>\n\t<meta name=\"twitter:data2\" content=\"2 minutes\" \/>\n<script type=\"application\/ld+json\" class=\"yoast-schema-graph\">{\"@context\":\"https:\\\/\\\/schema.org\",\"@graph\":[{\"@type\":\"Article\",\"@id\":\"https:\\\/\\\/kosovatimes.info\\\/index.php\\\/2026\\\/04\\\/29\\\/nje-burre-sulmoi-me-thike-anetaret-e-komunitetit-hebraik-ne-londer\\\/#article\",\"isPartOf\":{\"@id\":\"https:\\\/\\\/kosovatimes.info\\\/index.php\\\/2026\\\/04\\\/29\\\/nje-burre-sulmoi-me-thike-anetaret-e-komunitetit-hebraik-ne-londer\\\/\"},\"author\":{\"name\":\"i l\",\"@id\":\"https:\\\/\\\/kosovatimes.info\\\/#\\\/schema\\\/person\\\/7586712b9c512fe68085de007378c915\"},\"headline\":\"Nj\u00eb burr\u00eb sulmoi me thik\u00eb an\u00ebtar\u00ebt e komunitetit hebraik n\u00eb Lond\u00ebr\",\"datePublished\":\"2026-04-29T13:34:26+00:00\",\"dateModified\":\"2026-04-29T13:34:28+00:00\",\"mainEntityOfPage\":{\"@id\":\"https:\\\/\\\/kosovatimes.info\\\/index.php\\\/2026\\\/04\\\/29\\\/nje-burre-sulmoi-me-thike-anetaret-e-komunitetit-hebraik-ne-londer\\\/\"},\"wordCount\":294,\"commentCount\":0,\"image\":{\"@id\":\"https:\\\/\\\/kosovatimes.info\\\/index.php\\\/2026\\\/04\\\/29\\\/nje-burre-sulmoi-me-thike-anetaret-e-komunitetit-hebraik-ne-londer\\\/#primaryimage\"},\"thumbnailUrl\":\"https:\\\/\\\/kosovatimes.info\\\/wp-content\\\/uploads\\\/2026\\\/04\\\/Londer.avif\",\"articleSection\":[\"Bot\u00eb\",\"Lajme\"],\"inLanguage\":\"en-US\",\"potentialAction\":[{\"@type\":\"CommentAction\",\"name\":\"Comment\",\"target\":[\"https:\\\/\\\/kosovatimes.info\\\/index.php\\\/2026\\\/04\\\/29\\\/nje-burre-sulmoi-me-thike-anetaret-e-komunitetit-hebraik-ne-londer\\\/#respond\"]}]},{\"@type\":\"WebPage\",\"@id\":\"https:\\\/\\\/kosovatimes.info\\\/index.php\\\/2026\\\/04\\\/29\\\/nje-burre-sulmoi-me-thike-anetaret-e-komunitetit-hebraik-ne-londer\\\/\",\"url\":\"https:\\\/\\\/kosovatimes.info\\\/index.php\\\/2026\\\/04\\\/29\\\/nje-burre-sulmoi-me-thike-anetaret-e-komunitetit-hebraik-ne-londer\\\/\",\"name\":\"Nj\u00eb burr\u00eb sulmoi me thik\u00eb an\u00ebtar\u00ebt e komunitetit hebraik n\u00eb Lond\u00ebr - Kosova Times\",\"isPartOf\":{\"@id\":\"https:\\\/\\\/kosovatimes.info\\\/#website\"},\"primaryImageOfPage\":{\"@id\":\"https:\\\/\\\/kosovatimes.info\\\/index.php\\\/2026\\\/04\\\/29\\\/nje-burre-sulmoi-me-thike-anetaret-e-komunitetit-hebraik-ne-londer\\\/#primaryimage\"},\"image\":{\"@id\":\"https:\\\/\\\/kosovatimes.info\\\/index.php\\\/2026\\\/04\\\/29\\\/nje-burre-sulmoi-me-thike-anetaret-e-komunitetit-hebraik-ne-londer\\\/#primaryimage\"},\"thumbnailUrl\":\"https:\\\/\\\/kosovatimes.info\\\/wp-content\\\/uploads\\\/2026\\\/04\\\/Londer.avif\",\"datePublished\":\"2026-04-29T13:34:26+00:00\",\"dateModified\":\"2026-04-29T13:34:28+00:00\",\"author\":{\"@id\":\"https:\\\/\\\/kosovatimes.info\\\/#\\\/schema\\\/person\\\/7586712b9c512fe68085de007378c915\"},\"breadcrumb\":{\"@id\":\"https:\\\/\\\/kosovatimes.info\\\/index.php\\\/2026\\\/04\\\/29\\\/nje-burre-sulmoi-me-thike-anetaret-e-komunitetit-hebraik-ne-londer\\\/#breadcrumb\"},\"inLanguage\":\"en-US\",\"potentialAction\":[{\"@type\":\"ReadAction\",\"target\":[\"https:\\\/\\\/kosovatimes.info\\\/index.php\\\/2026\\\/04\\\/29\\\/nje-burre-sulmoi-me-thike-anetaret-e-komunitetit-hebraik-ne-londer\\\/\"]}]},{\"@type\":\"ImageObject\",\"inLanguage\":\"en-US\",\"@id\":\"https:\\\/\\\/kosovatimes.info\\\/index.php\\\/2026\\\/04\\\/29\\\/nje-burre-sulmoi-me-thike-anetaret-e-komunitetit-hebraik-ne-londer\\\/#primaryimage\",\"url\":\"https:\\\/\\\/kosovatimes.info\\\/wp-content\\\/uploads\\\/2026\\\/04\\\/Londer.avif\",\"contentUrl\":\"https:\\\/\\\/kosovatimes.info\\\/wp-content\\\/uploads\\\/2026\\\/04\\\/Londer.avif\",\"width\":1023,\"height\":575},{\"@type\":\"BreadcrumbList\",\"@id\":\"https:\\\/\\\/kosovatimes.info\\\/index.php\\\/2026\\\/04\\\/29\\\/nje-burre-sulmoi-me-thike-anetaret-e-komunitetit-hebraik-ne-londer\\\/#breadcrumb\",\"itemListElement\":[{\"@type\":\"ListItem\",\"position\":1,\"name\":\"Home\",\"item\":\"https:\\\/\\\/kosovatimes.info\\\/\"},{\"@type\":\"ListItem\",\"position\":2,\"name\":\"Nj\u00eb burr\u00eb sulmoi me thik\u00eb an\u00ebtar\u00ebt e komunitetit hebraik n\u00eb Lond\u00ebr\"}]},{\"@type\":\"WebSite\",\"@id\":\"https:\\\/\\\/kosovatimes.info\\\/#website\",\"url\":\"https:\\\/\\\/kosovatimes.info\\\/\",\"name\":\"Kosova Times\",\"description\":\"\",\"potentialAction\":[{\"@type\":\"SearchAction\",\"target\":{\"@type\":\"EntryPoint\",\"urlTemplate\":\"https:\\\/\\\/kosovatimes.info\\\/?s={search_term_string}\"},\"query-input\":{\"@type\":\"PropertyValueSpecification\",\"valueRequired\":true,\"valueName\":\"search_term_string\"}}],\"inLanguage\":\"en-US\"},{\"@type\":\"Person\",\"@id\":\"https:\\\/\\\/kosovatimes.info\\\/#\\\/schema\\\/person\\\/7586712b9c512fe68085de007378c915\",\"name\":\"i l\",\"image\":{\"@type\":\"ImageObject\",\"inLanguage\":\"en-US\",\"@id\":\"https:\\\/\\\/secure.gravatar.com\\\/avatar\\\/bad9296e02816160ae2e2435beda58222022298d5625d49fea74d18816fbb31d?s=96&d=mm&r=g\",\"url\":\"https:\\\/\\\/secure.gravatar.com\\\/avatar\\\/bad9296e02816160ae2e2435beda58222022298d5625d49fea74d18816fbb31d?s=96&d=mm&r=g\",\"contentUrl\":\"https:\\\/\\\/secure.gravatar.com\\\/avatar\\\/bad9296e02816160ae2e2435beda58222022298d5625d49fea74d18816fbb31d?s=96&d=mm&r=g\",\"caption\":\"i l\"},\"url\":\"https:\\\/\\\/kosovatimes.info\\\/index.php\\\/author\\\/iliri\\\/\"}]}<\/script>\n<!-- \/ Yoast SEO plugin. -->","yoast_head_json":{"title":"Nj\u00eb burr\u00eb sulmoi me thik\u00eb an\u00ebtar\u00ebt e komunitetit hebraik n\u00eb Lond\u00ebr - Kosova Times","robots":{"index":"index","follow":"follow","max-snippet":"max-snippet:-1","max-image-preview":"max-image-preview:large","max-video-preview":"max-video-preview:-1"},"canonical":"https:\/\/kosovatimes.info\/index.php\/2026\/04\/29\/nje-burre-sulmoi-me-thike-anetaret-e-komunitetit-hebraik-ne-londer\/","og_locale":"en_US","og_type":"article","og_title":"Nj\u00eb burr\u00eb sulmoi me thik\u00eb an\u00ebtar\u00ebt e komunitetit hebraik n\u00eb Lond\u00ebr - Kosova Times","og_description":"N\u00eb Golders Green, n\u00eb veri t\u00eb Londr\u00ebs, ku jeton nj\u00eb popullsi e konsiderueshme hebraike n\u00eb Mbret\u00ebrin\u00eb e Bashkuar, dy burra u plagos\u00ebn n\u00eb nj\u00eb sulm me thik\u00eb, sipas&nbsp;organizat\u00ebs&nbsp;s\u00eb siguris\u00eb Shomrim. Shomrim raportoi se nj\u00eb burr\u00eb u pa duke vrapuar n\u00eb rrug\u00eb me nj\u00eb thik\u00eb n\u00eb dor\u00eb dhe duke u p\u00ebrpjekur t\u00eb godiste me thik\u00eb an\u00ebtar\u00eb [&hellip;]","og_url":"https:\/\/kosovatimes.info\/index.php\/2026\/04\/29\/nje-burre-sulmoi-me-thike-anetaret-e-komunitetit-hebraik-ne-londer\/","og_site_name":"Kosova Times","article_published_time":"2026-04-29T13:34:26+00:00","article_modified_time":"2026-04-29T13:34:28+00:00","author":"i l","twitter_card":"summary_large_image","twitter_misc":{"Written by":"i l","Est. reading time":"2 minutes"},"schema":{"@context":"https:\/\/schema.org","@graph":[{"@type":"Article","@id":"https:\/\/kosovatimes.info\/index.php\/2026\/04\/29\/nje-burre-sulmoi-me-thike-anetaret-e-komunitetit-hebraik-ne-londer\/#article","isPartOf":{"@id":"https:\/\/kosovatimes.info\/index.php\/2026\/04\/29\/nje-burre-sulmoi-me-thike-anetaret-e-komunitetit-hebraik-ne-londer\/"},"author":{"name":"i l","@id":"https:\/\/kosovatimes.info\/#\/schema\/person\/7586712b9c512fe68085de007378c915"},"headline":"Nj\u00eb burr\u00eb sulmoi me thik\u00eb an\u00ebtar\u00ebt e komunitetit hebraik n\u00eb Lond\u00ebr","datePublished":"2026-04-29T13:34:26+00:00","dateModified":"2026-04-29T13:34:28+00:00","mainEntityOfPage":{"@id":"https:\/\/kosovatimes.info\/index.php\/2026\/04\/29\/nje-burre-sulmoi-me-thike-anetaret-e-komunitetit-hebraik-ne-londer\/"},"wordCount":294,"commentCount":0,"image":{"@id":"https:\/\/kosovatimes.info\/index.php\/2026\/04\/29\/nje-burre-sulmoi-me-thike-anetaret-e-komunitetit-hebraik-ne-londer\/#primaryimage"},"thumbnailUrl":"https:\/\/kosovatimes.info\/wp-content\/uploads\/2026\/04\/Londer.avif","articleSection":["Bot\u00eb","Lajme"],"inLanguage":"en-US","potentialAction":[{"@type":"CommentAction","name":"Comment","target":["https:\/\/kosovatimes.info\/index.php\/2026\/04\/29\/nje-burre-sulmoi-me-thike-anetaret-e-komunitetit-hebraik-ne-londer\/#respond"]}]},{"@type":"WebPage","@id":"https:\/\/kosovatimes.info\/index.php\/2026\/04\/29\/nje-burre-sulmoi-me-thike-anetaret-e-komunitetit-hebraik-ne-londer\/","url":"https:\/\/kosovatimes.info\/index.php\/2026\/04\/29\/nje-burre-sulmoi-me-thike-anetaret-e-komunitetit-hebraik-ne-londer\/","name":"Nj\u00eb burr\u00eb sulmoi me thik\u00eb an\u00ebtar\u00ebt e komunitetit hebraik n\u00eb Lond\u00ebr - Kosova Times","isPartOf":{"@id":"https:\/\/kosovatimes.info\/#website"},"primaryImageOfPage":{"@id":"https:\/\/kosovatimes.info\/index.php\/2026\/04\/29\/nje-burre-sulmoi-me-thike-anetaret-e-komunitetit-hebraik-ne-londer\/#primaryimage"},"image":{"@id":"https:\/\/kosovatimes.info\/index.php\/2026\/04\/29\/nje-burre-sulmoi-me-thike-anetaret-e-komunitetit-hebraik-ne-londer\/#primaryimage"},"thumbnailUrl":"https:\/\/kosovatimes.info\/wp-content\/uploads\/2026\/04\/Londer.avif","datePublished":"2026-04-29T13:34:26+00:00","dateModified":"2026-04-29T13:34:28+00:00","author":{"@id":"https:\/\/kosovatimes.info\/#\/schema\/person\/7586712b9c512fe68085de007378c915"},"breadcrumb":{"@id":"https:\/\/kosovatimes.info\/index.php\/2026\/04\/29\/nje-burre-sulmoi-me-thike-anetaret-e-komunitetit-hebraik-ne-londer\/#breadcrumb"},"inLanguage":"en-US","potentialAction":[{"@type":"ReadAction","target":["https:\/\/kosovatimes.info\/index.php\/2026\/04\/29\/nje-burre-sulmoi-me-thike-anetaret-e-komunitetit-hebraik-ne-londer\/"]}]},{"@type":"ImageObject","inLanguage":"en-US","@id":"https:\/\/kosovatimes.info\/index.php\/2026\/04\/29\/nje-burre-sulmoi-me-thike-anetaret-e-komunitetit-hebraik-ne-londer\/#primaryimage","url":"https:\/\/kosovatimes.info\/wp-content\/uploads\/2026\/04\/Londer.avif","contentUrl":"https:\/\/kosovatimes.info\/wp-content\/uploads\/2026\/04\/Londer.avif","width":1023,"height":575},{"@type":"BreadcrumbList","@id":"https:\/\/kosovatimes.info\/index.php\/2026\/04\/29\/nje-burre-sulmoi-me-thike-anetaret-e-komunitetit-hebraik-ne-londer\/#breadcrumb","itemListElement":[{"@type":"ListItem","position":1,"name":"Home","item":"https:\/\/kosovatimes.info\/"},{"@type":"ListItem","position":2,"name":"Nj\u00eb burr\u00eb sulmoi me thik\u00eb an\u00ebtar\u00ebt e komunitetit hebraik n\u00eb Lond\u00ebr"}]},{"@type":"WebSite","@id":"https:\/\/kosovatimes.info\/#website","url":"https:\/\/kosovatimes.info\/","name":"Kosova Times","description":"","potentialAction":[{"@type":"SearchAction","target":{"@type":"EntryPoint","urlTemplate":"https:\/\/kosovatimes.info\/?s={search_term_string}"},"query-input":{"@type":"PropertyValueSpecification","valueRequired":true,"valueName":"search_term_string"}}],"inLanguage":"en-US"},{"@type":"Person","@id":"https:\/\/kosovatimes.info\/#\/schema\/person\/7586712b9c512fe68085de007378c915","name":"i l","image":{"@type":"ImageObject","inLanguage":"en-US","@id":"https:\/\/secure.gravatar.com\/avatar\/bad9296e02816160ae2e2435beda58222022298d5625d49fea74d18816fbb31d?s=96&d=mm&r=g","url":"https:\/\/secure.gravatar.com\/avatar\/bad9296e02816160ae2e2435beda58222022298d5625d49fea74d18816fbb31d?s=96&d=mm&r=g","contentUrl":"https:\/\/secure.gravatar.com\/avatar\/bad9296e02816160ae2e2435beda58222022298d5625d49fea74d18816fbb31d?s=96&d=mm&r=g","caption":"i l"},"url":"https:\/\/kosovatimes.info\/index.php\/author\/iliri\/"}]}},"_links":{"self":[{"href":"https:\/\/kosovatimes.info\/index.php\/wp-json\/wp\/v2\/posts\/12511","targetHints":{"allow":["GET"]}}],"collection":[{"href":"https:\/\/kosovatimes.info\/index.php\/wp-json\/wp\/v2\/posts"}],"about":[{"href":"https:\/\/kosovatimes.info\/index.php\/wp-json\/wp\/v2\/types\/post"}],"author":[{"embeddable":true,"href":"https:\/\/kosovatimes.info\/index.php\/wp-json\/wp\/v2\/users\/4"}],"replies":[{"embeddable":true,"href":"https:\/\/kosovatimes.info\/index.php\/wp-json\/wp\/v2\/comments?post=12511"}],"version-history":[{"count":1,"href":"https:\/\/kosovatimes.info\/index.php\/wp-json\/wp\/v2\/posts\/12511\/revisions"}],"predecessor-version":[{"id":12513,"href":"https:\/\/kosovatimes.info\/index.php\/wp-json\/wp\/v2\/posts\/12511\/revisions\/12513"}],"wp:featuredmedia":[{"embeddable":true,"href":"https:\/\/kosovatimes.info\/index.php\/wp-json\/wp\/v2\/media\/12512"}],"wp:attachment":[{"href":"https:\/\/kosovatimes.info\/index.php\/wp-json\/wp\/v2\/media?parent=12511"}],"wp:term":[{"taxonomy":"category","embeddable":true,"href":"https:\/\/kosovatimes.info\/index.php\/wp-json\/wp\/v2\/categories?post=12511"},{"taxonomy":"post_tag","embeddable":true,"href":"https:\/\/kosovatimes.info\/index.php\/wp-json\/wp\/v2\/tags?post=12511"}],"curies":[{"name":"wp","href":"https:\/\/api.w.org\/{rel}","templated":true}]}}