{"id":12524,"date":"2026-04-29T16:35:00","date_gmt":"2026-04-29T14:35:00","guid":{"rendered":"https:\/\/kosovatimes.info\/?p=12524"},"modified":"2026-04-29T18:16:12","modified_gmt":"2026-04-29T16:16:12","slug":"kerkohet-paraburgim-ndaj-pese-personave-per-keqperdorim-te-detyres-zyrtare","status":"publish","type":"post","link":"https:\/\/kosovatimes.info\/index.php\/2026\/04\/29\/kerkohet-paraburgim-ndaj-pese-personave-per-keqperdorim-te-detyres-zyrtare\/","title":{"rendered":"K\u00ebrkohet paraburgim ndaj pes\u00eb personave p\u00ebr keqp\u00ebrdorim t\u00eb detyr\u00ebs zyrtare"},"content":{"rendered":"\n<h2 class=\"wp-block-heading\"><a href=\"https:\/\/facebook.com\/sharer\/sharer.php?u=https%3A%2F%2Fwww.rtklive.com%2Fsq%2Fnews-single.php%3FID%3D723479\" target=\"_blank\" rel=\"noreferrer noopener\"><\/a><\/h2>\n\n\n\n<p><a target=\"_blank\" href=\"https:\/\/twitter.com\/share?url=https%3A%2F%2Fwww.rtklive.com%2Fsq%2Fnews-single.php%3FID%3D723479&amp;text=Prokuroria%20Themelore%20n%C3%AB%20Ferizaj%20ka%20k%C3%ABrkuar%20nga%20Gjykata%20Themelore%20n%C3%AB%20Ferizaj%20caktimin%20e%20mas%C3%ABs%20s%C3%AB%20paraburgimit%20ndaj%20t%C3%AB%20pandehurve%20F.U.%2C%20N.S.%2C%20J.M.%2C%20B.L.%2C%20dhe%20G.H.%2C%20p%C3%ABr%20shkak%20t%C3%AB%20dyshimit%20t%C3%AB%20kryerjes%20s%C3%AB%20veprave%20penale%20%E2%80%9CKeqp%C3%ABrdorimi%20i%20pozit%C3%ABs%20apo%20autoritetit%20zyrtar%E2%80%9D%2C%20%E2%80%9CFalsifikimi%20i%20dokumenteve%E2%80%9D%2C%20%E2%80%9CLegalizimi%20i%20p%C3%ABrmbajtjes%20s%C3%AB%20rreme%E2%80%9D%20dhe%20%E2%80%9CBlerja%2C%20pranimi%20ose%20fshehja%20e%20sendeve%20t%C3%AB%20p%C3%ABrfituara%20me%20kryerjen%20e%20vepr%C3%ABs%20penale%E2%80%9D.\" rel=\"noreferrer noopener\"><\/a><\/p>\n\n\n\n<p><a target=\"_blank\" href=\"https:\/\/www.linkedin.com\/shareArticle?mini=true&amp;url=https%3A%2F%2Fwww.rtklive.com%2Fsq%2Fnews-single.php%3FID%3D723479\" rel=\"noreferrer noopener\"><\/a><\/p>\n\n\n\n<p><\/p>\n\n\n\n<p><strong>Prokuroria Themelore n\u00eb Ferizaj ka k\u00ebrkuar nga Gjykata Themelore n\u00eb Ferizaj caktimin e mas\u00ebs s\u00eb paraburgimit ndaj t\u00eb pandehurve F.U., N.S., J.M., B.L., dhe G.H., p\u00ebr shkak t\u00eb dyshimit t\u00eb kryerjes s\u00eb veprave penale \u201cKeqp\u00ebrdorimi i pozit\u00ebs apo autoritetit zyrtar\u201d, \u201cFalsifikimi i dokumenteve\u201d, \u201cLegalizimi i p\u00ebrmbajtjes s\u00eb rreme\u201d dhe \u201cBlerja, pranimi ose fshehja e sendeve t\u00eb p\u00ebrfituara me kryerjen e vepr\u00ebs penale\u201d.<\/strong><\/p>\n\n\n\n<p>Sipas Prokuroris\u00eb, \u201cekziston dyshimi i bazuar se t\u00eb pandehurit: F.U., J.M., B.L., G.H., dhe i pandehuri NN., n\u00eb bashk\u00ebkryerje kan\u00eb falsifikuar dokumentin, n\u00eb at\u00eb m\u00ebnyr\u00eb q\u00eb t\u00eb pandehurit F.U., J.M., B.L., dhe i pandehuri NN, kan\u00eb ardhur n\u00eb nj\u00eb restorant af\u00ebr zyr\u00ebs s\u00eb noterit G.H., dhe i pandehuri NN, me let\u00ebrnjoftim t\u00eb falsifikuar \u00ebsht\u00eb paraqitur me em\u00ebr t\u00eb S.V., i cili kishte vdekur n\u00eb vitin 1986, e pastaj me ndihm\u00ebn e noterit, kan\u00eb p\u00ebrpiluar autorizimin kinse S.V.,&nbsp; autorizon F.U., n\u00eb shitjen e parcelave, t\u00eb cil\u00ebn e kan\u00eb p\u00ebrdorur p\u00ebr legalizimin e p\u00ebrmbajtjes s\u00eb pav\u00ebrtet\u00eb n\u00eb zyr\u00ebn kadastrale n\u00eb Ferizaj,&nbsp; p\u00ebr ti regjistruar pronat n\u00eb em\u00ebr t\u00eb A.L., L.S dhe N.S., andaj me k\u00ebto veprime&nbsp; do t\u00eb ken\u00eb kryer vepr\u00ebn penale \u201cFalsifikimi i dokumenteve\u201d n\u00eb bashk\u00ebkryerje nga neni 390 paragrafi 1 lidhur me nenin 31 t\u00eb KPRK-s\u00eb\u201d.<\/p>\n\n\n\n<p>P\u00ebr t\u00eb pandehurin F.U., dhe N.S., prokuroria thot\u00eb se ekziston dyshimi i bazuar se n\u00eb bashk\u00ebkryerje me t\u00eb pandehurat A.L., dhe L.S., n\u00eb zyr\u00ebn e noterit G.H., me q\u00ebllim t\u00eb tjet\u00ebrsimit t\u00eb ngastrave kadastrale, ka p\u00ebrdorur dokumentin e falsifikuar, me k\u00ebt\u00eb do t\u00eb ken\u00eb kryer vepr\u00ebn penale \u201cLegalizimi i p\u00ebrmbajtjes s\u00eb rrem\u00eb\u201d.<\/p>\n\n\n\n<p>Nd\u00ebrsa, sipas Prokuroris\u00eb, p\u00ebr t\u00eb pandehurin G.H., ekziston dyshimi i bazuar se i pandehuri si person zyrtar (noter n\u00eb Ferizaj), ka keqp\u00ebrdorur detyr\u00ebn e tij zyrtare, me q\u00ebllim t\u00eb p\u00ebrfitimit t\u00eb dobis\u00eb pasurore p\u00ebr t\u00eb pandehurit tjer\u00eb.<\/p>\n\n\n\n<p>Po ashtu, ekziston dyshimi i bazuar se 9 mars 2023, n\u00eb zyr\u00ebn noteriale n\u00eb Ferizaj, si person zyrtar ka keqp\u00ebrdorur detyr\u00ebn zyrtare me q\u00ebllim t\u00eb p\u00ebrfitimit t\u00eb dobis\u00eb pasurore p\u00ebr personin tjet\u00ebr n\u00eb at\u00eb m\u00ebnyr\u00eb q\u00eb ka hartuar kontrat\u00ebn n\u00eb gjuh\u00ebn serbe mbi shitblerjen e pajuajtshm\u00ebris\u00eb, n\u00eb mes t\u00eb personave D.R., dhe D.R., si shit\u00ebs, t\u00eb cil\u00ebt i ka p\u00ebrfaq\u00ebsuar sipas autorizimit H.R., dhe personit N.R., si bler\u00ebs, p\u00ebr shitblerjen e ngastrave kadastrale n\u00eb Zon\u00ebn Kadastrale Babushi serb, n\u00eb t\u00eb cil\u00ebn kontrat\u00eb \u00ebsht\u00eb p\u00ebrfshir\u00eb edhe ngastra kadastrale n\u00eb sip\u00ebrfaqe prej 1724 m2.<\/p>\n\n\n\n<p>\u201cKurse, p\u00ebr t\u00eb pandehurit: J.M., B.L., dhe i pandehuri NN, ekziston dyshimi i bazuar se n\u00eb bashk\u00ebkryerje kan\u00eb ndihmuar personin zyrtar, t\u00eb pandehurin G.H.,- noter n\u00eb Ferizaj, n\u00eb kryerjen e vepr\u00ebs penale keqp\u00ebrdorimi i pozit\u00ebs apo autoriteti zyrtar nga neni 414 par.1 t\u00eb KPRK-s\u00eb, n\u00eb at\u00eb m\u00ebnyr\u00eb q\u00eb i ka ndihmuar n\u00eb hartimin e&nbsp; Autorizimit t\u00eb dat\u00ebs 14.03.2024 , me t\u00eb cilin \u00ebsht\u00eb autorizuar i pandehuri F.U., p\u00ebr shitblerjen e ngastrave kadastrale t\u00eb pronarit S.V.,&nbsp; edhe pse kan\u00eb qen\u00eb n\u00eb dijeni se i pandehuri NN nuk ka qen\u00eb S.V., i cili kishte vdekur n\u00eb vitin 1986,&nbsp; i cili autorizim pastaj \u00ebsht\u00eb p\u00ebrdorur n\u00eb zyr\u00ebn e noterit p\u00ebr shitblerjen e ngastrave kadastrale, me k\u00ebt\u00eb do t\u00eb ken\u00eb kryer vepr\u00ebn penale \u201cKeqp\u00ebrdorimi i pozit\u00ebs apo autoritetit zyrtar\u201d n\u00eb bashk\u00ebkryerje n\u00eb ndihm\u00eb nga neni 414 paragrafi 1 lidhur me nenin 31 dhe 33 t\u00eb KPRK-\u00ebs\u201d, thuhet tutje n\u00eb njoftim.<\/p>\n\n\n\n<p>Nd\u00ebrsa, sipas k\u00ebrkes\u00ebs s\u00eb parashtruar nga Prokuroria, ekziston dyshimi i bazuar se i pandehuri N.S., n\u00eb bashk\u00ebkryerje me t\u00eb pandehur\u00ebn L.S., n\u00eb zyr\u00ebn e noterit G.H., kan\u00eb bler\u00eb sendin e p\u00ebrfituar nga vepra penale, me k\u00ebt\u00eb do t\u00eb ken\u00eb kryer vepr\u00ebn penale n\u00eb bashk\u00ebkryerje \u201cBlerja, pranimi ose fshehja e sendeve t\u00eb p\u00ebrfituara me kryerjen e vepr\u00ebs penale\u201d.<\/p>\n\n\n\n<p>T\u00eb pandehurit e lartcekur, q\u00eb nga data 28 prill 2026, me vendim t\u00eb Prokurorit t\u00eb Shtetit gjenden n\u00ebn mas\u00ebn e ndalimit 48-or\u00ebsh p\u00ebr veprat penale t\u00eb lart\u00ebcekura.<\/p>\n","protected":false},"excerpt":{"rendered":"<p>Prokuroria Themelore n\u00eb Ferizaj ka k\u00ebrkuar nga Gjykata Themelore n\u00eb Ferizaj caktimin e mas\u00ebs s\u00eb paraburgimit ndaj t\u00eb pandehurve F.U., N.S., J.M., B.L., dhe G.H., p\u00ebr shkak t\u00eb dyshimit t\u00eb kryerjes s\u00eb veprave penale \u201cKeqp\u00ebrdorimi i pozit\u00ebs apo autoritetit zyrtar\u201d, \u201cFalsifikimi i dokumenteve\u201d, \u201cLegalizimi i p\u00ebrmbajtjes s\u00eb rreme\u201d dhe \u201cBlerja, pranimi ose fshehja e sendeve [&hellip;]<\/p>\n","protected":false},"author":4,"featured_media":12525,"comment_status":"open","ping_status":"open","sticky":false,"template":"","format":"standard","meta":{"footnotes":""},"categories":[31,30],"tags":[],"class_list":{"0":"post-12524","1":"post","2":"type-post","3":"status-publish","4":"format-standard","5":"has-post-thumbnail","7":"category-kosove","8":"category-lajme"},"yoast_head":"<!-- This site is optimized with the Yoast SEO plugin v27.4 - https:\/\/yoast.com\/product\/yoast-seo-wordpress\/ -->\n<title>K\u00ebrkohet paraburgim ndaj pes\u00eb personave p\u00ebr keqp\u00ebrdorim t\u00eb detyr\u00ebs zyrtare - Kosova Times<\/title>\n<meta name=\"robots\" content=\"index, follow, max-snippet:-1, max-image-preview:large, max-video-preview:-1\" \/>\n<link rel=\"canonical\" href=\"https:\/\/kosovatimes.info\/index.php\/2026\/04\/29\/kerkohet-paraburgim-ndaj-pese-personave-per-keqperdorim-te-detyres-zyrtare\/\" \/>\n<meta property=\"og:locale\" content=\"en_US\" \/>\n<meta property=\"og:type\" content=\"article\" \/>\n<meta property=\"og:title\" content=\"K\u00ebrkohet paraburgim ndaj pes\u00eb personave p\u00ebr keqp\u00ebrdorim t\u00eb detyr\u00ebs zyrtare - Kosova Times\" \/>\n<meta property=\"og:description\" content=\"Prokuroria Themelore n\u00eb Ferizaj ka k\u00ebrkuar nga Gjykata Themelore n\u00eb Ferizaj caktimin e mas\u00ebs s\u00eb paraburgimit ndaj t\u00eb pandehurve F.U., N.S., J.M., B.L., dhe G.H., p\u00ebr shkak t\u00eb dyshimit t\u00eb kryerjes s\u00eb veprave penale \u201cKeqp\u00ebrdorimi i pozit\u00ebs apo autoritetit zyrtar\u201d, \u201cFalsifikimi i dokumenteve\u201d, \u201cLegalizimi i p\u00ebrmbajtjes s\u00eb rreme\u201d dhe \u201cBlerja, pranimi ose fshehja e sendeve [&hellip;]\" \/>\n<meta property=\"og:url\" content=\"https:\/\/kosovatimes.info\/index.php\/2026\/04\/29\/kerkohet-paraburgim-ndaj-pese-personave-per-keqperdorim-te-detyres-zyrtare\/\" \/>\n<meta property=\"og:site_name\" content=\"Kosova Times\" \/>\n<meta property=\"article:published_time\" content=\"2026-04-29T14:35:00+00:00\" \/>\n<meta property=\"article:modified_time\" content=\"2026-04-29T16:16:12+00:00\" \/>\n<meta property=\"og:image\" content=\"https:\/\/kosovatimes.info\/wp-content\/uploads\/2026\/04\/gjyqi.jpg\" \/>\n\t<meta property=\"og:image:width\" content=\"780\" \/>\n\t<meta property=\"og:image:height\" content=\"500\" \/>\n\t<meta property=\"og:image:type\" content=\"image\/jpeg\" \/>\n<meta name=\"author\" content=\"i l\" \/>\n<meta name=\"twitter:card\" content=\"summary_large_image\" \/>\n<meta name=\"twitter:label1\" content=\"Written by\" \/>\n\t<meta name=\"twitter:data1\" content=\"i l\" \/>\n\t<meta name=\"twitter:label2\" content=\"Est. reading time\" \/>\n\t<meta name=\"twitter:data2\" content=\"3 minutes\" \/>\n<script type=\"application\/ld+json\" class=\"yoast-schema-graph\">{\"@context\":\"https:\\\/\\\/schema.org\",\"@graph\":[{\"@type\":\"Article\",\"@id\":\"https:\\\/\\\/kosovatimes.info\\\/index.php\\\/2026\\\/04\\\/29\\\/kerkohet-paraburgim-ndaj-pese-personave-per-keqperdorim-te-detyres-zyrtare\\\/#article\",\"isPartOf\":{\"@id\":\"https:\\\/\\\/kosovatimes.info\\\/index.php\\\/2026\\\/04\\\/29\\\/kerkohet-paraburgim-ndaj-pese-personave-per-keqperdorim-te-detyres-zyrtare\\\/\"},\"author\":{\"name\":\"i l\",\"@id\":\"https:\\\/\\\/kosovatimes.info\\\/#\\\/schema\\\/person\\\/7586712b9c512fe68085de007378c915\"},\"headline\":\"K\u00ebrkohet paraburgim ndaj pes\u00eb personave p\u00ebr keqp\u00ebrdorim t\u00eb detyr\u00ebs zyrtare\",\"datePublished\":\"2026-04-29T14:35:00+00:00\",\"dateModified\":\"2026-04-29T16:16:12+00:00\",\"mainEntityOfPage\":{\"@id\":\"https:\\\/\\\/kosovatimes.info\\\/index.php\\\/2026\\\/04\\\/29\\\/kerkohet-paraburgim-ndaj-pese-personave-per-keqperdorim-te-detyres-zyrtare\\\/\"},\"wordCount\":749,\"commentCount\":0,\"image\":{\"@id\":\"https:\\\/\\\/kosovatimes.info\\\/index.php\\\/2026\\\/04\\\/29\\\/kerkohet-paraburgim-ndaj-pese-personave-per-keqperdorim-te-detyres-zyrtare\\\/#primaryimage\"},\"thumbnailUrl\":\"https:\\\/\\\/kosovatimes.info\\\/wp-content\\\/uploads\\\/2026\\\/04\\\/gjyqi.jpg\",\"articleSection\":[\"Kosov\u00eb\",\"Lajme\"],\"inLanguage\":\"en-US\",\"potentialAction\":[{\"@type\":\"CommentAction\",\"name\":\"Comment\",\"target\":[\"https:\\\/\\\/kosovatimes.info\\\/index.php\\\/2026\\\/04\\\/29\\\/kerkohet-paraburgim-ndaj-pese-personave-per-keqperdorim-te-detyres-zyrtare\\\/#respond\"]}]},{\"@type\":\"WebPage\",\"@id\":\"https:\\\/\\\/kosovatimes.info\\\/index.php\\\/2026\\\/04\\\/29\\\/kerkohet-paraburgim-ndaj-pese-personave-per-keqperdorim-te-detyres-zyrtare\\\/\",\"url\":\"https:\\\/\\\/kosovatimes.info\\\/index.php\\\/2026\\\/04\\\/29\\\/kerkohet-paraburgim-ndaj-pese-personave-per-keqperdorim-te-detyres-zyrtare\\\/\",\"name\":\"K\u00ebrkohet paraburgim ndaj pes\u00eb personave p\u00ebr keqp\u00ebrdorim t\u00eb detyr\u00ebs zyrtare - Kosova Times\",\"isPartOf\":{\"@id\":\"https:\\\/\\\/kosovatimes.info\\\/#website\"},\"primaryImageOfPage\":{\"@id\":\"https:\\\/\\\/kosovatimes.info\\\/index.php\\\/2026\\\/04\\\/29\\\/kerkohet-paraburgim-ndaj-pese-personave-per-keqperdorim-te-detyres-zyrtare\\\/#primaryimage\"},\"image\":{\"@id\":\"https:\\\/\\\/kosovatimes.info\\\/index.php\\\/2026\\\/04\\\/29\\\/kerkohet-paraburgim-ndaj-pese-personave-per-keqperdorim-te-detyres-zyrtare\\\/#primaryimage\"},\"thumbnailUrl\":\"https:\\\/\\\/kosovatimes.info\\\/wp-content\\\/uploads\\\/2026\\\/04\\\/gjyqi.jpg\",\"datePublished\":\"2026-04-29T14:35:00+00:00\",\"dateModified\":\"2026-04-29T16:16:12+00:00\",\"author\":{\"@id\":\"https:\\\/\\\/kosovatimes.info\\\/#\\\/schema\\\/person\\\/7586712b9c512fe68085de007378c915\"},\"breadcrumb\":{\"@id\":\"https:\\\/\\\/kosovatimes.info\\\/index.php\\\/2026\\\/04\\\/29\\\/kerkohet-paraburgim-ndaj-pese-personave-per-keqperdorim-te-detyres-zyrtare\\\/#breadcrumb\"},\"inLanguage\":\"en-US\",\"potentialAction\":[{\"@type\":\"ReadAction\",\"target\":[\"https:\\\/\\\/kosovatimes.info\\\/index.php\\\/2026\\\/04\\\/29\\\/kerkohet-paraburgim-ndaj-pese-personave-per-keqperdorim-te-detyres-zyrtare\\\/\"]}]},{\"@type\":\"ImageObject\",\"inLanguage\":\"en-US\",\"@id\":\"https:\\\/\\\/kosovatimes.info\\\/index.php\\\/2026\\\/04\\\/29\\\/kerkohet-paraburgim-ndaj-pese-personave-per-keqperdorim-te-detyres-zyrtare\\\/#primaryimage\",\"url\":\"https:\\\/\\\/kosovatimes.info\\\/wp-content\\\/uploads\\\/2026\\\/04\\\/gjyqi.jpg\",\"contentUrl\":\"https:\\\/\\\/kosovatimes.info\\\/wp-content\\\/uploads\\\/2026\\\/04\\\/gjyqi.jpg\",\"width\":780,\"height\":500},{\"@type\":\"BreadcrumbList\",\"@id\":\"https:\\\/\\\/kosovatimes.info\\\/index.php\\\/2026\\\/04\\\/29\\\/kerkohet-paraburgim-ndaj-pese-personave-per-keqperdorim-te-detyres-zyrtare\\\/#breadcrumb\",\"itemListElement\":[{\"@type\":\"ListItem\",\"position\":1,\"name\":\"Home\",\"item\":\"https:\\\/\\\/kosovatimes.info\\\/\"},{\"@type\":\"ListItem\",\"position\":2,\"name\":\"K\u00ebrkohet paraburgim ndaj pes\u00eb personave p\u00ebr keqp\u00ebrdorim t\u00eb detyr\u00ebs zyrtare\"}]},{\"@type\":\"WebSite\",\"@id\":\"https:\\\/\\\/kosovatimes.info\\\/#website\",\"url\":\"https:\\\/\\\/kosovatimes.info\\\/\",\"name\":\"Kosova Times\",\"description\":\"\",\"potentialAction\":[{\"@type\":\"SearchAction\",\"target\":{\"@type\":\"EntryPoint\",\"urlTemplate\":\"https:\\\/\\\/kosovatimes.info\\\/?s={search_term_string}\"},\"query-input\":{\"@type\":\"PropertyValueSpecification\",\"valueRequired\":true,\"valueName\":\"search_term_string\"}}],\"inLanguage\":\"en-US\"},{\"@type\":\"Person\",\"@id\":\"https:\\\/\\\/kosovatimes.info\\\/#\\\/schema\\\/person\\\/7586712b9c512fe68085de007378c915\",\"name\":\"i l\",\"image\":{\"@type\":\"ImageObject\",\"inLanguage\":\"en-US\",\"@id\":\"https:\\\/\\\/secure.gravatar.com\\\/avatar\\\/bad9296e02816160ae2e2435beda58222022298d5625d49fea74d18816fbb31d?s=96&d=mm&r=g\",\"url\":\"https:\\\/\\\/secure.gravatar.com\\\/avatar\\\/bad9296e02816160ae2e2435beda58222022298d5625d49fea74d18816fbb31d?s=96&d=mm&r=g\",\"contentUrl\":\"https:\\\/\\\/secure.gravatar.com\\\/avatar\\\/bad9296e02816160ae2e2435beda58222022298d5625d49fea74d18816fbb31d?s=96&d=mm&r=g\",\"caption\":\"i l\"},\"url\":\"https:\\\/\\\/kosovatimes.info\\\/index.php\\\/author\\\/iliri\\\/\"}]}<\/script>\n<!-- \/ Yoast SEO plugin. -->","yoast_head_json":{"title":"K\u00ebrkohet paraburgim ndaj pes\u00eb personave p\u00ebr keqp\u00ebrdorim t\u00eb detyr\u00ebs zyrtare - Kosova Times","robots":{"index":"index","follow":"follow","max-snippet":"max-snippet:-1","max-image-preview":"max-image-preview:large","max-video-preview":"max-video-preview:-1"},"canonical":"https:\/\/kosovatimes.info\/index.php\/2026\/04\/29\/kerkohet-paraburgim-ndaj-pese-personave-per-keqperdorim-te-detyres-zyrtare\/","og_locale":"en_US","og_type":"article","og_title":"K\u00ebrkohet paraburgim ndaj pes\u00eb personave p\u00ebr keqp\u00ebrdorim t\u00eb detyr\u00ebs zyrtare - Kosova Times","og_description":"Prokuroria Themelore n\u00eb Ferizaj ka k\u00ebrkuar nga Gjykata Themelore n\u00eb Ferizaj caktimin e mas\u00ebs s\u00eb paraburgimit ndaj t\u00eb pandehurve F.U., N.S., J.M., B.L., dhe G.H., p\u00ebr shkak t\u00eb dyshimit t\u00eb kryerjes s\u00eb veprave penale \u201cKeqp\u00ebrdorimi i pozit\u00ebs apo autoritetit zyrtar\u201d, \u201cFalsifikimi i dokumenteve\u201d, \u201cLegalizimi i p\u00ebrmbajtjes s\u00eb rreme\u201d dhe \u201cBlerja, pranimi ose fshehja e sendeve [&hellip;]","og_url":"https:\/\/kosovatimes.info\/index.php\/2026\/04\/29\/kerkohet-paraburgim-ndaj-pese-personave-per-keqperdorim-te-detyres-zyrtare\/","og_site_name":"Kosova Times","article_published_time":"2026-04-29T14:35:00+00:00","article_modified_time":"2026-04-29T16:16:12+00:00","og_image":[{"width":780,"height":500,"url":"https:\/\/kosovatimes.info\/wp-content\/uploads\/2026\/04\/gjyqi.jpg","type":"image\/jpeg"}],"author":"i l","twitter_card":"summary_large_image","twitter_misc":{"Written by":"i l","Est. reading time":"3 minutes"},"schema":{"@context":"https:\/\/schema.org","@graph":[{"@type":"Article","@id":"https:\/\/kosovatimes.info\/index.php\/2026\/04\/29\/kerkohet-paraburgim-ndaj-pese-personave-per-keqperdorim-te-detyres-zyrtare\/#article","isPartOf":{"@id":"https:\/\/kosovatimes.info\/index.php\/2026\/04\/29\/kerkohet-paraburgim-ndaj-pese-personave-per-keqperdorim-te-detyres-zyrtare\/"},"author":{"name":"i l","@id":"https:\/\/kosovatimes.info\/#\/schema\/person\/7586712b9c512fe68085de007378c915"},"headline":"K\u00ebrkohet paraburgim ndaj pes\u00eb personave p\u00ebr keqp\u00ebrdorim t\u00eb detyr\u00ebs zyrtare","datePublished":"2026-04-29T14:35:00+00:00","dateModified":"2026-04-29T16:16:12+00:00","mainEntityOfPage":{"@id":"https:\/\/kosovatimes.info\/index.php\/2026\/04\/29\/kerkohet-paraburgim-ndaj-pese-personave-per-keqperdorim-te-detyres-zyrtare\/"},"wordCount":749,"commentCount":0,"image":{"@id":"https:\/\/kosovatimes.info\/index.php\/2026\/04\/29\/kerkohet-paraburgim-ndaj-pese-personave-per-keqperdorim-te-detyres-zyrtare\/#primaryimage"},"thumbnailUrl":"https:\/\/kosovatimes.info\/wp-content\/uploads\/2026\/04\/gjyqi.jpg","articleSection":["Kosov\u00eb","Lajme"],"inLanguage":"en-US","potentialAction":[{"@type":"CommentAction","name":"Comment","target":["https:\/\/kosovatimes.info\/index.php\/2026\/04\/29\/kerkohet-paraburgim-ndaj-pese-personave-per-keqperdorim-te-detyres-zyrtare\/#respond"]}]},{"@type":"WebPage","@id":"https:\/\/kosovatimes.info\/index.php\/2026\/04\/29\/kerkohet-paraburgim-ndaj-pese-personave-per-keqperdorim-te-detyres-zyrtare\/","url":"https:\/\/kosovatimes.info\/index.php\/2026\/04\/29\/kerkohet-paraburgim-ndaj-pese-personave-per-keqperdorim-te-detyres-zyrtare\/","name":"K\u00ebrkohet paraburgim ndaj pes\u00eb personave p\u00ebr keqp\u00ebrdorim t\u00eb detyr\u00ebs zyrtare - Kosova Times","isPartOf":{"@id":"https:\/\/kosovatimes.info\/#website"},"primaryImageOfPage":{"@id":"https:\/\/kosovatimes.info\/index.php\/2026\/04\/29\/kerkohet-paraburgim-ndaj-pese-personave-per-keqperdorim-te-detyres-zyrtare\/#primaryimage"},"image":{"@id":"https:\/\/kosovatimes.info\/index.php\/2026\/04\/29\/kerkohet-paraburgim-ndaj-pese-personave-per-keqperdorim-te-detyres-zyrtare\/#primaryimage"},"thumbnailUrl":"https:\/\/kosovatimes.info\/wp-content\/uploads\/2026\/04\/gjyqi.jpg","datePublished":"2026-04-29T14:35:00+00:00","dateModified":"2026-04-29T16:16:12+00:00","author":{"@id":"https:\/\/kosovatimes.info\/#\/schema\/person\/7586712b9c512fe68085de007378c915"},"breadcrumb":{"@id":"https:\/\/kosovatimes.info\/index.php\/2026\/04\/29\/kerkohet-paraburgim-ndaj-pese-personave-per-keqperdorim-te-detyres-zyrtare\/#breadcrumb"},"inLanguage":"en-US","potentialAction":[{"@type":"ReadAction","target":["https:\/\/kosovatimes.info\/index.php\/2026\/04\/29\/kerkohet-paraburgim-ndaj-pese-personave-per-keqperdorim-te-detyres-zyrtare\/"]}]},{"@type":"ImageObject","inLanguage":"en-US","@id":"https:\/\/kosovatimes.info\/index.php\/2026\/04\/29\/kerkohet-paraburgim-ndaj-pese-personave-per-keqperdorim-te-detyres-zyrtare\/#primaryimage","url":"https:\/\/kosovatimes.info\/wp-content\/uploads\/2026\/04\/gjyqi.jpg","contentUrl":"https:\/\/kosovatimes.info\/wp-content\/uploads\/2026\/04\/gjyqi.jpg","width":780,"height":500},{"@type":"BreadcrumbList","@id":"https:\/\/kosovatimes.info\/index.php\/2026\/04\/29\/kerkohet-paraburgim-ndaj-pese-personave-per-keqperdorim-te-detyres-zyrtare\/#breadcrumb","itemListElement":[{"@type":"ListItem","position":1,"name":"Home","item":"https:\/\/kosovatimes.info\/"},{"@type":"ListItem","position":2,"name":"K\u00ebrkohet paraburgim ndaj pes\u00eb personave p\u00ebr keqp\u00ebrdorim t\u00eb detyr\u00ebs zyrtare"}]},{"@type":"WebSite","@id":"https:\/\/kosovatimes.info\/#website","url":"https:\/\/kosovatimes.info\/","name":"Kosova Times","description":"","potentialAction":[{"@type":"SearchAction","target":{"@type":"EntryPoint","urlTemplate":"https:\/\/kosovatimes.info\/?s={search_term_string}"},"query-input":{"@type":"PropertyValueSpecification","valueRequired":true,"valueName":"search_term_string"}}],"inLanguage":"en-US"},{"@type":"Person","@id":"https:\/\/kosovatimes.info\/#\/schema\/person\/7586712b9c512fe68085de007378c915","name":"i l","image":{"@type":"ImageObject","inLanguage":"en-US","@id":"https:\/\/secure.gravatar.com\/avatar\/bad9296e02816160ae2e2435beda58222022298d5625d49fea74d18816fbb31d?s=96&d=mm&r=g","url":"https:\/\/secure.gravatar.com\/avatar\/bad9296e02816160ae2e2435beda58222022298d5625d49fea74d18816fbb31d?s=96&d=mm&r=g","contentUrl":"https:\/\/secure.gravatar.com\/avatar\/bad9296e02816160ae2e2435beda58222022298d5625d49fea74d18816fbb31d?s=96&d=mm&r=g","caption":"i l"},"url":"https:\/\/kosovatimes.info\/index.php\/author\/iliri\/"}]}},"_links":{"self":[{"href":"https:\/\/kosovatimes.info\/index.php\/wp-json\/wp\/v2\/posts\/12524","targetHints":{"allow":["GET"]}}],"collection":[{"href":"https:\/\/kosovatimes.info\/index.php\/wp-json\/wp\/v2\/posts"}],"about":[{"href":"https:\/\/kosovatimes.info\/index.php\/wp-json\/wp\/v2\/types\/post"}],"author":[{"embeddable":true,"href":"https:\/\/kosovatimes.info\/index.php\/wp-json\/wp\/v2\/users\/4"}],"replies":[{"embeddable":true,"href":"https:\/\/kosovatimes.info\/index.php\/wp-json\/wp\/v2\/comments?post=12524"}],"version-history":[{"count":1,"href":"https:\/\/kosovatimes.info\/index.php\/wp-json\/wp\/v2\/posts\/12524\/revisions"}],"predecessor-version":[{"id":12526,"href":"https:\/\/kosovatimes.info\/index.php\/wp-json\/wp\/v2\/posts\/12524\/revisions\/12526"}],"wp:featuredmedia":[{"embeddable":true,"href":"https:\/\/kosovatimes.info\/index.php\/wp-json\/wp\/v2\/media\/12525"}],"wp:attachment":[{"href":"https:\/\/kosovatimes.info\/index.php\/wp-json\/wp\/v2\/media?parent=12524"}],"wp:term":[{"taxonomy":"category","embeddable":true,"href":"https:\/\/kosovatimes.info\/index.php\/wp-json\/wp\/v2\/categories?post=12524"},{"taxonomy":"post_tag","embeddable":true,"href":"https:\/\/kosovatimes.info\/index.php\/wp-json\/wp\/v2\/tags?post=12524"}],"curies":[{"name":"wp","href":"https:\/\/api.w.org\/{rel}","templated":true}]}}