{"id":12530,"date":"2026-04-29T18:32:03","date_gmt":"2026-04-29T16:32:03","guid":{"rendered":"https:\/\/kosovatimes.info\/?p=12530"},"modified":"2026-04-29T18:32:06","modified_gmt":"2026-04-29T16:32:06","slug":"vetem-brenda-pak-ditesh-u-vrane-70000-njerez-vitin-e-kaluar-ndodhi-gjenocidi-me-i-keq-i-ketij-shekulli","status":"publish","type":"post","link":"https:\/\/kosovatimes.info\/index.php\/2026\/04\/29\/vetem-brenda-pak-ditesh-u-vrane-70000-njerez-vitin-e-kaluar-ndodhi-gjenocidi-me-i-keq-i-ketij-shekulli\/","title":{"rendered":"Vet\u00ebm brenda pak dit\u00ebsh, u vran\u00eb 70,000 njer\u00ebz: Vitin e kaluar ndodhi gjenocidi m\u00eb i keq i k\u00ebtij shekulli"},"content":{"rendered":"\n<p>Vet\u00ebm brenda pak dit\u00ebsh n\u00eb tetor t\u00eb vitit t\u00eb kaluar, n\u00eb Sudan u krye nj\u00eb masak\u00ebr masive e civil\u00ebve.Hasaina, nj\u00eb grua dyzet e pes\u00eb vje\u00e7are nga Sudani, rrotullon me nervoziz\u00ebm nj\u00eb unaz\u00eb q\u00eb gati sa nuk i bie nga gishti. Krah\u00ebt e saj jan\u00eb t\u00eb rraskapitur, pothuajse vet\u00ebm kocka dhe l\u00ebkur\u00eb, dhe plag\u00ebt q\u00eb mban nuk jan\u00eb vet\u00ebm fizike, por edhe thell\u00ebsisht psikologjike. Gjysm\u00eb viti m\u00eb par\u00eb, ajo i mbijetoi nj\u00eb masakre n\u00eb qytetin e saj t\u00eb lindjes, El-Fashir, n\u00eb Darfurin e shkat\u00ebrruar nga lufta. Sot, s\u00eb bashku me kat\u00ebr f\u00ebmij\u00ebt e saj, ajo \u00ebsht\u00eb refugjate n\u00eb Ugand\u00eb.<\/p>\n\n\n\n<p>Ajo d\u00ebshmon mes lot\u00ebsh: &#8220;E pash\u00eb gjenocidin me syt\u00eb e mi dhe e ndjeva n\u00eb l\u00ebkur\u00ebn time.&#8221;<\/p>\n\n\n\n<p>N\u00eb Sudan, lufta ka vazhduar prej tre vitesh dhe vler\u00ebsimet flasin p\u00ebr qindra mij\u00ebra t\u00eb vdekur &#8211; qoft\u00eb n\u00eb luftime, qoft\u00eb si pasoj\u00eb e uris\u00eb dhe shkat\u00ebrrimit. Dhuna kulmoi tetorin e kaluar, kur Forca e Reagimit t\u00eb Shpejt\u00eb (RSF), nj\u00eb grup paraushtarak q\u00eb lufton kund\u00ebr ushtris\u00eb s\u00eb rregullt, pushtoi El-Fashirin, qytetin m\u00eb t\u00eb madh t\u00eb Darfurit, pas nj\u00eb rrethimi t\u00eb gjat\u00eb. Vet\u00ebm brenda pak dit\u00ebsh, u krye nj\u00eb masak\u00ebr masive e civil\u00ebve, shkruan&nbsp;<a href=\"https:\/\/www.dw.com\/hr\/sudan-opet-genocid-pred-o%C4%8Dima-%C4%8Ditavog-svijeta\/a-76965412\" target=\"_blank\" rel=\"noreferrer noopener\">Deutsche Welle<\/a>&nbsp;.<\/p>\n\n\n\n<figure class=\"wp-block-image\"><img decoding=\"async\" src=\"https:\/\/nova.rs\/media\/images\/2026\/4\/29\/1777470431_profimedia-1060371100.format-jpeg.width-500.jpg\" alt=\"Imazhet satelitore t\u00eb varreve n\u00eb El Fasher profimedia-1060371100\"\/><figcaption class=\"wp-element-caption\">Flet\u00ebpalosje \/ AFP \/ Profimedia<\/figcaption><\/figure>\n\n\n\n<h2 class=\"wp-block-heading\">Gjith\u00e7ka tregon p\u00ebr gjenocid.<\/h2>\n\n\n\n<p>Kryehetuesi i Kombeve t\u00eb Bashkuara, Mohamed Chande Othman, beson se ka element\u00eb t\u00eb qart\u00eb t\u00eb gjenocidit. Si\u00e7 thot\u00eb ai: &#8220;K\u00ebto mizori kan\u00eb t\u00eb gjitha karakteristikat e gjenocidit.&#8221;<\/p>\n\n\n\n<p>Ai i bazon p\u00ebrfundimet e tij n\u00eb tre gjetje kryesore: &#8220;S\u00eb pari, vrasje masive. S\u00eb dyti, tortura dhe dhun\u00eb e tmerrshme seksuale. Dhe s\u00eb treti, uri sistematike duke mohuar ndihm\u00ebn humanitare dhe duke shkat\u00ebrruar objektet sh\u00ebndet\u00ebsore.&#8221;<\/p>\n\n\n\n<p>Qyteti ishte n\u00ebn rrethim p\u00ebr m\u00eb shum\u00eb se 18 muaj. Nuk kishte internet, as lidhje telefonike, as ushqim apo karburant. Askush nuk mund t\u00eb hynte brenda &#8211; ose t\u00eb dilte. Kur forcat ushtarake m\u00eb n\u00eb fund u t\u00ebrhoq\u00ebn, rreth 250,000 civil\u00eb mbet\u00ebn plot\u00ebsisht t\u00eb pambrojtur, n\u00eb m\u00ebshir\u00ebn e RSF-s\u00eb.<\/p>\n\n\n\n<h2 class=\"wp-block-heading\">&#8220;P\u00ebrreth meje kishte kufoma&#8221;<\/h2>\n\n\n\n<p>Hasaina ishte midis tyre. Gjat\u00eb sulmit nat\u00ebn midis 25 dhe 26 tetorit 2025, ajo iku me f\u00ebmij\u00ebt, nd\u00ebrsa burri i saj q\u00ebndroi p\u00ebr t\u00eb ndihmuar nj\u00eb t\u00eb af\u00ebrm t\u00eb plagosur &#8211; dhe ajo nuk e ka par\u00eb m\u00eb q\u00eb at\u00ebher\u00eb.<\/p>\n\n\n\n<p>Ajo p\u00ebrshkruan momentin kur u p\u00ebrpoq t\u00eb largohej nga qyteti:<\/p>\n\n\n\n<p>&#8220;N\u00eb at\u00eb kaos, rash\u00eb n\u00eb nj\u00eb hendek. U varrosa nga dheu dhe trupat. Kur rimora vet\u00ebdijen, kishte tashm\u00eb agim. Kishte kufoma p\u00ebrreth meje.&#8221;<\/p>\n\n\n\n<p>RSF hapi nj\u00eb hendek rreth qytetit 30 kilometra t\u00eb gjat\u00eb, kat\u00ebr metra t\u00eb gjer\u00eb dhe kat\u00ebr metra t\u00eb thell\u00eb, me nj\u00eb dig\u00eb shtes\u00eb prej dheu &#8211; nj\u00eb kurth praktikisht i padep\u00ebrtuesh\u00ebm p\u00ebr k\u00ebdo q\u00eb p\u00ebrpiqej t\u00eb arratisej. Shum\u00eb humb\u00ebn jet\u00ebn pik\u00ebrisht aty.<\/p>\n\n\n\n<p>T\u00eb mbijetuarit shpesh p\u00ebrfundonin n\u00eb rob\u00ebri. Hasaina dhe f\u00ebmij\u00ebt e saj u liruan vet\u00ebm pasi nj\u00eb i af\u00ebrm nga Australia pagoi nj\u00eb shp\u00ebrblim. Pas nj\u00eb udh\u00ebtimi t\u00eb gjat\u00eb dhe t\u00eb rreziksh\u00ebm, ata arrit\u00ebn t\u00eb arrinin n\u00eb nj\u00eb kamp refugjat\u00ebsh n\u00eb Ugand\u00eb.Postuan video t\u00eb krimeve t\u00eb tyre<\/p>\n\n\n\n<p>Fakti q\u00eb vet\u00eb autor\u00ebt i dokumentuan krimet \u00ebsht\u00eb ve\u00e7an\u00ebrisht shqet\u00ebsues. Pasi interneti u rivendos, RSF postoi video t\u00eb brutalitetit n\u00eb Telegram &#8211; t\u00eb shoq\u00ebruara me muzik\u00eb dhe propagand\u00eb. Disa pamje tregojn\u00eb luft\u00ebtar\u00eb q\u00eb q\u00ebllojn\u00eb mbi civil\u00ebt e bllokuar n\u00eb llogore, nd\u00ebrsa t\u00eb tjera tregojn\u00eb ekzekutimin e t\u00eb plagosurve n\u00eb spitale.<\/p>\n\n\n\n<p>Pun\u00ebtor\u00ebt humanitar\u00eb d\u00ebshmojn\u00eb gjithashtu p\u00ebr p\u00ebrdhunime masive. Bob Kitchen i Komitetit Nd\u00ebrkomb\u00ebtar t\u00eb Shp\u00ebtimit p\u00ebrshkruan shkall\u00ebn e krimit:<\/p>\n\n\n\n<p>&#8220;Pothuajse t\u00eb gjith\u00eb me t\u00eb cil\u00ebt fol\u00ebm ishin abuzuar seksualisht &#8211; nga foshnjat te grat\u00eb e moshuara.&#8221;<\/p>\n\n\n\n<p>Ai shton: \u201cK\u00ebto ishin kryesisht p\u00ebrdhunime n\u00eb grup me brutalitet ekstrem. \u00cbsht\u00eb e qart\u00eb se dhuna \u00ebsht\u00eb p\u00ebrdorur si mjet nd\u00ebshkimi.\u201d<\/p>\n\n\n\n<p>Imazhet satelitore konfirmojn\u00eb m\u00eb tej shkall\u00ebn e tragjedis\u00eb. Ekspert\u00ebt e Universitetit Yale kan\u00eb dokumentuar shkat\u00ebrrimin e fshatrave dhe tokave bujq\u00ebsore p\u00ebrreth qytetit, t\u00eb cilat ata besojn\u00eb se ishin nj\u00eb strategji e q\u00ebllimshme p\u00ebr t\u00eb l\u00ebn\u00eb popullsin\u00eb t\u00eb uritur.<\/p>\n\n\n\n<p>Pas r\u00ebnies s\u00eb qytetit, gjurm\u00eb varresh masive dhe grumbuj trupash u regjistruan nga hap\u00ebsira. Studiuesi Nathaniel Raymond vler\u00ebson:<\/p>\n\n\n\n<p>&#8220;T\u00eb pakt\u00ebn rreth 70,000 njer\u00ebz duhet t\u00eb konsiderohen t\u00eb vdekur ose t\u00eb zhdukur.&#8221;<\/p>\n\n\n\n<p>Edhe pse rrethimi kaloi pothuajse pa u v\u00ebn\u00eb re nga publiku bot\u00ebror p\u00ebr nj\u00eb koh\u00eb t\u00eb gjat\u00eb, shkalla e masakr\u00ebs s\u00eb tetorit m\u00eb n\u00eb fund shkaktoi nj\u00eb tronditje dhe k\u00ebrkesa gjithnj\u00eb e m\u00eb t\u00eb larta p\u00ebr nj\u00eb hetim t\u00eb pavarur.<\/p>\n\n\n\n<p>P\u00ebr Hassain\u00ebn, p\u00ebrgjegj\u00ebsia nuk u takon vet\u00ebm autor\u00ebve:<\/p>\n\n\n\n<p>&#8220;Bashk\u00ebsia nd\u00ebrkomb\u00ebtare na la n\u00eb balt\u00eb. Iu desh t\u00eb reagonte gjat\u00eb rrethimit dhe t\u00eb parandalonte m\u00eb t\u00eb keqen. Por asgj\u00eb nuk ndodhi. P\u00ebrs\u00ebri.&#8221;<\/p>\n","protected":false},"excerpt":{"rendered":"<p>Vet\u00ebm brenda pak dit\u00ebsh n\u00eb tetor t\u00eb vitit t\u00eb kaluar, n\u00eb Sudan u krye nj\u00eb masak\u00ebr masive e civil\u00ebve.Hasaina, nj\u00eb grua dyzet e pes\u00eb vje\u00e7are nga Sudani, rrotullon me nervoziz\u00ebm nj\u00eb unaz\u00eb q\u00eb gati sa nuk i bie nga gishti. Krah\u00ebt e saj jan\u00eb t\u00eb rraskapitur, pothuajse vet\u00ebm kocka dhe l\u00ebkur\u00eb, dhe plag\u00ebt q\u00eb mban [&hellip;]<\/p>\n","protected":false},"author":4,"featured_media":12531,"comment_status":"open","ping_status":"open","sticky":false,"template":"","format":"standard","meta":{"footnotes":""},"categories":[33,30],"tags":[],"class_list":{"0":"post-12530","1":"post","2":"type-post","3":"status-publish","4":"format-standard","5":"has-post-thumbnail","7":"category-bote","8":"category-lajme"},"yoast_head":"<!-- This site is optimized with the Yoast SEO plugin v27.4 - https:\/\/yoast.com\/product\/yoast-seo-wordpress\/ -->\n<title>Vet\u00ebm brenda pak dit\u00ebsh, u vran\u00eb 70,000 njer\u00ebz: Vitin e kaluar ndodhi gjenocidi m\u00eb i keq i k\u00ebtij shekulli - Kosova Times<\/title>\n<meta name=\"robots\" content=\"index, follow, max-snippet:-1, max-image-preview:large, max-video-preview:-1\" \/>\n<link rel=\"canonical\" href=\"https:\/\/kosovatimes.info\/index.php\/2026\/04\/29\/vetem-brenda-pak-ditesh-u-vrane-70000-njerez-vitin-e-kaluar-ndodhi-gjenocidi-me-i-keq-i-ketij-shekulli\/\" \/>\n<meta property=\"og:locale\" content=\"en_US\" \/>\n<meta property=\"og:type\" content=\"article\" \/>\n<meta property=\"og:title\" content=\"Vet\u00ebm brenda pak dit\u00ebsh, u vran\u00eb 70,000 njer\u00ebz: Vitin e kaluar ndodhi gjenocidi m\u00eb i keq i k\u00ebtij shekulli - Kosova Times\" \/>\n<meta property=\"og:description\" content=\"Vet\u00ebm brenda pak dit\u00ebsh n\u00eb tetor t\u00eb vitit t\u00eb kaluar, n\u00eb Sudan u krye nj\u00eb masak\u00ebr masive e civil\u00ebve.Hasaina, nj\u00eb grua dyzet e pes\u00eb vje\u00e7are nga Sudani, rrotullon me nervoziz\u00ebm nj\u00eb unaz\u00eb q\u00eb gati sa nuk i bie nga gishti. Krah\u00ebt e saj jan\u00eb t\u00eb rraskapitur, pothuajse vet\u00ebm kocka dhe l\u00ebkur\u00eb, dhe plag\u00ebt q\u00eb mban [&hellip;]\" \/>\n<meta property=\"og:url\" content=\"https:\/\/kosovatimes.info\/index.php\/2026\/04\/29\/vetem-brenda-pak-ditesh-u-vrane-70000-njerez-vitin-e-kaluar-ndodhi-gjenocidi-me-i-keq-i-ketij-shekulli\/\" \/>\n<meta property=\"og:site_name\" content=\"Kosova Times\" \/>\n<meta property=\"article:published_time\" content=\"2026-04-29T16:32:03+00:00\" \/>\n<meta property=\"article:modified_time\" content=\"2026-04-29T16:32:06+00:00\" \/>\n<meta name=\"author\" content=\"i l\" \/>\n<meta name=\"twitter:card\" content=\"summary_large_image\" \/>\n<meta name=\"twitter:label1\" content=\"Written by\" \/>\n\t<meta name=\"twitter:data1\" content=\"i l\" \/>\n\t<meta name=\"twitter:label2\" content=\"Est. reading time\" \/>\n\t<meta name=\"twitter:data2\" content=\"4 minutes\" \/>\n<script type=\"application\/ld+json\" class=\"yoast-schema-graph\">{\"@context\":\"https:\\\/\\\/schema.org\",\"@graph\":[{\"@type\":\"Article\",\"@id\":\"https:\\\/\\\/kosovatimes.info\\\/index.php\\\/2026\\\/04\\\/29\\\/vetem-brenda-pak-ditesh-u-vrane-70000-njerez-vitin-e-kaluar-ndodhi-gjenocidi-me-i-keq-i-ketij-shekulli\\\/#article\",\"isPartOf\":{\"@id\":\"https:\\\/\\\/kosovatimes.info\\\/index.php\\\/2026\\\/04\\\/29\\\/vetem-brenda-pak-ditesh-u-vrane-70000-njerez-vitin-e-kaluar-ndodhi-gjenocidi-me-i-keq-i-ketij-shekulli\\\/\"},\"author\":{\"name\":\"i l\",\"@id\":\"https:\\\/\\\/kosovatimes.info\\\/#\\\/schema\\\/person\\\/7586712b9c512fe68085de007378c915\"},\"headline\":\"Vet\u00ebm brenda pak dit\u00ebsh, u vran\u00eb 70,000 njer\u00ebz: Vitin e kaluar ndodhi gjenocidi m\u00eb i keq i k\u00ebtij shekulli\",\"datePublished\":\"2026-04-29T16:32:03+00:00\",\"dateModified\":\"2026-04-29T16:32:06+00:00\",\"mainEntityOfPage\":{\"@id\":\"https:\\\/\\\/kosovatimes.info\\\/index.php\\\/2026\\\/04\\\/29\\\/vetem-brenda-pak-ditesh-u-vrane-70000-njerez-vitin-e-kaluar-ndodhi-gjenocidi-me-i-keq-i-ketij-shekulli\\\/\"},\"wordCount\":874,\"commentCount\":0,\"image\":{\"@id\":\"https:\\\/\\\/kosovatimes.info\\\/index.php\\\/2026\\\/04\\\/29\\\/vetem-brenda-pak-ditesh-u-vrane-70000-njerez-vitin-e-kaluar-ndodhi-gjenocidi-me-i-keq-i-ketij-shekulli\\\/#primaryimage\"},\"thumbnailUrl\":\"https:\\\/\\\/kosovatimes.info\\\/wp-content\\\/uploads\\\/2026\\\/04\\\/sudan.avif\",\"articleSection\":[\"Bot\u00eb\",\"Lajme\"],\"inLanguage\":\"en-US\",\"potentialAction\":[{\"@type\":\"CommentAction\",\"name\":\"Comment\",\"target\":[\"https:\\\/\\\/kosovatimes.info\\\/index.php\\\/2026\\\/04\\\/29\\\/vetem-brenda-pak-ditesh-u-vrane-70000-njerez-vitin-e-kaluar-ndodhi-gjenocidi-me-i-keq-i-ketij-shekulli\\\/#respond\"]}]},{\"@type\":\"WebPage\",\"@id\":\"https:\\\/\\\/kosovatimes.info\\\/index.php\\\/2026\\\/04\\\/29\\\/vetem-brenda-pak-ditesh-u-vrane-70000-njerez-vitin-e-kaluar-ndodhi-gjenocidi-me-i-keq-i-ketij-shekulli\\\/\",\"url\":\"https:\\\/\\\/kosovatimes.info\\\/index.php\\\/2026\\\/04\\\/29\\\/vetem-brenda-pak-ditesh-u-vrane-70000-njerez-vitin-e-kaluar-ndodhi-gjenocidi-me-i-keq-i-ketij-shekulli\\\/\",\"name\":\"Vet\u00ebm brenda pak dit\u00ebsh, u vran\u00eb 70,000 njer\u00ebz: Vitin e kaluar ndodhi gjenocidi m\u00eb i keq i k\u00ebtij shekulli - Kosova Times\",\"isPartOf\":{\"@id\":\"https:\\\/\\\/kosovatimes.info\\\/#website\"},\"primaryImageOfPage\":{\"@id\":\"https:\\\/\\\/kosovatimes.info\\\/index.php\\\/2026\\\/04\\\/29\\\/vetem-brenda-pak-ditesh-u-vrane-70000-njerez-vitin-e-kaluar-ndodhi-gjenocidi-me-i-keq-i-ketij-shekulli\\\/#primaryimage\"},\"image\":{\"@id\":\"https:\\\/\\\/kosovatimes.info\\\/index.php\\\/2026\\\/04\\\/29\\\/vetem-brenda-pak-ditesh-u-vrane-70000-njerez-vitin-e-kaluar-ndodhi-gjenocidi-me-i-keq-i-ketij-shekulli\\\/#primaryimage\"},\"thumbnailUrl\":\"https:\\\/\\\/kosovatimes.info\\\/wp-content\\\/uploads\\\/2026\\\/04\\\/sudan.avif\",\"datePublished\":\"2026-04-29T16:32:03+00:00\",\"dateModified\":\"2026-04-29T16:32:06+00:00\",\"author\":{\"@id\":\"https:\\\/\\\/kosovatimes.info\\\/#\\\/schema\\\/person\\\/7586712b9c512fe68085de007378c915\"},\"breadcrumb\":{\"@id\":\"https:\\\/\\\/kosovatimes.info\\\/index.php\\\/2026\\\/04\\\/29\\\/vetem-brenda-pak-ditesh-u-vrane-70000-njerez-vitin-e-kaluar-ndodhi-gjenocidi-me-i-keq-i-ketij-shekulli\\\/#breadcrumb\"},\"inLanguage\":\"en-US\",\"potentialAction\":[{\"@type\":\"ReadAction\",\"target\":[\"https:\\\/\\\/kosovatimes.info\\\/index.php\\\/2026\\\/04\\\/29\\\/vetem-brenda-pak-ditesh-u-vrane-70000-njerez-vitin-e-kaluar-ndodhi-gjenocidi-me-i-keq-i-ketij-shekulli\\\/\"]}]},{\"@type\":\"ImageObject\",\"inLanguage\":\"en-US\",\"@id\":\"https:\\\/\\\/kosovatimes.info\\\/index.php\\\/2026\\\/04\\\/29\\\/vetem-brenda-pak-ditesh-u-vrane-70000-njerez-vitin-e-kaluar-ndodhi-gjenocidi-me-i-keq-i-ketij-shekulli\\\/#primaryimage\",\"url\":\"https:\\\/\\\/kosovatimes.info\\\/wp-content\\\/uploads\\\/2026\\\/04\\\/sudan.avif\",\"contentUrl\":\"https:\\\/\\\/kosovatimes.info\\\/wp-content\\\/uploads\\\/2026\\\/04\\\/sudan.avif\",\"width\":1200,\"height\":816},{\"@type\":\"BreadcrumbList\",\"@id\":\"https:\\\/\\\/kosovatimes.info\\\/index.php\\\/2026\\\/04\\\/29\\\/vetem-brenda-pak-ditesh-u-vrane-70000-njerez-vitin-e-kaluar-ndodhi-gjenocidi-me-i-keq-i-ketij-shekulli\\\/#breadcrumb\",\"itemListElement\":[{\"@type\":\"ListItem\",\"position\":1,\"name\":\"Home\",\"item\":\"https:\\\/\\\/kosovatimes.info\\\/\"},{\"@type\":\"ListItem\",\"position\":2,\"name\":\"Vet\u00ebm brenda pak dit\u00ebsh, u vran\u00eb 70,000 njer\u00ebz: Vitin e kaluar ndodhi gjenocidi m\u00eb i keq i k\u00ebtij shekulli\"}]},{\"@type\":\"WebSite\",\"@id\":\"https:\\\/\\\/kosovatimes.info\\\/#website\",\"url\":\"https:\\\/\\\/kosovatimes.info\\\/\",\"name\":\"Kosova Times\",\"description\":\"\",\"potentialAction\":[{\"@type\":\"SearchAction\",\"target\":{\"@type\":\"EntryPoint\",\"urlTemplate\":\"https:\\\/\\\/kosovatimes.info\\\/?s={search_term_string}\"},\"query-input\":{\"@type\":\"PropertyValueSpecification\",\"valueRequired\":true,\"valueName\":\"search_term_string\"}}],\"inLanguage\":\"en-US\"},{\"@type\":\"Person\",\"@id\":\"https:\\\/\\\/kosovatimes.info\\\/#\\\/schema\\\/person\\\/7586712b9c512fe68085de007378c915\",\"name\":\"i l\",\"image\":{\"@type\":\"ImageObject\",\"inLanguage\":\"en-US\",\"@id\":\"https:\\\/\\\/secure.gravatar.com\\\/avatar\\\/bad9296e02816160ae2e2435beda58222022298d5625d49fea74d18816fbb31d?s=96&d=mm&r=g\",\"url\":\"https:\\\/\\\/secure.gravatar.com\\\/avatar\\\/bad9296e02816160ae2e2435beda58222022298d5625d49fea74d18816fbb31d?s=96&d=mm&r=g\",\"contentUrl\":\"https:\\\/\\\/secure.gravatar.com\\\/avatar\\\/bad9296e02816160ae2e2435beda58222022298d5625d49fea74d18816fbb31d?s=96&d=mm&r=g\",\"caption\":\"i l\"},\"url\":\"https:\\\/\\\/kosovatimes.info\\\/index.php\\\/author\\\/iliri\\\/\"}]}<\/script>\n<!-- \/ Yoast SEO plugin. -->","yoast_head_json":{"title":"Vet\u00ebm brenda pak dit\u00ebsh, u vran\u00eb 70,000 njer\u00ebz: Vitin e kaluar ndodhi gjenocidi m\u00eb i keq i k\u00ebtij shekulli - Kosova Times","robots":{"index":"index","follow":"follow","max-snippet":"max-snippet:-1","max-image-preview":"max-image-preview:large","max-video-preview":"max-video-preview:-1"},"canonical":"https:\/\/kosovatimes.info\/index.php\/2026\/04\/29\/vetem-brenda-pak-ditesh-u-vrane-70000-njerez-vitin-e-kaluar-ndodhi-gjenocidi-me-i-keq-i-ketij-shekulli\/","og_locale":"en_US","og_type":"article","og_title":"Vet\u00ebm brenda pak dit\u00ebsh, u vran\u00eb 70,000 njer\u00ebz: Vitin e kaluar ndodhi gjenocidi m\u00eb i keq i k\u00ebtij shekulli - Kosova Times","og_description":"Vet\u00ebm brenda pak dit\u00ebsh n\u00eb tetor t\u00eb vitit t\u00eb kaluar, n\u00eb Sudan u krye nj\u00eb masak\u00ebr masive e civil\u00ebve.Hasaina, nj\u00eb grua dyzet e pes\u00eb vje\u00e7are nga Sudani, rrotullon me nervoziz\u00ebm nj\u00eb unaz\u00eb q\u00eb gati sa nuk i bie nga gishti. Krah\u00ebt e saj jan\u00eb t\u00eb rraskapitur, pothuajse vet\u00ebm kocka dhe l\u00ebkur\u00eb, dhe plag\u00ebt q\u00eb mban [&hellip;]","og_url":"https:\/\/kosovatimes.info\/index.php\/2026\/04\/29\/vetem-brenda-pak-ditesh-u-vrane-70000-njerez-vitin-e-kaluar-ndodhi-gjenocidi-me-i-keq-i-ketij-shekulli\/","og_site_name":"Kosova Times","article_published_time":"2026-04-29T16:32:03+00:00","article_modified_time":"2026-04-29T16:32:06+00:00","author":"i l","twitter_card":"summary_large_image","twitter_misc":{"Written by":"i l","Est. reading time":"4 minutes"},"schema":{"@context":"https:\/\/schema.org","@graph":[{"@type":"Article","@id":"https:\/\/kosovatimes.info\/index.php\/2026\/04\/29\/vetem-brenda-pak-ditesh-u-vrane-70000-njerez-vitin-e-kaluar-ndodhi-gjenocidi-me-i-keq-i-ketij-shekulli\/#article","isPartOf":{"@id":"https:\/\/kosovatimes.info\/index.php\/2026\/04\/29\/vetem-brenda-pak-ditesh-u-vrane-70000-njerez-vitin-e-kaluar-ndodhi-gjenocidi-me-i-keq-i-ketij-shekulli\/"},"author":{"name":"i l","@id":"https:\/\/kosovatimes.info\/#\/schema\/person\/7586712b9c512fe68085de007378c915"},"headline":"Vet\u00ebm brenda pak dit\u00ebsh, u vran\u00eb 70,000 njer\u00ebz: Vitin e kaluar ndodhi gjenocidi m\u00eb i keq i k\u00ebtij shekulli","datePublished":"2026-04-29T16:32:03+00:00","dateModified":"2026-04-29T16:32:06+00:00","mainEntityOfPage":{"@id":"https:\/\/kosovatimes.info\/index.php\/2026\/04\/29\/vetem-brenda-pak-ditesh-u-vrane-70000-njerez-vitin-e-kaluar-ndodhi-gjenocidi-me-i-keq-i-ketij-shekulli\/"},"wordCount":874,"commentCount":0,"image":{"@id":"https:\/\/kosovatimes.info\/index.php\/2026\/04\/29\/vetem-brenda-pak-ditesh-u-vrane-70000-njerez-vitin-e-kaluar-ndodhi-gjenocidi-me-i-keq-i-ketij-shekulli\/#primaryimage"},"thumbnailUrl":"https:\/\/kosovatimes.info\/wp-content\/uploads\/2026\/04\/sudan.avif","articleSection":["Bot\u00eb","Lajme"],"inLanguage":"en-US","potentialAction":[{"@type":"CommentAction","name":"Comment","target":["https:\/\/kosovatimes.info\/index.php\/2026\/04\/29\/vetem-brenda-pak-ditesh-u-vrane-70000-njerez-vitin-e-kaluar-ndodhi-gjenocidi-me-i-keq-i-ketij-shekulli\/#respond"]}]},{"@type":"WebPage","@id":"https:\/\/kosovatimes.info\/index.php\/2026\/04\/29\/vetem-brenda-pak-ditesh-u-vrane-70000-njerez-vitin-e-kaluar-ndodhi-gjenocidi-me-i-keq-i-ketij-shekulli\/","url":"https:\/\/kosovatimes.info\/index.php\/2026\/04\/29\/vetem-brenda-pak-ditesh-u-vrane-70000-njerez-vitin-e-kaluar-ndodhi-gjenocidi-me-i-keq-i-ketij-shekulli\/","name":"Vet\u00ebm brenda pak dit\u00ebsh, u vran\u00eb 70,000 njer\u00ebz: Vitin e kaluar ndodhi gjenocidi m\u00eb i keq i k\u00ebtij shekulli - Kosova Times","isPartOf":{"@id":"https:\/\/kosovatimes.info\/#website"},"primaryImageOfPage":{"@id":"https:\/\/kosovatimes.info\/index.php\/2026\/04\/29\/vetem-brenda-pak-ditesh-u-vrane-70000-njerez-vitin-e-kaluar-ndodhi-gjenocidi-me-i-keq-i-ketij-shekulli\/#primaryimage"},"image":{"@id":"https:\/\/kosovatimes.info\/index.php\/2026\/04\/29\/vetem-brenda-pak-ditesh-u-vrane-70000-njerez-vitin-e-kaluar-ndodhi-gjenocidi-me-i-keq-i-ketij-shekulli\/#primaryimage"},"thumbnailUrl":"https:\/\/kosovatimes.info\/wp-content\/uploads\/2026\/04\/sudan.avif","datePublished":"2026-04-29T16:32:03+00:00","dateModified":"2026-04-29T16:32:06+00:00","author":{"@id":"https:\/\/kosovatimes.info\/#\/schema\/person\/7586712b9c512fe68085de007378c915"},"breadcrumb":{"@id":"https:\/\/kosovatimes.info\/index.php\/2026\/04\/29\/vetem-brenda-pak-ditesh-u-vrane-70000-njerez-vitin-e-kaluar-ndodhi-gjenocidi-me-i-keq-i-ketij-shekulli\/#breadcrumb"},"inLanguage":"en-US","potentialAction":[{"@type":"ReadAction","target":["https:\/\/kosovatimes.info\/index.php\/2026\/04\/29\/vetem-brenda-pak-ditesh-u-vrane-70000-njerez-vitin-e-kaluar-ndodhi-gjenocidi-me-i-keq-i-ketij-shekulli\/"]}]},{"@type":"ImageObject","inLanguage":"en-US","@id":"https:\/\/kosovatimes.info\/index.php\/2026\/04\/29\/vetem-brenda-pak-ditesh-u-vrane-70000-njerez-vitin-e-kaluar-ndodhi-gjenocidi-me-i-keq-i-ketij-shekulli\/#primaryimage","url":"https:\/\/kosovatimes.info\/wp-content\/uploads\/2026\/04\/sudan.avif","contentUrl":"https:\/\/kosovatimes.info\/wp-content\/uploads\/2026\/04\/sudan.avif","width":1200,"height":816},{"@type":"BreadcrumbList","@id":"https:\/\/kosovatimes.info\/index.php\/2026\/04\/29\/vetem-brenda-pak-ditesh-u-vrane-70000-njerez-vitin-e-kaluar-ndodhi-gjenocidi-me-i-keq-i-ketij-shekulli\/#breadcrumb","itemListElement":[{"@type":"ListItem","position":1,"name":"Home","item":"https:\/\/kosovatimes.info\/"},{"@type":"ListItem","position":2,"name":"Vet\u00ebm brenda pak dit\u00ebsh, u vran\u00eb 70,000 njer\u00ebz: Vitin e kaluar ndodhi gjenocidi m\u00eb i keq i k\u00ebtij shekulli"}]},{"@type":"WebSite","@id":"https:\/\/kosovatimes.info\/#website","url":"https:\/\/kosovatimes.info\/","name":"Kosova Times","description":"","potentialAction":[{"@type":"SearchAction","target":{"@type":"EntryPoint","urlTemplate":"https:\/\/kosovatimes.info\/?s={search_term_string}"},"query-input":{"@type":"PropertyValueSpecification","valueRequired":true,"valueName":"search_term_string"}}],"inLanguage":"en-US"},{"@type":"Person","@id":"https:\/\/kosovatimes.info\/#\/schema\/person\/7586712b9c512fe68085de007378c915","name":"i l","image":{"@type":"ImageObject","inLanguage":"en-US","@id":"https:\/\/secure.gravatar.com\/avatar\/bad9296e02816160ae2e2435beda58222022298d5625d49fea74d18816fbb31d?s=96&d=mm&r=g","url":"https:\/\/secure.gravatar.com\/avatar\/bad9296e02816160ae2e2435beda58222022298d5625d49fea74d18816fbb31d?s=96&d=mm&r=g","contentUrl":"https:\/\/secure.gravatar.com\/avatar\/bad9296e02816160ae2e2435beda58222022298d5625d49fea74d18816fbb31d?s=96&d=mm&r=g","caption":"i l"},"url":"https:\/\/kosovatimes.info\/index.php\/author\/iliri\/"}]}},"_links":{"self":[{"href":"https:\/\/kosovatimes.info\/index.php\/wp-json\/wp\/v2\/posts\/12530","targetHints":{"allow":["GET"]}}],"collection":[{"href":"https:\/\/kosovatimes.info\/index.php\/wp-json\/wp\/v2\/posts"}],"about":[{"href":"https:\/\/kosovatimes.info\/index.php\/wp-json\/wp\/v2\/types\/post"}],"author":[{"embeddable":true,"href":"https:\/\/kosovatimes.info\/index.php\/wp-json\/wp\/v2\/users\/4"}],"replies":[{"embeddable":true,"href":"https:\/\/kosovatimes.info\/index.php\/wp-json\/wp\/v2\/comments?post=12530"}],"version-history":[{"count":1,"href":"https:\/\/kosovatimes.info\/index.php\/wp-json\/wp\/v2\/posts\/12530\/revisions"}],"predecessor-version":[{"id":12532,"href":"https:\/\/kosovatimes.info\/index.php\/wp-json\/wp\/v2\/posts\/12530\/revisions\/12532"}],"wp:featuredmedia":[{"embeddable":true,"href":"https:\/\/kosovatimes.info\/index.php\/wp-json\/wp\/v2\/media\/12531"}],"wp:attachment":[{"href":"https:\/\/kosovatimes.info\/index.php\/wp-json\/wp\/v2\/media?parent=12530"}],"wp:term":[{"taxonomy":"category","embeddable":true,"href":"https:\/\/kosovatimes.info\/index.php\/wp-json\/wp\/v2\/categories?post=12530"},{"taxonomy":"post_tag","embeddable":true,"href":"https:\/\/kosovatimes.info\/index.php\/wp-json\/wp\/v2\/tags?post=12530"}],"curies":[{"name":"wp","href":"https:\/\/api.w.org\/{rel}","templated":true}]}}