{"id":12561,"date":"2026-04-29T23:15:23","date_gmt":"2026-04-29T21:15:23","guid":{"rendered":"https:\/\/kosovatimes.info\/?p=12561"},"modified":"2026-04-29T23:23:24","modified_gmt":"2026-04-29T21:23:24","slug":"ky-plazh-evropian-u-shpall-me-i-miri-ne-vitin-2026-lista-perfshinte-edhe-gjashte-nga-rajoni","status":"publish","type":"post","link":"https:\/\/kosovatimes.info\/index.php\/2026\/04\/29\/ky-plazh-evropian-u-shpall-me-i-miri-ne-vitin-2026-lista-perfshinte-edhe-gjashte-nga-rajoni\/","title":{"rendered":"Ky plazh evropian u shpall m\u00eb i miri n\u00eb vitin 2026, lista p\u00ebrfshinte edhe gjasht\u00eb nga rajoni"},"content":{"rendered":"\n<p>Ky plazh evropian u shpall m\u00eb i miri n\u00eb vitin 2026, lista p\u00ebrfshinte edhe gjasht\u00eb nga rajoni.<\/p>\n\n\n\n<p><strong>Antalya, Turqi:<\/strong> Renditet vazhdimisht lart p\u00ebr shkak t\u00eb resorteve &#8220;all-inclusive&#8221; dhe vij\u00ebs bregdetare me r\u00ebr\u00eb t\u00eb art\u00eb.<\/p>\n\n\n\n<p><strong>Algarve, Portugali (Praia da Fal\u00e9sia):<\/strong> Shpesh n\u00eb vendet e para p\u00ebr shkak t\u00eb peizazhit dramatik me shk\u00ebmbinj t\u00eb kuq dhe past\u00ebrtis\u00eb s\u00eb lart\u00eb.<\/p>\n\n\n\n<p><strong>Kret\u00eb, Greqi (Elafonissi):<\/strong> I famsh\u00ebm p\u00ebr r\u00ebr\u00ebn e tij roz\u00eb dhe uj\u00ebrat e cek\u00ebta, duke u konsideruar si nj\u00eb nga destinacionet m\u00eb ekonomike greke.<\/p>\n\n\n\n<p><strong>Costa del Sol, Spanj\u00eb:<\/strong> Nj\u00eb favorit i hersh\u00ebm p\u00ebr aksesueshm\u00ebrin\u00eb dhe numrin e madh t\u00eb aktiviteteve.<\/p>\n\n\n\n<p>Shpesh i p\u00ebrshkruar si sekreti m\u00eb i mir\u00ebmbajtur i Greqis\u00eb, Fteri mundi disa plazhe t\u00eb njohura n\u00eb Greqi, duke p\u00ebrfshir\u00eb Porto Katsiki, Porto Timoni dhe Voutoumi, t\u00eb cilat u rendit\u00ebn p\u00ebrkat\u00ebsisht n\u00eb vendin e pest\u00eb, t\u00eb n\u00ebnt\u00eb dhe t\u00eb 22-t\u00eb, sipas Plazheve m\u00eb t\u00eb Mira n\u00eb Bot\u00eb.<\/p>\n\n\n\n<p>\u00c7mimet, t\u00eb cilat jan\u00eb pjes\u00eb e list\u00ebs vjetore t\u00eb 50 plazheve m\u00eb t\u00eb mira n\u00eb bot\u00eb, jepen nga m\u00eb shum\u00eb se 1,000 ekspert\u00eb t\u00eb turizmit, disa prej t\u00eb cil\u00ebve kan\u00eb vizituar \u00e7do vend t\u00eb bot\u00ebs.<\/p>\n\n\n\n<p>Plazhet vler\u00ebsohen bazuar n\u00eb kritere t\u00eb caktuara, duke p\u00ebrfshir\u00eb ve\u00e7antin\u00eb, jet\u00ebn e eg\u00ebr, natyr\u00ebn e paprekur, zhurm\u00ebn natyrore, leht\u00ebsin\u00eb e hyrjes n\u00eb uj\u00eb, nivelin e turm\u00ebs dhe mund\u00ebsin\u00eb e nj\u00eb &#8220;dite perfekte n\u00eb plazh&#8221;.<\/p>\n\n\n\n<p>Ekspert\u00ebt nxor\u00ebn n\u00eb pah detin kristalor t\u00eb bruzt\u00eb t\u00eb Fterit dhe shk\u00ebmbinjt\u00eb madh\u00ebshtor\u00eb t\u00eb bardh\u00eb q\u00eb rrethojn\u00eb plazhin me guralec\u00eb t\u00eb bardh\u00eb.<\/p>\n\n\n\n<p>P\u00ebr t\u00eb arritur n\u00eb k\u00ebt\u00eb cep t\u00eb parajs\u00ebs, duhet t\u00eb vini me vark\u00eb ose n\u00eb k\u00ebmb\u00eb, dhe izolimi i saj e dallon at\u00eb nga destinacionet tipike turistike. Ngjitja n\u00eb plazh \u00ebsht\u00eb e pjerr\u00ebt dhe zgjat rreth 40 minuta, me tabela q\u00eb t\u00eb \u00e7ojn\u00eb n\u00eb destinacion, prandaj rekomandohet t\u00eb vishni atlete n\u00eb vend t\u00eb shapkave.Plazhet nga rajoni gjithashtu u p\u00ebrfshin\u00eb n\u00eb list\u00eb. Nga Kroacia, Podra\u010de \u00ebsht\u00eb n\u00eb vendin e 14-t\u00eb, Pasja\u010da n\u00eb vendin e 32-t\u00eb, Zlatni rat n\u00eb vendin e 37-t\u00eb, Punta Rata n\u00eb vendin e 39-t\u00eb dhe Sakarun n\u00eb vendin e 42-t\u00eb, nd\u00ebrsa nga Mali i Zi, plazhi Jaz \u00ebsht\u00eb n\u00eb list\u00eb n\u00eb vendin e 35-t\u00eb.<\/p>\n\n\n\n<p>Plazhi m\u00eb i mir\u00eb evropian t\u00ebrhoqi v\u00ebmendjen edhe p\u00ebr faktin se ndodhet n\u00eb Kefalonia, nj\u00eb ishull q\u00eb s\u00eb fundmi u shpall m\u00eb i liri n\u00eb Greqi.<\/p>\n\n\n\n<p>Nje hulumtim \u00a0nga TravelSupermarket tregoi se pushimet n\u00eb Kefalonia kushtojn\u00eb m\u00eb pak se n\u00eb Kret\u00eb, Korfuz ose Mykonos.<\/p>\n\n\n\n<p>Sipas t\u00eb dh\u00ebnave t\u00eb hulumtimit, nj\u00eb udh\u00ebtim nj\u00ebjavor n\u00eb k\u00ebt\u00eb ishull kushton mesatarisht 695 euro p\u00ebr person, bazuar n\u00eb \u00e7mimet p\u00ebr q\u00ebndrimet midis shtatorit 2025 dhe marsit 2026. P\u00ebr krahasim, kostoja mesatare e pushimeve n\u00eb Kret\u00eb \u00ebsht\u00eb af\u00ebrsisht 900 euro, nd\u00ebrsa n\u00eb Korfuz arrin n\u00eb 960 euro.<\/p>\n\n\n\n<p>Edhe pse \u00ebsht\u00eb nj\u00eb zon\u00eb e vog\u00ebl, Kefalonia po t\u00ebrheq gjithnj\u00eb e m\u00eb shum\u00eb turist\u00eb q\u00eb duan t\u00eb shmangin destinacionet m\u00eb t\u00eb vizituara, dhe vizitat n\u00eb muajt e pranver\u00ebs sjellin m\u00eb shum\u00eb qet\u00ebsi dhe m\u00eb pak turma.<\/p>\n","protected":false},"excerpt":{"rendered":"<p>Ky plazh evropian u shpall m\u00eb i miri n\u00eb vitin 2026, lista p\u00ebrfshinte edhe gjasht\u00eb nga rajoni. Antalya, Turqi: Renditet vazhdimisht lart p\u00ebr shkak t\u00eb resorteve &#8220;all-inclusive&#8221; dhe vij\u00ebs bregdetare me r\u00ebr\u00eb t\u00eb art\u00eb. Algarve, Portugali (Praia da Fal\u00e9sia): Shpesh n\u00eb vendet e para p\u00ebr shkak t\u00eb peizazhit dramatik me shk\u00ebmbinj t\u00eb kuq dhe past\u00ebrtis\u00eb [&hellip;]<\/p>\n","protected":false},"author":4,"featured_media":12562,"comment_status":"open","ping_status":"open","sticky":false,"template":"","format":"standard","meta":{"footnotes":""},"categories":[43],"tags":[],"class_list":{"0":"post-12561","1":"post","2":"type-post","3":"status-publish","4":"format-standard","5":"has-post-thumbnail","7":"category-turizem"},"yoast_head":"<!-- This site is optimized with the Yoast SEO plugin v27.4 - https:\/\/yoast.com\/product\/yoast-seo-wordpress\/ -->\n<title>Ky plazh evropian u shpall m\u00eb i miri n\u00eb vitin 2026, lista p\u00ebrfshinte edhe gjasht\u00eb nga rajoni - Kosova Times<\/title>\n<meta name=\"robots\" content=\"index, follow, max-snippet:-1, max-image-preview:large, max-video-preview:-1\" \/>\n<link rel=\"canonical\" href=\"https:\/\/kosovatimes.info\/index.php\/2026\/04\/29\/ky-plazh-evropian-u-shpall-me-i-miri-ne-vitin-2026-lista-perfshinte-edhe-gjashte-nga-rajoni\/\" \/>\n<meta property=\"og:locale\" content=\"en_US\" \/>\n<meta property=\"og:type\" content=\"article\" \/>\n<meta property=\"og:title\" content=\"Ky plazh evropian u shpall m\u00eb i miri n\u00eb vitin 2026, lista p\u00ebrfshinte edhe gjasht\u00eb nga rajoni - Kosova Times\" \/>\n<meta property=\"og:description\" content=\"Ky plazh evropian u shpall m\u00eb i miri n\u00eb vitin 2026, lista p\u00ebrfshinte edhe gjasht\u00eb nga rajoni. Antalya, Turqi: Renditet vazhdimisht lart p\u00ebr shkak t\u00eb resorteve &#8220;all-inclusive&#8221; dhe vij\u00ebs bregdetare me r\u00ebr\u00eb t\u00eb art\u00eb. Algarve, Portugali (Praia da Fal\u00e9sia): Shpesh n\u00eb vendet e para p\u00ebr shkak t\u00eb peizazhit dramatik me shk\u00ebmbinj t\u00eb kuq dhe past\u00ebrtis\u00eb [&hellip;]\" \/>\n<meta property=\"og:url\" content=\"https:\/\/kosovatimes.info\/index.php\/2026\/04\/29\/ky-plazh-evropian-u-shpall-me-i-miri-ne-vitin-2026-lista-perfshinte-edhe-gjashte-nga-rajoni\/\" \/>\n<meta property=\"og:site_name\" content=\"Kosova Times\" \/>\n<meta property=\"article:published_time\" content=\"2026-04-29T21:15:23+00:00\" \/>\n<meta property=\"article:modified_time\" content=\"2026-04-29T21:23:24+00:00\" \/>\n<meta property=\"og:image\" content=\"https:\/\/kosovatimes.info\/wp-content\/uploads\/2026\/04\/fteri.webp\" \/>\n\t<meta property=\"og:image:width\" content=\"800\" \/>\n\t<meta property=\"og:image:height\" content=\"533\" \/>\n\t<meta property=\"og:image:type\" content=\"image\/webp\" \/>\n<meta name=\"author\" content=\"i l\" \/>\n<meta name=\"twitter:card\" content=\"summary_large_image\" \/>\n<meta name=\"twitter:label1\" content=\"Written by\" \/>\n\t<meta name=\"twitter:data1\" content=\"i l\" \/>\n\t<meta name=\"twitter:label2\" content=\"Est. reading time\" \/>\n\t<meta name=\"twitter:data2\" content=\"2 minutes\" \/>\n<script type=\"application\/ld+json\" class=\"yoast-schema-graph\">{\"@context\":\"https:\\\/\\\/schema.org\",\"@graph\":[{\"@type\":\"Article\",\"@id\":\"https:\\\/\\\/kosovatimes.info\\\/index.php\\\/2026\\\/04\\\/29\\\/ky-plazh-evropian-u-shpall-me-i-miri-ne-vitin-2026-lista-perfshinte-edhe-gjashte-nga-rajoni\\\/#article\",\"isPartOf\":{\"@id\":\"https:\\\/\\\/kosovatimes.info\\\/index.php\\\/2026\\\/04\\\/29\\\/ky-plazh-evropian-u-shpall-me-i-miri-ne-vitin-2026-lista-perfshinte-edhe-gjashte-nga-rajoni\\\/\"},\"author\":{\"name\":\"i l\",\"@id\":\"https:\\\/\\\/kosovatimes.info\\\/#\\\/schema\\\/person\\\/7586712b9c512fe68085de007378c915\"},\"headline\":\"Ky plazh evropian u shpall m\u00eb i miri n\u00eb vitin 2026, lista p\u00ebrfshinte edhe gjasht\u00eb nga rajoni\",\"datePublished\":\"2026-04-29T21:15:23+00:00\",\"dateModified\":\"2026-04-29T21:23:24+00:00\",\"mainEntityOfPage\":{\"@id\":\"https:\\\/\\\/kosovatimes.info\\\/index.php\\\/2026\\\/04\\\/29\\\/ky-plazh-evropian-u-shpall-me-i-miri-ne-vitin-2026-lista-perfshinte-edhe-gjashte-nga-rajoni\\\/\"},\"wordCount\":545,\"commentCount\":0,\"image\":{\"@id\":\"https:\\\/\\\/kosovatimes.info\\\/index.php\\\/2026\\\/04\\\/29\\\/ky-plazh-evropian-u-shpall-me-i-miri-ne-vitin-2026-lista-perfshinte-edhe-gjashte-nga-rajoni\\\/#primaryimage\"},\"thumbnailUrl\":\"https:\\\/\\\/kosovatimes.info\\\/wp-content\\\/uploads\\\/2026\\\/04\\\/fteri.webp\",\"articleSection\":[\"Turiz\u00ebm\"],\"inLanguage\":\"en-US\",\"potentialAction\":[{\"@type\":\"CommentAction\",\"name\":\"Comment\",\"target\":[\"https:\\\/\\\/kosovatimes.info\\\/index.php\\\/2026\\\/04\\\/29\\\/ky-plazh-evropian-u-shpall-me-i-miri-ne-vitin-2026-lista-perfshinte-edhe-gjashte-nga-rajoni\\\/#respond\"]}]},{\"@type\":\"WebPage\",\"@id\":\"https:\\\/\\\/kosovatimes.info\\\/index.php\\\/2026\\\/04\\\/29\\\/ky-plazh-evropian-u-shpall-me-i-miri-ne-vitin-2026-lista-perfshinte-edhe-gjashte-nga-rajoni\\\/\",\"url\":\"https:\\\/\\\/kosovatimes.info\\\/index.php\\\/2026\\\/04\\\/29\\\/ky-plazh-evropian-u-shpall-me-i-miri-ne-vitin-2026-lista-perfshinte-edhe-gjashte-nga-rajoni\\\/\",\"name\":\"Ky plazh evropian u shpall m\u00eb i miri n\u00eb vitin 2026, lista p\u00ebrfshinte edhe gjasht\u00eb nga rajoni - Kosova Times\",\"isPartOf\":{\"@id\":\"https:\\\/\\\/kosovatimes.info\\\/#website\"},\"primaryImageOfPage\":{\"@id\":\"https:\\\/\\\/kosovatimes.info\\\/index.php\\\/2026\\\/04\\\/29\\\/ky-plazh-evropian-u-shpall-me-i-miri-ne-vitin-2026-lista-perfshinte-edhe-gjashte-nga-rajoni\\\/#primaryimage\"},\"image\":{\"@id\":\"https:\\\/\\\/kosovatimes.info\\\/index.php\\\/2026\\\/04\\\/29\\\/ky-plazh-evropian-u-shpall-me-i-miri-ne-vitin-2026-lista-perfshinte-edhe-gjashte-nga-rajoni\\\/#primaryimage\"},\"thumbnailUrl\":\"https:\\\/\\\/kosovatimes.info\\\/wp-content\\\/uploads\\\/2026\\\/04\\\/fteri.webp\",\"datePublished\":\"2026-04-29T21:15:23+00:00\",\"dateModified\":\"2026-04-29T21:23:24+00:00\",\"author\":{\"@id\":\"https:\\\/\\\/kosovatimes.info\\\/#\\\/schema\\\/person\\\/7586712b9c512fe68085de007378c915\"},\"breadcrumb\":{\"@id\":\"https:\\\/\\\/kosovatimes.info\\\/index.php\\\/2026\\\/04\\\/29\\\/ky-plazh-evropian-u-shpall-me-i-miri-ne-vitin-2026-lista-perfshinte-edhe-gjashte-nga-rajoni\\\/#breadcrumb\"},\"inLanguage\":\"en-US\",\"potentialAction\":[{\"@type\":\"ReadAction\",\"target\":[\"https:\\\/\\\/kosovatimes.info\\\/index.php\\\/2026\\\/04\\\/29\\\/ky-plazh-evropian-u-shpall-me-i-miri-ne-vitin-2026-lista-perfshinte-edhe-gjashte-nga-rajoni\\\/\"]}]},{\"@type\":\"ImageObject\",\"inLanguage\":\"en-US\",\"@id\":\"https:\\\/\\\/kosovatimes.info\\\/index.php\\\/2026\\\/04\\\/29\\\/ky-plazh-evropian-u-shpall-me-i-miri-ne-vitin-2026-lista-perfshinte-edhe-gjashte-nga-rajoni\\\/#primaryimage\",\"url\":\"https:\\\/\\\/kosovatimes.info\\\/wp-content\\\/uploads\\\/2026\\\/04\\\/fteri.webp\",\"contentUrl\":\"https:\\\/\\\/kosovatimes.info\\\/wp-content\\\/uploads\\\/2026\\\/04\\\/fteri.webp\",\"width\":800,\"height\":533},{\"@type\":\"BreadcrumbList\",\"@id\":\"https:\\\/\\\/kosovatimes.info\\\/index.php\\\/2026\\\/04\\\/29\\\/ky-plazh-evropian-u-shpall-me-i-miri-ne-vitin-2026-lista-perfshinte-edhe-gjashte-nga-rajoni\\\/#breadcrumb\",\"itemListElement\":[{\"@type\":\"ListItem\",\"position\":1,\"name\":\"Home\",\"item\":\"https:\\\/\\\/kosovatimes.info\\\/\"},{\"@type\":\"ListItem\",\"position\":2,\"name\":\"Ky plazh evropian u shpall m\u00eb i miri n\u00eb vitin 2026, lista p\u00ebrfshinte edhe gjasht\u00eb nga rajoni\"}]},{\"@type\":\"WebSite\",\"@id\":\"https:\\\/\\\/kosovatimes.info\\\/#website\",\"url\":\"https:\\\/\\\/kosovatimes.info\\\/\",\"name\":\"Kosova Times\",\"description\":\"\",\"potentialAction\":[{\"@type\":\"SearchAction\",\"target\":{\"@type\":\"EntryPoint\",\"urlTemplate\":\"https:\\\/\\\/kosovatimes.info\\\/?s={search_term_string}\"},\"query-input\":{\"@type\":\"PropertyValueSpecification\",\"valueRequired\":true,\"valueName\":\"search_term_string\"}}],\"inLanguage\":\"en-US\"},{\"@type\":\"Person\",\"@id\":\"https:\\\/\\\/kosovatimes.info\\\/#\\\/schema\\\/person\\\/7586712b9c512fe68085de007378c915\",\"name\":\"i l\",\"image\":{\"@type\":\"ImageObject\",\"inLanguage\":\"en-US\",\"@id\":\"https:\\\/\\\/secure.gravatar.com\\\/avatar\\\/bad9296e02816160ae2e2435beda58222022298d5625d49fea74d18816fbb31d?s=96&d=mm&r=g\",\"url\":\"https:\\\/\\\/secure.gravatar.com\\\/avatar\\\/bad9296e02816160ae2e2435beda58222022298d5625d49fea74d18816fbb31d?s=96&d=mm&r=g\",\"contentUrl\":\"https:\\\/\\\/secure.gravatar.com\\\/avatar\\\/bad9296e02816160ae2e2435beda58222022298d5625d49fea74d18816fbb31d?s=96&d=mm&r=g\",\"caption\":\"i l\"},\"url\":\"https:\\\/\\\/kosovatimes.info\\\/index.php\\\/author\\\/iliri\\\/\"}]}<\/script>\n<!-- \/ Yoast SEO plugin. -->","yoast_head_json":{"title":"Ky plazh evropian u shpall m\u00eb i miri n\u00eb vitin 2026, lista p\u00ebrfshinte edhe gjasht\u00eb nga rajoni - Kosova Times","robots":{"index":"index","follow":"follow","max-snippet":"max-snippet:-1","max-image-preview":"max-image-preview:large","max-video-preview":"max-video-preview:-1"},"canonical":"https:\/\/kosovatimes.info\/index.php\/2026\/04\/29\/ky-plazh-evropian-u-shpall-me-i-miri-ne-vitin-2026-lista-perfshinte-edhe-gjashte-nga-rajoni\/","og_locale":"en_US","og_type":"article","og_title":"Ky plazh evropian u shpall m\u00eb i miri n\u00eb vitin 2026, lista p\u00ebrfshinte edhe gjasht\u00eb nga rajoni - Kosova Times","og_description":"Ky plazh evropian u shpall m\u00eb i miri n\u00eb vitin 2026, lista p\u00ebrfshinte edhe gjasht\u00eb nga rajoni. Antalya, Turqi: Renditet vazhdimisht lart p\u00ebr shkak t\u00eb resorteve &#8220;all-inclusive&#8221; dhe vij\u00ebs bregdetare me r\u00ebr\u00eb t\u00eb art\u00eb. Algarve, Portugali (Praia da Fal\u00e9sia): Shpesh n\u00eb vendet e para p\u00ebr shkak t\u00eb peizazhit dramatik me shk\u00ebmbinj t\u00eb kuq dhe past\u00ebrtis\u00eb [&hellip;]","og_url":"https:\/\/kosovatimes.info\/index.php\/2026\/04\/29\/ky-plazh-evropian-u-shpall-me-i-miri-ne-vitin-2026-lista-perfshinte-edhe-gjashte-nga-rajoni\/","og_site_name":"Kosova Times","article_published_time":"2026-04-29T21:15:23+00:00","article_modified_time":"2026-04-29T21:23:24+00:00","og_image":[{"width":800,"height":533,"url":"https:\/\/kosovatimes.info\/wp-content\/uploads\/2026\/04\/fteri.webp","type":"image\/webp"}],"author":"i l","twitter_card":"summary_large_image","twitter_misc":{"Written by":"i l","Est. reading time":"2 minutes"},"schema":{"@context":"https:\/\/schema.org","@graph":[{"@type":"Article","@id":"https:\/\/kosovatimes.info\/index.php\/2026\/04\/29\/ky-plazh-evropian-u-shpall-me-i-miri-ne-vitin-2026-lista-perfshinte-edhe-gjashte-nga-rajoni\/#article","isPartOf":{"@id":"https:\/\/kosovatimes.info\/index.php\/2026\/04\/29\/ky-plazh-evropian-u-shpall-me-i-miri-ne-vitin-2026-lista-perfshinte-edhe-gjashte-nga-rajoni\/"},"author":{"name":"i l","@id":"https:\/\/kosovatimes.info\/#\/schema\/person\/7586712b9c512fe68085de007378c915"},"headline":"Ky plazh evropian u shpall m\u00eb i miri n\u00eb vitin 2026, lista p\u00ebrfshinte edhe gjasht\u00eb nga rajoni","datePublished":"2026-04-29T21:15:23+00:00","dateModified":"2026-04-29T21:23:24+00:00","mainEntityOfPage":{"@id":"https:\/\/kosovatimes.info\/index.php\/2026\/04\/29\/ky-plazh-evropian-u-shpall-me-i-miri-ne-vitin-2026-lista-perfshinte-edhe-gjashte-nga-rajoni\/"},"wordCount":545,"commentCount":0,"image":{"@id":"https:\/\/kosovatimes.info\/index.php\/2026\/04\/29\/ky-plazh-evropian-u-shpall-me-i-miri-ne-vitin-2026-lista-perfshinte-edhe-gjashte-nga-rajoni\/#primaryimage"},"thumbnailUrl":"https:\/\/kosovatimes.info\/wp-content\/uploads\/2026\/04\/fteri.webp","articleSection":["Turiz\u00ebm"],"inLanguage":"en-US","potentialAction":[{"@type":"CommentAction","name":"Comment","target":["https:\/\/kosovatimes.info\/index.php\/2026\/04\/29\/ky-plazh-evropian-u-shpall-me-i-miri-ne-vitin-2026-lista-perfshinte-edhe-gjashte-nga-rajoni\/#respond"]}]},{"@type":"WebPage","@id":"https:\/\/kosovatimes.info\/index.php\/2026\/04\/29\/ky-plazh-evropian-u-shpall-me-i-miri-ne-vitin-2026-lista-perfshinte-edhe-gjashte-nga-rajoni\/","url":"https:\/\/kosovatimes.info\/index.php\/2026\/04\/29\/ky-plazh-evropian-u-shpall-me-i-miri-ne-vitin-2026-lista-perfshinte-edhe-gjashte-nga-rajoni\/","name":"Ky plazh evropian u shpall m\u00eb i miri n\u00eb vitin 2026, lista p\u00ebrfshinte edhe gjasht\u00eb nga rajoni - Kosova Times","isPartOf":{"@id":"https:\/\/kosovatimes.info\/#website"},"primaryImageOfPage":{"@id":"https:\/\/kosovatimes.info\/index.php\/2026\/04\/29\/ky-plazh-evropian-u-shpall-me-i-miri-ne-vitin-2026-lista-perfshinte-edhe-gjashte-nga-rajoni\/#primaryimage"},"image":{"@id":"https:\/\/kosovatimes.info\/index.php\/2026\/04\/29\/ky-plazh-evropian-u-shpall-me-i-miri-ne-vitin-2026-lista-perfshinte-edhe-gjashte-nga-rajoni\/#primaryimage"},"thumbnailUrl":"https:\/\/kosovatimes.info\/wp-content\/uploads\/2026\/04\/fteri.webp","datePublished":"2026-04-29T21:15:23+00:00","dateModified":"2026-04-29T21:23:24+00:00","author":{"@id":"https:\/\/kosovatimes.info\/#\/schema\/person\/7586712b9c512fe68085de007378c915"},"breadcrumb":{"@id":"https:\/\/kosovatimes.info\/index.php\/2026\/04\/29\/ky-plazh-evropian-u-shpall-me-i-miri-ne-vitin-2026-lista-perfshinte-edhe-gjashte-nga-rajoni\/#breadcrumb"},"inLanguage":"en-US","potentialAction":[{"@type":"ReadAction","target":["https:\/\/kosovatimes.info\/index.php\/2026\/04\/29\/ky-plazh-evropian-u-shpall-me-i-miri-ne-vitin-2026-lista-perfshinte-edhe-gjashte-nga-rajoni\/"]}]},{"@type":"ImageObject","inLanguage":"en-US","@id":"https:\/\/kosovatimes.info\/index.php\/2026\/04\/29\/ky-plazh-evropian-u-shpall-me-i-miri-ne-vitin-2026-lista-perfshinte-edhe-gjashte-nga-rajoni\/#primaryimage","url":"https:\/\/kosovatimes.info\/wp-content\/uploads\/2026\/04\/fteri.webp","contentUrl":"https:\/\/kosovatimes.info\/wp-content\/uploads\/2026\/04\/fteri.webp","width":800,"height":533},{"@type":"BreadcrumbList","@id":"https:\/\/kosovatimes.info\/index.php\/2026\/04\/29\/ky-plazh-evropian-u-shpall-me-i-miri-ne-vitin-2026-lista-perfshinte-edhe-gjashte-nga-rajoni\/#breadcrumb","itemListElement":[{"@type":"ListItem","position":1,"name":"Home","item":"https:\/\/kosovatimes.info\/"},{"@type":"ListItem","position":2,"name":"Ky plazh evropian u shpall m\u00eb i miri n\u00eb vitin 2026, lista p\u00ebrfshinte edhe gjasht\u00eb nga rajoni"}]},{"@type":"WebSite","@id":"https:\/\/kosovatimes.info\/#website","url":"https:\/\/kosovatimes.info\/","name":"Kosova Times","description":"","potentialAction":[{"@type":"SearchAction","target":{"@type":"EntryPoint","urlTemplate":"https:\/\/kosovatimes.info\/?s={search_term_string}"},"query-input":{"@type":"PropertyValueSpecification","valueRequired":true,"valueName":"search_term_string"}}],"inLanguage":"en-US"},{"@type":"Person","@id":"https:\/\/kosovatimes.info\/#\/schema\/person\/7586712b9c512fe68085de007378c915","name":"i l","image":{"@type":"ImageObject","inLanguage":"en-US","@id":"https:\/\/secure.gravatar.com\/avatar\/bad9296e02816160ae2e2435beda58222022298d5625d49fea74d18816fbb31d?s=96&d=mm&r=g","url":"https:\/\/secure.gravatar.com\/avatar\/bad9296e02816160ae2e2435beda58222022298d5625d49fea74d18816fbb31d?s=96&d=mm&r=g","contentUrl":"https:\/\/secure.gravatar.com\/avatar\/bad9296e02816160ae2e2435beda58222022298d5625d49fea74d18816fbb31d?s=96&d=mm&r=g","caption":"i l"},"url":"https:\/\/kosovatimes.info\/index.php\/author\/iliri\/"}]}},"_links":{"self":[{"href":"https:\/\/kosovatimes.info\/index.php\/wp-json\/wp\/v2\/posts\/12561","targetHints":{"allow":["GET"]}}],"collection":[{"href":"https:\/\/kosovatimes.info\/index.php\/wp-json\/wp\/v2\/posts"}],"about":[{"href":"https:\/\/kosovatimes.info\/index.php\/wp-json\/wp\/v2\/types\/post"}],"author":[{"embeddable":true,"href":"https:\/\/kosovatimes.info\/index.php\/wp-json\/wp\/v2\/users\/4"}],"replies":[{"embeddable":true,"href":"https:\/\/kosovatimes.info\/index.php\/wp-json\/wp\/v2\/comments?post=12561"}],"version-history":[{"count":2,"href":"https:\/\/kosovatimes.info\/index.php\/wp-json\/wp\/v2\/posts\/12561\/revisions"}],"predecessor-version":[{"id":12564,"href":"https:\/\/kosovatimes.info\/index.php\/wp-json\/wp\/v2\/posts\/12561\/revisions\/12564"}],"wp:featuredmedia":[{"embeddable":true,"href":"https:\/\/kosovatimes.info\/index.php\/wp-json\/wp\/v2\/media\/12562"}],"wp:attachment":[{"href":"https:\/\/kosovatimes.info\/index.php\/wp-json\/wp\/v2\/media?parent=12561"}],"wp:term":[{"taxonomy":"category","embeddable":true,"href":"https:\/\/kosovatimes.info\/index.php\/wp-json\/wp\/v2\/categories?post=12561"},{"taxonomy":"post_tag","embeddable":true,"href":"https:\/\/kosovatimes.info\/index.php\/wp-json\/wp\/v2\/tags?post=12561"}],"curies":[{"name":"wp","href":"https:\/\/api.w.org\/{rel}","templated":true}]}}