{"id":12565,"date":"2026-04-29T23:26:00","date_gmt":"2026-04-29T21:26:00","guid":{"rendered":"https:\/\/kosovatimes.info\/?p=12565"},"modified":"2026-04-29T23:26:02","modified_gmt":"2026-04-29T21:26:02","slug":"taksa-mbi-pijet-me-sheqer-per-te-ulur-shkallen-e-obezitetit","status":"publish","type":"post","link":"https:\/\/kosovatimes.info\/index.php\/2026\/04\/29\/taksa-mbi-pijet-me-sheqer-per-te-ulur-shkallen-e-obezitetit\/","title":{"rendered":"Taksa mbi pijet me sheqer p\u00ebr t\u00eb ulur shkall\u00ebn e obezitetit"},"content":{"rendered":"\n<p>Gjermania\u00a0planifikon t\u00eb vendos\u00eb nj\u00eb taks\u00eb mbi pijet me sheqer q\u00eb nga viti 2028, si pjes\u00eb e nj\u00eb pakete reformash sh\u00ebndet\u00ebsore t\u00eb miratuar t\u00eb m\u00ebrkur\u00ebn, nd\u00ebrsa k\u00ebrkon t\u00eb frenoj\u00eb rritjen e shkall\u00ebs s\u00eb obezitetit\u00a0<a href=\"https:\/\/www.kathimerini.gr\/tag\/germania\/\" target=\"_blank\" rel=\"noreferrer noopener\">dhe\u00a0<\/a><a href=\"https:\/\/www.kathimerini.gr\/tag\/pachysarkia\/\" target=\"_blank\" rel=\"noreferrer noopener\">t\u00eb leht\u00ebsoj\u00eb<\/a>\u00a0\u00a0presionin mbi sistemin sh\u00ebndet\u00ebsor. T\u00eb ardhurat vjetore t\u00eb pritura prej 450 milion\u00eb eurosh do t\u00eb financojn\u00eb programet e parandalimit t\u00eb s\u00ebmundjeve.\u00a0<\/p>\n\n\n\n<p>Industria gjermane e sheqerit e d\u00ebnoi propozimin, duke argumentuar se rritja e \u00e7mimit t\u00eb sheqerit nuk e ka ulur p\u00ebrqindjen e njer\u00ebzve mbipesh\u00eb n\u00eb asnj\u00eb vend.<\/p>\n\n\n\n<p>Ky veprim \u00ebsht\u00eb n\u00eb p\u00ebrputhje me rekomandimet e Organizat\u00ebs Bot\u00ebrore t\u00eb Sh\u00ebndet\u00ebsis\u00eb, e cila u ka b\u00ebr\u00eb thirrje vendeve q\u00eb t\u00eb rrisin \u00e7mimet e pijeve me sheqer, alkoolit dhe duhanit me 50% gjat\u00eb 10 viteve t\u00eb ardhshme p\u00ebrmes taksimit.&nbsp;<\/p>\n\n\n\n<p>Britania futi nj\u00eb taks\u00eb t\u00eb ngjashme mbi sheqerin nj\u00eb dekad\u00eb m\u00eb par\u00eb dhe vitin e kaluar e zgjeroi at\u00eb edhe p\u00ebr pijet e paketuara me baz\u00eb qum\u00ebshti. OBSH thot\u00eb se m\u00eb shum\u00eb se 100 vende i taksin pijet me sheqer.<\/p>\n\n\n\n<p>Studimet n\u00eb Britani dhe Meksik\u00eb kan\u00eb treguar se masa t\u00eb tilla mund t\u00eb zvog\u00eblojn\u00eb marrjen e sheqerit dhe t\u00eb ndihmojn\u00eb&nbsp;<strong>n\u00eb parandalimin e s\u00ebmundjeve<\/strong>&nbsp;t\u00eb tilla si diabeti.<\/p>\n","protected":false},"excerpt":{"rendered":"<p>Gjermania\u00a0planifikon t\u00eb vendos\u00eb nj\u00eb taks\u00eb mbi pijet me sheqer q\u00eb nga viti 2028, si pjes\u00eb e nj\u00eb pakete reformash sh\u00ebndet\u00ebsore t\u00eb miratuar t\u00eb m\u00ebrkur\u00ebn, nd\u00ebrsa k\u00ebrkon t\u00eb frenoj\u00eb rritjen e shkall\u00ebs s\u00eb obezitetit\u00a0dhe\u00a0t\u00eb leht\u00ebsoj\u00eb\u00a0\u00a0presionin mbi sistemin sh\u00ebndet\u00ebsor. T\u00eb ardhurat vjetore t\u00eb pritura prej 450 milion\u00eb eurosh do t\u00eb financojn\u00eb programet e parandalimit t\u00eb s\u00ebmundjeve.\u00a0 Industria [&hellip;]<\/p>\n","protected":false},"author":4,"featured_media":12566,"comment_status":"open","ping_status":"open","sticky":false,"template":"","format":"standard","meta":{"footnotes":""},"categories":[33,30],"tags":[],"class_list":{"0":"post-12565","1":"post","2":"type-post","3":"status-publish","4":"format-standard","5":"has-post-thumbnail","7":"category-bote","8":"category-lajme"},"yoast_head":"<!-- This site is optimized with the Yoast SEO plugin v27.4 - https:\/\/yoast.com\/product\/yoast-seo-wordpress\/ -->\n<title>Taksa mbi pijet me sheqer p\u00ebr t\u00eb ulur shkall\u00ebn e obezitetit - Kosova Times<\/title>\n<meta name=\"robots\" content=\"index, follow, max-snippet:-1, max-image-preview:large, max-video-preview:-1\" \/>\n<link rel=\"canonical\" href=\"https:\/\/kosovatimes.info\/index.php\/2026\/04\/29\/taksa-mbi-pijet-me-sheqer-per-te-ulur-shkallen-e-obezitetit\/\" \/>\n<meta property=\"og:locale\" content=\"en_US\" \/>\n<meta property=\"og:type\" content=\"article\" \/>\n<meta property=\"og:title\" content=\"Taksa mbi pijet me sheqer p\u00ebr t\u00eb ulur shkall\u00ebn e obezitetit - Kosova Times\" \/>\n<meta property=\"og:description\" content=\"Gjermania\u00a0planifikon t\u00eb vendos\u00eb nj\u00eb taks\u00eb mbi pijet me sheqer q\u00eb nga viti 2028, si pjes\u00eb e nj\u00eb pakete reformash sh\u00ebndet\u00ebsore t\u00eb miratuar t\u00eb m\u00ebrkur\u00ebn, nd\u00ebrsa k\u00ebrkon t\u00eb frenoj\u00eb rritjen e shkall\u00ebs s\u00eb obezitetit\u00a0dhe\u00a0t\u00eb leht\u00ebsoj\u00eb\u00a0\u00a0presionin mbi sistemin sh\u00ebndet\u00ebsor. T\u00eb ardhurat vjetore t\u00eb pritura prej 450 milion\u00eb eurosh do t\u00eb financojn\u00eb programet e parandalimit t\u00eb s\u00ebmundjeve.\u00a0 Industria [&hellip;]\" \/>\n<meta property=\"og:url\" content=\"https:\/\/kosovatimes.info\/index.php\/2026\/04\/29\/taksa-mbi-pijet-me-sheqer-per-te-ulur-shkallen-e-obezitetit\/\" \/>\n<meta property=\"og:site_name\" content=\"Kosova Times\" \/>\n<meta property=\"article:published_time\" content=\"2026-04-29T21:26:00+00:00\" \/>\n<meta property=\"article:modified_time\" content=\"2026-04-29T21:26:02+00:00\" \/>\n<meta property=\"og:image\" content=\"https:\/\/kosovatimes.info\/wp-content\/uploads\/2026\/04\/Pije.jpg\" \/>\n\t<meta property=\"og:image:width\" content=\"1920\" \/>\n\t<meta property=\"og:image:height\" content=\"1080\" \/>\n\t<meta property=\"og:image:type\" content=\"image\/jpeg\" \/>\n<meta name=\"author\" content=\"i l\" \/>\n<meta name=\"twitter:card\" content=\"summary_large_image\" \/>\n<meta name=\"twitter:label1\" content=\"Written by\" \/>\n\t<meta name=\"twitter:data1\" content=\"i l\" \/>\n\t<meta name=\"twitter:label2\" content=\"Est. reading time\" \/>\n\t<meta name=\"twitter:data2\" content=\"2 minutes\" \/>\n<script type=\"application\/ld+json\" class=\"yoast-schema-graph\">{\"@context\":\"https:\\\/\\\/schema.org\",\"@graph\":[{\"@type\":\"Article\",\"@id\":\"https:\\\/\\\/kosovatimes.info\\\/index.php\\\/2026\\\/04\\\/29\\\/taksa-mbi-pijet-me-sheqer-per-te-ulur-shkallen-e-obezitetit\\\/#article\",\"isPartOf\":{\"@id\":\"https:\\\/\\\/kosovatimes.info\\\/index.php\\\/2026\\\/04\\\/29\\\/taksa-mbi-pijet-me-sheqer-per-te-ulur-shkallen-e-obezitetit\\\/\"},\"author\":{\"name\":\"i l\",\"@id\":\"https:\\\/\\\/kosovatimes.info\\\/#\\\/schema\\\/person\\\/7586712b9c512fe68085de007378c915\"},\"headline\":\"Taksa mbi pijet me sheqer p\u00ebr t\u00eb ulur shkall\u00ebn e obezitetit\",\"datePublished\":\"2026-04-29T21:26:00+00:00\",\"dateModified\":\"2026-04-29T21:26:02+00:00\",\"mainEntityOfPage\":{\"@id\":\"https:\\\/\\\/kosovatimes.info\\\/index.php\\\/2026\\\/04\\\/29\\\/taksa-mbi-pijet-me-sheqer-per-te-ulur-shkallen-e-obezitetit\\\/\"},\"wordCount\":227,\"commentCount\":0,\"image\":{\"@id\":\"https:\\\/\\\/kosovatimes.info\\\/index.php\\\/2026\\\/04\\\/29\\\/taksa-mbi-pijet-me-sheqer-per-te-ulur-shkallen-e-obezitetit\\\/#primaryimage\"},\"thumbnailUrl\":\"https:\\\/\\\/kosovatimes.info\\\/wp-content\\\/uploads\\\/2026\\\/04\\\/Pije.jpg\",\"articleSection\":[\"Bot\u00eb\",\"Lajme\"],\"inLanguage\":\"en-US\",\"potentialAction\":[{\"@type\":\"CommentAction\",\"name\":\"Comment\",\"target\":[\"https:\\\/\\\/kosovatimes.info\\\/index.php\\\/2026\\\/04\\\/29\\\/taksa-mbi-pijet-me-sheqer-per-te-ulur-shkallen-e-obezitetit\\\/#respond\"]}]},{\"@type\":\"WebPage\",\"@id\":\"https:\\\/\\\/kosovatimes.info\\\/index.php\\\/2026\\\/04\\\/29\\\/taksa-mbi-pijet-me-sheqer-per-te-ulur-shkallen-e-obezitetit\\\/\",\"url\":\"https:\\\/\\\/kosovatimes.info\\\/index.php\\\/2026\\\/04\\\/29\\\/taksa-mbi-pijet-me-sheqer-per-te-ulur-shkallen-e-obezitetit\\\/\",\"name\":\"Taksa mbi pijet me sheqer p\u00ebr t\u00eb ulur shkall\u00ebn e obezitetit - Kosova Times\",\"isPartOf\":{\"@id\":\"https:\\\/\\\/kosovatimes.info\\\/#website\"},\"primaryImageOfPage\":{\"@id\":\"https:\\\/\\\/kosovatimes.info\\\/index.php\\\/2026\\\/04\\\/29\\\/taksa-mbi-pijet-me-sheqer-per-te-ulur-shkallen-e-obezitetit\\\/#primaryimage\"},\"image\":{\"@id\":\"https:\\\/\\\/kosovatimes.info\\\/index.php\\\/2026\\\/04\\\/29\\\/taksa-mbi-pijet-me-sheqer-per-te-ulur-shkallen-e-obezitetit\\\/#primaryimage\"},\"thumbnailUrl\":\"https:\\\/\\\/kosovatimes.info\\\/wp-content\\\/uploads\\\/2026\\\/04\\\/Pije.jpg\",\"datePublished\":\"2026-04-29T21:26:00+00:00\",\"dateModified\":\"2026-04-29T21:26:02+00:00\",\"author\":{\"@id\":\"https:\\\/\\\/kosovatimes.info\\\/#\\\/schema\\\/person\\\/7586712b9c512fe68085de007378c915\"},\"breadcrumb\":{\"@id\":\"https:\\\/\\\/kosovatimes.info\\\/index.php\\\/2026\\\/04\\\/29\\\/taksa-mbi-pijet-me-sheqer-per-te-ulur-shkallen-e-obezitetit\\\/#breadcrumb\"},\"inLanguage\":\"en-US\",\"potentialAction\":[{\"@type\":\"ReadAction\",\"target\":[\"https:\\\/\\\/kosovatimes.info\\\/index.php\\\/2026\\\/04\\\/29\\\/taksa-mbi-pijet-me-sheqer-per-te-ulur-shkallen-e-obezitetit\\\/\"]}]},{\"@type\":\"ImageObject\",\"inLanguage\":\"en-US\",\"@id\":\"https:\\\/\\\/kosovatimes.info\\\/index.php\\\/2026\\\/04\\\/29\\\/taksa-mbi-pijet-me-sheqer-per-te-ulur-shkallen-e-obezitetit\\\/#primaryimage\",\"url\":\"https:\\\/\\\/kosovatimes.info\\\/wp-content\\\/uploads\\\/2026\\\/04\\\/Pije.jpg\",\"contentUrl\":\"https:\\\/\\\/kosovatimes.info\\\/wp-content\\\/uploads\\\/2026\\\/04\\\/Pije.jpg\",\"width\":1920,\"height\":1080},{\"@type\":\"BreadcrumbList\",\"@id\":\"https:\\\/\\\/kosovatimes.info\\\/index.php\\\/2026\\\/04\\\/29\\\/taksa-mbi-pijet-me-sheqer-per-te-ulur-shkallen-e-obezitetit\\\/#breadcrumb\",\"itemListElement\":[{\"@type\":\"ListItem\",\"position\":1,\"name\":\"Home\",\"item\":\"https:\\\/\\\/kosovatimes.info\\\/\"},{\"@type\":\"ListItem\",\"position\":2,\"name\":\"Taksa mbi pijet me sheqer p\u00ebr t\u00eb ulur shkall\u00ebn e obezitetit\"}]},{\"@type\":\"WebSite\",\"@id\":\"https:\\\/\\\/kosovatimes.info\\\/#website\",\"url\":\"https:\\\/\\\/kosovatimes.info\\\/\",\"name\":\"Kosova Times\",\"description\":\"\",\"potentialAction\":[{\"@type\":\"SearchAction\",\"target\":{\"@type\":\"EntryPoint\",\"urlTemplate\":\"https:\\\/\\\/kosovatimes.info\\\/?s={search_term_string}\"},\"query-input\":{\"@type\":\"PropertyValueSpecification\",\"valueRequired\":true,\"valueName\":\"search_term_string\"}}],\"inLanguage\":\"en-US\"},{\"@type\":\"Person\",\"@id\":\"https:\\\/\\\/kosovatimes.info\\\/#\\\/schema\\\/person\\\/7586712b9c512fe68085de007378c915\",\"name\":\"i l\",\"image\":{\"@type\":\"ImageObject\",\"inLanguage\":\"en-US\",\"@id\":\"https:\\\/\\\/secure.gravatar.com\\\/avatar\\\/bad9296e02816160ae2e2435beda58222022298d5625d49fea74d18816fbb31d?s=96&d=mm&r=g\",\"url\":\"https:\\\/\\\/secure.gravatar.com\\\/avatar\\\/bad9296e02816160ae2e2435beda58222022298d5625d49fea74d18816fbb31d?s=96&d=mm&r=g\",\"contentUrl\":\"https:\\\/\\\/secure.gravatar.com\\\/avatar\\\/bad9296e02816160ae2e2435beda58222022298d5625d49fea74d18816fbb31d?s=96&d=mm&r=g\",\"caption\":\"i l\"},\"url\":\"https:\\\/\\\/kosovatimes.info\\\/index.php\\\/author\\\/iliri\\\/\"}]}<\/script>\n<!-- \/ Yoast SEO plugin. -->","yoast_head_json":{"title":"Taksa mbi pijet me sheqer p\u00ebr t\u00eb ulur shkall\u00ebn e obezitetit - Kosova Times","robots":{"index":"index","follow":"follow","max-snippet":"max-snippet:-1","max-image-preview":"max-image-preview:large","max-video-preview":"max-video-preview:-1"},"canonical":"https:\/\/kosovatimes.info\/index.php\/2026\/04\/29\/taksa-mbi-pijet-me-sheqer-per-te-ulur-shkallen-e-obezitetit\/","og_locale":"en_US","og_type":"article","og_title":"Taksa mbi pijet me sheqer p\u00ebr t\u00eb ulur shkall\u00ebn e obezitetit - Kosova Times","og_description":"Gjermania\u00a0planifikon t\u00eb vendos\u00eb nj\u00eb taks\u00eb mbi pijet me sheqer q\u00eb nga viti 2028, si pjes\u00eb e nj\u00eb pakete reformash sh\u00ebndet\u00ebsore t\u00eb miratuar t\u00eb m\u00ebrkur\u00ebn, nd\u00ebrsa k\u00ebrkon t\u00eb frenoj\u00eb rritjen e shkall\u00ebs s\u00eb obezitetit\u00a0dhe\u00a0t\u00eb leht\u00ebsoj\u00eb\u00a0\u00a0presionin mbi sistemin sh\u00ebndet\u00ebsor. T\u00eb ardhurat vjetore t\u00eb pritura prej 450 milion\u00eb eurosh do t\u00eb financojn\u00eb programet e parandalimit t\u00eb s\u00ebmundjeve.\u00a0 Industria [&hellip;]","og_url":"https:\/\/kosovatimes.info\/index.php\/2026\/04\/29\/taksa-mbi-pijet-me-sheqer-per-te-ulur-shkallen-e-obezitetit\/","og_site_name":"Kosova Times","article_published_time":"2026-04-29T21:26:00+00:00","article_modified_time":"2026-04-29T21:26:02+00:00","og_image":[{"width":1920,"height":1080,"url":"https:\/\/kosovatimes.info\/wp-content\/uploads\/2026\/04\/Pije.jpg","type":"image\/jpeg"}],"author":"i l","twitter_card":"summary_large_image","twitter_misc":{"Written by":"i l","Est. reading time":"2 minutes"},"schema":{"@context":"https:\/\/schema.org","@graph":[{"@type":"Article","@id":"https:\/\/kosovatimes.info\/index.php\/2026\/04\/29\/taksa-mbi-pijet-me-sheqer-per-te-ulur-shkallen-e-obezitetit\/#article","isPartOf":{"@id":"https:\/\/kosovatimes.info\/index.php\/2026\/04\/29\/taksa-mbi-pijet-me-sheqer-per-te-ulur-shkallen-e-obezitetit\/"},"author":{"name":"i l","@id":"https:\/\/kosovatimes.info\/#\/schema\/person\/7586712b9c512fe68085de007378c915"},"headline":"Taksa mbi pijet me sheqer p\u00ebr t\u00eb ulur shkall\u00ebn e obezitetit","datePublished":"2026-04-29T21:26:00+00:00","dateModified":"2026-04-29T21:26:02+00:00","mainEntityOfPage":{"@id":"https:\/\/kosovatimes.info\/index.php\/2026\/04\/29\/taksa-mbi-pijet-me-sheqer-per-te-ulur-shkallen-e-obezitetit\/"},"wordCount":227,"commentCount":0,"image":{"@id":"https:\/\/kosovatimes.info\/index.php\/2026\/04\/29\/taksa-mbi-pijet-me-sheqer-per-te-ulur-shkallen-e-obezitetit\/#primaryimage"},"thumbnailUrl":"https:\/\/kosovatimes.info\/wp-content\/uploads\/2026\/04\/Pije.jpg","articleSection":["Bot\u00eb","Lajme"],"inLanguage":"en-US","potentialAction":[{"@type":"CommentAction","name":"Comment","target":["https:\/\/kosovatimes.info\/index.php\/2026\/04\/29\/taksa-mbi-pijet-me-sheqer-per-te-ulur-shkallen-e-obezitetit\/#respond"]}]},{"@type":"WebPage","@id":"https:\/\/kosovatimes.info\/index.php\/2026\/04\/29\/taksa-mbi-pijet-me-sheqer-per-te-ulur-shkallen-e-obezitetit\/","url":"https:\/\/kosovatimes.info\/index.php\/2026\/04\/29\/taksa-mbi-pijet-me-sheqer-per-te-ulur-shkallen-e-obezitetit\/","name":"Taksa mbi pijet me sheqer p\u00ebr t\u00eb ulur shkall\u00ebn e obezitetit - Kosova Times","isPartOf":{"@id":"https:\/\/kosovatimes.info\/#website"},"primaryImageOfPage":{"@id":"https:\/\/kosovatimes.info\/index.php\/2026\/04\/29\/taksa-mbi-pijet-me-sheqer-per-te-ulur-shkallen-e-obezitetit\/#primaryimage"},"image":{"@id":"https:\/\/kosovatimes.info\/index.php\/2026\/04\/29\/taksa-mbi-pijet-me-sheqer-per-te-ulur-shkallen-e-obezitetit\/#primaryimage"},"thumbnailUrl":"https:\/\/kosovatimes.info\/wp-content\/uploads\/2026\/04\/Pije.jpg","datePublished":"2026-04-29T21:26:00+00:00","dateModified":"2026-04-29T21:26:02+00:00","author":{"@id":"https:\/\/kosovatimes.info\/#\/schema\/person\/7586712b9c512fe68085de007378c915"},"breadcrumb":{"@id":"https:\/\/kosovatimes.info\/index.php\/2026\/04\/29\/taksa-mbi-pijet-me-sheqer-per-te-ulur-shkallen-e-obezitetit\/#breadcrumb"},"inLanguage":"en-US","potentialAction":[{"@type":"ReadAction","target":["https:\/\/kosovatimes.info\/index.php\/2026\/04\/29\/taksa-mbi-pijet-me-sheqer-per-te-ulur-shkallen-e-obezitetit\/"]}]},{"@type":"ImageObject","inLanguage":"en-US","@id":"https:\/\/kosovatimes.info\/index.php\/2026\/04\/29\/taksa-mbi-pijet-me-sheqer-per-te-ulur-shkallen-e-obezitetit\/#primaryimage","url":"https:\/\/kosovatimes.info\/wp-content\/uploads\/2026\/04\/Pije.jpg","contentUrl":"https:\/\/kosovatimes.info\/wp-content\/uploads\/2026\/04\/Pije.jpg","width":1920,"height":1080},{"@type":"BreadcrumbList","@id":"https:\/\/kosovatimes.info\/index.php\/2026\/04\/29\/taksa-mbi-pijet-me-sheqer-per-te-ulur-shkallen-e-obezitetit\/#breadcrumb","itemListElement":[{"@type":"ListItem","position":1,"name":"Home","item":"https:\/\/kosovatimes.info\/"},{"@type":"ListItem","position":2,"name":"Taksa mbi pijet me sheqer p\u00ebr t\u00eb ulur shkall\u00ebn e obezitetit"}]},{"@type":"WebSite","@id":"https:\/\/kosovatimes.info\/#website","url":"https:\/\/kosovatimes.info\/","name":"Kosova Times","description":"","potentialAction":[{"@type":"SearchAction","target":{"@type":"EntryPoint","urlTemplate":"https:\/\/kosovatimes.info\/?s={search_term_string}"},"query-input":{"@type":"PropertyValueSpecification","valueRequired":true,"valueName":"search_term_string"}}],"inLanguage":"en-US"},{"@type":"Person","@id":"https:\/\/kosovatimes.info\/#\/schema\/person\/7586712b9c512fe68085de007378c915","name":"i l","image":{"@type":"ImageObject","inLanguage":"en-US","@id":"https:\/\/secure.gravatar.com\/avatar\/bad9296e02816160ae2e2435beda58222022298d5625d49fea74d18816fbb31d?s=96&d=mm&r=g","url":"https:\/\/secure.gravatar.com\/avatar\/bad9296e02816160ae2e2435beda58222022298d5625d49fea74d18816fbb31d?s=96&d=mm&r=g","contentUrl":"https:\/\/secure.gravatar.com\/avatar\/bad9296e02816160ae2e2435beda58222022298d5625d49fea74d18816fbb31d?s=96&d=mm&r=g","caption":"i l"},"url":"https:\/\/kosovatimes.info\/index.php\/author\/iliri\/"}]}},"_links":{"self":[{"href":"https:\/\/kosovatimes.info\/index.php\/wp-json\/wp\/v2\/posts\/12565","targetHints":{"allow":["GET"]}}],"collection":[{"href":"https:\/\/kosovatimes.info\/index.php\/wp-json\/wp\/v2\/posts"}],"about":[{"href":"https:\/\/kosovatimes.info\/index.php\/wp-json\/wp\/v2\/types\/post"}],"author":[{"embeddable":true,"href":"https:\/\/kosovatimes.info\/index.php\/wp-json\/wp\/v2\/users\/4"}],"replies":[{"embeddable":true,"href":"https:\/\/kosovatimes.info\/index.php\/wp-json\/wp\/v2\/comments?post=12565"}],"version-history":[{"count":1,"href":"https:\/\/kosovatimes.info\/index.php\/wp-json\/wp\/v2\/posts\/12565\/revisions"}],"predecessor-version":[{"id":12567,"href":"https:\/\/kosovatimes.info\/index.php\/wp-json\/wp\/v2\/posts\/12565\/revisions\/12567"}],"wp:featuredmedia":[{"embeddable":true,"href":"https:\/\/kosovatimes.info\/index.php\/wp-json\/wp\/v2\/media\/12566"}],"wp:attachment":[{"href":"https:\/\/kosovatimes.info\/index.php\/wp-json\/wp\/v2\/media?parent=12565"}],"wp:term":[{"taxonomy":"category","embeddable":true,"href":"https:\/\/kosovatimes.info\/index.php\/wp-json\/wp\/v2\/categories?post=12565"},{"taxonomy":"post_tag","embeddable":true,"href":"https:\/\/kosovatimes.info\/index.php\/wp-json\/wp\/v2\/tags?post=12565"}],"curies":[{"name":"wp","href":"https:\/\/api.w.org\/{rel}","templated":true}]}}