{"id":12571,"date":"2026-04-29T23:29:36","date_gmt":"2026-04-29T21:29:36","guid":{"rendered":"https:\/\/kosovatimes.info\/?p=12571"},"modified":"2026-04-29T23:29:40","modified_gmt":"2026-04-29T21:29:40","slug":"nderhyrja-e-greqise-ne-okb-per-termin-ngushticat-turke","status":"publish","type":"post","link":"https:\/\/kosovatimes.info\/index.php\/2026\/04\/29\/nderhyrja-e-greqise-ne-okb-per-termin-ngushticat-turke\/","title":{"rendered":"Nd\u00ebrhyrja e Greqis\u00eb n\u00eb OKB p\u00ebr termin &#8220;ngushticat turke&#8221;"},"content":{"rendered":"\n<p>N\u00eb takimin e K\u00ebshillit t\u00eb Sigurimit mbi sigurin\u00eb detare t\u00eb organizuar nga Bahreini,&nbsp;<strong>Greqia<\/strong>&nbsp;iu p\u00ebrgjigj deklarat\u00ebs s\u00eb&nbsp;p\u00ebrfaq\u00ebsuesit t\u00eb p\u00ebrhersh\u00ebm&nbsp;<a href=\"https:\/\/www.kathimerini.gr\/tag\/toyrkia\/\" target=\"_blank\" rel=\"noreferrer noopener\">turk&nbsp;<\/a><strong>Ahmet Yildiz<\/strong>&nbsp;, i cili foli p\u00ebr &#8220;ngushticat turke&#8221;.<\/p>\n\n\n\n<p>&#8220;Turqia po b\u00ebn \u00e7do p\u00ebrpjekje p\u00ebr t\u00eb siguruar kalimin e sigurt dhe t\u00eb lir\u00eb t\u00eb anijeve n\u00ebp\u00ebr k\u00ebto korridore detare.<\/p>\n\n\n\n<p>&#8220;Regjimi i tranzitit p\u00ebrmes&nbsp;<strong>Ngushticave Turke<\/strong>&nbsp;rregullohet nga Konventa e Montreux, e cila ka vendosur nj\u00eb ekuilib\u00ebr politik dhe ushtarak n\u00eb Detin e Zi midis vendeve bregdetare dhe jo-bregdetare q\u00eb nga viti 1936&#8243;, tha p\u00ebrfaq\u00ebsuesi i p\u00ebrhersh\u00ebm turk.<\/p>\n\n\n\n<p>Z\u00ebvend\u00ebs P\u00ebrfaq\u00ebsuesi i P\u00ebrhersh\u00ebm i Greqis\u00eb,&nbsp;<strong>Ioannis Stamatekos,<\/strong>&nbsp;deklaroi se &#8220;Konventa e Montreux e vitit 1936 \u00ebsht\u00eb i vetmi tekst ligjor nd\u00ebrkomb\u00ebtar q\u00eb rregullon lundrimin n\u00eb Ngushtic\u00ebn e Dardaneleve, Detin e Marmaras\u00eb dhe Bosforin, dhe garanton lirin\u00eb e lundrimit n\u00eb to&#8221;.<\/p>\n\n\n\n<p>Z. Stamatekos vazhdoi duke th\u00ebn\u00eb se &#8220;prandaj, respekti p\u00ebr terminologjin\u00eb e Konvent\u00ebs s\u00eb Montreux synon t\u00eb ruaj\u00eb dhe t\u00eb afirmoj\u00eb k\u00ebt\u00eb liri q\u00eb garantohet n\u00eb t\u00eb&#8221;.<\/p>\n\n\n\n<p>\u201cP\u00ebrdorimi i termit \u2018&nbsp;<strong>ngushtica turke\u2019<\/strong>&nbsp;nuk \u00ebsht\u00eb n\u00eb p\u00ebrputhje me Konvent\u00ebn e Montreux t\u00eb vitit 1936, n\u00eb lidhje me statusin e Ngushticave. Terminologjia sipas Konvent\u00ebs s\u00eb Montreux \u00ebsht\u00eb \u2018ngushticat\u2019, dhe konkretisht \u2018ngushticat e Dardaneleve, Detit t\u00eb Marmaras\u00eb dhe Bosforit\u2019\u201d, tha z. Stamatekos.<\/p>\n","protected":false},"excerpt":{"rendered":"<p>N\u00eb takimin e K\u00ebshillit t\u00eb Sigurimit mbi sigurin\u00eb detare t\u00eb organizuar nga Bahreini,&nbsp;Greqia&nbsp;iu p\u00ebrgjigj deklarat\u00ebs s\u00eb&nbsp;p\u00ebrfaq\u00ebsuesit t\u00eb p\u00ebrhersh\u00ebm&nbsp;turk&nbsp;Ahmet Yildiz&nbsp;, i cili foli p\u00ebr &#8220;ngushticat turke&#8221;. &#8220;Turqia po b\u00ebn \u00e7do p\u00ebrpjekje p\u00ebr t\u00eb siguruar kalimin e sigurt dhe t\u00eb lir\u00eb t\u00eb anijeve n\u00ebp\u00ebr k\u00ebto korridore detare. &#8220;Regjimi i tranzitit p\u00ebrmes&nbsp;Ngushticave Turke&nbsp;rregullohet nga Konventa e Montreux, e [&hellip;]<\/p>\n","protected":false},"author":4,"featured_media":12572,"comment_status":"open","ping_status":"open","sticky":false,"template":"","format":"standard","meta":{"footnotes":""},"categories":[33,30],"tags":[],"class_list":{"0":"post-12571","1":"post","2":"type-post","3":"status-publish","4":"format-standard","5":"has-post-thumbnail","7":"category-bote","8":"category-lajme"},"yoast_head":"<!-- This site is optimized with the Yoast SEO plugin v27.4 - https:\/\/yoast.com\/product\/yoast-seo-wordpress\/ -->\n<title>Nd\u00ebrhyrja e Greqis\u00eb n\u00eb OKB p\u00ebr termin &quot;ngushticat turke&quot; - Kosova Times<\/title>\n<meta name=\"robots\" content=\"index, follow, max-snippet:-1, max-image-preview:large, max-video-preview:-1\" \/>\n<link rel=\"canonical\" href=\"https:\/\/kosovatimes.info\/index.php\/2026\/04\/29\/nderhyrja-e-greqise-ne-okb-per-termin-ngushticat-turke\/\" \/>\n<meta property=\"og:locale\" content=\"en_US\" \/>\n<meta property=\"og:type\" content=\"article\" \/>\n<meta property=\"og:title\" content=\"Nd\u00ebrhyrja e Greqis\u00eb n\u00eb OKB p\u00ebr termin &quot;ngushticat turke&quot; - Kosova Times\" \/>\n<meta property=\"og:description\" content=\"N\u00eb takimin e K\u00ebshillit t\u00eb Sigurimit mbi sigurin\u00eb detare t\u00eb organizuar nga Bahreini,&nbsp;Greqia&nbsp;iu p\u00ebrgjigj deklarat\u00ebs s\u00eb&nbsp;p\u00ebrfaq\u00ebsuesit t\u00eb p\u00ebrhersh\u00ebm&nbsp;turk&nbsp;Ahmet Yildiz&nbsp;, i cili foli p\u00ebr &#8220;ngushticat turke&#8221;. &#8220;Turqia po b\u00ebn \u00e7do p\u00ebrpjekje p\u00ebr t\u00eb siguruar kalimin e sigurt dhe t\u00eb lir\u00eb t\u00eb anijeve n\u00ebp\u00ebr k\u00ebto korridore detare. &#8220;Regjimi i tranzitit p\u00ebrmes&nbsp;Ngushticave Turke&nbsp;rregullohet nga Konventa e Montreux, e [&hellip;]\" \/>\n<meta property=\"og:url\" content=\"https:\/\/kosovatimes.info\/index.php\/2026\/04\/29\/nderhyrja-e-greqise-ne-okb-per-termin-ngushticat-turke\/\" \/>\n<meta property=\"og:site_name\" content=\"Kosova Times\" \/>\n<meta property=\"article:published_time\" content=\"2026-04-29T21:29:36+00:00\" \/>\n<meta property=\"article:modified_time\" content=\"2026-04-29T21:29:40+00:00\" \/>\n<meta property=\"og:image\" content=\"https:\/\/kosovatimes.info\/wp-content\/uploads\/2026\/04\/KS.jpg\" \/>\n\t<meta property=\"og:image:width\" content=\"1920\" \/>\n\t<meta property=\"og:image:height\" content=\"1080\" \/>\n\t<meta property=\"og:image:type\" content=\"image\/jpeg\" \/>\n<meta name=\"author\" content=\"i l\" \/>\n<meta name=\"twitter:card\" content=\"summary_large_image\" \/>\n<meta name=\"twitter:label1\" content=\"Written by\" \/>\n\t<meta name=\"twitter:data1\" content=\"i l\" \/>\n\t<meta name=\"twitter:label2\" content=\"Est. reading time\" \/>\n\t<meta name=\"twitter:data2\" content=\"2 minutes\" \/>\n<script type=\"application\/ld+json\" class=\"yoast-schema-graph\">{\"@context\":\"https:\\\/\\\/schema.org\",\"@graph\":[{\"@type\":\"Article\",\"@id\":\"https:\\\/\\\/kosovatimes.info\\\/index.php\\\/2026\\\/04\\\/29\\\/nderhyrja-e-greqise-ne-okb-per-termin-ngushticat-turke\\\/#article\",\"isPartOf\":{\"@id\":\"https:\\\/\\\/kosovatimes.info\\\/index.php\\\/2026\\\/04\\\/29\\\/nderhyrja-e-greqise-ne-okb-per-termin-ngushticat-turke\\\/\"},\"author\":{\"name\":\"i l\",\"@id\":\"https:\\\/\\\/kosovatimes.info\\\/#\\\/schema\\\/person\\\/7586712b9c512fe68085de007378c915\"},\"headline\":\"Nd\u00ebrhyrja e Greqis\u00eb n\u00eb OKB p\u00ebr termin &#8220;ngushticat turke&#8221;\",\"datePublished\":\"2026-04-29T21:29:36+00:00\",\"dateModified\":\"2026-04-29T21:29:40+00:00\",\"mainEntityOfPage\":{\"@id\":\"https:\\\/\\\/kosovatimes.info\\\/index.php\\\/2026\\\/04\\\/29\\\/nderhyrja-e-greqise-ne-okb-per-termin-ngushticat-turke\\\/\"},\"wordCount\":254,\"commentCount\":0,\"image\":{\"@id\":\"https:\\\/\\\/kosovatimes.info\\\/index.php\\\/2026\\\/04\\\/29\\\/nderhyrja-e-greqise-ne-okb-per-termin-ngushticat-turke\\\/#primaryimage\"},\"thumbnailUrl\":\"https:\\\/\\\/kosovatimes.info\\\/wp-content\\\/uploads\\\/2026\\\/04\\\/KS.jpg\",\"articleSection\":[\"Bot\u00eb\",\"Lajme\"],\"inLanguage\":\"en-US\",\"potentialAction\":[{\"@type\":\"CommentAction\",\"name\":\"Comment\",\"target\":[\"https:\\\/\\\/kosovatimes.info\\\/index.php\\\/2026\\\/04\\\/29\\\/nderhyrja-e-greqise-ne-okb-per-termin-ngushticat-turke\\\/#respond\"]}]},{\"@type\":\"WebPage\",\"@id\":\"https:\\\/\\\/kosovatimes.info\\\/index.php\\\/2026\\\/04\\\/29\\\/nderhyrja-e-greqise-ne-okb-per-termin-ngushticat-turke\\\/\",\"url\":\"https:\\\/\\\/kosovatimes.info\\\/index.php\\\/2026\\\/04\\\/29\\\/nderhyrja-e-greqise-ne-okb-per-termin-ngushticat-turke\\\/\",\"name\":\"Nd\u00ebrhyrja e Greqis\u00eb n\u00eb OKB p\u00ebr termin \\\"ngushticat turke\\\" - Kosova Times\",\"isPartOf\":{\"@id\":\"https:\\\/\\\/kosovatimes.info\\\/#website\"},\"primaryImageOfPage\":{\"@id\":\"https:\\\/\\\/kosovatimes.info\\\/index.php\\\/2026\\\/04\\\/29\\\/nderhyrja-e-greqise-ne-okb-per-termin-ngushticat-turke\\\/#primaryimage\"},\"image\":{\"@id\":\"https:\\\/\\\/kosovatimes.info\\\/index.php\\\/2026\\\/04\\\/29\\\/nderhyrja-e-greqise-ne-okb-per-termin-ngushticat-turke\\\/#primaryimage\"},\"thumbnailUrl\":\"https:\\\/\\\/kosovatimes.info\\\/wp-content\\\/uploads\\\/2026\\\/04\\\/KS.jpg\",\"datePublished\":\"2026-04-29T21:29:36+00:00\",\"dateModified\":\"2026-04-29T21:29:40+00:00\",\"author\":{\"@id\":\"https:\\\/\\\/kosovatimes.info\\\/#\\\/schema\\\/person\\\/7586712b9c512fe68085de007378c915\"},\"breadcrumb\":{\"@id\":\"https:\\\/\\\/kosovatimes.info\\\/index.php\\\/2026\\\/04\\\/29\\\/nderhyrja-e-greqise-ne-okb-per-termin-ngushticat-turke\\\/#breadcrumb\"},\"inLanguage\":\"en-US\",\"potentialAction\":[{\"@type\":\"ReadAction\",\"target\":[\"https:\\\/\\\/kosovatimes.info\\\/index.php\\\/2026\\\/04\\\/29\\\/nderhyrja-e-greqise-ne-okb-per-termin-ngushticat-turke\\\/\"]}]},{\"@type\":\"ImageObject\",\"inLanguage\":\"en-US\",\"@id\":\"https:\\\/\\\/kosovatimes.info\\\/index.php\\\/2026\\\/04\\\/29\\\/nderhyrja-e-greqise-ne-okb-per-termin-ngushticat-turke\\\/#primaryimage\",\"url\":\"https:\\\/\\\/kosovatimes.info\\\/wp-content\\\/uploads\\\/2026\\\/04\\\/KS.jpg\",\"contentUrl\":\"https:\\\/\\\/kosovatimes.info\\\/wp-content\\\/uploads\\\/2026\\\/04\\\/KS.jpg\",\"width\":1920,\"height\":1080},{\"@type\":\"BreadcrumbList\",\"@id\":\"https:\\\/\\\/kosovatimes.info\\\/index.php\\\/2026\\\/04\\\/29\\\/nderhyrja-e-greqise-ne-okb-per-termin-ngushticat-turke\\\/#breadcrumb\",\"itemListElement\":[{\"@type\":\"ListItem\",\"position\":1,\"name\":\"Home\",\"item\":\"https:\\\/\\\/kosovatimes.info\\\/\"},{\"@type\":\"ListItem\",\"position\":2,\"name\":\"Nd\u00ebrhyrja e Greqis\u00eb n\u00eb OKB p\u00ebr termin &#8220;ngushticat turke&#8221;\"}]},{\"@type\":\"WebSite\",\"@id\":\"https:\\\/\\\/kosovatimes.info\\\/#website\",\"url\":\"https:\\\/\\\/kosovatimes.info\\\/\",\"name\":\"Kosova Times\",\"description\":\"\",\"potentialAction\":[{\"@type\":\"SearchAction\",\"target\":{\"@type\":\"EntryPoint\",\"urlTemplate\":\"https:\\\/\\\/kosovatimes.info\\\/?s={search_term_string}\"},\"query-input\":{\"@type\":\"PropertyValueSpecification\",\"valueRequired\":true,\"valueName\":\"search_term_string\"}}],\"inLanguage\":\"en-US\"},{\"@type\":\"Person\",\"@id\":\"https:\\\/\\\/kosovatimes.info\\\/#\\\/schema\\\/person\\\/7586712b9c512fe68085de007378c915\",\"name\":\"i l\",\"image\":{\"@type\":\"ImageObject\",\"inLanguage\":\"en-US\",\"@id\":\"https:\\\/\\\/secure.gravatar.com\\\/avatar\\\/bad9296e02816160ae2e2435beda58222022298d5625d49fea74d18816fbb31d?s=96&d=mm&r=g\",\"url\":\"https:\\\/\\\/secure.gravatar.com\\\/avatar\\\/bad9296e02816160ae2e2435beda58222022298d5625d49fea74d18816fbb31d?s=96&d=mm&r=g\",\"contentUrl\":\"https:\\\/\\\/secure.gravatar.com\\\/avatar\\\/bad9296e02816160ae2e2435beda58222022298d5625d49fea74d18816fbb31d?s=96&d=mm&r=g\",\"caption\":\"i l\"},\"url\":\"https:\\\/\\\/kosovatimes.info\\\/index.php\\\/author\\\/iliri\\\/\"}]}<\/script>\n<!-- \/ Yoast SEO plugin. -->","yoast_head_json":{"title":"Nd\u00ebrhyrja e Greqis\u00eb n\u00eb OKB p\u00ebr termin \"ngushticat turke\" - Kosova Times","robots":{"index":"index","follow":"follow","max-snippet":"max-snippet:-1","max-image-preview":"max-image-preview:large","max-video-preview":"max-video-preview:-1"},"canonical":"https:\/\/kosovatimes.info\/index.php\/2026\/04\/29\/nderhyrja-e-greqise-ne-okb-per-termin-ngushticat-turke\/","og_locale":"en_US","og_type":"article","og_title":"Nd\u00ebrhyrja e Greqis\u00eb n\u00eb OKB p\u00ebr termin \"ngushticat turke\" - Kosova Times","og_description":"N\u00eb takimin e K\u00ebshillit t\u00eb Sigurimit mbi sigurin\u00eb detare t\u00eb organizuar nga Bahreini,&nbsp;Greqia&nbsp;iu p\u00ebrgjigj deklarat\u00ebs s\u00eb&nbsp;p\u00ebrfaq\u00ebsuesit t\u00eb p\u00ebrhersh\u00ebm&nbsp;turk&nbsp;Ahmet Yildiz&nbsp;, i cili foli p\u00ebr &#8220;ngushticat turke&#8221;. &#8220;Turqia po b\u00ebn \u00e7do p\u00ebrpjekje p\u00ebr t\u00eb siguruar kalimin e sigurt dhe t\u00eb lir\u00eb t\u00eb anijeve n\u00ebp\u00ebr k\u00ebto korridore detare. &#8220;Regjimi i tranzitit p\u00ebrmes&nbsp;Ngushticave Turke&nbsp;rregullohet nga Konventa e Montreux, e [&hellip;]","og_url":"https:\/\/kosovatimes.info\/index.php\/2026\/04\/29\/nderhyrja-e-greqise-ne-okb-per-termin-ngushticat-turke\/","og_site_name":"Kosova Times","article_published_time":"2026-04-29T21:29:36+00:00","article_modified_time":"2026-04-29T21:29:40+00:00","og_image":[{"width":1920,"height":1080,"url":"https:\/\/kosovatimes.info\/wp-content\/uploads\/2026\/04\/KS.jpg","type":"image\/jpeg"}],"author":"i l","twitter_card":"summary_large_image","twitter_misc":{"Written by":"i l","Est. reading time":"2 minutes"},"schema":{"@context":"https:\/\/schema.org","@graph":[{"@type":"Article","@id":"https:\/\/kosovatimes.info\/index.php\/2026\/04\/29\/nderhyrja-e-greqise-ne-okb-per-termin-ngushticat-turke\/#article","isPartOf":{"@id":"https:\/\/kosovatimes.info\/index.php\/2026\/04\/29\/nderhyrja-e-greqise-ne-okb-per-termin-ngushticat-turke\/"},"author":{"name":"i l","@id":"https:\/\/kosovatimes.info\/#\/schema\/person\/7586712b9c512fe68085de007378c915"},"headline":"Nd\u00ebrhyrja e Greqis\u00eb n\u00eb OKB p\u00ebr termin &#8220;ngushticat turke&#8221;","datePublished":"2026-04-29T21:29:36+00:00","dateModified":"2026-04-29T21:29:40+00:00","mainEntityOfPage":{"@id":"https:\/\/kosovatimes.info\/index.php\/2026\/04\/29\/nderhyrja-e-greqise-ne-okb-per-termin-ngushticat-turke\/"},"wordCount":254,"commentCount":0,"image":{"@id":"https:\/\/kosovatimes.info\/index.php\/2026\/04\/29\/nderhyrja-e-greqise-ne-okb-per-termin-ngushticat-turke\/#primaryimage"},"thumbnailUrl":"https:\/\/kosovatimes.info\/wp-content\/uploads\/2026\/04\/KS.jpg","articleSection":["Bot\u00eb","Lajme"],"inLanguage":"en-US","potentialAction":[{"@type":"CommentAction","name":"Comment","target":["https:\/\/kosovatimes.info\/index.php\/2026\/04\/29\/nderhyrja-e-greqise-ne-okb-per-termin-ngushticat-turke\/#respond"]}]},{"@type":"WebPage","@id":"https:\/\/kosovatimes.info\/index.php\/2026\/04\/29\/nderhyrja-e-greqise-ne-okb-per-termin-ngushticat-turke\/","url":"https:\/\/kosovatimes.info\/index.php\/2026\/04\/29\/nderhyrja-e-greqise-ne-okb-per-termin-ngushticat-turke\/","name":"Nd\u00ebrhyrja e Greqis\u00eb n\u00eb OKB p\u00ebr termin \"ngushticat turke\" - Kosova Times","isPartOf":{"@id":"https:\/\/kosovatimes.info\/#website"},"primaryImageOfPage":{"@id":"https:\/\/kosovatimes.info\/index.php\/2026\/04\/29\/nderhyrja-e-greqise-ne-okb-per-termin-ngushticat-turke\/#primaryimage"},"image":{"@id":"https:\/\/kosovatimes.info\/index.php\/2026\/04\/29\/nderhyrja-e-greqise-ne-okb-per-termin-ngushticat-turke\/#primaryimage"},"thumbnailUrl":"https:\/\/kosovatimes.info\/wp-content\/uploads\/2026\/04\/KS.jpg","datePublished":"2026-04-29T21:29:36+00:00","dateModified":"2026-04-29T21:29:40+00:00","author":{"@id":"https:\/\/kosovatimes.info\/#\/schema\/person\/7586712b9c512fe68085de007378c915"},"breadcrumb":{"@id":"https:\/\/kosovatimes.info\/index.php\/2026\/04\/29\/nderhyrja-e-greqise-ne-okb-per-termin-ngushticat-turke\/#breadcrumb"},"inLanguage":"en-US","potentialAction":[{"@type":"ReadAction","target":["https:\/\/kosovatimes.info\/index.php\/2026\/04\/29\/nderhyrja-e-greqise-ne-okb-per-termin-ngushticat-turke\/"]}]},{"@type":"ImageObject","inLanguage":"en-US","@id":"https:\/\/kosovatimes.info\/index.php\/2026\/04\/29\/nderhyrja-e-greqise-ne-okb-per-termin-ngushticat-turke\/#primaryimage","url":"https:\/\/kosovatimes.info\/wp-content\/uploads\/2026\/04\/KS.jpg","contentUrl":"https:\/\/kosovatimes.info\/wp-content\/uploads\/2026\/04\/KS.jpg","width":1920,"height":1080},{"@type":"BreadcrumbList","@id":"https:\/\/kosovatimes.info\/index.php\/2026\/04\/29\/nderhyrja-e-greqise-ne-okb-per-termin-ngushticat-turke\/#breadcrumb","itemListElement":[{"@type":"ListItem","position":1,"name":"Home","item":"https:\/\/kosovatimes.info\/"},{"@type":"ListItem","position":2,"name":"Nd\u00ebrhyrja e Greqis\u00eb n\u00eb OKB p\u00ebr termin &#8220;ngushticat turke&#8221;"}]},{"@type":"WebSite","@id":"https:\/\/kosovatimes.info\/#website","url":"https:\/\/kosovatimes.info\/","name":"Kosova Times","description":"","potentialAction":[{"@type":"SearchAction","target":{"@type":"EntryPoint","urlTemplate":"https:\/\/kosovatimes.info\/?s={search_term_string}"},"query-input":{"@type":"PropertyValueSpecification","valueRequired":true,"valueName":"search_term_string"}}],"inLanguage":"en-US"},{"@type":"Person","@id":"https:\/\/kosovatimes.info\/#\/schema\/person\/7586712b9c512fe68085de007378c915","name":"i l","image":{"@type":"ImageObject","inLanguage":"en-US","@id":"https:\/\/secure.gravatar.com\/avatar\/bad9296e02816160ae2e2435beda58222022298d5625d49fea74d18816fbb31d?s=96&d=mm&r=g","url":"https:\/\/secure.gravatar.com\/avatar\/bad9296e02816160ae2e2435beda58222022298d5625d49fea74d18816fbb31d?s=96&d=mm&r=g","contentUrl":"https:\/\/secure.gravatar.com\/avatar\/bad9296e02816160ae2e2435beda58222022298d5625d49fea74d18816fbb31d?s=96&d=mm&r=g","caption":"i l"},"url":"https:\/\/kosovatimes.info\/index.php\/author\/iliri\/"}]}},"_links":{"self":[{"href":"https:\/\/kosovatimes.info\/index.php\/wp-json\/wp\/v2\/posts\/12571","targetHints":{"allow":["GET"]}}],"collection":[{"href":"https:\/\/kosovatimes.info\/index.php\/wp-json\/wp\/v2\/posts"}],"about":[{"href":"https:\/\/kosovatimes.info\/index.php\/wp-json\/wp\/v2\/types\/post"}],"author":[{"embeddable":true,"href":"https:\/\/kosovatimes.info\/index.php\/wp-json\/wp\/v2\/users\/4"}],"replies":[{"embeddable":true,"href":"https:\/\/kosovatimes.info\/index.php\/wp-json\/wp\/v2\/comments?post=12571"}],"version-history":[{"count":1,"href":"https:\/\/kosovatimes.info\/index.php\/wp-json\/wp\/v2\/posts\/12571\/revisions"}],"predecessor-version":[{"id":12573,"href":"https:\/\/kosovatimes.info\/index.php\/wp-json\/wp\/v2\/posts\/12571\/revisions\/12573"}],"wp:featuredmedia":[{"embeddable":true,"href":"https:\/\/kosovatimes.info\/index.php\/wp-json\/wp\/v2\/media\/12572"}],"wp:attachment":[{"href":"https:\/\/kosovatimes.info\/index.php\/wp-json\/wp\/v2\/media?parent=12571"}],"wp:term":[{"taxonomy":"category","embeddable":true,"href":"https:\/\/kosovatimes.info\/index.php\/wp-json\/wp\/v2\/categories?post=12571"},{"taxonomy":"post_tag","embeddable":true,"href":"https:\/\/kosovatimes.info\/index.php\/wp-json\/wp\/v2\/tags?post=12571"}],"curies":[{"name":"wp","href":"https:\/\/api.w.org\/{rel}","templated":true}]}}