{"id":12583,"date":"2026-04-30T06:50:00","date_gmt":"2026-04-30T04:50:00","guid":{"rendered":"https:\/\/kosovatimes.info\/?p=12583"},"modified":"2026-04-30T09:26:51","modified_gmt":"2026-04-30T07:26:51","slug":"ihmk-moti-me-diell-dhe-reshje-lokale-shiu","status":"publish","type":"post","link":"https:\/\/kosovatimes.info\/index.php\/2026\/04\/30\/ihmk-moti-me-diell-dhe-reshje-lokale-shiu\/","title":{"rendered":"IHMK: Moti me diell dhe reshje lokale shiu"},"content":{"rendered":"\n<p><strong>Instituti Hidrometeorologjik i Kosov\u00ebs njofton se moti n\u00eb vend do t\u00eb karakterizohet nga alternime t\u00eb diellit dhe vran\u00ebsirave, me mund\u00ebsi p\u00ebr reshje t\u00eb her\u00ebpashershme shiu n\u00eb disa zona<\/strong><\/p>\n\n\n\n<p>Temperaturat minimale do t\u00eb l\u00ebvizin nd\u00ebrmjet 4 dhe 7 grad\u00eb Celsius, nd\u00ebrsa maksimalet pritet t\u00eb arrijn\u00eb nga 11 deri n\u00eb 13 grad\u00eb Celsius.<\/p>\n\n\n\n<p>Do t\u00eb fryj\u00eb er\u00eb nga drejtimi veriper\u00ebndimor me shpejt\u00ebsi prej 1 deri n\u00eb 6 metra n\u00eb sekond\u00eb.<\/p>\n","protected":false},"excerpt":{"rendered":"<p>Instituti Hidrometeorologjik i Kosov\u00ebs njofton se moti n\u00eb vend do t\u00eb karakterizohet nga alternime t\u00eb diellit dhe vran\u00ebsirave, me mund\u00ebsi p\u00ebr reshje t\u00eb her\u00ebpashershme shiu n\u00eb disa zona Temperaturat minimale do t\u00eb l\u00ebvizin nd\u00ebrmjet 4 dhe 7 grad\u00eb Celsius, nd\u00ebrsa maksimalet pritet t\u00eb arrijn\u00eb nga 11 deri n\u00eb 13 grad\u00eb Celsius. Do t\u00eb fryj\u00eb er\u00eb [&hellip;]<\/p>\n","protected":false},"author":4,"featured_media":8471,"comment_status":"open","ping_status":"open","sticky":false,"template":"","format":"standard","meta":{"footnotes":""},"categories":[31,30],"tags":[],"class_list":{"0":"post-12583","1":"post","2":"type-post","3":"status-publish","4":"format-standard","5":"has-post-thumbnail","7":"category-kosove","8":"category-lajme"},"yoast_head":"<!-- This site is optimized with the Yoast SEO plugin v27.4 - https:\/\/yoast.com\/product\/yoast-seo-wordpress\/ -->\n<title>IHMK: Moti me diell dhe reshje lokale shiu - Kosova Times<\/title>\n<meta name=\"robots\" content=\"index, follow, max-snippet:-1, max-image-preview:large, max-video-preview:-1\" \/>\n<link rel=\"canonical\" href=\"https:\/\/kosovatimes.info\/index.php\/2026\/04\/30\/ihmk-moti-me-diell-dhe-reshje-lokale-shiu\/\" \/>\n<meta property=\"og:locale\" content=\"en_US\" \/>\n<meta property=\"og:type\" content=\"article\" \/>\n<meta property=\"og:title\" content=\"IHMK: Moti me diell dhe reshje lokale shiu - Kosova Times\" \/>\n<meta property=\"og:description\" content=\"Instituti Hidrometeorologjik i Kosov\u00ebs njofton se moti n\u00eb vend do t\u00eb karakterizohet nga alternime t\u00eb diellit dhe vran\u00ebsirave, me mund\u00ebsi p\u00ebr reshje t\u00eb her\u00ebpashershme shiu n\u00eb disa zona Temperaturat minimale do t\u00eb l\u00ebvizin nd\u00ebrmjet 4 dhe 7 grad\u00eb Celsius, nd\u00ebrsa maksimalet pritet t\u00eb arrijn\u00eb nga 11 deri n\u00eb 13 grad\u00eb Celsius. Do t\u00eb fryj\u00eb er\u00eb [&hellip;]\" \/>\n<meta property=\"og:url\" content=\"https:\/\/kosovatimes.info\/index.php\/2026\/04\/30\/ihmk-moti-me-diell-dhe-reshje-lokale-shiu\/\" \/>\n<meta property=\"og:site_name\" content=\"Kosova Times\" \/>\n<meta property=\"article:published_time\" content=\"2026-04-30T04:50:00+00:00\" \/>\n<meta property=\"article:modified_time\" content=\"2026-04-30T07:26:51+00:00\" \/>\n<meta property=\"og:image\" content=\"https:\/\/kosovatimes.info\/wp-content\/uploads\/2026\/04\/moti-2.jpg\" \/>\n\t<meta property=\"og:image:width\" content=\"696\" \/>\n\t<meta property=\"og:image:height\" content=\"522\" \/>\n\t<meta property=\"og:image:type\" content=\"image\/jpeg\" \/>\n<meta name=\"author\" content=\"i l\" \/>\n<meta name=\"twitter:card\" content=\"summary_large_image\" \/>\n<meta name=\"twitter:label1\" content=\"Written by\" \/>\n\t<meta name=\"twitter:data1\" content=\"i l\" \/>\n\t<meta name=\"twitter:label2\" content=\"Est. reading time\" \/>\n\t<meta name=\"twitter:data2\" content=\"1 minute\" \/>\n<script type=\"application\/ld+json\" class=\"yoast-schema-graph\">{\"@context\":\"https:\\\/\\\/schema.org\",\"@graph\":[{\"@type\":\"Article\",\"@id\":\"https:\\\/\\\/kosovatimes.info\\\/index.php\\\/2026\\\/04\\\/30\\\/ihmk-moti-me-diell-dhe-reshje-lokale-shiu\\\/#article\",\"isPartOf\":{\"@id\":\"https:\\\/\\\/kosovatimes.info\\\/index.php\\\/2026\\\/04\\\/30\\\/ihmk-moti-me-diell-dhe-reshje-lokale-shiu\\\/\"},\"author\":{\"name\":\"i l\",\"@id\":\"https:\\\/\\\/kosovatimes.info\\\/#\\\/schema\\\/person\\\/7586712b9c512fe68085de007378c915\"},\"headline\":\"IHMK: Moti me diell dhe reshje lokale shiu\",\"datePublished\":\"2026-04-30T04:50:00+00:00\",\"dateModified\":\"2026-04-30T07:26:51+00:00\",\"mainEntityOfPage\":{\"@id\":\"https:\\\/\\\/kosovatimes.info\\\/index.php\\\/2026\\\/04\\\/30\\\/ihmk-moti-me-diell-dhe-reshje-lokale-shiu\\\/\"},\"wordCount\":80,\"commentCount\":0,\"image\":{\"@id\":\"https:\\\/\\\/kosovatimes.info\\\/index.php\\\/2026\\\/04\\\/30\\\/ihmk-moti-me-diell-dhe-reshje-lokale-shiu\\\/#primaryimage\"},\"thumbnailUrl\":\"https:\\\/\\\/kosovatimes.info\\\/wp-content\\\/uploads\\\/2026\\\/04\\\/moti-2.jpg\",\"articleSection\":[\"Kosov\u00eb\",\"Lajme\"],\"inLanguage\":\"en-US\",\"potentialAction\":[{\"@type\":\"CommentAction\",\"name\":\"Comment\",\"target\":[\"https:\\\/\\\/kosovatimes.info\\\/index.php\\\/2026\\\/04\\\/30\\\/ihmk-moti-me-diell-dhe-reshje-lokale-shiu\\\/#respond\"]}]},{\"@type\":\"WebPage\",\"@id\":\"https:\\\/\\\/kosovatimes.info\\\/index.php\\\/2026\\\/04\\\/30\\\/ihmk-moti-me-diell-dhe-reshje-lokale-shiu\\\/\",\"url\":\"https:\\\/\\\/kosovatimes.info\\\/index.php\\\/2026\\\/04\\\/30\\\/ihmk-moti-me-diell-dhe-reshje-lokale-shiu\\\/\",\"name\":\"IHMK: Moti me diell dhe reshje lokale shiu - Kosova Times\",\"isPartOf\":{\"@id\":\"https:\\\/\\\/kosovatimes.info\\\/#website\"},\"primaryImageOfPage\":{\"@id\":\"https:\\\/\\\/kosovatimes.info\\\/index.php\\\/2026\\\/04\\\/30\\\/ihmk-moti-me-diell-dhe-reshje-lokale-shiu\\\/#primaryimage\"},\"image\":{\"@id\":\"https:\\\/\\\/kosovatimes.info\\\/index.php\\\/2026\\\/04\\\/30\\\/ihmk-moti-me-diell-dhe-reshje-lokale-shiu\\\/#primaryimage\"},\"thumbnailUrl\":\"https:\\\/\\\/kosovatimes.info\\\/wp-content\\\/uploads\\\/2026\\\/04\\\/moti-2.jpg\",\"datePublished\":\"2026-04-30T04:50:00+00:00\",\"dateModified\":\"2026-04-30T07:26:51+00:00\",\"author\":{\"@id\":\"https:\\\/\\\/kosovatimes.info\\\/#\\\/schema\\\/person\\\/7586712b9c512fe68085de007378c915\"},\"breadcrumb\":{\"@id\":\"https:\\\/\\\/kosovatimes.info\\\/index.php\\\/2026\\\/04\\\/30\\\/ihmk-moti-me-diell-dhe-reshje-lokale-shiu\\\/#breadcrumb\"},\"inLanguage\":\"en-US\",\"potentialAction\":[{\"@type\":\"ReadAction\",\"target\":[\"https:\\\/\\\/kosovatimes.info\\\/index.php\\\/2026\\\/04\\\/30\\\/ihmk-moti-me-diell-dhe-reshje-lokale-shiu\\\/\"]}]},{\"@type\":\"ImageObject\",\"inLanguage\":\"en-US\",\"@id\":\"https:\\\/\\\/kosovatimes.info\\\/index.php\\\/2026\\\/04\\\/30\\\/ihmk-moti-me-diell-dhe-reshje-lokale-shiu\\\/#primaryimage\",\"url\":\"https:\\\/\\\/kosovatimes.info\\\/wp-content\\\/uploads\\\/2026\\\/04\\\/moti-2.jpg\",\"contentUrl\":\"https:\\\/\\\/kosovatimes.info\\\/wp-content\\\/uploads\\\/2026\\\/04\\\/moti-2.jpg\",\"width\":696,\"height\":522},{\"@type\":\"BreadcrumbList\",\"@id\":\"https:\\\/\\\/kosovatimes.info\\\/index.php\\\/2026\\\/04\\\/30\\\/ihmk-moti-me-diell-dhe-reshje-lokale-shiu\\\/#breadcrumb\",\"itemListElement\":[{\"@type\":\"ListItem\",\"position\":1,\"name\":\"Home\",\"item\":\"https:\\\/\\\/kosovatimes.info\\\/\"},{\"@type\":\"ListItem\",\"position\":2,\"name\":\"IHMK: Moti me diell dhe reshje lokale shiu\"}]},{\"@type\":\"WebSite\",\"@id\":\"https:\\\/\\\/kosovatimes.info\\\/#website\",\"url\":\"https:\\\/\\\/kosovatimes.info\\\/\",\"name\":\"Kosova Times\",\"description\":\"\",\"potentialAction\":[{\"@type\":\"SearchAction\",\"target\":{\"@type\":\"EntryPoint\",\"urlTemplate\":\"https:\\\/\\\/kosovatimes.info\\\/?s={search_term_string}\"},\"query-input\":{\"@type\":\"PropertyValueSpecification\",\"valueRequired\":true,\"valueName\":\"search_term_string\"}}],\"inLanguage\":\"en-US\"},{\"@type\":\"Person\",\"@id\":\"https:\\\/\\\/kosovatimes.info\\\/#\\\/schema\\\/person\\\/7586712b9c512fe68085de007378c915\",\"name\":\"i l\",\"image\":{\"@type\":\"ImageObject\",\"inLanguage\":\"en-US\",\"@id\":\"https:\\\/\\\/secure.gravatar.com\\\/avatar\\\/bad9296e02816160ae2e2435beda58222022298d5625d49fea74d18816fbb31d?s=96&d=mm&r=g\",\"url\":\"https:\\\/\\\/secure.gravatar.com\\\/avatar\\\/bad9296e02816160ae2e2435beda58222022298d5625d49fea74d18816fbb31d?s=96&d=mm&r=g\",\"contentUrl\":\"https:\\\/\\\/secure.gravatar.com\\\/avatar\\\/bad9296e02816160ae2e2435beda58222022298d5625d49fea74d18816fbb31d?s=96&d=mm&r=g\",\"caption\":\"i l\"},\"url\":\"https:\\\/\\\/kosovatimes.info\\\/index.php\\\/author\\\/iliri\\\/\"}]}<\/script>\n<!-- \/ Yoast SEO plugin. -->","yoast_head_json":{"title":"IHMK: Moti me diell dhe reshje lokale shiu - Kosova Times","robots":{"index":"index","follow":"follow","max-snippet":"max-snippet:-1","max-image-preview":"max-image-preview:large","max-video-preview":"max-video-preview:-1"},"canonical":"https:\/\/kosovatimes.info\/index.php\/2026\/04\/30\/ihmk-moti-me-diell-dhe-reshje-lokale-shiu\/","og_locale":"en_US","og_type":"article","og_title":"IHMK: Moti me diell dhe reshje lokale shiu - Kosova Times","og_description":"Instituti Hidrometeorologjik i Kosov\u00ebs njofton se moti n\u00eb vend do t\u00eb karakterizohet nga alternime t\u00eb diellit dhe vran\u00ebsirave, me mund\u00ebsi p\u00ebr reshje t\u00eb her\u00ebpashershme shiu n\u00eb disa zona Temperaturat minimale do t\u00eb l\u00ebvizin nd\u00ebrmjet 4 dhe 7 grad\u00eb Celsius, nd\u00ebrsa maksimalet pritet t\u00eb arrijn\u00eb nga 11 deri n\u00eb 13 grad\u00eb Celsius. Do t\u00eb fryj\u00eb er\u00eb [&hellip;]","og_url":"https:\/\/kosovatimes.info\/index.php\/2026\/04\/30\/ihmk-moti-me-diell-dhe-reshje-lokale-shiu\/","og_site_name":"Kosova Times","article_published_time":"2026-04-30T04:50:00+00:00","article_modified_time":"2026-04-30T07:26:51+00:00","og_image":[{"width":696,"height":522,"url":"https:\/\/kosovatimes.info\/wp-content\/uploads\/2026\/04\/moti-2.jpg","type":"image\/jpeg"}],"author":"i l","twitter_card":"summary_large_image","twitter_misc":{"Written by":"i l","Est. reading time":"1 minute"},"schema":{"@context":"https:\/\/schema.org","@graph":[{"@type":"Article","@id":"https:\/\/kosovatimes.info\/index.php\/2026\/04\/30\/ihmk-moti-me-diell-dhe-reshje-lokale-shiu\/#article","isPartOf":{"@id":"https:\/\/kosovatimes.info\/index.php\/2026\/04\/30\/ihmk-moti-me-diell-dhe-reshje-lokale-shiu\/"},"author":{"name":"i l","@id":"https:\/\/kosovatimes.info\/#\/schema\/person\/7586712b9c512fe68085de007378c915"},"headline":"IHMK: Moti me diell dhe reshje lokale shiu","datePublished":"2026-04-30T04:50:00+00:00","dateModified":"2026-04-30T07:26:51+00:00","mainEntityOfPage":{"@id":"https:\/\/kosovatimes.info\/index.php\/2026\/04\/30\/ihmk-moti-me-diell-dhe-reshje-lokale-shiu\/"},"wordCount":80,"commentCount":0,"image":{"@id":"https:\/\/kosovatimes.info\/index.php\/2026\/04\/30\/ihmk-moti-me-diell-dhe-reshje-lokale-shiu\/#primaryimage"},"thumbnailUrl":"https:\/\/kosovatimes.info\/wp-content\/uploads\/2026\/04\/moti-2.jpg","articleSection":["Kosov\u00eb","Lajme"],"inLanguage":"en-US","potentialAction":[{"@type":"CommentAction","name":"Comment","target":["https:\/\/kosovatimes.info\/index.php\/2026\/04\/30\/ihmk-moti-me-diell-dhe-reshje-lokale-shiu\/#respond"]}]},{"@type":"WebPage","@id":"https:\/\/kosovatimes.info\/index.php\/2026\/04\/30\/ihmk-moti-me-diell-dhe-reshje-lokale-shiu\/","url":"https:\/\/kosovatimes.info\/index.php\/2026\/04\/30\/ihmk-moti-me-diell-dhe-reshje-lokale-shiu\/","name":"IHMK: Moti me diell dhe reshje lokale shiu - Kosova Times","isPartOf":{"@id":"https:\/\/kosovatimes.info\/#website"},"primaryImageOfPage":{"@id":"https:\/\/kosovatimes.info\/index.php\/2026\/04\/30\/ihmk-moti-me-diell-dhe-reshje-lokale-shiu\/#primaryimage"},"image":{"@id":"https:\/\/kosovatimes.info\/index.php\/2026\/04\/30\/ihmk-moti-me-diell-dhe-reshje-lokale-shiu\/#primaryimage"},"thumbnailUrl":"https:\/\/kosovatimes.info\/wp-content\/uploads\/2026\/04\/moti-2.jpg","datePublished":"2026-04-30T04:50:00+00:00","dateModified":"2026-04-30T07:26:51+00:00","author":{"@id":"https:\/\/kosovatimes.info\/#\/schema\/person\/7586712b9c512fe68085de007378c915"},"breadcrumb":{"@id":"https:\/\/kosovatimes.info\/index.php\/2026\/04\/30\/ihmk-moti-me-diell-dhe-reshje-lokale-shiu\/#breadcrumb"},"inLanguage":"en-US","potentialAction":[{"@type":"ReadAction","target":["https:\/\/kosovatimes.info\/index.php\/2026\/04\/30\/ihmk-moti-me-diell-dhe-reshje-lokale-shiu\/"]}]},{"@type":"ImageObject","inLanguage":"en-US","@id":"https:\/\/kosovatimes.info\/index.php\/2026\/04\/30\/ihmk-moti-me-diell-dhe-reshje-lokale-shiu\/#primaryimage","url":"https:\/\/kosovatimes.info\/wp-content\/uploads\/2026\/04\/moti-2.jpg","contentUrl":"https:\/\/kosovatimes.info\/wp-content\/uploads\/2026\/04\/moti-2.jpg","width":696,"height":522},{"@type":"BreadcrumbList","@id":"https:\/\/kosovatimes.info\/index.php\/2026\/04\/30\/ihmk-moti-me-diell-dhe-reshje-lokale-shiu\/#breadcrumb","itemListElement":[{"@type":"ListItem","position":1,"name":"Home","item":"https:\/\/kosovatimes.info\/"},{"@type":"ListItem","position":2,"name":"IHMK: Moti me diell dhe reshje lokale shiu"}]},{"@type":"WebSite","@id":"https:\/\/kosovatimes.info\/#website","url":"https:\/\/kosovatimes.info\/","name":"Kosova Times","description":"","potentialAction":[{"@type":"SearchAction","target":{"@type":"EntryPoint","urlTemplate":"https:\/\/kosovatimes.info\/?s={search_term_string}"},"query-input":{"@type":"PropertyValueSpecification","valueRequired":true,"valueName":"search_term_string"}}],"inLanguage":"en-US"},{"@type":"Person","@id":"https:\/\/kosovatimes.info\/#\/schema\/person\/7586712b9c512fe68085de007378c915","name":"i l","image":{"@type":"ImageObject","inLanguage":"en-US","@id":"https:\/\/secure.gravatar.com\/avatar\/bad9296e02816160ae2e2435beda58222022298d5625d49fea74d18816fbb31d?s=96&d=mm&r=g","url":"https:\/\/secure.gravatar.com\/avatar\/bad9296e02816160ae2e2435beda58222022298d5625d49fea74d18816fbb31d?s=96&d=mm&r=g","contentUrl":"https:\/\/secure.gravatar.com\/avatar\/bad9296e02816160ae2e2435beda58222022298d5625d49fea74d18816fbb31d?s=96&d=mm&r=g","caption":"i l"},"url":"https:\/\/kosovatimes.info\/index.php\/author\/iliri\/"}]}},"_links":{"self":[{"href":"https:\/\/kosovatimes.info\/index.php\/wp-json\/wp\/v2\/posts\/12583","targetHints":{"allow":["GET"]}}],"collection":[{"href":"https:\/\/kosovatimes.info\/index.php\/wp-json\/wp\/v2\/posts"}],"about":[{"href":"https:\/\/kosovatimes.info\/index.php\/wp-json\/wp\/v2\/types\/post"}],"author":[{"embeddable":true,"href":"https:\/\/kosovatimes.info\/index.php\/wp-json\/wp\/v2\/users\/4"}],"replies":[{"embeddable":true,"href":"https:\/\/kosovatimes.info\/index.php\/wp-json\/wp\/v2\/comments?post=12583"}],"version-history":[{"count":1,"href":"https:\/\/kosovatimes.info\/index.php\/wp-json\/wp\/v2\/posts\/12583\/revisions"}],"predecessor-version":[{"id":12584,"href":"https:\/\/kosovatimes.info\/index.php\/wp-json\/wp\/v2\/posts\/12583\/revisions\/12584"}],"wp:featuredmedia":[{"embeddable":true,"href":"https:\/\/kosovatimes.info\/index.php\/wp-json\/wp\/v2\/media\/8471"}],"wp:attachment":[{"href":"https:\/\/kosovatimes.info\/index.php\/wp-json\/wp\/v2\/media?parent=12583"}],"wp:term":[{"taxonomy":"category","embeddable":true,"href":"https:\/\/kosovatimes.info\/index.php\/wp-json\/wp\/v2\/categories?post=12583"},{"taxonomy":"post_tag","embeddable":true,"href":"https:\/\/kosovatimes.info\/index.php\/wp-json\/wp\/v2\/tags?post=12583"}],"curies":[{"name":"wp","href":"https:\/\/api.w.org\/{rel}","templated":true}]}}