{"id":12589,"date":"2026-04-30T08:29:00","date_gmt":"2026-04-30T06:29:00","guid":{"rendered":"https:\/\/kosovatimes.info\/?p=12589"},"modified":"2026-04-30T09:30:57","modified_gmt":"2026-04-30T07:30:57","slug":"reporteret-pa-kufij-kosova-shenon-perparim-ne-lirine-e-medias","status":"publish","type":"post","link":"https:\/\/kosovatimes.info\/index.php\/2026\/04\/30\/reporteret-pa-kufij-kosova-shenon-perparim-ne-lirine-e-medias\/","title":{"rendered":"Reporter\u00ebt pa Kufij: Kosova sh\u00ebnon p\u00ebrparim n\u00eb lirin\u00eb e medias"},"content":{"rendered":"\n<p><strong>Kosova ka sh\u00ebnuar nj\u00eb p\u00ebrmir\u00ebsim t\u00eb duksh\u00ebm n\u00eb fush\u00ebn e liris\u00eb s\u00eb medias, duke u ngjitur n\u00eb renditjen globale sipas Indeksit Bot\u00ebror t\u00eb Liris\u00eb s\u00eb Shtypit. Ky zhvillim vjen n\u00eb nj\u00eb koh\u00eb kur shumica e vendeve t\u00eb Ballkanit Per\u00ebndimor po p\u00ebrballen me r\u00ebnie n\u00eb k\u00ebt\u00eb aspekt, duke e b\u00ebr\u00eb progresin e Kosov\u00ebs edhe m\u00eb t\u00eb theksuar. Megjithat\u00eb, sfidat mbeten t\u00eb pranishme dhe ndikojn\u00eb n\u00eb funksionimin e plot\u00eb t\u00eb medias s\u00eb lir\u00eb dhe t\u00eb pavarur n\u00eb vend.<\/strong><\/p>\n\n\n\n<p>Kosova ka p\u00ebrmir\u00ebsuar pozicionin e saj n\u00eb Indeksin Bot\u00ebror t\u00eb Liris\u00eb s\u00eb Shtypit, duke u ngjitur n\u00eb vendin e 84-t\u00eb \u2013 nj\u00eb avancim prej 15 vendesh krahasuar me nj\u00eb vit m\u00eb par\u00eb. Sipas&nbsp;<strong><a href=\"https:\/\/rsf.org\/en\/country-kosovo?fbclid=IwY2xjawRf0JFleHRuA2FlbQIxMQBzcnRjBmFwcF9pZBAyMjIwMzkxNzg4MjAwODkyAAEeclAj2YbsNH1vtrgRnc-dRR3D54UHhcodbuVD9AsQGIVxGLzLsaAJsyI2ZOA_aem_irdXvuwUjrBxHDFP_cpskw\">Reporter\u00ebve pa Kufij<\/a><\/strong>, ky p\u00ebrparim vjen n\u00eb nj\u00eb koh\u00eb kur pjesa m\u00eb e madhe e vendeve t\u00eb Ballkanit Per\u00ebndimor po p\u00ebrballen me p\u00ebrkeq\u00ebsim t\u00eb liris\u00eb s\u00eb medias.<\/p>\n\n\n\n<p>Megjithat\u00eb, pavar\u00ebsisht k\u00ebtij p\u00ebrmir\u00ebsimi, Kosova vazhdon t\u00eb mbetet nd\u00ebr vendet m\u00eb dob\u00ebt t\u00eb renditura n\u00eb Evrop\u00eb n\u00eb k\u00ebt\u00eb fush\u00eb. Ky zhvillim vjen pas nj\u00eb viti sfidues, kur vendi kishte p\u00ebsuar r\u00ebnien m\u00eb t\u00eb madhe n\u00eb 15 vitet e fundit, duke zbritur n\u00eb vendin e 99-t\u00eb nga gjithsej 180 shtete n\u00eb renditjen globale.<\/p>\n\n\n\n<p>Raporti thekson se trendet n\u00eb rajon mbeten shqet\u00ebsuese, nd\u00ebrsa progresi i Kosov\u00ebs shihet si nj\u00eb p\u00ebrjashtim i rrall\u00eb n\u00eb nj\u00eb ambient gjithnj\u00eb e m\u00eb t\u00eb v\u00ebshtir\u00eb p\u00ebr lirin\u00eb e shtypit.<\/p>\n\n\n\n<p>Pavar\u00ebsisht p\u00ebrparimit t\u00eb sh\u00ebnuar, nga vendet e Ballkanit Per\u00ebndimor, Kosova nuk q\u00ebndron m\u00eb s\u00eb miri sa i p\u00ebrket liris\u00eb s\u00eb shtypit.<\/p>\n\n\n\n<p>Shqip\u00ebria \u00ebsht\u00eb vet\u00eb nj\u00eb pozit\u00eb m\u00eb lart se Kosova, pra n\u00eb vendin e 83-t\u00eb, Mali i Zi renditet n\u00eb vendin e 41-t\u00eb n\u00eb Indeksin Bot\u00ebror t\u00eb Liris\u00eb s\u00eb Shtypit t\u00eb Reporter\u00ebve pa Kufij.<\/p>\n\n\n\n<p>Maqedonia e Veriut sivjet u radhit n\u00eb vendin e 45-t\u00eb, Bosnj\u00eb dhe Hercegovina n\u00eb vendin e 90-t\u00eb dhe Serbia m\u00eb s\u00eb keqi, duke u radhitur e 104-ta.<\/p>\n\n\n\n<p>Sipas raportit, rajoni i Evrop\u00ebs Lindore dhe Azis\u00eb Qendrore vazhdon t\u00eb jet\u00eb n\u00eb vendin e parafundit n\u00eb radhitje n\u00eb indeksin e k\u00ebtij viti, nd\u00ebrkaq zona e BE-s\u00eb dhe Ballkanit \u00ebsht\u00eb n\u00eb vendin e par\u00eb pavar\u00ebsisht r\u00ebnies s\u00eb kushteve n\u00eb gazetari.<\/p>\n\n\n\n<p>N\u00eb indeksin e organizat\u00ebs, n\u00eb vendin e par\u00eb sa i p\u00ebrket liris\u00eb s\u00eb shtypit \u00ebsht\u00eb Norvegjia, nd\u00ebrsa n\u00eb vendin e 180-t\u00eb \u00ebsht\u00eb Eritrea.<\/p>\n","protected":false},"excerpt":{"rendered":"<p>Kosova ka sh\u00ebnuar nj\u00eb p\u00ebrmir\u00ebsim t\u00eb duksh\u00ebm n\u00eb fush\u00ebn e liris\u00eb s\u00eb medias, duke u ngjitur n\u00eb renditjen globale sipas Indeksit Bot\u00ebror t\u00eb Liris\u00eb s\u00eb Shtypit. Ky zhvillim vjen n\u00eb nj\u00eb koh\u00eb kur shumica e vendeve t\u00eb Ballkanit Per\u00ebndimor po p\u00ebrballen me r\u00ebnie n\u00eb k\u00ebt\u00eb aspekt, duke e b\u00ebr\u00eb progresin e Kosov\u00ebs edhe m\u00eb t\u00eb [&hellip;]<\/p>\n","protected":false},"author":4,"featured_media":12590,"comment_status":"open","ping_status":"open","sticky":false,"template":"","format":"standard","meta":{"footnotes":""},"categories":[31,30],"tags":[],"class_list":{"0":"post-12589","1":"post","2":"type-post","3":"status-publish","4":"format-standard","5":"has-post-thumbnail","7":"category-kosove","8":"category-lajme"},"yoast_head":"<!-- This site is optimized with the Yoast SEO plugin v27.4 - https:\/\/yoast.com\/product\/yoast-seo-wordpress\/ -->\n<title>Reporter\u00ebt pa Kufij: Kosova sh\u00ebnon p\u00ebrparim n\u00eb lirin\u00eb e medias - Kosova Times<\/title>\n<meta name=\"robots\" content=\"index, follow, max-snippet:-1, max-image-preview:large, max-video-preview:-1\" \/>\n<link rel=\"canonical\" href=\"https:\/\/kosovatimes.info\/index.php\/2026\/04\/30\/reporteret-pa-kufij-kosova-shenon-perparim-ne-lirine-e-medias\/\" \/>\n<meta property=\"og:locale\" content=\"en_US\" \/>\n<meta property=\"og:type\" content=\"article\" \/>\n<meta property=\"og:title\" content=\"Reporter\u00ebt pa Kufij: Kosova sh\u00ebnon p\u00ebrparim n\u00eb lirin\u00eb e medias - Kosova Times\" \/>\n<meta property=\"og:description\" content=\"Kosova ka sh\u00ebnuar nj\u00eb p\u00ebrmir\u00ebsim t\u00eb duksh\u00ebm n\u00eb fush\u00ebn e liris\u00eb s\u00eb medias, duke u ngjitur n\u00eb renditjen globale sipas Indeksit Bot\u00ebror t\u00eb Liris\u00eb s\u00eb Shtypit. Ky zhvillim vjen n\u00eb nj\u00eb koh\u00eb kur shumica e vendeve t\u00eb Ballkanit Per\u00ebndimor po p\u00ebrballen me r\u00ebnie n\u00eb k\u00ebt\u00eb aspekt, duke e b\u00ebr\u00eb progresin e Kosov\u00ebs edhe m\u00eb t\u00eb [&hellip;]\" \/>\n<meta property=\"og:url\" content=\"https:\/\/kosovatimes.info\/index.php\/2026\/04\/30\/reporteret-pa-kufij-kosova-shenon-perparim-ne-lirine-e-medias\/\" \/>\n<meta property=\"og:site_name\" content=\"Kosova Times\" \/>\n<meta property=\"article:published_time\" content=\"2026-04-30T06:29:00+00:00\" \/>\n<meta property=\"article:modified_time\" content=\"2026-04-30T07:30:57+00:00\" \/>\n<meta property=\"og:image\" content=\"https:\/\/kosovatimes.info\/wp-content\/uploads\/2026\/04\/Mediat.jpg\" \/>\n\t<meta property=\"og:image:width\" content=\"780\" \/>\n\t<meta property=\"og:image:height\" content=\"500\" \/>\n\t<meta property=\"og:image:type\" content=\"image\/jpeg\" \/>\n<meta name=\"author\" content=\"i l\" \/>\n<meta name=\"twitter:card\" content=\"summary_large_image\" \/>\n<meta name=\"twitter:label1\" content=\"Written by\" \/>\n\t<meta name=\"twitter:data1\" content=\"i l\" \/>\n\t<meta name=\"twitter:label2\" content=\"Est. reading time\" \/>\n\t<meta name=\"twitter:data2\" content=\"2 minutes\" \/>\n<script type=\"application\/ld+json\" class=\"yoast-schema-graph\">{\"@context\":\"https:\\\/\\\/schema.org\",\"@graph\":[{\"@type\":\"Article\",\"@id\":\"https:\\\/\\\/kosovatimes.info\\\/index.php\\\/2026\\\/04\\\/30\\\/reporteret-pa-kufij-kosova-shenon-perparim-ne-lirine-e-medias\\\/#article\",\"isPartOf\":{\"@id\":\"https:\\\/\\\/kosovatimes.info\\\/index.php\\\/2026\\\/04\\\/30\\\/reporteret-pa-kufij-kosova-shenon-perparim-ne-lirine-e-medias\\\/\"},\"author\":{\"name\":\"i l\",\"@id\":\"https:\\\/\\\/kosovatimes.info\\\/#\\\/schema\\\/person\\\/7586712b9c512fe68085de007378c915\"},\"headline\":\"Reporter\u00ebt pa Kufij: Kosova sh\u00ebnon p\u00ebrparim n\u00eb lirin\u00eb e medias\",\"datePublished\":\"2026-04-30T06:29:00+00:00\",\"dateModified\":\"2026-04-30T07:30:57+00:00\",\"mainEntityOfPage\":{\"@id\":\"https:\\\/\\\/kosovatimes.info\\\/index.php\\\/2026\\\/04\\\/30\\\/reporteret-pa-kufij-kosova-shenon-perparim-ne-lirine-e-medias\\\/\"},\"wordCount\":425,\"commentCount\":0,\"image\":{\"@id\":\"https:\\\/\\\/kosovatimes.info\\\/index.php\\\/2026\\\/04\\\/30\\\/reporteret-pa-kufij-kosova-shenon-perparim-ne-lirine-e-medias\\\/#primaryimage\"},\"thumbnailUrl\":\"https:\\\/\\\/kosovatimes.info\\\/wp-content\\\/uploads\\\/2026\\\/04\\\/Mediat.jpg\",\"articleSection\":[\"Kosov\u00eb\",\"Lajme\"],\"inLanguage\":\"en-US\",\"potentialAction\":[{\"@type\":\"CommentAction\",\"name\":\"Comment\",\"target\":[\"https:\\\/\\\/kosovatimes.info\\\/index.php\\\/2026\\\/04\\\/30\\\/reporteret-pa-kufij-kosova-shenon-perparim-ne-lirine-e-medias\\\/#respond\"]}]},{\"@type\":\"WebPage\",\"@id\":\"https:\\\/\\\/kosovatimes.info\\\/index.php\\\/2026\\\/04\\\/30\\\/reporteret-pa-kufij-kosova-shenon-perparim-ne-lirine-e-medias\\\/\",\"url\":\"https:\\\/\\\/kosovatimes.info\\\/index.php\\\/2026\\\/04\\\/30\\\/reporteret-pa-kufij-kosova-shenon-perparim-ne-lirine-e-medias\\\/\",\"name\":\"Reporter\u00ebt pa Kufij: Kosova sh\u00ebnon p\u00ebrparim n\u00eb lirin\u00eb e medias - Kosova Times\",\"isPartOf\":{\"@id\":\"https:\\\/\\\/kosovatimes.info\\\/#website\"},\"primaryImageOfPage\":{\"@id\":\"https:\\\/\\\/kosovatimes.info\\\/index.php\\\/2026\\\/04\\\/30\\\/reporteret-pa-kufij-kosova-shenon-perparim-ne-lirine-e-medias\\\/#primaryimage\"},\"image\":{\"@id\":\"https:\\\/\\\/kosovatimes.info\\\/index.php\\\/2026\\\/04\\\/30\\\/reporteret-pa-kufij-kosova-shenon-perparim-ne-lirine-e-medias\\\/#primaryimage\"},\"thumbnailUrl\":\"https:\\\/\\\/kosovatimes.info\\\/wp-content\\\/uploads\\\/2026\\\/04\\\/Mediat.jpg\",\"datePublished\":\"2026-04-30T06:29:00+00:00\",\"dateModified\":\"2026-04-30T07:30:57+00:00\",\"author\":{\"@id\":\"https:\\\/\\\/kosovatimes.info\\\/#\\\/schema\\\/person\\\/7586712b9c512fe68085de007378c915\"},\"breadcrumb\":{\"@id\":\"https:\\\/\\\/kosovatimes.info\\\/index.php\\\/2026\\\/04\\\/30\\\/reporteret-pa-kufij-kosova-shenon-perparim-ne-lirine-e-medias\\\/#breadcrumb\"},\"inLanguage\":\"en-US\",\"potentialAction\":[{\"@type\":\"ReadAction\",\"target\":[\"https:\\\/\\\/kosovatimes.info\\\/index.php\\\/2026\\\/04\\\/30\\\/reporteret-pa-kufij-kosova-shenon-perparim-ne-lirine-e-medias\\\/\"]}]},{\"@type\":\"ImageObject\",\"inLanguage\":\"en-US\",\"@id\":\"https:\\\/\\\/kosovatimes.info\\\/index.php\\\/2026\\\/04\\\/30\\\/reporteret-pa-kufij-kosova-shenon-perparim-ne-lirine-e-medias\\\/#primaryimage\",\"url\":\"https:\\\/\\\/kosovatimes.info\\\/wp-content\\\/uploads\\\/2026\\\/04\\\/Mediat.jpg\",\"contentUrl\":\"https:\\\/\\\/kosovatimes.info\\\/wp-content\\\/uploads\\\/2026\\\/04\\\/Mediat.jpg\",\"width\":780,\"height\":500},{\"@type\":\"BreadcrumbList\",\"@id\":\"https:\\\/\\\/kosovatimes.info\\\/index.php\\\/2026\\\/04\\\/30\\\/reporteret-pa-kufij-kosova-shenon-perparim-ne-lirine-e-medias\\\/#breadcrumb\",\"itemListElement\":[{\"@type\":\"ListItem\",\"position\":1,\"name\":\"Home\",\"item\":\"https:\\\/\\\/kosovatimes.info\\\/\"},{\"@type\":\"ListItem\",\"position\":2,\"name\":\"Reporter\u00ebt pa Kufij: Kosova sh\u00ebnon p\u00ebrparim n\u00eb lirin\u00eb e medias\"}]},{\"@type\":\"WebSite\",\"@id\":\"https:\\\/\\\/kosovatimes.info\\\/#website\",\"url\":\"https:\\\/\\\/kosovatimes.info\\\/\",\"name\":\"Kosova Times\",\"description\":\"\",\"potentialAction\":[{\"@type\":\"SearchAction\",\"target\":{\"@type\":\"EntryPoint\",\"urlTemplate\":\"https:\\\/\\\/kosovatimes.info\\\/?s={search_term_string}\"},\"query-input\":{\"@type\":\"PropertyValueSpecification\",\"valueRequired\":true,\"valueName\":\"search_term_string\"}}],\"inLanguage\":\"en-US\"},{\"@type\":\"Person\",\"@id\":\"https:\\\/\\\/kosovatimes.info\\\/#\\\/schema\\\/person\\\/7586712b9c512fe68085de007378c915\",\"name\":\"i l\",\"image\":{\"@type\":\"ImageObject\",\"inLanguage\":\"en-US\",\"@id\":\"https:\\\/\\\/secure.gravatar.com\\\/avatar\\\/bad9296e02816160ae2e2435beda58222022298d5625d49fea74d18816fbb31d?s=96&d=mm&r=g\",\"url\":\"https:\\\/\\\/secure.gravatar.com\\\/avatar\\\/bad9296e02816160ae2e2435beda58222022298d5625d49fea74d18816fbb31d?s=96&d=mm&r=g\",\"contentUrl\":\"https:\\\/\\\/secure.gravatar.com\\\/avatar\\\/bad9296e02816160ae2e2435beda58222022298d5625d49fea74d18816fbb31d?s=96&d=mm&r=g\",\"caption\":\"i l\"},\"url\":\"https:\\\/\\\/kosovatimes.info\\\/index.php\\\/author\\\/iliri\\\/\"}]}<\/script>\n<!-- \/ Yoast SEO plugin. -->","yoast_head_json":{"title":"Reporter\u00ebt pa Kufij: Kosova sh\u00ebnon p\u00ebrparim n\u00eb lirin\u00eb e medias - Kosova Times","robots":{"index":"index","follow":"follow","max-snippet":"max-snippet:-1","max-image-preview":"max-image-preview:large","max-video-preview":"max-video-preview:-1"},"canonical":"https:\/\/kosovatimes.info\/index.php\/2026\/04\/30\/reporteret-pa-kufij-kosova-shenon-perparim-ne-lirine-e-medias\/","og_locale":"en_US","og_type":"article","og_title":"Reporter\u00ebt pa Kufij: Kosova sh\u00ebnon p\u00ebrparim n\u00eb lirin\u00eb e medias - Kosova Times","og_description":"Kosova ka sh\u00ebnuar nj\u00eb p\u00ebrmir\u00ebsim t\u00eb duksh\u00ebm n\u00eb fush\u00ebn e liris\u00eb s\u00eb medias, duke u ngjitur n\u00eb renditjen globale sipas Indeksit Bot\u00ebror t\u00eb Liris\u00eb s\u00eb Shtypit. Ky zhvillim vjen n\u00eb nj\u00eb koh\u00eb kur shumica e vendeve t\u00eb Ballkanit Per\u00ebndimor po p\u00ebrballen me r\u00ebnie n\u00eb k\u00ebt\u00eb aspekt, duke e b\u00ebr\u00eb progresin e Kosov\u00ebs edhe m\u00eb t\u00eb [&hellip;]","og_url":"https:\/\/kosovatimes.info\/index.php\/2026\/04\/30\/reporteret-pa-kufij-kosova-shenon-perparim-ne-lirine-e-medias\/","og_site_name":"Kosova Times","article_published_time":"2026-04-30T06:29:00+00:00","article_modified_time":"2026-04-30T07:30:57+00:00","og_image":[{"width":780,"height":500,"url":"https:\/\/kosovatimes.info\/wp-content\/uploads\/2026\/04\/Mediat.jpg","type":"image\/jpeg"}],"author":"i l","twitter_card":"summary_large_image","twitter_misc":{"Written by":"i l","Est. reading time":"2 minutes"},"schema":{"@context":"https:\/\/schema.org","@graph":[{"@type":"Article","@id":"https:\/\/kosovatimes.info\/index.php\/2026\/04\/30\/reporteret-pa-kufij-kosova-shenon-perparim-ne-lirine-e-medias\/#article","isPartOf":{"@id":"https:\/\/kosovatimes.info\/index.php\/2026\/04\/30\/reporteret-pa-kufij-kosova-shenon-perparim-ne-lirine-e-medias\/"},"author":{"name":"i l","@id":"https:\/\/kosovatimes.info\/#\/schema\/person\/7586712b9c512fe68085de007378c915"},"headline":"Reporter\u00ebt pa Kufij: Kosova sh\u00ebnon p\u00ebrparim n\u00eb lirin\u00eb e medias","datePublished":"2026-04-30T06:29:00+00:00","dateModified":"2026-04-30T07:30:57+00:00","mainEntityOfPage":{"@id":"https:\/\/kosovatimes.info\/index.php\/2026\/04\/30\/reporteret-pa-kufij-kosova-shenon-perparim-ne-lirine-e-medias\/"},"wordCount":425,"commentCount":0,"image":{"@id":"https:\/\/kosovatimes.info\/index.php\/2026\/04\/30\/reporteret-pa-kufij-kosova-shenon-perparim-ne-lirine-e-medias\/#primaryimage"},"thumbnailUrl":"https:\/\/kosovatimes.info\/wp-content\/uploads\/2026\/04\/Mediat.jpg","articleSection":["Kosov\u00eb","Lajme"],"inLanguage":"en-US","potentialAction":[{"@type":"CommentAction","name":"Comment","target":["https:\/\/kosovatimes.info\/index.php\/2026\/04\/30\/reporteret-pa-kufij-kosova-shenon-perparim-ne-lirine-e-medias\/#respond"]}]},{"@type":"WebPage","@id":"https:\/\/kosovatimes.info\/index.php\/2026\/04\/30\/reporteret-pa-kufij-kosova-shenon-perparim-ne-lirine-e-medias\/","url":"https:\/\/kosovatimes.info\/index.php\/2026\/04\/30\/reporteret-pa-kufij-kosova-shenon-perparim-ne-lirine-e-medias\/","name":"Reporter\u00ebt pa Kufij: Kosova sh\u00ebnon p\u00ebrparim n\u00eb lirin\u00eb e medias - Kosova Times","isPartOf":{"@id":"https:\/\/kosovatimes.info\/#website"},"primaryImageOfPage":{"@id":"https:\/\/kosovatimes.info\/index.php\/2026\/04\/30\/reporteret-pa-kufij-kosova-shenon-perparim-ne-lirine-e-medias\/#primaryimage"},"image":{"@id":"https:\/\/kosovatimes.info\/index.php\/2026\/04\/30\/reporteret-pa-kufij-kosova-shenon-perparim-ne-lirine-e-medias\/#primaryimage"},"thumbnailUrl":"https:\/\/kosovatimes.info\/wp-content\/uploads\/2026\/04\/Mediat.jpg","datePublished":"2026-04-30T06:29:00+00:00","dateModified":"2026-04-30T07:30:57+00:00","author":{"@id":"https:\/\/kosovatimes.info\/#\/schema\/person\/7586712b9c512fe68085de007378c915"},"breadcrumb":{"@id":"https:\/\/kosovatimes.info\/index.php\/2026\/04\/30\/reporteret-pa-kufij-kosova-shenon-perparim-ne-lirine-e-medias\/#breadcrumb"},"inLanguage":"en-US","potentialAction":[{"@type":"ReadAction","target":["https:\/\/kosovatimes.info\/index.php\/2026\/04\/30\/reporteret-pa-kufij-kosova-shenon-perparim-ne-lirine-e-medias\/"]}]},{"@type":"ImageObject","inLanguage":"en-US","@id":"https:\/\/kosovatimes.info\/index.php\/2026\/04\/30\/reporteret-pa-kufij-kosova-shenon-perparim-ne-lirine-e-medias\/#primaryimage","url":"https:\/\/kosovatimes.info\/wp-content\/uploads\/2026\/04\/Mediat.jpg","contentUrl":"https:\/\/kosovatimes.info\/wp-content\/uploads\/2026\/04\/Mediat.jpg","width":780,"height":500},{"@type":"BreadcrumbList","@id":"https:\/\/kosovatimes.info\/index.php\/2026\/04\/30\/reporteret-pa-kufij-kosova-shenon-perparim-ne-lirine-e-medias\/#breadcrumb","itemListElement":[{"@type":"ListItem","position":1,"name":"Home","item":"https:\/\/kosovatimes.info\/"},{"@type":"ListItem","position":2,"name":"Reporter\u00ebt pa Kufij: Kosova sh\u00ebnon p\u00ebrparim n\u00eb lirin\u00eb e medias"}]},{"@type":"WebSite","@id":"https:\/\/kosovatimes.info\/#website","url":"https:\/\/kosovatimes.info\/","name":"Kosova Times","description":"","potentialAction":[{"@type":"SearchAction","target":{"@type":"EntryPoint","urlTemplate":"https:\/\/kosovatimes.info\/?s={search_term_string}"},"query-input":{"@type":"PropertyValueSpecification","valueRequired":true,"valueName":"search_term_string"}}],"inLanguage":"en-US"},{"@type":"Person","@id":"https:\/\/kosovatimes.info\/#\/schema\/person\/7586712b9c512fe68085de007378c915","name":"i l","image":{"@type":"ImageObject","inLanguage":"en-US","@id":"https:\/\/secure.gravatar.com\/avatar\/bad9296e02816160ae2e2435beda58222022298d5625d49fea74d18816fbb31d?s=96&d=mm&r=g","url":"https:\/\/secure.gravatar.com\/avatar\/bad9296e02816160ae2e2435beda58222022298d5625d49fea74d18816fbb31d?s=96&d=mm&r=g","contentUrl":"https:\/\/secure.gravatar.com\/avatar\/bad9296e02816160ae2e2435beda58222022298d5625d49fea74d18816fbb31d?s=96&d=mm&r=g","caption":"i l"},"url":"https:\/\/kosovatimes.info\/index.php\/author\/iliri\/"}]}},"_links":{"self":[{"href":"https:\/\/kosovatimes.info\/index.php\/wp-json\/wp\/v2\/posts\/12589","targetHints":{"allow":["GET"]}}],"collection":[{"href":"https:\/\/kosovatimes.info\/index.php\/wp-json\/wp\/v2\/posts"}],"about":[{"href":"https:\/\/kosovatimes.info\/index.php\/wp-json\/wp\/v2\/types\/post"}],"author":[{"embeddable":true,"href":"https:\/\/kosovatimes.info\/index.php\/wp-json\/wp\/v2\/users\/4"}],"replies":[{"embeddable":true,"href":"https:\/\/kosovatimes.info\/index.php\/wp-json\/wp\/v2\/comments?post=12589"}],"version-history":[{"count":1,"href":"https:\/\/kosovatimes.info\/index.php\/wp-json\/wp\/v2\/posts\/12589\/revisions"}],"predecessor-version":[{"id":12591,"href":"https:\/\/kosovatimes.info\/index.php\/wp-json\/wp\/v2\/posts\/12589\/revisions\/12591"}],"wp:featuredmedia":[{"embeddable":true,"href":"https:\/\/kosovatimes.info\/index.php\/wp-json\/wp\/v2\/media\/12590"}],"wp:attachment":[{"href":"https:\/\/kosovatimes.info\/index.php\/wp-json\/wp\/v2\/media?parent=12589"}],"wp:term":[{"taxonomy":"category","embeddable":true,"href":"https:\/\/kosovatimes.info\/index.php\/wp-json\/wp\/v2\/categories?post=12589"},{"taxonomy":"post_tag","embeddable":true,"href":"https:\/\/kosovatimes.info\/index.php\/wp-json\/wp\/v2\/tags?post=12589"}],"curies":[{"name":"wp","href":"https:\/\/api.w.org\/{rel}","templated":true}]}}