{"id":12594,"date":"2026-04-30T08:57:00","date_gmt":"2026-04-30T06:57:00","guid":{"rendered":"https:\/\/kosovatimes.info\/?p=12594"},"modified":"2026-04-30T09:33:19","modified_gmt":"2026-04-30T07:33:19","slug":"komandanti-i-kfor-it-siguria-ne-kosove-e-qete-por-e-brishte","status":"publish","type":"post","link":"https:\/\/kosovatimes.info\/index.php\/2026\/04\/30\/komandanti-i-kfor-it-siguria-ne-kosove-e-qete-por-e-brishte\/","title":{"rendered":"Komandanti i KFOR-it: Siguria n\u00eb Kosov\u00eb e qet\u00eb, por e brisht\u00eb"},"content":{"rendered":"\n<p><strong>Komandanti i KFOR-it, Gjeneral Major, Ozkan Ulutas, ka deklaruar se situata e siguris\u00eb n\u00eb Kosov\u00eb mbetet p\u00ebrgjith\u00ebsisht e qet\u00eb, por e brisht\u00eb, duke theksuar nevoj\u00ebn urgjente p\u00ebr nj\u00eb zgjidhje politike afatgjat\u00eb nd\u00ebrmjet pal\u00ebve.<\/strong><\/p>\n\n\n\n<p>N\u00eb nj\u00eb deklarat\u00eb, pas takimeve n\u00eb selin\u00eb e NATO n\u00eb Bruksel, Ulutas&nbsp;b\u00ebri t\u00eb ditur se ka informuar ambasador\u00ebt e vendeve aleate dhe partner\u00ebve kontribuues n\u00eb misionin e KFOR-it p\u00ebr zhvillimet e fundit n\u00eb Kosov\u00eb dhe rajon.<\/p>\n\n\n\n<p>Gjithashtu, ai \u00ebsht\u00eb takuar me Z\u00ebvend\u00ebs Sekretaren e P\u00ebrgjithshme t\u00eb NATO-s, Radmila Shekerinska, si dhe me zyrtar\u00eb t\u00eb tjer\u00eb t\u00eb lart\u00eb t\u00eb Aleanc\u00ebs.<\/p>\n\n\n\n<p>\u201cAngazhimi yn\u00eb kolektiv n\u00eb mb\u00ebshtetje t\u00eb siguris\u00eb s\u00eb q\u00ebndrueshme n\u00eb Kosov\u00eb \u00ebsht\u00eb i pal\u00ebkundur\u201d, ka theksuar ai,&nbsp;duke shtuar se aleat\u00ebt dhe partner\u00ebt vazhdojn\u00eb t\u00eb mb\u00ebshtesin p\u00ebrpjekjet p\u00ebr ruajtjen e nj\u00eb ambienti t\u00eb sigurt dhe liris\u00eb s\u00eb l\u00ebvizjes p\u00ebr t\u00eb gjitha komunitetet.<\/p>\n\n\n\n<p>\u201cQ\u00eb nga tetori 2025, kemi v\u00ebrejtur se situata e siguris\u00eb n\u00eb p\u00ebrgjith\u00ebsi \u00ebsht\u00eb e qet\u00eb. Nuk kemi par\u00eb nj\u00eb rikthim t\u00eb dhun\u00ebs si n\u00eb vitin 2023. Megjithat\u00eb, situata mbetet e brisht\u00eb, me potencial p\u00ebr tensione t\u00eb reja, ve\u00e7an\u00ebrisht n\u00eb veri t\u00eb Kosov\u00ebs\u201d, theksoi ai duke iu referuar zhvillimeve t\u00eb fundit.<\/p>\n\n\n\n<p>Ai n\u00ebnvizoi se prioritet i KFOR-it mbetet ruajtja e stabilitetit p\u00ebr t\u00eb gjitha komunitetet, duke shtuar se misioni mban nj\u00eb prani \u201ct\u00eb dukshme, t\u00eb shkath\u00ebt dhe fleksibile\u201d n\u00eb terren p\u00ebr t\u00eb parandaluar p\u00ebrshkall\u00ebzimin e mundsh\u00ebm t\u00eb situat\u00ebs.<\/p>\n\n\n\n<p>N\u00eb deklarat\u00eb theksohet gjithashtu roli ky\u00e7 i KFOR-it n\u00eb stabilitetin rajonal. \u201cKFOR-i ka qen\u00eb dhe mbetet nj\u00eb shtyll\u00eb ky\u00e7e e stabilitetit n\u00eb Kosov\u00eb dhe n\u00eb Ballkanin Per\u00ebndimor\u201d, thuhet m\u00eb tej, duke vler\u00ebsuar mb\u00ebshtetjen e vazhdueshme t\u00eb aleat\u00ebve dhe partner\u00ebve.<\/p>\n\n\n\n<p>Komandanti Ulutas, b\u00ebri t\u00eb ditur se mban kontakte t\u00eb rregullta me p\u00ebrfaq\u00ebsues t\u00eb komunitetit nd\u00ebrkomb\u00ebtar, organizatave t\u00eb siguris\u00eb n\u00eb Kosov\u00eb dhe t\u00eb Forcave t\u00eb Armatosura t\u00eb Serbis\u00eb, me q\u00ebllim rritjen e transparenc\u00ebs dhe nd\u00ebrgjegj\u00ebsimit t\u00eb p\u00ebrbashk\u00ebt p\u00ebr situat\u00ebn n\u00eb terren.<\/p>\n\n\n\n<p>N\u00eb fund, ai theksoi se zgjidhja e q\u00ebndrueshme p\u00ebr rajonin \u00ebsht\u00eb politike dhe jo ushtarake.<\/p>\n\n\n\n<p>\u201cEkziston nj\u00eb nevoj\u00eb urgjente p\u00ebr nj\u00eb zgjidhje politike afatgjat\u00eb\u201d, deklaroi ai, duke shtuar se NATO mb\u00ebshtet fuqish\u00ebm dialogun e nd\u00ebrmjet\u00ebsuar nga Bashkimi Evropian p\u00ebr normalizimin e marr\u00ebdh\u00ebnieve nd\u00ebrmjet Beogradit dhe Prishtin\u00ebs.<\/p>\n\n\n\n<p>\u201cStabiliteti varet nga zgjedhja e t\u00eb gjitha pal\u00ebve p\u00ebr diplomacin\u00eb n\u00eb vend t\u00eb dhun\u00ebs. Rruga drejt paqes s\u00eb q\u00ebndrueshme \u00ebsht\u00eb politike, jo ushtarake,\u201d p\u00ebrfundon deklarata e komandantit t\u00eb KFOR-it.<\/p>\n","protected":false},"excerpt":{"rendered":"<p>Komandanti i KFOR-it, Gjeneral Major, Ozkan Ulutas, ka deklaruar se situata e siguris\u00eb n\u00eb Kosov\u00eb mbetet p\u00ebrgjith\u00ebsisht e qet\u00eb, por e brisht\u00eb, duke theksuar nevoj\u00ebn urgjente p\u00ebr nj\u00eb zgjidhje politike afatgjat\u00eb nd\u00ebrmjet pal\u00ebve. N\u00eb nj\u00eb deklarat\u00eb, pas takimeve n\u00eb selin\u00eb e NATO n\u00eb Bruksel, Ulutas&nbsp;b\u00ebri t\u00eb ditur se ka informuar ambasador\u00ebt e vendeve aleate dhe [&hellip;]<\/p>\n","protected":false},"author":4,"featured_media":4565,"comment_status":"open","ping_status":"open","sticky":false,"template":"","format":"standard","meta":{"footnotes":""},"categories":[31,30],"tags":[],"class_list":{"0":"post-12594","1":"post","2":"type-post","3":"status-publish","4":"format-standard","5":"has-post-thumbnail","7":"category-kosove","8":"category-lajme"},"yoast_head":"<!-- This site is optimized with the Yoast SEO plugin v27.4 - https:\/\/yoast.com\/product\/yoast-seo-wordpress\/ -->\n<title>Komandanti i KFOR-it: Siguria n\u00eb Kosov\u00eb e qet\u00eb, por e brisht\u00eb - Kosova Times<\/title>\n<meta name=\"robots\" content=\"index, follow, max-snippet:-1, max-image-preview:large, max-video-preview:-1\" \/>\n<link rel=\"canonical\" href=\"https:\/\/kosovatimes.info\/index.php\/2026\/04\/30\/komandanti-i-kfor-it-siguria-ne-kosove-e-qete-por-e-brishte\/\" \/>\n<meta property=\"og:locale\" content=\"en_US\" \/>\n<meta property=\"og:type\" content=\"article\" \/>\n<meta property=\"og:title\" content=\"Komandanti i KFOR-it: Siguria n\u00eb Kosov\u00eb e qet\u00eb, por e brisht\u00eb - Kosova Times\" \/>\n<meta property=\"og:description\" content=\"Komandanti i KFOR-it, Gjeneral Major, Ozkan Ulutas, ka deklaruar se situata e siguris\u00eb n\u00eb Kosov\u00eb mbetet p\u00ebrgjith\u00ebsisht e qet\u00eb, por e brisht\u00eb, duke theksuar nevoj\u00ebn urgjente p\u00ebr nj\u00eb zgjidhje politike afatgjat\u00eb nd\u00ebrmjet pal\u00ebve. N\u00eb nj\u00eb deklarat\u00eb, pas takimeve n\u00eb selin\u00eb e NATO n\u00eb Bruksel, Ulutas&nbsp;b\u00ebri t\u00eb ditur se ka informuar ambasador\u00ebt e vendeve aleate dhe [&hellip;]\" \/>\n<meta property=\"og:url\" content=\"https:\/\/kosovatimes.info\/index.php\/2026\/04\/30\/komandanti-i-kfor-it-siguria-ne-kosove-e-qete-por-e-brishte\/\" \/>\n<meta property=\"og:site_name\" content=\"Kosova Times\" \/>\n<meta property=\"article:published_time\" content=\"2026-04-30T06:57:00+00:00\" \/>\n<meta property=\"article:modified_time\" content=\"2026-04-30T07:33:19+00:00\" \/>\n<meta property=\"og:image\" content=\"https:\/\/kosovatimes.info\/wp-content\/uploads\/2026\/03\/Ultash.jpg\" \/>\n\t<meta property=\"og:image:width\" content=\"780\" \/>\n\t<meta property=\"og:image:height\" content=\"500\" \/>\n\t<meta property=\"og:image:type\" content=\"image\/jpeg\" \/>\n<meta name=\"author\" content=\"i l\" \/>\n<meta name=\"twitter:card\" content=\"summary_large_image\" \/>\n<meta name=\"twitter:label1\" content=\"Written by\" \/>\n\t<meta name=\"twitter:data1\" content=\"i l\" \/>\n\t<meta name=\"twitter:label2\" content=\"Est. reading time\" \/>\n\t<meta name=\"twitter:data2\" content=\"2 minutes\" \/>\n<script type=\"application\/ld+json\" class=\"yoast-schema-graph\">{\"@context\":\"https:\\\/\\\/schema.org\",\"@graph\":[{\"@type\":\"Article\",\"@id\":\"https:\\\/\\\/kosovatimes.info\\\/index.php\\\/2026\\\/04\\\/30\\\/komandanti-i-kfor-it-siguria-ne-kosove-e-qete-por-e-brishte\\\/#article\",\"isPartOf\":{\"@id\":\"https:\\\/\\\/kosovatimes.info\\\/index.php\\\/2026\\\/04\\\/30\\\/komandanti-i-kfor-it-siguria-ne-kosove-e-qete-por-e-brishte\\\/\"},\"author\":{\"name\":\"i l\",\"@id\":\"https:\\\/\\\/kosovatimes.info\\\/#\\\/schema\\\/person\\\/7586712b9c512fe68085de007378c915\"},\"headline\":\"Komandanti i KFOR-it: Siguria n\u00eb Kosov\u00eb e qet\u00eb, por e brisht\u00eb\",\"datePublished\":\"2026-04-30T06:57:00+00:00\",\"dateModified\":\"2026-04-30T07:33:19+00:00\",\"mainEntityOfPage\":{\"@id\":\"https:\\\/\\\/kosovatimes.info\\\/index.php\\\/2026\\\/04\\\/30\\\/komandanti-i-kfor-it-siguria-ne-kosove-e-qete-por-e-brishte\\\/\"},\"wordCount\":463,\"commentCount\":0,\"image\":{\"@id\":\"https:\\\/\\\/kosovatimes.info\\\/index.php\\\/2026\\\/04\\\/30\\\/komandanti-i-kfor-it-siguria-ne-kosove-e-qete-por-e-brishte\\\/#primaryimage\"},\"thumbnailUrl\":\"https:\\\/\\\/kosovatimes.info\\\/wp-content\\\/uploads\\\/2026\\\/03\\\/Ultash.jpg\",\"articleSection\":[\"Kosov\u00eb\",\"Lajme\"],\"inLanguage\":\"en-US\",\"potentialAction\":[{\"@type\":\"CommentAction\",\"name\":\"Comment\",\"target\":[\"https:\\\/\\\/kosovatimes.info\\\/index.php\\\/2026\\\/04\\\/30\\\/komandanti-i-kfor-it-siguria-ne-kosove-e-qete-por-e-brishte\\\/#respond\"]}]},{\"@type\":\"WebPage\",\"@id\":\"https:\\\/\\\/kosovatimes.info\\\/index.php\\\/2026\\\/04\\\/30\\\/komandanti-i-kfor-it-siguria-ne-kosove-e-qete-por-e-brishte\\\/\",\"url\":\"https:\\\/\\\/kosovatimes.info\\\/index.php\\\/2026\\\/04\\\/30\\\/komandanti-i-kfor-it-siguria-ne-kosove-e-qete-por-e-brishte\\\/\",\"name\":\"Komandanti i KFOR-it: Siguria n\u00eb Kosov\u00eb e qet\u00eb, por e brisht\u00eb - Kosova Times\",\"isPartOf\":{\"@id\":\"https:\\\/\\\/kosovatimes.info\\\/#website\"},\"primaryImageOfPage\":{\"@id\":\"https:\\\/\\\/kosovatimes.info\\\/index.php\\\/2026\\\/04\\\/30\\\/komandanti-i-kfor-it-siguria-ne-kosove-e-qete-por-e-brishte\\\/#primaryimage\"},\"image\":{\"@id\":\"https:\\\/\\\/kosovatimes.info\\\/index.php\\\/2026\\\/04\\\/30\\\/komandanti-i-kfor-it-siguria-ne-kosove-e-qete-por-e-brishte\\\/#primaryimage\"},\"thumbnailUrl\":\"https:\\\/\\\/kosovatimes.info\\\/wp-content\\\/uploads\\\/2026\\\/03\\\/Ultash.jpg\",\"datePublished\":\"2026-04-30T06:57:00+00:00\",\"dateModified\":\"2026-04-30T07:33:19+00:00\",\"author\":{\"@id\":\"https:\\\/\\\/kosovatimes.info\\\/#\\\/schema\\\/person\\\/7586712b9c512fe68085de007378c915\"},\"breadcrumb\":{\"@id\":\"https:\\\/\\\/kosovatimes.info\\\/index.php\\\/2026\\\/04\\\/30\\\/komandanti-i-kfor-it-siguria-ne-kosove-e-qete-por-e-brishte\\\/#breadcrumb\"},\"inLanguage\":\"en-US\",\"potentialAction\":[{\"@type\":\"ReadAction\",\"target\":[\"https:\\\/\\\/kosovatimes.info\\\/index.php\\\/2026\\\/04\\\/30\\\/komandanti-i-kfor-it-siguria-ne-kosove-e-qete-por-e-brishte\\\/\"]}]},{\"@type\":\"ImageObject\",\"inLanguage\":\"en-US\",\"@id\":\"https:\\\/\\\/kosovatimes.info\\\/index.php\\\/2026\\\/04\\\/30\\\/komandanti-i-kfor-it-siguria-ne-kosove-e-qete-por-e-brishte\\\/#primaryimage\",\"url\":\"https:\\\/\\\/kosovatimes.info\\\/wp-content\\\/uploads\\\/2026\\\/03\\\/Ultash.jpg\",\"contentUrl\":\"https:\\\/\\\/kosovatimes.info\\\/wp-content\\\/uploads\\\/2026\\\/03\\\/Ultash.jpg\",\"width\":780,\"height\":500},{\"@type\":\"BreadcrumbList\",\"@id\":\"https:\\\/\\\/kosovatimes.info\\\/index.php\\\/2026\\\/04\\\/30\\\/komandanti-i-kfor-it-siguria-ne-kosove-e-qete-por-e-brishte\\\/#breadcrumb\",\"itemListElement\":[{\"@type\":\"ListItem\",\"position\":1,\"name\":\"Home\",\"item\":\"https:\\\/\\\/kosovatimes.info\\\/\"},{\"@type\":\"ListItem\",\"position\":2,\"name\":\"Komandanti i KFOR-it: Siguria n\u00eb Kosov\u00eb e qet\u00eb, por e brisht\u00eb\"}]},{\"@type\":\"WebSite\",\"@id\":\"https:\\\/\\\/kosovatimes.info\\\/#website\",\"url\":\"https:\\\/\\\/kosovatimes.info\\\/\",\"name\":\"Kosova Times\",\"description\":\"\",\"potentialAction\":[{\"@type\":\"SearchAction\",\"target\":{\"@type\":\"EntryPoint\",\"urlTemplate\":\"https:\\\/\\\/kosovatimes.info\\\/?s={search_term_string}\"},\"query-input\":{\"@type\":\"PropertyValueSpecification\",\"valueRequired\":true,\"valueName\":\"search_term_string\"}}],\"inLanguage\":\"en-US\"},{\"@type\":\"Person\",\"@id\":\"https:\\\/\\\/kosovatimes.info\\\/#\\\/schema\\\/person\\\/7586712b9c512fe68085de007378c915\",\"name\":\"i l\",\"image\":{\"@type\":\"ImageObject\",\"inLanguage\":\"en-US\",\"@id\":\"https:\\\/\\\/secure.gravatar.com\\\/avatar\\\/bad9296e02816160ae2e2435beda58222022298d5625d49fea74d18816fbb31d?s=96&d=mm&r=g\",\"url\":\"https:\\\/\\\/secure.gravatar.com\\\/avatar\\\/bad9296e02816160ae2e2435beda58222022298d5625d49fea74d18816fbb31d?s=96&d=mm&r=g\",\"contentUrl\":\"https:\\\/\\\/secure.gravatar.com\\\/avatar\\\/bad9296e02816160ae2e2435beda58222022298d5625d49fea74d18816fbb31d?s=96&d=mm&r=g\",\"caption\":\"i l\"},\"url\":\"https:\\\/\\\/kosovatimes.info\\\/index.php\\\/author\\\/iliri\\\/\"}]}<\/script>\n<!-- \/ Yoast SEO plugin. -->","yoast_head_json":{"title":"Komandanti i KFOR-it: Siguria n\u00eb Kosov\u00eb e qet\u00eb, por e brisht\u00eb - Kosova Times","robots":{"index":"index","follow":"follow","max-snippet":"max-snippet:-1","max-image-preview":"max-image-preview:large","max-video-preview":"max-video-preview:-1"},"canonical":"https:\/\/kosovatimes.info\/index.php\/2026\/04\/30\/komandanti-i-kfor-it-siguria-ne-kosove-e-qete-por-e-brishte\/","og_locale":"en_US","og_type":"article","og_title":"Komandanti i KFOR-it: Siguria n\u00eb Kosov\u00eb e qet\u00eb, por e brisht\u00eb - Kosova Times","og_description":"Komandanti i KFOR-it, Gjeneral Major, Ozkan Ulutas, ka deklaruar se situata e siguris\u00eb n\u00eb Kosov\u00eb mbetet p\u00ebrgjith\u00ebsisht e qet\u00eb, por e brisht\u00eb, duke theksuar nevoj\u00ebn urgjente p\u00ebr nj\u00eb zgjidhje politike afatgjat\u00eb nd\u00ebrmjet pal\u00ebve. N\u00eb nj\u00eb deklarat\u00eb, pas takimeve n\u00eb selin\u00eb e NATO n\u00eb Bruksel, Ulutas&nbsp;b\u00ebri t\u00eb ditur se ka informuar ambasador\u00ebt e vendeve aleate dhe [&hellip;]","og_url":"https:\/\/kosovatimes.info\/index.php\/2026\/04\/30\/komandanti-i-kfor-it-siguria-ne-kosove-e-qete-por-e-brishte\/","og_site_name":"Kosova Times","article_published_time":"2026-04-30T06:57:00+00:00","article_modified_time":"2026-04-30T07:33:19+00:00","og_image":[{"width":780,"height":500,"url":"https:\/\/kosovatimes.info\/wp-content\/uploads\/2026\/03\/Ultash.jpg","type":"image\/jpeg"}],"author":"i l","twitter_card":"summary_large_image","twitter_misc":{"Written by":"i l","Est. reading time":"2 minutes"},"schema":{"@context":"https:\/\/schema.org","@graph":[{"@type":"Article","@id":"https:\/\/kosovatimes.info\/index.php\/2026\/04\/30\/komandanti-i-kfor-it-siguria-ne-kosove-e-qete-por-e-brishte\/#article","isPartOf":{"@id":"https:\/\/kosovatimes.info\/index.php\/2026\/04\/30\/komandanti-i-kfor-it-siguria-ne-kosove-e-qete-por-e-brishte\/"},"author":{"name":"i l","@id":"https:\/\/kosovatimes.info\/#\/schema\/person\/7586712b9c512fe68085de007378c915"},"headline":"Komandanti i KFOR-it: Siguria n\u00eb Kosov\u00eb e qet\u00eb, por e brisht\u00eb","datePublished":"2026-04-30T06:57:00+00:00","dateModified":"2026-04-30T07:33:19+00:00","mainEntityOfPage":{"@id":"https:\/\/kosovatimes.info\/index.php\/2026\/04\/30\/komandanti-i-kfor-it-siguria-ne-kosove-e-qete-por-e-brishte\/"},"wordCount":463,"commentCount":0,"image":{"@id":"https:\/\/kosovatimes.info\/index.php\/2026\/04\/30\/komandanti-i-kfor-it-siguria-ne-kosove-e-qete-por-e-brishte\/#primaryimage"},"thumbnailUrl":"https:\/\/kosovatimes.info\/wp-content\/uploads\/2026\/03\/Ultash.jpg","articleSection":["Kosov\u00eb","Lajme"],"inLanguage":"en-US","potentialAction":[{"@type":"CommentAction","name":"Comment","target":["https:\/\/kosovatimes.info\/index.php\/2026\/04\/30\/komandanti-i-kfor-it-siguria-ne-kosove-e-qete-por-e-brishte\/#respond"]}]},{"@type":"WebPage","@id":"https:\/\/kosovatimes.info\/index.php\/2026\/04\/30\/komandanti-i-kfor-it-siguria-ne-kosove-e-qete-por-e-brishte\/","url":"https:\/\/kosovatimes.info\/index.php\/2026\/04\/30\/komandanti-i-kfor-it-siguria-ne-kosove-e-qete-por-e-brishte\/","name":"Komandanti i KFOR-it: Siguria n\u00eb Kosov\u00eb e qet\u00eb, por e brisht\u00eb - Kosova Times","isPartOf":{"@id":"https:\/\/kosovatimes.info\/#website"},"primaryImageOfPage":{"@id":"https:\/\/kosovatimes.info\/index.php\/2026\/04\/30\/komandanti-i-kfor-it-siguria-ne-kosove-e-qete-por-e-brishte\/#primaryimage"},"image":{"@id":"https:\/\/kosovatimes.info\/index.php\/2026\/04\/30\/komandanti-i-kfor-it-siguria-ne-kosove-e-qete-por-e-brishte\/#primaryimage"},"thumbnailUrl":"https:\/\/kosovatimes.info\/wp-content\/uploads\/2026\/03\/Ultash.jpg","datePublished":"2026-04-30T06:57:00+00:00","dateModified":"2026-04-30T07:33:19+00:00","author":{"@id":"https:\/\/kosovatimes.info\/#\/schema\/person\/7586712b9c512fe68085de007378c915"},"breadcrumb":{"@id":"https:\/\/kosovatimes.info\/index.php\/2026\/04\/30\/komandanti-i-kfor-it-siguria-ne-kosove-e-qete-por-e-brishte\/#breadcrumb"},"inLanguage":"en-US","potentialAction":[{"@type":"ReadAction","target":["https:\/\/kosovatimes.info\/index.php\/2026\/04\/30\/komandanti-i-kfor-it-siguria-ne-kosove-e-qete-por-e-brishte\/"]}]},{"@type":"ImageObject","inLanguage":"en-US","@id":"https:\/\/kosovatimes.info\/index.php\/2026\/04\/30\/komandanti-i-kfor-it-siguria-ne-kosove-e-qete-por-e-brishte\/#primaryimage","url":"https:\/\/kosovatimes.info\/wp-content\/uploads\/2026\/03\/Ultash.jpg","contentUrl":"https:\/\/kosovatimes.info\/wp-content\/uploads\/2026\/03\/Ultash.jpg","width":780,"height":500},{"@type":"BreadcrumbList","@id":"https:\/\/kosovatimes.info\/index.php\/2026\/04\/30\/komandanti-i-kfor-it-siguria-ne-kosove-e-qete-por-e-brishte\/#breadcrumb","itemListElement":[{"@type":"ListItem","position":1,"name":"Home","item":"https:\/\/kosovatimes.info\/"},{"@type":"ListItem","position":2,"name":"Komandanti i KFOR-it: Siguria n\u00eb Kosov\u00eb e qet\u00eb, por e brisht\u00eb"}]},{"@type":"WebSite","@id":"https:\/\/kosovatimes.info\/#website","url":"https:\/\/kosovatimes.info\/","name":"Kosova Times","description":"","potentialAction":[{"@type":"SearchAction","target":{"@type":"EntryPoint","urlTemplate":"https:\/\/kosovatimes.info\/?s={search_term_string}"},"query-input":{"@type":"PropertyValueSpecification","valueRequired":true,"valueName":"search_term_string"}}],"inLanguage":"en-US"},{"@type":"Person","@id":"https:\/\/kosovatimes.info\/#\/schema\/person\/7586712b9c512fe68085de007378c915","name":"i l","image":{"@type":"ImageObject","inLanguage":"en-US","@id":"https:\/\/secure.gravatar.com\/avatar\/bad9296e02816160ae2e2435beda58222022298d5625d49fea74d18816fbb31d?s=96&d=mm&r=g","url":"https:\/\/secure.gravatar.com\/avatar\/bad9296e02816160ae2e2435beda58222022298d5625d49fea74d18816fbb31d?s=96&d=mm&r=g","contentUrl":"https:\/\/secure.gravatar.com\/avatar\/bad9296e02816160ae2e2435beda58222022298d5625d49fea74d18816fbb31d?s=96&d=mm&r=g","caption":"i l"},"url":"https:\/\/kosovatimes.info\/index.php\/author\/iliri\/"}]}},"_links":{"self":[{"href":"https:\/\/kosovatimes.info\/index.php\/wp-json\/wp\/v2\/posts\/12594","targetHints":{"allow":["GET"]}}],"collection":[{"href":"https:\/\/kosovatimes.info\/index.php\/wp-json\/wp\/v2\/posts"}],"about":[{"href":"https:\/\/kosovatimes.info\/index.php\/wp-json\/wp\/v2\/types\/post"}],"author":[{"embeddable":true,"href":"https:\/\/kosovatimes.info\/index.php\/wp-json\/wp\/v2\/users\/4"}],"replies":[{"embeddable":true,"href":"https:\/\/kosovatimes.info\/index.php\/wp-json\/wp\/v2\/comments?post=12594"}],"version-history":[{"count":1,"href":"https:\/\/kosovatimes.info\/index.php\/wp-json\/wp\/v2\/posts\/12594\/revisions"}],"predecessor-version":[{"id":12595,"href":"https:\/\/kosovatimes.info\/index.php\/wp-json\/wp\/v2\/posts\/12594\/revisions\/12595"}],"wp:featuredmedia":[{"embeddable":true,"href":"https:\/\/kosovatimes.info\/index.php\/wp-json\/wp\/v2\/media\/4565"}],"wp:attachment":[{"href":"https:\/\/kosovatimes.info\/index.php\/wp-json\/wp\/v2\/media?parent=12594"}],"wp:term":[{"taxonomy":"category","embeddable":true,"href":"https:\/\/kosovatimes.info\/index.php\/wp-json\/wp\/v2\/categories?post=12594"},{"taxonomy":"post_tag","embeddable":true,"href":"https:\/\/kosovatimes.info\/index.php\/wp-json\/wp\/v2\/tags?post=12594"}],"curies":[{"name":"wp","href":"https:\/\/api.w.org\/{rel}","templated":true}]}}