{"id":12600,"date":"2026-04-30T09:39:14","date_gmt":"2026-04-30T07:39:14","guid":{"rendered":"https:\/\/kosovatimes.info\/?p=12600"},"modified":"2026-04-30T09:39:16","modified_gmt":"2026-04-30T07:39:16","slug":"kaos-i-papare-ne-afrike-vritet-ministri-udheheqesi-fshehet-ndersa-ruset-shpetojne-koken","status":"publish","type":"post","link":"https:\/\/kosovatimes.info\/index.php\/2026\/04\/30\/kaos-i-papare-ne-afrike-vritet-ministri-udheheqesi-fshehet-ndersa-ruset-shpetojne-koken\/","title":{"rendered":"Kaos i papar\u00eb n\u00eb Afrik\u00eb: Vritet ministri,  udh\u00ebheq\u00ebsi fshehet ndersa rus\u00ebt shp\u00ebtojn\u00eb kok\u00ebn!"},"content":{"rendered":"\n<p>Pes\u00eb qytete garnizoni n\u00eb Mali \u2013 Kati, Bamako, Sevare, Gao dhe Kidal \u2013 u sh\u00ebnjestruan nj\u00ebkoh\u00ebsisht nga sulmet gjat\u00eb fundjav\u00ebs s\u00eb kaluar. Xhihadist\u00ebt e lidhur me Al-Kaed\u00ebn nga Grupi p\u00ebr Mb\u00ebshtetjen e Islamit dhe Mysliman\u00ebve (JNIM), n\u00eb koordinim me Frontin p\u00ebr \u00c7lirimin e Azawadit (FLA), i cili p\u00ebrb\u00ebhet kryesisht nga l\u00ebvizjet rebele t\u00eb pavar\u00ebsis\u00eb Tuareg, mor\u00ebn p\u00ebrgjegj\u00ebsin\u00eb p\u00ebr sulmet, shkruan\u00a0<br><a href=\"https:\/\/www.dw.com\/hr\/d%C5%BEihadisti-u-maliju-postaju-sve-ja%C4%8Di\/a-76968463\" target=\"_blank\" rel=\"noreferrer noopener\">Deutsche Welle.<\/a><strong>Nina Wilen<\/strong>\u00a0, drejtoresh\u00eb e Programit t\u00eb Afrik\u00ebs n\u00eb Institutin Egmont p\u00ebr Marr\u00ebdh\u00ebnie Nd\u00ebrkomb\u00ebtare, i tha Deutsche Welle se ngjarjet jan\u00eb &#8220;t\u00eb pashembullta n\u00eb historin\u00eb e Malit&#8221; dhe tregojn\u00eb se sa shum\u00eb &#8220;\u00ebsht\u00eb forcuar JNIM gjat\u00eb vitit t\u00eb kaluar&#8221;. Wilen shtoi: &#8220;Fakti q\u00eb inteligjenca ushtarake e Malit nuk arriti t\u00eb zbulonte se k\u00ebto sulme do t\u00eb ndodhnin \u00ebsht\u00eb nj\u00eb d\u00ebshtim i madh p\u00ebr ta.&#8221;<strong>Sadio Camara<\/strong>&nbsp;, Ministri i Mbrojtjes i Malit, u vra t\u00eb shtun\u00ebn, m\u00eb 25 prill 2026, n\u00eb nj\u00eb sulm vet\u00ebvras\u00ebs t\u00eb kryer nga JNIM. Qeveria tha se sulmuesi shp\u00ebrtheu nj\u00eb makin\u00eb t\u00eb mbushur me eksploziv jasht\u00eb rezidenc\u00ebs private t\u00eb Camaras n\u00eb Kati, rreth 15 kilometra nga kryeqyteti, Bamako.<\/p>\n\n\n\n<p>Kati \u00ebsht\u00eb qendra e fuqis\u00eb ushtarake dhe selia e qeveris\u00eb kalimtare. Jan\u00eb shpallur nj\u00eb funeral shtet\u00ebror p\u00ebr ministrin dhe dy dit\u00eb zie komb\u00ebtare.Junta ushtarake e tronditur<\/p>\n\n\n\n<p>Nina Wilen i tha DW se kishte dy arsye pse Camara, i konsideruar si z\u00ebvend\u00ebskomandanti i junt\u00ebs, u vu n\u00eb sh\u00ebnjest\u00ebr. &#8220;Ai \u00ebsht\u00eb nj\u00eb figur\u00eb shum\u00eb simbolike p\u00ebr junt\u00ebn ushtarake&#8221;, tha ajo. &#8220;Arsyeja e dyt\u00eb \u00ebsht\u00eb se Camara ishte nj\u00eb person ky\u00e7 n\u00eb vendosjen e marr\u00ebdh\u00ebnieve me Rusin\u00eb. Nj\u00eb sulm ndaj tij mund t\u00eb jet\u00eb gjithashtu nj\u00eb mesazh se trupat ruse nuk jan\u00eb t\u00eb d\u00ebshiruara n\u00eb vend.&#8221;<\/p>\n\n\n\n<figure class=\"wp-block-image\"><a class=\"se__anchor image-popup-vertical-fit open-gallery--photoswipe-embed photoswipe-event\" href=\"https:\/\/media.jutarnji.hr\/images\/slike\/2026\/04\/29\/38822958.jpg\"><img decoding=\"async\" src=\"https:\/\/media.jutarnji.hr\/images\/slike\/2026\/04\/29\/38822958.jpg?1777533944\" alt=\"imazh\"\/><\/a><\/figure>\n\n\n\n<p>Sipas gazet\u00ebs gjermane Die Tageszeitung (taz), udh\u00ebheq\u00ebsi i junt\u00ebs maliane, gjenerali&nbsp;<strong>Assimi Go\u00efta,<\/strong>&nbsp;\u00ebsht\u00eb t\u00ebrhequr nga kryeqyteti n\u00eb nj\u00eb vend t\u00eb sigurt n\u00eb vendin fqinj jugper\u00ebndimor t\u00eb Guines\u00eb. Ekspert\u00ebt n\u00eb mediat sociale supozojn\u00eb se ai ndodhet n\u00eb nj\u00eb baz\u00eb t\u00eb forcave speciale q\u00eb Go\u00efta e komandonte m\u00eb par\u00eb &#8211; ndoshta n\u00ebn mbrojtjen turke.<\/p>\n\n\n\n<p>Nga pes\u00eb udh\u00ebheq\u00ebsit e grushtit t\u00eb shtetit q\u00eb p\u00ebrmbysi qeverin\u00eb e zgjedhur civile t\u00eb Malit n\u00eb vitin 2020 dhe nd\u00ebrkoh\u00eb vendosi nj\u00eb regjim ushtarak autoritar, dy jan\u00eb eliminuar: Ministri i Mbrojtjes Sadio Camara, vdekjen e t\u00eb cilit qeveria e konfirmoi t\u00eb diel\u00ebn n\u00eb mbr\u00ebmje, dhe shefi i inteligjenc\u00ebs\u00a0<strong>Modibo Kon\u00e9<\/strong>\u00a0, p\u00ebr t\u00eb cilin ende mungon konfirmimi zyrtar &#8211; ka gjithashtu raportime se ai u plagos r\u00ebnd\u00eb dhe u transferua n\u00eb Marok.Rebel\u00ebt Tuareg p\u00ebrparojn\u00eb, rus\u00ebt t\u00ebrhiqen<\/p>\n\n\n\n<p>Kidal, n\u00eb verilindje t\u00eb vendit, \u00ebsht\u00eb fortesa e Ushtris\u00eb \u00c7lirimtare t\u00eb Liris\u00eb s\u00eb Armat\u00ebs (U\u00c7K). Qyteti \u00ebsht\u00eb &#8211; ose m\u00eb sakt\u00eb ishte &#8211; nj\u00eb simbol i fuqis\u00eb n\u00eb rritje t\u00eb ushtris\u00eb maliane, e cila e rimorri at\u00eb nga Tuareg\u00ebt n\u00eb vitin 2023 me mb\u00ebshtetjen e grupit fam\u00ebkeq rus Wagner.<\/p>\n\n\n\n<p>Por situata ka ndryshuar, sipas&nbsp;<strong>Djallil Lounnas<\/strong>&nbsp;, profesor i asociuar i marr\u00ebdh\u00ebnieve nd\u00ebrkomb\u00ebtare n\u00eb Universitetin Al Akhawayn n\u00eb Marok. &#8220;Ushtria e Malit \u00ebsht\u00eb jasht\u00ebzakonisht e dob\u00ebt. N\u00eb vitet e fundit, ajo kontrollonte kryesisht qendrat urbane, nd\u00ebrsa zonat e m\u00ebdha rurale ishin jasht\u00eb kontrollit. K\u00ebshtu q\u00eb ushtria ishte e izoluar n\u00eb Kidal&#8221;, i tha ai DW.<\/p>\n\n\n\n<p>M\u00eb 27 prill, Korpusi Afrikan i kontrolluar nga Moska &#8211; i par\u00eb si pasardh\u00ebs i Grupit Wagner &#8211; konfirmoi t\u00ebrheqjen e forcave t\u00eb tij nga Kidal pas luftimeve t\u00eb ashpra dhe n\u00eb marr\u00ebveshje me udh\u00ebheqjen maliane. Rebel\u00ebt kishin njoftuar m\u00eb par\u00eb se kishin pushtuar pjes\u00eb t\u00eb m\u00ebdha t\u00eb Malit verior.Sipas raportimeve lokale, forcat nd\u00ebrhyr\u00ebse t\u00eb Korpusit Afrikan nga Rusia, t\u00eb cilat supozohej t\u00eb siguronin kontrollin p\u00ebr ushtrin\u00eb maliane n\u00eb at\u00eb pjes\u00eb t\u00eb vendit, po largohen nga nj\u00ebri vend pas tjetrit dhe po ia dor\u00ebzojn\u00eb objektet e tyre Ushtris\u00eb s\u00eb Lir\u00eb Armatosjes \u00c7lirimtare t\u00eb Afrik\u00ebs s\u00eb Veriut: s\u00eb pari kryeqytetin m\u00eb verior provincial t\u00eb Malit, Kidal, t\u00eb h\u00ebn\u00ebn dhe qytetin Tessit n\u00eb kufirin me Nigerin fqinj, dhe s\u00eb fundmi qytetet-garnizone t\u00eb Tessalit dhe Aguelhok n\u00eb shkret\u00ebtir\u00eb.<\/p>\n\n\n\n<p>Rebel\u00ebt Tuareg thuhet se u kan\u00eb ofruar rus\u00ebve nj\u00eb t\u00ebrheqje falas n\u00eb Libi, ndoshta nga ajri nga Gao, qyteti m\u00eb i madh i rajonit. N\u00eb hijen e p\u00ebrparimit t\u00eb Ushtris\u00eb \u00c7lirimtare t\u00eb Libis\u00eb, islamist\u00ebt e JNIM po z\u00ebn\u00eb gjithashtu pozicione n\u00eb qytetet e braktisura.<\/p>\n\n\n\n<figure class=\"wp-block-image\"><a class=\"se__anchor image-popup-vertical-fit open-gallery--photoswipe-embed photoswipe-event\" href=\"https:\/\/media.jutarnji.hr\/images\/slike\/2026\/04\/29\/38822960.jpg\"><img decoding=\"async\" src=\"https:\/\/media.jutarnji.hr\/images\/slike\/2026\/04\/29\/38822960.jpg?1777533944\" alt=\"imazh\"\/><\/a><\/figure>\n\n\n\n<p>Sipas analistit Lounnas, Korpusi i Afrik\u00ebs luftoi n\u00eb Kidala, Kati dhe Bamako. &#8220;Megjithat\u00eb, po flasim vet\u00ebm p\u00ebr 600 deri n\u00eb 1,000 luft\u00ebtar\u00eb&#8221;, thot\u00eb ai. &#8220;\u00cbsht\u00eb shum\u00eb pak. Nuk mendoj se rus\u00ebt mund t\u00eb kishin b\u00ebr\u00eb m\u00eb shum\u00eb. P\u00ebrve\u00e7 k\u00ebsaj, ata jan\u00eb t\u00eb z\u00ebn\u00eb n\u00eb Ukrain\u00eb. Ata nuk jan\u00eb p\u00ebrfshir\u00eb shum\u00eb as n\u00eb Iran, k\u00ebshtu q\u00eb nuk pres p\u00ebrfshirje t\u00eb konsiderueshme ruse n\u00eb Mali.&#8221;<\/p>\n\n\n\n<h3 class=\"wp-block-heading\">JNIM dhe FLA \u2013 bashk\u00ebpunim midis xhihadist\u00ebve dhe tuareg\u00ebve<\/h3>\n\n\n\n<p>&#8220;\u00cbsht\u00eb interesante q\u00eb ka pasur koordinim midis xhihadist\u00ebve dhe rebel\u00ebve tuareg, t\u00eb cil\u00ebt normalisht nuk kan\u00eb shum\u00eb t\u00eb p\u00ebrbashk\u00ebta, por kan\u00eb nj\u00eb armik t\u00eb p\u00ebrbashk\u00ebt&#8221;, tha&nbsp;<strong>Ulf Laessing<\/strong>&nbsp;, kreu i programit t\u00eb zon\u00ebs Sahel n\u00eb Fondacionin Gjerman Konrad Adenauer (KAS) n\u00eb Bamako. &#8220;Ata nis\u00ebn nj\u00eb sulm s\u00eb bashku n\u00eb vitin 2012 dhe mor\u00ebn veriun e Malit. M\u00eb von\u00eb, xhihadist\u00ebt i eliminuan tuareg\u00ebt&#8221;, tha Laessing p\u00ebr DW.<\/p>\n\n\n\n<p>Djallil Lounnas nuk \u00ebsht\u00eb shum\u00eb i befasuar nga bashk\u00ebpunimi i rip\u00ebrt\u00ebrir\u00eb midis JNIM dhe FLA-s\u00eb: \u201cKa lidhje t\u00eb forta midis tyre. Ata vijn\u00eb nga t\u00eb nj\u00ebjtat prejardhje fisnore. Ata luftuan s\u00eb bashku.\u201d Megjithat\u00eb, Laessing nuk beson se rebel\u00ebt po planifikojn\u00eb t\u00eb pushtojn\u00eb qytete t\u00eb m\u00ebdha si Bamako.&#8221;Ata nuk kan\u00eb kapacitet p\u00ebr t\u00eb drejtuar nj\u00eb qytet t\u00eb madh. Ata duan t\u00eb nxisin rebelim, duke shpresuar ta detyrojn\u00eb qeverin\u00eb t\u00eb negocioj\u00eb ose t\u00eb \u00e7oj\u00eb n\u00eb nj\u00eb ndryshim t\u00eb qeveris\u00eb&#8221;, tha ai. &#8220;Por nuk ka asnj\u00eb tregues se kjo po ndodh. Shumica e njer\u00ebzve jan\u00eb t\u00eb pak\u00ebnaqur me situat\u00ebn, por ende e mb\u00ebshtesin qeverin\u00eb sepse nuk duan t\u00eb sundohen nga xhihadist\u00ebt.&#8221;<\/p>\n\n\n\n<p>Bamako ka qen\u00eb n\u00ebn nj\u00eb shtetrrethim 72-or\u00ebsh q\u00eb nga nata e s\u00eb shtun\u00ebs. Barrikadat jan\u00eb ngritur p\u00ebrpara stacioneve t\u00eb policis\u00eb, Shtabit t\u00eb P\u00ebrgjithsh\u00ebm t\u00eb Forcave t\u00eb Armatosura dhe televizionit shtet\u00ebror.<\/p>\n\n\n\n<figure class=\"wp-block-image\"><a class=\"se__anchor image-popup-vertical-fit open-gallery--photoswipe-embed photoswipe-event\" href=\"https:\/\/media.jutarnji.hr\/images\/slike\/2026\/04\/29\/38822961.jpg\"><img decoding=\"async\" src=\"https:\/\/media.jutarnji.hr\/images\/slike\/2026\/04\/29\/38822961.jpg?1777533944\" alt=\"imazh\"\/><\/a><\/figure>\n\n\n\n<p>Nj\u00eb banor i Katit, i cili d\u00ebshiroi t\u00eb mbetej anonim, tha: &#8220;\u00cbsht\u00eb jasht\u00ebzakonisht e v\u00ebshtir\u00eb t\u00eb largohesh nga Kati. Rrug\u00ebt hyr\u00ebse p\u00ebr n\u00eb rrug\u00ebt kryesore jan\u00eb t\u00eb mbyllura p\u00ebr trafikun.&#8221;<\/p>\n\n\n\n<h3 class=\"wp-block-heading\">AES i dob\u00ebsuar mezi funksionon<\/h3>\n\n\n\n<p>Aleanca e Shteteve t\u00eb Sahelit (AES), e cila p\u00ebrfshin Malin dhe shtetet fqinje t\u00eb sunduara nga ushtria, Burkina Faso dhe Nigeri, i d\u00ebnoi sulmet si nj\u00eb &#8220;komplot monstruoz t\u00eb mb\u00ebshtetur nga armiqt\u00eb e \u00e7lirimit t\u00eb Sahelit&#8221;. Fjal\u00eb t\u00eb forta nga aleanca &#8211; por Mali deri m\u00eb tani nuk ka marr\u00eb asnj\u00eb ndihm\u00eb konkrete ushtarake nga aleat\u00ebt e saj.<\/p>\n\n\n\n<p>Analistja Nina Wilen thot\u00eb se kjo \u00ebsht\u00eb &#8220;mjaft e habitshme, sepse ato nuk quhen vet\u00ebm aleanc\u00eb mbrojt\u00ebse, por edhe konfederat\u00eb&#8221;. Ajo shton se situata tregon se AES \u00ebsht\u00eb &#8220;m\u00eb shum\u00eb nj\u00eb aleanc\u00eb n\u00eb let\u00ebr sesa n\u00eb praktik\u00eb&#8221;.Ulf Laessing shton: &#8220;Burkina Faso dhe Nigeri nuk kan\u00eb realisht kapacitetin. Ata po luftojn\u00eb vet\u00eb xhihadist\u00ebt. Ndoshta mund t\u00eb ndihmojn\u00eb me dron\u00eb, por nuk pres t\u00eb d\u00ebrgoj trupa.&#8221;<\/p>\n\n\n\n<p>Korrespondenti i DW,&nbsp;<strong>Mahamadou Kane,<\/strong>&nbsp;tha se deri t\u00eb diel\u00ebn situata ishte qet\u00ebsuar n\u00eb qytetet Mopti dhe Sevare, ku ndodhet nj\u00eb nga bazat m\u00eb t\u00eb r\u00ebnd\u00ebsishme ushtarake. Nj\u00eb banor i Mopti tha n\u00eb m\u00ebnyr\u00eb anonime se kjo ishte rezultat i mb\u00ebshtetjes ajrore: &#8220;Ata arrit\u00ebn t\u00eb rimarrin rezidenc\u00ebn e guvernatorit dhe post\u00ebn e siguris\u00eb n\u00eb Baricondaga, t\u00eb cilat terrorist\u00ebt i kap\u00ebn t\u00eb shtun\u00ebn.&#8221;<\/p>\n\n\n\n<p>Gjermania &#8220;e pret lajmin&#8221; nga Mali me shqet\u00ebsim,&nbsp;tha p\u00ebr&nbsp;<a href=\"https:\/\/www.dw.com\/hr\/d%C5%BEihadisti-u-maliju-postaju-sve-ja%C4%8Di\/a-76968463\" target=\"_blank\" rel=\"noreferrer noopener\">Deutsche Welle z\u00ebdh\u00ebn\u00ebsja e Ministris\u00eb s\u00eb Jashtme gjermane&nbsp;<\/a><strong>Kathrin Deschauer<\/strong>&nbsp;. Shtetasve gjerman\u00eb u k\u00ebshillohet t\u00eb largohen nga vendi n\u00ebse \u00ebsht\u00eb e mundur dhe t\u00eb shmangin udh\u00ebtimet atje deri n\u00eb njoftim t\u00eb m\u00ebtejsh\u00ebm.<\/p>\n","protected":false},"excerpt":{"rendered":"<p>Pes\u00eb qytete garnizoni n\u00eb Mali \u2013 Kati, Bamako, Sevare, Gao dhe Kidal \u2013 u sh\u00ebnjestruan nj\u00ebkoh\u00ebsisht nga sulmet gjat\u00eb fundjav\u00ebs s\u00eb kaluar. Xhihadist\u00ebt e lidhur me Al-Kaed\u00ebn nga Grupi p\u00ebr Mb\u00ebshtetjen e Islamit dhe Mysliman\u00ebve (JNIM), n\u00eb koordinim me Frontin p\u00ebr \u00c7lirimin e Azawadit (FLA), i cili p\u00ebrb\u00ebhet kryesisht nga l\u00ebvizjet rebele t\u00eb pavar\u00ebsis\u00eb Tuareg, [&hellip;]<\/p>\n","protected":false},"author":4,"featured_media":12601,"comment_status":"open","ping_status":"open","sticky":false,"template":"","format":"standard","meta":{"footnotes":""},"categories":[33,30],"tags":[],"class_list":{"0":"post-12600","1":"post","2":"type-post","3":"status-publish","4":"format-standard","5":"has-post-thumbnail","7":"category-bote","8":"category-lajme"},"yoast_head":"<!-- This site is optimized with the Yoast SEO plugin v27.4 - https:\/\/yoast.com\/product\/yoast-seo-wordpress\/ -->\n<title>Kaos i papar\u00eb n\u00eb Afrik\u00eb: Vritet ministri, udh\u00ebheq\u00ebsi fshehet ndersa rus\u00ebt shp\u00ebtojn\u00eb kok\u00ebn! - Kosova Times<\/title>\n<meta name=\"robots\" content=\"index, follow, max-snippet:-1, max-image-preview:large, max-video-preview:-1\" \/>\n<link rel=\"canonical\" href=\"https:\/\/kosovatimes.info\/index.php\/2026\/04\/30\/kaos-i-papare-ne-afrike-vritet-ministri-udheheqesi-fshehet-ndersa-ruset-shpetojne-koken\/\" \/>\n<meta property=\"og:locale\" content=\"en_US\" \/>\n<meta property=\"og:type\" content=\"article\" \/>\n<meta property=\"og:title\" content=\"Kaos i papar\u00eb n\u00eb Afrik\u00eb: Vritet ministri, udh\u00ebheq\u00ebsi fshehet ndersa rus\u00ebt shp\u00ebtojn\u00eb kok\u00ebn! - Kosova Times\" \/>\n<meta property=\"og:description\" content=\"Pes\u00eb qytete garnizoni n\u00eb Mali \u2013 Kati, Bamako, Sevare, Gao dhe Kidal \u2013 u sh\u00ebnjestruan nj\u00ebkoh\u00ebsisht nga sulmet gjat\u00eb fundjav\u00ebs s\u00eb kaluar. Xhihadist\u00ebt e lidhur me Al-Kaed\u00ebn nga Grupi p\u00ebr Mb\u00ebshtetjen e Islamit dhe Mysliman\u00ebve (JNIM), n\u00eb koordinim me Frontin p\u00ebr \u00c7lirimin e Azawadit (FLA), i cili p\u00ebrb\u00ebhet kryesisht nga l\u00ebvizjet rebele t\u00eb pavar\u00ebsis\u00eb Tuareg, [&hellip;]\" \/>\n<meta property=\"og:url\" content=\"https:\/\/kosovatimes.info\/index.php\/2026\/04\/30\/kaos-i-papare-ne-afrike-vritet-ministri-udheheqesi-fshehet-ndersa-ruset-shpetojne-koken\/\" \/>\n<meta property=\"og:site_name\" content=\"Kosova Times\" \/>\n<meta property=\"article:published_time\" content=\"2026-04-30T07:39:14+00:00\" \/>\n<meta property=\"article:modified_time\" content=\"2026-04-30T07:39:16+00:00\" \/>\n<meta property=\"og:image\" content=\"https:\/\/kosovatimes.info\/wp-content\/uploads\/2026\/04\/afrike.jpg\" \/>\n\t<meta property=\"og:image:width\" content=\"1280\" \/>\n\t<meta property=\"og:image:height\" content=\"852\" \/>\n\t<meta property=\"og:image:type\" content=\"image\/jpeg\" \/>\n<meta name=\"author\" content=\"i l\" \/>\n<meta name=\"twitter:card\" content=\"summary_large_image\" \/>\n<meta name=\"twitter:label1\" content=\"Written by\" \/>\n\t<meta name=\"twitter:data1\" content=\"i l\" \/>\n\t<meta name=\"twitter:label2\" content=\"Est. reading time\" \/>\n\t<meta name=\"twitter:data2\" content=\"7 minutes\" \/>\n<script type=\"application\/ld+json\" class=\"yoast-schema-graph\">{\"@context\":\"https:\\\/\\\/schema.org\",\"@graph\":[{\"@type\":\"Article\",\"@id\":\"https:\\\/\\\/kosovatimes.info\\\/index.php\\\/2026\\\/04\\\/30\\\/kaos-i-papare-ne-afrike-vritet-ministri-udheheqesi-fshehet-ndersa-ruset-shpetojne-koken\\\/#article\",\"isPartOf\":{\"@id\":\"https:\\\/\\\/kosovatimes.info\\\/index.php\\\/2026\\\/04\\\/30\\\/kaos-i-papare-ne-afrike-vritet-ministri-udheheqesi-fshehet-ndersa-ruset-shpetojne-koken\\\/\"},\"author\":{\"name\":\"i l\",\"@id\":\"https:\\\/\\\/kosovatimes.info\\\/#\\\/schema\\\/person\\\/7586712b9c512fe68085de007378c915\"},\"headline\":\"Kaos i papar\u00eb n\u00eb Afrik\u00eb: Vritet ministri, udh\u00ebheq\u00ebsi fshehet ndersa rus\u00ebt shp\u00ebtojn\u00eb kok\u00ebn!\",\"datePublished\":\"2026-04-30T07:39:14+00:00\",\"dateModified\":\"2026-04-30T07:39:16+00:00\",\"mainEntityOfPage\":{\"@id\":\"https:\\\/\\\/kosovatimes.info\\\/index.php\\\/2026\\\/04\\\/30\\\/kaos-i-papare-ne-afrike-vritet-ministri-udheheqesi-fshehet-ndersa-ruset-shpetojne-koken\\\/\"},\"wordCount\":1417,\"commentCount\":0,\"image\":{\"@id\":\"https:\\\/\\\/kosovatimes.info\\\/index.php\\\/2026\\\/04\\\/30\\\/kaos-i-papare-ne-afrike-vritet-ministri-udheheqesi-fshehet-ndersa-ruset-shpetojne-koken\\\/#primaryimage\"},\"thumbnailUrl\":\"https:\\\/\\\/kosovatimes.info\\\/wp-content\\\/uploads\\\/2026\\\/04\\\/afrike.jpg\",\"articleSection\":[\"Bot\u00eb\",\"Lajme\"],\"inLanguage\":\"en-US\",\"potentialAction\":[{\"@type\":\"CommentAction\",\"name\":\"Comment\",\"target\":[\"https:\\\/\\\/kosovatimes.info\\\/index.php\\\/2026\\\/04\\\/30\\\/kaos-i-papare-ne-afrike-vritet-ministri-udheheqesi-fshehet-ndersa-ruset-shpetojne-koken\\\/#respond\"]}]},{\"@type\":\"WebPage\",\"@id\":\"https:\\\/\\\/kosovatimes.info\\\/index.php\\\/2026\\\/04\\\/30\\\/kaos-i-papare-ne-afrike-vritet-ministri-udheheqesi-fshehet-ndersa-ruset-shpetojne-koken\\\/\",\"url\":\"https:\\\/\\\/kosovatimes.info\\\/index.php\\\/2026\\\/04\\\/30\\\/kaos-i-papare-ne-afrike-vritet-ministri-udheheqesi-fshehet-ndersa-ruset-shpetojne-koken\\\/\",\"name\":\"Kaos i papar\u00eb n\u00eb Afrik\u00eb: Vritet ministri, udh\u00ebheq\u00ebsi fshehet ndersa rus\u00ebt shp\u00ebtojn\u00eb kok\u00ebn! - Kosova Times\",\"isPartOf\":{\"@id\":\"https:\\\/\\\/kosovatimes.info\\\/#website\"},\"primaryImageOfPage\":{\"@id\":\"https:\\\/\\\/kosovatimes.info\\\/index.php\\\/2026\\\/04\\\/30\\\/kaos-i-papare-ne-afrike-vritet-ministri-udheheqesi-fshehet-ndersa-ruset-shpetojne-koken\\\/#primaryimage\"},\"image\":{\"@id\":\"https:\\\/\\\/kosovatimes.info\\\/index.php\\\/2026\\\/04\\\/30\\\/kaos-i-papare-ne-afrike-vritet-ministri-udheheqesi-fshehet-ndersa-ruset-shpetojne-koken\\\/#primaryimage\"},\"thumbnailUrl\":\"https:\\\/\\\/kosovatimes.info\\\/wp-content\\\/uploads\\\/2026\\\/04\\\/afrike.jpg\",\"datePublished\":\"2026-04-30T07:39:14+00:00\",\"dateModified\":\"2026-04-30T07:39:16+00:00\",\"author\":{\"@id\":\"https:\\\/\\\/kosovatimes.info\\\/#\\\/schema\\\/person\\\/7586712b9c512fe68085de007378c915\"},\"breadcrumb\":{\"@id\":\"https:\\\/\\\/kosovatimes.info\\\/index.php\\\/2026\\\/04\\\/30\\\/kaos-i-papare-ne-afrike-vritet-ministri-udheheqesi-fshehet-ndersa-ruset-shpetojne-koken\\\/#breadcrumb\"},\"inLanguage\":\"en-US\",\"potentialAction\":[{\"@type\":\"ReadAction\",\"target\":[\"https:\\\/\\\/kosovatimes.info\\\/index.php\\\/2026\\\/04\\\/30\\\/kaos-i-papare-ne-afrike-vritet-ministri-udheheqesi-fshehet-ndersa-ruset-shpetojne-koken\\\/\"]}]},{\"@type\":\"ImageObject\",\"inLanguage\":\"en-US\",\"@id\":\"https:\\\/\\\/kosovatimes.info\\\/index.php\\\/2026\\\/04\\\/30\\\/kaos-i-papare-ne-afrike-vritet-ministri-udheheqesi-fshehet-ndersa-ruset-shpetojne-koken\\\/#primaryimage\",\"url\":\"https:\\\/\\\/kosovatimes.info\\\/wp-content\\\/uploads\\\/2026\\\/04\\\/afrike.jpg\",\"contentUrl\":\"https:\\\/\\\/kosovatimes.info\\\/wp-content\\\/uploads\\\/2026\\\/04\\\/afrike.jpg\",\"width\":1280,\"height\":852},{\"@type\":\"BreadcrumbList\",\"@id\":\"https:\\\/\\\/kosovatimes.info\\\/index.php\\\/2026\\\/04\\\/30\\\/kaos-i-papare-ne-afrike-vritet-ministri-udheheqesi-fshehet-ndersa-ruset-shpetojne-koken\\\/#breadcrumb\",\"itemListElement\":[{\"@type\":\"ListItem\",\"position\":1,\"name\":\"Home\",\"item\":\"https:\\\/\\\/kosovatimes.info\\\/\"},{\"@type\":\"ListItem\",\"position\":2,\"name\":\"Kaos i papar\u00eb n\u00eb Afrik\u00eb: Vritet ministri, udh\u00ebheq\u00ebsi fshehet ndersa rus\u00ebt shp\u00ebtojn\u00eb kok\u00ebn!\"}]},{\"@type\":\"WebSite\",\"@id\":\"https:\\\/\\\/kosovatimes.info\\\/#website\",\"url\":\"https:\\\/\\\/kosovatimes.info\\\/\",\"name\":\"Kosova Times\",\"description\":\"\",\"potentialAction\":[{\"@type\":\"SearchAction\",\"target\":{\"@type\":\"EntryPoint\",\"urlTemplate\":\"https:\\\/\\\/kosovatimes.info\\\/?s={search_term_string}\"},\"query-input\":{\"@type\":\"PropertyValueSpecification\",\"valueRequired\":true,\"valueName\":\"search_term_string\"}}],\"inLanguage\":\"en-US\"},{\"@type\":\"Person\",\"@id\":\"https:\\\/\\\/kosovatimes.info\\\/#\\\/schema\\\/person\\\/7586712b9c512fe68085de007378c915\",\"name\":\"i l\",\"image\":{\"@type\":\"ImageObject\",\"inLanguage\":\"en-US\",\"@id\":\"https:\\\/\\\/secure.gravatar.com\\\/avatar\\\/bad9296e02816160ae2e2435beda58222022298d5625d49fea74d18816fbb31d?s=96&d=mm&r=g\",\"url\":\"https:\\\/\\\/secure.gravatar.com\\\/avatar\\\/bad9296e02816160ae2e2435beda58222022298d5625d49fea74d18816fbb31d?s=96&d=mm&r=g\",\"contentUrl\":\"https:\\\/\\\/secure.gravatar.com\\\/avatar\\\/bad9296e02816160ae2e2435beda58222022298d5625d49fea74d18816fbb31d?s=96&d=mm&r=g\",\"caption\":\"i l\"},\"url\":\"https:\\\/\\\/kosovatimes.info\\\/index.php\\\/author\\\/iliri\\\/\"}]}<\/script>\n<!-- \/ Yoast SEO plugin. -->","yoast_head_json":{"title":"Kaos i papar\u00eb n\u00eb Afrik\u00eb: Vritet ministri, udh\u00ebheq\u00ebsi fshehet ndersa rus\u00ebt shp\u00ebtojn\u00eb kok\u00ebn! - Kosova Times","robots":{"index":"index","follow":"follow","max-snippet":"max-snippet:-1","max-image-preview":"max-image-preview:large","max-video-preview":"max-video-preview:-1"},"canonical":"https:\/\/kosovatimes.info\/index.php\/2026\/04\/30\/kaos-i-papare-ne-afrike-vritet-ministri-udheheqesi-fshehet-ndersa-ruset-shpetojne-koken\/","og_locale":"en_US","og_type":"article","og_title":"Kaos i papar\u00eb n\u00eb Afrik\u00eb: Vritet ministri, udh\u00ebheq\u00ebsi fshehet ndersa rus\u00ebt shp\u00ebtojn\u00eb kok\u00ebn! - Kosova Times","og_description":"Pes\u00eb qytete garnizoni n\u00eb Mali \u2013 Kati, Bamako, Sevare, Gao dhe Kidal \u2013 u sh\u00ebnjestruan nj\u00ebkoh\u00ebsisht nga sulmet gjat\u00eb fundjav\u00ebs s\u00eb kaluar. Xhihadist\u00ebt e lidhur me Al-Kaed\u00ebn nga Grupi p\u00ebr Mb\u00ebshtetjen e Islamit dhe Mysliman\u00ebve (JNIM), n\u00eb koordinim me Frontin p\u00ebr \u00c7lirimin e Azawadit (FLA), i cili p\u00ebrb\u00ebhet kryesisht nga l\u00ebvizjet rebele t\u00eb pavar\u00ebsis\u00eb Tuareg, [&hellip;]","og_url":"https:\/\/kosovatimes.info\/index.php\/2026\/04\/30\/kaos-i-papare-ne-afrike-vritet-ministri-udheheqesi-fshehet-ndersa-ruset-shpetojne-koken\/","og_site_name":"Kosova Times","article_published_time":"2026-04-30T07:39:14+00:00","article_modified_time":"2026-04-30T07:39:16+00:00","og_image":[{"width":1280,"height":852,"url":"https:\/\/kosovatimes.info\/wp-content\/uploads\/2026\/04\/afrike.jpg","type":"image\/jpeg"}],"author":"i l","twitter_card":"summary_large_image","twitter_misc":{"Written by":"i l","Est. reading time":"7 minutes"},"schema":{"@context":"https:\/\/schema.org","@graph":[{"@type":"Article","@id":"https:\/\/kosovatimes.info\/index.php\/2026\/04\/30\/kaos-i-papare-ne-afrike-vritet-ministri-udheheqesi-fshehet-ndersa-ruset-shpetojne-koken\/#article","isPartOf":{"@id":"https:\/\/kosovatimes.info\/index.php\/2026\/04\/30\/kaos-i-papare-ne-afrike-vritet-ministri-udheheqesi-fshehet-ndersa-ruset-shpetojne-koken\/"},"author":{"name":"i l","@id":"https:\/\/kosovatimes.info\/#\/schema\/person\/7586712b9c512fe68085de007378c915"},"headline":"Kaos i papar\u00eb n\u00eb Afrik\u00eb: Vritet ministri, udh\u00ebheq\u00ebsi fshehet ndersa rus\u00ebt shp\u00ebtojn\u00eb kok\u00ebn!","datePublished":"2026-04-30T07:39:14+00:00","dateModified":"2026-04-30T07:39:16+00:00","mainEntityOfPage":{"@id":"https:\/\/kosovatimes.info\/index.php\/2026\/04\/30\/kaos-i-papare-ne-afrike-vritet-ministri-udheheqesi-fshehet-ndersa-ruset-shpetojne-koken\/"},"wordCount":1417,"commentCount":0,"image":{"@id":"https:\/\/kosovatimes.info\/index.php\/2026\/04\/30\/kaos-i-papare-ne-afrike-vritet-ministri-udheheqesi-fshehet-ndersa-ruset-shpetojne-koken\/#primaryimage"},"thumbnailUrl":"https:\/\/kosovatimes.info\/wp-content\/uploads\/2026\/04\/afrike.jpg","articleSection":["Bot\u00eb","Lajme"],"inLanguage":"en-US","potentialAction":[{"@type":"CommentAction","name":"Comment","target":["https:\/\/kosovatimes.info\/index.php\/2026\/04\/30\/kaos-i-papare-ne-afrike-vritet-ministri-udheheqesi-fshehet-ndersa-ruset-shpetojne-koken\/#respond"]}]},{"@type":"WebPage","@id":"https:\/\/kosovatimes.info\/index.php\/2026\/04\/30\/kaos-i-papare-ne-afrike-vritet-ministri-udheheqesi-fshehet-ndersa-ruset-shpetojne-koken\/","url":"https:\/\/kosovatimes.info\/index.php\/2026\/04\/30\/kaos-i-papare-ne-afrike-vritet-ministri-udheheqesi-fshehet-ndersa-ruset-shpetojne-koken\/","name":"Kaos i papar\u00eb n\u00eb Afrik\u00eb: Vritet ministri, udh\u00ebheq\u00ebsi fshehet ndersa rus\u00ebt shp\u00ebtojn\u00eb kok\u00ebn! - Kosova Times","isPartOf":{"@id":"https:\/\/kosovatimes.info\/#website"},"primaryImageOfPage":{"@id":"https:\/\/kosovatimes.info\/index.php\/2026\/04\/30\/kaos-i-papare-ne-afrike-vritet-ministri-udheheqesi-fshehet-ndersa-ruset-shpetojne-koken\/#primaryimage"},"image":{"@id":"https:\/\/kosovatimes.info\/index.php\/2026\/04\/30\/kaos-i-papare-ne-afrike-vritet-ministri-udheheqesi-fshehet-ndersa-ruset-shpetojne-koken\/#primaryimage"},"thumbnailUrl":"https:\/\/kosovatimes.info\/wp-content\/uploads\/2026\/04\/afrike.jpg","datePublished":"2026-04-30T07:39:14+00:00","dateModified":"2026-04-30T07:39:16+00:00","author":{"@id":"https:\/\/kosovatimes.info\/#\/schema\/person\/7586712b9c512fe68085de007378c915"},"breadcrumb":{"@id":"https:\/\/kosovatimes.info\/index.php\/2026\/04\/30\/kaos-i-papare-ne-afrike-vritet-ministri-udheheqesi-fshehet-ndersa-ruset-shpetojne-koken\/#breadcrumb"},"inLanguage":"en-US","potentialAction":[{"@type":"ReadAction","target":["https:\/\/kosovatimes.info\/index.php\/2026\/04\/30\/kaos-i-papare-ne-afrike-vritet-ministri-udheheqesi-fshehet-ndersa-ruset-shpetojne-koken\/"]}]},{"@type":"ImageObject","inLanguage":"en-US","@id":"https:\/\/kosovatimes.info\/index.php\/2026\/04\/30\/kaos-i-papare-ne-afrike-vritet-ministri-udheheqesi-fshehet-ndersa-ruset-shpetojne-koken\/#primaryimage","url":"https:\/\/kosovatimes.info\/wp-content\/uploads\/2026\/04\/afrike.jpg","contentUrl":"https:\/\/kosovatimes.info\/wp-content\/uploads\/2026\/04\/afrike.jpg","width":1280,"height":852},{"@type":"BreadcrumbList","@id":"https:\/\/kosovatimes.info\/index.php\/2026\/04\/30\/kaos-i-papare-ne-afrike-vritet-ministri-udheheqesi-fshehet-ndersa-ruset-shpetojne-koken\/#breadcrumb","itemListElement":[{"@type":"ListItem","position":1,"name":"Home","item":"https:\/\/kosovatimes.info\/"},{"@type":"ListItem","position":2,"name":"Kaos i papar\u00eb n\u00eb Afrik\u00eb: Vritet ministri, udh\u00ebheq\u00ebsi fshehet ndersa rus\u00ebt shp\u00ebtojn\u00eb kok\u00ebn!"}]},{"@type":"WebSite","@id":"https:\/\/kosovatimes.info\/#website","url":"https:\/\/kosovatimes.info\/","name":"Kosova Times","description":"","potentialAction":[{"@type":"SearchAction","target":{"@type":"EntryPoint","urlTemplate":"https:\/\/kosovatimes.info\/?s={search_term_string}"},"query-input":{"@type":"PropertyValueSpecification","valueRequired":true,"valueName":"search_term_string"}}],"inLanguage":"en-US"},{"@type":"Person","@id":"https:\/\/kosovatimes.info\/#\/schema\/person\/7586712b9c512fe68085de007378c915","name":"i l","image":{"@type":"ImageObject","inLanguage":"en-US","@id":"https:\/\/secure.gravatar.com\/avatar\/bad9296e02816160ae2e2435beda58222022298d5625d49fea74d18816fbb31d?s=96&d=mm&r=g","url":"https:\/\/secure.gravatar.com\/avatar\/bad9296e02816160ae2e2435beda58222022298d5625d49fea74d18816fbb31d?s=96&d=mm&r=g","contentUrl":"https:\/\/secure.gravatar.com\/avatar\/bad9296e02816160ae2e2435beda58222022298d5625d49fea74d18816fbb31d?s=96&d=mm&r=g","caption":"i l"},"url":"https:\/\/kosovatimes.info\/index.php\/author\/iliri\/"}]}},"_links":{"self":[{"href":"https:\/\/kosovatimes.info\/index.php\/wp-json\/wp\/v2\/posts\/12600","targetHints":{"allow":["GET"]}}],"collection":[{"href":"https:\/\/kosovatimes.info\/index.php\/wp-json\/wp\/v2\/posts"}],"about":[{"href":"https:\/\/kosovatimes.info\/index.php\/wp-json\/wp\/v2\/types\/post"}],"author":[{"embeddable":true,"href":"https:\/\/kosovatimes.info\/index.php\/wp-json\/wp\/v2\/users\/4"}],"replies":[{"embeddable":true,"href":"https:\/\/kosovatimes.info\/index.php\/wp-json\/wp\/v2\/comments?post=12600"}],"version-history":[{"count":1,"href":"https:\/\/kosovatimes.info\/index.php\/wp-json\/wp\/v2\/posts\/12600\/revisions"}],"predecessor-version":[{"id":12602,"href":"https:\/\/kosovatimes.info\/index.php\/wp-json\/wp\/v2\/posts\/12600\/revisions\/12602"}],"wp:featuredmedia":[{"embeddable":true,"href":"https:\/\/kosovatimes.info\/index.php\/wp-json\/wp\/v2\/media\/12601"}],"wp:attachment":[{"href":"https:\/\/kosovatimes.info\/index.php\/wp-json\/wp\/v2\/media?parent=12600"}],"wp:term":[{"taxonomy":"category","embeddable":true,"href":"https:\/\/kosovatimes.info\/index.php\/wp-json\/wp\/v2\/categories?post=12600"},{"taxonomy":"post_tag","embeddable":true,"href":"https:\/\/kosovatimes.info\/index.php\/wp-json\/wp\/v2\/tags?post=12600"}],"curies":[{"name":"wp","href":"https:\/\/api.w.org\/{rel}","templated":true}]}}