{"id":12603,"date":"2026-04-30T09:44:15","date_gmt":"2026-04-30T07:44:15","guid":{"rendered":"https:\/\/kosovatimes.info\/?p=12603"},"modified":"2026-04-30T09:45:43","modified_gmt":"2026-04-30T07:45:43","slug":"kallezim-peal-daj-kosovarit-germoi-tere-kodren-per-te-arritur-ne-detin-adriatik","status":"publish","type":"post","link":"https:\/\/kosovatimes.info\/index.php\/2026\/04\/30\/kallezim-peal-daj-kosovarit-germoi-tere-kodren-per-te-arritur-ne-detin-adriatik\/","title":{"rendered":"Kall\u00ebzim penal ndaj kosovarit:  g\u00ebrmoi t\u00ebr\u00eb kodr\u00ebn p\u00ebr t\u00eb arritur n\u00eb detin Adriatik!"},"content":{"rendered":"\n<p>Kall\u00ebzimi penal \u00ebsht\u00eb paraqitur nga oficer\u00ebt e Qendr\u00ebs Rajonale t\u00eb Siguris\u00eb &#8220;Jug&#8221;, Departamenti i Siguris\u00eb s\u00eb Tivarit, n\u00eb bashk\u00ebpunim dhe me urdh\u00ebr t\u00eb Prokuroris\u00eb Themelore t\u00eb Shtetit n\u00eb Tivar.Nj\u00eb kall\u00ebzim penal \u00ebsht\u00eb ngritur\u00a0 <strong>N.O <\/strong>kund\u00ebr nj\u00eb shtetasi t\u00eb Kosov\u00ebs,\u00a0Feral.bar. <\/p>\n\n\n\n<figure class=\"wp-block-image\"><a class=\"se__anchor image-popup-vertical-fit open-gallery--photoswipe-embed photoswipe-event\" href=\"https:\/\/media.jutarnji.hr\/images\/slike\/2026\/04\/30\/38827678.jpg\"><img decoding=\"async\" src=\"https:\/\/media.jutarnji.hr\/images\/slike\/2026\/04\/30\/38827678.jpg?1777532305\" alt=\"imazh\"\/><\/a><\/figure>\n\n\n\n<p>&#8220;N\u00eb Tivar, n\u00eb vendbanimin Utjeha &#8211; Kunje, n\u00eb pron\u00ebsi t\u00eb Malit t\u00eb Zi, nga korriku i vitit 2025 deri n\u00eb mesin e marsit t\u00eb vitit 2026, pa k\u00ebrkes\u00eb nd\u00ebrtimi dhe dokumentacion mbi nd\u00ebrtimin e objekteve, n\u00eb tok\u00eb shtet\u00ebrore t\u00eb uzurpuar n\u00eb m\u00ebnyr\u00eb t\u00eb paligjshme, n\u00eb gjat\u00ebsi deri n\u00eb breg t\u00eb detit, ai kreu punime &#8211; pastrimin e pyllit, rrafshimin e terrenit, prishjen e bregdetit shk\u00ebmbor, krijimin e nj\u00eb vije kaskade n\u00eb shpatin deri n\u00eb breg t\u00eb detit n\u00eb nj\u00eb gjat\u00ebsi prej rreth 600 metrash dhe nj\u00eb gjer\u00ebsi prej 50 metrash n\u00eb vet\u00eb bregun e detit. N\u00eb k\u00ebt\u00eb m\u00ebnyr\u00eb, u kryen shkat\u00ebrrime t\u00eb konsiderueshme n\u00eb zon\u00eb, pamja ambientale e bregdetit u d\u00ebmtua p\u00ebrgjithmon\u00eb dhe u shkaktuan d\u00ebme n\u00eb mjedis, dhe t\u00eb gjitha veprimet u kryen pa leje ose miratim, n\u00eb tok\u00eb shtet\u00ebrore&#8221;, njoftoi Administrata e Malit t\u00eb Zi.<\/p>\n\n\n\n<figure class=\"wp-block-image\"><a class=\"se__anchor image-popup-vertical-fit open-gallery--photoswipe-embed photoswipe-event\" href=\"https:\/\/media.jutarnji.hr\/images\/slike\/2026\/04\/30\/38827676.jpg\"><img decoding=\"async\" src=\"https:\/\/media.jutarnji.hr\/images\/slike\/2026\/04\/30\/38827676.jpg?1777532305\" alt=\"imazh\"\/><\/a><\/figure>\n\n\n\n<p>Punimet p\u00ebr t\u00eb cilat \u00ebsht\u00eb paraqitur k\u00ebrkesa<\/p>\n\n\n\n<p>Ai dyshohet se ka p\u00ebrfituar nj\u00eb p\u00ebrfitim material t\u00eb paligjsh\u00ebm prej rreth tre milion\u00eb eurosh, n\u00eb d\u00ebm t\u00eb buxhetit t\u00eb Malit t\u00eb Zi. Ata deklarojn\u00eb se gjith\u00e7ka \u00ebsht\u00eb v\u00ebrtetuar gjat\u00eb inspektimeve n\u00eb terren nga Sh\u00ebrbimi kompetent i Policis\u00eb Bashkiake, Inspektorati i Bashkis\u00eb s\u00eb Tivarit dhe Kompania Publike p\u00ebr Menaxhimin e Zon\u00ebs Bregdetare t\u00eb Malit t\u00eb Zi.<\/p>\n\n\n\n<figure class=\"wp-block-image\"><a class=\"se__anchor image-popup-vertical-fit open-gallery--photoswipe-embed photoswipe-event\" href=\"https:\/\/media.jutarnji.hr\/images\/slike\/2026\/04\/30\/38827677.jpg\"><img decoding=\"async\" src=\"https:\/\/media.jutarnji.hr\/images\/slike\/2026\/04\/30\/38827677.jpg?1777532305\" alt=\"imazh\"\/><\/a><\/figure>\n\n\n\n<p>Kall\u00ebzimi penal \u00ebsht\u00eb paraqitur nga oficer\u00ebt e Qendr\u00ebs Rajonale t\u00eb Siguris\u00eb &#8220;Jug&#8221;, Departamenti i Siguris\u00eb s\u00eb Tivarit, n\u00eb bashk\u00ebpunim dhe me urdh\u00ebr t\u00eb Prokuroris\u00eb Themelore t\u00eb Shtetit n\u00eb Tivar.<\/p>\n","protected":false},"excerpt":{"rendered":"<p>Kall\u00ebzimi penal \u00ebsht\u00eb paraqitur nga oficer\u00ebt e Qendr\u00ebs Rajonale t\u00eb Siguris\u00eb &#8220;Jug&#8221;, Departamenti i Siguris\u00eb s\u00eb Tivarit, n\u00eb bashk\u00ebpunim dhe me urdh\u00ebr t\u00eb Prokuroris\u00eb Themelore t\u00eb Shtetit n\u00eb Tivar.Nj\u00eb kall\u00ebzim penal \u00ebsht\u00eb ngritur\u00a0 N.O kund\u00ebr nj\u00eb shtetasi t\u00eb Kosov\u00ebs,\u00a0Feral.bar. &#8220;N\u00eb Tivar, n\u00eb vendbanimin Utjeha &#8211; Kunje, n\u00eb pron\u00ebsi t\u00eb Malit t\u00eb Zi, nga korriku i [&hellip;]<\/p>\n","protected":false},"author":4,"featured_media":12604,"comment_status":"open","ping_status":"open","sticky":false,"template":"","format":"standard","meta":{"footnotes":""},"categories":[30,32],"tags":[],"class_list":{"0":"post-12603","1":"post","2":"type-post","3":"status-publish","4":"format-standard","5":"has-post-thumbnail","7":"category-lajme","8":"category-rajon"},"yoast_head":"<!-- This site is optimized with the Yoast SEO plugin v27.4 - https:\/\/yoast.com\/product\/yoast-seo-wordpress\/ -->\n<title>Kall\u00ebzim penal ndaj kosovarit: g\u00ebrmoi t\u00ebr\u00eb kodr\u00ebn p\u00ebr t\u00eb arritur n\u00eb detin Adriatik! - Kosova Times<\/title>\n<meta name=\"robots\" content=\"index, follow, max-snippet:-1, max-image-preview:large, max-video-preview:-1\" \/>\n<link rel=\"canonical\" href=\"https:\/\/kosovatimes.info\/index.php\/2026\/04\/30\/kallezim-peal-daj-kosovarit-germoi-tere-kodren-per-te-arritur-ne-detin-adriatik\/\" \/>\n<meta property=\"og:locale\" content=\"en_US\" \/>\n<meta property=\"og:type\" content=\"article\" \/>\n<meta property=\"og:title\" content=\"Kall\u00ebzim penal ndaj kosovarit: g\u00ebrmoi t\u00ebr\u00eb kodr\u00ebn p\u00ebr t\u00eb arritur n\u00eb detin Adriatik! - Kosova Times\" \/>\n<meta property=\"og:description\" content=\"Kall\u00ebzimi penal \u00ebsht\u00eb paraqitur nga oficer\u00ebt e Qendr\u00ebs Rajonale t\u00eb Siguris\u00eb &#8220;Jug&#8221;, Departamenti i Siguris\u00eb s\u00eb Tivarit, n\u00eb bashk\u00ebpunim dhe me urdh\u00ebr t\u00eb Prokuroris\u00eb Themelore t\u00eb Shtetit n\u00eb Tivar.Nj\u00eb kall\u00ebzim penal \u00ebsht\u00eb ngritur\u00a0 N.O kund\u00ebr nj\u00eb shtetasi t\u00eb Kosov\u00ebs,\u00a0Feral.bar. &#8220;N\u00eb Tivar, n\u00eb vendbanimin Utjeha &#8211; Kunje, n\u00eb pron\u00ebsi t\u00eb Malit t\u00eb Zi, nga korriku i [&hellip;]\" \/>\n<meta property=\"og:url\" content=\"https:\/\/kosovatimes.info\/index.php\/2026\/04\/30\/kallezim-peal-daj-kosovarit-germoi-tere-kodren-per-te-arritur-ne-detin-adriatik\/\" \/>\n<meta property=\"og:site_name\" content=\"Kosova Times\" \/>\n<meta property=\"article:published_time\" content=\"2026-04-30T07:44:15+00:00\" \/>\n<meta property=\"article:modified_time\" content=\"2026-04-30T07:45:43+00:00\" \/>\n<meta property=\"og:image\" content=\"https:\/\/kosovatimes.info\/wp-content\/uploads\/2026\/04\/Bar.jpg\" \/>\n\t<meta property=\"og:image:width\" content=\"1280\" \/>\n\t<meta property=\"og:image:height\" content=\"958\" \/>\n\t<meta property=\"og:image:type\" content=\"image\/jpeg\" \/>\n<meta name=\"author\" content=\"i l\" \/>\n<meta name=\"twitter:card\" content=\"summary_large_image\" \/>\n<meta name=\"twitter:label1\" content=\"Written by\" \/>\n\t<meta name=\"twitter:data1\" content=\"i l\" \/>\n\t<meta name=\"twitter:label2\" content=\"Est. reading time\" \/>\n\t<meta name=\"twitter:data2\" content=\"2 minutes\" \/>\n<script type=\"application\/ld+json\" class=\"yoast-schema-graph\">{\"@context\":\"https:\\\/\\\/schema.org\",\"@graph\":[{\"@type\":\"Article\",\"@id\":\"https:\\\/\\\/kosovatimes.info\\\/index.php\\\/2026\\\/04\\\/30\\\/kallezim-peal-daj-kosovarit-germoi-tere-kodren-per-te-arritur-ne-detin-adriatik\\\/#article\",\"isPartOf\":{\"@id\":\"https:\\\/\\\/kosovatimes.info\\\/index.php\\\/2026\\\/04\\\/30\\\/kallezim-peal-daj-kosovarit-germoi-tere-kodren-per-te-arritur-ne-detin-adriatik\\\/\"},\"author\":{\"name\":\"i l\",\"@id\":\"https:\\\/\\\/kosovatimes.info\\\/#\\\/schema\\\/person\\\/7586712b9c512fe68085de007378c915\"},\"headline\":\"Kall\u00ebzim penal ndaj kosovarit: g\u00ebrmoi t\u00ebr\u00eb kodr\u00ebn p\u00ebr t\u00eb arritur n\u00eb detin Adriatik!\",\"datePublished\":\"2026-04-30T07:44:15+00:00\",\"dateModified\":\"2026-04-30T07:45:43+00:00\",\"mainEntityOfPage\":{\"@id\":\"https:\\\/\\\/kosovatimes.info\\\/index.php\\\/2026\\\/04\\\/30\\\/kallezim-peal-daj-kosovarit-germoi-tere-kodren-per-te-arritur-ne-detin-adriatik\\\/\"},\"wordCount\":327,\"commentCount\":0,\"image\":{\"@id\":\"https:\\\/\\\/kosovatimes.info\\\/index.php\\\/2026\\\/04\\\/30\\\/kallezim-peal-daj-kosovarit-germoi-tere-kodren-per-te-arritur-ne-detin-adriatik\\\/#primaryimage\"},\"thumbnailUrl\":\"https:\\\/\\\/kosovatimes.info\\\/wp-content\\\/uploads\\\/2026\\\/04\\\/Bar.jpg\",\"articleSection\":[\"Lajme\",\"Rajon\"],\"inLanguage\":\"en-US\",\"potentialAction\":[{\"@type\":\"CommentAction\",\"name\":\"Comment\",\"target\":[\"https:\\\/\\\/kosovatimes.info\\\/index.php\\\/2026\\\/04\\\/30\\\/kallezim-peal-daj-kosovarit-germoi-tere-kodren-per-te-arritur-ne-detin-adriatik\\\/#respond\"]}]},{\"@type\":\"WebPage\",\"@id\":\"https:\\\/\\\/kosovatimes.info\\\/index.php\\\/2026\\\/04\\\/30\\\/kallezim-peal-daj-kosovarit-germoi-tere-kodren-per-te-arritur-ne-detin-adriatik\\\/\",\"url\":\"https:\\\/\\\/kosovatimes.info\\\/index.php\\\/2026\\\/04\\\/30\\\/kallezim-peal-daj-kosovarit-germoi-tere-kodren-per-te-arritur-ne-detin-adriatik\\\/\",\"name\":\"Kall\u00ebzim penal ndaj kosovarit: g\u00ebrmoi t\u00ebr\u00eb kodr\u00ebn p\u00ebr t\u00eb arritur n\u00eb detin Adriatik! - Kosova Times\",\"isPartOf\":{\"@id\":\"https:\\\/\\\/kosovatimes.info\\\/#website\"},\"primaryImageOfPage\":{\"@id\":\"https:\\\/\\\/kosovatimes.info\\\/index.php\\\/2026\\\/04\\\/30\\\/kallezim-peal-daj-kosovarit-germoi-tere-kodren-per-te-arritur-ne-detin-adriatik\\\/#primaryimage\"},\"image\":{\"@id\":\"https:\\\/\\\/kosovatimes.info\\\/index.php\\\/2026\\\/04\\\/30\\\/kallezim-peal-daj-kosovarit-germoi-tere-kodren-per-te-arritur-ne-detin-adriatik\\\/#primaryimage\"},\"thumbnailUrl\":\"https:\\\/\\\/kosovatimes.info\\\/wp-content\\\/uploads\\\/2026\\\/04\\\/Bar.jpg\",\"datePublished\":\"2026-04-30T07:44:15+00:00\",\"dateModified\":\"2026-04-30T07:45:43+00:00\",\"author\":{\"@id\":\"https:\\\/\\\/kosovatimes.info\\\/#\\\/schema\\\/person\\\/7586712b9c512fe68085de007378c915\"},\"breadcrumb\":{\"@id\":\"https:\\\/\\\/kosovatimes.info\\\/index.php\\\/2026\\\/04\\\/30\\\/kallezim-peal-daj-kosovarit-germoi-tere-kodren-per-te-arritur-ne-detin-adriatik\\\/#breadcrumb\"},\"inLanguage\":\"en-US\",\"potentialAction\":[{\"@type\":\"ReadAction\",\"target\":[\"https:\\\/\\\/kosovatimes.info\\\/index.php\\\/2026\\\/04\\\/30\\\/kallezim-peal-daj-kosovarit-germoi-tere-kodren-per-te-arritur-ne-detin-adriatik\\\/\"]}]},{\"@type\":\"ImageObject\",\"inLanguage\":\"en-US\",\"@id\":\"https:\\\/\\\/kosovatimes.info\\\/index.php\\\/2026\\\/04\\\/30\\\/kallezim-peal-daj-kosovarit-germoi-tere-kodren-per-te-arritur-ne-detin-adriatik\\\/#primaryimage\",\"url\":\"https:\\\/\\\/kosovatimes.info\\\/wp-content\\\/uploads\\\/2026\\\/04\\\/Bar.jpg\",\"contentUrl\":\"https:\\\/\\\/kosovatimes.info\\\/wp-content\\\/uploads\\\/2026\\\/04\\\/Bar.jpg\",\"width\":1280,\"height\":958},{\"@type\":\"BreadcrumbList\",\"@id\":\"https:\\\/\\\/kosovatimes.info\\\/index.php\\\/2026\\\/04\\\/30\\\/kallezim-peal-daj-kosovarit-germoi-tere-kodren-per-te-arritur-ne-detin-adriatik\\\/#breadcrumb\",\"itemListElement\":[{\"@type\":\"ListItem\",\"position\":1,\"name\":\"Home\",\"item\":\"https:\\\/\\\/kosovatimes.info\\\/\"},{\"@type\":\"ListItem\",\"position\":2,\"name\":\"Kall\u00ebzim penal ndaj kosovarit: g\u00ebrmoi t\u00ebr\u00eb kodr\u00ebn p\u00ebr t\u00eb arritur n\u00eb detin Adriatik!\"}]},{\"@type\":\"WebSite\",\"@id\":\"https:\\\/\\\/kosovatimes.info\\\/#website\",\"url\":\"https:\\\/\\\/kosovatimes.info\\\/\",\"name\":\"Kosova Times\",\"description\":\"\",\"potentialAction\":[{\"@type\":\"SearchAction\",\"target\":{\"@type\":\"EntryPoint\",\"urlTemplate\":\"https:\\\/\\\/kosovatimes.info\\\/?s={search_term_string}\"},\"query-input\":{\"@type\":\"PropertyValueSpecification\",\"valueRequired\":true,\"valueName\":\"search_term_string\"}}],\"inLanguage\":\"en-US\"},{\"@type\":\"Person\",\"@id\":\"https:\\\/\\\/kosovatimes.info\\\/#\\\/schema\\\/person\\\/7586712b9c512fe68085de007378c915\",\"name\":\"i l\",\"image\":{\"@type\":\"ImageObject\",\"inLanguage\":\"en-US\",\"@id\":\"https:\\\/\\\/secure.gravatar.com\\\/avatar\\\/bad9296e02816160ae2e2435beda58222022298d5625d49fea74d18816fbb31d?s=96&d=mm&r=g\",\"url\":\"https:\\\/\\\/secure.gravatar.com\\\/avatar\\\/bad9296e02816160ae2e2435beda58222022298d5625d49fea74d18816fbb31d?s=96&d=mm&r=g\",\"contentUrl\":\"https:\\\/\\\/secure.gravatar.com\\\/avatar\\\/bad9296e02816160ae2e2435beda58222022298d5625d49fea74d18816fbb31d?s=96&d=mm&r=g\",\"caption\":\"i l\"},\"url\":\"https:\\\/\\\/kosovatimes.info\\\/index.php\\\/author\\\/iliri\\\/\"}]}<\/script>\n<!-- \/ Yoast SEO plugin. -->","yoast_head_json":{"title":"Kall\u00ebzim penal ndaj kosovarit: g\u00ebrmoi t\u00ebr\u00eb kodr\u00ebn p\u00ebr t\u00eb arritur n\u00eb detin Adriatik! - Kosova Times","robots":{"index":"index","follow":"follow","max-snippet":"max-snippet:-1","max-image-preview":"max-image-preview:large","max-video-preview":"max-video-preview:-1"},"canonical":"https:\/\/kosovatimes.info\/index.php\/2026\/04\/30\/kallezim-peal-daj-kosovarit-germoi-tere-kodren-per-te-arritur-ne-detin-adriatik\/","og_locale":"en_US","og_type":"article","og_title":"Kall\u00ebzim penal ndaj kosovarit: g\u00ebrmoi t\u00ebr\u00eb kodr\u00ebn p\u00ebr t\u00eb arritur n\u00eb detin Adriatik! - Kosova Times","og_description":"Kall\u00ebzimi penal \u00ebsht\u00eb paraqitur nga oficer\u00ebt e Qendr\u00ebs Rajonale t\u00eb Siguris\u00eb &#8220;Jug&#8221;, Departamenti i Siguris\u00eb s\u00eb Tivarit, n\u00eb bashk\u00ebpunim dhe me urdh\u00ebr t\u00eb Prokuroris\u00eb Themelore t\u00eb Shtetit n\u00eb Tivar.Nj\u00eb kall\u00ebzim penal \u00ebsht\u00eb ngritur\u00a0 N.O kund\u00ebr nj\u00eb shtetasi t\u00eb Kosov\u00ebs,\u00a0Feral.bar. &#8220;N\u00eb Tivar, n\u00eb vendbanimin Utjeha &#8211; Kunje, n\u00eb pron\u00ebsi t\u00eb Malit t\u00eb Zi, nga korriku i [&hellip;]","og_url":"https:\/\/kosovatimes.info\/index.php\/2026\/04\/30\/kallezim-peal-daj-kosovarit-germoi-tere-kodren-per-te-arritur-ne-detin-adriatik\/","og_site_name":"Kosova Times","article_published_time":"2026-04-30T07:44:15+00:00","article_modified_time":"2026-04-30T07:45:43+00:00","og_image":[{"width":1280,"height":958,"url":"https:\/\/kosovatimes.info\/wp-content\/uploads\/2026\/04\/Bar.jpg","type":"image\/jpeg"}],"author":"i l","twitter_card":"summary_large_image","twitter_misc":{"Written by":"i l","Est. reading time":"2 minutes"},"schema":{"@context":"https:\/\/schema.org","@graph":[{"@type":"Article","@id":"https:\/\/kosovatimes.info\/index.php\/2026\/04\/30\/kallezim-peal-daj-kosovarit-germoi-tere-kodren-per-te-arritur-ne-detin-adriatik\/#article","isPartOf":{"@id":"https:\/\/kosovatimes.info\/index.php\/2026\/04\/30\/kallezim-peal-daj-kosovarit-germoi-tere-kodren-per-te-arritur-ne-detin-adriatik\/"},"author":{"name":"i l","@id":"https:\/\/kosovatimes.info\/#\/schema\/person\/7586712b9c512fe68085de007378c915"},"headline":"Kall\u00ebzim penal ndaj kosovarit: g\u00ebrmoi t\u00ebr\u00eb kodr\u00ebn p\u00ebr t\u00eb arritur n\u00eb detin Adriatik!","datePublished":"2026-04-30T07:44:15+00:00","dateModified":"2026-04-30T07:45:43+00:00","mainEntityOfPage":{"@id":"https:\/\/kosovatimes.info\/index.php\/2026\/04\/30\/kallezim-peal-daj-kosovarit-germoi-tere-kodren-per-te-arritur-ne-detin-adriatik\/"},"wordCount":327,"commentCount":0,"image":{"@id":"https:\/\/kosovatimes.info\/index.php\/2026\/04\/30\/kallezim-peal-daj-kosovarit-germoi-tere-kodren-per-te-arritur-ne-detin-adriatik\/#primaryimage"},"thumbnailUrl":"https:\/\/kosovatimes.info\/wp-content\/uploads\/2026\/04\/Bar.jpg","articleSection":["Lajme","Rajon"],"inLanguage":"en-US","potentialAction":[{"@type":"CommentAction","name":"Comment","target":["https:\/\/kosovatimes.info\/index.php\/2026\/04\/30\/kallezim-peal-daj-kosovarit-germoi-tere-kodren-per-te-arritur-ne-detin-adriatik\/#respond"]}]},{"@type":"WebPage","@id":"https:\/\/kosovatimes.info\/index.php\/2026\/04\/30\/kallezim-peal-daj-kosovarit-germoi-tere-kodren-per-te-arritur-ne-detin-adriatik\/","url":"https:\/\/kosovatimes.info\/index.php\/2026\/04\/30\/kallezim-peal-daj-kosovarit-germoi-tere-kodren-per-te-arritur-ne-detin-adriatik\/","name":"Kall\u00ebzim penal ndaj kosovarit: g\u00ebrmoi t\u00ebr\u00eb kodr\u00ebn p\u00ebr t\u00eb arritur n\u00eb detin Adriatik! - Kosova Times","isPartOf":{"@id":"https:\/\/kosovatimes.info\/#website"},"primaryImageOfPage":{"@id":"https:\/\/kosovatimes.info\/index.php\/2026\/04\/30\/kallezim-peal-daj-kosovarit-germoi-tere-kodren-per-te-arritur-ne-detin-adriatik\/#primaryimage"},"image":{"@id":"https:\/\/kosovatimes.info\/index.php\/2026\/04\/30\/kallezim-peal-daj-kosovarit-germoi-tere-kodren-per-te-arritur-ne-detin-adriatik\/#primaryimage"},"thumbnailUrl":"https:\/\/kosovatimes.info\/wp-content\/uploads\/2026\/04\/Bar.jpg","datePublished":"2026-04-30T07:44:15+00:00","dateModified":"2026-04-30T07:45:43+00:00","author":{"@id":"https:\/\/kosovatimes.info\/#\/schema\/person\/7586712b9c512fe68085de007378c915"},"breadcrumb":{"@id":"https:\/\/kosovatimes.info\/index.php\/2026\/04\/30\/kallezim-peal-daj-kosovarit-germoi-tere-kodren-per-te-arritur-ne-detin-adriatik\/#breadcrumb"},"inLanguage":"en-US","potentialAction":[{"@type":"ReadAction","target":["https:\/\/kosovatimes.info\/index.php\/2026\/04\/30\/kallezim-peal-daj-kosovarit-germoi-tere-kodren-per-te-arritur-ne-detin-adriatik\/"]}]},{"@type":"ImageObject","inLanguage":"en-US","@id":"https:\/\/kosovatimes.info\/index.php\/2026\/04\/30\/kallezim-peal-daj-kosovarit-germoi-tere-kodren-per-te-arritur-ne-detin-adriatik\/#primaryimage","url":"https:\/\/kosovatimes.info\/wp-content\/uploads\/2026\/04\/Bar.jpg","contentUrl":"https:\/\/kosovatimes.info\/wp-content\/uploads\/2026\/04\/Bar.jpg","width":1280,"height":958},{"@type":"BreadcrumbList","@id":"https:\/\/kosovatimes.info\/index.php\/2026\/04\/30\/kallezim-peal-daj-kosovarit-germoi-tere-kodren-per-te-arritur-ne-detin-adriatik\/#breadcrumb","itemListElement":[{"@type":"ListItem","position":1,"name":"Home","item":"https:\/\/kosovatimes.info\/"},{"@type":"ListItem","position":2,"name":"Kall\u00ebzim penal ndaj kosovarit: g\u00ebrmoi t\u00ebr\u00eb kodr\u00ebn p\u00ebr t\u00eb arritur n\u00eb detin Adriatik!"}]},{"@type":"WebSite","@id":"https:\/\/kosovatimes.info\/#website","url":"https:\/\/kosovatimes.info\/","name":"Kosova Times","description":"","potentialAction":[{"@type":"SearchAction","target":{"@type":"EntryPoint","urlTemplate":"https:\/\/kosovatimes.info\/?s={search_term_string}"},"query-input":{"@type":"PropertyValueSpecification","valueRequired":true,"valueName":"search_term_string"}}],"inLanguage":"en-US"},{"@type":"Person","@id":"https:\/\/kosovatimes.info\/#\/schema\/person\/7586712b9c512fe68085de007378c915","name":"i l","image":{"@type":"ImageObject","inLanguage":"en-US","@id":"https:\/\/secure.gravatar.com\/avatar\/bad9296e02816160ae2e2435beda58222022298d5625d49fea74d18816fbb31d?s=96&d=mm&r=g","url":"https:\/\/secure.gravatar.com\/avatar\/bad9296e02816160ae2e2435beda58222022298d5625d49fea74d18816fbb31d?s=96&d=mm&r=g","contentUrl":"https:\/\/secure.gravatar.com\/avatar\/bad9296e02816160ae2e2435beda58222022298d5625d49fea74d18816fbb31d?s=96&d=mm&r=g","caption":"i l"},"url":"https:\/\/kosovatimes.info\/index.php\/author\/iliri\/"}]}},"_links":{"self":[{"href":"https:\/\/kosovatimes.info\/index.php\/wp-json\/wp\/v2\/posts\/12603","targetHints":{"allow":["GET"]}}],"collection":[{"href":"https:\/\/kosovatimes.info\/index.php\/wp-json\/wp\/v2\/posts"}],"about":[{"href":"https:\/\/kosovatimes.info\/index.php\/wp-json\/wp\/v2\/types\/post"}],"author":[{"embeddable":true,"href":"https:\/\/kosovatimes.info\/index.php\/wp-json\/wp\/v2\/users\/4"}],"replies":[{"embeddable":true,"href":"https:\/\/kosovatimes.info\/index.php\/wp-json\/wp\/v2\/comments?post=12603"}],"version-history":[{"count":3,"href":"https:\/\/kosovatimes.info\/index.php\/wp-json\/wp\/v2\/posts\/12603\/revisions"}],"predecessor-version":[{"id":12608,"href":"https:\/\/kosovatimes.info\/index.php\/wp-json\/wp\/v2\/posts\/12603\/revisions\/12608"}],"wp:featuredmedia":[{"embeddable":true,"href":"https:\/\/kosovatimes.info\/index.php\/wp-json\/wp\/v2\/media\/12604"}],"wp:attachment":[{"href":"https:\/\/kosovatimes.info\/index.php\/wp-json\/wp\/v2\/media?parent=12603"}],"wp:term":[{"taxonomy":"category","embeddable":true,"href":"https:\/\/kosovatimes.info\/index.php\/wp-json\/wp\/v2\/categories?post=12603"},{"taxonomy":"post_tag","embeddable":true,"href":"https:\/\/kosovatimes.info\/index.php\/wp-json\/wp\/v2\/tags?post=12603"}],"curies":[{"name":"wp","href":"https:\/\/api.w.org\/{rel}","templated":true}]}}