{"id":12609,"date":"2026-04-30T09:53:15","date_gmt":"2026-04-30T07:53:15","guid":{"rendered":"https:\/\/kosovatimes.info\/?p=12609"},"modified":"2026-04-30T09:53:17","modified_gmt":"2026-04-30T07:53:17","slug":"bullgaria-greqia-dhe-turqia-diskutuan-veprimet-e-tyre-per-sigurine-kufitare","status":"publish","type":"post","link":"https:\/\/kosovatimes.info\/index.php\/2026\/04\/30\/bullgaria-greqia-dhe-turqia-diskutuan-veprimet-e-tyre-per-sigurine-kufitare\/","title":{"rendered":"Bullgaria, Greqia dhe Turqia diskutuan veprimet e tyre p\u00ebr sigurin\u00eb kufitare"},"content":{"rendered":"\n<p>Siguria kufitare u diskutua nga ministrat e brendsh\u00ebm t\u00eb Bullgaris\u00eb, Greqis\u00eb dhe Turqis\u00eb n\u00eb nj\u00eb takim n\u00eb Athin\u00eb, raportoi BTA. Ministri i Brendsh\u00ebm n\u00eb detyr\u00eb, Emill De\u00e7ev, tha se u diskutuan tema t\u00eb tilla si trafikimi i paligjsh\u00ebm i migrant\u00ebve, drog\u00ebs, arm\u00ebve dhe p\u00ebrdorimi i k\u00ebtij trafikimi t\u00eb paligjsh\u00ebm p\u00ebr dep\u00ebrtimin e grupeve terroriste n\u00eb Evrop\u00eb.&nbsp;<\/p>\n\n\n\n<p>\u201cS\u00eb pari konstatuam se v\u00ebrehet nj\u00eb tendenc\u00eb pozitive p\u00ebr uljen e numrit t\u00eb migrant\u00ebve q\u00eb kalojn\u00eb kufijt\u00eb e vendeve tona, fal\u00eb p\u00ebrpjekjeve p\u00ebr kund\u00ebrveprim\u201d \u2013 tha De\u00e7ev&nbsp;<\/p>\n\n\n\n<p>&#8220;Greqia po d\u00ebrgon ekipet e saj p\u00ebr t\u00eb ndihmuar Bullgarin\u00eb n\u00eb kufirin bullgaro-turk. Ne kemi d\u00ebrguar anijen ton\u00eb &#8220;Policia Kufitare&#8221; p\u00ebr t\u00eb ndihmuar policin\u00eb kufitare greke n\u00eb luft\u00ebn kund\u00ebr trafikimit t\u00eb migrant\u00ebve p\u00ebrgjat\u00eb kufirit detar. Si\u00e7 dihet, Greqia ka shum\u00eb ishuj t\u00eb vendosur pran\u00eb bregdetit t\u00eb Azis\u00eb s\u00eb Vog\u00ebl n\u00eb Turqi. Ne raportojm\u00eb gjithashtu nj\u00eb bashk\u00ebpunim t\u00eb shk\u00eblqyer me Turqin\u00eb dhe i kemi drejtuar nj\u00eb ftes\u00eb p\u00ebr nj\u00eb seminar p\u00ebr p\u00ebrmir\u00ebsimin e kualifikimeve t\u00eb rojeve kufitare &#8220;, njoftoi gjithashtu ministri. \u201cKoleg\u00ebt tan\u00eb grek\u00eb jan\u00eb t\u00eb k\u00ebnaqur q\u00eb pas an\u00ebtar\u00ebsimit ton\u00eb n\u00eb Shengen nuk ka probleme n\u00eb kufirin bullgaro-grek. Ky \u00ebsht\u00eb nj\u00eb konstatim i p\u00ebrbashk\u00ebt. Bashk\u00ebpunimi me koleg\u00ebt turq \u00ebsht\u00eb gjithashtu n\u00eb nj\u00eb nivel shum\u00eb t\u00eb lart\u00eb\u201d, komentoi De\u00e7ev.<\/p>\n","protected":false},"excerpt":{"rendered":"<p>Siguria kufitare u diskutua nga ministrat e brendsh\u00ebm t\u00eb Bullgaris\u00eb, Greqis\u00eb dhe Turqis\u00eb n\u00eb nj\u00eb takim n\u00eb Athin\u00eb, raportoi BTA. Ministri i Brendsh\u00ebm n\u00eb detyr\u00eb, Emill De\u00e7ev, tha se u diskutuan tema t\u00eb tilla si trafikimi i paligjsh\u00ebm i migrant\u00ebve, drog\u00ebs, arm\u00ebve dhe p\u00ebrdorimi i k\u00ebtij trafikimi t\u00eb paligjsh\u00ebm p\u00ebr dep\u00ebrtimin e grupeve terroriste n\u00eb [&hellip;]<\/p>\n","protected":false},"author":4,"featured_media":12610,"comment_status":"open","ping_status":"open","sticky":false,"template":"","format":"standard","meta":{"footnotes":""},"categories":[30,32],"tags":[],"class_list":{"0":"post-12609","1":"post","2":"type-post","3":"status-publish","4":"format-standard","5":"has-post-thumbnail","7":"category-lajme","8":"category-rajon"},"yoast_head":"<!-- This site is optimized with the Yoast SEO plugin v27.4 - https:\/\/yoast.com\/product\/yoast-seo-wordpress\/ -->\n<title>Bullgaria, Greqia dhe Turqia diskutuan veprimet e tyre p\u00ebr sigurin\u00eb kufitare - Kosova Times<\/title>\n<meta name=\"robots\" content=\"index, follow, max-snippet:-1, max-image-preview:large, max-video-preview:-1\" \/>\n<link rel=\"canonical\" href=\"https:\/\/kosovatimes.info\/index.php\/2026\/04\/30\/bullgaria-greqia-dhe-turqia-diskutuan-veprimet-e-tyre-per-sigurine-kufitare\/\" \/>\n<meta property=\"og:locale\" content=\"en_US\" \/>\n<meta property=\"og:type\" content=\"article\" \/>\n<meta property=\"og:title\" content=\"Bullgaria, Greqia dhe Turqia diskutuan veprimet e tyre p\u00ebr sigurin\u00eb kufitare - Kosova Times\" \/>\n<meta property=\"og:description\" content=\"Siguria kufitare u diskutua nga ministrat e brendsh\u00ebm t\u00eb Bullgaris\u00eb, Greqis\u00eb dhe Turqis\u00eb n\u00eb nj\u00eb takim n\u00eb Athin\u00eb, raportoi BTA. Ministri i Brendsh\u00ebm n\u00eb detyr\u00eb, Emill De\u00e7ev, tha se u diskutuan tema t\u00eb tilla si trafikimi i paligjsh\u00ebm i migrant\u00ebve, drog\u00ebs, arm\u00ebve dhe p\u00ebrdorimi i k\u00ebtij trafikimi t\u00eb paligjsh\u00ebm p\u00ebr dep\u00ebrtimin e grupeve terroriste n\u00eb [&hellip;]\" \/>\n<meta property=\"og:url\" content=\"https:\/\/kosovatimes.info\/index.php\/2026\/04\/30\/bullgaria-greqia-dhe-turqia-diskutuan-veprimet-e-tyre-per-sigurine-kufitare\/\" \/>\n<meta property=\"og:site_name\" content=\"Kosova Times\" \/>\n<meta property=\"article:published_time\" content=\"2026-04-30T07:53:15+00:00\" \/>\n<meta property=\"article:modified_time\" content=\"2026-04-30T07:53:17+00:00\" \/>\n<meta property=\"og:image\" content=\"https:\/\/kosovatimes.info\/wp-content\/uploads\/2026\/04\/Bulgari-turqi-greqi.jpeg\" \/>\n\t<meta property=\"og:image:width\" content=\"1152\" \/>\n\t<meta property=\"og:image:height\" content=\"648\" \/>\n\t<meta property=\"og:image:type\" content=\"image\/jpeg\" \/>\n<meta name=\"author\" content=\"i l\" \/>\n<meta name=\"twitter:card\" content=\"summary_large_image\" \/>\n<meta name=\"twitter:label1\" content=\"Written by\" \/>\n\t<meta name=\"twitter:data1\" content=\"i l\" \/>\n\t<meta name=\"twitter:label2\" content=\"Est. reading time\" \/>\n\t<meta name=\"twitter:data2\" content=\"2 minutes\" \/>\n<script type=\"application\/ld+json\" class=\"yoast-schema-graph\">{\"@context\":\"https:\\\/\\\/schema.org\",\"@graph\":[{\"@type\":\"Article\",\"@id\":\"https:\\\/\\\/kosovatimes.info\\\/index.php\\\/2026\\\/04\\\/30\\\/bullgaria-greqia-dhe-turqia-diskutuan-veprimet-e-tyre-per-sigurine-kufitare\\\/#article\",\"isPartOf\":{\"@id\":\"https:\\\/\\\/kosovatimes.info\\\/index.php\\\/2026\\\/04\\\/30\\\/bullgaria-greqia-dhe-turqia-diskutuan-veprimet-e-tyre-per-sigurine-kufitare\\\/\"},\"author\":{\"name\":\"i l\",\"@id\":\"https:\\\/\\\/kosovatimes.info\\\/#\\\/schema\\\/person\\\/7586712b9c512fe68085de007378c915\"},\"headline\":\"Bullgaria, Greqia dhe Turqia diskutuan veprimet e tyre p\u00ebr sigurin\u00eb kufitare\",\"datePublished\":\"2026-04-30T07:53:15+00:00\",\"dateModified\":\"2026-04-30T07:53:17+00:00\",\"mainEntityOfPage\":{\"@id\":\"https:\\\/\\\/kosovatimes.info\\\/index.php\\\/2026\\\/04\\\/30\\\/bullgaria-greqia-dhe-turqia-diskutuan-veprimet-e-tyre-per-sigurine-kufitare\\\/\"},\"wordCount\":256,\"commentCount\":0,\"image\":{\"@id\":\"https:\\\/\\\/kosovatimes.info\\\/index.php\\\/2026\\\/04\\\/30\\\/bullgaria-greqia-dhe-turqia-diskutuan-veprimet-e-tyre-per-sigurine-kufitare\\\/#primaryimage\"},\"thumbnailUrl\":\"https:\\\/\\\/kosovatimes.info\\\/wp-content\\\/uploads\\\/2026\\\/04\\\/Bulgari-turqi-greqi.jpeg\",\"articleSection\":[\"Lajme\",\"Rajon\"],\"inLanguage\":\"en-US\",\"potentialAction\":[{\"@type\":\"CommentAction\",\"name\":\"Comment\",\"target\":[\"https:\\\/\\\/kosovatimes.info\\\/index.php\\\/2026\\\/04\\\/30\\\/bullgaria-greqia-dhe-turqia-diskutuan-veprimet-e-tyre-per-sigurine-kufitare\\\/#respond\"]}]},{\"@type\":\"WebPage\",\"@id\":\"https:\\\/\\\/kosovatimes.info\\\/index.php\\\/2026\\\/04\\\/30\\\/bullgaria-greqia-dhe-turqia-diskutuan-veprimet-e-tyre-per-sigurine-kufitare\\\/\",\"url\":\"https:\\\/\\\/kosovatimes.info\\\/index.php\\\/2026\\\/04\\\/30\\\/bullgaria-greqia-dhe-turqia-diskutuan-veprimet-e-tyre-per-sigurine-kufitare\\\/\",\"name\":\"Bullgaria, Greqia dhe Turqia diskutuan veprimet e tyre p\u00ebr sigurin\u00eb kufitare - Kosova Times\",\"isPartOf\":{\"@id\":\"https:\\\/\\\/kosovatimes.info\\\/#website\"},\"primaryImageOfPage\":{\"@id\":\"https:\\\/\\\/kosovatimes.info\\\/index.php\\\/2026\\\/04\\\/30\\\/bullgaria-greqia-dhe-turqia-diskutuan-veprimet-e-tyre-per-sigurine-kufitare\\\/#primaryimage\"},\"image\":{\"@id\":\"https:\\\/\\\/kosovatimes.info\\\/index.php\\\/2026\\\/04\\\/30\\\/bullgaria-greqia-dhe-turqia-diskutuan-veprimet-e-tyre-per-sigurine-kufitare\\\/#primaryimage\"},\"thumbnailUrl\":\"https:\\\/\\\/kosovatimes.info\\\/wp-content\\\/uploads\\\/2026\\\/04\\\/Bulgari-turqi-greqi.jpeg\",\"datePublished\":\"2026-04-30T07:53:15+00:00\",\"dateModified\":\"2026-04-30T07:53:17+00:00\",\"author\":{\"@id\":\"https:\\\/\\\/kosovatimes.info\\\/#\\\/schema\\\/person\\\/7586712b9c512fe68085de007378c915\"},\"breadcrumb\":{\"@id\":\"https:\\\/\\\/kosovatimes.info\\\/index.php\\\/2026\\\/04\\\/30\\\/bullgaria-greqia-dhe-turqia-diskutuan-veprimet-e-tyre-per-sigurine-kufitare\\\/#breadcrumb\"},\"inLanguage\":\"en-US\",\"potentialAction\":[{\"@type\":\"ReadAction\",\"target\":[\"https:\\\/\\\/kosovatimes.info\\\/index.php\\\/2026\\\/04\\\/30\\\/bullgaria-greqia-dhe-turqia-diskutuan-veprimet-e-tyre-per-sigurine-kufitare\\\/\"]}]},{\"@type\":\"ImageObject\",\"inLanguage\":\"en-US\",\"@id\":\"https:\\\/\\\/kosovatimes.info\\\/index.php\\\/2026\\\/04\\\/30\\\/bullgaria-greqia-dhe-turqia-diskutuan-veprimet-e-tyre-per-sigurine-kufitare\\\/#primaryimage\",\"url\":\"https:\\\/\\\/kosovatimes.info\\\/wp-content\\\/uploads\\\/2026\\\/04\\\/Bulgari-turqi-greqi.jpeg\",\"contentUrl\":\"https:\\\/\\\/kosovatimes.info\\\/wp-content\\\/uploads\\\/2026\\\/04\\\/Bulgari-turqi-greqi.jpeg\",\"width\":1152,\"height\":648},{\"@type\":\"BreadcrumbList\",\"@id\":\"https:\\\/\\\/kosovatimes.info\\\/index.php\\\/2026\\\/04\\\/30\\\/bullgaria-greqia-dhe-turqia-diskutuan-veprimet-e-tyre-per-sigurine-kufitare\\\/#breadcrumb\",\"itemListElement\":[{\"@type\":\"ListItem\",\"position\":1,\"name\":\"Home\",\"item\":\"https:\\\/\\\/kosovatimes.info\\\/\"},{\"@type\":\"ListItem\",\"position\":2,\"name\":\"Bullgaria, Greqia dhe Turqia diskutuan veprimet e tyre p\u00ebr sigurin\u00eb kufitare\"}]},{\"@type\":\"WebSite\",\"@id\":\"https:\\\/\\\/kosovatimes.info\\\/#website\",\"url\":\"https:\\\/\\\/kosovatimes.info\\\/\",\"name\":\"Kosova Times\",\"description\":\"\",\"potentialAction\":[{\"@type\":\"SearchAction\",\"target\":{\"@type\":\"EntryPoint\",\"urlTemplate\":\"https:\\\/\\\/kosovatimes.info\\\/?s={search_term_string}\"},\"query-input\":{\"@type\":\"PropertyValueSpecification\",\"valueRequired\":true,\"valueName\":\"search_term_string\"}}],\"inLanguage\":\"en-US\"},{\"@type\":\"Person\",\"@id\":\"https:\\\/\\\/kosovatimes.info\\\/#\\\/schema\\\/person\\\/7586712b9c512fe68085de007378c915\",\"name\":\"i l\",\"image\":{\"@type\":\"ImageObject\",\"inLanguage\":\"en-US\",\"@id\":\"https:\\\/\\\/secure.gravatar.com\\\/avatar\\\/bad9296e02816160ae2e2435beda58222022298d5625d49fea74d18816fbb31d?s=96&d=mm&r=g\",\"url\":\"https:\\\/\\\/secure.gravatar.com\\\/avatar\\\/bad9296e02816160ae2e2435beda58222022298d5625d49fea74d18816fbb31d?s=96&d=mm&r=g\",\"contentUrl\":\"https:\\\/\\\/secure.gravatar.com\\\/avatar\\\/bad9296e02816160ae2e2435beda58222022298d5625d49fea74d18816fbb31d?s=96&d=mm&r=g\",\"caption\":\"i l\"},\"url\":\"https:\\\/\\\/kosovatimes.info\\\/index.php\\\/author\\\/iliri\\\/\"}]}<\/script>\n<!-- \/ Yoast SEO plugin. -->","yoast_head_json":{"title":"Bullgaria, Greqia dhe Turqia diskutuan veprimet e tyre p\u00ebr sigurin\u00eb kufitare - Kosova Times","robots":{"index":"index","follow":"follow","max-snippet":"max-snippet:-1","max-image-preview":"max-image-preview:large","max-video-preview":"max-video-preview:-1"},"canonical":"https:\/\/kosovatimes.info\/index.php\/2026\/04\/30\/bullgaria-greqia-dhe-turqia-diskutuan-veprimet-e-tyre-per-sigurine-kufitare\/","og_locale":"en_US","og_type":"article","og_title":"Bullgaria, Greqia dhe Turqia diskutuan veprimet e tyre p\u00ebr sigurin\u00eb kufitare - Kosova Times","og_description":"Siguria kufitare u diskutua nga ministrat e brendsh\u00ebm t\u00eb Bullgaris\u00eb, Greqis\u00eb dhe Turqis\u00eb n\u00eb nj\u00eb takim n\u00eb Athin\u00eb, raportoi BTA. Ministri i Brendsh\u00ebm n\u00eb detyr\u00eb, Emill De\u00e7ev, tha se u diskutuan tema t\u00eb tilla si trafikimi i paligjsh\u00ebm i migrant\u00ebve, drog\u00ebs, arm\u00ebve dhe p\u00ebrdorimi i k\u00ebtij trafikimi t\u00eb paligjsh\u00ebm p\u00ebr dep\u00ebrtimin e grupeve terroriste n\u00eb [&hellip;]","og_url":"https:\/\/kosovatimes.info\/index.php\/2026\/04\/30\/bullgaria-greqia-dhe-turqia-diskutuan-veprimet-e-tyre-per-sigurine-kufitare\/","og_site_name":"Kosova Times","article_published_time":"2026-04-30T07:53:15+00:00","article_modified_time":"2026-04-30T07:53:17+00:00","og_image":[{"width":1152,"height":648,"url":"https:\/\/kosovatimes.info\/wp-content\/uploads\/2026\/04\/Bulgari-turqi-greqi.jpeg","type":"image\/jpeg"}],"author":"i l","twitter_card":"summary_large_image","twitter_misc":{"Written by":"i l","Est. reading time":"2 minutes"},"schema":{"@context":"https:\/\/schema.org","@graph":[{"@type":"Article","@id":"https:\/\/kosovatimes.info\/index.php\/2026\/04\/30\/bullgaria-greqia-dhe-turqia-diskutuan-veprimet-e-tyre-per-sigurine-kufitare\/#article","isPartOf":{"@id":"https:\/\/kosovatimes.info\/index.php\/2026\/04\/30\/bullgaria-greqia-dhe-turqia-diskutuan-veprimet-e-tyre-per-sigurine-kufitare\/"},"author":{"name":"i l","@id":"https:\/\/kosovatimes.info\/#\/schema\/person\/7586712b9c512fe68085de007378c915"},"headline":"Bullgaria, Greqia dhe Turqia diskutuan veprimet e tyre p\u00ebr sigurin\u00eb kufitare","datePublished":"2026-04-30T07:53:15+00:00","dateModified":"2026-04-30T07:53:17+00:00","mainEntityOfPage":{"@id":"https:\/\/kosovatimes.info\/index.php\/2026\/04\/30\/bullgaria-greqia-dhe-turqia-diskutuan-veprimet-e-tyre-per-sigurine-kufitare\/"},"wordCount":256,"commentCount":0,"image":{"@id":"https:\/\/kosovatimes.info\/index.php\/2026\/04\/30\/bullgaria-greqia-dhe-turqia-diskutuan-veprimet-e-tyre-per-sigurine-kufitare\/#primaryimage"},"thumbnailUrl":"https:\/\/kosovatimes.info\/wp-content\/uploads\/2026\/04\/Bulgari-turqi-greqi.jpeg","articleSection":["Lajme","Rajon"],"inLanguage":"en-US","potentialAction":[{"@type":"CommentAction","name":"Comment","target":["https:\/\/kosovatimes.info\/index.php\/2026\/04\/30\/bullgaria-greqia-dhe-turqia-diskutuan-veprimet-e-tyre-per-sigurine-kufitare\/#respond"]}]},{"@type":"WebPage","@id":"https:\/\/kosovatimes.info\/index.php\/2026\/04\/30\/bullgaria-greqia-dhe-turqia-diskutuan-veprimet-e-tyre-per-sigurine-kufitare\/","url":"https:\/\/kosovatimes.info\/index.php\/2026\/04\/30\/bullgaria-greqia-dhe-turqia-diskutuan-veprimet-e-tyre-per-sigurine-kufitare\/","name":"Bullgaria, Greqia dhe Turqia diskutuan veprimet e tyre p\u00ebr sigurin\u00eb kufitare - Kosova Times","isPartOf":{"@id":"https:\/\/kosovatimes.info\/#website"},"primaryImageOfPage":{"@id":"https:\/\/kosovatimes.info\/index.php\/2026\/04\/30\/bullgaria-greqia-dhe-turqia-diskutuan-veprimet-e-tyre-per-sigurine-kufitare\/#primaryimage"},"image":{"@id":"https:\/\/kosovatimes.info\/index.php\/2026\/04\/30\/bullgaria-greqia-dhe-turqia-diskutuan-veprimet-e-tyre-per-sigurine-kufitare\/#primaryimage"},"thumbnailUrl":"https:\/\/kosovatimes.info\/wp-content\/uploads\/2026\/04\/Bulgari-turqi-greqi.jpeg","datePublished":"2026-04-30T07:53:15+00:00","dateModified":"2026-04-30T07:53:17+00:00","author":{"@id":"https:\/\/kosovatimes.info\/#\/schema\/person\/7586712b9c512fe68085de007378c915"},"breadcrumb":{"@id":"https:\/\/kosovatimes.info\/index.php\/2026\/04\/30\/bullgaria-greqia-dhe-turqia-diskutuan-veprimet-e-tyre-per-sigurine-kufitare\/#breadcrumb"},"inLanguage":"en-US","potentialAction":[{"@type":"ReadAction","target":["https:\/\/kosovatimes.info\/index.php\/2026\/04\/30\/bullgaria-greqia-dhe-turqia-diskutuan-veprimet-e-tyre-per-sigurine-kufitare\/"]}]},{"@type":"ImageObject","inLanguage":"en-US","@id":"https:\/\/kosovatimes.info\/index.php\/2026\/04\/30\/bullgaria-greqia-dhe-turqia-diskutuan-veprimet-e-tyre-per-sigurine-kufitare\/#primaryimage","url":"https:\/\/kosovatimes.info\/wp-content\/uploads\/2026\/04\/Bulgari-turqi-greqi.jpeg","contentUrl":"https:\/\/kosovatimes.info\/wp-content\/uploads\/2026\/04\/Bulgari-turqi-greqi.jpeg","width":1152,"height":648},{"@type":"BreadcrumbList","@id":"https:\/\/kosovatimes.info\/index.php\/2026\/04\/30\/bullgaria-greqia-dhe-turqia-diskutuan-veprimet-e-tyre-per-sigurine-kufitare\/#breadcrumb","itemListElement":[{"@type":"ListItem","position":1,"name":"Home","item":"https:\/\/kosovatimes.info\/"},{"@type":"ListItem","position":2,"name":"Bullgaria, Greqia dhe Turqia diskutuan veprimet e tyre p\u00ebr sigurin\u00eb kufitare"}]},{"@type":"WebSite","@id":"https:\/\/kosovatimes.info\/#website","url":"https:\/\/kosovatimes.info\/","name":"Kosova Times","description":"","potentialAction":[{"@type":"SearchAction","target":{"@type":"EntryPoint","urlTemplate":"https:\/\/kosovatimes.info\/?s={search_term_string}"},"query-input":{"@type":"PropertyValueSpecification","valueRequired":true,"valueName":"search_term_string"}}],"inLanguage":"en-US"},{"@type":"Person","@id":"https:\/\/kosovatimes.info\/#\/schema\/person\/7586712b9c512fe68085de007378c915","name":"i l","image":{"@type":"ImageObject","inLanguage":"en-US","@id":"https:\/\/secure.gravatar.com\/avatar\/bad9296e02816160ae2e2435beda58222022298d5625d49fea74d18816fbb31d?s=96&d=mm&r=g","url":"https:\/\/secure.gravatar.com\/avatar\/bad9296e02816160ae2e2435beda58222022298d5625d49fea74d18816fbb31d?s=96&d=mm&r=g","contentUrl":"https:\/\/secure.gravatar.com\/avatar\/bad9296e02816160ae2e2435beda58222022298d5625d49fea74d18816fbb31d?s=96&d=mm&r=g","caption":"i l"},"url":"https:\/\/kosovatimes.info\/index.php\/author\/iliri\/"}]}},"_links":{"self":[{"href":"https:\/\/kosovatimes.info\/index.php\/wp-json\/wp\/v2\/posts\/12609","targetHints":{"allow":["GET"]}}],"collection":[{"href":"https:\/\/kosovatimes.info\/index.php\/wp-json\/wp\/v2\/posts"}],"about":[{"href":"https:\/\/kosovatimes.info\/index.php\/wp-json\/wp\/v2\/types\/post"}],"author":[{"embeddable":true,"href":"https:\/\/kosovatimes.info\/index.php\/wp-json\/wp\/v2\/users\/4"}],"replies":[{"embeddable":true,"href":"https:\/\/kosovatimes.info\/index.php\/wp-json\/wp\/v2\/comments?post=12609"}],"version-history":[{"count":1,"href":"https:\/\/kosovatimes.info\/index.php\/wp-json\/wp\/v2\/posts\/12609\/revisions"}],"predecessor-version":[{"id":12611,"href":"https:\/\/kosovatimes.info\/index.php\/wp-json\/wp\/v2\/posts\/12609\/revisions\/12611"}],"wp:featuredmedia":[{"embeddable":true,"href":"https:\/\/kosovatimes.info\/index.php\/wp-json\/wp\/v2\/media\/12610"}],"wp:attachment":[{"href":"https:\/\/kosovatimes.info\/index.php\/wp-json\/wp\/v2\/media?parent=12609"}],"wp:term":[{"taxonomy":"category","embeddable":true,"href":"https:\/\/kosovatimes.info\/index.php\/wp-json\/wp\/v2\/categories?post=12609"},{"taxonomy":"post_tag","embeddable":true,"href":"https:\/\/kosovatimes.info\/index.php\/wp-json\/wp\/v2\/tags?post=12609"}],"curies":[{"name":"wp","href":"https:\/\/api.w.org\/{rel}","templated":true}]}}