{"id":12612,"date":"2026-04-30T09:56:42","date_gmt":"2026-04-30T07:56:42","guid":{"rendered":"https:\/\/kosovatimes.info\/?p=12612"},"modified":"2026-04-30T09:56:45","modified_gmt":"2026-04-30T07:56:45","slug":"shkencetaret-e-rinj-te-kosoves-mund-te-perfshihen-ne-projekte-bullgare","status":"publish","type":"post","link":"https:\/\/kosovatimes.info\/index.php\/2026\/04\/30\/shkencetaret-e-rinj-te-kosoves-mund-te-perfshihen-ne-projekte-bullgare\/","title":{"rendered":"Shkenc\u00ebtar\u00ebt e rinj t\u00eb Kosov\u00ebs mund t\u00eb p\u00ebrfshihen n\u00eb projekte bullgare"},"content":{"rendered":"\n<p>Ambasadori i Bullgaris\u00eb n\u00eb Kosov\u00eb Hristo Kraevski u takua m\u00eb 28 prill 2026 me Presidenten e Akademis\u00eb s\u00eb Shkencave dhe Arteve t\u00eb Kosov\u00ebs, Akad. Justina Shiroka-Pula. Nj\u00eb vend qendror n\u00eb bised\u00eb iu dha forcimit t\u00eb bashk\u00ebpunimit shkencor midis dy vendeve, shk\u00ebmbimit t\u00eb shkenc\u00ebtar\u00ebve t\u00eb rinj dhe zbatimit t\u00eb iniciativave t\u00eb p\u00ebrbashk\u00ebta n\u00eb fush\u00ebn e arsimit dhe kultur\u00ebs. Ambasada e raporton k\u00ebt\u00eb n\u00eb faqen e saj t\u00eb internetit.&nbsp;<\/p>\n\n\n\n<p>Pati nj\u00eb mir\u00ebkuptim t\u00eb p\u00ebrbashk\u00ebt se af\u00ebrsia gjeografike midis dy vendeve, marr\u00ebdh\u00ebniet e shk\u00eblqyera dypal\u00ebshe dhe lektorati i gjuh\u00ebs bullgare i hapur n\u00eb vitin 2025 n\u00eb Universitetin e Prishtin\u00ebs jan\u00eb nd\u00ebr parakushtet p\u00ebr zbatimin e iniciativave dhe partneriteteve t\u00eb reja.<\/p>\n\n\n\n<p>Akad. Justina Shiroka-Pula e prezantoi ambasadorin bullgar me historin\u00eb dhe aktivitetet e Akademis\u00eb s\u00eb Shkencave dhe Arteve t\u00eb Kosov\u00ebs, e cila n\u00eb fund t\u00eb vitit t\u00eb kaluar festoi pes\u00ebdhjet\u00eb vjet nga themelimi i saj.&nbsp;<\/p>\n\n\n\n<p>Ambasadori Hristo Kraevski njoftoi se k\u00ebt\u00eb vit Ambasada Bullgare n\u00eb Prishtin\u00eb planifikon t\u00eb zbatoj\u00eb nj\u00eb iniciativ\u00eb p\u00ebr t\u00eb prezantuar n\u00eb Kosov\u00eb aktivitetet e Institutit Bullgar t\u00eb Antarktikut dhe arritjet e Bullgaris\u00eb n\u00eb k\u00ebrkimet polare. Kjo \u00ebsht\u00eb gjithashtu nj\u00eb mund\u00ebsi p\u00ebr shkenc\u00ebtar\u00ebt e rinj kosovar\u00eb q\u00eb t\u00eb p\u00ebrfshihen n\u00eb projekte inovative n\u00eb k\u00ebt\u00eb fush\u00eb, theksoi ambasadori bullgar.&nbsp;<\/p>\n\n\n\n<p>T\u00eb dy bashk\u00ebbiseduesit ishin kategorik\u00eb se shk\u00ebmbimi i hapur i njohurive \u00ebsht\u00eb nj\u00eb parakusht ky\u00e7 p\u00ebr prosperitetin e rajonit n\u00eb t\u00ebr\u00ebsi.&nbsp;<\/p>\n","protected":false},"excerpt":{"rendered":"<p>Ambasadori i Bullgaris\u00eb n\u00eb Kosov\u00eb Hristo Kraevski u takua m\u00eb 28 prill 2026 me Presidenten e Akademis\u00eb s\u00eb Shkencave dhe Arteve t\u00eb Kosov\u00ebs, Akad. Justina Shiroka-Pula. Nj\u00eb vend qendror n\u00eb bised\u00eb iu dha forcimit t\u00eb bashk\u00ebpunimit shkencor midis dy vendeve, shk\u00ebmbimit t\u00eb shkenc\u00ebtar\u00ebve t\u00eb rinj dhe zbatimit t\u00eb iniciativave t\u00eb p\u00ebrbashk\u00ebta n\u00eb fush\u00ebn e arsimit [&hellip;]<\/p>\n","protected":false},"author":4,"featured_media":12613,"comment_status":"open","ping_status":"open","sticky":false,"template":"","format":"standard","meta":{"footnotes":""},"categories":[41],"tags":[],"class_list":{"0":"post-12612","1":"post","2":"type-post","3":"status-publish","4":"format-standard","5":"has-post-thumbnail","7":"category-kulture"},"yoast_head":"<!-- This site is optimized with the Yoast SEO plugin v27.4 - https:\/\/yoast.com\/product\/yoast-seo-wordpress\/ -->\n<title>Shkenc\u00ebtar\u00ebt e rinj t\u00eb Kosov\u00ebs mund t\u00eb p\u00ebrfshihen n\u00eb projekte bullgare - Kosova Times<\/title>\n<meta name=\"robots\" content=\"index, follow, max-snippet:-1, max-image-preview:large, max-video-preview:-1\" \/>\n<link rel=\"canonical\" href=\"https:\/\/kosovatimes.info\/index.php\/2026\/04\/30\/shkencetaret-e-rinj-te-kosoves-mund-te-perfshihen-ne-projekte-bullgare\/\" \/>\n<meta property=\"og:locale\" content=\"en_US\" \/>\n<meta property=\"og:type\" content=\"article\" \/>\n<meta property=\"og:title\" content=\"Shkenc\u00ebtar\u00ebt e rinj t\u00eb Kosov\u00ebs mund t\u00eb p\u00ebrfshihen n\u00eb projekte bullgare - Kosova Times\" \/>\n<meta property=\"og:description\" content=\"Ambasadori i Bullgaris\u00eb n\u00eb Kosov\u00eb Hristo Kraevski u takua m\u00eb 28 prill 2026 me Presidenten e Akademis\u00eb s\u00eb Shkencave dhe Arteve t\u00eb Kosov\u00ebs, Akad. Justina Shiroka-Pula. Nj\u00eb vend qendror n\u00eb bised\u00eb iu dha forcimit t\u00eb bashk\u00ebpunimit shkencor midis dy vendeve, shk\u00ebmbimit t\u00eb shkenc\u00ebtar\u00ebve t\u00eb rinj dhe zbatimit t\u00eb iniciativave t\u00eb p\u00ebrbashk\u00ebta n\u00eb fush\u00ebn e arsimit [&hellip;]\" \/>\n<meta property=\"og:url\" content=\"https:\/\/kosovatimes.info\/index.php\/2026\/04\/30\/shkencetaret-e-rinj-te-kosoves-mund-te-perfshihen-ne-projekte-bullgare\/\" \/>\n<meta property=\"og:site_name\" content=\"Kosova Times\" \/>\n<meta property=\"article:published_time\" content=\"2026-04-30T07:56:42+00:00\" \/>\n<meta property=\"article:modified_time\" content=\"2026-04-30T07:56:45+00:00\" \/>\n<meta property=\"og:image\" content=\"https:\/\/kosovatimes.info\/wp-content\/uploads\/2026\/04\/Pula.jpeg\" \/>\n\t<meta property=\"og:image:width\" content=\"1152\" \/>\n\t<meta property=\"og:image:height\" content=\"648\" \/>\n\t<meta property=\"og:image:type\" content=\"image\/jpeg\" \/>\n<meta name=\"author\" content=\"i l\" \/>\n<meta name=\"twitter:card\" content=\"summary_large_image\" \/>\n<meta name=\"twitter:label1\" content=\"Written by\" \/>\n\t<meta name=\"twitter:data1\" content=\"i l\" \/>\n\t<meta name=\"twitter:label2\" content=\"Est. reading time\" \/>\n\t<meta name=\"twitter:data2\" content=\"2 minutes\" \/>\n<script type=\"application\/ld+json\" class=\"yoast-schema-graph\">{\"@context\":\"https:\\\/\\\/schema.org\",\"@graph\":[{\"@type\":\"Article\",\"@id\":\"https:\\\/\\\/kosovatimes.info\\\/index.php\\\/2026\\\/04\\\/30\\\/shkencetaret-e-rinj-te-kosoves-mund-te-perfshihen-ne-projekte-bullgare\\\/#article\",\"isPartOf\":{\"@id\":\"https:\\\/\\\/kosovatimes.info\\\/index.php\\\/2026\\\/04\\\/30\\\/shkencetaret-e-rinj-te-kosoves-mund-te-perfshihen-ne-projekte-bullgare\\\/\"},\"author\":{\"name\":\"i l\",\"@id\":\"https:\\\/\\\/kosovatimes.info\\\/#\\\/schema\\\/person\\\/7586712b9c512fe68085de007378c915\"},\"headline\":\"Shkenc\u00ebtar\u00ebt e rinj t\u00eb Kosov\u00ebs mund t\u00eb p\u00ebrfshihen n\u00eb projekte bullgare\",\"datePublished\":\"2026-04-30T07:56:42+00:00\",\"dateModified\":\"2026-04-30T07:56:45+00:00\",\"mainEntityOfPage\":{\"@id\":\"https:\\\/\\\/kosovatimes.info\\\/index.php\\\/2026\\\/04\\\/30\\\/shkencetaret-e-rinj-te-kosoves-mund-te-perfshihen-ne-projekte-bullgare\\\/\"},\"wordCount\":272,\"commentCount\":0,\"image\":{\"@id\":\"https:\\\/\\\/kosovatimes.info\\\/index.php\\\/2026\\\/04\\\/30\\\/shkencetaret-e-rinj-te-kosoves-mund-te-perfshihen-ne-projekte-bullgare\\\/#primaryimage\"},\"thumbnailUrl\":\"https:\\\/\\\/kosovatimes.info\\\/wp-content\\\/uploads\\\/2026\\\/04\\\/Pula.jpeg\",\"articleSection\":[\"Kultur\u00eb\"],\"inLanguage\":\"en-US\",\"potentialAction\":[{\"@type\":\"CommentAction\",\"name\":\"Comment\",\"target\":[\"https:\\\/\\\/kosovatimes.info\\\/index.php\\\/2026\\\/04\\\/30\\\/shkencetaret-e-rinj-te-kosoves-mund-te-perfshihen-ne-projekte-bullgare\\\/#respond\"]}]},{\"@type\":\"WebPage\",\"@id\":\"https:\\\/\\\/kosovatimes.info\\\/index.php\\\/2026\\\/04\\\/30\\\/shkencetaret-e-rinj-te-kosoves-mund-te-perfshihen-ne-projekte-bullgare\\\/\",\"url\":\"https:\\\/\\\/kosovatimes.info\\\/index.php\\\/2026\\\/04\\\/30\\\/shkencetaret-e-rinj-te-kosoves-mund-te-perfshihen-ne-projekte-bullgare\\\/\",\"name\":\"Shkenc\u00ebtar\u00ebt e rinj t\u00eb Kosov\u00ebs mund t\u00eb p\u00ebrfshihen n\u00eb projekte bullgare - Kosova Times\",\"isPartOf\":{\"@id\":\"https:\\\/\\\/kosovatimes.info\\\/#website\"},\"primaryImageOfPage\":{\"@id\":\"https:\\\/\\\/kosovatimes.info\\\/index.php\\\/2026\\\/04\\\/30\\\/shkencetaret-e-rinj-te-kosoves-mund-te-perfshihen-ne-projekte-bullgare\\\/#primaryimage\"},\"image\":{\"@id\":\"https:\\\/\\\/kosovatimes.info\\\/index.php\\\/2026\\\/04\\\/30\\\/shkencetaret-e-rinj-te-kosoves-mund-te-perfshihen-ne-projekte-bullgare\\\/#primaryimage\"},\"thumbnailUrl\":\"https:\\\/\\\/kosovatimes.info\\\/wp-content\\\/uploads\\\/2026\\\/04\\\/Pula.jpeg\",\"datePublished\":\"2026-04-30T07:56:42+00:00\",\"dateModified\":\"2026-04-30T07:56:45+00:00\",\"author\":{\"@id\":\"https:\\\/\\\/kosovatimes.info\\\/#\\\/schema\\\/person\\\/7586712b9c512fe68085de007378c915\"},\"breadcrumb\":{\"@id\":\"https:\\\/\\\/kosovatimes.info\\\/index.php\\\/2026\\\/04\\\/30\\\/shkencetaret-e-rinj-te-kosoves-mund-te-perfshihen-ne-projekte-bullgare\\\/#breadcrumb\"},\"inLanguage\":\"en-US\",\"potentialAction\":[{\"@type\":\"ReadAction\",\"target\":[\"https:\\\/\\\/kosovatimes.info\\\/index.php\\\/2026\\\/04\\\/30\\\/shkencetaret-e-rinj-te-kosoves-mund-te-perfshihen-ne-projekte-bullgare\\\/\"]}]},{\"@type\":\"ImageObject\",\"inLanguage\":\"en-US\",\"@id\":\"https:\\\/\\\/kosovatimes.info\\\/index.php\\\/2026\\\/04\\\/30\\\/shkencetaret-e-rinj-te-kosoves-mund-te-perfshihen-ne-projekte-bullgare\\\/#primaryimage\",\"url\":\"https:\\\/\\\/kosovatimes.info\\\/wp-content\\\/uploads\\\/2026\\\/04\\\/Pula.jpeg\",\"contentUrl\":\"https:\\\/\\\/kosovatimes.info\\\/wp-content\\\/uploads\\\/2026\\\/04\\\/Pula.jpeg\",\"width\":1152,\"height\":648},{\"@type\":\"BreadcrumbList\",\"@id\":\"https:\\\/\\\/kosovatimes.info\\\/index.php\\\/2026\\\/04\\\/30\\\/shkencetaret-e-rinj-te-kosoves-mund-te-perfshihen-ne-projekte-bullgare\\\/#breadcrumb\",\"itemListElement\":[{\"@type\":\"ListItem\",\"position\":1,\"name\":\"Home\",\"item\":\"https:\\\/\\\/kosovatimes.info\\\/\"},{\"@type\":\"ListItem\",\"position\":2,\"name\":\"Shkenc\u00ebtar\u00ebt e rinj t\u00eb Kosov\u00ebs mund t\u00eb p\u00ebrfshihen n\u00eb projekte bullgare\"}]},{\"@type\":\"WebSite\",\"@id\":\"https:\\\/\\\/kosovatimes.info\\\/#website\",\"url\":\"https:\\\/\\\/kosovatimes.info\\\/\",\"name\":\"Kosova Times\",\"description\":\"\",\"potentialAction\":[{\"@type\":\"SearchAction\",\"target\":{\"@type\":\"EntryPoint\",\"urlTemplate\":\"https:\\\/\\\/kosovatimes.info\\\/?s={search_term_string}\"},\"query-input\":{\"@type\":\"PropertyValueSpecification\",\"valueRequired\":true,\"valueName\":\"search_term_string\"}}],\"inLanguage\":\"en-US\"},{\"@type\":\"Person\",\"@id\":\"https:\\\/\\\/kosovatimes.info\\\/#\\\/schema\\\/person\\\/7586712b9c512fe68085de007378c915\",\"name\":\"i l\",\"image\":{\"@type\":\"ImageObject\",\"inLanguage\":\"en-US\",\"@id\":\"https:\\\/\\\/secure.gravatar.com\\\/avatar\\\/bad9296e02816160ae2e2435beda58222022298d5625d49fea74d18816fbb31d?s=96&d=mm&r=g\",\"url\":\"https:\\\/\\\/secure.gravatar.com\\\/avatar\\\/bad9296e02816160ae2e2435beda58222022298d5625d49fea74d18816fbb31d?s=96&d=mm&r=g\",\"contentUrl\":\"https:\\\/\\\/secure.gravatar.com\\\/avatar\\\/bad9296e02816160ae2e2435beda58222022298d5625d49fea74d18816fbb31d?s=96&d=mm&r=g\",\"caption\":\"i l\"},\"url\":\"https:\\\/\\\/kosovatimes.info\\\/index.php\\\/author\\\/iliri\\\/\"}]}<\/script>\n<!-- \/ Yoast SEO plugin. -->","yoast_head_json":{"title":"Shkenc\u00ebtar\u00ebt e rinj t\u00eb Kosov\u00ebs mund t\u00eb p\u00ebrfshihen n\u00eb projekte bullgare - Kosova Times","robots":{"index":"index","follow":"follow","max-snippet":"max-snippet:-1","max-image-preview":"max-image-preview:large","max-video-preview":"max-video-preview:-1"},"canonical":"https:\/\/kosovatimes.info\/index.php\/2026\/04\/30\/shkencetaret-e-rinj-te-kosoves-mund-te-perfshihen-ne-projekte-bullgare\/","og_locale":"en_US","og_type":"article","og_title":"Shkenc\u00ebtar\u00ebt e rinj t\u00eb Kosov\u00ebs mund t\u00eb p\u00ebrfshihen n\u00eb projekte bullgare - Kosova Times","og_description":"Ambasadori i Bullgaris\u00eb n\u00eb Kosov\u00eb Hristo Kraevski u takua m\u00eb 28 prill 2026 me Presidenten e Akademis\u00eb s\u00eb Shkencave dhe Arteve t\u00eb Kosov\u00ebs, Akad. Justina Shiroka-Pula. Nj\u00eb vend qendror n\u00eb bised\u00eb iu dha forcimit t\u00eb bashk\u00ebpunimit shkencor midis dy vendeve, shk\u00ebmbimit t\u00eb shkenc\u00ebtar\u00ebve t\u00eb rinj dhe zbatimit t\u00eb iniciativave t\u00eb p\u00ebrbashk\u00ebta n\u00eb fush\u00ebn e arsimit [&hellip;]","og_url":"https:\/\/kosovatimes.info\/index.php\/2026\/04\/30\/shkencetaret-e-rinj-te-kosoves-mund-te-perfshihen-ne-projekte-bullgare\/","og_site_name":"Kosova Times","article_published_time":"2026-04-30T07:56:42+00:00","article_modified_time":"2026-04-30T07:56:45+00:00","og_image":[{"width":1152,"height":648,"url":"https:\/\/kosovatimes.info\/wp-content\/uploads\/2026\/04\/Pula.jpeg","type":"image\/jpeg"}],"author":"i l","twitter_card":"summary_large_image","twitter_misc":{"Written by":"i l","Est. reading time":"2 minutes"},"schema":{"@context":"https:\/\/schema.org","@graph":[{"@type":"Article","@id":"https:\/\/kosovatimes.info\/index.php\/2026\/04\/30\/shkencetaret-e-rinj-te-kosoves-mund-te-perfshihen-ne-projekte-bullgare\/#article","isPartOf":{"@id":"https:\/\/kosovatimes.info\/index.php\/2026\/04\/30\/shkencetaret-e-rinj-te-kosoves-mund-te-perfshihen-ne-projekte-bullgare\/"},"author":{"name":"i l","@id":"https:\/\/kosovatimes.info\/#\/schema\/person\/7586712b9c512fe68085de007378c915"},"headline":"Shkenc\u00ebtar\u00ebt e rinj t\u00eb Kosov\u00ebs mund t\u00eb p\u00ebrfshihen n\u00eb projekte bullgare","datePublished":"2026-04-30T07:56:42+00:00","dateModified":"2026-04-30T07:56:45+00:00","mainEntityOfPage":{"@id":"https:\/\/kosovatimes.info\/index.php\/2026\/04\/30\/shkencetaret-e-rinj-te-kosoves-mund-te-perfshihen-ne-projekte-bullgare\/"},"wordCount":272,"commentCount":0,"image":{"@id":"https:\/\/kosovatimes.info\/index.php\/2026\/04\/30\/shkencetaret-e-rinj-te-kosoves-mund-te-perfshihen-ne-projekte-bullgare\/#primaryimage"},"thumbnailUrl":"https:\/\/kosovatimes.info\/wp-content\/uploads\/2026\/04\/Pula.jpeg","articleSection":["Kultur\u00eb"],"inLanguage":"en-US","potentialAction":[{"@type":"CommentAction","name":"Comment","target":["https:\/\/kosovatimes.info\/index.php\/2026\/04\/30\/shkencetaret-e-rinj-te-kosoves-mund-te-perfshihen-ne-projekte-bullgare\/#respond"]}]},{"@type":"WebPage","@id":"https:\/\/kosovatimes.info\/index.php\/2026\/04\/30\/shkencetaret-e-rinj-te-kosoves-mund-te-perfshihen-ne-projekte-bullgare\/","url":"https:\/\/kosovatimes.info\/index.php\/2026\/04\/30\/shkencetaret-e-rinj-te-kosoves-mund-te-perfshihen-ne-projekte-bullgare\/","name":"Shkenc\u00ebtar\u00ebt e rinj t\u00eb Kosov\u00ebs mund t\u00eb p\u00ebrfshihen n\u00eb projekte bullgare - Kosova Times","isPartOf":{"@id":"https:\/\/kosovatimes.info\/#website"},"primaryImageOfPage":{"@id":"https:\/\/kosovatimes.info\/index.php\/2026\/04\/30\/shkencetaret-e-rinj-te-kosoves-mund-te-perfshihen-ne-projekte-bullgare\/#primaryimage"},"image":{"@id":"https:\/\/kosovatimes.info\/index.php\/2026\/04\/30\/shkencetaret-e-rinj-te-kosoves-mund-te-perfshihen-ne-projekte-bullgare\/#primaryimage"},"thumbnailUrl":"https:\/\/kosovatimes.info\/wp-content\/uploads\/2026\/04\/Pula.jpeg","datePublished":"2026-04-30T07:56:42+00:00","dateModified":"2026-04-30T07:56:45+00:00","author":{"@id":"https:\/\/kosovatimes.info\/#\/schema\/person\/7586712b9c512fe68085de007378c915"},"breadcrumb":{"@id":"https:\/\/kosovatimes.info\/index.php\/2026\/04\/30\/shkencetaret-e-rinj-te-kosoves-mund-te-perfshihen-ne-projekte-bullgare\/#breadcrumb"},"inLanguage":"en-US","potentialAction":[{"@type":"ReadAction","target":["https:\/\/kosovatimes.info\/index.php\/2026\/04\/30\/shkencetaret-e-rinj-te-kosoves-mund-te-perfshihen-ne-projekte-bullgare\/"]}]},{"@type":"ImageObject","inLanguage":"en-US","@id":"https:\/\/kosovatimes.info\/index.php\/2026\/04\/30\/shkencetaret-e-rinj-te-kosoves-mund-te-perfshihen-ne-projekte-bullgare\/#primaryimage","url":"https:\/\/kosovatimes.info\/wp-content\/uploads\/2026\/04\/Pula.jpeg","contentUrl":"https:\/\/kosovatimes.info\/wp-content\/uploads\/2026\/04\/Pula.jpeg","width":1152,"height":648},{"@type":"BreadcrumbList","@id":"https:\/\/kosovatimes.info\/index.php\/2026\/04\/30\/shkencetaret-e-rinj-te-kosoves-mund-te-perfshihen-ne-projekte-bullgare\/#breadcrumb","itemListElement":[{"@type":"ListItem","position":1,"name":"Home","item":"https:\/\/kosovatimes.info\/"},{"@type":"ListItem","position":2,"name":"Shkenc\u00ebtar\u00ebt e rinj t\u00eb Kosov\u00ebs mund t\u00eb p\u00ebrfshihen n\u00eb projekte bullgare"}]},{"@type":"WebSite","@id":"https:\/\/kosovatimes.info\/#website","url":"https:\/\/kosovatimes.info\/","name":"Kosova Times","description":"","potentialAction":[{"@type":"SearchAction","target":{"@type":"EntryPoint","urlTemplate":"https:\/\/kosovatimes.info\/?s={search_term_string}"},"query-input":{"@type":"PropertyValueSpecification","valueRequired":true,"valueName":"search_term_string"}}],"inLanguage":"en-US"},{"@type":"Person","@id":"https:\/\/kosovatimes.info\/#\/schema\/person\/7586712b9c512fe68085de007378c915","name":"i l","image":{"@type":"ImageObject","inLanguage":"en-US","@id":"https:\/\/secure.gravatar.com\/avatar\/bad9296e02816160ae2e2435beda58222022298d5625d49fea74d18816fbb31d?s=96&d=mm&r=g","url":"https:\/\/secure.gravatar.com\/avatar\/bad9296e02816160ae2e2435beda58222022298d5625d49fea74d18816fbb31d?s=96&d=mm&r=g","contentUrl":"https:\/\/secure.gravatar.com\/avatar\/bad9296e02816160ae2e2435beda58222022298d5625d49fea74d18816fbb31d?s=96&d=mm&r=g","caption":"i l"},"url":"https:\/\/kosovatimes.info\/index.php\/author\/iliri\/"}]}},"_links":{"self":[{"href":"https:\/\/kosovatimes.info\/index.php\/wp-json\/wp\/v2\/posts\/12612","targetHints":{"allow":["GET"]}}],"collection":[{"href":"https:\/\/kosovatimes.info\/index.php\/wp-json\/wp\/v2\/posts"}],"about":[{"href":"https:\/\/kosovatimes.info\/index.php\/wp-json\/wp\/v2\/types\/post"}],"author":[{"embeddable":true,"href":"https:\/\/kosovatimes.info\/index.php\/wp-json\/wp\/v2\/users\/4"}],"replies":[{"embeddable":true,"href":"https:\/\/kosovatimes.info\/index.php\/wp-json\/wp\/v2\/comments?post=12612"}],"version-history":[{"count":1,"href":"https:\/\/kosovatimes.info\/index.php\/wp-json\/wp\/v2\/posts\/12612\/revisions"}],"predecessor-version":[{"id":12614,"href":"https:\/\/kosovatimes.info\/index.php\/wp-json\/wp\/v2\/posts\/12612\/revisions\/12614"}],"wp:featuredmedia":[{"embeddable":true,"href":"https:\/\/kosovatimes.info\/index.php\/wp-json\/wp\/v2\/media\/12613"}],"wp:attachment":[{"href":"https:\/\/kosovatimes.info\/index.php\/wp-json\/wp\/v2\/media?parent=12612"}],"wp:term":[{"taxonomy":"category","embeddable":true,"href":"https:\/\/kosovatimes.info\/index.php\/wp-json\/wp\/v2\/categories?post=12612"},{"taxonomy":"post_tag","embeddable":true,"href":"https:\/\/kosovatimes.info\/index.php\/wp-json\/wp\/v2\/tags?post=12612"}],"curies":[{"name":"wp","href":"https:\/\/api.w.org\/{rel}","templated":true}]}}