{"id":12624,"date":"2026-04-30T10:11:42","date_gmt":"2026-04-30T08:11:42","guid":{"rendered":"https:\/\/kosovatimes.info\/?p=12624"},"modified":"2026-04-30T10:11:44","modified_gmt":"2026-04-30T08:11:44","slug":"trump-kercenoi-te-terheqe-disa-trupa-amerikane-nga-gjermania-pas-kritikave-te-merz-per-luften-e-iranit","status":"publish","type":"post","link":"https:\/\/kosovatimes.info\/index.php\/2026\/04\/30\/trump-kercenoi-te-terheqe-disa-trupa-amerikane-nga-gjermania-pas-kritikave-te-merz-per-luften-e-iranit\/","title":{"rendered":"Trump k\u00ebrc\u00ebnoi t\u00eb t\u00ebrheq\u00eb disa trupa amerikane nga Gjermania pas kritikave t\u00eb Merz p\u00ebr luft\u00ebn e Iranit"},"content":{"rendered":"\n<p>Shtetet e Bashkuara po shqyrtojn\u00eb mund\u00ebsin\u00eb e reduktimit t\u00eb pranis\u00eb s\u00eb trupave t\u00eb tyre n\u00eb Gjermani, njoftoi Presidenti i SHBA-s\u00eb Donald Trump. &#8220;Nj\u00eb vendim do t\u00eb merret s\u00eb shpejti&#8221;,&nbsp;<a href=\"https:\/\/truthsocial.com\/@realDonaldTrump\/posts\/116490196510215628\">shkroi<\/a>&nbsp;shefi i Sht\u00ebpis\u00eb s\u00eb Bardh\u00eb n\u00eb&nbsp;TruthSocial. Gjermania pret kontingjentin m\u00eb t\u00eb madh t\u00eb trupave amerikane n\u00eb Evrop\u00eb, q\u00eb num\u00ebron mbi 36,000. N\u00eb total, pak m\u00eb shum\u00eb se 68,000 trupa amerikane jan\u00eb t\u00eb stacionuara n\u00eb bazat evropiane. M\u00eb par\u00eb, nj\u00eb zyrtar i lart\u00eb i Sht\u00ebpis\u00eb s\u00eb Bardh\u00eb i tha Reuters se Trump kishte diskutuar mund\u00ebsin\u00eb e t\u00ebrheqjes s\u00eb disa trupave amerikane nga Evropa. Megjithat\u00eb, nuk u p\u00ebrmend\u00ebn vende specifike.<\/p>\n\n\n\n<p>Njoftimi i Trump p\u00ebr t\u00ebrheqjen e mundshme t\u00eb trupave amerikane nga Gjermania erdhi pasi kancelari gjerman Friedrich Merz kritikoi luft\u00ebn kund\u00ebr Iranit. Merz tha se konflikti ushtarak ka &#8220;pasoja masive p\u00ebr q\u00ebndrueshm\u00ebrin\u00eb ekonomike t\u00eb Gjermanis\u00eb&#8221;. Nd\u00ebrkoh\u00eb, Uashingtonit i mungon nj\u00eb &#8220;strategji daljeje&#8221; dhe amerikan\u00ebt po &#8220;posht\u00ebrojn\u00eb veten&#8221; n\u00eb negociatat me Teheranin. N\u00eb p\u00ebrgjigje, Trump&nbsp;<a href=\"https:\/\/truthsocial.com\/@realDonaldTrump\/posts\/116483733181582907\">shkroi<\/a>&nbsp;se kancelari gjerman &#8220;nuk e di p\u00ebr \u00e7far\u00eb po flet&#8221; n\u00ebse e konsideron t\u00eb pranueshme blerjen e arm\u00ebve b\u00ebrthamore nga Irani. &#8220;Un\u00eb po b\u00ebj tani me Iranin at\u00eb q\u00eb vendet ose president\u00ebt e tjer\u00eb duhet ta kishin b\u00ebr\u00eb shum\u00eb koh\u00eb m\u00eb par\u00eb. Nuk \u00ebsht\u00eb \u00e7udi q\u00eb Gjermania po shkon kaq keq ekonomikisht dhe n\u00eb p\u00ebrgjith\u00ebsi&#8221;, v\u00ebrejti shefi i Sht\u00ebpis\u00eb s\u00eb Bardh\u00eb.<\/p>\n\n\n\n<p>Merz nuk \u00ebsht\u00eb i vetmi udh\u00ebheq\u00ebs evropian q\u00eb kritikon qasjen e SHBA-s\u00eb ndaj luft\u00ebs kund\u00ebr Iranit. Nj\u00eb nga kund\u00ebrshtar\u00ebt kryesor\u00eb t\u00eb presidentit amerikan ishte kryeministri spanjoll Pedro S\u00e1nchez, i cili b\u00ebri thirrje p\u00ebr nj\u00eb zgjidhje diplomatike. Tensione mbi Iranin kan\u00eb lindur edhe midis Trump dhe kryeministrit britanik Keir Starmer.<\/p>\n\n\n\n<p>N\u00eb k\u00ebt\u00eb sfond, administrata presidenciale amerikane p\u00ebrpiloi nj\u00eb list\u00eb t\u00eb vendeve an\u00ebtare &#8220;t\u00eb mira&#8221; dhe &#8220;t\u00eb k\u00ebqija&#8221; t\u00eb NATO-s. Si\u00e7&nbsp;<a href=\"https:\/\/ru.themoscowtimes.com\/2026\/04\/22\/tramp-sostavil-spiski-horoshih-iplohih-soyuznikov-ponato-a193438\">raportoi<\/a>&nbsp;Politico , zyrtar\u00ebt amerikan\u00eb vler\u00ebsuan kontributin e secilit vend n\u00eb mbrojtjen kolektive dhe m\u00eb pas i kategorizuan ato. Pas k\u00ebsaj, Trump filloi t\u00eb shqyrtonte nj\u00eb plan p\u00ebr t\u00eb &#8220;nd\u00ebshkuar&#8221; ato vende t\u00eb NATO-s q\u00eb nuk e mb\u00ebshtet\u00ebn operacionin ushtarak kund\u00ebr Iranit. Sipas&nbsp;<a href=\"https:\/\/ru.themoscowtimes.com\/2026\/04\/09\/wsj-tramp-zadumal-nakazat-nato-za-otkaz-podderzhat-voinu-protiv-irana-i-vivesti-amerikanskie-voiska-iz-neskolkih-stran-a192151\">burimeve n\u00eb<\/a>&nbsp;Wall&nbsp;Street&nbsp;Journal, Sht\u00ebpia e Bardh\u00eb mund t\u00eb t\u00ebrheq\u00eb trupat amerikane nga k\u00ebto vende dhe t&#8217;i zhvendos\u00eb ato n\u00eb vende q\u00eb e mb\u00ebshtet\u00ebn m\u00eb shum\u00eb operacionin amerikan. P\u00ebrve\u00e7 ripozicionimit t\u00eb trupave, plani p\u00ebrfshin edhe mbylljen e bazave ushtarake amerikane n\u00eb t\u00eb pakt\u00ebn nj\u00eb vend evropian. Ky mund t\u00eb jet\u00eb Spanja ose Gjermania, vuri n\u00eb dukje botimi.<\/p>\n","protected":false},"excerpt":{"rendered":"<p>Shtetet e Bashkuara po shqyrtojn\u00eb mund\u00ebsin\u00eb e reduktimit t\u00eb pranis\u00eb s\u00eb trupave t\u00eb tyre n\u00eb Gjermani, njoftoi Presidenti i SHBA-s\u00eb Donald Trump. &#8220;Nj\u00eb vendim do t\u00eb merret s\u00eb shpejti&#8221;,&nbsp;shkroi&nbsp;shefi i Sht\u00ebpis\u00eb s\u00eb Bardh\u00eb n\u00eb&nbsp;TruthSocial. Gjermania pret kontingjentin m\u00eb t\u00eb madh t\u00eb trupave amerikane n\u00eb Evrop\u00eb, q\u00eb num\u00ebron mbi 36,000. N\u00eb total, pak m\u00eb shum\u00eb se [&hellip;]<\/p>\n","protected":false},"author":4,"featured_media":12625,"comment_status":"open","ping_status":"open","sticky":false,"template":"","format":"standard","meta":{"footnotes":""},"categories":[33,30],"tags":[],"class_list":{"0":"post-12624","1":"post","2":"type-post","3":"status-publish","4":"format-standard","5":"has-post-thumbnail","7":"category-bote","8":"category-lajme"},"yoast_head":"<!-- This site is optimized with the Yoast SEO plugin v27.4 - https:\/\/yoast.com\/product\/yoast-seo-wordpress\/ -->\n<title>Trump k\u00ebrc\u00ebnoi t\u00eb t\u00ebrheq\u00eb disa trupa amerikane nga Gjermania pas kritikave t\u00eb Merz p\u00ebr luft\u00ebn e Iranit - Kosova Times<\/title>\n<meta name=\"robots\" content=\"index, follow, max-snippet:-1, max-image-preview:large, max-video-preview:-1\" \/>\n<link rel=\"canonical\" href=\"https:\/\/kosovatimes.info\/index.php\/2026\/04\/30\/trump-kercenoi-te-terheqe-disa-trupa-amerikane-nga-gjermania-pas-kritikave-te-merz-per-luften-e-iranit\/\" \/>\n<meta property=\"og:locale\" content=\"en_US\" \/>\n<meta property=\"og:type\" content=\"article\" \/>\n<meta property=\"og:title\" content=\"Trump k\u00ebrc\u00ebnoi t\u00eb t\u00ebrheq\u00eb disa trupa amerikane nga Gjermania pas kritikave t\u00eb Merz p\u00ebr luft\u00ebn e Iranit - Kosova Times\" \/>\n<meta property=\"og:description\" content=\"Shtetet e Bashkuara po shqyrtojn\u00eb mund\u00ebsin\u00eb e reduktimit t\u00eb pranis\u00eb s\u00eb trupave t\u00eb tyre n\u00eb Gjermani, njoftoi Presidenti i SHBA-s\u00eb Donald Trump. &#8220;Nj\u00eb vendim do t\u00eb merret s\u00eb shpejti&#8221;,&nbsp;shkroi&nbsp;shefi i Sht\u00ebpis\u00eb s\u00eb Bardh\u00eb n\u00eb&nbsp;TruthSocial. Gjermania pret kontingjentin m\u00eb t\u00eb madh t\u00eb trupave amerikane n\u00eb Evrop\u00eb, q\u00eb num\u00ebron mbi 36,000. N\u00eb total, pak m\u00eb shum\u00eb se [&hellip;]\" \/>\n<meta property=\"og:url\" content=\"https:\/\/kosovatimes.info\/index.php\/2026\/04\/30\/trump-kercenoi-te-terheqe-disa-trupa-amerikane-nga-gjermania-pas-kritikave-te-merz-per-luften-e-iranit\/\" \/>\n<meta property=\"og:site_name\" content=\"Kosova Times\" \/>\n<meta property=\"article:published_time\" content=\"2026-04-30T08:11:42+00:00\" \/>\n<meta property=\"article:modified_time\" content=\"2026-04-30T08:11:44+00:00\" \/>\n<meta property=\"og:image\" content=\"https:\/\/kosovatimes.info\/wp-content\/uploads\/2026\/04\/DONALD-5.jpg\" \/>\n\t<meta property=\"og:image:width\" content=\"1360\" \/>\n\t<meta property=\"og:image:height\" content=\"765\" \/>\n\t<meta property=\"og:image:type\" content=\"image\/jpeg\" \/>\n<meta name=\"author\" content=\"i l\" \/>\n<meta name=\"twitter:card\" content=\"summary_large_image\" \/>\n<meta name=\"twitter:label1\" content=\"Written by\" \/>\n\t<meta name=\"twitter:data1\" content=\"i l\" \/>\n\t<meta name=\"twitter:label2\" content=\"Est. reading time\" \/>\n\t<meta name=\"twitter:data2\" content=\"2 minutes\" \/>\n<script type=\"application\/ld+json\" class=\"yoast-schema-graph\">{\"@context\":\"https:\\\/\\\/schema.org\",\"@graph\":[{\"@type\":\"Article\",\"@id\":\"https:\\\/\\\/kosovatimes.info\\\/index.php\\\/2026\\\/04\\\/30\\\/trump-kercenoi-te-terheqe-disa-trupa-amerikane-nga-gjermania-pas-kritikave-te-merz-per-luften-e-iranit\\\/#article\",\"isPartOf\":{\"@id\":\"https:\\\/\\\/kosovatimes.info\\\/index.php\\\/2026\\\/04\\\/30\\\/trump-kercenoi-te-terheqe-disa-trupa-amerikane-nga-gjermania-pas-kritikave-te-merz-per-luften-e-iranit\\\/\"},\"author\":{\"name\":\"i l\",\"@id\":\"https:\\\/\\\/kosovatimes.info\\\/#\\\/schema\\\/person\\\/7586712b9c512fe68085de007378c915\"},\"headline\":\"Trump k\u00ebrc\u00ebnoi t\u00eb t\u00ebrheq\u00eb disa trupa amerikane nga Gjermania pas kritikave t\u00eb Merz p\u00ebr luft\u00ebn e Iranit\",\"datePublished\":\"2026-04-30T08:11:42+00:00\",\"dateModified\":\"2026-04-30T08:11:44+00:00\",\"mainEntityOfPage\":{\"@id\":\"https:\\\/\\\/kosovatimes.info\\\/index.php\\\/2026\\\/04\\\/30\\\/trump-kercenoi-te-terheqe-disa-trupa-amerikane-nga-gjermania-pas-kritikave-te-merz-per-luften-e-iranit\\\/\"},\"wordCount\":475,\"commentCount\":0,\"image\":{\"@id\":\"https:\\\/\\\/kosovatimes.info\\\/index.php\\\/2026\\\/04\\\/30\\\/trump-kercenoi-te-terheqe-disa-trupa-amerikane-nga-gjermania-pas-kritikave-te-merz-per-luften-e-iranit\\\/#primaryimage\"},\"thumbnailUrl\":\"https:\\\/\\\/kosovatimes.info\\\/wp-content\\\/uploads\\\/2026\\\/04\\\/DONALD-5.jpg\",\"articleSection\":[\"Bot\u00eb\",\"Lajme\"],\"inLanguage\":\"en-US\",\"potentialAction\":[{\"@type\":\"CommentAction\",\"name\":\"Comment\",\"target\":[\"https:\\\/\\\/kosovatimes.info\\\/index.php\\\/2026\\\/04\\\/30\\\/trump-kercenoi-te-terheqe-disa-trupa-amerikane-nga-gjermania-pas-kritikave-te-merz-per-luften-e-iranit\\\/#respond\"]}]},{\"@type\":\"WebPage\",\"@id\":\"https:\\\/\\\/kosovatimes.info\\\/index.php\\\/2026\\\/04\\\/30\\\/trump-kercenoi-te-terheqe-disa-trupa-amerikane-nga-gjermania-pas-kritikave-te-merz-per-luften-e-iranit\\\/\",\"url\":\"https:\\\/\\\/kosovatimes.info\\\/index.php\\\/2026\\\/04\\\/30\\\/trump-kercenoi-te-terheqe-disa-trupa-amerikane-nga-gjermania-pas-kritikave-te-merz-per-luften-e-iranit\\\/\",\"name\":\"Trump k\u00ebrc\u00ebnoi t\u00eb t\u00ebrheq\u00eb disa trupa amerikane nga Gjermania pas kritikave t\u00eb Merz p\u00ebr luft\u00ebn e Iranit - Kosova Times\",\"isPartOf\":{\"@id\":\"https:\\\/\\\/kosovatimes.info\\\/#website\"},\"primaryImageOfPage\":{\"@id\":\"https:\\\/\\\/kosovatimes.info\\\/index.php\\\/2026\\\/04\\\/30\\\/trump-kercenoi-te-terheqe-disa-trupa-amerikane-nga-gjermania-pas-kritikave-te-merz-per-luften-e-iranit\\\/#primaryimage\"},\"image\":{\"@id\":\"https:\\\/\\\/kosovatimes.info\\\/index.php\\\/2026\\\/04\\\/30\\\/trump-kercenoi-te-terheqe-disa-trupa-amerikane-nga-gjermania-pas-kritikave-te-merz-per-luften-e-iranit\\\/#primaryimage\"},\"thumbnailUrl\":\"https:\\\/\\\/kosovatimes.info\\\/wp-content\\\/uploads\\\/2026\\\/04\\\/DONALD-5.jpg\",\"datePublished\":\"2026-04-30T08:11:42+00:00\",\"dateModified\":\"2026-04-30T08:11:44+00:00\",\"author\":{\"@id\":\"https:\\\/\\\/kosovatimes.info\\\/#\\\/schema\\\/person\\\/7586712b9c512fe68085de007378c915\"},\"breadcrumb\":{\"@id\":\"https:\\\/\\\/kosovatimes.info\\\/index.php\\\/2026\\\/04\\\/30\\\/trump-kercenoi-te-terheqe-disa-trupa-amerikane-nga-gjermania-pas-kritikave-te-merz-per-luften-e-iranit\\\/#breadcrumb\"},\"inLanguage\":\"en-US\",\"potentialAction\":[{\"@type\":\"ReadAction\",\"target\":[\"https:\\\/\\\/kosovatimes.info\\\/index.php\\\/2026\\\/04\\\/30\\\/trump-kercenoi-te-terheqe-disa-trupa-amerikane-nga-gjermania-pas-kritikave-te-merz-per-luften-e-iranit\\\/\"]}]},{\"@type\":\"ImageObject\",\"inLanguage\":\"en-US\",\"@id\":\"https:\\\/\\\/kosovatimes.info\\\/index.php\\\/2026\\\/04\\\/30\\\/trump-kercenoi-te-terheqe-disa-trupa-amerikane-nga-gjermania-pas-kritikave-te-merz-per-luften-e-iranit\\\/#primaryimage\",\"url\":\"https:\\\/\\\/kosovatimes.info\\\/wp-content\\\/uploads\\\/2026\\\/04\\\/DONALD-5.jpg\",\"contentUrl\":\"https:\\\/\\\/kosovatimes.info\\\/wp-content\\\/uploads\\\/2026\\\/04\\\/DONALD-5.jpg\",\"width\":1360,\"height\":765},{\"@type\":\"BreadcrumbList\",\"@id\":\"https:\\\/\\\/kosovatimes.info\\\/index.php\\\/2026\\\/04\\\/30\\\/trump-kercenoi-te-terheqe-disa-trupa-amerikane-nga-gjermania-pas-kritikave-te-merz-per-luften-e-iranit\\\/#breadcrumb\",\"itemListElement\":[{\"@type\":\"ListItem\",\"position\":1,\"name\":\"Home\",\"item\":\"https:\\\/\\\/kosovatimes.info\\\/\"},{\"@type\":\"ListItem\",\"position\":2,\"name\":\"Trump k\u00ebrc\u00ebnoi t\u00eb t\u00ebrheq\u00eb disa trupa amerikane nga Gjermania pas kritikave t\u00eb Merz p\u00ebr luft\u00ebn e Iranit\"}]},{\"@type\":\"WebSite\",\"@id\":\"https:\\\/\\\/kosovatimes.info\\\/#website\",\"url\":\"https:\\\/\\\/kosovatimes.info\\\/\",\"name\":\"Kosova Times\",\"description\":\"\",\"potentialAction\":[{\"@type\":\"SearchAction\",\"target\":{\"@type\":\"EntryPoint\",\"urlTemplate\":\"https:\\\/\\\/kosovatimes.info\\\/?s={search_term_string}\"},\"query-input\":{\"@type\":\"PropertyValueSpecification\",\"valueRequired\":true,\"valueName\":\"search_term_string\"}}],\"inLanguage\":\"en-US\"},{\"@type\":\"Person\",\"@id\":\"https:\\\/\\\/kosovatimes.info\\\/#\\\/schema\\\/person\\\/7586712b9c512fe68085de007378c915\",\"name\":\"i l\",\"image\":{\"@type\":\"ImageObject\",\"inLanguage\":\"en-US\",\"@id\":\"https:\\\/\\\/secure.gravatar.com\\\/avatar\\\/bad9296e02816160ae2e2435beda58222022298d5625d49fea74d18816fbb31d?s=96&d=mm&r=g\",\"url\":\"https:\\\/\\\/secure.gravatar.com\\\/avatar\\\/bad9296e02816160ae2e2435beda58222022298d5625d49fea74d18816fbb31d?s=96&d=mm&r=g\",\"contentUrl\":\"https:\\\/\\\/secure.gravatar.com\\\/avatar\\\/bad9296e02816160ae2e2435beda58222022298d5625d49fea74d18816fbb31d?s=96&d=mm&r=g\",\"caption\":\"i l\"},\"url\":\"https:\\\/\\\/kosovatimes.info\\\/index.php\\\/author\\\/iliri\\\/\"}]}<\/script>\n<!-- \/ Yoast SEO plugin. -->","yoast_head_json":{"title":"Trump k\u00ebrc\u00ebnoi t\u00eb t\u00ebrheq\u00eb disa trupa amerikane nga Gjermania pas kritikave t\u00eb Merz p\u00ebr luft\u00ebn e Iranit - Kosova Times","robots":{"index":"index","follow":"follow","max-snippet":"max-snippet:-1","max-image-preview":"max-image-preview:large","max-video-preview":"max-video-preview:-1"},"canonical":"https:\/\/kosovatimes.info\/index.php\/2026\/04\/30\/trump-kercenoi-te-terheqe-disa-trupa-amerikane-nga-gjermania-pas-kritikave-te-merz-per-luften-e-iranit\/","og_locale":"en_US","og_type":"article","og_title":"Trump k\u00ebrc\u00ebnoi t\u00eb t\u00ebrheq\u00eb disa trupa amerikane nga Gjermania pas kritikave t\u00eb Merz p\u00ebr luft\u00ebn e Iranit - Kosova Times","og_description":"Shtetet e Bashkuara po shqyrtojn\u00eb mund\u00ebsin\u00eb e reduktimit t\u00eb pranis\u00eb s\u00eb trupave t\u00eb tyre n\u00eb Gjermani, njoftoi Presidenti i SHBA-s\u00eb Donald Trump. &#8220;Nj\u00eb vendim do t\u00eb merret s\u00eb shpejti&#8221;,&nbsp;shkroi&nbsp;shefi i Sht\u00ebpis\u00eb s\u00eb Bardh\u00eb n\u00eb&nbsp;TruthSocial. Gjermania pret kontingjentin m\u00eb t\u00eb madh t\u00eb trupave amerikane n\u00eb Evrop\u00eb, q\u00eb num\u00ebron mbi 36,000. N\u00eb total, pak m\u00eb shum\u00eb se [&hellip;]","og_url":"https:\/\/kosovatimes.info\/index.php\/2026\/04\/30\/trump-kercenoi-te-terheqe-disa-trupa-amerikane-nga-gjermania-pas-kritikave-te-merz-per-luften-e-iranit\/","og_site_name":"Kosova Times","article_published_time":"2026-04-30T08:11:42+00:00","article_modified_time":"2026-04-30T08:11:44+00:00","og_image":[{"width":1360,"height":765,"url":"https:\/\/kosovatimes.info\/wp-content\/uploads\/2026\/04\/DONALD-5.jpg","type":"image\/jpeg"}],"author":"i l","twitter_card":"summary_large_image","twitter_misc":{"Written by":"i l","Est. reading time":"2 minutes"},"schema":{"@context":"https:\/\/schema.org","@graph":[{"@type":"Article","@id":"https:\/\/kosovatimes.info\/index.php\/2026\/04\/30\/trump-kercenoi-te-terheqe-disa-trupa-amerikane-nga-gjermania-pas-kritikave-te-merz-per-luften-e-iranit\/#article","isPartOf":{"@id":"https:\/\/kosovatimes.info\/index.php\/2026\/04\/30\/trump-kercenoi-te-terheqe-disa-trupa-amerikane-nga-gjermania-pas-kritikave-te-merz-per-luften-e-iranit\/"},"author":{"name":"i l","@id":"https:\/\/kosovatimes.info\/#\/schema\/person\/7586712b9c512fe68085de007378c915"},"headline":"Trump k\u00ebrc\u00ebnoi t\u00eb t\u00ebrheq\u00eb disa trupa amerikane nga Gjermania pas kritikave t\u00eb Merz p\u00ebr luft\u00ebn e Iranit","datePublished":"2026-04-30T08:11:42+00:00","dateModified":"2026-04-30T08:11:44+00:00","mainEntityOfPage":{"@id":"https:\/\/kosovatimes.info\/index.php\/2026\/04\/30\/trump-kercenoi-te-terheqe-disa-trupa-amerikane-nga-gjermania-pas-kritikave-te-merz-per-luften-e-iranit\/"},"wordCount":475,"commentCount":0,"image":{"@id":"https:\/\/kosovatimes.info\/index.php\/2026\/04\/30\/trump-kercenoi-te-terheqe-disa-trupa-amerikane-nga-gjermania-pas-kritikave-te-merz-per-luften-e-iranit\/#primaryimage"},"thumbnailUrl":"https:\/\/kosovatimes.info\/wp-content\/uploads\/2026\/04\/DONALD-5.jpg","articleSection":["Bot\u00eb","Lajme"],"inLanguage":"en-US","potentialAction":[{"@type":"CommentAction","name":"Comment","target":["https:\/\/kosovatimes.info\/index.php\/2026\/04\/30\/trump-kercenoi-te-terheqe-disa-trupa-amerikane-nga-gjermania-pas-kritikave-te-merz-per-luften-e-iranit\/#respond"]}]},{"@type":"WebPage","@id":"https:\/\/kosovatimes.info\/index.php\/2026\/04\/30\/trump-kercenoi-te-terheqe-disa-trupa-amerikane-nga-gjermania-pas-kritikave-te-merz-per-luften-e-iranit\/","url":"https:\/\/kosovatimes.info\/index.php\/2026\/04\/30\/trump-kercenoi-te-terheqe-disa-trupa-amerikane-nga-gjermania-pas-kritikave-te-merz-per-luften-e-iranit\/","name":"Trump k\u00ebrc\u00ebnoi t\u00eb t\u00ebrheq\u00eb disa trupa amerikane nga Gjermania pas kritikave t\u00eb Merz p\u00ebr luft\u00ebn e Iranit - Kosova Times","isPartOf":{"@id":"https:\/\/kosovatimes.info\/#website"},"primaryImageOfPage":{"@id":"https:\/\/kosovatimes.info\/index.php\/2026\/04\/30\/trump-kercenoi-te-terheqe-disa-trupa-amerikane-nga-gjermania-pas-kritikave-te-merz-per-luften-e-iranit\/#primaryimage"},"image":{"@id":"https:\/\/kosovatimes.info\/index.php\/2026\/04\/30\/trump-kercenoi-te-terheqe-disa-trupa-amerikane-nga-gjermania-pas-kritikave-te-merz-per-luften-e-iranit\/#primaryimage"},"thumbnailUrl":"https:\/\/kosovatimes.info\/wp-content\/uploads\/2026\/04\/DONALD-5.jpg","datePublished":"2026-04-30T08:11:42+00:00","dateModified":"2026-04-30T08:11:44+00:00","author":{"@id":"https:\/\/kosovatimes.info\/#\/schema\/person\/7586712b9c512fe68085de007378c915"},"breadcrumb":{"@id":"https:\/\/kosovatimes.info\/index.php\/2026\/04\/30\/trump-kercenoi-te-terheqe-disa-trupa-amerikane-nga-gjermania-pas-kritikave-te-merz-per-luften-e-iranit\/#breadcrumb"},"inLanguage":"en-US","potentialAction":[{"@type":"ReadAction","target":["https:\/\/kosovatimes.info\/index.php\/2026\/04\/30\/trump-kercenoi-te-terheqe-disa-trupa-amerikane-nga-gjermania-pas-kritikave-te-merz-per-luften-e-iranit\/"]}]},{"@type":"ImageObject","inLanguage":"en-US","@id":"https:\/\/kosovatimes.info\/index.php\/2026\/04\/30\/trump-kercenoi-te-terheqe-disa-trupa-amerikane-nga-gjermania-pas-kritikave-te-merz-per-luften-e-iranit\/#primaryimage","url":"https:\/\/kosovatimes.info\/wp-content\/uploads\/2026\/04\/DONALD-5.jpg","contentUrl":"https:\/\/kosovatimes.info\/wp-content\/uploads\/2026\/04\/DONALD-5.jpg","width":1360,"height":765},{"@type":"BreadcrumbList","@id":"https:\/\/kosovatimes.info\/index.php\/2026\/04\/30\/trump-kercenoi-te-terheqe-disa-trupa-amerikane-nga-gjermania-pas-kritikave-te-merz-per-luften-e-iranit\/#breadcrumb","itemListElement":[{"@type":"ListItem","position":1,"name":"Home","item":"https:\/\/kosovatimes.info\/"},{"@type":"ListItem","position":2,"name":"Trump k\u00ebrc\u00ebnoi t\u00eb t\u00ebrheq\u00eb disa trupa amerikane nga Gjermania pas kritikave t\u00eb Merz p\u00ebr luft\u00ebn e Iranit"}]},{"@type":"WebSite","@id":"https:\/\/kosovatimes.info\/#website","url":"https:\/\/kosovatimes.info\/","name":"Kosova Times","description":"","potentialAction":[{"@type":"SearchAction","target":{"@type":"EntryPoint","urlTemplate":"https:\/\/kosovatimes.info\/?s={search_term_string}"},"query-input":{"@type":"PropertyValueSpecification","valueRequired":true,"valueName":"search_term_string"}}],"inLanguage":"en-US"},{"@type":"Person","@id":"https:\/\/kosovatimes.info\/#\/schema\/person\/7586712b9c512fe68085de007378c915","name":"i l","image":{"@type":"ImageObject","inLanguage":"en-US","@id":"https:\/\/secure.gravatar.com\/avatar\/bad9296e02816160ae2e2435beda58222022298d5625d49fea74d18816fbb31d?s=96&d=mm&r=g","url":"https:\/\/secure.gravatar.com\/avatar\/bad9296e02816160ae2e2435beda58222022298d5625d49fea74d18816fbb31d?s=96&d=mm&r=g","contentUrl":"https:\/\/secure.gravatar.com\/avatar\/bad9296e02816160ae2e2435beda58222022298d5625d49fea74d18816fbb31d?s=96&d=mm&r=g","caption":"i l"},"url":"https:\/\/kosovatimes.info\/index.php\/author\/iliri\/"}]}},"_links":{"self":[{"href":"https:\/\/kosovatimes.info\/index.php\/wp-json\/wp\/v2\/posts\/12624","targetHints":{"allow":["GET"]}}],"collection":[{"href":"https:\/\/kosovatimes.info\/index.php\/wp-json\/wp\/v2\/posts"}],"about":[{"href":"https:\/\/kosovatimes.info\/index.php\/wp-json\/wp\/v2\/types\/post"}],"author":[{"embeddable":true,"href":"https:\/\/kosovatimes.info\/index.php\/wp-json\/wp\/v2\/users\/4"}],"replies":[{"embeddable":true,"href":"https:\/\/kosovatimes.info\/index.php\/wp-json\/wp\/v2\/comments?post=12624"}],"version-history":[{"count":1,"href":"https:\/\/kosovatimes.info\/index.php\/wp-json\/wp\/v2\/posts\/12624\/revisions"}],"predecessor-version":[{"id":12626,"href":"https:\/\/kosovatimes.info\/index.php\/wp-json\/wp\/v2\/posts\/12624\/revisions\/12626"}],"wp:featuredmedia":[{"embeddable":true,"href":"https:\/\/kosovatimes.info\/index.php\/wp-json\/wp\/v2\/media\/12625"}],"wp:attachment":[{"href":"https:\/\/kosovatimes.info\/index.php\/wp-json\/wp\/v2\/media?parent=12624"}],"wp:term":[{"taxonomy":"category","embeddable":true,"href":"https:\/\/kosovatimes.info\/index.php\/wp-json\/wp\/v2\/categories?post=12624"},{"taxonomy":"post_tag","embeddable":true,"href":"https:\/\/kosovatimes.info\/index.php\/wp-json\/wp\/v2\/tags?post=12624"}],"curies":[{"name":"wp","href":"https:\/\/api.w.org\/{rel}","templated":true}]}}