{"id":12633,"date":"2026-04-30T10:22:03","date_gmt":"2026-04-30T08:22:03","guid":{"rendered":"https:\/\/kosovatimes.info\/?p=12633"},"modified":"2026-04-30T10:22:06","modified_gmt":"2026-04-30T08:22:06","slug":"evropa-ka-nje-problem-nuk-e-di-se-sa-karburant-i-ka-mbetur","status":"publish","type":"post","link":"https:\/\/kosovatimes.info\/index.php\/2026\/04\/30\/evropa-ka-nje-problem-nuk-e-di-se-sa-karburant-i-ka-mbetur\/","title":{"rendered":"Evropa ka nj\u00eb problem: Nuk e di se sa karburant i ka mbetur"},"content":{"rendered":"\n<p>Nj\u00eb dimension tjet\u00ebr i&nbsp;<strong>problemit t\u00eb kostos dhe mjaftueshm\u00ebris\u00eb s\u00eb burimeve energjetike<\/strong>&nbsp;n\u00eb&nbsp;<strong>Bashkimin Evropian<\/strong>&nbsp;p\u00ebr shkak t\u00eb luft\u00ebs n\u00eb Lindjen e Mesme theksohet n\u00eb&nbsp;<strong>nj\u00eb raport t\u00eb gjer\u00eb nga Politico<\/strong>&nbsp;, duke theksuar se&nbsp;<strong>rezervat e karburantit<\/strong>&nbsp;t\u00eb 27 shteteve an\u00ebtare jan\u00eb t\u00eb paqarta dhe&nbsp;<strong>ka munges\u00eb komunikimi<\/strong>&nbsp;q\u00eb mund t\u00eb \u00e7oj\u00eb n\u00eb koordinim dhe organizim optimal nga ana e Brukselit.<\/p>\n\n\n\n<p><strong>Sipas botimit, Greqia thuhet gjithashtu se ka paraqitur<\/strong>\u00a0nj\u00eb k\u00ebrkes\u00eb p\u00ebr nj\u00eb linj\u00eb t\u00eb hapur komunikimi midis vendeve evropiane n\u00eb lidhje me rezervat e tyre t\u00eb karburantit .Sipas Politico-s, nd\u00ebrsa Presidentja e Komisionit Evropian Ursula von der Leyen&nbsp;<a href=\"https:\/\/www.kathimerini.gr\/world\/564200356\/energeiako-sok-stin-e-e-500-ekat-eyro-tin-imera-kostizei-i-krisi-sti-mesi-anatoli\/\" target=\"_blank\" rel=\"noreferrer noopener\">thekson se \u00e7do dit\u00eb lufte i kushton BE-s\u00eb pothuajse 500 milion\u00eb euro<\/a>&nbsp;p\u00ebr shkak t\u00eb kostos s\u00eb energjis\u00eb dhe Donald Trump planifikon nj\u00eb bllokad\u00eb t\u00eb p\u00ebrhershme t\u00eb porteve iraniane,&nbsp;<strong>qeverit\u00eb evropiane nuk jan\u00eb n\u00eb dijeni t\u00eb rezervave evropiane t\u00eb karburantit<\/strong>&nbsp;, pasi nuk ka asnj\u00eb mekaniz\u00ebm q\u00eb do t&#8217;i detyronte ata q\u00eb i ruajn\u00eb ato n\u00eb sektorin shtet\u00ebror dhe privat t&#8217;i deklarojn\u00eb ato dhe m\u00eb pas t\u00eb informojn\u00eb pjes\u00ebn tjet\u00ebr t\u00eb vendeve evropiane p\u00ebr k\u00ebt\u00eb.<\/p>\n\n\n\n<p><strong>\u201cN\u00eb Evrop\u00eb, kemi dukshm\u00ebri dhe angazhime p\u00ebr majin dhe qershorin\u2026 \u00e7far\u00eb ndodh pas k\u00ebsaj \u00ebsht\u00eb e v\u00ebshtir\u00eb t\u00eb parashikohet\u201d, tha Tobias Mayer, CEO i DHL Group,<\/strong>&nbsp;gjat\u00eb nj\u00eb informimi ku mori pjes\u00eb Politico k\u00ebt\u00eb muaj.<\/p>\n\n\n\n<p>&#8220;Ka rezerva strategjike, por nuk ka shum\u00eb dukshm\u00ebri se sa \u00ebsht\u00eb t\u00ebrhequr&#8221;, shpjegoi ai.<\/p>\n\n\n\n<h3 class=\"wp-block-heading\">Informacion relevant, vullnetarisht<\/h3>\n\n\n\n<p>Raporti shton se Brukseli nuk \u00ebsht\u00eb plot\u00ebsisht n\u00eb err\u00ebsir\u00eb. Informacioni mbi rezervat shtet\u00ebrore t\u00eb naft\u00ebs dhe gazit \u00ebsht\u00eb p\u00ebrgjith\u00ebsisht transparent dhe i azhurnuar, me zyrtar\u00eb komb\u00ebtar\u00eb q\u00eb mbajn\u00eb takime t\u00eb rregullta p\u00ebr shk\u00ebmbimin e informacionit dhe kompanit\u00eb q\u00eb her\u00eb pas here&nbsp;<strong>ofrojn\u00eb vullnetarisht<\/strong>&nbsp;informacion n\u00eb lidhje me rezervat e tyre.<\/p>\n\n\n\n<p>P\u00ebrtej k\u00ebsaj, megjithat\u00eb, zyrtar\u00ebt q\u00eb duan t\u00eb din\u00eb se kur mund t\u00eb mbarojn\u00eb kanulat kan\u00eb shum\u00eb pak p\u00ebr t\u00eb th\u00ebn\u00eb &#8211;\u00a0<strong>kjo, theksohet, \u00ebsht\u00eb nj\u00eb pik\u00eb e verb\u00ebr q\u00eb rrezikon t&#8217;i privoj\u00eb ata nga aft\u00ebsia p\u00ebr t\u00eb identifikuar mungesat ose t&#8217;i detyroj\u00eb ata t\u00eb marrin vendime emergjente bazuar n\u00eb informacion t\u00eb paplot\u00eb.<\/strong>N\u00eb nj\u00eb takim t\u00eb ministrave evropian\u00eb muajin e kaluar, ministrat nga Belgjika, Holanda dhe Spanja t\u00ebrhoq\u00ebn v\u00ebmendjen ndaj k\u00ebtyre boshll\u00ebqeve n\u00eb informacion, duke i k\u00ebrkuar BE-s\u00eb t\u00eb koordinoj\u00eb m\u00eb mir\u00eb monitorimin dhe analiz\u00ebn n\u00eb koh\u00eb reale, ve\u00e7an\u00ebrisht n\u00eb lidhje me produktet e rafinuara, sipas procesverbaleve t\u00eb para nga Politico.<\/p>\n\n\n\n<p>Madje shtohet se delegacioni grek&nbsp;<strong>&nbsp;<\/strong>shkoi deri aty sa i k\u00ebrkoi Komisionit t\u00eb krijonte nj\u00eb&nbsp;<strong>kanal<\/strong>&nbsp;n\u00eb&nbsp;<strong>WhatsApp<\/strong>&nbsp;ose&nbsp;<strong>Signal<\/strong>&nbsp;midis vendeve an\u00ebtare dhe Komisionit.<\/p>\n\n\n\n<p><strong>\u201cNe kemi njohuri dhe t\u00eb dh\u00ebna shum\u00eb t\u00eb kufizuara nga tregu i gazit natyror dhe naft\u00ebs. \u00c7far\u00eb po vihet n\u00eb qarkullim, \u00e7far\u00eb po t\u00ebrhiqet dhe \u00e7far\u00eb po transportohet p\u00ebrmes rrug\u00ebve t\u00eb ndryshme\u2026 padyshim q\u00eb ka munges\u00eb t\u00eb monitorimit t\u00eb tregut\u201d,<\/strong>&nbsp;tha nj\u00eb zyrtar i lart\u00eb nga nj\u00eb ministri evropiane e energjis\u00eb.&nbsp;<\/p>\n\n\n\n<figure class=\"wp-block-image\"><img decoding=\"async\" src=\"https:\/\/www.kathimerini.gr\/wp-content\/uploads\/2026\/04\/German_refinery_Reuters-960x541.jpg?1777535656198\" alt=\"Evropa ka nj\u00eb problem: Nuk e di se sa karburant i ka mbetur-1\"\/><\/figure>\n\n\n\n<p><strong>P\u00ebr karburantet e rafinuara si nafta dhe karburanti i avion\u00ebve, pamja \u00ebsht\u00eb ve\u00e7an\u00ebrisht e err\u00ebt.<\/strong>&nbsp;BE mb\u00ebshtetet kryesisht n\u00eb Eurostat dhe takimet koordinuese me shtetet an\u00ebtare p\u00ebr t\u00eb matur nivelet e furnizimit.&nbsp;<strong>Por shumica e stoqeve jan\u00eb t\u00eb fshehura n\u00eb depo tregtare t\u00eb shp\u00ebrndara n\u00eb t\u00eb gjith\u00eb sektor\u00ebt<\/strong>&nbsp;, me kompanit\u00eb q\u00eb ngurrojn\u00eb t\u00eb zbulojn\u00eb t\u00eb dh\u00ebna t\u00eb ndjeshme biznesi q\u00eb nuk jan\u00eb t\u00eb detyruara ligj\u00ebrisht t&#8217;i raportojn\u00eb.<\/p>\n\n\n\n<p>Edhe t\u00eb dh\u00ebnat e ofruara nga Agjencia Nd\u00ebrkomb\u00ebtare e Energjis\u00eb &#8211; e cila koordinoi lirimin historik t\u00eb 400 milion\u00eb fu\u00e7ive naft\u00eb muajin e kaluar &#8211; jan\u00eb domosdoshm\u00ebrisht t\u00eb kufizuara p\u00ebr k\u00ebt\u00eb arsye, tha nj\u00eb zyrtar i Komisionit.<\/p>\n\n\n\n<p>\u00abN\u00eb nj\u00eb bot\u00eb ideale, do t\u00eb kishim qasje n\u00eb informacion t\u00eb p\u00ebrsosur, por n\u00eb fund t\u00eb fundit po veprojm\u00eb me at\u00eb q\u00eb kemi\u00bb, shtoi zyrtari i Komisionit. \u00abDhe kam d\u00ebgjuar koleg\u00eb t\u00eb shprehin t\u00eb nj\u00ebjtin shqet\u00ebsim &#8211;&nbsp;<strong>shpresojm\u00eb t\u00eb kemi informacionin e duhur<\/strong>&nbsp;\u00bb.<\/p>\n\n\n\n<h3 class=\"wp-block-heading\">Nevoja p\u00ebr monitorimin e inventarit<\/h3>\n\n\n\n<p>Q\u00eb kur filloi lufta m\u00eb 28 shkurt, ministrat e energjis\u00eb i kan\u00eb b\u00ebr\u00eb thirrje Komisionit Evropian q\u00eb t\u00eb forcoj\u00eb aft\u00ebsin\u00eb e BE-s\u00eb p\u00ebr t\u00eb matur furnizimet e mbajtura n\u00eb t\u00eb gjith\u00eb kontinentin n\u00eb objekte n\u00ebntok\u00ebsore, n\u00eb tanke n\u00eb portet kryesore, n\u00eb anije cisterna t\u00eb m\u00ebdha t\u00eb ankoruara pran\u00eb brigjeve evropiane dhe n\u00eb depo n\u00eb aeroporte, si dhe p\u00ebrgjat\u00eb tubacioneve kryesore.<\/p>\n\n\n\n<p>Vet\u00eb Komisioni e ka pranuar munges\u00ebn e informacionit, duke zbuluar k\u00ebt\u00eb muaj planet p\u00ebr nj\u00eb \u201cObservator t\u00eb Karburantit\u201d, i cili do t\u00eb \u201cmonitoronte prodhimin, importet, eksportet dhe nivelet e stokut t\u00eb karburanteve t\u00eb transportit n\u00eb BE\u201d, nj\u00ebsoj si Administrata Amerikane e Informacionit p\u00ebr Energjin\u00eb, shum\u00eb m\u00eb gjith\u00ebp\u00ebrfshir\u00ebse.<\/p>\n\n\n\n<p>\u201cSigurisht q\u00eb duam t\u00eb kemi nj\u00eb pamje m\u00eb t\u00eb mir\u00eb t\u00eb situat\u00ebs s\u00eb karburantit n\u00eb t\u00eb gjith\u00eb BE-n\u00eb\u201d, tha z\u00ebdh\u00ebn\u00ebsja e Komisionit, Anna-Kaisa Itkonen, p\u00ebr Politico. \u201cPo punojm\u00eb p\u00ebr k\u00ebt\u00eb, por \u00ebsht\u00eb shum\u00eb her\u00ebt p\u00ebr t\u00eb th\u00ebn\u00eb tani se si do t\u00eb funksionoj\u00eb\u201d, pranoi ajo.<\/p>\n\n\n\n<p><em>Burimi: Politico<\/em><\/p>\n","protected":false},"excerpt":{"rendered":"<p>Nj\u00eb dimension tjet\u00ebr i&nbsp;problemit t\u00eb kostos dhe mjaftueshm\u00ebris\u00eb s\u00eb burimeve energjetike&nbsp;n\u00eb&nbsp;Bashkimin Evropian&nbsp;p\u00ebr shkak t\u00eb luft\u00ebs n\u00eb Lindjen e Mesme theksohet n\u00eb&nbsp;nj\u00eb raport t\u00eb gjer\u00eb nga Politico&nbsp;, duke theksuar se&nbsp;rezervat e karburantit&nbsp;t\u00eb 27 shteteve an\u00ebtare jan\u00eb t\u00eb paqarta dhe&nbsp;ka munges\u00eb komunikimi&nbsp;q\u00eb mund t\u00eb \u00e7oj\u00eb n\u00eb koordinim dhe organizim optimal nga ana e Brukselit. Sipas botimit, Greqia [&hellip;]<\/p>\n","protected":false},"author":4,"featured_media":12634,"comment_status":"open","ping_status":"open","sticky":false,"template":"","format":"standard","meta":{"footnotes":""},"categories":[33,30],"tags":[],"class_list":{"0":"post-12633","1":"post","2":"type-post","3":"status-publish","4":"format-standard","5":"has-post-thumbnail","7":"category-bote","8":"category-lajme"},"yoast_head":"<!-- This site is optimized with the Yoast SEO plugin v27.4 - https:\/\/yoast.com\/product\/yoast-seo-wordpress\/ -->\n<title>Evropa ka nj\u00eb problem: Nuk e di se sa karburant i ka mbetur - Kosova Times<\/title>\n<meta name=\"robots\" content=\"index, follow, max-snippet:-1, max-image-preview:large, max-video-preview:-1\" \/>\n<link rel=\"canonical\" href=\"https:\/\/kosovatimes.info\/index.php\/2026\/04\/30\/evropa-ka-nje-problem-nuk-e-di-se-sa-karburant-i-ka-mbetur\/\" \/>\n<meta property=\"og:locale\" content=\"en_US\" \/>\n<meta property=\"og:type\" content=\"article\" \/>\n<meta property=\"og:title\" content=\"Evropa ka nj\u00eb problem: Nuk e di se sa karburant i ka mbetur - Kosova Times\" \/>\n<meta property=\"og:description\" content=\"Nj\u00eb dimension tjet\u00ebr i&nbsp;problemit t\u00eb kostos dhe mjaftueshm\u00ebris\u00eb s\u00eb burimeve energjetike&nbsp;n\u00eb&nbsp;Bashkimin Evropian&nbsp;p\u00ebr shkak t\u00eb luft\u00ebs n\u00eb Lindjen e Mesme theksohet n\u00eb&nbsp;nj\u00eb raport t\u00eb gjer\u00eb nga Politico&nbsp;, duke theksuar se&nbsp;rezervat e karburantit&nbsp;t\u00eb 27 shteteve an\u00ebtare jan\u00eb t\u00eb paqarta dhe&nbsp;ka munges\u00eb komunikimi&nbsp;q\u00eb mund t\u00eb \u00e7oj\u00eb n\u00eb koordinim dhe organizim optimal nga ana e Brukselit. Sipas botimit, Greqia [&hellip;]\" \/>\n<meta property=\"og:url\" content=\"https:\/\/kosovatimes.info\/index.php\/2026\/04\/30\/evropa-ka-nje-problem-nuk-e-di-se-sa-karburant-i-ka-mbetur\/\" \/>\n<meta property=\"og:site_name\" content=\"Kosova Times\" \/>\n<meta property=\"article:published_time\" content=\"2026-04-30T08:22:03+00:00\" \/>\n<meta property=\"article:modified_time\" content=\"2026-04-30T08:22:06+00:00\" \/>\n<meta property=\"og:image\" content=\"https:\/\/kosovatimes.info\/wp-content\/uploads\/2026\/04\/nafta-5.jpg\" \/>\n\t<meta property=\"og:image:width\" content=\"2020\" \/>\n\t<meta property=\"og:image:height\" content=\"1136\" \/>\n\t<meta property=\"og:image:type\" content=\"image\/jpeg\" \/>\n<meta name=\"author\" content=\"i l\" \/>\n<meta name=\"twitter:card\" content=\"summary_large_image\" \/>\n<meta name=\"twitter:label1\" content=\"Written by\" \/>\n\t<meta name=\"twitter:data1\" content=\"i l\" \/>\n\t<meta name=\"twitter:label2\" content=\"Est. reading time\" \/>\n\t<meta name=\"twitter:data2\" content=\"4 minutes\" \/>\n<script type=\"application\/ld+json\" class=\"yoast-schema-graph\">{\"@context\":\"https:\\\/\\\/schema.org\",\"@graph\":[{\"@type\":\"Article\",\"@id\":\"https:\\\/\\\/kosovatimes.info\\\/index.php\\\/2026\\\/04\\\/30\\\/evropa-ka-nje-problem-nuk-e-di-se-sa-karburant-i-ka-mbetur\\\/#article\",\"isPartOf\":{\"@id\":\"https:\\\/\\\/kosovatimes.info\\\/index.php\\\/2026\\\/04\\\/30\\\/evropa-ka-nje-problem-nuk-e-di-se-sa-karburant-i-ka-mbetur\\\/\"},\"author\":{\"name\":\"i l\",\"@id\":\"https:\\\/\\\/kosovatimes.info\\\/#\\\/schema\\\/person\\\/7586712b9c512fe68085de007378c915\"},\"headline\":\"Evropa ka nj\u00eb problem: Nuk e di se sa karburant i ka mbetur\",\"datePublished\":\"2026-04-30T08:22:03+00:00\",\"dateModified\":\"2026-04-30T08:22:06+00:00\",\"mainEntityOfPage\":{\"@id\":\"https:\\\/\\\/kosovatimes.info\\\/index.php\\\/2026\\\/04\\\/30\\\/evropa-ka-nje-problem-nuk-e-di-se-sa-karburant-i-ka-mbetur\\\/\"},\"wordCount\":909,\"commentCount\":0,\"image\":{\"@id\":\"https:\\\/\\\/kosovatimes.info\\\/index.php\\\/2026\\\/04\\\/30\\\/evropa-ka-nje-problem-nuk-e-di-se-sa-karburant-i-ka-mbetur\\\/#primaryimage\"},\"thumbnailUrl\":\"https:\\\/\\\/kosovatimes.info\\\/wp-content\\\/uploads\\\/2026\\\/04\\\/nafta-5.jpg\",\"articleSection\":[\"Bot\u00eb\",\"Lajme\"],\"inLanguage\":\"en-US\",\"potentialAction\":[{\"@type\":\"CommentAction\",\"name\":\"Comment\",\"target\":[\"https:\\\/\\\/kosovatimes.info\\\/index.php\\\/2026\\\/04\\\/30\\\/evropa-ka-nje-problem-nuk-e-di-se-sa-karburant-i-ka-mbetur\\\/#respond\"]}]},{\"@type\":\"WebPage\",\"@id\":\"https:\\\/\\\/kosovatimes.info\\\/index.php\\\/2026\\\/04\\\/30\\\/evropa-ka-nje-problem-nuk-e-di-se-sa-karburant-i-ka-mbetur\\\/\",\"url\":\"https:\\\/\\\/kosovatimes.info\\\/index.php\\\/2026\\\/04\\\/30\\\/evropa-ka-nje-problem-nuk-e-di-se-sa-karburant-i-ka-mbetur\\\/\",\"name\":\"Evropa ka nj\u00eb problem: Nuk e di se sa karburant i ka mbetur - Kosova Times\",\"isPartOf\":{\"@id\":\"https:\\\/\\\/kosovatimes.info\\\/#website\"},\"primaryImageOfPage\":{\"@id\":\"https:\\\/\\\/kosovatimes.info\\\/index.php\\\/2026\\\/04\\\/30\\\/evropa-ka-nje-problem-nuk-e-di-se-sa-karburant-i-ka-mbetur\\\/#primaryimage\"},\"image\":{\"@id\":\"https:\\\/\\\/kosovatimes.info\\\/index.php\\\/2026\\\/04\\\/30\\\/evropa-ka-nje-problem-nuk-e-di-se-sa-karburant-i-ka-mbetur\\\/#primaryimage\"},\"thumbnailUrl\":\"https:\\\/\\\/kosovatimes.info\\\/wp-content\\\/uploads\\\/2026\\\/04\\\/nafta-5.jpg\",\"datePublished\":\"2026-04-30T08:22:03+00:00\",\"dateModified\":\"2026-04-30T08:22:06+00:00\",\"author\":{\"@id\":\"https:\\\/\\\/kosovatimes.info\\\/#\\\/schema\\\/person\\\/7586712b9c512fe68085de007378c915\"},\"breadcrumb\":{\"@id\":\"https:\\\/\\\/kosovatimes.info\\\/index.php\\\/2026\\\/04\\\/30\\\/evropa-ka-nje-problem-nuk-e-di-se-sa-karburant-i-ka-mbetur\\\/#breadcrumb\"},\"inLanguage\":\"en-US\",\"potentialAction\":[{\"@type\":\"ReadAction\",\"target\":[\"https:\\\/\\\/kosovatimes.info\\\/index.php\\\/2026\\\/04\\\/30\\\/evropa-ka-nje-problem-nuk-e-di-se-sa-karburant-i-ka-mbetur\\\/\"]}]},{\"@type\":\"ImageObject\",\"inLanguage\":\"en-US\",\"@id\":\"https:\\\/\\\/kosovatimes.info\\\/index.php\\\/2026\\\/04\\\/30\\\/evropa-ka-nje-problem-nuk-e-di-se-sa-karburant-i-ka-mbetur\\\/#primaryimage\",\"url\":\"https:\\\/\\\/kosovatimes.info\\\/wp-content\\\/uploads\\\/2026\\\/04\\\/nafta-5.jpg\",\"contentUrl\":\"https:\\\/\\\/kosovatimes.info\\\/wp-content\\\/uploads\\\/2026\\\/04\\\/nafta-5.jpg\",\"width\":2020,\"height\":1136},{\"@type\":\"BreadcrumbList\",\"@id\":\"https:\\\/\\\/kosovatimes.info\\\/index.php\\\/2026\\\/04\\\/30\\\/evropa-ka-nje-problem-nuk-e-di-se-sa-karburant-i-ka-mbetur\\\/#breadcrumb\",\"itemListElement\":[{\"@type\":\"ListItem\",\"position\":1,\"name\":\"Home\",\"item\":\"https:\\\/\\\/kosovatimes.info\\\/\"},{\"@type\":\"ListItem\",\"position\":2,\"name\":\"Evropa ka nj\u00eb problem: Nuk e di se sa karburant i ka mbetur\"}]},{\"@type\":\"WebSite\",\"@id\":\"https:\\\/\\\/kosovatimes.info\\\/#website\",\"url\":\"https:\\\/\\\/kosovatimes.info\\\/\",\"name\":\"Kosova Times\",\"description\":\"\",\"potentialAction\":[{\"@type\":\"SearchAction\",\"target\":{\"@type\":\"EntryPoint\",\"urlTemplate\":\"https:\\\/\\\/kosovatimes.info\\\/?s={search_term_string}\"},\"query-input\":{\"@type\":\"PropertyValueSpecification\",\"valueRequired\":true,\"valueName\":\"search_term_string\"}}],\"inLanguage\":\"en-US\"},{\"@type\":\"Person\",\"@id\":\"https:\\\/\\\/kosovatimes.info\\\/#\\\/schema\\\/person\\\/7586712b9c512fe68085de007378c915\",\"name\":\"i l\",\"image\":{\"@type\":\"ImageObject\",\"inLanguage\":\"en-US\",\"@id\":\"https:\\\/\\\/secure.gravatar.com\\\/avatar\\\/bad9296e02816160ae2e2435beda58222022298d5625d49fea74d18816fbb31d?s=96&d=mm&r=g\",\"url\":\"https:\\\/\\\/secure.gravatar.com\\\/avatar\\\/bad9296e02816160ae2e2435beda58222022298d5625d49fea74d18816fbb31d?s=96&d=mm&r=g\",\"contentUrl\":\"https:\\\/\\\/secure.gravatar.com\\\/avatar\\\/bad9296e02816160ae2e2435beda58222022298d5625d49fea74d18816fbb31d?s=96&d=mm&r=g\",\"caption\":\"i l\"},\"url\":\"https:\\\/\\\/kosovatimes.info\\\/index.php\\\/author\\\/iliri\\\/\"}]}<\/script>\n<!-- \/ Yoast SEO plugin. -->","yoast_head_json":{"title":"Evropa ka nj\u00eb problem: Nuk e di se sa karburant i ka mbetur - Kosova Times","robots":{"index":"index","follow":"follow","max-snippet":"max-snippet:-1","max-image-preview":"max-image-preview:large","max-video-preview":"max-video-preview:-1"},"canonical":"https:\/\/kosovatimes.info\/index.php\/2026\/04\/30\/evropa-ka-nje-problem-nuk-e-di-se-sa-karburant-i-ka-mbetur\/","og_locale":"en_US","og_type":"article","og_title":"Evropa ka nj\u00eb problem: Nuk e di se sa karburant i ka mbetur - Kosova Times","og_description":"Nj\u00eb dimension tjet\u00ebr i&nbsp;problemit t\u00eb kostos dhe mjaftueshm\u00ebris\u00eb s\u00eb burimeve energjetike&nbsp;n\u00eb&nbsp;Bashkimin Evropian&nbsp;p\u00ebr shkak t\u00eb luft\u00ebs n\u00eb Lindjen e Mesme theksohet n\u00eb&nbsp;nj\u00eb raport t\u00eb gjer\u00eb nga Politico&nbsp;, duke theksuar se&nbsp;rezervat e karburantit&nbsp;t\u00eb 27 shteteve an\u00ebtare jan\u00eb t\u00eb paqarta dhe&nbsp;ka munges\u00eb komunikimi&nbsp;q\u00eb mund t\u00eb \u00e7oj\u00eb n\u00eb koordinim dhe organizim optimal nga ana e Brukselit. Sipas botimit, Greqia [&hellip;]","og_url":"https:\/\/kosovatimes.info\/index.php\/2026\/04\/30\/evropa-ka-nje-problem-nuk-e-di-se-sa-karburant-i-ka-mbetur\/","og_site_name":"Kosova Times","article_published_time":"2026-04-30T08:22:03+00:00","article_modified_time":"2026-04-30T08:22:06+00:00","og_image":[{"width":2020,"height":1136,"url":"https:\/\/kosovatimes.info\/wp-content\/uploads\/2026\/04\/nafta-5.jpg","type":"image\/jpeg"}],"author":"i l","twitter_card":"summary_large_image","twitter_misc":{"Written by":"i l","Est. reading time":"4 minutes"},"schema":{"@context":"https:\/\/schema.org","@graph":[{"@type":"Article","@id":"https:\/\/kosovatimes.info\/index.php\/2026\/04\/30\/evropa-ka-nje-problem-nuk-e-di-se-sa-karburant-i-ka-mbetur\/#article","isPartOf":{"@id":"https:\/\/kosovatimes.info\/index.php\/2026\/04\/30\/evropa-ka-nje-problem-nuk-e-di-se-sa-karburant-i-ka-mbetur\/"},"author":{"name":"i l","@id":"https:\/\/kosovatimes.info\/#\/schema\/person\/7586712b9c512fe68085de007378c915"},"headline":"Evropa ka nj\u00eb problem: Nuk e di se sa karburant i ka mbetur","datePublished":"2026-04-30T08:22:03+00:00","dateModified":"2026-04-30T08:22:06+00:00","mainEntityOfPage":{"@id":"https:\/\/kosovatimes.info\/index.php\/2026\/04\/30\/evropa-ka-nje-problem-nuk-e-di-se-sa-karburant-i-ka-mbetur\/"},"wordCount":909,"commentCount":0,"image":{"@id":"https:\/\/kosovatimes.info\/index.php\/2026\/04\/30\/evropa-ka-nje-problem-nuk-e-di-se-sa-karburant-i-ka-mbetur\/#primaryimage"},"thumbnailUrl":"https:\/\/kosovatimes.info\/wp-content\/uploads\/2026\/04\/nafta-5.jpg","articleSection":["Bot\u00eb","Lajme"],"inLanguage":"en-US","potentialAction":[{"@type":"CommentAction","name":"Comment","target":["https:\/\/kosovatimes.info\/index.php\/2026\/04\/30\/evropa-ka-nje-problem-nuk-e-di-se-sa-karburant-i-ka-mbetur\/#respond"]}]},{"@type":"WebPage","@id":"https:\/\/kosovatimes.info\/index.php\/2026\/04\/30\/evropa-ka-nje-problem-nuk-e-di-se-sa-karburant-i-ka-mbetur\/","url":"https:\/\/kosovatimes.info\/index.php\/2026\/04\/30\/evropa-ka-nje-problem-nuk-e-di-se-sa-karburant-i-ka-mbetur\/","name":"Evropa ka nj\u00eb problem: Nuk e di se sa karburant i ka mbetur - Kosova Times","isPartOf":{"@id":"https:\/\/kosovatimes.info\/#website"},"primaryImageOfPage":{"@id":"https:\/\/kosovatimes.info\/index.php\/2026\/04\/30\/evropa-ka-nje-problem-nuk-e-di-se-sa-karburant-i-ka-mbetur\/#primaryimage"},"image":{"@id":"https:\/\/kosovatimes.info\/index.php\/2026\/04\/30\/evropa-ka-nje-problem-nuk-e-di-se-sa-karburant-i-ka-mbetur\/#primaryimage"},"thumbnailUrl":"https:\/\/kosovatimes.info\/wp-content\/uploads\/2026\/04\/nafta-5.jpg","datePublished":"2026-04-30T08:22:03+00:00","dateModified":"2026-04-30T08:22:06+00:00","author":{"@id":"https:\/\/kosovatimes.info\/#\/schema\/person\/7586712b9c512fe68085de007378c915"},"breadcrumb":{"@id":"https:\/\/kosovatimes.info\/index.php\/2026\/04\/30\/evropa-ka-nje-problem-nuk-e-di-se-sa-karburant-i-ka-mbetur\/#breadcrumb"},"inLanguage":"en-US","potentialAction":[{"@type":"ReadAction","target":["https:\/\/kosovatimes.info\/index.php\/2026\/04\/30\/evropa-ka-nje-problem-nuk-e-di-se-sa-karburant-i-ka-mbetur\/"]}]},{"@type":"ImageObject","inLanguage":"en-US","@id":"https:\/\/kosovatimes.info\/index.php\/2026\/04\/30\/evropa-ka-nje-problem-nuk-e-di-se-sa-karburant-i-ka-mbetur\/#primaryimage","url":"https:\/\/kosovatimes.info\/wp-content\/uploads\/2026\/04\/nafta-5.jpg","contentUrl":"https:\/\/kosovatimes.info\/wp-content\/uploads\/2026\/04\/nafta-5.jpg","width":2020,"height":1136},{"@type":"BreadcrumbList","@id":"https:\/\/kosovatimes.info\/index.php\/2026\/04\/30\/evropa-ka-nje-problem-nuk-e-di-se-sa-karburant-i-ka-mbetur\/#breadcrumb","itemListElement":[{"@type":"ListItem","position":1,"name":"Home","item":"https:\/\/kosovatimes.info\/"},{"@type":"ListItem","position":2,"name":"Evropa ka nj\u00eb problem: Nuk e di se sa karburant i ka mbetur"}]},{"@type":"WebSite","@id":"https:\/\/kosovatimes.info\/#website","url":"https:\/\/kosovatimes.info\/","name":"Kosova Times","description":"","potentialAction":[{"@type":"SearchAction","target":{"@type":"EntryPoint","urlTemplate":"https:\/\/kosovatimes.info\/?s={search_term_string}"},"query-input":{"@type":"PropertyValueSpecification","valueRequired":true,"valueName":"search_term_string"}}],"inLanguage":"en-US"},{"@type":"Person","@id":"https:\/\/kosovatimes.info\/#\/schema\/person\/7586712b9c512fe68085de007378c915","name":"i l","image":{"@type":"ImageObject","inLanguage":"en-US","@id":"https:\/\/secure.gravatar.com\/avatar\/bad9296e02816160ae2e2435beda58222022298d5625d49fea74d18816fbb31d?s=96&d=mm&r=g","url":"https:\/\/secure.gravatar.com\/avatar\/bad9296e02816160ae2e2435beda58222022298d5625d49fea74d18816fbb31d?s=96&d=mm&r=g","contentUrl":"https:\/\/secure.gravatar.com\/avatar\/bad9296e02816160ae2e2435beda58222022298d5625d49fea74d18816fbb31d?s=96&d=mm&r=g","caption":"i l"},"url":"https:\/\/kosovatimes.info\/index.php\/author\/iliri\/"}]}},"_links":{"self":[{"href":"https:\/\/kosovatimes.info\/index.php\/wp-json\/wp\/v2\/posts\/12633","targetHints":{"allow":["GET"]}}],"collection":[{"href":"https:\/\/kosovatimes.info\/index.php\/wp-json\/wp\/v2\/posts"}],"about":[{"href":"https:\/\/kosovatimes.info\/index.php\/wp-json\/wp\/v2\/types\/post"}],"author":[{"embeddable":true,"href":"https:\/\/kosovatimes.info\/index.php\/wp-json\/wp\/v2\/users\/4"}],"replies":[{"embeddable":true,"href":"https:\/\/kosovatimes.info\/index.php\/wp-json\/wp\/v2\/comments?post=12633"}],"version-history":[{"count":1,"href":"https:\/\/kosovatimes.info\/index.php\/wp-json\/wp\/v2\/posts\/12633\/revisions"}],"predecessor-version":[{"id":12635,"href":"https:\/\/kosovatimes.info\/index.php\/wp-json\/wp\/v2\/posts\/12633\/revisions\/12635"}],"wp:featuredmedia":[{"embeddable":true,"href":"https:\/\/kosovatimes.info\/index.php\/wp-json\/wp\/v2\/media\/12634"}],"wp:attachment":[{"href":"https:\/\/kosovatimes.info\/index.php\/wp-json\/wp\/v2\/media?parent=12633"}],"wp:term":[{"taxonomy":"category","embeddable":true,"href":"https:\/\/kosovatimes.info\/index.php\/wp-json\/wp\/v2\/categories?post=12633"},{"taxonomy":"post_tag","embeddable":true,"href":"https:\/\/kosovatimes.info\/index.php\/wp-json\/wp\/v2\/tags?post=12633"}],"curies":[{"name":"wp","href":"https:\/\/api.w.org\/{rel}","templated":true}]}}