{"id":12645,"date":"2026-04-30T10:34:26","date_gmt":"2026-04-30T08:34:26","guid":{"rendered":"https:\/\/kosovatimes.info\/?p=12645"},"modified":"2026-04-30T10:34:28","modified_gmt":"2026-04-30T08:34:28","slug":"fundi-ikonik-i-viteve-nentedhjete-eshte-rikthyer-menyra-te-panumerta-elegante-per-ta-veshur-kete-sezon","status":"publish","type":"post","link":"https:\/\/kosovatimes.info\/index.php\/2026\/04\/30\/fundi-ikonik-i-viteve-nentedhjete-eshte-rikthyer-menyra-te-panumerta-elegante-per-ta-veshur-kete-sezon\/","title":{"rendered":"Fundi ikonik i viteve n\u00ebnt\u00ebdhjet\u00eb \u00ebsht\u00eb rikthyer: M\u00ebnyra t\u00eb panum\u00ebrta elegante p\u00ebr ta veshur k\u00ebt\u00eb sezon"},"content":{"rendered":"\n<p>Vitet n\u00ebnt\u00ebdhjet\u00eb jan\u00eb ende nj\u00eb frym\u00ebzim i pashtersh\u00ebm si p\u00ebr koleksionet e reja t\u00eb mod\u00ebs ashtu edhe p\u00ebr stilin e rrug\u00ebs. Nd\u00ebr pjes\u00ebt ikonike t\u00eb atyre viteve, nj\u00ebra shpesh kalon pa u v\u00ebn\u00eb re &#8211; fundi transparent&nbsp;<a href=\"https:\/\/zadovoljna.nova.rs\/tag\/suknja\/\" target=\"_blank\" rel=\"noreferrer noopener\">,<\/a>&nbsp;i cili tani po kthehet si nj\u00eb trend i madh.<\/p>\n\n\n\n<p>N\u00eb vitin 1993, Chanel ofroi nj\u00eb interpretim t\u00eb haute couture t\u00eb k\u00ebtij modeli kur Claudia Schiffer hapi sfilat\u00ebn e tyre pranverore me nj\u00eb fund t\u00eb zi midi t\u00eb gjat\u00eb t\u00eb kombinuar me nj\u00eb xhaket\u00eb me bel.<\/p>\n\n\n\n<figure class=\"wp-block-image\" id=\"attachment_2821042\"><img decoding=\"async\" src=\"http:\/\/zadovoljna.nova.rs\/wp-content\/uploads\/2026\/04\/27\/1777284778-profimedia-0068437849-673x1024.jpg\" alt=\"\" class=\"wp-image-2821042\"\/><figcaption class=\"wp-element-caption\">Foto: PIERRE VERDY<\/figcaption><\/figure>\n\n\n\n<p>Disa vite m\u00eb von\u00eb, Miu Miu p\u00ebrqafoi k\u00ebt\u00eb material t\u00eb ajrosur n\u00eb koleksionin pranver\u00eb\/ver\u00eb 1996 me Kate Moss-in e re n\u00eb pist\u00eb, e veshur me nj\u00eb fund deri n\u00eb gju dhe nj\u00eb kostum me kuadrate.<\/p>\n\n\n\n<figure class=\"wp-block-image\" id=\"attachment_2821047\"><img decoding=\"async\" src=\"http:\/\/zadovoljna.nova.rs\/wp-content\/uploads\/2026\/04\/27\/1777284782-profimedia-0017428021-594x1024.jpg\" alt=\"\" class=\"wp-image-2821047\"\/><figcaption class=\"wp-element-caption\">Foto: TIMOTHY A. CLARY&nbsp;<\/figcaption><\/figure>\n\n\n\n<p>Prada m\u00eb pas prezantoi versionin e saj t\u00eb materialeve transparente n\u00eb vitin 1997, dhe trendi vazhdoi me Calvin Klein n\u00eb sezonin pranver\u00eb\/ver\u00eb 1998.<\/p>\n\n\n\n<p>N\u00eb fund t\u00eb viteve n\u00ebnt\u00ebdhjet\u00eb, Helmut Lang prezanton copa t\u00eb ajrosura q\u00eb mb\u00ebshtjellin trupin me tone roz\u00eb pluhur dhe fuksie.<\/p>\n\n\n\n<h2 class=\"wp-block-heading\">Fundet m\u00eb t\u00eb mira transparente p\u00ebr pranver\u00ebn dhe ver\u00ebn 2026.<\/h2>\n\n\n\n<p>Sot, fundi transparent vishet n\u00eb disa variante &#8211; i zi, me dantell\u00eb, me stampa, me lule&#8230;<\/p>\n\n\n\n<p>K\u00ebt\u00eb pranver\u00eb, Prada prezantoi funde transparente n\u00eb form\u00ebn e kostumeve transparente t\u00eb veshura mbi t\u00eb brendshme n\u00eb nj\u00eb ngjyr\u00eb kontrastuese.<\/p>\n\n\n\n<figure class=\"wp-block-image\" id=\"attachment_2821041\"><img decoding=\"async\" src=\"http:\/\/zadovoljna.nova.rs\/wp-content\/uploads\/2026\/04\/27\/1777284766-profimedia-1040581596-683x1024.jpg\" alt=\"\" class=\"wp-image-2821041\"\/><figcaption class=\"wp-element-caption\">Foto: Agence&nbsp;<\/figcaption><\/figure>\n\n\n\n<p>Fendi i solli nj\u00eb not\u00eb dielli k\u00ebtij trendi p\u00ebrmes kompleteve t\u00eb koordinuara t\u00eb vendosura mbi copa t\u00eb zbukuruara.<\/p>\n\n\n\n<figure class=\"wp-block-image\" id=\"attachment_2821038\"><img decoding=\"async\" src=\"http:\/\/zadovoljna.nova.rs\/wp-content\/uploads\/2026\/04\/27\/1777284754-profimedia-1040078365-682x1024.jpg\" alt=\"\" class=\"wp-image-2821038\"\/><figcaption class=\"wp-element-caption\">Foto: NOWFASHION \/<\/figcaption><\/figure>\n\n\n\n<p>Dhe nd\u00ebrsa temperaturat rriten, fundi transparent duket gjithnj\u00eb e m\u00eb t\u00ebrheq\u00ebs.<\/p>\n\n\n\n<figure class=\"wp-block-image\" id=\"attachment_2821031\"><img decoding=\"async\" src=\"http:\/\/zadovoljna.nova.rs\/wp-content\/uploads\/2026\/04\/27\/1777284739-Zara-683x1024.jpg\" alt=\"Fund i Zara-s\" class=\"wp-image-2821031\"\/><figcaption class=\"wp-element-caption\">Fundi Zara Foto: Promo<\/figcaption><\/figure>\n\n\n\n<p>Mund t\u00eb vishet me nj\u00eb k\u00ebmish\u00eb me kopsa dhe mokasina ose me nj\u00eb bluz\u00eb m\u00ebndafshi dhe \u00e7izme.<\/p>\n\n\n\n<p>N\u00eb kombinim me nj\u00eb xhaket\u00eb sportive dhe pantallona t\u00eb gjera, krijon nj\u00eb kombinim delikate sensual p\u00ebr mbr\u00ebmjen.<\/p>\n\n\n\n<figure class=\"wp-block-image\" id=\"attachment_2821028\"><img decoding=\"async\" src=\"http:\/\/zadovoljna.nova.rs\/wp-content\/uploads\/2026\/04\/27\/1777284738-Diesel-suknja.jpg\" alt=\"Funde Diesel\" class=\"wp-image-2821028\"\/><figcaption class=\"wp-element-caption\">Fundi Diesel&nbsp;<\/figcaption><\/figure>\n\n\n\n<p>Gjithashtu funksionon mir\u00eb me baletat e sheshta.<\/p>\n\n\n\n<figure class=\"wp-block-image\" id=\"attachment_2821033\"><img decoding=\"async\" src=\"http:\/\/zadovoljna.nova.rs\/wp-content\/uploads\/2026\/04\/27\/1777284748-Zara-za-grad-683x1024.jpg\" alt=\"Fund i Zara-s\" class=\"wp-image-2821033\"\/><figcaption class=\"wp-element-caption\">Fundi Zara<\/figcaption><\/figure>\n\n\n\n<p>P\u00ebr raste gjat\u00eb dit\u00ebs, kombinimi m\u00eb i thjesht\u00eb \u00ebsht\u00eb t\u00eb kombinoni nj\u00eb fund transparent me nj\u00eb k\u00ebmish\u00eb pambuku prej puplini dhe mokasina.<\/p>\n\n\n\n<p>P\u00ebr n\u00eb plazh, ato me dantell\u00eb q\u00eb shkojn\u00eb mbi rroba banje dhe me sandale me rruaza jan\u00eb ideale.<\/p>\n\n\n\n<figure class=\"wp-block-image\" id=\"attachment_2821021\"><img decoding=\"async\" src=\"http:\/\/zadovoljna.nova.rs\/wp-content\/uploads\/2026\/04\/27\/1777284726-Teranova-za-plazu.jpg\" alt=\"Fundi Terranova\" class=\"wp-image-2821021\"\/><figcaption class=\"wp-element-caption\">Fundi TerranovaP\u00ebr ata q\u00eb jan\u00eb m\u00eb shum\u00eb tip sportiv, ekziston nj\u00eb set transparent me atlete dhe nj\u00eb \u00e7ant\u00eb l\u00ebkure.<br><img loading=\"lazy\" decoding=\"async\" width=\"1024\" height=\"686\" srcset=\"https:\/\/zadovoljna.nova.rs\/wp-content\/uploads\/2026\/04\/27\/1777284724-RESERVED-suknja-1024x686.jpg 1024w, https:\/\/zadovoljna.nova.rs\/wp-content\/uploads\/2026\/04\/27\/1777284724-RESERVED-suknja-300x201.jpg 300w, https:\/\/zadovoljna.nova.rs\/wp-content\/uploads\/2026\/04\/27\/1777284724-RESERVED-suknja-768x515.jpg 768w, https:\/\/zadovoljna.nova.rs\/wp-content\/uploads\/2026\/04\/27\/1777284724-RESERVED-suknja-175x117.jpg 175w, https:\/\/zadovoljna.nova.rs\/wp-content\/uploads\/2026\/04\/27\/1777284724-RESERVED-suknja-220x147.jpg 220w, https:\/\/zadovoljna.nova.rs\/wp-content\/uploads\/2026\/04\/27\/1777284724-RESERVED-suknja-330x220.jpg 330w, https:\/\/zadovoljna.nova.rs\/wp-content\/uploads\/2026\/04\/27\/1777284724-RESERVED-suknja-750x503.jpg 750w, https:\/\/zadovoljna.nova.rs\/wp-content\/uploads\/2026\/04\/27\/1777284724-RESERVED-suknja-900x603.jpg 900w, https:\/\/zadovoljna.nova.rs\/wp-content\/uploads\/2026\/04\/27\/1777284724-RESERVED-suknja.jpg 1179w\" src=\"http:\/\/zadovoljna.nova.rs\/wp-content\/uploads\/2026\/04\/27\/1777284724-RESERVED-suknja-1024x686.jpg\" alt=\"Funde e rezervuar\">Fundi i rezervuar<\/figcaption><\/figure>\n\n\n\n<p>S\u00eb fundmi, shalli po shfaqet gjithashtu si nj\u00eb pjes\u00eb ky\u00e7e e kombinimeve pranverore. N\u00ebse e lidhni rreth nj\u00eb fundi transparent, do t\u00eb shkoj\u00eb shum\u00eb mir\u00eb me sandale t\u00eb sheshta dhe nj\u00eb bluz\u00eb t\u00eb ngusht\u00eb.<\/p>\n","protected":false},"excerpt":{"rendered":"<p>Vitet n\u00ebnt\u00ebdhjet\u00eb jan\u00eb ende nj\u00eb frym\u00ebzim i pashtersh\u00ebm si p\u00ebr koleksionet e reja t\u00eb mod\u00ebs ashtu edhe p\u00ebr stilin e rrug\u00ebs. Nd\u00ebr pjes\u00ebt ikonike t\u00eb atyre viteve, nj\u00ebra shpesh kalon pa u v\u00ebn\u00eb re &#8211; fundi transparent&nbsp;,&nbsp;i cili tani po kthehet si nj\u00eb trend i madh. N\u00eb vitin 1993, Chanel ofroi nj\u00eb interpretim t\u00eb haute [&hellip;]<\/p>\n","protected":false},"author":4,"featured_media":12646,"comment_status":"open","ping_status":"open","sticky":false,"template":"","format":"standard","meta":{"footnotes":""},"categories":[40],"tags":[],"class_list":{"0":"post-12645","1":"post","2":"type-post","3":"status-publish","4":"format-standard","5":"has-post-thumbnail","7":"category-mode"},"yoast_head":"<!-- This site is optimized with the Yoast SEO plugin v27.4 - https:\/\/yoast.com\/product\/yoast-seo-wordpress\/ -->\n<title>Fundi ikonik i viteve n\u00ebnt\u00ebdhjet\u00eb \u00ebsht\u00eb rikthyer: M\u00ebnyra t\u00eb panum\u00ebrta elegante p\u00ebr ta veshur k\u00ebt\u00eb sezon - Kosova Times<\/title>\n<meta name=\"robots\" content=\"index, follow, max-snippet:-1, max-image-preview:large, max-video-preview:-1\" \/>\n<link rel=\"canonical\" href=\"https:\/\/kosovatimes.info\/index.php\/2026\/04\/30\/fundi-ikonik-i-viteve-nentedhjete-eshte-rikthyer-menyra-te-panumerta-elegante-per-ta-veshur-kete-sezon\/\" \/>\n<meta property=\"og:locale\" content=\"en_US\" \/>\n<meta property=\"og:type\" content=\"article\" \/>\n<meta property=\"og:title\" content=\"Fundi ikonik i viteve n\u00ebnt\u00ebdhjet\u00eb \u00ebsht\u00eb rikthyer: M\u00ebnyra t\u00eb panum\u00ebrta elegante p\u00ebr ta veshur k\u00ebt\u00eb sezon - Kosova Times\" \/>\n<meta property=\"og:description\" content=\"Vitet n\u00ebnt\u00ebdhjet\u00eb jan\u00eb ende nj\u00eb frym\u00ebzim i pashtersh\u00ebm si p\u00ebr koleksionet e reja t\u00eb mod\u00ebs ashtu edhe p\u00ebr stilin e rrug\u00ebs. Nd\u00ebr pjes\u00ebt ikonike t\u00eb atyre viteve, nj\u00ebra shpesh kalon pa u v\u00ebn\u00eb re &#8211; fundi transparent&nbsp;,&nbsp;i cili tani po kthehet si nj\u00eb trend i madh. N\u00eb vitin 1993, Chanel ofroi nj\u00eb interpretim t\u00eb haute [&hellip;]\" \/>\n<meta property=\"og:url\" content=\"https:\/\/kosovatimes.info\/index.php\/2026\/04\/30\/fundi-ikonik-i-viteve-nentedhjete-eshte-rikthyer-menyra-te-panumerta-elegante-per-ta-veshur-kete-sezon\/\" \/>\n<meta property=\"og:site_name\" content=\"Kosova Times\" \/>\n<meta property=\"article:published_time\" content=\"2026-04-30T08:34:26+00:00\" \/>\n<meta property=\"article:modified_time\" content=\"2026-04-30T08:34:28+00:00\" \/>\n<meta property=\"og:image\" content=\"https:\/\/kosovatimes.info\/wp-content\/uploads\/2026\/04\/Fustani.jpg\" \/>\n\t<meta property=\"og:image:width\" content=\"750\" \/>\n\t<meta property=\"og:image:height\" content=\"499\" \/>\n\t<meta property=\"og:image:type\" content=\"image\/jpeg\" \/>\n<meta name=\"author\" content=\"i l\" \/>\n<meta name=\"twitter:card\" content=\"summary_large_image\" \/>\n<meta name=\"twitter:label1\" content=\"Written by\" \/>\n\t<meta name=\"twitter:data1\" content=\"i l\" \/>\n\t<meta name=\"twitter:label2\" content=\"Est. reading time\" \/>\n\t<meta name=\"twitter:data2\" content=\"4 minutes\" \/>\n<script type=\"application\/ld+json\" class=\"yoast-schema-graph\">{\"@context\":\"https:\\\/\\\/schema.org\",\"@graph\":[{\"@type\":\"Article\",\"@id\":\"https:\\\/\\\/kosovatimes.info\\\/index.php\\\/2026\\\/04\\\/30\\\/fundi-ikonik-i-viteve-nentedhjete-eshte-rikthyer-menyra-te-panumerta-elegante-per-ta-veshur-kete-sezon\\\/#article\",\"isPartOf\":{\"@id\":\"https:\\\/\\\/kosovatimes.info\\\/index.php\\\/2026\\\/04\\\/30\\\/fundi-ikonik-i-viteve-nentedhjete-eshte-rikthyer-menyra-te-panumerta-elegante-per-ta-veshur-kete-sezon\\\/\"},\"author\":{\"name\":\"i l\",\"@id\":\"https:\\\/\\\/kosovatimes.info\\\/#\\\/schema\\\/person\\\/7586712b9c512fe68085de007378c915\"},\"headline\":\"Fundi ikonik i viteve n\u00ebnt\u00ebdhjet\u00eb \u00ebsht\u00eb rikthyer: M\u00ebnyra t\u00eb panum\u00ebrta elegante p\u00ebr ta veshur k\u00ebt\u00eb sezon\",\"datePublished\":\"2026-04-30T08:34:26+00:00\",\"dateModified\":\"2026-04-30T08:34:28+00:00\",\"mainEntityOfPage\":{\"@id\":\"https:\\\/\\\/kosovatimes.info\\\/index.php\\\/2026\\\/04\\\/30\\\/fundi-ikonik-i-viteve-nentedhjete-eshte-rikthyer-menyra-te-panumerta-elegante-per-ta-veshur-kete-sezon\\\/\"},\"wordCount\":457,\"commentCount\":0,\"image\":{\"@id\":\"https:\\\/\\\/kosovatimes.info\\\/index.php\\\/2026\\\/04\\\/30\\\/fundi-ikonik-i-viteve-nentedhjete-eshte-rikthyer-menyra-te-panumerta-elegante-per-ta-veshur-kete-sezon\\\/#primaryimage\"},\"thumbnailUrl\":\"https:\\\/\\\/kosovatimes.info\\\/wp-content\\\/uploads\\\/2026\\\/04\\\/Fustani.jpg\",\"articleSection\":[\"Mod\u00eb\"],\"inLanguage\":\"en-US\",\"potentialAction\":[{\"@type\":\"CommentAction\",\"name\":\"Comment\",\"target\":[\"https:\\\/\\\/kosovatimes.info\\\/index.php\\\/2026\\\/04\\\/30\\\/fundi-ikonik-i-viteve-nentedhjete-eshte-rikthyer-menyra-te-panumerta-elegante-per-ta-veshur-kete-sezon\\\/#respond\"]}]},{\"@type\":\"WebPage\",\"@id\":\"https:\\\/\\\/kosovatimes.info\\\/index.php\\\/2026\\\/04\\\/30\\\/fundi-ikonik-i-viteve-nentedhjete-eshte-rikthyer-menyra-te-panumerta-elegante-per-ta-veshur-kete-sezon\\\/\",\"url\":\"https:\\\/\\\/kosovatimes.info\\\/index.php\\\/2026\\\/04\\\/30\\\/fundi-ikonik-i-viteve-nentedhjete-eshte-rikthyer-menyra-te-panumerta-elegante-per-ta-veshur-kete-sezon\\\/\",\"name\":\"Fundi ikonik i viteve n\u00ebnt\u00ebdhjet\u00eb \u00ebsht\u00eb rikthyer: M\u00ebnyra t\u00eb panum\u00ebrta elegante p\u00ebr ta veshur k\u00ebt\u00eb sezon - Kosova Times\",\"isPartOf\":{\"@id\":\"https:\\\/\\\/kosovatimes.info\\\/#website\"},\"primaryImageOfPage\":{\"@id\":\"https:\\\/\\\/kosovatimes.info\\\/index.php\\\/2026\\\/04\\\/30\\\/fundi-ikonik-i-viteve-nentedhjete-eshte-rikthyer-menyra-te-panumerta-elegante-per-ta-veshur-kete-sezon\\\/#primaryimage\"},\"image\":{\"@id\":\"https:\\\/\\\/kosovatimes.info\\\/index.php\\\/2026\\\/04\\\/30\\\/fundi-ikonik-i-viteve-nentedhjete-eshte-rikthyer-menyra-te-panumerta-elegante-per-ta-veshur-kete-sezon\\\/#primaryimage\"},\"thumbnailUrl\":\"https:\\\/\\\/kosovatimes.info\\\/wp-content\\\/uploads\\\/2026\\\/04\\\/Fustani.jpg\",\"datePublished\":\"2026-04-30T08:34:26+00:00\",\"dateModified\":\"2026-04-30T08:34:28+00:00\",\"author\":{\"@id\":\"https:\\\/\\\/kosovatimes.info\\\/#\\\/schema\\\/person\\\/7586712b9c512fe68085de007378c915\"},\"breadcrumb\":{\"@id\":\"https:\\\/\\\/kosovatimes.info\\\/index.php\\\/2026\\\/04\\\/30\\\/fundi-ikonik-i-viteve-nentedhjete-eshte-rikthyer-menyra-te-panumerta-elegante-per-ta-veshur-kete-sezon\\\/#breadcrumb\"},\"inLanguage\":\"en-US\",\"potentialAction\":[{\"@type\":\"ReadAction\",\"target\":[\"https:\\\/\\\/kosovatimes.info\\\/index.php\\\/2026\\\/04\\\/30\\\/fundi-ikonik-i-viteve-nentedhjete-eshte-rikthyer-menyra-te-panumerta-elegante-per-ta-veshur-kete-sezon\\\/\"]}]},{\"@type\":\"ImageObject\",\"inLanguage\":\"en-US\",\"@id\":\"https:\\\/\\\/kosovatimes.info\\\/index.php\\\/2026\\\/04\\\/30\\\/fundi-ikonik-i-viteve-nentedhjete-eshte-rikthyer-menyra-te-panumerta-elegante-per-ta-veshur-kete-sezon\\\/#primaryimage\",\"url\":\"https:\\\/\\\/kosovatimes.info\\\/wp-content\\\/uploads\\\/2026\\\/04\\\/Fustani.jpg\",\"contentUrl\":\"https:\\\/\\\/kosovatimes.info\\\/wp-content\\\/uploads\\\/2026\\\/04\\\/Fustani.jpg\",\"width\":750,\"height\":499,\"caption\":\"Info - Claudia Schiffer f\u0119te ses 50 ans le 25 ao\u0171t - ARCHIVES - CINDY CRAWFORD, KARL LAGERFELD ET CLAUDIA SCHIFFER, LORS DU DEFILE CHANEL A PARIS EN 1993,Image: 272935672, License: Rights-managed, Restrictions: , Model Release: no, Credit line: RINDOFF-CASTEL \\\/ Bestimage \\\/ Profimedia\"},{\"@type\":\"BreadcrumbList\",\"@id\":\"https:\\\/\\\/kosovatimes.info\\\/index.php\\\/2026\\\/04\\\/30\\\/fundi-ikonik-i-viteve-nentedhjete-eshte-rikthyer-menyra-te-panumerta-elegante-per-ta-veshur-kete-sezon\\\/#breadcrumb\",\"itemListElement\":[{\"@type\":\"ListItem\",\"position\":1,\"name\":\"Home\",\"item\":\"https:\\\/\\\/kosovatimes.info\\\/\"},{\"@type\":\"ListItem\",\"position\":2,\"name\":\"Fundi ikonik i viteve n\u00ebnt\u00ebdhjet\u00eb \u00ebsht\u00eb rikthyer: M\u00ebnyra t\u00eb panum\u00ebrta elegante p\u00ebr ta veshur k\u00ebt\u00eb sezon\"}]},{\"@type\":\"WebSite\",\"@id\":\"https:\\\/\\\/kosovatimes.info\\\/#website\",\"url\":\"https:\\\/\\\/kosovatimes.info\\\/\",\"name\":\"Kosova Times\",\"description\":\"\",\"potentialAction\":[{\"@type\":\"SearchAction\",\"target\":{\"@type\":\"EntryPoint\",\"urlTemplate\":\"https:\\\/\\\/kosovatimes.info\\\/?s={search_term_string}\"},\"query-input\":{\"@type\":\"PropertyValueSpecification\",\"valueRequired\":true,\"valueName\":\"search_term_string\"}}],\"inLanguage\":\"en-US\"},{\"@type\":\"Person\",\"@id\":\"https:\\\/\\\/kosovatimes.info\\\/#\\\/schema\\\/person\\\/7586712b9c512fe68085de007378c915\",\"name\":\"i l\",\"image\":{\"@type\":\"ImageObject\",\"inLanguage\":\"en-US\",\"@id\":\"https:\\\/\\\/secure.gravatar.com\\\/avatar\\\/bad9296e02816160ae2e2435beda58222022298d5625d49fea74d18816fbb31d?s=96&d=mm&r=g\",\"url\":\"https:\\\/\\\/secure.gravatar.com\\\/avatar\\\/bad9296e02816160ae2e2435beda58222022298d5625d49fea74d18816fbb31d?s=96&d=mm&r=g\",\"contentUrl\":\"https:\\\/\\\/secure.gravatar.com\\\/avatar\\\/bad9296e02816160ae2e2435beda58222022298d5625d49fea74d18816fbb31d?s=96&d=mm&r=g\",\"caption\":\"i l\"},\"url\":\"https:\\\/\\\/kosovatimes.info\\\/index.php\\\/author\\\/iliri\\\/\"}]}<\/script>\n<!-- \/ Yoast SEO plugin. -->","yoast_head_json":{"title":"Fundi ikonik i viteve n\u00ebnt\u00ebdhjet\u00eb \u00ebsht\u00eb rikthyer: M\u00ebnyra t\u00eb panum\u00ebrta elegante p\u00ebr ta veshur k\u00ebt\u00eb sezon - Kosova Times","robots":{"index":"index","follow":"follow","max-snippet":"max-snippet:-1","max-image-preview":"max-image-preview:large","max-video-preview":"max-video-preview:-1"},"canonical":"https:\/\/kosovatimes.info\/index.php\/2026\/04\/30\/fundi-ikonik-i-viteve-nentedhjete-eshte-rikthyer-menyra-te-panumerta-elegante-per-ta-veshur-kete-sezon\/","og_locale":"en_US","og_type":"article","og_title":"Fundi ikonik i viteve n\u00ebnt\u00ebdhjet\u00eb \u00ebsht\u00eb rikthyer: M\u00ebnyra t\u00eb panum\u00ebrta elegante p\u00ebr ta veshur k\u00ebt\u00eb sezon - Kosova Times","og_description":"Vitet n\u00ebnt\u00ebdhjet\u00eb jan\u00eb ende nj\u00eb frym\u00ebzim i pashtersh\u00ebm si p\u00ebr koleksionet e reja t\u00eb mod\u00ebs ashtu edhe p\u00ebr stilin e rrug\u00ebs. Nd\u00ebr pjes\u00ebt ikonike t\u00eb atyre viteve, nj\u00ebra shpesh kalon pa u v\u00ebn\u00eb re &#8211; fundi transparent&nbsp;,&nbsp;i cili tani po kthehet si nj\u00eb trend i madh. N\u00eb vitin 1993, Chanel ofroi nj\u00eb interpretim t\u00eb haute [&hellip;]","og_url":"https:\/\/kosovatimes.info\/index.php\/2026\/04\/30\/fundi-ikonik-i-viteve-nentedhjete-eshte-rikthyer-menyra-te-panumerta-elegante-per-ta-veshur-kete-sezon\/","og_site_name":"Kosova Times","article_published_time":"2026-04-30T08:34:26+00:00","article_modified_time":"2026-04-30T08:34:28+00:00","og_image":[{"width":750,"height":499,"url":"https:\/\/kosovatimes.info\/wp-content\/uploads\/2026\/04\/Fustani.jpg","type":"image\/jpeg"}],"author":"i l","twitter_card":"summary_large_image","twitter_misc":{"Written by":"i l","Est. reading time":"4 minutes"},"schema":{"@context":"https:\/\/schema.org","@graph":[{"@type":"Article","@id":"https:\/\/kosovatimes.info\/index.php\/2026\/04\/30\/fundi-ikonik-i-viteve-nentedhjete-eshte-rikthyer-menyra-te-panumerta-elegante-per-ta-veshur-kete-sezon\/#article","isPartOf":{"@id":"https:\/\/kosovatimes.info\/index.php\/2026\/04\/30\/fundi-ikonik-i-viteve-nentedhjete-eshte-rikthyer-menyra-te-panumerta-elegante-per-ta-veshur-kete-sezon\/"},"author":{"name":"i l","@id":"https:\/\/kosovatimes.info\/#\/schema\/person\/7586712b9c512fe68085de007378c915"},"headline":"Fundi ikonik i viteve n\u00ebnt\u00ebdhjet\u00eb \u00ebsht\u00eb rikthyer: M\u00ebnyra t\u00eb panum\u00ebrta elegante p\u00ebr ta veshur k\u00ebt\u00eb sezon","datePublished":"2026-04-30T08:34:26+00:00","dateModified":"2026-04-30T08:34:28+00:00","mainEntityOfPage":{"@id":"https:\/\/kosovatimes.info\/index.php\/2026\/04\/30\/fundi-ikonik-i-viteve-nentedhjete-eshte-rikthyer-menyra-te-panumerta-elegante-per-ta-veshur-kete-sezon\/"},"wordCount":457,"commentCount":0,"image":{"@id":"https:\/\/kosovatimes.info\/index.php\/2026\/04\/30\/fundi-ikonik-i-viteve-nentedhjete-eshte-rikthyer-menyra-te-panumerta-elegante-per-ta-veshur-kete-sezon\/#primaryimage"},"thumbnailUrl":"https:\/\/kosovatimes.info\/wp-content\/uploads\/2026\/04\/Fustani.jpg","articleSection":["Mod\u00eb"],"inLanguage":"en-US","potentialAction":[{"@type":"CommentAction","name":"Comment","target":["https:\/\/kosovatimes.info\/index.php\/2026\/04\/30\/fundi-ikonik-i-viteve-nentedhjete-eshte-rikthyer-menyra-te-panumerta-elegante-per-ta-veshur-kete-sezon\/#respond"]}]},{"@type":"WebPage","@id":"https:\/\/kosovatimes.info\/index.php\/2026\/04\/30\/fundi-ikonik-i-viteve-nentedhjete-eshte-rikthyer-menyra-te-panumerta-elegante-per-ta-veshur-kete-sezon\/","url":"https:\/\/kosovatimes.info\/index.php\/2026\/04\/30\/fundi-ikonik-i-viteve-nentedhjete-eshte-rikthyer-menyra-te-panumerta-elegante-per-ta-veshur-kete-sezon\/","name":"Fundi ikonik i viteve n\u00ebnt\u00ebdhjet\u00eb \u00ebsht\u00eb rikthyer: M\u00ebnyra t\u00eb panum\u00ebrta elegante p\u00ebr ta veshur k\u00ebt\u00eb sezon - Kosova Times","isPartOf":{"@id":"https:\/\/kosovatimes.info\/#website"},"primaryImageOfPage":{"@id":"https:\/\/kosovatimes.info\/index.php\/2026\/04\/30\/fundi-ikonik-i-viteve-nentedhjete-eshte-rikthyer-menyra-te-panumerta-elegante-per-ta-veshur-kete-sezon\/#primaryimage"},"image":{"@id":"https:\/\/kosovatimes.info\/index.php\/2026\/04\/30\/fundi-ikonik-i-viteve-nentedhjete-eshte-rikthyer-menyra-te-panumerta-elegante-per-ta-veshur-kete-sezon\/#primaryimage"},"thumbnailUrl":"https:\/\/kosovatimes.info\/wp-content\/uploads\/2026\/04\/Fustani.jpg","datePublished":"2026-04-30T08:34:26+00:00","dateModified":"2026-04-30T08:34:28+00:00","author":{"@id":"https:\/\/kosovatimes.info\/#\/schema\/person\/7586712b9c512fe68085de007378c915"},"breadcrumb":{"@id":"https:\/\/kosovatimes.info\/index.php\/2026\/04\/30\/fundi-ikonik-i-viteve-nentedhjete-eshte-rikthyer-menyra-te-panumerta-elegante-per-ta-veshur-kete-sezon\/#breadcrumb"},"inLanguage":"en-US","potentialAction":[{"@type":"ReadAction","target":["https:\/\/kosovatimes.info\/index.php\/2026\/04\/30\/fundi-ikonik-i-viteve-nentedhjete-eshte-rikthyer-menyra-te-panumerta-elegante-per-ta-veshur-kete-sezon\/"]}]},{"@type":"ImageObject","inLanguage":"en-US","@id":"https:\/\/kosovatimes.info\/index.php\/2026\/04\/30\/fundi-ikonik-i-viteve-nentedhjete-eshte-rikthyer-menyra-te-panumerta-elegante-per-ta-veshur-kete-sezon\/#primaryimage","url":"https:\/\/kosovatimes.info\/wp-content\/uploads\/2026\/04\/Fustani.jpg","contentUrl":"https:\/\/kosovatimes.info\/wp-content\/uploads\/2026\/04\/Fustani.jpg","width":750,"height":499,"caption":"Info - Claudia Schiffer f\u0119te ses 50 ans le 25 ao\u0171t - ARCHIVES - CINDY CRAWFORD, KARL LAGERFELD ET CLAUDIA SCHIFFER, LORS DU DEFILE CHANEL A PARIS EN 1993,Image: 272935672, License: Rights-managed, Restrictions: , Model Release: no, Credit line: RINDOFF-CASTEL \/ Bestimage \/ Profimedia"},{"@type":"BreadcrumbList","@id":"https:\/\/kosovatimes.info\/index.php\/2026\/04\/30\/fundi-ikonik-i-viteve-nentedhjete-eshte-rikthyer-menyra-te-panumerta-elegante-per-ta-veshur-kete-sezon\/#breadcrumb","itemListElement":[{"@type":"ListItem","position":1,"name":"Home","item":"https:\/\/kosovatimes.info\/"},{"@type":"ListItem","position":2,"name":"Fundi ikonik i viteve n\u00ebnt\u00ebdhjet\u00eb \u00ebsht\u00eb rikthyer: M\u00ebnyra t\u00eb panum\u00ebrta elegante p\u00ebr ta veshur k\u00ebt\u00eb sezon"}]},{"@type":"WebSite","@id":"https:\/\/kosovatimes.info\/#website","url":"https:\/\/kosovatimes.info\/","name":"Kosova Times","description":"","potentialAction":[{"@type":"SearchAction","target":{"@type":"EntryPoint","urlTemplate":"https:\/\/kosovatimes.info\/?s={search_term_string}"},"query-input":{"@type":"PropertyValueSpecification","valueRequired":true,"valueName":"search_term_string"}}],"inLanguage":"en-US"},{"@type":"Person","@id":"https:\/\/kosovatimes.info\/#\/schema\/person\/7586712b9c512fe68085de007378c915","name":"i l","image":{"@type":"ImageObject","inLanguage":"en-US","@id":"https:\/\/secure.gravatar.com\/avatar\/bad9296e02816160ae2e2435beda58222022298d5625d49fea74d18816fbb31d?s=96&d=mm&r=g","url":"https:\/\/secure.gravatar.com\/avatar\/bad9296e02816160ae2e2435beda58222022298d5625d49fea74d18816fbb31d?s=96&d=mm&r=g","contentUrl":"https:\/\/secure.gravatar.com\/avatar\/bad9296e02816160ae2e2435beda58222022298d5625d49fea74d18816fbb31d?s=96&d=mm&r=g","caption":"i l"},"url":"https:\/\/kosovatimes.info\/index.php\/author\/iliri\/"}]}},"_links":{"self":[{"href":"https:\/\/kosovatimes.info\/index.php\/wp-json\/wp\/v2\/posts\/12645","targetHints":{"allow":["GET"]}}],"collection":[{"href":"https:\/\/kosovatimes.info\/index.php\/wp-json\/wp\/v2\/posts"}],"about":[{"href":"https:\/\/kosovatimes.info\/index.php\/wp-json\/wp\/v2\/types\/post"}],"author":[{"embeddable":true,"href":"https:\/\/kosovatimes.info\/index.php\/wp-json\/wp\/v2\/users\/4"}],"replies":[{"embeddable":true,"href":"https:\/\/kosovatimes.info\/index.php\/wp-json\/wp\/v2\/comments?post=12645"}],"version-history":[{"count":1,"href":"https:\/\/kosovatimes.info\/index.php\/wp-json\/wp\/v2\/posts\/12645\/revisions"}],"predecessor-version":[{"id":12647,"href":"https:\/\/kosovatimes.info\/index.php\/wp-json\/wp\/v2\/posts\/12645\/revisions\/12647"}],"wp:featuredmedia":[{"embeddable":true,"href":"https:\/\/kosovatimes.info\/index.php\/wp-json\/wp\/v2\/media\/12646"}],"wp:attachment":[{"href":"https:\/\/kosovatimes.info\/index.php\/wp-json\/wp\/v2\/media?parent=12645"}],"wp:term":[{"taxonomy":"category","embeddable":true,"href":"https:\/\/kosovatimes.info\/index.php\/wp-json\/wp\/v2\/categories?post=12645"},{"taxonomy":"post_tag","embeddable":true,"href":"https:\/\/kosovatimes.info\/index.php\/wp-json\/wp\/v2\/tags?post=12645"}],"curies":[{"name":"wp","href":"https:\/\/api.w.org\/{rel}","templated":true}]}}