{"id":12650,"date":"2026-04-30T10:39:16","date_gmt":"2026-04-30T08:39:16","guid":{"rendered":"https:\/\/kosovatimes.info\/?p=12650"},"modified":"2026-04-30T10:39:19","modified_gmt":"2026-04-30T08:39:19","slug":"detajet-e-marreveshjes-midis-serbise-dhe-izraelit-per-te-dhenat-sekrete-ne-sektorin-e-mbrojtjes","status":"publish","type":"post","link":"https:\/\/kosovatimes.info\/index.php\/2026\/04\/30\/detajet-e-marreveshjes-midis-serbise-dhe-izraelit-per-te-dhenat-sekrete-ne-sektorin-e-mbrojtjes\/","title":{"rendered":"Detajet e marr\u00ebveshjes midis Serbis\u00eb dhe Izraelit p\u00ebr t\u00eb dh\u00ebnat sekrete n\u00eb sektorin e mbrojtjes"},"content":{"rendered":"\n<p>Qeverit\u00eb e Serbis\u00eb dhe Izraelit, pra ministrit\u00eb e tyre kompetente t\u00eb mbrojtjes, n\u00ebnshkruan &#8220;Marr\u00ebveshjen e Siguris\u00eb s\u00eb P\u00ebrgjithshme mbi Shk\u00ebmbimin dhe Mbrojtjen e Nd\u00ebrsjell\u00eb t\u00eb t\u00eb Dh\u00ebnave Sekrete n\u00eb Fush\u00ebn e Mbrojtjes&#8221;.Me k\u00ebrkes\u00eb t\u00eb Qeveris\u00eb s\u00eb Serbis\u00eb, Komisioni i Parlamentit Serb p\u00ebr Mbrojtje dhe Pun\u00eb t\u00eb Brendshme mb\u00ebshteti sot marr\u00ebveshjen me shumic\u00ebn e votave, gj\u00eb q\u00eb mund\u00ebsoi zbatimin e saj t\u00eb p\u00ebrkohsh\u00ebm p\u00ebrpara se t\u00eb miratohet zyrtarisht nga Asambleja Komb\u00ebtare.<\/p>\n\n\n\n<p>Urgjenca e aplikimit, si\u00e7 u tha, rrjedh nga d\u00ebrgesa e pritur e pajisjeve ushtarake nga Izraeli, t\u00eb destinuara p\u00ebr t\u00eb pajisur Forcat e Armatosura Serbe.<\/p>\n\n\n\n<p>\u201cFillimi m\u00eb i hersh\u00ebm i zbatimit t\u00eb marr\u00ebveshjes s\u00eb propozuar do t\u00eb mund\u00ebsonte n\u00ebnshkrimin dhe hyrjen n\u00eb fuqi m\u00eb t\u00eb hershme t\u00eb kontrat\u00ebs n\u00eb lidhje me sigurimin e arm\u00ebve dhe pajisjeve ushtarake dhe p\u00ebrmir\u00ebsimin e aft\u00ebsive operacionale t\u00eb Forcave t\u00eb Armatosura Serbe\u201d, thuhet n\u00eb dokumentin e siguruar nga\u00a0<a href=\"https:\/\/birn.rs\/sporazum-o-tajnim-podacima-srbije-i-izraela\/\" target=\"_blank\" rel=\"noreferrer noopener\">BIRN<\/a>\u00a0.Blerja e pritur ka shum\u00eb t\u00eb ngjar\u00eb t\u00eb lidhet me kompanin\u00eb izraelite t\u00eb prodhimit t\u00eb arm\u00ebve Elbit Systems. N\u00eb fillim t\u00eb vitit t\u00eb kaluar, Elbit Systems i shiti Serbis\u00eb sisteme t\u00eb p\u00ebrparuara artilerie dhe dron\u00eb me vler\u00eb 335 milion\u00eb dollar\u00eb. N\u00eb gusht t\u00eb vitit 2025, u n\u00ebnshkrua nj\u00eb kontrat\u00eb tjet\u00ebr me vler\u00eb 1.6 miliard\u00eb dollar\u00eb p\u00ebr d\u00ebrgimin e dron\u00ebve, raketave me rreze t\u00eb gjat\u00eb veprimi, sistemeve t\u00eb luft\u00ebs elektronike dhe pajisjeve t\u00eb tjera ushtarake n\u00eb Beograd.<\/p>\n\n\n\n<p><a href=\"https:\/\/birn.rs\/sporazum-o-tajnim-podacima-srbije-i-izraela\/\" target=\"_blank\" rel=\"noreferrer noopener\">BIRN<\/a>&nbsp;raportoi gjithashtu n\u00eb maj se&nbsp;<a href=\"https:\/\/birn.rs\/fabrika-dronova-u-srbiji-elbit-systems\/\">Serbia planifikon t\u00eb prodhoj\u00eb dron\u00eb n\u00eb territorin e saj s\u00eb bashku me Elbit<\/a>&nbsp;, gj\u00eb q\u00eb Presidenti Vu\u00e7i\u00e7 e konfirmoi m\u00eb von\u00eb.<\/p>\n\n\n\n<p>Paralelisht, eksportet e arm\u00ebve nga Serbia n\u00eb Izrael jan\u00eb rritur 42 her\u00eb q\u00eb nga viti 2023, duke arritur n\u00eb 114 milion\u00eb euro vitin e kaluar, pavar\u00ebsisht akuzave se Izraeli kreu gjenocid n\u00eb Gaza dhe thirrjeve nga ekspert\u00ebt e t\u00eb drejtave t\u00eb njeriut t\u00eb Kombeve t\u00eb Bashkuara p\u00ebr t\u00eb ndaluar furnizimet me arm\u00eb n\u00eb vend.<\/p>\n\n\n\n<p>Bogdan Radovanovi\u00e7, deputet i Frontit t\u00eb Majt\u00eb t\u00eb Gjelb\u00ebr (ZLF) n\u00eb opozit\u00eb, i cili votoi kund\u00ebr marr\u00ebveshjes n\u00eb seanc\u00ebn e Komitetit t\u00eb Siguris\u00eb, i tha BIRN se asnj\u00eb p\u00ebrfaq\u00ebsues i Ministris\u00eb s\u00eb Mbrojtjes nuk dha nj\u00eb shpjegim t\u00eb detajuar se pse kjo \u00ebsht\u00eb urgjente ose n\u00ebse ka t\u00eb b\u00ebj\u00eb me marr\u00ebveshje t\u00eb ndryshme me Elbit Systems.<\/p>\n\n\n\n<p>\u201cDilemat se \u00e7far\u00eb do t\u00eb thot\u00eb sakt\u00ebsisht \u2018&nbsp;<em>mbrojtja e nd\u00ebrsjell\u00eb<\/em>&nbsp;\u2019 dhe n\u00ebse, p\u00ebr shembull, Mossadi do t\u00eb ket\u00eb tani autoritetin p\u00ebr t\u00eb \u2018&nbsp;<em>mbrojtur n\u00eb m\u00ebnyr\u00eb t\u00eb nd\u00ebrsjell\u00eb<\/em>&nbsp;\u2019 t\u00eb dh\u00ebnat sekrete t\u00eb p\u00ebrbashk\u00ebta n\u00eb territorin ton\u00eb nuk jan\u00eb sqaruar ende\u201d, thot\u00eb Bogdanovi\u0107, i cili thekson se \u00ebsht\u00eb kund\u00ebr \u00e7do marr\u00ebveshjeje me vendin q\u00eb ai beson se po kryen gjenocid n\u00eb Gaza.<\/p>\n\n\n\n<p>Iniciativa p\u00ebr marr\u00ebveshjen erdhi nga Izraeli, pas s\u00eb cil\u00ebs u mbajt\u00ebn dy videokonferenca gjat\u00eb t\u00eb cilave u ra dakord p\u00ebr detajet e marr\u00ebveshjes, sipas shpjegimit t\u00eb dh\u00ebn\u00eb an\u00ebtar\u00ebve t\u00eb komisionit parlamentar.<\/p>\n\n\n\n<h2 class=\"wp-block-heading\"><strong>Rojet izraelite t\u00eb siguris\u00eb mund t\u00eb vizitojn\u00eb Serbin\u00eb<\/strong><\/h2>\n\n\n\n<p>N\u00eb marr\u00ebveshjen e siguris\u00eb t\u00eb siguruar nga BIRN, thuhet se n\u00eb Serbi Ministria e Mbrojtjes do t\u00eb jet\u00eb p\u00ebrgjegj\u00ebse p\u00ebr zbatimin e saj, nd\u00ebrsa n\u00eb Izrael \u00ebsht\u00eb Drejtoria e Siguris\u00eb s\u00eb Sistemit t\u00eb Mbrojtjes (DSDE), e njohur m\u00eb mir\u00eb si Malmab, nj\u00eb organ brenda Ministris\u00eb s\u00eb Mbrojtjes s\u00eb Izraelit q\u00eb vepron gjithashtu n\u00eb nj\u00eb kapacitet inteligjence, sepse merret me marrjen e informacionit teknologjik dhe t\u00eb dh\u00ebnave t\u00eb inteligjenc\u00ebs jasht\u00eb vendit.<\/p>\n\n\n\n<h2 class=\"wp-block-heading\"><strong>Zgjidhja e mosmarr\u00ebveshjeve vet\u00ebm jasht\u00eb gjykatave<\/strong><\/h2>\n\n\n\n<p>T\u00eb dyja vendet ran\u00eb dakord q\u00eb \u00e7do mosmarr\u00ebveshje nuk do t\u00eb b\u00ebhej publike dhe se \u00e7do mosmarr\u00ebveshje ose mosmarr\u00ebveshje &#8220;nuk do t&#8217;i n\u00ebnshtrohet asnj\u00eb gjykate apo gjykate komb\u00ebtare ose nd\u00ebrkomb\u00ebtare, apo ndonj\u00eb t\u00eb drejte&#8221;.<\/p>\n\n\n\n<p>\u201cSecila pal\u00eb merr p\u00ebrsip\u00ebr t\u00eb p\u00ebrmbahet nga \u00e7do zbulim publik n\u00eb lidhje me fushat e bashk\u00ebpunimit dhe aktiviteteve t\u00eb nd\u00ebrsjella brenda kuadrit t\u00eb k\u00ebsaj marr\u00ebveshjeje, p\u00ebrve\u00e7 n\u00ebse pala tjet\u00ebr e miraton at\u00eb me shkrim\u201d, thuhet n\u00eb dokument.<\/p>\n\n\n\n<p>Marr\u00ebveshja parashikon mund\u00ebsin\u00eb e formimit t\u00eb nj\u00eb grupi t\u00eb p\u00ebrbashk\u00ebt pune t\u00eb t\u00eb dy vendeve, si dhe q\u00eb t\u00eb dy vendet kan\u00eb t\u00eb drejt\u00eb t\u00eb d\u00ebrgojn\u00eb delegacione ekspert\u00ebsh t\u00eb siguris\u00eb her\u00eb pas here p\u00ebr t\u00eb vizituar territorin e pal\u00ebs tjet\u00ebr &#8220;kur \u00ebsht\u00eb e p\u00ebrshtatshme p\u00ebr t\u00eb dyja pal\u00ebt&#8221;.<\/p>\n\n\n\n<p>Marr\u00ebveshja mbulon \u00e7do transferim ose shk\u00ebmbim informacioni sekret n\u00eb lidhje me sip\u00ebrmarrjet e p\u00ebrbashk\u00ebta, kontratat, si dhe &#8220;shitjen e aseteve t\u00eb mbrojtjes, ose arm\u00ebve, njohurive ose p\u00ebrvoj\u00ebs praktike ushtarake (know-how) ose mallrave me p\u00ebrdorim t\u00eb dyfisht\u00eb, softuer\u00ebve ose teknologjis\u00eb&#8221;.<\/p>\n\n\n\n<p>Ai zbatohet p\u00ebr t\u00eb gjitha subjektet juridike t\u00eb p\u00ebrfshira n\u00eb \u00e7\u00ebshtjet n\u00eb fush\u00ebn e mbrojtjes, qofshin private apo shtet\u00ebrore, si dhe p\u00ebr \u00e7do transferim t\u00eb t\u00eb dh\u00ebnave sekrete midis p\u00ebrfaq\u00ebsuesve t\u00eb subjekteve, punonj\u00ebsve ose konsulent\u00ebve t\u00eb tyre, pavar\u00ebsisht nga statusi i tyre.<\/p>\n\n\n\n<p>Zbulimi i informacionit sekret ndaj nj\u00eb &#8220;pale t\u00eb tret\u00eb&#8221;, d.m.th., nj\u00eb n\u00ebpun\u00ebsi civil, nj\u00eb kontraktori, nj\u00eb punonj\u00ebsi t\u00eb nj\u00eb kontraktori ose ndonj\u00eb &#8220;organizate nd\u00ebrkomb\u00ebtare&#8221; \u00ebsht\u00eb i ndaluar.<\/p>\n\n\n\n<p>Gjithashtu, secila duhet t\u00eb p\u00ebrmbahet &#8220;nga \u00e7do zbulim publik i informacionit t\u00eb klasifikuar&#8221; q\u00eb lidhet me aktivitetet e p\u00ebrbashk\u00ebta, pa p\u00eblqimin me shkrim t\u00eb pal\u00ebs tjet\u00ebr.<\/p>\n\n\n\n<p>N\u00eb rast t\u00eb nj\u00eb &#8220;shkeljeje t\u00eb siguris\u00eb&#8221; ose dyshimi p\u00ebr t\u00eb, vendi ku ka ndodhur njofton vendin tjet\u00ebr, fillon nj\u00eb hetim, komunikon rezultatet e hetimit dhe detajet e &#8220;masave korrigjuese t\u00eb marra&#8221; n\u00eb m\u00ebnyr\u00eb q\u00eb t\u00eb mos ndodh\u00eb p\u00ebrs\u00ebri.<\/p>\n\n\n\n<p>Radovanovi\u0107 nga ZLF i thot\u00eb&nbsp;<a href=\"https:\/\/birn.rs\/sporazum-o-tajnim-podacima-srbije-i-izraela\/\" target=\"_blank\" rel=\"noreferrer noopener\">BIRN<\/a>&nbsp;se &#8220;momenti p\u00ebr nj\u00eb veprim t\u00eb till\u00eb \u00ebsht\u00eb i ndjesh\u00ebm dhe se \u00ebsht\u00eb e pamatur t\u00eb p\u00ebrfundojm\u00eb nj\u00eb marr\u00ebveshje me Qeverin\u00eb e Izraelit, ve\u00e7an\u00ebrisht duke pasur parasysh se rregulloret tona ekzistuese tashm\u00eb p\u00ebrfshijn\u00eb konfidencialitetin e t\u00eb dh\u00ebnave n\u00eb sektorin e mbrojtjes&#8221;.<\/p>\n","protected":false},"excerpt":{"rendered":"<p>Qeverit\u00eb e Serbis\u00eb dhe Izraelit, pra ministrit\u00eb e tyre kompetente t\u00eb mbrojtjes, n\u00ebnshkruan &#8220;Marr\u00ebveshjen e Siguris\u00eb s\u00eb P\u00ebrgjithshme mbi Shk\u00ebmbimin dhe Mbrojtjen e Nd\u00ebrsjell\u00eb t\u00eb t\u00eb Dh\u00ebnave Sekrete n\u00eb Fush\u00ebn e Mbrojtjes&#8221;.Me k\u00ebrkes\u00eb t\u00eb Qeveris\u00eb s\u00eb Serbis\u00eb, Komisioni i Parlamentit Serb p\u00ebr Mbrojtje dhe Pun\u00eb t\u00eb Brendshme mb\u00ebshteti sot marr\u00ebveshjen me shumic\u00ebn e votave, gj\u00eb [&hellip;]<\/p>\n","protected":false},"author":4,"featured_media":12651,"comment_status":"open","ping_status":"open","sticky":false,"template":"","format":"standard","meta":{"footnotes":""},"categories":[30,32],"tags":[],"class_list":{"0":"post-12650","1":"post","2":"type-post","3":"status-publish","4":"format-standard","5":"has-post-thumbnail","7":"category-lajme","8":"category-rajon"},"yoast_head":"<!-- This site is optimized with the Yoast SEO plugin v27.4 - https:\/\/yoast.com\/product\/yoast-seo-wordpress\/ -->\n<title>Detajet e marr\u00ebveshjes midis Serbis\u00eb dhe Izraelit p\u00ebr t\u00eb dh\u00ebnat sekrete n\u00eb sektorin e mbrojtjes - Kosova Times<\/title>\n<meta name=\"robots\" content=\"index, follow, max-snippet:-1, max-image-preview:large, max-video-preview:-1\" \/>\n<link rel=\"canonical\" href=\"https:\/\/kosovatimes.info\/index.php\/2026\/04\/30\/detajet-e-marreveshjes-midis-serbise-dhe-izraelit-per-te-dhenat-sekrete-ne-sektorin-e-mbrojtjes\/\" \/>\n<meta property=\"og:locale\" content=\"en_US\" \/>\n<meta property=\"og:type\" content=\"article\" \/>\n<meta property=\"og:title\" content=\"Detajet e marr\u00ebveshjes midis Serbis\u00eb dhe Izraelit p\u00ebr t\u00eb dh\u00ebnat sekrete n\u00eb sektorin e mbrojtjes - Kosova Times\" \/>\n<meta property=\"og:description\" content=\"Qeverit\u00eb e Serbis\u00eb dhe Izraelit, pra ministrit\u00eb e tyre kompetente t\u00eb mbrojtjes, n\u00ebnshkruan &#8220;Marr\u00ebveshjen e Siguris\u00eb s\u00eb P\u00ebrgjithshme mbi Shk\u00ebmbimin dhe Mbrojtjen e Nd\u00ebrsjell\u00eb t\u00eb t\u00eb Dh\u00ebnave Sekrete n\u00eb Fush\u00ebn e Mbrojtjes&#8221;.Me k\u00ebrkes\u00eb t\u00eb Qeveris\u00eb s\u00eb Serbis\u00eb, Komisioni i Parlamentit Serb p\u00ebr Mbrojtje dhe Pun\u00eb t\u00eb Brendshme mb\u00ebshteti sot marr\u00ebveshjen me shumic\u00ebn e votave, gj\u00eb [&hellip;]\" \/>\n<meta property=\"og:url\" content=\"https:\/\/kosovatimes.info\/index.php\/2026\/04\/30\/detajet-e-marreveshjes-midis-serbise-dhe-izraelit-per-te-dhenat-sekrete-ne-sektorin-e-mbrojtjes\/\" \/>\n<meta property=\"og:site_name\" content=\"Kosova Times\" \/>\n<meta property=\"article:published_time\" content=\"2026-04-30T08:39:16+00:00\" \/>\n<meta property=\"article:modified_time\" content=\"2026-04-30T08:39:19+00:00\" \/>\n<meta name=\"author\" content=\"i l\" \/>\n<meta name=\"twitter:card\" content=\"summary_large_image\" \/>\n<meta name=\"twitter:label1\" content=\"Written by\" \/>\n\t<meta name=\"twitter:data1\" content=\"i l\" \/>\n\t<meta name=\"twitter:label2\" content=\"Est. reading time\" \/>\n\t<meta name=\"twitter:data2\" content=\"5 minutes\" \/>\n<script type=\"application\/ld+json\" class=\"yoast-schema-graph\">{\"@context\":\"https:\\\/\\\/schema.org\",\"@graph\":[{\"@type\":\"Article\",\"@id\":\"https:\\\/\\\/kosovatimes.info\\\/index.php\\\/2026\\\/04\\\/30\\\/detajet-e-marreveshjes-midis-serbise-dhe-izraelit-per-te-dhenat-sekrete-ne-sektorin-e-mbrojtjes\\\/#article\",\"isPartOf\":{\"@id\":\"https:\\\/\\\/kosovatimes.info\\\/index.php\\\/2026\\\/04\\\/30\\\/detajet-e-marreveshjes-midis-serbise-dhe-izraelit-per-te-dhenat-sekrete-ne-sektorin-e-mbrojtjes\\\/\"},\"author\":{\"name\":\"i l\",\"@id\":\"https:\\\/\\\/kosovatimes.info\\\/#\\\/schema\\\/person\\\/7586712b9c512fe68085de007378c915\"},\"headline\":\"Detajet e marr\u00ebveshjes midis Serbis\u00eb dhe Izraelit p\u00ebr t\u00eb dh\u00ebnat sekrete n\u00eb sektorin e mbrojtjes\",\"datePublished\":\"2026-04-30T08:39:16+00:00\",\"dateModified\":\"2026-04-30T08:39:19+00:00\",\"mainEntityOfPage\":{\"@id\":\"https:\\\/\\\/kosovatimes.info\\\/index.php\\\/2026\\\/04\\\/30\\\/detajet-e-marreveshjes-midis-serbise-dhe-izraelit-per-te-dhenat-sekrete-ne-sektorin-e-mbrojtjes\\\/\"},\"wordCount\":1051,\"commentCount\":0,\"image\":{\"@id\":\"https:\\\/\\\/kosovatimes.info\\\/index.php\\\/2026\\\/04\\\/30\\\/detajet-e-marreveshjes-midis-serbise-dhe-izraelit-per-te-dhenat-sekrete-ne-sektorin-e-mbrojtjes\\\/#primaryimage\"},\"thumbnailUrl\":\"https:\\\/\\\/kosovatimes.info\\\/wp-content\\\/uploads\\\/2026\\\/04\\\/Vuciq-1.avif\",\"articleSection\":[\"Lajme\",\"Rajon\"],\"inLanguage\":\"en-US\",\"potentialAction\":[{\"@type\":\"CommentAction\",\"name\":\"Comment\",\"target\":[\"https:\\\/\\\/kosovatimes.info\\\/index.php\\\/2026\\\/04\\\/30\\\/detajet-e-marreveshjes-midis-serbise-dhe-izraelit-per-te-dhenat-sekrete-ne-sektorin-e-mbrojtjes\\\/#respond\"]}]},{\"@type\":\"WebPage\",\"@id\":\"https:\\\/\\\/kosovatimes.info\\\/index.php\\\/2026\\\/04\\\/30\\\/detajet-e-marreveshjes-midis-serbise-dhe-izraelit-per-te-dhenat-sekrete-ne-sektorin-e-mbrojtjes\\\/\",\"url\":\"https:\\\/\\\/kosovatimes.info\\\/index.php\\\/2026\\\/04\\\/30\\\/detajet-e-marreveshjes-midis-serbise-dhe-izraelit-per-te-dhenat-sekrete-ne-sektorin-e-mbrojtjes\\\/\",\"name\":\"Detajet e marr\u00ebveshjes midis Serbis\u00eb dhe Izraelit p\u00ebr t\u00eb dh\u00ebnat sekrete n\u00eb sektorin e mbrojtjes - Kosova Times\",\"isPartOf\":{\"@id\":\"https:\\\/\\\/kosovatimes.info\\\/#website\"},\"primaryImageOfPage\":{\"@id\":\"https:\\\/\\\/kosovatimes.info\\\/index.php\\\/2026\\\/04\\\/30\\\/detajet-e-marreveshjes-midis-serbise-dhe-izraelit-per-te-dhenat-sekrete-ne-sektorin-e-mbrojtjes\\\/#primaryimage\"},\"image\":{\"@id\":\"https:\\\/\\\/kosovatimes.info\\\/index.php\\\/2026\\\/04\\\/30\\\/detajet-e-marreveshjes-midis-serbise-dhe-izraelit-per-te-dhenat-sekrete-ne-sektorin-e-mbrojtjes\\\/#primaryimage\"},\"thumbnailUrl\":\"https:\\\/\\\/kosovatimes.info\\\/wp-content\\\/uploads\\\/2026\\\/04\\\/Vuciq-1.avif\",\"datePublished\":\"2026-04-30T08:39:16+00:00\",\"dateModified\":\"2026-04-30T08:39:19+00:00\",\"author\":{\"@id\":\"https:\\\/\\\/kosovatimes.info\\\/#\\\/schema\\\/person\\\/7586712b9c512fe68085de007378c915\"},\"breadcrumb\":{\"@id\":\"https:\\\/\\\/kosovatimes.info\\\/index.php\\\/2026\\\/04\\\/30\\\/detajet-e-marreveshjes-midis-serbise-dhe-izraelit-per-te-dhenat-sekrete-ne-sektorin-e-mbrojtjes\\\/#breadcrumb\"},\"inLanguage\":\"en-US\",\"potentialAction\":[{\"@type\":\"ReadAction\",\"target\":[\"https:\\\/\\\/kosovatimes.info\\\/index.php\\\/2026\\\/04\\\/30\\\/detajet-e-marreveshjes-midis-serbise-dhe-izraelit-per-te-dhenat-sekrete-ne-sektorin-e-mbrojtjes\\\/\"]}]},{\"@type\":\"ImageObject\",\"inLanguage\":\"en-US\",\"@id\":\"https:\\\/\\\/kosovatimes.info\\\/index.php\\\/2026\\\/04\\\/30\\\/detajet-e-marreveshjes-midis-serbise-dhe-izraelit-per-te-dhenat-sekrete-ne-sektorin-e-mbrojtjes\\\/#primaryimage\",\"url\":\"https:\\\/\\\/kosovatimes.info\\\/wp-content\\\/uploads\\\/2026\\\/04\\\/Vuciq-1.avif\",\"contentUrl\":\"https:\\\/\\\/kosovatimes.info\\\/wp-content\\\/uploads\\\/2026\\\/04\\\/Vuciq-1.avif\",\"width\":1200,\"height\":747},{\"@type\":\"BreadcrumbList\",\"@id\":\"https:\\\/\\\/kosovatimes.info\\\/index.php\\\/2026\\\/04\\\/30\\\/detajet-e-marreveshjes-midis-serbise-dhe-izraelit-per-te-dhenat-sekrete-ne-sektorin-e-mbrojtjes\\\/#breadcrumb\",\"itemListElement\":[{\"@type\":\"ListItem\",\"position\":1,\"name\":\"Home\",\"item\":\"https:\\\/\\\/kosovatimes.info\\\/\"},{\"@type\":\"ListItem\",\"position\":2,\"name\":\"Detajet e marr\u00ebveshjes midis Serbis\u00eb dhe Izraelit p\u00ebr t\u00eb dh\u00ebnat sekrete n\u00eb sektorin e mbrojtjes\"}]},{\"@type\":\"WebSite\",\"@id\":\"https:\\\/\\\/kosovatimes.info\\\/#website\",\"url\":\"https:\\\/\\\/kosovatimes.info\\\/\",\"name\":\"Kosova Times\",\"description\":\"\",\"potentialAction\":[{\"@type\":\"SearchAction\",\"target\":{\"@type\":\"EntryPoint\",\"urlTemplate\":\"https:\\\/\\\/kosovatimes.info\\\/?s={search_term_string}\"},\"query-input\":{\"@type\":\"PropertyValueSpecification\",\"valueRequired\":true,\"valueName\":\"search_term_string\"}}],\"inLanguage\":\"en-US\"},{\"@type\":\"Person\",\"@id\":\"https:\\\/\\\/kosovatimes.info\\\/#\\\/schema\\\/person\\\/7586712b9c512fe68085de007378c915\",\"name\":\"i l\",\"image\":{\"@type\":\"ImageObject\",\"inLanguage\":\"en-US\",\"@id\":\"https:\\\/\\\/secure.gravatar.com\\\/avatar\\\/bad9296e02816160ae2e2435beda58222022298d5625d49fea74d18816fbb31d?s=96&d=mm&r=g\",\"url\":\"https:\\\/\\\/secure.gravatar.com\\\/avatar\\\/bad9296e02816160ae2e2435beda58222022298d5625d49fea74d18816fbb31d?s=96&d=mm&r=g\",\"contentUrl\":\"https:\\\/\\\/secure.gravatar.com\\\/avatar\\\/bad9296e02816160ae2e2435beda58222022298d5625d49fea74d18816fbb31d?s=96&d=mm&r=g\",\"caption\":\"i l\"},\"url\":\"https:\\\/\\\/kosovatimes.info\\\/index.php\\\/author\\\/iliri\\\/\"}]}<\/script>\n<!-- \/ Yoast SEO plugin. -->","yoast_head_json":{"title":"Detajet e marr\u00ebveshjes midis Serbis\u00eb dhe Izraelit p\u00ebr t\u00eb dh\u00ebnat sekrete n\u00eb sektorin e mbrojtjes - Kosova Times","robots":{"index":"index","follow":"follow","max-snippet":"max-snippet:-1","max-image-preview":"max-image-preview:large","max-video-preview":"max-video-preview:-1"},"canonical":"https:\/\/kosovatimes.info\/index.php\/2026\/04\/30\/detajet-e-marreveshjes-midis-serbise-dhe-izraelit-per-te-dhenat-sekrete-ne-sektorin-e-mbrojtjes\/","og_locale":"en_US","og_type":"article","og_title":"Detajet e marr\u00ebveshjes midis Serbis\u00eb dhe Izraelit p\u00ebr t\u00eb dh\u00ebnat sekrete n\u00eb sektorin e mbrojtjes - Kosova Times","og_description":"Qeverit\u00eb e Serbis\u00eb dhe Izraelit, pra ministrit\u00eb e tyre kompetente t\u00eb mbrojtjes, n\u00ebnshkruan &#8220;Marr\u00ebveshjen e Siguris\u00eb s\u00eb P\u00ebrgjithshme mbi Shk\u00ebmbimin dhe Mbrojtjen e Nd\u00ebrsjell\u00eb t\u00eb t\u00eb Dh\u00ebnave Sekrete n\u00eb Fush\u00ebn e Mbrojtjes&#8221;.Me k\u00ebrkes\u00eb t\u00eb Qeveris\u00eb s\u00eb Serbis\u00eb, Komisioni i Parlamentit Serb p\u00ebr Mbrojtje dhe Pun\u00eb t\u00eb Brendshme mb\u00ebshteti sot marr\u00ebveshjen me shumic\u00ebn e votave, gj\u00eb [&hellip;]","og_url":"https:\/\/kosovatimes.info\/index.php\/2026\/04\/30\/detajet-e-marreveshjes-midis-serbise-dhe-izraelit-per-te-dhenat-sekrete-ne-sektorin-e-mbrojtjes\/","og_site_name":"Kosova Times","article_published_time":"2026-04-30T08:39:16+00:00","article_modified_time":"2026-04-30T08:39:19+00:00","author":"i l","twitter_card":"summary_large_image","twitter_misc":{"Written by":"i l","Est. reading time":"5 minutes"},"schema":{"@context":"https:\/\/schema.org","@graph":[{"@type":"Article","@id":"https:\/\/kosovatimes.info\/index.php\/2026\/04\/30\/detajet-e-marreveshjes-midis-serbise-dhe-izraelit-per-te-dhenat-sekrete-ne-sektorin-e-mbrojtjes\/#article","isPartOf":{"@id":"https:\/\/kosovatimes.info\/index.php\/2026\/04\/30\/detajet-e-marreveshjes-midis-serbise-dhe-izraelit-per-te-dhenat-sekrete-ne-sektorin-e-mbrojtjes\/"},"author":{"name":"i l","@id":"https:\/\/kosovatimes.info\/#\/schema\/person\/7586712b9c512fe68085de007378c915"},"headline":"Detajet e marr\u00ebveshjes midis Serbis\u00eb dhe Izraelit p\u00ebr t\u00eb dh\u00ebnat sekrete n\u00eb sektorin e mbrojtjes","datePublished":"2026-04-30T08:39:16+00:00","dateModified":"2026-04-30T08:39:19+00:00","mainEntityOfPage":{"@id":"https:\/\/kosovatimes.info\/index.php\/2026\/04\/30\/detajet-e-marreveshjes-midis-serbise-dhe-izraelit-per-te-dhenat-sekrete-ne-sektorin-e-mbrojtjes\/"},"wordCount":1051,"commentCount":0,"image":{"@id":"https:\/\/kosovatimes.info\/index.php\/2026\/04\/30\/detajet-e-marreveshjes-midis-serbise-dhe-izraelit-per-te-dhenat-sekrete-ne-sektorin-e-mbrojtjes\/#primaryimage"},"thumbnailUrl":"https:\/\/kosovatimes.info\/wp-content\/uploads\/2026\/04\/Vuciq-1.avif","articleSection":["Lajme","Rajon"],"inLanguage":"en-US","potentialAction":[{"@type":"CommentAction","name":"Comment","target":["https:\/\/kosovatimes.info\/index.php\/2026\/04\/30\/detajet-e-marreveshjes-midis-serbise-dhe-izraelit-per-te-dhenat-sekrete-ne-sektorin-e-mbrojtjes\/#respond"]}]},{"@type":"WebPage","@id":"https:\/\/kosovatimes.info\/index.php\/2026\/04\/30\/detajet-e-marreveshjes-midis-serbise-dhe-izraelit-per-te-dhenat-sekrete-ne-sektorin-e-mbrojtjes\/","url":"https:\/\/kosovatimes.info\/index.php\/2026\/04\/30\/detajet-e-marreveshjes-midis-serbise-dhe-izraelit-per-te-dhenat-sekrete-ne-sektorin-e-mbrojtjes\/","name":"Detajet e marr\u00ebveshjes midis Serbis\u00eb dhe Izraelit p\u00ebr t\u00eb dh\u00ebnat sekrete n\u00eb sektorin e mbrojtjes - Kosova Times","isPartOf":{"@id":"https:\/\/kosovatimes.info\/#website"},"primaryImageOfPage":{"@id":"https:\/\/kosovatimes.info\/index.php\/2026\/04\/30\/detajet-e-marreveshjes-midis-serbise-dhe-izraelit-per-te-dhenat-sekrete-ne-sektorin-e-mbrojtjes\/#primaryimage"},"image":{"@id":"https:\/\/kosovatimes.info\/index.php\/2026\/04\/30\/detajet-e-marreveshjes-midis-serbise-dhe-izraelit-per-te-dhenat-sekrete-ne-sektorin-e-mbrojtjes\/#primaryimage"},"thumbnailUrl":"https:\/\/kosovatimes.info\/wp-content\/uploads\/2026\/04\/Vuciq-1.avif","datePublished":"2026-04-30T08:39:16+00:00","dateModified":"2026-04-30T08:39:19+00:00","author":{"@id":"https:\/\/kosovatimes.info\/#\/schema\/person\/7586712b9c512fe68085de007378c915"},"breadcrumb":{"@id":"https:\/\/kosovatimes.info\/index.php\/2026\/04\/30\/detajet-e-marreveshjes-midis-serbise-dhe-izraelit-per-te-dhenat-sekrete-ne-sektorin-e-mbrojtjes\/#breadcrumb"},"inLanguage":"en-US","potentialAction":[{"@type":"ReadAction","target":["https:\/\/kosovatimes.info\/index.php\/2026\/04\/30\/detajet-e-marreveshjes-midis-serbise-dhe-izraelit-per-te-dhenat-sekrete-ne-sektorin-e-mbrojtjes\/"]}]},{"@type":"ImageObject","inLanguage":"en-US","@id":"https:\/\/kosovatimes.info\/index.php\/2026\/04\/30\/detajet-e-marreveshjes-midis-serbise-dhe-izraelit-per-te-dhenat-sekrete-ne-sektorin-e-mbrojtjes\/#primaryimage","url":"https:\/\/kosovatimes.info\/wp-content\/uploads\/2026\/04\/Vuciq-1.avif","contentUrl":"https:\/\/kosovatimes.info\/wp-content\/uploads\/2026\/04\/Vuciq-1.avif","width":1200,"height":747},{"@type":"BreadcrumbList","@id":"https:\/\/kosovatimes.info\/index.php\/2026\/04\/30\/detajet-e-marreveshjes-midis-serbise-dhe-izraelit-per-te-dhenat-sekrete-ne-sektorin-e-mbrojtjes\/#breadcrumb","itemListElement":[{"@type":"ListItem","position":1,"name":"Home","item":"https:\/\/kosovatimes.info\/"},{"@type":"ListItem","position":2,"name":"Detajet e marr\u00ebveshjes midis Serbis\u00eb dhe Izraelit p\u00ebr t\u00eb dh\u00ebnat sekrete n\u00eb sektorin e mbrojtjes"}]},{"@type":"WebSite","@id":"https:\/\/kosovatimes.info\/#website","url":"https:\/\/kosovatimes.info\/","name":"Kosova Times","description":"","potentialAction":[{"@type":"SearchAction","target":{"@type":"EntryPoint","urlTemplate":"https:\/\/kosovatimes.info\/?s={search_term_string}"},"query-input":{"@type":"PropertyValueSpecification","valueRequired":true,"valueName":"search_term_string"}}],"inLanguage":"en-US"},{"@type":"Person","@id":"https:\/\/kosovatimes.info\/#\/schema\/person\/7586712b9c512fe68085de007378c915","name":"i l","image":{"@type":"ImageObject","inLanguage":"en-US","@id":"https:\/\/secure.gravatar.com\/avatar\/bad9296e02816160ae2e2435beda58222022298d5625d49fea74d18816fbb31d?s=96&d=mm&r=g","url":"https:\/\/secure.gravatar.com\/avatar\/bad9296e02816160ae2e2435beda58222022298d5625d49fea74d18816fbb31d?s=96&d=mm&r=g","contentUrl":"https:\/\/secure.gravatar.com\/avatar\/bad9296e02816160ae2e2435beda58222022298d5625d49fea74d18816fbb31d?s=96&d=mm&r=g","caption":"i l"},"url":"https:\/\/kosovatimes.info\/index.php\/author\/iliri\/"}]}},"_links":{"self":[{"href":"https:\/\/kosovatimes.info\/index.php\/wp-json\/wp\/v2\/posts\/12650","targetHints":{"allow":["GET"]}}],"collection":[{"href":"https:\/\/kosovatimes.info\/index.php\/wp-json\/wp\/v2\/posts"}],"about":[{"href":"https:\/\/kosovatimes.info\/index.php\/wp-json\/wp\/v2\/types\/post"}],"author":[{"embeddable":true,"href":"https:\/\/kosovatimes.info\/index.php\/wp-json\/wp\/v2\/users\/4"}],"replies":[{"embeddable":true,"href":"https:\/\/kosovatimes.info\/index.php\/wp-json\/wp\/v2\/comments?post=12650"}],"version-history":[{"count":1,"href":"https:\/\/kosovatimes.info\/index.php\/wp-json\/wp\/v2\/posts\/12650\/revisions"}],"predecessor-version":[{"id":12652,"href":"https:\/\/kosovatimes.info\/index.php\/wp-json\/wp\/v2\/posts\/12650\/revisions\/12652"}],"wp:featuredmedia":[{"embeddable":true,"href":"https:\/\/kosovatimes.info\/index.php\/wp-json\/wp\/v2\/media\/12651"}],"wp:attachment":[{"href":"https:\/\/kosovatimes.info\/index.php\/wp-json\/wp\/v2\/media?parent=12650"}],"wp:term":[{"taxonomy":"category","embeddable":true,"href":"https:\/\/kosovatimes.info\/index.php\/wp-json\/wp\/v2\/categories?post=12650"},{"taxonomy":"post_tag","embeddable":true,"href":"https:\/\/kosovatimes.info\/index.php\/wp-json\/wp\/v2\/tags?post=12650"}],"curies":[{"name":"wp","href":"https:\/\/api.w.org\/{rel}","templated":true}]}}