{"id":12657,"date":"2026-04-30T10:51:43","date_gmt":"2026-04-30T08:51:43","guid":{"rendered":"https:\/\/kosovatimes.info\/?p=12657"},"modified":"2026-04-30T10:51:46","modified_gmt":"2026-04-30T08:51:46","slug":"udheheqesi-i-hebrenjve-iraniane-i-premton-besnikeri-khameneit-duam-te-deshmojme-fitoren-inshallah","status":"publish","type":"post","link":"https:\/\/kosovatimes.info\/index.php\/2026\/04\/30\/udheheqesi-i-hebrenjve-iraniane-i-premton-besnikeri-khameneit-duam-te-deshmojme-fitoren-inshallah\/","title":{"rendered":"Udh\u00ebheq\u00ebsi i hebrenjve iranian\u00eb i premton besnik\u00ebri Khameneit: Duam t\u00eb d\u00ebshmojm\u00eb fitoren, inshallah"},"content":{"rendered":"\n<p>Udh\u00ebheq\u00ebsi i bashk\u00ebsis\u00eb hebraike n\u00eb Iran, Younes Hamami Lalehzar, shprehu mb\u00ebshtetjen dhe besnik\u00ebrin\u00eb e tij ndaj udh\u00ebheq\u00ebsit suprem t\u00eb Iranit, Mojtaba Hemenei, duke th\u00ebn\u00eb se kjo bashk\u00ebsi q\u00ebndron me pjes\u00ebn tjet\u00ebr t\u00eb popullit iranian.N\u00eb fjalimin e tij drejtuar publikut, ai theksoi se ata ishin &#8220;t\u00eb lumtur q\u00eb Ajatollah Mojtaba Khamenei \u00ebsht\u00eb nj\u00eb person q\u00eb \u00ebsht\u00eb dishepull i Imamit ton\u00eb martir&#8221; dhe se ai e kishte &#8220;arritur k\u00ebt\u00eb p\u00ebrgjegj\u00ebsi t\u00eb r\u00ebnd\u00ebsishme&#8221;.<\/p>\n\n\n\n<p>Ai theksoi se komuniteti hebraik n\u00eb Iran mb\u00ebshtet udh\u00ebheqjen e tij, s\u00eb bashku me shtresa t\u00eb tjera t\u00eb shoq\u00ebris\u00eb.<\/p>\n\n\n\n<p>&#8220;Ne, komuniteti hebraik n\u00eb Iran, jemi gjithashtu me shtresa t\u00eb tjera t\u00eb popullit iranian. Ne mb\u00ebshtesim k\u00ebto zgjedhje dhe udh\u00ebheqjen e tij, betohemi p\u00ebr t\u00eb&#8221;, tha ai.<\/p>\n\n\n\n<p>Ai shtoi se shpreson q\u00eb udh\u00ebheq\u00ebsi i ri do t\u00eb ket\u00eb sukses n\u00eb kryerjen e detyrave t\u00eb tij dhe se Irani do t\u00eb vazhdoj\u00eb n\u00eb rrug\u00ebn e fitores, suksesit dhe nderit.<\/p>\n\n\n\n<p>&#8220;Ne duam t\u00eb d\u00ebshmojm\u00eb fitoren, suksesin dhe nderin e vendit ton\u00eb t\u00eb dashur t\u00eb Iranit. Me mbrojtjen e treguar nga populli iranian dhe solidaritetin unik, shpresojm\u00eb t\u00eb festojm\u00eb s\u00eb shpejti fitoren s\u00eb bashku&#8221;, tha ai, duke e p\u00ebrfunduar fjalimin e tij me fjal\u00ebt: &#8220;inshallah, faleminderit&#8221;.<\/p>\n","protected":false},"excerpt":{"rendered":"<p>Udh\u00ebheq\u00ebsi i bashk\u00ebsis\u00eb hebraike n\u00eb Iran, Younes Hamami Lalehzar, shprehu mb\u00ebshtetjen dhe besnik\u00ebrin\u00eb e tij ndaj udh\u00ebheq\u00ebsit suprem t\u00eb Iranit, Mojtaba Hemenei, duke th\u00ebn\u00eb se kjo bashk\u00ebsi q\u00ebndron me pjes\u00ebn tjet\u00ebr t\u00eb popullit iranian.N\u00eb fjalimin e tij drejtuar publikut, ai theksoi se ata ishin &#8220;t\u00eb lumtur q\u00eb Ajatollah Mojtaba Khamenei \u00ebsht\u00eb nj\u00eb person q\u00eb \u00ebsht\u00eb [&hellip;]<\/p>\n","protected":false},"author":4,"featured_media":12658,"comment_status":"open","ping_status":"open","sticky":false,"template":"","format":"standard","meta":{"footnotes":""},"categories":[33,30],"tags":[],"class_list":{"0":"post-12657","1":"post","2":"type-post","3":"status-publish","4":"format-standard","5":"has-post-thumbnail","7":"category-bote","8":"category-lajme"},"yoast_head":"<!-- This site is optimized with the Yoast SEO plugin v27.4 - https:\/\/yoast.com\/product\/yoast-seo-wordpress\/ -->\n<title>Udh\u00ebheq\u00ebsi i hebrenjve iranian\u00eb i premton besnik\u00ebri Khameneit: Duam t\u00eb d\u00ebshmojm\u00eb fitoren, inshallah - Kosova Times<\/title>\n<meta name=\"robots\" content=\"index, follow, max-snippet:-1, max-image-preview:large, max-video-preview:-1\" \/>\n<link rel=\"canonical\" href=\"https:\/\/kosovatimes.info\/index.php\/2026\/04\/30\/udheheqesi-i-hebrenjve-iraniane-i-premton-besnikeri-khameneit-duam-te-deshmojme-fitoren-inshallah\/\" \/>\n<meta property=\"og:locale\" content=\"en_US\" \/>\n<meta property=\"og:type\" content=\"article\" \/>\n<meta property=\"og:title\" content=\"Udh\u00ebheq\u00ebsi i hebrenjve iranian\u00eb i premton besnik\u00ebri Khameneit: Duam t\u00eb d\u00ebshmojm\u00eb fitoren, inshallah - Kosova Times\" \/>\n<meta property=\"og:description\" content=\"Udh\u00ebheq\u00ebsi i bashk\u00ebsis\u00eb hebraike n\u00eb Iran, Younes Hamami Lalehzar, shprehu mb\u00ebshtetjen dhe besnik\u00ebrin\u00eb e tij ndaj udh\u00ebheq\u00ebsit suprem t\u00eb Iranit, Mojtaba Hemenei, duke th\u00ebn\u00eb se kjo bashk\u00ebsi q\u00ebndron me pjes\u00ebn tjet\u00ebr t\u00eb popullit iranian.N\u00eb fjalimin e tij drejtuar publikut, ai theksoi se ata ishin &#8220;t\u00eb lumtur q\u00eb Ajatollah Mojtaba Khamenei \u00ebsht\u00eb nj\u00eb person q\u00eb \u00ebsht\u00eb [&hellip;]\" \/>\n<meta property=\"og:url\" content=\"https:\/\/kosovatimes.info\/index.php\/2026\/04\/30\/udheheqesi-i-hebrenjve-iraniane-i-premton-besnikeri-khameneit-duam-te-deshmojme-fitoren-inshallah\/\" \/>\n<meta property=\"og:site_name\" content=\"Kosova Times\" \/>\n<meta property=\"article:published_time\" content=\"2026-04-30T08:51:43+00:00\" \/>\n<meta property=\"article:modified_time\" content=\"2026-04-30T08:51:46+00:00\" \/>\n<meta property=\"og:image\" content=\"https:\/\/kosovatimes.info\/wp-content\/uploads\/2026\/04\/Younes-Hamami-Lalehzar.jpeg\" \/>\n\t<meta property=\"og:image:width\" content=\"318\" \/>\n\t<meta property=\"og:image:height\" content=\"158\" \/>\n\t<meta property=\"og:image:type\" content=\"image\/jpeg\" \/>\n<meta name=\"author\" content=\"i l\" \/>\n<meta name=\"twitter:card\" content=\"summary_large_image\" \/>\n<meta name=\"twitter:label1\" content=\"Written by\" \/>\n\t<meta name=\"twitter:data1\" content=\"i l\" \/>\n\t<meta name=\"twitter:label2\" content=\"Est. reading time\" \/>\n\t<meta name=\"twitter:data2\" content=\"2 minutes\" \/>\n<script type=\"application\/ld+json\" class=\"yoast-schema-graph\">{\"@context\":\"https:\\\/\\\/schema.org\",\"@graph\":[{\"@type\":\"Article\",\"@id\":\"https:\\\/\\\/kosovatimes.info\\\/index.php\\\/2026\\\/04\\\/30\\\/udheheqesi-i-hebrenjve-iraniane-i-premton-besnikeri-khameneit-duam-te-deshmojme-fitoren-inshallah\\\/#article\",\"isPartOf\":{\"@id\":\"https:\\\/\\\/kosovatimes.info\\\/index.php\\\/2026\\\/04\\\/30\\\/udheheqesi-i-hebrenjve-iraniane-i-premton-besnikeri-khameneit-duam-te-deshmojme-fitoren-inshallah\\\/\"},\"author\":{\"name\":\"i l\",\"@id\":\"https:\\\/\\\/kosovatimes.info\\\/#\\\/schema\\\/person\\\/7586712b9c512fe68085de007378c915\"},\"headline\":\"Udh\u00ebheq\u00ebsi i hebrenjve iranian\u00eb i premton besnik\u00ebri Khameneit: Duam t\u00eb d\u00ebshmojm\u00eb fitoren, inshallah\",\"datePublished\":\"2026-04-30T08:51:43+00:00\",\"dateModified\":\"2026-04-30T08:51:46+00:00\",\"mainEntityOfPage\":{\"@id\":\"https:\\\/\\\/kosovatimes.info\\\/index.php\\\/2026\\\/04\\\/30\\\/udheheqesi-i-hebrenjve-iraniane-i-premton-besnikeri-khameneit-duam-te-deshmojme-fitoren-inshallah\\\/\"},\"wordCount\":240,\"commentCount\":0,\"image\":{\"@id\":\"https:\\\/\\\/kosovatimes.info\\\/index.php\\\/2026\\\/04\\\/30\\\/udheheqesi-i-hebrenjve-iraniane-i-premton-besnikeri-khameneit-duam-te-deshmojme-fitoren-inshallah\\\/#primaryimage\"},\"thumbnailUrl\":\"https:\\\/\\\/kosovatimes.info\\\/wp-content\\\/uploads\\\/2026\\\/04\\\/Younes-Hamami-Lalehzar.jpeg\",\"articleSection\":[\"Bot\u00eb\",\"Lajme\"],\"inLanguage\":\"en-US\",\"potentialAction\":[{\"@type\":\"CommentAction\",\"name\":\"Comment\",\"target\":[\"https:\\\/\\\/kosovatimes.info\\\/index.php\\\/2026\\\/04\\\/30\\\/udheheqesi-i-hebrenjve-iraniane-i-premton-besnikeri-khameneit-duam-te-deshmojme-fitoren-inshallah\\\/#respond\"]}]},{\"@type\":\"WebPage\",\"@id\":\"https:\\\/\\\/kosovatimes.info\\\/index.php\\\/2026\\\/04\\\/30\\\/udheheqesi-i-hebrenjve-iraniane-i-premton-besnikeri-khameneit-duam-te-deshmojme-fitoren-inshallah\\\/\",\"url\":\"https:\\\/\\\/kosovatimes.info\\\/index.php\\\/2026\\\/04\\\/30\\\/udheheqesi-i-hebrenjve-iraniane-i-premton-besnikeri-khameneit-duam-te-deshmojme-fitoren-inshallah\\\/\",\"name\":\"Udh\u00ebheq\u00ebsi i hebrenjve iranian\u00eb i premton besnik\u00ebri Khameneit: Duam t\u00eb d\u00ebshmojm\u00eb fitoren, inshallah - Kosova Times\",\"isPartOf\":{\"@id\":\"https:\\\/\\\/kosovatimes.info\\\/#website\"},\"primaryImageOfPage\":{\"@id\":\"https:\\\/\\\/kosovatimes.info\\\/index.php\\\/2026\\\/04\\\/30\\\/udheheqesi-i-hebrenjve-iraniane-i-premton-besnikeri-khameneit-duam-te-deshmojme-fitoren-inshallah\\\/#primaryimage\"},\"image\":{\"@id\":\"https:\\\/\\\/kosovatimes.info\\\/index.php\\\/2026\\\/04\\\/30\\\/udheheqesi-i-hebrenjve-iraniane-i-premton-besnikeri-khameneit-duam-te-deshmojme-fitoren-inshallah\\\/#primaryimage\"},\"thumbnailUrl\":\"https:\\\/\\\/kosovatimes.info\\\/wp-content\\\/uploads\\\/2026\\\/04\\\/Younes-Hamami-Lalehzar.jpeg\",\"datePublished\":\"2026-04-30T08:51:43+00:00\",\"dateModified\":\"2026-04-30T08:51:46+00:00\",\"author\":{\"@id\":\"https:\\\/\\\/kosovatimes.info\\\/#\\\/schema\\\/person\\\/7586712b9c512fe68085de007378c915\"},\"breadcrumb\":{\"@id\":\"https:\\\/\\\/kosovatimes.info\\\/index.php\\\/2026\\\/04\\\/30\\\/udheheqesi-i-hebrenjve-iraniane-i-premton-besnikeri-khameneit-duam-te-deshmojme-fitoren-inshallah\\\/#breadcrumb\"},\"inLanguage\":\"en-US\",\"potentialAction\":[{\"@type\":\"ReadAction\",\"target\":[\"https:\\\/\\\/kosovatimes.info\\\/index.php\\\/2026\\\/04\\\/30\\\/udheheqesi-i-hebrenjve-iraniane-i-premton-besnikeri-khameneit-duam-te-deshmojme-fitoren-inshallah\\\/\"]}]},{\"@type\":\"ImageObject\",\"inLanguage\":\"en-US\",\"@id\":\"https:\\\/\\\/kosovatimes.info\\\/index.php\\\/2026\\\/04\\\/30\\\/udheheqesi-i-hebrenjve-iraniane-i-premton-besnikeri-khameneit-duam-te-deshmojme-fitoren-inshallah\\\/#primaryimage\",\"url\":\"https:\\\/\\\/kosovatimes.info\\\/wp-content\\\/uploads\\\/2026\\\/04\\\/Younes-Hamami-Lalehzar.jpeg\",\"contentUrl\":\"https:\\\/\\\/kosovatimes.info\\\/wp-content\\\/uploads\\\/2026\\\/04\\\/Younes-Hamami-Lalehzar.jpeg\",\"width\":318,\"height\":158},{\"@type\":\"BreadcrumbList\",\"@id\":\"https:\\\/\\\/kosovatimes.info\\\/index.php\\\/2026\\\/04\\\/30\\\/udheheqesi-i-hebrenjve-iraniane-i-premton-besnikeri-khameneit-duam-te-deshmojme-fitoren-inshallah\\\/#breadcrumb\",\"itemListElement\":[{\"@type\":\"ListItem\",\"position\":1,\"name\":\"Home\",\"item\":\"https:\\\/\\\/kosovatimes.info\\\/\"},{\"@type\":\"ListItem\",\"position\":2,\"name\":\"Udh\u00ebheq\u00ebsi i hebrenjve iranian\u00eb i premton besnik\u00ebri Khameneit: Duam t\u00eb d\u00ebshmojm\u00eb fitoren, inshallah\"}]},{\"@type\":\"WebSite\",\"@id\":\"https:\\\/\\\/kosovatimes.info\\\/#website\",\"url\":\"https:\\\/\\\/kosovatimes.info\\\/\",\"name\":\"Kosova Times\",\"description\":\"\",\"potentialAction\":[{\"@type\":\"SearchAction\",\"target\":{\"@type\":\"EntryPoint\",\"urlTemplate\":\"https:\\\/\\\/kosovatimes.info\\\/?s={search_term_string}\"},\"query-input\":{\"@type\":\"PropertyValueSpecification\",\"valueRequired\":true,\"valueName\":\"search_term_string\"}}],\"inLanguage\":\"en-US\"},{\"@type\":\"Person\",\"@id\":\"https:\\\/\\\/kosovatimes.info\\\/#\\\/schema\\\/person\\\/7586712b9c512fe68085de007378c915\",\"name\":\"i l\",\"image\":{\"@type\":\"ImageObject\",\"inLanguage\":\"en-US\",\"@id\":\"https:\\\/\\\/secure.gravatar.com\\\/avatar\\\/bad9296e02816160ae2e2435beda58222022298d5625d49fea74d18816fbb31d?s=96&d=mm&r=g\",\"url\":\"https:\\\/\\\/secure.gravatar.com\\\/avatar\\\/bad9296e02816160ae2e2435beda58222022298d5625d49fea74d18816fbb31d?s=96&d=mm&r=g\",\"contentUrl\":\"https:\\\/\\\/secure.gravatar.com\\\/avatar\\\/bad9296e02816160ae2e2435beda58222022298d5625d49fea74d18816fbb31d?s=96&d=mm&r=g\",\"caption\":\"i l\"},\"url\":\"https:\\\/\\\/kosovatimes.info\\\/index.php\\\/author\\\/iliri\\\/\"}]}<\/script>\n<!-- \/ Yoast SEO plugin. -->","yoast_head_json":{"title":"Udh\u00ebheq\u00ebsi i hebrenjve iranian\u00eb i premton besnik\u00ebri Khameneit: Duam t\u00eb d\u00ebshmojm\u00eb fitoren, inshallah - Kosova Times","robots":{"index":"index","follow":"follow","max-snippet":"max-snippet:-1","max-image-preview":"max-image-preview:large","max-video-preview":"max-video-preview:-1"},"canonical":"https:\/\/kosovatimes.info\/index.php\/2026\/04\/30\/udheheqesi-i-hebrenjve-iraniane-i-premton-besnikeri-khameneit-duam-te-deshmojme-fitoren-inshallah\/","og_locale":"en_US","og_type":"article","og_title":"Udh\u00ebheq\u00ebsi i hebrenjve iranian\u00eb i premton besnik\u00ebri Khameneit: Duam t\u00eb d\u00ebshmojm\u00eb fitoren, inshallah - Kosova Times","og_description":"Udh\u00ebheq\u00ebsi i bashk\u00ebsis\u00eb hebraike n\u00eb Iran, Younes Hamami Lalehzar, shprehu mb\u00ebshtetjen dhe besnik\u00ebrin\u00eb e tij ndaj udh\u00ebheq\u00ebsit suprem t\u00eb Iranit, Mojtaba Hemenei, duke th\u00ebn\u00eb se kjo bashk\u00ebsi q\u00ebndron me pjes\u00ebn tjet\u00ebr t\u00eb popullit iranian.N\u00eb fjalimin e tij drejtuar publikut, ai theksoi se ata ishin &#8220;t\u00eb lumtur q\u00eb Ajatollah Mojtaba Khamenei \u00ebsht\u00eb nj\u00eb person q\u00eb \u00ebsht\u00eb [&hellip;]","og_url":"https:\/\/kosovatimes.info\/index.php\/2026\/04\/30\/udheheqesi-i-hebrenjve-iraniane-i-premton-besnikeri-khameneit-duam-te-deshmojme-fitoren-inshallah\/","og_site_name":"Kosova Times","article_published_time":"2026-04-30T08:51:43+00:00","article_modified_time":"2026-04-30T08:51:46+00:00","og_image":[{"width":318,"height":158,"url":"https:\/\/kosovatimes.info\/wp-content\/uploads\/2026\/04\/Younes-Hamami-Lalehzar.jpeg","type":"image\/jpeg"}],"author":"i l","twitter_card":"summary_large_image","twitter_misc":{"Written by":"i l","Est. reading time":"2 minutes"},"schema":{"@context":"https:\/\/schema.org","@graph":[{"@type":"Article","@id":"https:\/\/kosovatimes.info\/index.php\/2026\/04\/30\/udheheqesi-i-hebrenjve-iraniane-i-premton-besnikeri-khameneit-duam-te-deshmojme-fitoren-inshallah\/#article","isPartOf":{"@id":"https:\/\/kosovatimes.info\/index.php\/2026\/04\/30\/udheheqesi-i-hebrenjve-iraniane-i-premton-besnikeri-khameneit-duam-te-deshmojme-fitoren-inshallah\/"},"author":{"name":"i l","@id":"https:\/\/kosovatimes.info\/#\/schema\/person\/7586712b9c512fe68085de007378c915"},"headline":"Udh\u00ebheq\u00ebsi i hebrenjve iranian\u00eb i premton besnik\u00ebri Khameneit: Duam t\u00eb d\u00ebshmojm\u00eb fitoren, inshallah","datePublished":"2026-04-30T08:51:43+00:00","dateModified":"2026-04-30T08:51:46+00:00","mainEntityOfPage":{"@id":"https:\/\/kosovatimes.info\/index.php\/2026\/04\/30\/udheheqesi-i-hebrenjve-iraniane-i-premton-besnikeri-khameneit-duam-te-deshmojme-fitoren-inshallah\/"},"wordCount":240,"commentCount":0,"image":{"@id":"https:\/\/kosovatimes.info\/index.php\/2026\/04\/30\/udheheqesi-i-hebrenjve-iraniane-i-premton-besnikeri-khameneit-duam-te-deshmojme-fitoren-inshallah\/#primaryimage"},"thumbnailUrl":"https:\/\/kosovatimes.info\/wp-content\/uploads\/2026\/04\/Younes-Hamami-Lalehzar.jpeg","articleSection":["Bot\u00eb","Lajme"],"inLanguage":"en-US","potentialAction":[{"@type":"CommentAction","name":"Comment","target":["https:\/\/kosovatimes.info\/index.php\/2026\/04\/30\/udheheqesi-i-hebrenjve-iraniane-i-premton-besnikeri-khameneit-duam-te-deshmojme-fitoren-inshallah\/#respond"]}]},{"@type":"WebPage","@id":"https:\/\/kosovatimes.info\/index.php\/2026\/04\/30\/udheheqesi-i-hebrenjve-iraniane-i-premton-besnikeri-khameneit-duam-te-deshmojme-fitoren-inshallah\/","url":"https:\/\/kosovatimes.info\/index.php\/2026\/04\/30\/udheheqesi-i-hebrenjve-iraniane-i-premton-besnikeri-khameneit-duam-te-deshmojme-fitoren-inshallah\/","name":"Udh\u00ebheq\u00ebsi i hebrenjve iranian\u00eb i premton besnik\u00ebri Khameneit: Duam t\u00eb d\u00ebshmojm\u00eb fitoren, inshallah - Kosova Times","isPartOf":{"@id":"https:\/\/kosovatimes.info\/#website"},"primaryImageOfPage":{"@id":"https:\/\/kosovatimes.info\/index.php\/2026\/04\/30\/udheheqesi-i-hebrenjve-iraniane-i-premton-besnikeri-khameneit-duam-te-deshmojme-fitoren-inshallah\/#primaryimage"},"image":{"@id":"https:\/\/kosovatimes.info\/index.php\/2026\/04\/30\/udheheqesi-i-hebrenjve-iraniane-i-premton-besnikeri-khameneit-duam-te-deshmojme-fitoren-inshallah\/#primaryimage"},"thumbnailUrl":"https:\/\/kosovatimes.info\/wp-content\/uploads\/2026\/04\/Younes-Hamami-Lalehzar.jpeg","datePublished":"2026-04-30T08:51:43+00:00","dateModified":"2026-04-30T08:51:46+00:00","author":{"@id":"https:\/\/kosovatimes.info\/#\/schema\/person\/7586712b9c512fe68085de007378c915"},"breadcrumb":{"@id":"https:\/\/kosovatimes.info\/index.php\/2026\/04\/30\/udheheqesi-i-hebrenjve-iraniane-i-premton-besnikeri-khameneit-duam-te-deshmojme-fitoren-inshallah\/#breadcrumb"},"inLanguage":"en-US","potentialAction":[{"@type":"ReadAction","target":["https:\/\/kosovatimes.info\/index.php\/2026\/04\/30\/udheheqesi-i-hebrenjve-iraniane-i-premton-besnikeri-khameneit-duam-te-deshmojme-fitoren-inshallah\/"]}]},{"@type":"ImageObject","inLanguage":"en-US","@id":"https:\/\/kosovatimes.info\/index.php\/2026\/04\/30\/udheheqesi-i-hebrenjve-iraniane-i-premton-besnikeri-khameneit-duam-te-deshmojme-fitoren-inshallah\/#primaryimage","url":"https:\/\/kosovatimes.info\/wp-content\/uploads\/2026\/04\/Younes-Hamami-Lalehzar.jpeg","contentUrl":"https:\/\/kosovatimes.info\/wp-content\/uploads\/2026\/04\/Younes-Hamami-Lalehzar.jpeg","width":318,"height":158},{"@type":"BreadcrumbList","@id":"https:\/\/kosovatimes.info\/index.php\/2026\/04\/30\/udheheqesi-i-hebrenjve-iraniane-i-premton-besnikeri-khameneit-duam-te-deshmojme-fitoren-inshallah\/#breadcrumb","itemListElement":[{"@type":"ListItem","position":1,"name":"Home","item":"https:\/\/kosovatimes.info\/"},{"@type":"ListItem","position":2,"name":"Udh\u00ebheq\u00ebsi i hebrenjve iranian\u00eb i premton besnik\u00ebri Khameneit: Duam t\u00eb d\u00ebshmojm\u00eb fitoren, inshallah"}]},{"@type":"WebSite","@id":"https:\/\/kosovatimes.info\/#website","url":"https:\/\/kosovatimes.info\/","name":"Kosova Times","description":"","potentialAction":[{"@type":"SearchAction","target":{"@type":"EntryPoint","urlTemplate":"https:\/\/kosovatimes.info\/?s={search_term_string}"},"query-input":{"@type":"PropertyValueSpecification","valueRequired":true,"valueName":"search_term_string"}}],"inLanguage":"en-US"},{"@type":"Person","@id":"https:\/\/kosovatimes.info\/#\/schema\/person\/7586712b9c512fe68085de007378c915","name":"i l","image":{"@type":"ImageObject","inLanguage":"en-US","@id":"https:\/\/secure.gravatar.com\/avatar\/bad9296e02816160ae2e2435beda58222022298d5625d49fea74d18816fbb31d?s=96&d=mm&r=g","url":"https:\/\/secure.gravatar.com\/avatar\/bad9296e02816160ae2e2435beda58222022298d5625d49fea74d18816fbb31d?s=96&d=mm&r=g","contentUrl":"https:\/\/secure.gravatar.com\/avatar\/bad9296e02816160ae2e2435beda58222022298d5625d49fea74d18816fbb31d?s=96&d=mm&r=g","caption":"i l"},"url":"https:\/\/kosovatimes.info\/index.php\/author\/iliri\/"}]}},"_links":{"self":[{"href":"https:\/\/kosovatimes.info\/index.php\/wp-json\/wp\/v2\/posts\/12657","targetHints":{"allow":["GET"]}}],"collection":[{"href":"https:\/\/kosovatimes.info\/index.php\/wp-json\/wp\/v2\/posts"}],"about":[{"href":"https:\/\/kosovatimes.info\/index.php\/wp-json\/wp\/v2\/types\/post"}],"author":[{"embeddable":true,"href":"https:\/\/kosovatimes.info\/index.php\/wp-json\/wp\/v2\/users\/4"}],"replies":[{"embeddable":true,"href":"https:\/\/kosovatimes.info\/index.php\/wp-json\/wp\/v2\/comments?post=12657"}],"version-history":[{"count":1,"href":"https:\/\/kosovatimes.info\/index.php\/wp-json\/wp\/v2\/posts\/12657\/revisions"}],"predecessor-version":[{"id":12659,"href":"https:\/\/kosovatimes.info\/index.php\/wp-json\/wp\/v2\/posts\/12657\/revisions\/12659"}],"wp:featuredmedia":[{"embeddable":true,"href":"https:\/\/kosovatimes.info\/index.php\/wp-json\/wp\/v2\/media\/12658"}],"wp:attachment":[{"href":"https:\/\/kosovatimes.info\/index.php\/wp-json\/wp\/v2\/media?parent=12657"}],"wp:term":[{"taxonomy":"category","embeddable":true,"href":"https:\/\/kosovatimes.info\/index.php\/wp-json\/wp\/v2\/categories?post=12657"},{"taxonomy":"post_tag","embeddable":true,"href":"https:\/\/kosovatimes.info\/index.php\/wp-json\/wp\/v2\/tags?post=12657"}],"curies":[{"name":"wp","href":"https:\/\/api.w.org\/{rel}","templated":true}]}}