{"id":12664,"date":"2026-04-30T10:44:00","date_gmt":"2026-04-30T08:44:00","guid":{"rendered":"https:\/\/kosovatimes.info\/?p=12664"},"modified":"2026-04-30T11:38:14","modified_gmt":"2026-04-30T09:38:14","slug":"rexhepiserbia-bllokon-fondet-e-kosoves-nxenesit-e-lugines-mbesin-pa-libra","status":"publish","type":"post","link":"https:\/\/kosovatimes.info\/index.php\/2026\/04\/30\/rexhepiserbia-bllokon-fondet-e-kosoves-nxenesit-e-lugines-mbesin-pa-libra\/","title":{"rendered":"Rexhepi:Serbia bllokon fondet e Kosov\u00ebs, nx\u00ebn\u00ebsit e Lugin\u00ebs mbesin pa libra"},"content":{"rendered":"\n<p><strong>Qeveria e Serbis\u00eb po i bllokon fondet q\u00eb Qeveria e Kosov\u00ebs dhe ajo e Shqip\u00ebris\u00eb i kan\u00eb ndar\u00eb p\u00ebr shqiptar\u00ebt e Lugin\u00ebs s\u00eb Preshev\u00ebs. K\u00ebt\u00eb shqet\u00ebsim e ka ndar\u00eb kryetari i K\u00ebshillit Komb\u00ebtar Shqiptar n\u00eb Lugin\u00ebn e Preshev\u00ebs, Enkel Rexhepi, i cili tha se me mosekzekutimin e k\u00ebtyre fondeve, po sfidohet identiteti nacional n\u00eb Lugin\u00eb.<\/strong><\/p>\n\n\n\n<p>\u201cBanka i ka pranuar k\u00ebto fonde, i kemi n\u00ebnshkruar, por m\u00eb pas Qeveria e Serbis\u00eb i ka kthyer pas. Qeveria e Serbis\u00eb po i bllokon fondet e Kosov\u00ebs dhe t\u00eb Shqip\u00ebris\u00eb q\u00eb jan\u00eb destinacion p\u00ebr Lugin\u00ebn e Preshev\u00ebs\u201d, ka deklaruar Rexhepi.<\/p>\n\n\n\n<p>Ai ka b\u00ebr\u00eb t\u00eb ditur se KKSH ka njoftuar faktor\u00ebt nd\u00ebrkomb\u00ebtar\u00eb, organizatat relevante dhe Komisionerin p\u00ebr Barazi lidhur me bllokimin e transfereve dhe donacioneve, t\u00eb cilat sipas tij kan\u00eb p\u00ebr q\u00ebllim zhvillimin dhe ruajtjen e identitetit komb\u00ebtar n\u00eb Lugin\u00eb.<\/p>\n\n\n\n<p>Rexhepi ka theksuar se nuk b\u00ebhet fjal\u00eb p\u00ebr nj\u00eb \u00e7\u00ebshtje teknike, por p\u00ebr nj\u00eb vendim politik q\u00eb prek drejtp\u00ebrdrejt mij\u00ebra qytetar\u00eb.<\/p>\n\n\n\n<p>\u201cNuk b\u00ebhet fjal\u00eb p\u00ebr nj\u00eb \u00e7\u00ebshtje teknike. B\u00ebhet fjal\u00eb p\u00ebr bllokimin e fondeve nga Qeveria e Kosov\u00ebs q\u00eb prekin drejtp\u00ebrdrejt 3,650 nx\u00ebn\u00ebs, 94 f\u00ebmij\u00eb pa prind, 957 bujq, mbi 756 student\u00eb, 139 organizata joqeveritare dhe mij\u00ebra qytetar\u00eb q\u00eb varen nga k\u00ebto programe\u201d, ka th\u00ebn\u00eb ai.<\/p>\n\n\n\n<p>Sipas tij, ky veprim nuk paraqet vet\u00ebm bllokim fondesh, por \u201cbllokim t\u00eb zhvillimit, arsimit dhe mb\u00ebshtetjes p\u00ebr shqiptar\u00ebt n\u00eb Lugin\u00ebn e Preshev\u00ebs dhe Sanxhakut\u201d.<\/p>\n\n\n\n<p>Rexhepi ka akuzuar Qeverin\u00eb e Serbis\u00eb dhe ministrin p\u00ebr Pakica, Demo Berisha&nbsp;q\u00eb&nbsp;po veprojn\u00eb p\u00ebrmes bankave, duke i bllokuar fondet.<\/p>\n\n\n\n<p>\u201cKy \u00ebsht\u00eb diskriminim i hapur dhe si i till\u00eb duhet t\u00eb trajtohet nga t\u00eb gjith\u00eb, pa p\u00ebrjashtim. Ne nuk do t\u00eb ndalemi. Do t\u00eb vazhdojm\u00eb me \u00e7do mjet demokratik, institucional dhe nd\u00ebrkomb\u00ebtar\u201d, ka p\u00ebrfunduar Rexhepi.<\/p>\n\n\n\n<p>Kujtojm\u00eb se Qeveria e Kosov\u00ebs, n\u00eb mbledhjen e mbajtur m\u00eb 03.04.2026, ka miratuar vendimin p\u00ebr ndarjen e mjeteve financiare p\u00ebr Lugin\u00ebn e Preshev\u00ebs. Kryeministri Albin Kurti ka h\u00ebn\u00eb se ky vendim p\u00ebrfaq\u00ebson angazhimin e q\u00ebndruesh\u00ebm t\u00eb Republik\u00ebs s\u00eb Kosov\u00ebs p\u00ebr mb\u00ebshtetjen e shqiptar\u00ebve n\u00eb Lugin\u00ebn e Preshev\u00ebs.<\/p>\n\n\n\n<p>\u201cKy vendim p\u00ebrfaq\u00ebson angazhimin e q\u00ebndruesh\u00ebm t\u00eb Republik\u00ebs s\u00eb Kosov\u00ebs p\u00ebr mb\u00ebshtetjen e shqiptar\u00ebve n\u00eb Lugin\u00ebn e Preshev\u00ebs p\u00ebrmes nj\u00eb pakete konkrete q\u00eb adreson nevojat jetike t\u00eb qytetar\u00ebve atje. Ky nuk \u00ebsht\u00eb vet\u00ebm nj\u00eb vendim, por nj\u00eb p\u00ebrgjegj\u00ebsi shtet\u00ebrore\u201d, ka th\u00ebn\u00eb Kurt.<\/p>\n\n\n\n<p>Qeveria kishte planifikuar q\u00eb p\u00ebr k\u00ebt\u00eb vit t\u00eb ndante 4 milion\u00eb euro p\u00ebr Lugin\u00ebn e Preshev\u00ebs dhe Sanxhakun.<\/p>\n","protected":false},"excerpt":{"rendered":"<p>Qeveria e Serbis\u00eb po i bllokon fondet q\u00eb Qeveria e Kosov\u00ebs dhe ajo e Shqip\u00ebris\u00eb i kan\u00eb ndar\u00eb p\u00ebr shqiptar\u00ebt e Lugin\u00ebs s\u00eb Preshev\u00ebs. K\u00ebt\u00eb shqet\u00ebsim e ka ndar\u00eb kryetari i K\u00ebshillit Komb\u00ebtar Shqiptar n\u00eb Lugin\u00ebn e Preshev\u00ebs, Enkel Rexhepi, i cili tha se me mosekzekutimin e k\u00ebtyre fondeve, po sfidohet identiteti nacional n\u00eb Lugin\u00eb. [&hellip;]<\/p>\n","protected":false},"author":4,"featured_media":12665,"comment_status":"open","ping_status":"open","sticky":false,"template":"","format":"standard","meta":{"footnotes":""},"categories":[31,30],"tags":[],"class_list":{"0":"post-12664","1":"post","2":"type-post","3":"status-publish","4":"format-standard","5":"has-post-thumbnail","7":"category-kosove","8":"category-lajme"},"yoast_head":"<!-- This site is optimized with the Yoast SEO plugin v27.4 - https:\/\/yoast.com\/product\/yoast-seo-wordpress\/ -->\n<title>Rexhepi:Serbia bllokon fondet e Kosov\u00ebs, nx\u00ebn\u00ebsit e Lugin\u00ebs mbesin pa libra - Kosova Times<\/title>\n<meta name=\"robots\" content=\"index, follow, max-snippet:-1, max-image-preview:large, max-video-preview:-1\" \/>\n<link rel=\"canonical\" href=\"https:\/\/kosovatimes.info\/index.php\/2026\/04\/30\/rexhepiserbia-bllokon-fondet-e-kosoves-nxenesit-e-lugines-mbesin-pa-libra\/\" \/>\n<meta property=\"og:locale\" content=\"en_US\" \/>\n<meta property=\"og:type\" content=\"article\" \/>\n<meta property=\"og:title\" content=\"Rexhepi:Serbia bllokon fondet e Kosov\u00ebs, nx\u00ebn\u00ebsit e Lugin\u00ebs mbesin pa libra - Kosova Times\" \/>\n<meta property=\"og:description\" content=\"Qeveria e Serbis\u00eb po i bllokon fondet q\u00eb Qeveria e Kosov\u00ebs dhe ajo e Shqip\u00ebris\u00eb i kan\u00eb ndar\u00eb p\u00ebr shqiptar\u00ebt e Lugin\u00ebs s\u00eb Preshev\u00ebs. K\u00ebt\u00eb shqet\u00ebsim e ka ndar\u00eb kryetari i K\u00ebshillit Komb\u00ebtar Shqiptar n\u00eb Lugin\u00ebn e Preshev\u00ebs, Enkel Rexhepi, i cili tha se me mosekzekutimin e k\u00ebtyre fondeve, po sfidohet identiteti nacional n\u00eb Lugin\u00eb. [&hellip;]\" \/>\n<meta property=\"og:url\" content=\"https:\/\/kosovatimes.info\/index.php\/2026\/04\/30\/rexhepiserbia-bllokon-fondet-e-kosoves-nxenesit-e-lugines-mbesin-pa-libra\/\" \/>\n<meta property=\"og:site_name\" content=\"Kosova Times\" \/>\n<meta property=\"article:published_time\" content=\"2026-04-30T08:44:00+00:00\" \/>\n<meta property=\"article:modified_time\" content=\"2026-04-30T09:38:14+00:00\" \/>\n<meta property=\"og:image\" content=\"https:\/\/kosovatimes.info\/wp-content\/uploads\/2026\/04\/Rexhepi.jpg\" \/>\n\t<meta property=\"og:image:width\" content=\"780\" \/>\n\t<meta property=\"og:image:height\" content=\"500\" \/>\n\t<meta property=\"og:image:type\" content=\"image\/jpeg\" \/>\n<meta name=\"author\" content=\"i l\" \/>\n<meta name=\"twitter:card\" content=\"summary_large_image\" \/>\n<meta name=\"twitter:label1\" content=\"Written by\" \/>\n\t<meta name=\"twitter:data1\" content=\"i l\" \/>\n\t<meta name=\"twitter:label2\" content=\"Est. reading time\" \/>\n\t<meta name=\"twitter:data2\" content=\"2 minutes\" \/>\n<script type=\"application\/ld+json\" class=\"yoast-schema-graph\">{\"@context\":\"https:\\\/\\\/schema.org\",\"@graph\":[{\"@type\":\"Article\",\"@id\":\"https:\\\/\\\/kosovatimes.info\\\/index.php\\\/2026\\\/04\\\/30\\\/rexhepiserbia-bllokon-fondet-e-kosoves-nxenesit-e-lugines-mbesin-pa-libra\\\/#article\",\"isPartOf\":{\"@id\":\"https:\\\/\\\/kosovatimes.info\\\/index.php\\\/2026\\\/04\\\/30\\\/rexhepiserbia-bllokon-fondet-e-kosoves-nxenesit-e-lugines-mbesin-pa-libra\\\/\"},\"author\":{\"name\":\"i l\",\"@id\":\"https:\\\/\\\/kosovatimes.info\\\/#\\\/schema\\\/person\\\/7586712b9c512fe68085de007378c915\"},\"headline\":\"Rexhepi:Serbia bllokon fondet e Kosov\u00ebs, nx\u00ebn\u00ebsit e Lugin\u00ebs mbesin pa libra\",\"datePublished\":\"2026-04-30T08:44:00+00:00\",\"dateModified\":\"2026-04-30T09:38:14+00:00\",\"mainEntityOfPage\":{\"@id\":\"https:\\\/\\\/kosovatimes.info\\\/index.php\\\/2026\\\/04\\\/30\\\/rexhepiserbia-bllokon-fondet-e-kosoves-nxenesit-e-lugines-mbesin-pa-libra\\\/\"},\"wordCount\":496,\"commentCount\":0,\"image\":{\"@id\":\"https:\\\/\\\/kosovatimes.info\\\/index.php\\\/2026\\\/04\\\/30\\\/rexhepiserbia-bllokon-fondet-e-kosoves-nxenesit-e-lugines-mbesin-pa-libra\\\/#primaryimage\"},\"thumbnailUrl\":\"https:\\\/\\\/kosovatimes.info\\\/wp-content\\\/uploads\\\/2026\\\/04\\\/Rexhepi.jpg\",\"articleSection\":[\"Kosov\u00eb\",\"Lajme\"],\"inLanguage\":\"en-US\",\"potentialAction\":[{\"@type\":\"CommentAction\",\"name\":\"Comment\",\"target\":[\"https:\\\/\\\/kosovatimes.info\\\/index.php\\\/2026\\\/04\\\/30\\\/rexhepiserbia-bllokon-fondet-e-kosoves-nxenesit-e-lugines-mbesin-pa-libra\\\/#respond\"]}]},{\"@type\":\"WebPage\",\"@id\":\"https:\\\/\\\/kosovatimes.info\\\/index.php\\\/2026\\\/04\\\/30\\\/rexhepiserbia-bllokon-fondet-e-kosoves-nxenesit-e-lugines-mbesin-pa-libra\\\/\",\"url\":\"https:\\\/\\\/kosovatimes.info\\\/index.php\\\/2026\\\/04\\\/30\\\/rexhepiserbia-bllokon-fondet-e-kosoves-nxenesit-e-lugines-mbesin-pa-libra\\\/\",\"name\":\"Rexhepi:Serbia bllokon fondet e Kosov\u00ebs, nx\u00ebn\u00ebsit e Lugin\u00ebs mbesin pa libra - Kosova Times\",\"isPartOf\":{\"@id\":\"https:\\\/\\\/kosovatimes.info\\\/#website\"},\"primaryImageOfPage\":{\"@id\":\"https:\\\/\\\/kosovatimes.info\\\/index.php\\\/2026\\\/04\\\/30\\\/rexhepiserbia-bllokon-fondet-e-kosoves-nxenesit-e-lugines-mbesin-pa-libra\\\/#primaryimage\"},\"image\":{\"@id\":\"https:\\\/\\\/kosovatimes.info\\\/index.php\\\/2026\\\/04\\\/30\\\/rexhepiserbia-bllokon-fondet-e-kosoves-nxenesit-e-lugines-mbesin-pa-libra\\\/#primaryimage\"},\"thumbnailUrl\":\"https:\\\/\\\/kosovatimes.info\\\/wp-content\\\/uploads\\\/2026\\\/04\\\/Rexhepi.jpg\",\"datePublished\":\"2026-04-30T08:44:00+00:00\",\"dateModified\":\"2026-04-30T09:38:14+00:00\",\"author\":{\"@id\":\"https:\\\/\\\/kosovatimes.info\\\/#\\\/schema\\\/person\\\/7586712b9c512fe68085de007378c915\"},\"breadcrumb\":{\"@id\":\"https:\\\/\\\/kosovatimes.info\\\/index.php\\\/2026\\\/04\\\/30\\\/rexhepiserbia-bllokon-fondet-e-kosoves-nxenesit-e-lugines-mbesin-pa-libra\\\/#breadcrumb\"},\"inLanguage\":\"en-US\",\"potentialAction\":[{\"@type\":\"ReadAction\",\"target\":[\"https:\\\/\\\/kosovatimes.info\\\/index.php\\\/2026\\\/04\\\/30\\\/rexhepiserbia-bllokon-fondet-e-kosoves-nxenesit-e-lugines-mbesin-pa-libra\\\/\"]}]},{\"@type\":\"ImageObject\",\"inLanguage\":\"en-US\",\"@id\":\"https:\\\/\\\/kosovatimes.info\\\/index.php\\\/2026\\\/04\\\/30\\\/rexhepiserbia-bllokon-fondet-e-kosoves-nxenesit-e-lugines-mbesin-pa-libra\\\/#primaryimage\",\"url\":\"https:\\\/\\\/kosovatimes.info\\\/wp-content\\\/uploads\\\/2026\\\/04\\\/Rexhepi.jpg\",\"contentUrl\":\"https:\\\/\\\/kosovatimes.info\\\/wp-content\\\/uploads\\\/2026\\\/04\\\/Rexhepi.jpg\",\"width\":780,\"height\":500},{\"@type\":\"BreadcrumbList\",\"@id\":\"https:\\\/\\\/kosovatimes.info\\\/index.php\\\/2026\\\/04\\\/30\\\/rexhepiserbia-bllokon-fondet-e-kosoves-nxenesit-e-lugines-mbesin-pa-libra\\\/#breadcrumb\",\"itemListElement\":[{\"@type\":\"ListItem\",\"position\":1,\"name\":\"Home\",\"item\":\"https:\\\/\\\/kosovatimes.info\\\/\"},{\"@type\":\"ListItem\",\"position\":2,\"name\":\"Rexhepi:Serbia bllokon fondet e Kosov\u00ebs, nx\u00ebn\u00ebsit e Lugin\u00ebs mbesin pa libra\"}]},{\"@type\":\"WebSite\",\"@id\":\"https:\\\/\\\/kosovatimes.info\\\/#website\",\"url\":\"https:\\\/\\\/kosovatimes.info\\\/\",\"name\":\"Kosova Times\",\"description\":\"\",\"potentialAction\":[{\"@type\":\"SearchAction\",\"target\":{\"@type\":\"EntryPoint\",\"urlTemplate\":\"https:\\\/\\\/kosovatimes.info\\\/?s={search_term_string}\"},\"query-input\":{\"@type\":\"PropertyValueSpecification\",\"valueRequired\":true,\"valueName\":\"search_term_string\"}}],\"inLanguage\":\"en-US\"},{\"@type\":\"Person\",\"@id\":\"https:\\\/\\\/kosovatimes.info\\\/#\\\/schema\\\/person\\\/7586712b9c512fe68085de007378c915\",\"name\":\"i l\",\"image\":{\"@type\":\"ImageObject\",\"inLanguage\":\"en-US\",\"@id\":\"https:\\\/\\\/secure.gravatar.com\\\/avatar\\\/bad9296e02816160ae2e2435beda58222022298d5625d49fea74d18816fbb31d?s=96&d=mm&r=g\",\"url\":\"https:\\\/\\\/secure.gravatar.com\\\/avatar\\\/bad9296e02816160ae2e2435beda58222022298d5625d49fea74d18816fbb31d?s=96&d=mm&r=g\",\"contentUrl\":\"https:\\\/\\\/secure.gravatar.com\\\/avatar\\\/bad9296e02816160ae2e2435beda58222022298d5625d49fea74d18816fbb31d?s=96&d=mm&r=g\",\"caption\":\"i l\"},\"url\":\"https:\\\/\\\/kosovatimes.info\\\/index.php\\\/author\\\/iliri\\\/\"}]}<\/script>\n<!-- \/ Yoast SEO plugin. -->","yoast_head_json":{"title":"Rexhepi:Serbia bllokon fondet e Kosov\u00ebs, nx\u00ebn\u00ebsit e Lugin\u00ebs mbesin pa libra - Kosova Times","robots":{"index":"index","follow":"follow","max-snippet":"max-snippet:-1","max-image-preview":"max-image-preview:large","max-video-preview":"max-video-preview:-1"},"canonical":"https:\/\/kosovatimes.info\/index.php\/2026\/04\/30\/rexhepiserbia-bllokon-fondet-e-kosoves-nxenesit-e-lugines-mbesin-pa-libra\/","og_locale":"en_US","og_type":"article","og_title":"Rexhepi:Serbia bllokon fondet e Kosov\u00ebs, nx\u00ebn\u00ebsit e Lugin\u00ebs mbesin pa libra - Kosova Times","og_description":"Qeveria e Serbis\u00eb po i bllokon fondet q\u00eb Qeveria e Kosov\u00ebs dhe ajo e Shqip\u00ebris\u00eb i kan\u00eb ndar\u00eb p\u00ebr shqiptar\u00ebt e Lugin\u00ebs s\u00eb Preshev\u00ebs. K\u00ebt\u00eb shqet\u00ebsim e ka ndar\u00eb kryetari i K\u00ebshillit Komb\u00ebtar Shqiptar n\u00eb Lugin\u00ebn e Preshev\u00ebs, Enkel Rexhepi, i cili tha se me mosekzekutimin e k\u00ebtyre fondeve, po sfidohet identiteti nacional n\u00eb Lugin\u00eb. [&hellip;]","og_url":"https:\/\/kosovatimes.info\/index.php\/2026\/04\/30\/rexhepiserbia-bllokon-fondet-e-kosoves-nxenesit-e-lugines-mbesin-pa-libra\/","og_site_name":"Kosova Times","article_published_time":"2026-04-30T08:44:00+00:00","article_modified_time":"2026-04-30T09:38:14+00:00","og_image":[{"width":780,"height":500,"url":"https:\/\/kosovatimes.info\/wp-content\/uploads\/2026\/04\/Rexhepi.jpg","type":"image\/jpeg"}],"author":"i l","twitter_card":"summary_large_image","twitter_misc":{"Written by":"i l","Est. reading time":"2 minutes"},"schema":{"@context":"https:\/\/schema.org","@graph":[{"@type":"Article","@id":"https:\/\/kosovatimes.info\/index.php\/2026\/04\/30\/rexhepiserbia-bllokon-fondet-e-kosoves-nxenesit-e-lugines-mbesin-pa-libra\/#article","isPartOf":{"@id":"https:\/\/kosovatimes.info\/index.php\/2026\/04\/30\/rexhepiserbia-bllokon-fondet-e-kosoves-nxenesit-e-lugines-mbesin-pa-libra\/"},"author":{"name":"i l","@id":"https:\/\/kosovatimes.info\/#\/schema\/person\/7586712b9c512fe68085de007378c915"},"headline":"Rexhepi:Serbia bllokon fondet e Kosov\u00ebs, nx\u00ebn\u00ebsit e Lugin\u00ebs mbesin pa libra","datePublished":"2026-04-30T08:44:00+00:00","dateModified":"2026-04-30T09:38:14+00:00","mainEntityOfPage":{"@id":"https:\/\/kosovatimes.info\/index.php\/2026\/04\/30\/rexhepiserbia-bllokon-fondet-e-kosoves-nxenesit-e-lugines-mbesin-pa-libra\/"},"wordCount":496,"commentCount":0,"image":{"@id":"https:\/\/kosovatimes.info\/index.php\/2026\/04\/30\/rexhepiserbia-bllokon-fondet-e-kosoves-nxenesit-e-lugines-mbesin-pa-libra\/#primaryimage"},"thumbnailUrl":"https:\/\/kosovatimes.info\/wp-content\/uploads\/2026\/04\/Rexhepi.jpg","articleSection":["Kosov\u00eb","Lajme"],"inLanguage":"en-US","potentialAction":[{"@type":"CommentAction","name":"Comment","target":["https:\/\/kosovatimes.info\/index.php\/2026\/04\/30\/rexhepiserbia-bllokon-fondet-e-kosoves-nxenesit-e-lugines-mbesin-pa-libra\/#respond"]}]},{"@type":"WebPage","@id":"https:\/\/kosovatimes.info\/index.php\/2026\/04\/30\/rexhepiserbia-bllokon-fondet-e-kosoves-nxenesit-e-lugines-mbesin-pa-libra\/","url":"https:\/\/kosovatimes.info\/index.php\/2026\/04\/30\/rexhepiserbia-bllokon-fondet-e-kosoves-nxenesit-e-lugines-mbesin-pa-libra\/","name":"Rexhepi:Serbia bllokon fondet e Kosov\u00ebs, nx\u00ebn\u00ebsit e Lugin\u00ebs mbesin pa libra - Kosova Times","isPartOf":{"@id":"https:\/\/kosovatimes.info\/#website"},"primaryImageOfPage":{"@id":"https:\/\/kosovatimes.info\/index.php\/2026\/04\/30\/rexhepiserbia-bllokon-fondet-e-kosoves-nxenesit-e-lugines-mbesin-pa-libra\/#primaryimage"},"image":{"@id":"https:\/\/kosovatimes.info\/index.php\/2026\/04\/30\/rexhepiserbia-bllokon-fondet-e-kosoves-nxenesit-e-lugines-mbesin-pa-libra\/#primaryimage"},"thumbnailUrl":"https:\/\/kosovatimes.info\/wp-content\/uploads\/2026\/04\/Rexhepi.jpg","datePublished":"2026-04-30T08:44:00+00:00","dateModified":"2026-04-30T09:38:14+00:00","author":{"@id":"https:\/\/kosovatimes.info\/#\/schema\/person\/7586712b9c512fe68085de007378c915"},"breadcrumb":{"@id":"https:\/\/kosovatimes.info\/index.php\/2026\/04\/30\/rexhepiserbia-bllokon-fondet-e-kosoves-nxenesit-e-lugines-mbesin-pa-libra\/#breadcrumb"},"inLanguage":"en-US","potentialAction":[{"@type":"ReadAction","target":["https:\/\/kosovatimes.info\/index.php\/2026\/04\/30\/rexhepiserbia-bllokon-fondet-e-kosoves-nxenesit-e-lugines-mbesin-pa-libra\/"]}]},{"@type":"ImageObject","inLanguage":"en-US","@id":"https:\/\/kosovatimes.info\/index.php\/2026\/04\/30\/rexhepiserbia-bllokon-fondet-e-kosoves-nxenesit-e-lugines-mbesin-pa-libra\/#primaryimage","url":"https:\/\/kosovatimes.info\/wp-content\/uploads\/2026\/04\/Rexhepi.jpg","contentUrl":"https:\/\/kosovatimes.info\/wp-content\/uploads\/2026\/04\/Rexhepi.jpg","width":780,"height":500},{"@type":"BreadcrumbList","@id":"https:\/\/kosovatimes.info\/index.php\/2026\/04\/30\/rexhepiserbia-bllokon-fondet-e-kosoves-nxenesit-e-lugines-mbesin-pa-libra\/#breadcrumb","itemListElement":[{"@type":"ListItem","position":1,"name":"Home","item":"https:\/\/kosovatimes.info\/"},{"@type":"ListItem","position":2,"name":"Rexhepi:Serbia bllokon fondet e Kosov\u00ebs, nx\u00ebn\u00ebsit e Lugin\u00ebs mbesin pa libra"}]},{"@type":"WebSite","@id":"https:\/\/kosovatimes.info\/#website","url":"https:\/\/kosovatimes.info\/","name":"Kosova Times","description":"","potentialAction":[{"@type":"SearchAction","target":{"@type":"EntryPoint","urlTemplate":"https:\/\/kosovatimes.info\/?s={search_term_string}"},"query-input":{"@type":"PropertyValueSpecification","valueRequired":true,"valueName":"search_term_string"}}],"inLanguage":"en-US"},{"@type":"Person","@id":"https:\/\/kosovatimes.info\/#\/schema\/person\/7586712b9c512fe68085de007378c915","name":"i l","image":{"@type":"ImageObject","inLanguage":"en-US","@id":"https:\/\/secure.gravatar.com\/avatar\/bad9296e02816160ae2e2435beda58222022298d5625d49fea74d18816fbb31d?s=96&d=mm&r=g","url":"https:\/\/secure.gravatar.com\/avatar\/bad9296e02816160ae2e2435beda58222022298d5625d49fea74d18816fbb31d?s=96&d=mm&r=g","contentUrl":"https:\/\/secure.gravatar.com\/avatar\/bad9296e02816160ae2e2435beda58222022298d5625d49fea74d18816fbb31d?s=96&d=mm&r=g","caption":"i l"},"url":"https:\/\/kosovatimes.info\/index.php\/author\/iliri\/"}]}},"_links":{"self":[{"href":"https:\/\/kosovatimes.info\/index.php\/wp-json\/wp\/v2\/posts\/12664","targetHints":{"allow":["GET"]}}],"collection":[{"href":"https:\/\/kosovatimes.info\/index.php\/wp-json\/wp\/v2\/posts"}],"about":[{"href":"https:\/\/kosovatimes.info\/index.php\/wp-json\/wp\/v2\/types\/post"}],"author":[{"embeddable":true,"href":"https:\/\/kosovatimes.info\/index.php\/wp-json\/wp\/v2\/users\/4"}],"replies":[{"embeddable":true,"href":"https:\/\/kosovatimes.info\/index.php\/wp-json\/wp\/v2\/comments?post=12664"}],"version-history":[{"count":1,"href":"https:\/\/kosovatimes.info\/index.php\/wp-json\/wp\/v2\/posts\/12664\/revisions"}],"predecessor-version":[{"id":12666,"href":"https:\/\/kosovatimes.info\/index.php\/wp-json\/wp\/v2\/posts\/12664\/revisions\/12666"}],"wp:featuredmedia":[{"embeddable":true,"href":"https:\/\/kosovatimes.info\/index.php\/wp-json\/wp\/v2\/media\/12665"}],"wp:attachment":[{"href":"https:\/\/kosovatimes.info\/index.php\/wp-json\/wp\/v2\/media?parent=12664"}],"wp:term":[{"taxonomy":"category","embeddable":true,"href":"https:\/\/kosovatimes.info\/index.php\/wp-json\/wp\/v2\/categories?post=12664"},{"taxonomy":"post_tag","embeddable":true,"href":"https:\/\/kosovatimes.info\/index.php\/wp-json\/wp\/v2\/tags?post=12664"}],"curies":[{"name":"wp","href":"https:\/\/api.w.org\/{rel}","templated":true}]}}