{"id":12675,"date":"2026-04-30T23:25:00","date_gmt":"2026-04-30T21:25:00","guid":{"rendered":"https:\/\/kosovatimes.info\/?p=12675"},"modified":"2026-04-30T13:16:53","modified_gmt":"2026-04-30T11:16:53","slug":"situata-me-qente-endacake-ne-qkuk-krijohet-shtab-emergjent","status":"publish","type":"post","link":"https:\/\/kosovatimes.info\/index.php\/2026\/04\/30\/situata-me-qente-endacake-ne-qkuk-krijohet-shtab-emergjent\/","title":{"rendered":"Situata me qent\u00eb endacak\u00eb n\u00eb QKUK, krijohet Shtab Emergjent"},"content":{"rendered":"\n<p><strong>Qendra Klinike Universitare e Kosov\u00ebs ka njoftuar se ushtruesi i detyr\u00ebs s\u00eb k\u00ebtij institucioni sh\u00ebndet\u00ebsor, Mentor Zejnullahu, ka iniciuar formimin e nj\u00eb Shtabi Emergjent n\u00eb kuad\u00ebr t\u00eb QKUK-s\u00eb, si reagim ndaj situat\u00ebs s\u00eb krijuar nga prania e qenve endacak\u00eb brenda kampusit t\u00eb institucionit.<\/strong><\/p>\n\n\n\n<p>\u201cQ\u00ebllimi i k\u00ebtij shtabi \u00ebsht\u00eb t\u00eb siguroj\u00eb mbrojtjen e menj\u00ebhershme t\u00eb pacient\u00ebve, stafit sh\u00ebndet\u00ebsor, vizitor\u00ebve dhe qytetar\u00ebve, p\u00ebrmes koordinimit nd\u00ebrinstitucional dhe zbatimit t\u00eb masave urgjente p\u00ebr identifikimin, kontrollin, largimin dhe parandalimin e rrezikut nga qent\u00eb endacak\u00eb\u201d, thuhet n\u00eb njoftim.<\/p>\n\n\n\n<p>Kan\u00eb b\u00ebr\u00eb t\u00eb ditur se Shtabi Emergjent p\u00ebrb\u00ebhet nga p\u00ebrfaq\u00ebsues t\u00eb strukturave t\u00eb brendshme t\u00eb QKUK-s\u00eb, p\u00ebrfshir\u00eb drejtues institucional\u00eb, p\u00ebrfaq\u00ebsues nga Klinika Emergjente, Zyra Ligjore, si dhe Sh\u00ebrbimi i Sigurimit dhe zjarrfik\u00ebsve.<\/p>\n\n\n\n<p>N\u00eb k\u00ebt\u00eb mekaniz\u00ebm, thon\u00eb ata, &nbsp;jan\u00eb p\u00ebrfshir\u00eb edhe institucionet relevante jasht\u00eb QKUK-s\u00eb, si Komuna e Prishtin\u00ebs, Agjencia e Ushqimit dhe Veterinaris\u00eb (AUV), Policia e Kosov\u00ebs, kompania kontraktuese p\u00ebr trajtimin e qenve endacak\u00eb, Inspektorati komunal, si dhe organizata t\u00eb licencuara p\u00ebr mbrojtjen e kafsh\u00ebve.<\/p>\n\n\n\n<p>Krijimi i k\u00ebtij Shtabi Emergjent vjen pas disa rasteve t\u00eb sulmeve nga qent\u00eb endacak t\u00eb kalimtar\u00ebve por edhe t\u00eb vet\u00eb stafit brenda oborrit t\u00eb k\u00ebtij institucioni.<\/p>\n","protected":false},"excerpt":{"rendered":"<p>Qendra Klinike Universitare e Kosov\u00ebs ka njoftuar se ushtruesi i detyr\u00ebs s\u00eb k\u00ebtij institucioni sh\u00ebndet\u00ebsor, Mentor Zejnullahu, ka iniciuar formimin e nj\u00eb Shtabi Emergjent n\u00eb kuad\u00ebr t\u00eb QKUK-s\u00eb, si reagim ndaj situat\u00ebs s\u00eb krijuar nga prania e qenve endacak\u00eb brenda kampusit t\u00eb institucionit. \u201cQ\u00ebllimi i k\u00ebtij shtabi \u00ebsht\u00eb t\u00eb siguroj\u00eb mbrojtjen e menj\u00ebhershme t\u00eb pacient\u00ebve, [&hellip;]<\/p>\n","protected":false},"author":4,"featured_media":12676,"comment_status":"open","ping_status":"open","sticky":false,"template":"","format":"standard","meta":{"footnotes":""},"categories":[31,30],"tags":[],"class_list":{"0":"post-12675","1":"post","2":"type-post","3":"status-publish","4":"format-standard","5":"has-post-thumbnail","7":"category-kosove","8":"category-lajme"},"yoast_head":"<!-- This site is optimized with the Yoast SEO plugin v27.4 - https:\/\/yoast.com\/product\/yoast-seo-wordpress\/ -->\n<title>Situata me qent\u00eb endacak\u00eb n\u00eb QKUK, krijohet Shtab Emergjent - Kosova Times<\/title>\n<meta name=\"robots\" content=\"index, follow, max-snippet:-1, max-image-preview:large, max-video-preview:-1\" \/>\n<link rel=\"canonical\" href=\"https:\/\/kosovatimes.info\/index.php\/2026\/04\/30\/situata-me-qente-endacake-ne-qkuk-krijohet-shtab-emergjent\/\" \/>\n<meta property=\"og:locale\" content=\"en_US\" \/>\n<meta property=\"og:type\" content=\"article\" \/>\n<meta property=\"og:title\" content=\"Situata me qent\u00eb endacak\u00eb n\u00eb QKUK, krijohet Shtab Emergjent - Kosova Times\" \/>\n<meta property=\"og:description\" content=\"Qendra Klinike Universitare e Kosov\u00ebs ka njoftuar se ushtruesi i detyr\u00ebs s\u00eb k\u00ebtij institucioni sh\u00ebndet\u00ebsor, Mentor Zejnullahu, ka iniciuar formimin e nj\u00eb Shtabi Emergjent n\u00eb kuad\u00ebr t\u00eb QKUK-s\u00eb, si reagim ndaj situat\u00ebs s\u00eb krijuar nga prania e qenve endacak\u00eb brenda kampusit t\u00eb institucionit. \u201cQ\u00ebllimi i k\u00ebtij shtabi \u00ebsht\u00eb t\u00eb siguroj\u00eb mbrojtjen e menj\u00ebhershme t\u00eb pacient\u00ebve, [&hellip;]\" \/>\n<meta property=\"og:url\" content=\"https:\/\/kosovatimes.info\/index.php\/2026\/04\/30\/situata-me-qente-endacake-ne-qkuk-krijohet-shtab-emergjent\/\" \/>\n<meta property=\"og:site_name\" content=\"Kosova Times\" \/>\n<meta property=\"article:published_time\" content=\"2026-04-30T21:25:00+00:00\" \/>\n<meta property=\"og:image\" content=\"https:\/\/kosovatimes.info\/wp-content\/uploads\/2026\/04\/QKU-3.jpg\" \/>\n\t<meta property=\"og:image:width\" content=\"780\" \/>\n\t<meta property=\"og:image:height\" content=\"500\" \/>\n\t<meta property=\"og:image:type\" content=\"image\/jpeg\" \/>\n<meta name=\"author\" content=\"i l\" \/>\n<meta name=\"twitter:card\" content=\"summary_large_image\" \/>\n<meta name=\"twitter:label1\" content=\"Written by\" \/>\n\t<meta name=\"twitter:data1\" content=\"i l\" \/>\n\t<meta name=\"twitter:label2\" content=\"Est. reading time\" \/>\n\t<meta name=\"twitter:data2\" content=\"2 minutes\" \/>\n<script type=\"application\/ld+json\" class=\"yoast-schema-graph\">{\"@context\":\"https:\\\/\\\/schema.org\",\"@graph\":[{\"@type\":\"Article\",\"@id\":\"https:\\\/\\\/kosovatimes.info\\\/index.php\\\/2026\\\/04\\\/30\\\/situata-me-qente-endacake-ne-qkuk-krijohet-shtab-emergjent\\\/#article\",\"isPartOf\":{\"@id\":\"https:\\\/\\\/kosovatimes.info\\\/index.php\\\/2026\\\/04\\\/30\\\/situata-me-qente-endacake-ne-qkuk-krijohet-shtab-emergjent\\\/\"},\"author\":{\"name\":\"i l\",\"@id\":\"https:\\\/\\\/kosovatimes.info\\\/#\\\/schema\\\/person\\\/7586712b9c512fe68085de007378c915\"},\"headline\":\"Situata me qent\u00eb endacak\u00eb n\u00eb QKUK, krijohet Shtab Emergjent\",\"datePublished\":\"2026-04-30T21:25:00+00:00\",\"mainEntityOfPage\":{\"@id\":\"https:\\\/\\\/kosovatimes.info\\\/index.php\\\/2026\\\/04\\\/30\\\/situata-me-qente-endacake-ne-qkuk-krijohet-shtab-emergjent\\\/\"},\"wordCount\":232,\"commentCount\":0,\"image\":{\"@id\":\"https:\\\/\\\/kosovatimes.info\\\/index.php\\\/2026\\\/04\\\/30\\\/situata-me-qente-endacake-ne-qkuk-krijohet-shtab-emergjent\\\/#primaryimage\"},\"thumbnailUrl\":\"https:\\\/\\\/kosovatimes.info\\\/wp-content\\\/uploads\\\/2026\\\/04\\\/QKU-3.jpg\",\"articleSection\":[\"Kosov\u00eb\",\"Lajme\"],\"inLanguage\":\"en-US\",\"potentialAction\":[{\"@type\":\"CommentAction\",\"name\":\"Comment\",\"target\":[\"https:\\\/\\\/kosovatimes.info\\\/index.php\\\/2026\\\/04\\\/30\\\/situata-me-qente-endacake-ne-qkuk-krijohet-shtab-emergjent\\\/#respond\"]}]},{\"@type\":\"WebPage\",\"@id\":\"https:\\\/\\\/kosovatimes.info\\\/index.php\\\/2026\\\/04\\\/30\\\/situata-me-qente-endacake-ne-qkuk-krijohet-shtab-emergjent\\\/\",\"url\":\"https:\\\/\\\/kosovatimes.info\\\/index.php\\\/2026\\\/04\\\/30\\\/situata-me-qente-endacake-ne-qkuk-krijohet-shtab-emergjent\\\/\",\"name\":\"Situata me qent\u00eb endacak\u00eb n\u00eb QKUK, krijohet Shtab Emergjent - Kosova Times\",\"isPartOf\":{\"@id\":\"https:\\\/\\\/kosovatimes.info\\\/#website\"},\"primaryImageOfPage\":{\"@id\":\"https:\\\/\\\/kosovatimes.info\\\/index.php\\\/2026\\\/04\\\/30\\\/situata-me-qente-endacake-ne-qkuk-krijohet-shtab-emergjent\\\/#primaryimage\"},\"image\":{\"@id\":\"https:\\\/\\\/kosovatimes.info\\\/index.php\\\/2026\\\/04\\\/30\\\/situata-me-qente-endacake-ne-qkuk-krijohet-shtab-emergjent\\\/#primaryimage\"},\"thumbnailUrl\":\"https:\\\/\\\/kosovatimes.info\\\/wp-content\\\/uploads\\\/2026\\\/04\\\/QKU-3.jpg\",\"datePublished\":\"2026-04-30T21:25:00+00:00\",\"author\":{\"@id\":\"https:\\\/\\\/kosovatimes.info\\\/#\\\/schema\\\/person\\\/7586712b9c512fe68085de007378c915\"},\"breadcrumb\":{\"@id\":\"https:\\\/\\\/kosovatimes.info\\\/index.php\\\/2026\\\/04\\\/30\\\/situata-me-qente-endacake-ne-qkuk-krijohet-shtab-emergjent\\\/#breadcrumb\"},\"inLanguage\":\"en-US\",\"potentialAction\":[{\"@type\":\"ReadAction\",\"target\":[\"https:\\\/\\\/kosovatimes.info\\\/index.php\\\/2026\\\/04\\\/30\\\/situata-me-qente-endacake-ne-qkuk-krijohet-shtab-emergjent\\\/\"]}]},{\"@type\":\"ImageObject\",\"inLanguage\":\"en-US\",\"@id\":\"https:\\\/\\\/kosovatimes.info\\\/index.php\\\/2026\\\/04\\\/30\\\/situata-me-qente-endacake-ne-qkuk-krijohet-shtab-emergjent\\\/#primaryimage\",\"url\":\"https:\\\/\\\/kosovatimes.info\\\/wp-content\\\/uploads\\\/2026\\\/04\\\/QKU-3.jpg\",\"contentUrl\":\"https:\\\/\\\/kosovatimes.info\\\/wp-content\\\/uploads\\\/2026\\\/04\\\/QKU-3.jpg\",\"width\":780,\"height\":500},{\"@type\":\"BreadcrumbList\",\"@id\":\"https:\\\/\\\/kosovatimes.info\\\/index.php\\\/2026\\\/04\\\/30\\\/situata-me-qente-endacake-ne-qkuk-krijohet-shtab-emergjent\\\/#breadcrumb\",\"itemListElement\":[{\"@type\":\"ListItem\",\"position\":1,\"name\":\"Home\",\"item\":\"https:\\\/\\\/kosovatimes.info\\\/\"},{\"@type\":\"ListItem\",\"position\":2,\"name\":\"Situata me qent\u00eb endacak\u00eb n\u00eb QKUK, krijohet Shtab Emergjent\"}]},{\"@type\":\"WebSite\",\"@id\":\"https:\\\/\\\/kosovatimes.info\\\/#website\",\"url\":\"https:\\\/\\\/kosovatimes.info\\\/\",\"name\":\"Kosova Times\",\"description\":\"\",\"potentialAction\":[{\"@type\":\"SearchAction\",\"target\":{\"@type\":\"EntryPoint\",\"urlTemplate\":\"https:\\\/\\\/kosovatimes.info\\\/?s={search_term_string}\"},\"query-input\":{\"@type\":\"PropertyValueSpecification\",\"valueRequired\":true,\"valueName\":\"search_term_string\"}}],\"inLanguage\":\"en-US\"},{\"@type\":\"Person\",\"@id\":\"https:\\\/\\\/kosovatimes.info\\\/#\\\/schema\\\/person\\\/7586712b9c512fe68085de007378c915\",\"name\":\"i l\",\"image\":{\"@type\":\"ImageObject\",\"inLanguage\":\"en-US\",\"@id\":\"https:\\\/\\\/secure.gravatar.com\\\/avatar\\\/bad9296e02816160ae2e2435beda58222022298d5625d49fea74d18816fbb31d?s=96&d=mm&r=g\",\"url\":\"https:\\\/\\\/secure.gravatar.com\\\/avatar\\\/bad9296e02816160ae2e2435beda58222022298d5625d49fea74d18816fbb31d?s=96&d=mm&r=g\",\"contentUrl\":\"https:\\\/\\\/secure.gravatar.com\\\/avatar\\\/bad9296e02816160ae2e2435beda58222022298d5625d49fea74d18816fbb31d?s=96&d=mm&r=g\",\"caption\":\"i l\"},\"url\":\"https:\\\/\\\/kosovatimes.info\\\/index.php\\\/author\\\/iliri\\\/\"}]}<\/script>\n<!-- \/ Yoast SEO plugin. -->","yoast_head_json":{"title":"Situata me qent\u00eb endacak\u00eb n\u00eb QKUK, krijohet Shtab Emergjent - Kosova Times","robots":{"index":"index","follow":"follow","max-snippet":"max-snippet:-1","max-image-preview":"max-image-preview:large","max-video-preview":"max-video-preview:-1"},"canonical":"https:\/\/kosovatimes.info\/index.php\/2026\/04\/30\/situata-me-qente-endacake-ne-qkuk-krijohet-shtab-emergjent\/","og_locale":"en_US","og_type":"article","og_title":"Situata me qent\u00eb endacak\u00eb n\u00eb QKUK, krijohet Shtab Emergjent - Kosova Times","og_description":"Qendra Klinike Universitare e Kosov\u00ebs ka njoftuar se ushtruesi i detyr\u00ebs s\u00eb k\u00ebtij institucioni sh\u00ebndet\u00ebsor, Mentor Zejnullahu, ka iniciuar formimin e nj\u00eb Shtabi Emergjent n\u00eb kuad\u00ebr t\u00eb QKUK-s\u00eb, si reagim ndaj situat\u00ebs s\u00eb krijuar nga prania e qenve endacak\u00eb brenda kampusit t\u00eb institucionit. \u201cQ\u00ebllimi i k\u00ebtij shtabi \u00ebsht\u00eb t\u00eb siguroj\u00eb mbrojtjen e menj\u00ebhershme t\u00eb pacient\u00ebve, [&hellip;]","og_url":"https:\/\/kosovatimes.info\/index.php\/2026\/04\/30\/situata-me-qente-endacake-ne-qkuk-krijohet-shtab-emergjent\/","og_site_name":"Kosova Times","article_published_time":"2026-04-30T21:25:00+00:00","og_image":[{"width":780,"height":500,"url":"https:\/\/kosovatimes.info\/wp-content\/uploads\/2026\/04\/QKU-3.jpg","type":"image\/jpeg"}],"author":"i l","twitter_card":"summary_large_image","twitter_misc":{"Written by":"i l","Est. reading time":"2 minutes"},"schema":{"@context":"https:\/\/schema.org","@graph":[{"@type":"Article","@id":"https:\/\/kosovatimes.info\/index.php\/2026\/04\/30\/situata-me-qente-endacake-ne-qkuk-krijohet-shtab-emergjent\/#article","isPartOf":{"@id":"https:\/\/kosovatimes.info\/index.php\/2026\/04\/30\/situata-me-qente-endacake-ne-qkuk-krijohet-shtab-emergjent\/"},"author":{"name":"i l","@id":"https:\/\/kosovatimes.info\/#\/schema\/person\/7586712b9c512fe68085de007378c915"},"headline":"Situata me qent\u00eb endacak\u00eb n\u00eb QKUK, krijohet Shtab Emergjent","datePublished":"2026-04-30T21:25:00+00:00","mainEntityOfPage":{"@id":"https:\/\/kosovatimes.info\/index.php\/2026\/04\/30\/situata-me-qente-endacake-ne-qkuk-krijohet-shtab-emergjent\/"},"wordCount":232,"commentCount":0,"image":{"@id":"https:\/\/kosovatimes.info\/index.php\/2026\/04\/30\/situata-me-qente-endacake-ne-qkuk-krijohet-shtab-emergjent\/#primaryimage"},"thumbnailUrl":"https:\/\/kosovatimes.info\/wp-content\/uploads\/2026\/04\/QKU-3.jpg","articleSection":["Kosov\u00eb","Lajme"],"inLanguage":"en-US","potentialAction":[{"@type":"CommentAction","name":"Comment","target":["https:\/\/kosovatimes.info\/index.php\/2026\/04\/30\/situata-me-qente-endacake-ne-qkuk-krijohet-shtab-emergjent\/#respond"]}]},{"@type":"WebPage","@id":"https:\/\/kosovatimes.info\/index.php\/2026\/04\/30\/situata-me-qente-endacake-ne-qkuk-krijohet-shtab-emergjent\/","url":"https:\/\/kosovatimes.info\/index.php\/2026\/04\/30\/situata-me-qente-endacake-ne-qkuk-krijohet-shtab-emergjent\/","name":"Situata me qent\u00eb endacak\u00eb n\u00eb QKUK, krijohet Shtab Emergjent - Kosova Times","isPartOf":{"@id":"https:\/\/kosovatimes.info\/#website"},"primaryImageOfPage":{"@id":"https:\/\/kosovatimes.info\/index.php\/2026\/04\/30\/situata-me-qente-endacake-ne-qkuk-krijohet-shtab-emergjent\/#primaryimage"},"image":{"@id":"https:\/\/kosovatimes.info\/index.php\/2026\/04\/30\/situata-me-qente-endacake-ne-qkuk-krijohet-shtab-emergjent\/#primaryimage"},"thumbnailUrl":"https:\/\/kosovatimes.info\/wp-content\/uploads\/2026\/04\/QKU-3.jpg","datePublished":"2026-04-30T21:25:00+00:00","author":{"@id":"https:\/\/kosovatimes.info\/#\/schema\/person\/7586712b9c512fe68085de007378c915"},"breadcrumb":{"@id":"https:\/\/kosovatimes.info\/index.php\/2026\/04\/30\/situata-me-qente-endacake-ne-qkuk-krijohet-shtab-emergjent\/#breadcrumb"},"inLanguage":"en-US","potentialAction":[{"@type":"ReadAction","target":["https:\/\/kosovatimes.info\/index.php\/2026\/04\/30\/situata-me-qente-endacake-ne-qkuk-krijohet-shtab-emergjent\/"]}]},{"@type":"ImageObject","inLanguage":"en-US","@id":"https:\/\/kosovatimes.info\/index.php\/2026\/04\/30\/situata-me-qente-endacake-ne-qkuk-krijohet-shtab-emergjent\/#primaryimage","url":"https:\/\/kosovatimes.info\/wp-content\/uploads\/2026\/04\/QKU-3.jpg","contentUrl":"https:\/\/kosovatimes.info\/wp-content\/uploads\/2026\/04\/QKU-3.jpg","width":780,"height":500},{"@type":"BreadcrumbList","@id":"https:\/\/kosovatimes.info\/index.php\/2026\/04\/30\/situata-me-qente-endacake-ne-qkuk-krijohet-shtab-emergjent\/#breadcrumb","itemListElement":[{"@type":"ListItem","position":1,"name":"Home","item":"https:\/\/kosovatimes.info\/"},{"@type":"ListItem","position":2,"name":"Situata me qent\u00eb endacak\u00eb n\u00eb QKUK, krijohet Shtab Emergjent"}]},{"@type":"WebSite","@id":"https:\/\/kosovatimes.info\/#website","url":"https:\/\/kosovatimes.info\/","name":"Kosova Times","description":"","potentialAction":[{"@type":"SearchAction","target":{"@type":"EntryPoint","urlTemplate":"https:\/\/kosovatimes.info\/?s={search_term_string}"},"query-input":{"@type":"PropertyValueSpecification","valueRequired":true,"valueName":"search_term_string"}}],"inLanguage":"en-US"},{"@type":"Person","@id":"https:\/\/kosovatimes.info\/#\/schema\/person\/7586712b9c512fe68085de007378c915","name":"i l","image":{"@type":"ImageObject","inLanguage":"en-US","@id":"https:\/\/secure.gravatar.com\/avatar\/bad9296e02816160ae2e2435beda58222022298d5625d49fea74d18816fbb31d?s=96&d=mm&r=g","url":"https:\/\/secure.gravatar.com\/avatar\/bad9296e02816160ae2e2435beda58222022298d5625d49fea74d18816fbb31d?s=96&d=mm&r=g","contentUrl":"https:\/\/secure.gravatar.com\/avatar\/bad9296e02816160ae2e2435beda58222022298d5625d49fea74d18816fbb31d?s=96&d=mm&r=g","caption":"i l"},"url":"https:\/\/kosovatimes.info\/index.php\/author\/iliri\/"}]}},"_links":{"self":[{"href":"https:\/\/kosovatimes.info\/index.php\/wp-json\/wp\/v2\/posts\/12675","targetHints":{"allow":["GET"]}}],"collection":[{"href":"https:\/\/kosovatimes.info\/index.php\/wp-json\/wp\/v2\/posts"}],"about":[{"href":"https:\/\/kosovatimes.info\/index.php\/wp-json\/wp\/v2\/types\/post"}],"author":[{"embeddable":true,"href":"https:\/\/kosovatimes.info\/index.php\/wp-json\/wp\/v2\/users\/4"}],"replies":[{"embeddable":true,"href":"https:\/\/kosovatimes.info\/index.php\/wp-json\/wp\/v2\/comments?post=12675"}],"version-history":[{"count":1,"href":"https:\/\/kosovatimes.info\/index.php\/wp-json\/wp\/v2\/posts\/12675\/revisions"}],"predecessor-version":[{"id":12677,"href":"https:\/\/kosovatimes.info\/index.php\/wp-json\/wp\/v2\/posts\/12675\/revisions\/12677"}],"wp:featuredmedia":[{"embeddable":true,"href":"https:\/\/kosovatimes.info\/index.php\/wp-json\/wp\/v2\/media\/12676"}],"wp:attachment":[{"href":"https:\/\/kosovatimes.info\/index.php\/wp-json\/wp\/v2\/media?parent=12675"}],"wp:term":[{"taxonomy":"category","embeddable":true,"href":"https:\/\/kosovatimes.info\/index.php\/wp-json\/wp\/v2\/categories?post=12675"},{"taxonomy":"post_tag","embeddable":true,"href":"https:\/\/kosovatimes.info\/index.php\/wp-json\/wp\/v2\/tags?post=12675"}],"curies":[{"name":"wp","href":"https:\/\/api.w.org\/{rel}","templated":true}]}}