{"id":12681,"date":"2026-04-30T23:51:00","date_gmt":"2026-04-30T21:51:00","guid":{"rendered":"https:\/\/kosovatimes.info\/?p=12681"},"modified":"2026-04-30T13:18:41","modified_gmt":"2026-04-30T11:18:41","slug":"osmani-takimet-me-qytetaret-kane-qene-te-vazhdueshme-gjate-mandatit-tim","status":"publish","type":"post","link":"https:\/\/kosovatimes.info\/index.php\/2026\/04\/30\/osmani-takimet-me-qytetaret-kane-qene-te-vazhdueshme-gjate-mandatit-tim\/","title":{"rendered":"Osmani: Takimet me qytetar\u00ebt kan\u00eb qen\u00eb t\u00eb vazhdueshme gjat\u00eb mandatit tim"},"content":{"rendered":"\n<p><strong>Ish-presidentja, Vjosa Osmani n\u00ebp\u00ebrmjet nj\u00eb video t\u00eb publikuar n\u00eb Facebook&nbsp;ka th\u00ebn\u00eb se ka njer\u00ebz brenda politik\u00ebs q\u00eb po ankohen se p\u00ebrse po takohem me qytetaret e vendit.<\/strong><\/p>\n\n\n\n<p>Osmani ka theksuar&nbsp;se ka t\u00eb till\u00eb q\u00eb po dezinformojn\u00eb se nj\u00eb gj\u00eb t\u00eb till\u00eb nuk e ka b\u00ebr\u00eb m\u00eb her\u00ebt. Ajo, ka deklaruar se gjat\u00eb pes\u00eb viteve si presidente n\u00eb vazhdim\u00ebsi ka takuar qytetar\u00ebt dhe ka vizituar komunat.<\/p>\n\n\n\n<p>\u201cKam takuar qytetar\u00ebt, kam mb\u00ebshtetur grupet e margjinalizuara dhe kam qen\u00eb pran\u00eb njer\u00ebzve t\u00eb vyer dhe t\u00eb urt\u00eb t\u00eb vendit ton\u00eb. Vizita n\u00eb fshatra dhe n\u00eb lagje t\u00eb ndryshme, n\u00eb shkolla, n\u00eb kopsht, n\u00eb spitale n\u00eb institucione q\u00eb e mbajn\u00eb k\u00ebt\u00eb shtet t\u00eb fort\u00eb, Dhe, po edhe n\u00eb Shoqat\u00ebn e &nbsp;Zjarrfik\u00ebsve. K\u00ebto vizita nuk jan\u00eb ndalur asnj\u00ebher\u00eb sikurse dje ashtu edhe sot e mbi t\u00eb gjitha n\u00eb t\u00eb ardhmen. Bazamenti m\u00eb i fort\u00eb i angazhimit tim do t\u00eb mbetet pik\u00ebrisht lidhja me qytetar\u00ebt sepse Kosova \u00ebsht\u00eb atdheu yn\u00eb i p\u00ebrhersh\u00ebm. Shihemi n\u00eb komun\u00ebn e radh\u00ebs\u201d, ka theksuar&nbsp;ajo.<\/p>\n","protected":false},"excerpt":{"rendered":"<p>Ish-presidentja, Vjosa Osmani n\u00ebp\u00ebrmjet nj\u00eb video t\u00eb publikuar n\u00eb Facebook&nbsp;ka th\u00ebn\u00eb se ka njer\u00ebz brenda politik\u00ebs q\u00eb po ankohen se p\u00ebrse po takohem me qytetaret e vendit. Osmani ka theksuar&nbsp;se ka t\u00eb till\u00eb q\u00eb po dezinformojn\u00eb se nj\u00eb gj\u00eb t\u00eb till\u00eb nuk e ka b\u00ebr\u00eb m\u00eb her\u00ebt. Ajo, ka deklaruar se gjat\u00eb pes\u00eb viteve si [&hellip;]<\/p>\n","protected":false},"author":4,"featured_media":12682,"comment_status":"open","ping_status":"open","sticky":false,"template":"","format":"standard","meta":{"footnotes":""},"categories":[31,30],"tags":[],"class_list":{"0":"post-12681","1":"post","2":"type-post","3":"status-publish","4":"format-standard","5":"has-post-thumbnail","7":"category-kosove","8":"category-lajme"},"yoast_head":"<!-- This site is optimized with the Yoast SEO plugin v27.4 - https:\/\/yoast.com\/product\/yoast-seo-wordpress\/ -->\n<title>Osmani: Takimet me qytetar\u00ebt kan\u00eb qen\u00eb t\u00eb vazhdueshme gjat\u00eb mandatit tim - Kosova Times<\/title>\n<meta name=\"robots\" content=\"index, follow, max-snippet:-1, max-image-preview:large, max-video-preview:-1\" \/>\n<link rel=\"canonical\" href=\"https:\/\/kosovatimes.info\/index.php\/2026\/04\/30\/osmani-takimet-me-qytetaret-kane-qene-te-vazhdueshme-gjate-mandatit-tim\/\" \/>\n<meta property=\"og:locale\" content=\"en_US\" \/>\n<meta property=\"og:type\" content=\"article\" \/>\n<meta property=\"og:title\" content=\"Osmani: Takimet me qytetar\u00ebt kan\u00eb qen\u00eb t\u00eb vazhdueshme gjat\u00eb mandatit tim - Kosova Times\" \/>\n<meta property=\"og:description\" content=\"Ish-presidentja, Vjosa Osmani n\u00ebp\u00ebrmjet nj\u00eb video t\u00eb publikuar n\u00eb Facebook&nbsp;ka th\u00ebn\u00eb se ka njer\u00ebz brenda politik\u00ebs q\u00eb po ankohen se p\u00ebrse po takohem me qytetaret e vendit. Osmani ka theksuar&nbsp;se ka t\u00eb till\u00eb q\u00eb po dezinformojn\u00eb se nj\u00eb gj\u00eb t\u00eb till\u00eb nuk e ka b\u00ebr\u00eb m\u00eb her\u00ebt. Ajo, ka deklaruar se gjat\u00eb pes\u00eb viteve si [&hellip;]\" \/>\n<meta property=\"og:url\" content=\"https:\/\/kosovatimes.info\/index.php\/2026\/04\/30\/osmani-takimet-me-qytetaret-kane-qene-te-vazhdueshme-gjate-mandatit-tim\/\" \/>\n<meta property=\"og:site_name\" content=\"Kosova Times\" \/>\n<meta property=\"article:published_time\" content=\"2026-04-30T21:51:00+00:00\" \/>\n<meta property=\"og:image\" content=\"https:\/\/kosovatimes.info\/wp-content\/uploads\/2026\/04\/Osmani-11.jpg\" \/>\n\t<meta property=\"og:image:width\" content=\"780\" \/>\n\t<meta property=\"og:image:height\" content=\"500\" \/>\n\t<meta property=\"og:image:type\" content=\"image\/jpeg\" \/>\n<meta name=\"author\" content=\"i l\" \/>\n<meta name=\"twitter:card\" content=\"summary_large_image\" \/>\n<meta name=\"twitter:label1\" content=\"Written by\" \/>\n\t<meta name=\"twitter:data1\" content=\"i l\" \/>\n\t<meta name=\"twitter:label2\" content=\"Est. reading time\" \/>\n\t<meta name=\"twitter:data2\" content=\"1 minute\" \/>\n<script type=\"application\/ld+json\" class=\"yoast-schema-graph\">{\"@context\":\"https:\\\/\\\/schema.org\",\"@graph\":[{\"@type\":\"Article\",\"@id\":\"https:\\\/\\\/kosovatimes.info\\\/index.php\\\/2026\\\/04\\\/30\\\/osmani-takimet-me-qytetaret-kane-qene-te-vazhdueshme-gjate-mandatit-tim\\\/#article\",\"isPartOf\":{\"@id\":\"https:\\\/\\\/kosovatimes.info\\\/index.php\\\/2026\\\/04\\\/30\\\/osmani-takimet-me-qytetaret-kane-qene-te-vazhdueshme-gjate-mandatit-tim\\\/\"},\"author\":{\"name\":\"i l\",\"@id\":\"https:\\\/\\\/kosovatimes.info\\\/#\\\/schema\\\/person\\\/7586712b9c512fe68085de007378c915\"},\"headline\":\"Osmani: Takimet me qytetar\u00ebt kan\u00eb qen\u00eb t\u00eb vazhdueshme gjat\u00eb mandatit tim\",\"datePublished\":\"2026-04-30T21:51:00+00:00\",\"mainEntityOfPage\":{\"@id\":\"https:\\\/\\\/kosovatimes.info\\\/index.php\\\/2026\\\/04\\\/30\\\/osmani-takimet-me-qytetaret-kane-qene-te-vazhdueshme-gjate-mandatit-tim\\\/\"},\"wordCount\":205,\"commentCount\":0,\"image\":{\"@id\":\"https:\\\/\\\/kosovatimes.info\\\/index.php\\\/2026\\\/04\\\/30\\\/osmani-takimet-me-qytetaret-kane-qene-te-vazhdueshme-gjate-mandatit-tim\\\/#primaryimage\"},\"thumbnailUrl\":\"https:\\\/\\\/kosovatimes.info\\\/wp-content\\\/uploads\\\/2026\\\/04\\\/Osmani-11.jpg\",\"articleSection\":[\"Kosov\u00eb\",\"Lajme\"],\"inLanguage\":\"en-US\",\"potentialAction\":[{\"@type\":\"CommentAction\",\"name\":\"Comment\",\"target\":[\"https:\\\/\\\/kosovatimes.info\\\/index.php\\\/2026\\\/04\\\/30\\\/osmani-takimet-me-qytetaret-kane-qene-te-vazhdueshme-gjate-mandatit-tim\\\/#respond\"]}]},{\"@type\":\"WebPage\",\"@id\":\"https:\\\/\\\/kosovatimes.info\\\/index.php\\\/2026\\\/04\\\/30\\\/osmani-takimet-me-qytetaret-kane-qene-te-vazhdueshme-gjate-mandatit-tim\\\/\",\"url\":\"https:\\\/\\\/kosovatimes.info\\\/index.php\\\/2026\\\/04\\\/30\\\/osmani-takimet-me-qytetaret-kane-qene-te-vazhdueshme-gjate-mandatit-tim\\\/\",\"name\":\"Osmani: Takimet me qytetar\u00ebt kan\u00eb qen\u00eb t\u00eb vazhdueshme gjat\u00eb mandatit tim - Kosova Times\",\"isPartOf\":{\"@id\":\"https:\\\/\\\/kosovatimes.info\\\/#website\"},\"primaryImageOfPage\":{\"@id\":\"https:\\\/\\\/kosovatimes.info\\\/index.php\\\/2026\\\/04\\\/30\\\/osmani-takimet-me-qytetaret-kane-qene-te-vazhdueshme-gjate-mandatit-tim\\\/#primaryimage\"},\"image\":{\"@id\":\"https:\\\/\\\/kosovatimes.info\\\/index.php\\\/2026\\\/04\\\/30\\\/osmani-takimet-me-qytetaret-kane-qene-te-vazhdueshme-gjate-mandatit-tim\\\/#primaryimage\"},\"thumbnailUrl\":\"https:\\\/\\\/kosovatimes.info\\\/wp-content\\\/uploads\\\/2026\\\/04\\\/Osmani-11.jpg\",\"datePublished\":\"2026-04-30T21:51:00+00:00\",\"author\":{\"@id\":\"https:\\\/\\\/kosovatimes.info\\\/#\\\/schema\\\/person\\\/7586712b9c512fe68085de007378c915\"},\"breadcrumb\":{\"@id\":\"https:\\\/\\\/kosovatimes.info\\\/index.php\\\/2026\\\/04\\\/30\\\/osmani-takimet-me-qytetaret-kane-qene-te-vazhdueshme-gjate-mandatit-tim\\\/#breadcrumb\"},\"inLanguage\":\"en-US\",\"potentialAction\":[{\"@type\":\"ReadAction\",\"target\":[\"https:\\\/\\\/kosovatimes.info\\\/index.php\\\/2026\\\/04\\\/30\\\/osmani-takimet-me-qytetaret-kane-qene-te-vazhdueshme-gjate-mandatit-tim\\\/\"]}]},{\"@type\":\"ImageObject\",\"inLanguage\":\"en-US\",\"@id\":\"https:\\\/\\\/kosovatimes.info\\\/index.php\\\/2026\\\/04\\\/30\\\/osmani-takimet-me-qytetaret-kane-qene-te-vazhdueshme-gjate-mandatit-tim\\\/#primaryimage\",\"url\":\"https:\\\/\\\/kosovatimes.info\\\/wp-content\\\/uploads\\\/2026\\\/04\\\/Osmani-11.jpg\",\"contentUrl\":\"https:\\\/\\\/kosovatimes.info\\\/wp-content\\\/uploads\\\/2026\\\/04\\\/Osmani-11.jpg\",\"width\":780,\"height\":500},{\"@type\":\"BreadcrumbList\",\"@id\":\"https:\\\/\\\/kosovatimes.info\\\/index.php\\\/2026\\\/04\\\/30\\\/osmani-takimet-me-qytetaret-kane-qene-te-vazhdueshme-gjate-mandatit-tim\\\/#breadcrumb\",\"itemListElement\":[{\"@type\":\"ListItem\",\"position\":1,\"name\":\"Home\",\"item\":\"https:\\\/\\\/kosovatimes.info\\\/\"},{\"@type\":\"ListItem\",\"position\":2,\"name\":\"Osmani: Takimet me qytetar\u00ebt kan\u00eb qen\u00eb t\u00eb vazhdueshme gjat\u00eb mandatit tim\"}]},{\"@type\":\"WebSite\",\"@id\":\"https:\\\/\\\/kosovatimes.info\\\/#website\",\"url\":\"https:\\\/\\\/kosovatimes.info\\\/\",\"name\":\"Kosova Times\",\"description\":\"\",\"potentialAction\":[{\"@type\":\"SearchAction\",\"target\":{\"@type\":\"EntryPoint\",\"urlTemplate\":\"https:\\\/\\\/kosovatimes.info\\\/?s={search_term_string}\"},\"query-input\":{\"@type\":\"PropertyValueSpecification\",\"valueRequired\":true,\"valueName\":\"search_term_string\"}}],\"inLanguage\":\"en-US\"},{\"@type\":\"Person\",\"@id\":\"https:\\\/\\\/kosovatimes.info\\\/#\\\/schema\\\/person\\\/7586712b9c512fe68085de007378c915\",\"name\":\"i l\",\"image\":{\"@type\":\"ImageObject\",\"inLanguage\":\"en-US\",\"@id\":\"https:\\\/\\\/secure.gravatar.com\\\/avatar\\\/bad9296e02816160ae2e2435beda58222022298d5625d49fea74d18816fbb31d?s=96&d=mm&r=g\",\"url\":\"https:\\\/\\\/secure.gravatar.com\\\/avatar\\\/bad9296e02816160ae2e2435beda58222022298d5625d49fea74d18816fbb31d?s=96&d=mm&r=g\",\"contentUrl\":\"https:\\\/\\\/secure.gravatar.com\\\/avatar\\\/bad9296e02816160ae2e2435beda58222022298d5625d49fea74d18816fbb31d?s=96&d=mm&r=g\",\"caption\":\"i l\"},\"url\":\"https:\\\/\\\/kosovatimes.info\\\/index.php\\\/author\\\/iliri\\\/\"}]}<\/script>\n<!-- \/ Yoast SEO plugin. -->","yoast_head_json":{"title":"Osmani: Takimet me qytetar\u00ebt kan\u00eb qen\u00eb t\u00eb vazhdueshme gjat\u00eb mandatit tim - Kosova Times","robots":{"index":"index","follow":"follow","max-snippet":"max-snippet:-1","max-image-preview":"max-image-preview:large","max-video-preview":"max-video-preview:-1"},"canonical":"https:\/\/kosovatimes.info\/index.php\/2026\/04\/30\/osmani-takimet-me-qytetaret-kane-qene-te-vazhdueshme-gjate-mandatit-tim\/","og_locale":"en_US","og_type":"article","og_title":"Osmani: Takimet me qytetar\u00ebt kan\u00eb qen\u00eb t\u00eb vazhdueshme gjat\u00eb mandatit tim - Kosova Times","og_description":"Ish-presidentja, Vjosa Osmani n\u00ebp\u00ebrmjet nj\u00eb video t\u00eb publikuar n\u00eb Facebook&nbsp;ka th\u00ebn\u00eb se ka njer\u00ebz brenda politik\u00ebs q\u00eb po ankohen se p\u00ebrse po takohem me qytetaret e vendit. Osmani ka theksuar&nbsp;se ka t\u00eb till\u00eb q\u00eb po dezinformojn\u00eb se nj\u00eb gj\u00eb t\u00eb till\u00eb nuk e ka b\u00ebr\u00eb m\u00eb her\u00ebt. Ajo, ka deklaruar se gjat\u00eb pes\u00eb viteve si [&hellip;]","og_url":"https:\/\/kosovatimes.info\/index.php\/2026\/04\/30\/osmani-takimet-me-qytetaret-kane-qene-te-vazhdueshme-gjate-mandatit-tim\/","og_site_name":"Kosova Times","article_published_time":"2026-04-30T21:51:00+00:00","og_image":[{"width":780,"height":500,"url":"https:\/\/kosovatimes.info\/wp-content\/uploads\/2026\/04\/Osmani-11.jpg","type":"image\/jpeg"}],"author":"i l","twitter_card":"summary_large_image","twitter_misc":{"Written by":"i l","Est. reading time":"1 minute"},"schema":{"@context":"https:\/\/schema.org","@graph":[{"@type":"Article","@id":"https:\/\/kosovatimes.info\/index.php\/2026\/04\/30\/osmani-takimet-me-qytetaret-kane-qene-te-vazhdueshme-gjate-mandatit-tim\/#article","isPartOf":{"@id":"https:\/\/kosovatimes.info\/index.php\/2026\/04\/30\/osmani-takimet-me-qytetaret-kane-qene-te-vazhdueshme-gjate-mandatit-tim\/"},"author":{"name":"i l","@id":"https:\/\/kosovatimes.info\/#\/schema\/person\/7586712b9c512fe68085de007378c915"},"headline":"Osmani: Takimet me qytetar\u00ebt kan\u00eb qen\u00eb t\u00eb vazhdueshme gjat\u00eb mandatit tim","datePublished":"2026-04-30T21:51:00+00:00","mainEntityOfPage":{"@id":"https:\/\/kosovatimes.info\/index.php\/2026\/04\/30\/osmani-takimet-me-qytetaret-kane-qene-te-vazhdueshme-gjate-mandatit-tim\/"},"wordCount":205,"commentCount":0,"image":{"@id":"https:\/\/kosovatimes.info\/index.php\/2026\/04\/30\/osmani-takimet-me-qytetaret-kane-qene-te-vazhdueshme-gjate-mandatit-tim\/#primaryimage"},"thumbnailUrl":"https:\/\/kosovatimes.info\/wp-content\/uploads\/2026\/04\/Osmani-11.jpg","articleSection":["Kosov\u00eb","Lajme"],"inLanguage":"en-US","potentialAction":[{"@type":"CommentAction","name":"Comment","target":["https:\/\/kosovatimes.info\/index.php\/2026\/04\/30\/osmani-takimet-me-qytetaret-kane-qene-te-vazhdueshme-gjate-mandatit-tim\/#respond"]}]},{"@type":"WebPage","@id":"https:\/\/kosovatimes.info\/index.php\/2026\/04\/30\/osmani-takimet-me-qytetaret-kane-qene-te-vazhdueshme-gjate-mandatit-tim\/","url":"https:\/\/kosovatimes.info\/index.php\/2026\/04\/30\/osmani-takimet-me-qytetaret-kane-qene-te-vazhdueshme-gjate-mandatit-tim\/","name":"Osmani: Takimet me qytetar\u00ebt kan\u00eb qen\u00eb t\u00eb vazhdueshme gjat\u00eb mandatit tim - Kosova Times","isPartOf":{"@id":"https:\/\/kosovatimes.info\/#website"},"primaryImageOfPage":{"@id":"https:\/\/kosovatimes.info\/index.php\/2026\/04\/30\/osmani-takimet-me-qytetaret-kane-qene-te-vazhdueshme-gjate-mandatit-tim\/#primaryimage"},"image":{"@id":"https:\/\/kosovatimes.info\/index.php\/2026\/04\/30\/osmani-takimet-me-qytetaret-kane-qene-te-vazhdueshme-gjate-mandatit-tim\/#primaryimage"},"thumbnailUrl":"https:\/\/kosovatimes.info\/wp-content\/uploads\/2026\/04\/Osmani-11.jpg","datePublished":"2026-04-30T21:51:00+00:00","author":{"@id":"https:\/\/kosovatimes.info\/#\/schema\/person\/7586712b9c512fe68085de007378c915"},"breadcrumb":{"@id":"https:\/\/kosovatimes.info\/index.php\/2026\/04\/30\/osmani-takimet-me-qytetaret-kane-qene-te-vazhdueshme-gjate-mandatit-tim\/#breadcrumb"},"inLanguage":"en-US","potentialAction":[{"@type":"ReadAction","target":["https:\/\/kosovatimes.info\/index.php\/2026\/04\/30\/osmani-takimet-me-qytetaret-kane-qene-te-vazhdueshme-gjate-mandatit-tim\/"]}]},{"@type":"ImageObject","inLanguage":"en-US","@id":"https:\/\/kosovatimes.info\/index.php\/2026\/04\/30\/osmani-takimet-me-qytetaret-kane-qene-te-vazhdueshme-gjate-mandatit-tim\/#primaryimage","url":"https:\/\/kosovatimes.info\/wp-content\/uploads\/2026\/04\/Osmani-11.jpg","contentUrl":"https:\/\/kosovatimes.info\/wp-content\/uploads\/2026\/04\/Osmani-11.jpg","width":780,"height":500},{"@type":"BreadcrumbList","@id":"https:\/\/kosovatimes.info\/index.php\/2026\/04\/30\/osmani-takimet-me-qytetaret-kane-qene-te-vazhdueshme-gjate-mandatit-tim\/#breadcrumb","itemListElement":[{"@type":"ListItem","position":1,"name":"Home","item":"https:\/\/kosovatimes.info\/"},{"@type":"ListItem","position":2,"name":"Osmani: Takimet me qytetar\u00ebt kan\u00eb qen\u00eb t\u00eb vazhdueshme gjat\u00eb mandatit tim"}]},{"@type":"WebSite","@id":"https:\/\/kosovatimes.info\/#website","url":"https:\/\/kosovatimes.info\/","name":"Kosova Times","description":"","potentialAction":[{"@type":"SearchAction","target":{"@type":"EntryPoint","urlTemplate":"https:\/\/kosovatimes.info\/?s={search_term_string}"},"query-input":{"@type":"PropertyValueSpecification","valueRequired":true,"valueName":"search_term_string"}}],"inLanguage":"en-US"},{"@type":"Person","@id":"https:\/\/kosovatimes.info\/#\/schema\/person\/7586712b9c512fe68085de007378c915","name":"i l","image":{"@type":"ImageObject","inLanguage":"en-US","@id":"https:\/\/secure.gravatar.com\/avatar\/bad9296e02816160ae2e2435beda58222022298d5625d49fea74d18816fbb31d?s=96&d=mm&r=g","url":"https:\/\/secure.gravatar.com\/avatar\/bad9296e02816160ae2e2435beda58222022298d5625d49fea74d18816fbb31d?s=96&d=mm&r=g","contentUrl":"https:\/\/secure.gravatar.com\/avatar\/bad9296e02816160ae2e2435beda58222022298d5625d49fea74d18816fbb31d?s=96&d=mm&r=g","caption":"i l"},"url":"https:\/\/kosovatimes.info\/index.php\/author\/iliri\/"}]}},"_links":{"self":[{"href":"https:\/\/kosovatimes.info\/index.php\/wp-json\/wp\/v2\/posts\/12681","targetHints":{"allow":["GET"]}}],"collection":[{"href":"https:\/\/kosovatimes.info\/index.php\/wp-json\/wp\/v2\/posts"}],"about":[{"href":"https:\/\/kosovatimes.info\/index.php\/wp-json\/wp\/v2\/types\/post"}],"author":[{"embeddable":true,"href":"https:\/\/kosovatimes.info\/index.php\/wp-json\/wp\/v2\/users\/4"}],"replies":[{"embeddable":true,"href":"https:\/\/kosovatimes.info\/index.php\/wp-json\/wp\/v2\/comments?post=12681"}],"version-history":[{"count":1,"href":"https:\/\/kosovatimes.info\/index.php\/wp-json\/wp\/v2\/posts\/12681\/revisions"}],"predecessor-version":[{"id":12683,"href":"https:\/\/kosovatimes.info\/index.php\/wp-json\/wp\/v2\/posts\/12681\/revisions\/12683"}],"wp:featuredmedia":[{"embeddable":true,"href":"https:\/\/kosovatimes.info\/index.php\/wp-json\/wp\/v2\/media\/12682"}],"wp:attachment":[{"href":"https:\/\/kosovatimes.info\/index.php\/wp-json\/wp\/v2\/media?parent=12681"}],"wp:term":[{"taxonomy":"category","embeddable":true,"href":"https:\/\/kosovatimes.info\/index.php\/wp-json\/wp\/v2\/categories?post=12681"},{"taxonomy":"post_tag","embeddable":true,"href":"https:\/\/kosovatimes.info\/index.php\/wp-json\/wp\/v2\/tags?post=12681"}],"curies":[{"name":"wp","href":"https:\/\/api.w.org\/{rel}","templated":true}]}}