{"id":12684,"date":"2026-04-30T23:59:00","date_gmt":"2026-04-30T21:59:00","guid":{"rendered":"https:\/\/kosovatimes.info\/?p=12684"},"modified":"2026-04-30T13:19:43","modified_gmt":"2026-04-30T11:19:43","slug":"akr-rikthehet-ne-aktivitet-politik-pas-heqjes-se-pezullimit-nga-kqz","status":"publish","type":"post","link":"https:\/\/kosovatimes.info\/index.php\/2026\/04\/30\/akr-rikthehet-ne-aktivitet-politik-pas-heqjes-se-pezullimit-nga-kqz\/","title":{"rendered":"AKR rikthehet n\u00eb aktivitet politik pas heqjes s\u00eb pezullimit nga KQZ"},"content":{"rendered":"\n<p><strong>Komisioni Qendror i Zgjedhjeve (KQZ) ka hequr mas\u00ebn e pezullimit ndaj Aleanc\u00ebs Kosova e Re (AKR), pasi subjekti politik, sipas njoftimit, ka p\u00ebrmbushur t\u00eb gjitha obligimet ligjore brenda afatit t\u00eb k\u00ebrkuar.<\/strong><\/p>\n\n\n\n<p>Sipas informacionit t\u00eb publikuar nga Zyra p\u00ebr Regjistrim, Certifikim dhe Kontrollin Financiar t\u00eb Subjekteve Politike, masa e pezullimit ishte vendosur m\u00eb 12 mars 2026, nd\u00ebrsa u shfuqizua pasi AKR mbajti Kuvendin Zgjedhor dhe p\u00ebrmbushi k\u00ebrkesat procedurale brenda 45 dit\u00ebve t\u00eb p\u00ebrcaktuara.<\/p>\n\n\n\n<p>N\u00eb reagimin e saj, AKR e cil\u00ebsoi k\u00ebt\u00eb vendim si zhvillim pozitiv p\u00ebr organizimin e brendsh\u00ebm dhe aktivitetin politik t\u00eb partis\u00eb. \u201cAKR e konsideron k\u00ebt\u00eb zhvillim si nj\u00eb hap t\u00eb r\u00ebnd\u00ebsish\u00ebm drejt konsolidimit t\u00eb m\u00ebtejsh\u00ebm institucional dhe politik t\u00eb subjektit ton\u00eb\u201d, thuhet n\u00eb njoftim.<\/p>\n\n\n\n<p>Partia gjithashtu thekson se mbetet e p\u00ebrkushtuar ndaj ligjit dhe transparenc\u00ebs: \u201cNe mbetemi t\u00eb p\u00ebrkushtuar p\u00ebr funksionim transparent, respektim t\u00eb ligjit dhe p\u00ebrfaq\u00ebsim dinjitoz t\u00eb qytetar\u00ebve t\u00eb Republik\u00ebs s\u00eb Kosov\u00ebs.\u201d<\/p>\n\n\n\n<p>Sipas AKR-s\u00eb, strukturat e reja t\u00eb dala nga Kuvendi Zgjedhor do t\u00eb nisin menj\u00ebher\u00eb pun\u00ebn p\u00ebr forcimin e partis\u00eb dhe p\u00ebrgatitjet p\u00ebr sfidat politike n\u00eb vijim. Po ashtu, partia fal\u00ebnderoi an\u00ebtar\u00ebt dhe mb\u00ebshtet\u00ebsit p\u00ebr durimin gjat\u00eb periudh\u00ebs s\u00eb pezullimit, duke shtuar se do t\u00eb vazhdoj\u00eb \u201cme nj\u00eb energji t\u00eb re dhe vizion t\u00eb qart\u00eb p\u00ebr t\u00eb ardhmen.\u201d<\/p>\n","protected":false},"excerpt":{"rendered":"<p>Komisioni Qendror i Zgjedhjeve (KQZ) ka hequr mas\u00ebn e pezullimit ndaj Aleanc\u00ebs Kosova e Re (AKR), pasi subjekti politik, sipas njoftimit, ka p\u00ebrmbushur t\u00eb gjitha obligimet ligjore brenda afatit t\u00eb k\u00ebrkuar. Sipas informacionit t\u00eb publikuar nga Zyra p\u00ebr Regjistrim, Certifikim dhe Kontrollin Financiar t\u00eb Subjekteve Politike, masa e pezullimit ishte vendosur m\u00eb 12 mars 2026, [&hellip;]<\/p>\n","protected":false},"author":4,"featured_media":12685,"comment_status":"open","ping_status":"open","sticky":false,"template":"","format":"standard","meta":{"footnotes":""},"categories":[31,30],"tags":[],"class_list":{"0":"post-12684","1":"post","2":"type-post","3":"status-publish","4":"format-standard","5":"has-post-thumbnail","7":"category-kosove","8":"category-lajme"},"yoast_head":"<!-- This site is optimized with the Yoast SEO plugin v27.4 - https:\/\/yoast.com\/product\/yoast-seo-wordpress\/ -->\n<title>AKR rikthehet n\u00eb aktivitet politik pas heqjes s\u00eb pezullimit nga KQZ - Kosova Times<\/title>\n<meta name=\"robots\" content=\"index, follow, max-snippet:-1, max-image-preview:large, max-video-preview:-1\" \/>\n<link rel=\"canonical\" href=\"https:\/\/kosovatimes.info\/index.php\/2026\/04\/30\/akr-rikthehet-ne-aktivitet-politik-pas-heqjes-se-pezullimit-nga-kqz\/\" \/>\n<meta property=\"og:locale\" content=\"en_US\" \/>\n<meta property=\"og:type\" content=\"article\" \/>\n<meta property=\"og:title\" content=\"AKR rikthehet n\u00eb aktivitet politik pas heqjes s\u00eb pezullimit nga KQZ - Kosova Times\" \/>\n<meta property=\"og:description\" content=\"Komisioni Qendror i Zgjedhjeve (KQZ) ka hequr mas\u00ebn e pezullimit ndaj Aleanc\u00ebs Kosova e Re (AKR), pasi subjekti politik, sipas njoftimit, ka p\u00ebrmbushur t\u00eb gjitha obligimet ligjore brenda afatit t\u00eb k\u00ebrkuar. Sipas informacionit t\u00eb publikuar nga Zyra p\u00ebr Regjistrim, Certifikim dhe Kontrollin Financiar t\u00eb Subjekteve Politike, masa e pezullimit ishte vendosur m\u00eb 12 mars 2026, [&hellip;]\" \/>\n<meta property=\"og:url\" content=\"https:\/\/kosovatimes.info\/index.php\/2026\/04\/30\/akr-rikthehet-ne-aktivitet-politik-pas-heqjes-se-pezullimit-nga-kqz\/\" \/>\n<meta property=\"og:site_name\" content=\"Kosova Times\" \/>\n<meta property=\"article:published_time\" content=\"2026-04-30T21:59:00+00:00\" \/>\n<meta property=\"og:image\" content=\"https:\/\/kosovatimes.info\/wp-content\/uploads\/2026\/04\/AKR.jpg\" \/>\n\t<meta property=\"og:image:width\" content=\"780\" \/>\n\t<meta property=\"og:image:height\" content=\"500\" \/>\n\t<meta property=\"og:image:type\" content=\"image\/jpeg\" \/>\n<meta name=\"author\" content=\"i l\" \/>\n<meta name=\"twitter:card\" content=\"summary_large_image\" \/>\n<meta name=\"twitter:label1\" content=\"Written by\" \/>\n\t<meta name=\"twitter:data1\" content=\"i l\" \/>\n\t<meta name=\"twitter:label2\" content=\"Est. reading time\" \/>\n\t<meta name=\"twitter:data2\" content=\"2 minutes\" \/>\n<script type=\"application\/ld+json\" class=\"yoast-schema-graph\">{\"@context\":\"https:\\\/\\\/schema.org\",\"@graph\":[{\"@type\":\"Article\",\"@id\":\"https:\\\/\\\/kosovatimes.info\\\/index.php\\\/2026\\\/04\\\/30\\\/akr-rikthehet-ne-aktivitet-politik-pas-heqjes-se-pezullimit-nga-kqz\\\/#article\",\"isPartOf\":{\"@id\":\"https:\\\/\\\/kosovatimes.info\\\/index.php\\\/2026\\\/04\\\/30\\\/akr-rikthehet-ne-aktivitet-politik-pas-heqjes-se-pezullimit-nga-kqz\\\/\"},\"author\":{\"name\":\"i l\",\"@id\":\"https:\\\/\\\/kosovatimes.info\\\/#\\\/schema\\\/person\\\/7586712b9c512fe68085de007378c915\"},\"headline\":\"AKR rikthehet n\u00eb aktivitet politik pas heqjes s\u00eb pezullimit nga KQZ\",\"datePublished\":\"2026-04-30T21:59:00+00:00\",\"mainEntityOfPage\":{\"@id\":\"https:\\\/\\\/kosovatimes.info\\\/index.php\\\/2026\\\/04\\\/30\\\/akr-rikthehet-ne-aktivitet-politik-pas-heqjes-se-pezullimit-nga-kqz\\\/\"},\"wordCount\":253,\"commentCount\":0,\"image\":{\"@id\":\"https:\\\/\\\/kosovatimes.info\\\/index.php\\\/2026\\\/04\\\/30\\\/akr-rikthehet-ne-aktivitet-politik-pas-heqjes-se-pezullimit-nga-kqz\\\/#primaryimage\"},\"thumbnailUrl\":\"https:\\\/\\\/kosovatimes.info\\\/wp-content\\\/uploads\\\/2026\\\/04\\\/AKR.jpg\",\"articleSection\":[\"Kosov\u00eb\",\"Lajme\"],\"inLanguage\":\"en-US\",\"potentialAction\":[{\"@type\":\"CommentAction\",\"name\":\"Comment\",\"target\":[\"https:\\\/\\\/kosovatimes.info\\\/index.php\\\/2026\\\/04\\\/30\\\/akr-rikthehet-ne-aktivitet-politik-pas-heqjes-se-pezullimit-nga-kqz\\\/#respond\"]}]},{\"@type\":\"WebPage\",\"@id\":\"https:\\\/\\\/kosovatimes.info\\\/index.php\\\/2026\\\/04\\\/30\\\/akr-rikthehet-ne-aktivitet-politik-pas-heqjes-se-pezullimit-nga-kqz\\\/\",\"url\":\"https:\\\/\\\/kosovatimes.info\\\/index.php\\\/2026\\\/04\\\/30\\\/akr-rikthehet-ne-aktivitet-politik-pas-heqjes-se-pezullimit-nga-kqz\\\/\",\"name\":\"AKR rikthehet n\u00eb aktivitet politik pas heqjes s\u00eb pezullimit nga KQZ - Kosova Times\",\"isPartOf\":{\"@id\":\"https:\\\/\\\/kosovatimes.info\\\/#website\"},\"primaryImageOfPage\":{\"@id\":\"https:\\\/\\\/kosovatimes.info\\\/index.php\\\/2026\\\/04\\\/30\\\/akr-rikthehet-ne-aktivitet-politik-pas-heqjes-se-pezullimit-nga-kqz\\\/#primaryimage\"},\"image\":{\"@id\":\"https:\\\/\\\/kosovatimes.info\\\/index.php\\\/2026\\\/04\\\/30\\\/akr-rikthehet-ne-aktivitet-politik-pas-heqjes-se-pezullimit-nga-kqz\\\/#primaryimage\"},\"thumbnailUrl\":\"https:\\\/\\\/kosovatimes.info\\\/wp-content\\\/uploads\\\/2026\\\/04\\\/AKR.jpg\",\"datePublished\":\"2026-04-30T21:59:00+00:00\",\"author\":{\"@id\":\"https:\\\/\\\/kosovatimes.info\\\/#\\\/schema\\\/person\\\/7586712b9c512fe68085de007378c915\"},\"breadcrumb\":{\"@id\":\"https:\\\/\\\/kosovatimes.info\\\/index.php\\\/2026\\\/04\\\/30\\\/akr-rikthehet-ne-aktivitet-politik-pas-heqjes-se-pezullimit-nga-kqz\\\/#breadcrumb\"},\"inLanguage\":\"en-US\",\"potentialAction\":[{\"@type\":\"ReadAction\",\"target\":[\"https:\\\/\\\/kosovatimes.info\\\/index.php\\\/2026\\\/04\\\/30\\\/akr-rikthehet-ne-aktivitet-politik-pas-heqjes-se-pezullimit-nga-kqz\\\/\"]}]},{\"@type\":\"ImageObject\",\"inLanguage\":\"en-US\",\"@id\":\"https:\\\/\\\/kosovatimes.info\\\/index.php\\\/2026\\\/04\\\/30\\\/akr-rikthehet-ne-aktivitet-politik-pas-heqjes-se-pezullimit-nga-kqz\\\/#primaryimage\",\"url\":\"https:\\\/\\\/kosovatimes.info\\\/wp-content\\\/uploads\\\/2026\\\/04\\\/AKR.jpg\",\"contentUrl\":\"https:\\\/\\\/kosovatimes.info\\\/wp-content\\\/uploads\\\/2026\\\/04\\\/AKR.jpg\",\"width\":780,\"height\":500},{\"@type\":\"BreadcrumbList\",\"@id\":\"https:\\\/\\\/kosovatimes.info\\\/index.php\\\/2026\\\/04\\\/30\\\/akr-rikthehet-ne-aktivitet-politik-pas-heqjes-se-pezullimit-nga-kqz\\\/#breadcrumb\",\"itemListElement\":[{\"@type\":\"ListItem\",\"position\":1,\"name\":\"Home\",\"item\":\"https:\\\/\\\/kosovatimes.info\\\/\"},{\"@type\":\"ListItem\",\"position\":2,\"name\":\"AKR rikthehet n\u00eb aktivitet politik pas heqjes s\u00eb pezullimit nga KQZ\"}]},{\"@type\":\"WebSite\",\"@id\":\"https:\\\/\\\/kosovatimes.info\\\/#website\",\"url\":\"https:\\\/\\\/kosovatimes.info\\\/\",\"name\":\"Kosova Times\",\"description\":\"\",\"potentialAction\":[{\"@type\":\"SearchAction\",\"target\":{\"@type\":\"EntryPoint\",\"urlTemplate\":\"https:\\\/\\\/kosovatimes.info\\\/?s={search_term_string}\"},\"query-input\":{\"@type\":\"PropertyValueSpecification\",\"valueRequired\":true,\"valueName\":\"search_term_string\"}}],\"inLanguage\":\"en-US\"},{\"@type\":\"Person\",\"@id\":\"https:\\\/\\\/kosovatimes.info\\\/#\\\/schema\\\/person\\\/7586712b9c512fe68085de007378c915\",\"name\":\"i l\",\"image\":{\"@type\":\"ImageObject\",\"inLanguage\":\"en-US\",\"@id\":\"https:\\\/\\\/secure.gravatar.com\\\/avatar\\\/bad9296e02816160ae2e2435beda58222022298d5625d49fea74d18816fbb31d?s=96&d=mm&r=g\",\"url\":\"https:\\\/\\\/secure.gravatar.com\\\/avatar\\\/bad9296e02816160ae2e2435beda58222022298d5625d49fea74d18816fbb31d?s=96&d=mm&r=g\",\"contentUrl\":\"https:\\\/\\\/secure.gravatar.com\\\/avatar\\\/bad9296e02816160ae2e2435beda58222022298d5625d49fea74d18816fbb31d?s=96&d=mm&r=g\",\"caption\":\"i l\"},\"url\":\"https:\\\/\\\/kosovatimes.info\\\/index.php\\\/author\\\/iliri\\\/\"}]}<\/script>\n<!-- \/ Yoast SEO plugin. -->","yoast_head_json":{"title":"AKR rikthehet n\u00eb aktivitet politik pas heqjes s\u00eb pezullimit nga KQZ - Kosova Times","robots":{"index":"index","follow":"follow","max-snippet":"max-snippet:-1","max-image-preview":"max-image-preview:large","max-video-preview":"max-video-preview:-1"},"canonical":"https:\/\/kosovatimes.info\/index.php\/2026\/04\/30\/akr-rikthehet-ne-aktivitet-politik-pas-heqjes-se-pezullimit-nga-kqz\/","og_locale":"en_US","og_type":"article","og_title":"AKR rikthehet n\u00eb aktivitet politik pas heqjes s\u00eb pezullimit nga KQZ - Kosova Times","og_description":"Komisioni Qendror i Zgjedhjeve (KQZ) ka hequr mas\u00ebn e pezullimit ndaj Aleanc\u00ebs Kosova e Re (AKR), pasi subjekti politik, sipas njoftimit, ka p\u00ebrmbushur t\u00eb gjitha obligimet ligjore brenda afatit t\u00eb k\u00ebrkuar. Sipas informacionit t\u00eb publikuar nga Zyra p\u00ebr Regjistrim, Certifikim dhe Kontrollin Financiar t\u00eb Subjekteve Politike, masa e pezullimit ishte vendosur m\u00eb 12 mars 2026, [&hellip;]","og_url":"https:\/\/kosovatimes.info\/index.php\/2026\/04\/30\/akr-rikthehet-ne-aktivitet-politik-pas-heqjes-se-pezullimit-nga-kqz\/","og_site_name":"Kosova Times","article_published_time":"2026-04-30T21:59:00+00:00","og_image":[{"width":780,"height":500,"url":"https:\/\/kosovatimes.info\/wp-content\/uploads\/2026\/04\/AKR.jpg","type":"image\/jpeg"}],"author":"i l","twitter_card":"summary_large_image","twitter_misc":{"Written by":"i l","Est. reading time":"2 minutes"},"schema":{"@context":"https:\/\/schema.org","@graph":[{"@type":"Article","@id":"https:\/\/kosovatimes.info\/index.php\/2026\/04\/30\/akr-rikthehet-ne-aktivitet-politik-pas-heqjes-se-pezullimit-nga-kqz\/#article","isPartOf":{"@id":"https:\/\/kosovatimes.info\/index.php\/2026\/04\/30\/akr-rikthehet-ne-aktivitet-politik-pas-heqjes-se-pezullimit-nga-kqz\/"},"author":{"name":"i l","@id":"https:\/\/kosovatimes.info\/#\/schema\/person\/7586712b9c512fe68085de007378c915"},"headline":"AKR rikthehet n\u00eb aktivitet politik pas heqjes s\u00eb pezullimit nga KQZ","datePublished":"2026-04-30T21:59:00+00:00","mainEntityOfPage":{"@id":"https:\/\/kosovatimes.info\/index.php\/2026\/04\/30\/akr-rikthehet-ne-aktivitet-politik-pas-heqjes-se-pezullimit-nga-kqz\/"},"wordCount":253,"commentCount":0,"image":{"@id":"https:\/\/kosovatimes.info\/index.php\/2026\/04\/30\/akr-rikthehet-ne-aktivitet-politik-pas-heqjes-se-pezullimit-nga-kqz\/#primaryimage"},"thumbnailUrl":"https:\/\/kosovatimes.info\/wp-content\/uploads\/2026\/04\/AKR.jpg","articleSection":["Kosov\u00eb","Lajme"],"inLanguage":"en-US","potentialAction":[{"@type":"CommentAction","name":"Comment","target":["https:\/\/kosovatimes.info\/index.php\/2026\/04\/30\/akr-rikthehet-ne-aktivitet-politik-pas-heqjes-se-pezullimit-nga-kqz\/#respond"]}]},{"@type":"WebPage","@id":"https:\/\/kosovatimes.info\/index.php\/2026\/04\/30\/akr-rikthehet-ne-aktivitet-politik-pas-heqjes-se-pezullimit-nga-kqz\/","url":"https:\/\/kosovatimes.info\/index.php\/2026\/04\/30\/akr-rikthehet-ne-aktivitet-politik-pas-heqjes-se-pezullimit-nga-kqz\/","name":"AKR rikthehet n\u00eb aktivitet politik pas heqjes s\u00eb pezullimit nga KQZ - Kosova Times","isPartOf":{"@id":"https:\/\/kosovatimes.info\/#website"},"primaryImageOfPage":{"@id":"https:\/\/kosovatimes.info\/index.php\/2026\/04\/30\/akr-rikthehet-ne-aktivitet-politik-pas-heqjes-se-pezullimit-nga-kqz\/#primaryimage"},"image":{"@id":"https:\/\/kosovatimes.info\/index.php\/2026\/04\/30\/akr-rikthehet-ne-aktivitet-politik-pas-heqjes-se-pezullimit-nga-kqz\/#primaryimage"},"thumbnailUrl":"https:\/\/kosovatimes.info\/wp-content\/uploads\/2026\/04\/AKR.jpg","datePublished":"2026-04-30T21:59:00+00:00","author":{"@id":"https:\/\/kosovatimes.info\/#\/schema\/person\/7586712b9c512fe68085de007378c915"},"breadcrumb":{"@id":"https:\/\/kosovatimes.info\/index.php\/2026\/04\/30\/akr-rikthehet-ne-aktivitet-politik-pas-heqjes-se-pezullimit-nga-kqz\/#breadcrumb"},"inLanguage":"en-US","potentialAction":[{"@type":"ReadAction","target":["https:\/\/kosovatimes.info\/index.php\/2026\/04\/30\/akr-rikthehet-ne-aktivitet-politik-pas-heqjes-se-pezullimit-nga-kqz\/"]}]},{"@type":"ImageObject","inLanguage":"en-US","@id":"https:\/\/kosovatimes.info\/index.php\/2026\/04\/30\/akr-rikthehet-ne-aktivitet-politik-pas-heqjes-se-pezullimit-nga-kqz\/#primaryimage","url":"https:\/\/kosovatimes.info\/wp-content\/uploads\/2026\/04\/AKR.jpg","contentUrl":"https:\/\/kosovatimes.info\/wp-content\/uploads\/2026\/04\/AKR.jpg","width":780,"height":500},{"@type":"BreadcrumbList","@id":"https:\/\/kosovatimes.info\/index.php\/2026\/04\/30\/akr-rikthehet-ne-aktivitet-politik-pas-heqjes-se-pezullimit-nga-kqz\/#breadcrumb","itemListElement":[{"@type":"ListItem","position":1,"name":"Home","item":"https:\/\/kosovatimes.info\/"},{"@type":"ListItem","position":2,"name":"AKR rikthehet n\u00eb aktivitet politik pas heqjes s\u00eb pezullimit nga KQZ"}]},{"@type":"WebSite","@id":"https:\/\/kosovatimes.info\/#website","url":"https:\/\/kosovatimes.info\/","name":"Kosova Times","description":"","potentialAction":[{"@type":"SearchAction","target":{"@type":"EntryPoint","urlTemplate":"https:\/\/kosovatimes.info\/?s={search_term_string}"},"query-input":{"@type":"PropertyValueSpecification","valueRequired":true,"valueName":"search_term_string"}}],"inLanguage":"en-US"},{"@type":"Person","@id":"https:\/\/kosovatimes.info\/#\/schema\/person\/7586712b9c512fe68085de007378c915","name":"i l","image":{"@type":"ImageObject","inLanguage":"en-US","@id":"https:\/\/secure.gravatar.com\/avatar\/bad9296e02816160ae2e2435beda58222022298d5625d49fea74d18816fbb31d?s=96&d=mm&r=g","url":"https:\/\/secure.gravatar.com\/avatar\/bad9296e02816160ae2e2435beda58222022298d5625d49fea74d18816fbb31d?s=96&d=mm&r=g","contentUrl":"https:\/\/secure.gravatar.com\/avatar\/bad9296e02816160ae2e2435beda58222022298d5625d49fea74d18816fbb31d?s=96&d=mm&r=g","caption":"i l"},"url":"https:\/\/kosovatimes.info\/index.php\/author\/iliri\/"}]}},"_links":{"self":[{"href":"https:\/\/kosovatimes.info\/index.php\/wp-json\/wp\/v2\/posts\/12684","targetHints":{"allow":["GET"]}}],"collection":[{"href":"https:\/\/kosovatimes.info\/index.php\/wp-json\/wp\/v2\/posts"}],"about":[{"href":"https:\/\/kosovatimes.info\/index.php\/wp-json\/wp\/v2\/types\/post"}],"author":[{"embeddable":true,"href":"https:\/\/kosovatimes.info\/index.php\/wp-json\/wp\/v2\/users\/4"}],"replies":[{"embeddable":true,"href":"https:\/\/kosovatimes.info\/index.php\/wp-json\/wp\/v2\/comments?post=12684"}],"version-history":[{"count":1,"href":"https:\/\/kosovatimes.info\/index.php\/wp-json\/wp\/v2\/posts\/12684\/revisions"}],"predecessor-version":[{"id":12686,"href":"https:\/\/kosovatimes.info\/index.php\/wp-json\/wp\/v2\/posts\/12684\/revisions\/12686"}],"wp:featuredmedia":[{"embeddable":true,"href":"https:\/\/kosovatimes.info\/index.php\/wp-json\/wp\/v2\/media\/12685"}],"wp:attachment":[{"href":"https:\/\/kosovatimes.info\/index.php\/wp-json\/wp\/v2\/media?parent=12684"}],"wp:term":[{"taxonomy":"category","embeddable":true,"href":"https:\/\/kosovatimes.info\/index.php\/wp-json\/wp\/v2\/categories?post=12684"},{"taxonomy":"post_tag","embeddable":true,"href":"https:\/\/kosovatimes.info\/index.php\/wp-json\/wp\/v2\/tags?post=12684"}],"curies":[{"name":"wp","href":"https:\/\/api.w.org\/{rel}","templated":true}]}}