{"id":12690,"date":"2026-04-30T12:43:00","date_gmt":"2026-04-30T10:43:00","guid":{"rendered":"https:\/\/kosovatimes.info\/?p=12690"},"modified":"2026-04-30T13:24:03","modified_gmt":"2026-04-30T11:24:03","slug":"raporti-i-avokatit-te-popullit-dhomat-e-specializuara-devijuan-nga-qellimi","status":"publish","type":"post","link":"https:\/\/kosovatimes.info\/index.php\/2026\/04\/30\/raporti-i-avokatit-te-popullit-dhomat-e-specializuara-devijuan-nga-qellimi\/","title":{"rendered":"Raporti i Avokatit t\u00eb Popullit: Dhomat e Specializuara devijuan nga q\u00ebllimi"},"content":{"rendered":"\n<p><strong>Avokati i Popullit, Naim Qelaj ka b\u00ebr\u00eb prezantimin e raportit \u201cRishikimi preliminar p\u00ebr Dhomat e Specializuara t\u00eb Kosov\u00ebs\u201d, t\u00eb gjeturat e t\u00eb cilit konstatojn\u00eb se jan\u00eb shkelur t\u00eb drejtat dhe lirit\u00eb e njeriut nga Dhomat e Specializuara t\u00eb Gjykat\u00ebs Speciale n\u00eb Hag\u00eb ndaj ish-krer\u00ebve t\u00eb U\u00c7K-s\u00eb gjat\u00eb procesit gjyq\u00ebsor.<\/strong><\/p>\n\n\n\n<p>Qelaj n\u00eb nj\u00eb konferenc\u00eb p\u00ebr media deklaroi se p\u00ebr p\u00ebrgatitjen e raportit e kan\u00eb angazhuar nj\u00eb autoritet, si\u00e7 e quajti ai, t\u00eb pavarur e neutral, p\u00ebr t\u00eb b\u00ebr\u00eb nj\u00eb vler\u00ebsim preliminar p\u00ebr shqet\u00ebsimet q\u00eb vit pas viti institucioni i ka adresuar ndaj organeve t\u00eb ndryshme p\u00ebr k\u00ebto fenomene. Ai tha se angazhimi i Komitetit t\u00eb Od\u00ebs s\u00eb Avokat\u00ebve p\u00ebr t\u00eb Drejtat e Njeriut t\u00eb Anglis\u00eb dhe Uellsit, \u00ebsht\u00eb b\u00ebr\u00eb bazuar n\u00eb ekspertiz\u00ebn e tyre profesionale, paanshm\u00ebrin\u00eb e integritetin.<\/p>\n\n\n\n<p>\u201cRaporti konfirmon shqet\u00ebsimet e ngritura, konstaton se k\u00ebto shqet\u00ebsime jan\u00eb substanciale dhe mjaftuesh\u00ebm serioze p\u00ebr t\u00eb justifikuar shqyrtim t\u00eb m\u00ebtejm\u00eb institucional. Pra fakti q\u00eb raporti \u00ebsht\u00eb preliminar nuk do t\u00eb thot\u00eb q\u00eb nuk ka arrit me i konstatuar shkeljet n\u00eb m\u00ebnyr\u00eb t\u00eb faktuar, por q\u00eb shqet\u00ebsimet i v\u00ebrteton. Dhe p\u00ebr m\u00eb tep\u00ebr, n\u00eb pik\u00ebn 26 t\u00eb raportit, qysh n\u00eb fillim raporti konstaton se mandati i Dhomave t\u00eb Specializuara ka pasur devijim nga q\u00ebllimi fillestar dhe nuk \u00ebsht\u00eb n\u00eb frym\u00ebn e pretenduar nga raporti i K\u00ebshillit t\u00eb Evrop\u00ebs\u201d, tha Qelaj gjat\u00eb konferenc\u00ebs p\u00ebr media.<\/p>\n\n\n\n<p>Qelaj n\u00ebnvizoi se nj\u00eb nga shkeljet e t\u00eb drejtave t\u00eb njeriut kan\u00eb qen\u00eb detajet kohore t\u00eb paraburgimit dhe t\u00eb lirimit t\u00eb parakohsh\u00ebm.<\/p>\n\n\n\n<p>\u201cSa i p\u00ebrket \u00e7\u00ebshtjes s\u00eb paraburgimit dhe kufizimit t\u00eb t\u00eb drejtave gjat\u00eb q\u00ebndrimit n\u00eb paraburgim, raporti evidenton shqet\u00ebsime serioze lidhur me koh\u00ebzgjatjen e paraburgimit, munges\u00ebn e mund\u00ebsive reale p\u00ebr lirim t\u00eb parakohsh\u00ebm, dhe kufizimet e komunikimeve familjare por edhe ato profesionale, pra me ekipet e mbrojtjes. Dhe p\u00ebr m\u00eb tep\u00ebr, ve\u00e7 tjerash raporti konstaton se lirimi n\u00eb Holand\u00eb ku zhvillohet procedura penale nuk \u00ebsht\u00eb i mundur, duke krijuar nj\u00eb penges\u00eb strukturore q\u00eb r\u00ebndon pozit\u00ebn e t\u00eb akuzuarve\u201d, tha ai.<\/p>\n\n\n\n<p>Qelaj foli p\u00ebr kronologjin\u00eb e identifikimit t\u00eb shkeljeve dhe adresimit t\u00eb tyre. Ai tha se shqet\u00ebsimet fillestare nga Avokati i Popullit jan\u00eb ngritur n\u00eb vitin 2021 edhe jan\u00eb artikuluar nga vet\u00eb t\u00eb akuzuarit, nga vizita q\u00eb Avokati i Popullit n\u00eb at\u00eb koh\u00eb i ka kryer Dhomave t\u00eb Specializuara. K\u00ebto shqet\u00ebsime sipas Qelajt jan\u00eb adresuar edhe gjat\u00eb takimit me kryetaren e Gjykat\u00ebs s\u00eb Dhomave t\u00eb Specializuara n\u00eb maj t\u00eb vitit 2025.<\/p>\n\n\n\n<p>\u201cEdhe nuk \u00ebsht\u00eb q\u00eb kam marr\u00eb nj\u00eb p\u00ebrgjigje t\u00eb qart\u00eb nga kryetarja e gjykat\u00ebs, k\u00ebshtu q\u00eb un\u00eb kam paraqit nj\u00eb k\u00ebrkes\u00eb p\u00ebr nj\u00eb vizit\u00eb t\u00eb dyt\u00eb n\u00eb Dhomat e Specializuara, me k\u00ebrkes\u00eb q\u00eb me u takua me gjykat\u00ebn, me mbrojtjen, me mbrojt\u00ebsit e viktimave, me i vizitua t\u00eb burgosurit aty, por edhe me i monitorua dy seanca gjyq\u00ebsore.&nbsp; N\u00eb n\u00ebntor t\u00eb vitit 2025 kjo vizit\u00eb \u00ebsht\u00eb realizuar dhe pas vizit\u00ebs ne i kemi d\u00ebrguar nj\u00eb let\u00ebr n\u00eb m\u00ebnyr\u00eb institucionale gjykat\u00ebs, kryetares s\u00eb gjykat\u00ebs, letra \u00ebsht\u00eb e dat\u00ebs 3 dhjetor 2025. Bashk\u00eb me kryetaren e gjykat\u00ebs, nj\u00eb let\u00ebr i \u00ebsht\u00eb d\u00ebrguar edhe Komitetit p\u00ebr Parandalimin e Tortur\u00ebs t\u00eb K\u00ebshillit t\u00eb Evrop\u00ebs dhe Komitetit t\u00eb Kryqit t\u00eb Kuq Nd\u00ebrkomb\u00ebtar, n\u00eb t\u00eb cilat letra ne kemi paraqitur shqet\u00ebsimet dhe dilemat q\u00eb kemi pasur lidhur me respektimin e t\u00eb drejtave t\u00eb njeriut n\u00eb k\u00ebt\u00eb proces gjyq\u00ebsor\u201d, foli ai p\u00ebr kronologjin\u00eb e ngjarjes.<\/p>\n\n\n\n<p>Qelaj tha se kan\u00eb konstatuar shqet\u00ebsime serioze, por q\u00eb nuk kan\u00eb marr\u00eb p\u00ebrgjigje p\u00ebr k\u00ebto shqet\u00ebsime t\u00eb adresuara as nga nga Komiteti p\u00ebr Parandalimin e Tortur\u00ebs, as nga Kryqi i Kuq Nd\u00ebrkomb\u00ebtar.<\/p>\n\n\n\n<p>\u201cKryqi i Kuq Nd\u00ebrkomb\u00ebtar \u00ebsht\u00eb p\u00ebrgjigjur se ka b\u00ebr\u00eb monitorim t\u00eb hap\u00ebsirave n\u00eb qendr\u00ebn e burgut por q\u00eb raportet jan\u00eb t\u00eb brendshme, pra nuk i b\u00ebn publike si rregull, nd\u00ebrsa Komiteti p\u00ebr Parandalimin e Tortur\u00ebs ka konstatuar n\u00eb let\u00ebr q\u00eb ata e kan\u00eb marr\u00eb letr\u00ebn dhe do ta shqyrtojn\u00eb se si do t\u00eb veprojn\u00eb me tutje, por deri m\u00eb tash nuk \u00ebsht\u00eb q\u00eb kemi marr\u00eb nj\u00eb p\u00ebrgjigje konkrete. Gjykata ka q\u00ebndruar e heshtur, pra nuk kemi marr\u00eb asnj\u00eb p\u00ebrgjigje prej asaj date\u201d, ka th\u00ebn\u00eb ai.<\/p>\n","protected":false},"excerpt":{"rendered":"<p>Avokati i Popullit, Naim Qelaj ka b\u00ebr\u00eb prezantimin e raportit \u201cRishikimi preliminar p\u00ebr Dhomat e Specializuara t\u00eb Kosov\u00ebs\u201d, t\u00eb gjeturat e t\u00eb cilit konstatojn\u00eb se jan\u00eb shkelur t\u00eb drejtat dhe lirit\u00eb e njeriut nga Dhomat e Specializuara t\u00eb Gjykat\u00ebs Speciale n\u00eb Hag\u00eb ndaj ish-krer\u00ebve t\u00eb U\u00c7K-s\u00eb gjat\u00eb procesit gjyq\u00ebsor. Qelaj n\u00eb nj\u00eb konferenc\u00eb p\u00ebr media [&hellip;]<\/p>\n","protected":false},"author":4,"featured_media":12691,"comment_status":"open","ping_status":"open","sticky":false,"template":"","format":"standard","meta":{"footnotes":""},"categories":[31,30],"tags":[],"class_list":{"0":"post-12690","1":"post","2":"type-post","3":"status-publish","4":"format-standard","5":"has-post-thumbnail","7":"category-kosove","8":"category-lajme"},"yoast_head":"<!-- This site is optimized with the Yoast SEO plugin v27.4 - https:\/\/yoast.com\/product\/yoast-seo-wordpress\/ -->\n<title>Raporti i Avokatit t\u00eb Popullit: Dhomat e Specializuara devijuan nga q\u00ebllimi - Kosova Times<\/title>\n<meta name=\"robots\" content=\"index, follow, max-snippet:-1, max-image-preview:large, max-video-preview:-1\" \/>\n<link rel=\"canonical\" href=\"https:\/\/kosovatimes.info\/index.php\/2026\/04\/30\/raporti-i-avokatit-te-popullit-dhomat-e-specializuara-devijuan-nga-qellimi\/\" \/>\n<meta property=\"og:locale\" content=\"en_US\" \/>\n<meta property=\"og:type\" content=\"article\" \/>\n<meta property=\"og:title\" content=\"Raporti i Avokatit t\u00eb Popullit: Dhomat e Specializuara devijuan nga q\u00ebllimi - Kosova Times\" \/>\n<meta property=\"og:description\" content=\"Avokati i Popullit, Naim Qelaj ka b\u00ebr\u00eb prezantimin e raportit \u201cRishikimi preliminar p\u00ebr Dhomat e Specializuara t\u00eb Kosov\u00ebs\u201d, t\u00eb gjeturat e t\u00eb cilit konstatojn\u00eb se jan\u00eb shkelur t\u00eb drejtat dhe lirit\u00eb e njeriut nga Dhomat e Specializuara t\u00eb Gjykat\u00ebs Speciale n\u00eb Hag\u00eb ndaj ish-krer\u00ebve t\u00eb U\u00c7K-s\u00eb gjat\u00eb procesit gjyq\u00ebsor. Qelaj n\u00eb nj\u00eb konferenc\u00eb p\u00ebr media [&hellip;]\" \/>\n<meta property=\"og:url\" content=\"https:\/\/kosovatimes.info\/index.php\/2026\/04\/30\/raporti-i-avokatit-te-popullit-dhomat-e-specializuara-devijuan-nga-qellimi\/\" \/>\n<meta property=\"og:site_name\" content=\"Kosova Times\" \/>\n<meta property=\"article:published_time\" content=\"2026-04-30T10:43:00+00:00\" \/>\n<meta property=\"article:modified_time\" content=\"2026-04-30T11:24:03+00:00\" \/>\n<meta property=\"og:image\" content=\"https:\/\/kosovatimes.info\/wp-content\/uploads\/2026\/04\/Avokati.png\" \/>\n\t<meta property=\"og:image:width\" content=\"683\" \/>\n\t<meta property=\"og:image:height\" content=\"500\" \/>\n\t<meta property=\"og:image:type\" content=\"image\/png\" \/>\n<meta name=\"author\" content=\"i l\" \/>\n<meta name=\"twitter:card\" content=\"summary_large_image\" \/>\n<meta name=\"twitter:label1\" content=\"Written by\" \/>\n\t<meta name=\"twitter:data1\" content=\"i l\" \/>\n\t<meta name=\"twitter:label2\" content=\"Est. reading time\" \/>\n\t<meta name=\"twitter:data2\" content=\"4 minutes\" \/>\n<script type=\"application\/ld+json\" class=\"yoast-schema-graph\">{\"@context\":\"https:\\\/\\\/schema.org\",\"@graph\":[{\"@type\":\"Article\",\"@id\":\"https:\\\/\\\/kosovatimes.info\\\/index.php\\\/2026\\\/04\\\/30\\\/raporti-i-avokatit-te-popullit-dhomat-e-specializuara-devijuan-nga-qellimi\\\/#article\",\"isPartOf\":{\"@id\":\"https:\\\/\\\/kosovatimes.info\\\/index.php\\\/2026\\\/04\\\/30\\\/raporti-i-avokatit-te-popullit-dhomat-e-specializuara-devijuan-nga-qellimi\\\/\"},\"author\":{\"name\":\"i l\",\"@id\":\"https:\\\/\\\/kosovatimes.info\\\/#\\\/schema\\\/person\\\/7586712b9c512fe68085de007378c915\"},\"headline\":\"Raporti i Avokatit t\u00eb Popullit: Dhomat e Specializuara devijuan nga q\u00ebllimi\",\"datePublished\":\"2026-04-30T10:43:00+00:00\",\"dateModified\":\"2026-04-30T11:24:03+00:00\",\"mainEntityOfPage\":{\"@id\":\"https:\\\/\\\/kosovatimes.info\\\/index.php\\\/2026\\\/04\\\/30\\\/raporti-i-avokatit-te-popullit-dhomat-e-specializuara-devijuan-nga-qellimi\\\/\"},\"wordCount\":778,\"commentCount\":0,\"image\":{\"@id\":\"https:\\\/\\\/kosovatimes.info\\\/index.php\\\/2026\\\/04\\\/30\\\/raporti-i-avokatit-te-popullit-dhomat-e-specializuara-devijuan-nga-qellimi\\\/#primaryimage\"},\"thumbnailUrl\":\"https:\\\/\\\/kosovatimes.info\\\/wp-content\\\/uploads\\\/2026\\\/04\\\/Avokati.png\",\"articleSection\":[\"Kosov\u00eb\",\"Lajme\"],\"inLanguage\":\"en-US\",\"potentialAction\":[{\"@type\":\"CommentAction\",\"name\":\"Comment\",\"target\":[\"https:\\\/\\\/kosovatimes.info\\\/index.php\\\/2026\\\/04\\\/30\\\/raporti-i-avokatit-te-popullit-dhomat-e-specializuara-devijuan-nga-qellimi\\\/#respond\"]}]},{\"@type\":\"WebPage\",\"@id\":\"https:\\\/\\\/kosovatimes.info\\\/index.php\\\/2026\\\/04\\\/30\\\/raporti-i-avokatit-te-popullit-dhomat-e-specializuara-devijuan-nga-qellimi\\\/\",\"url\":\"https:\\\/\\\/kosovatimes.info\\\/index.php\\\/2026\\\/04\\\/30\\\/raporti-i-avokatit-te-popullit-dhomat-e-specializuara-devijuan-nga-qellimi\\\/\",\"name\":\"Raporti i Avokatit t\u00eb Popullit: Dhomat e Specializuara devijuan nga q\u00ebllimi - Kosova Times\",\"isPartOf\":{\"@id\":\"https:\\\/\\\/kosovatimes.info\\\/#website\"},\"primaryImageOfPage\":{\"@id\":\"https:\\\/\\\/kosovatimes.info\\\/index.php\\\/2026\\\/04\\\/30\\\/raporti-i-avokatit-te-popullit-dhomat-e-specializuara-devijuan-nga-qellimi\\\/#primaryimage\"},\"image\":{\"@id\":\"https:\\\/\\\/kosovatimes.info\\\/index.php\\\/2026\\\/04\\\/30\\\/raporti-i-avokatit-te-popullit-dhomat-e-specializuara-devijuan-nga-qellimi\\\/#primaryimage\"},\"thumbnailUrl\":\"https:\\\/\\\/kosovatimes.info\\\/wp-content\\\/uploads\\\/2026\\\/04\\\/Avokati.png\",\"datePublished\":\"2026-04-30T10:43:00+00:00\",\"dateModified\":\"2026-04-30T11:24:03+00:00\",\"author\":{\"@id\":\"https:\\\/\\\/kosovatimes.info\\\/#\\\/schema\\\/person\\\/7586712b9c512fe68085de007378c915\"},\"breadcrumb\":{\"@id\":\"https:\\\/\\\/kosovatimes.info\\\/index.php\\\/2026\\\/04\\\/30\\\/raporti-i-avokatit-te-popullit-dhomat-e-specializuara-devijuan-nga-qellimi\\\/#breadcrumb\"},\"inLanguage\":\"en-US\",\"potentialAction\":[{\"@type\":\"ReadAction\",\"target\":[\"https:\\\/\\\/kosovatimes.info\\\/index.php\\\/2026\\\/04\\\/30\\\/raporti-i-avokatit-te-popullit-dhomat-e-specializuara-devijuan-nga-qellimi\\\/\"]}]},{\"@type\":\"ImageObject\",\"inLanguage\":\"en-US\",\"@id\":\"https:\\\/\\\/kosovatimes.info\\\/index.php\\\/2026\\\/04\\\/30\\\/raporti-i-avokatit-te-popullit-dhomat-e-specializuara-devijuan-nga-qellimi\\\/#primaryimage\",\"url\":\"https:\\\/\\\/kosovatimes.info\\\/wp-content\\\/uploads\\\/2026\\\/04\\\/Avokati.png\",\"contentUrl\":\"https:\\\/\\\/kosovatimes.info\\\/wp-content\\\/uploads\\\/2026\\\/04\\\/Avokati.png\",\"width\":683,\"height\":500},{\"@type\":\"BreadcrumbList\",\"@id\":\"https:\\\/\\\/kosovatimes.info\\\/index.php\\\/2026\\\/04\\\/30\\\/raporti-i-avokatit-te-popullit-dhomat-e-specializuara-devijuan-nga-qellimi\\\/#breadcrumb\",\"itemListElement\":[{\"@type\":\"ListItem\",\"position\":1,\"name\":\"Home\",\"item\":\"https:\\\/\\\/kosovatimes.info\\\/\"},{\"@type\":\"ListItem\",\"position\":2,\"name\":\"Raporti i Avokatit t\u00eb Popullit: Dhomat e Specializuara devijuan nga q\u00ebllimi\"}]},{\"@type\":\"WebSite\",\"@id\":\"https:\\\/\\\/kosovatimes.info\\\/#website\",\"url\":\"https:\\\/\\\/kosovatimes.info\\\/\",\"name\":\"Kosova Times\",\"description\":\"\",\"potentialAction\":[{\"@type\":\"SearchAction\",\"target\":{\"@type\":\"EntryPoint\",\"urlTemplate\":\"https:\\\/\\\/kosovatimes.info\\\/?s={search_term_string}\"},\"query-input\":{\"@type\":\"PropertyValueSpecification\",\"valueRequired\":true,\"valueName\":\"search_term_string\"}}],\"inLanguage\":\"en-US\"},{\"@type\":\"Person\",\"@id\":\"https:\\\/\\\/kosovatimes.info\\\/#\\\/schema\\\/person\\\/7586712b9c512fe68085de007378c915\",\"name\":\"i l\",\"image\":{\"@type\":\"ImageObject\",\"inLanguage\":\"en-US\",\"@id\":\"https:\\\/\\\/secure.gravatar.com\\\/avatar\\\/bad9296e02816160ae2e2435beda58222022298d5625d49fea74d18816fbb31d?s=96&d=mm&r=g\",\"url\":\"https:\\\/\\\/secure.gravatar.com\\\/avatar\\\/bad9296e02816160ae2e2435beda58222022298d5625d49fea74d18816fbb31d?s=96&d=mm&r=g\",\"contentUrl\":\"https:\\\/\\\/secure.gravatar.com\\\/avatar\\\/bad9296e02816160ae2e2435beda58222022298d5625d49fea74d18816fbb31d?s=96&d=mm&r=g\",\"caption\":\"i l\"},\"url\":\"https:\\\/\\\/kosovatimes.info\\\/index.php\\\/author\\\/iliri\\\/\"}]}<\/script>\n<!-- \/ Yoast SEO plugin. -->","yoast_head_json":{"title":"Raporti i Avokatit t\u00eb Popullit: Dhomat e Specializuara devijuan nga q\u00ebllimi - Kosova Times","robots":{"index":"index","follow":"follow","max-snippet":"max-snippet:-1","max-image-preview":"max-image-preview:large","max-video-preview":"max-video-preview:-1"},"canonical":"https:\/\/kosovatimes.info\/index.php\/2026\/04\/30\/raporti-i-avokatit-te-popullit-dhomat-e-specializuara-devijuan-nga-qellimi\/","og_locale":"en_US","og_type":"article","og_title":"Raporti i Avokatit t\u00eb Popullit: Dhomat e Specializuara devijuan nga q\u00ebllimi - Kosova Times","og_description":"Avokati i Popullit, Naim Qelaj ka b\u00ebr\u00eb prezantimin e raportit \u201cRishikimi preliminar p\u00ebr Dhomat e Specializuara t\u00eb Kosov\u00ebs\u201d, t\u00eb gjeturat e t\u00eb cilit konstatojn\u00eb se jan\u00eb shkelur t\u00eb drejtat dhe lirit\u00eb e njeriut nga Dhomat e Specializuara t\u00eb Gjykat\u00ebs Speciale n\u00eb Hag\u00eb ndaj ish-krer\u00ebve t\u00eb U\u00c7K-s\u00eb gjat\u00eb procesit gjyq\u00ebsor. Qelaj n\u00eb nj\u00eb konferenc\u00eb p\u00ebr media [&hellip;]","og_url":"https:\/\/kosovatimes.info\/index.php\/2026\/04\/30\/raporti-i-avokatit-te-popullit-dhomat-e-specializuara-devijuan-nga-qellimi\/","og_site_name":"Kosova Times","article_published_time":"2026-04-30T10:43:00+00:00","article_modified_time":"2026-04-30T11:24:03+00:00","og_image":[{"width":683,"height":500,"url":"https:\/\/kosovatimes.info\/wp-content\/uploads\/2026\/04\/Avokati.png","type":"image\/png"}],"author":"i l","twitter_card":"summary_large_image","twitter_misc":{"Written by":"i l","Est. reading time":"4 minutes"},"schema":{"@context":"https:\/\/schema.org","@graph":[{"@type":"Article","@id":"https:\/\/kosovatimes.info\/index.php\/2026\/04\/30\/raporti-i-avokatit-te-popullit-dhomat-e-specializuara-devijuan-nga-qellimi\/#article","isPartOf":{"@id":"https:\/\/kosovatimes.info\/index.php\/2026\/04\/30\/raporti-i-avokatit-te-popullit-dhomat-e-specializuara-devijuan-nga-qellimi\/"},"author":{"name":"i l","@id":"https:\/\/kosovatimes.info\/#\/schema\/person\/7586712b9c512fe68085de007378c915"},"headline":"Raporti i Avokatit t\u00eb Popullit: Dhomat e Specializuara devijuan nga q\u00ebllimi","datePublished":"2026-04-30T10:43:00+00:00","dateModified":"2026-04-30T11:24:03+00:00","mainEntityOfPage":{"@id":"https:\/\/kosovatimes.info\/index.php\/2026\/04\/30\/raporti-i-avokatit-te-popullit-dhomat-e-specializuara-devijuan-nga-qellimi\/"},"wordCount":778,"commentCount":0,"image":{"@id":"https:\/\/kosovatimes.info\/index.php\/2026\/04\/30\/raporti-i-avokatit-te-popullit-dhomat-e-specializuara-devijuan-nga-qellimi\/#primaryimage"},"thumbnailUrl":"https:\/\/kosovatimes.info\/wp-content\/uploads\/2026\/04\/Avokati.png","articleSection":["Kosov\u00eb","Lajme"],"inLanguage":"en-US","potentialAction":[{"@type":"CommentAction","name":"Comment","target":["https:\/\/kosovatimes.info\/index.php\/2026\/04\/30\/raporti-i-avokatit-te-popullit-dhomat-e-specializuara-devijuan-nga-qellimi\/#respond"]}]},{"@type":"WebPage","@id":"https:\/\/kosovatimes.info\/index.php\/2026\/04\/30\/raporti-i-avokatit-te-popullit-dhomat-e-specializuara-devijuan-nga-qellimi\/","url":"https:\/\/kosovatimes.info\/index.php\/2026\/04\/30\/raporti-i-avokatit-te-popullit-dhomat-e-specializuara-devijuan-nga-qellimi\/","name":"Raporti i Avokatit t\u00eb Popullit: Dhomat e Specializuara devijuan nga q\u00ebllimi - Kosova Times","isPartOf":{"@id":"https:\/\/kosovatimes.info\/#website"},"primaryImageOfPage":{"@id":"https:\/\/kosovatimes.info\/index.php\/2026\/04\/30\/raporti-i-avokatit-te-popullit-dhomat-e-specializuara-devijuan-nga-qellimi\/#primaryimage"},"image":{"@id":"https:\/\/kosovatimes.info\/index.php\/2026\/04\/30\/raporti-i-avokatit-te-popullit-dhomat-e-specializuara-devijuan-nga-qellimi\/#primaryimage"},"thumbnailUrl":"https:\/\/kosovatimes.info\/wp-content\/uploads\/2026\/04\/Avokati.png","datePublished":"2026-04-30T10:43:00+00:00","dateModified":"2026-04-30T11:24:03+00:00","author":{"@id":"https:\/\/kosovatimes.info\/#\/schema\/person\/7586712b9c512fe68085de007378c915"},"breadcrumb":{"@id":"https:\/\/kosovatimes.info\/index.php\/2026\/04\/30\/raporti-i-avokatit-te-popullit-dhomat-e-specializuara-devijuan-nga-qellimi\/#breadcrumb"},"inLanguage":"en-US","potentialAction":[{"@type":"ReadAction","target":["https:\/\/kosovatimes.info\/index.php\/2026\/04\/30\/raporti-i-avokatit-te-popullit-dhomat-e-specializuara-devijuan-nga-qellimi\/"]}]},{"@type":"ImageObject","inLanguage":"en-US","@id":"https:\/\/kosovatimes.info\/index.php\/2026\/04\/30\/raporti-i-avokatit-te-popullit-dhomat-e-specializuara-devijuan-nga-qellimi\/#primaryimage","url":"https:\/\/kosovatimes.info\/wp-content\/uploads\/2026\/04\/Avokati.png","contentUrl":"https:\/\/kosovatimes.info\/wp-content\/uploads\/2026\/04\/Avokati.png","width":683,"height":500},{"@type":"BreadcrumbList","@id":"https:\/\/kosovatimes.info\/index.php\/2026\/04\/30\/raporti-i-avokatit-te-popullit-dhomat-e-specializuara-devijuan-nga-qellimi\/#breadcrumb","itemListElement":[{"@type":"ListItem","position":1,"name":"Home","item":"https:\/\/kosovatimes.info\/"},{"@type":"ListItem","position":2,"name":"Raporti i Avokatit t\u00eb Popullit: Dhomat e Specializuara devijuan nga q\u00ebllimi"}]},{"@type":"WebSite","@id":"https:\/\/kosovatimes.info\/#website","url":"https:\/\/kosovatimes.info\/","name":"Kosova Times","description":"","potentialAction":[{"@type":"SearchAction","target":{"@type":"EntryPoint","urlTemplate":"https:\/\/kosovatimes.info\/?s={search_term_string}"},"query-input":{"@type":"PropertyValueSpecification","valueRequired":true,"valueName":"search_term_string"}}],"inLanguage":"en-US"},{"@type":"Person","@id":"https:\/\/kosovatimes.info\/#\/schema\/person\/7586712b9c512fe68085de007378c915","name":"i l","image":{"@type":"ImageObject","inLanguage":"en-US","@id":"https:\/\/secure.gravatar.com\/avatar\/bad9296e02816160ae2e2435beda58222022298d5625d49fea74d18816fbb31d?s=96&d=mm&r=g","url":"https:\/\/secure.gravatar.com\/avatar\/bad9296e02816160ae2e2435beda58222022298d5625d49fea74d18816fbb31d?s=96&d=mm&r=g","contentUrl":"https:\/\/secure.gravatar.com\/avatar\/bad9296e02816160ae2e2435beda58222022298d5625d49fea74d18816fbb31d?s=96&d=mm&r=g","caption":"i l"},"url":"https:\/\/kosovatimes.info\/index.php\/author\/iliri\/"}]}},"_links":{"self":[{"href":"https:\/\/kosovatimes.info\/index.php\/wp-json\/wp\/v2\/posts\/12690","targetHints":{"allow":["GET"]}}],"collection":[{"href":"https:\/\/kosovatimes.info\/index.php\/wp-json\/wp\/v2\/posts"}],"about":[{"href":"https:\/\/kosovatimes.info\/index.php\/wp-json\/wp\/v2\/types\/post"}],"author":[{"embeddable":true,"href":"https:\/\/kosovatimes.info\/index.php\/wp-json\/wp\/v2\/users\/4"}],"replies":[{"embeddable":true,"href":"https:\/\/kosovatimes.info\/index.php\/wp-json\/wp\/v2\/comments?post=12690"}],"version-history":[{"count":1,"href":"https:\/\/kosovatimes.info\/index.php\/wp-json\/wp\/v2\/posts\/12690\/revisions"}],"predecessor-version":[{"id":12692,"href":"https:\/\/kosovatimes.info\/index.php\/wp-json\/wp\/v2\/posts\/12690\/revisions\/12692"}],"wp:featuredmedia":[{"embeddable":true,"href":"https:\/\/kosovatimes.info\/index.php\/wp-json\/wp\/v2\/media\/12691"}],"wp:attachment":[{"href":"https:\/\/kosovatimes.info\/index.php\/wp-json\/wp\/v2\/media?parent=12690"}],"wp:term":[{"taxonomy":"category","embeddable":true,"href":"https:\/\/kosovatimes.info\/index.php\/wp-json\/wp\/v2\/categories?post=12690"},{"taxonomy":"post_tag","embeddable":true,"href":"https:\/\/kosovatimes.info\/index.php\/wp-json\/wp\/v2\/tags?post=12690"}],"curies":[{"name":"wp","href":"https:\/\/api.w.org\/{rel}","templated":true}]}}