{"id":12693,"date":"2026-04-30T12:49:00","date_gmt":"2026-04-30T10:49:00","guid":{"rendered":"https:\/\/kosovatimes.info\/?p=12693"},"modified":"2026-04-30T13:25:31","modified_gmt":"2026-04-30T11:25:31","slug":"kurti-investimi-ne-energji-te-paster-do-te-furnizoje-45-mije-familje","status":"publish","type":"post","link":"https:\/\/kosovatimes.info\/index.php\/2026\/04\/30\/kurti-investimi-ne-energji-te-paster-do-te-furnizoje-45-mije-familje\/","title":{"rendered":"Kurti: Investimi n\u00eb energji t\u00eb past\u00ebr do t\u00eb furnizoj\u00eb 45 mij\u00eb familje"},"content":{"rendered":"\n<p><a target=\"_blank\" href=\"https:\/\/www.linkedin.com\/shareArticle?mini=true&amp;url=https%3A%2F%2Fwww.rtklive.com%2Fsq%2Fnews-single.php%3FID%3D723545\" rel=\"noreferrer noopener\"><\/a><\/p>\n\n\n\n<h2 class=\"wp-block-heading\"><strong>Kosova ka sh\u00ebnuar nj\u00eb hap t\u00eb r\u00ebnd\u00ebsish\u00ebm drejt pavar\u00ebsis\u00eb energjetike dhe kalimit n\u00eb energji t\u00eb past\u00ebr p\u00ebrmes nj\u00eb projekti t\u00eb ri infrastrukturor. Gjat\u00eb vizit\u00ebs n\u00eb punimet e k\u00ebtij parku energjetik, Kryeministri i vendit, Albin Kurti, vler\u00ebsoi lart r\u00ebnd\u00ebsin\u00eb e k\u00ebtij investimi p\u00ebr stabilitetin energjetik dhe klim\u00ebn e biznesit n\u00eb Kosov\u00eb.<\/strong><\/h2>\n\n\n\n<p>Projekti, i cili p\u00ebrfshin teknologjin\u00eb moderne t\u00eb turbinave me er\u00eb, pritet t\u00eb ket\u00eb nj\u00eb ndikim t\u00eb drejtp\u00ebrdrejt\u00eb n\u00eb furnizimin e qytetar\u00ebve, duke reduktuar emetimet e d\u00ebmshme dhe duke rritur prodhimin vendor.<\/p>\n\n\n\n<p>Kryeministri Kurti dha detaje mbi kapacitetet prodhuese dhe r\u00ebnd\u00ebsin\u00eb strategjike t\u00eb projektit:<\/p>\n\n\n\n<p>\u201cPra, nj\u00eb turbin\u00eb af\u00ebrsisht rreth 6 megavat, me \u00e7\u2019rast i kemi 12 t\u00eb tilla gjithsej, por q\u00eb pritet t\u00eb prodhojn\u00eb 185 gigavat-or\u00eb energji elektrike n\u00eb vit, q\u00eb mbulon konsumin e 45,000 familjeve kosovare me energji t\u00eb past\u00ebr. Ky projekt \u00ebsht\u00eb d\u00ebshmi q\u00eb Kosova, p\u00ebrmes nj\u00eb kornize ligjore dhe rregullative t\u00eb p\u00ebrshtatshme dhe p\u00ebrmir\u00ebsimeve t\u00eb vazhdueshme n\u00eb klim\u00ebn e t\u00eb b\u00ebrit biznes, ofron siguri p\u00ebr investime t\u00eb huaja n\u00eb energji t\u00eb rip\u00ebrt\u00ebritshme dhe jo vet\u00ebm. Uroj \u00c7allik Renewables, Eurokos dhe t\u00eb gjith\u00eb pun\u00ebtor\u00ebt, 175 pun\u00ebtor\u00eb gjithsej, prej t\u00eb cil\u00ebve 130 nga Kosova, p\u00ebr angazhimin e tyre p\u00ebr t\u00eb realizuar k\u00ebt\u00eb projekt infrastrukturor mjaft kompleks, por shum\u00eb t\u00eb r\u00ebnd\u00ebsish\u00ebm p\u00ebr vendin ton\u00eb, dhe uroj t\u00eb kthehemi k\u00ebtu s\u00eb shpejti p\u00ebr t\u00eb p\u00ebruruar s\u00eb bashku fillimin e prodhimit\u201d, tha Kurti.<\/p>\n\n\n\n<p>E ministrja e Ekonomis\u00eb, Artane Rizvanolli, ka deklaruar se investimet n\u00eb energjin\u00eb e rip\u00ebrt\u00ebritshme n\u00eb Kosov\u00eb po sjellin rritje t\u00eb siguris\u00eb energjetike, ulje t\u00eb importeve dhe energji m\u00eb t\u00eb past\u00ebr p\u00ebr qytetar\u00ebt.<\/p>\n\n\n\n<p>Rizvanolli tha se projekti \u00ebsht\u00eb nj\u00eb nga m\u00eb t\u00eb r\u00ebnd\u00ebsishmit n\u00eb sektorin energjetik t\u00eb vendit dhe do t\u00eb ket\u00eb ndikim t\u00eb drejtp\u00ebrdrejt\u00eb n\u00eb furnizimin me energji elektrike.<\/p>\n\n\n\n<p>Sipas saj, projekti p\u00ebrfshin kat\u00ebr turbina t\u00eb p\u00ebrfunduara, me dy t\u00eb tjera q\u00eb pritet t\u00eb montohen brenda dy jav\u00ebve, nd\u00ebrsa i gjith\u00eb investimi pritet t\u00eb p\u00ebrfundoj\u00eb gjat\u00eb korrikut t\u00eb k\u00ebtij viti. Ajo theksoi se kapaciteti i ri prej rreth 70 megavat\u00ebsh do t\u00eb shtohet n\u00eb sistemin elektroenergjetik t\u00eb Kosov\u00ebs dhe do t\u00eb prodhoj\u00eb rreth 185 gigavat-or\u00eb energji n\u00eb vit.<\/p>\n\n\n\n<p>\u201cKy kapacitet i ri n\u00ebnkupton m\u00eb shum\u00eb siguri furnizimi, z\u00ebvend\u00ebsim t\u00eb importeve n\u00eb vler\u00eb mbi 27 milion\u00eb euro n\u00eb vit dhe energji m\u00eb t\u00eb past\u00ebr p\u00ebr qytetar\u00ebt\u201d, u shpreh Rizvanolli.<\/p>\n\n\n\n<p>Ajo shtoi se projektet e tilla kontribuojn\u00eb n\u00eb uljen e ndotjes dhe stabilizimin e \u00e7mimeve t\u00eb energjis\u00eb, duke i cil\u00ebsuar turbinat e er\u00ebs si nj\u00eb nga investimet m\u00eb t\u00eb r\u00ebnd\u00ebsishme n\u00eb tranzicionin energjetik t\u00eb vendit.<\/p>\n\n\n\n<p>Ministrja vler\u00ebsoi gjithashtu kompleksitetin teknik t\u00eb projektit, duke theksuar se transporti dhe instalimi i turbinave me p\u00ebrmasa t\u00eb m\u00ebdha k\u00ebrkon planifikim t\u00eb detajuar dhe koordinim t\u00eb lart\u00eb teknik.<\/p>\n\n\n\n<p>Ajo theksoi r\u00ebnd\u00ebsin\u00eb e p\u00ebrfshirjes s\u00eb kompanive dhe pun\u00ebtor\u00ebve vendor\u00eb n\u00eb projekt, duke th\u00ebn\u00eb se rreth 70 p\u00ebr qind e fuqis\u00eb pun\u00ebtore n\u00eb nd\u00ebrtim \u00ebsht\u00eb nga Kosova, gj\u00eb q\u00eb sipas saj tregon rritjen e kapaciteteve vendore n\u00eb sektorin e energjis\u00eb.<\/p>\n\n\n\n<p>Rizvanolli u shpreh optimiste se projekti do t\u00eb p\u00ebrfundoj\u00eb sipas afateve dhe se s\u00eb shpejti do t\u00eb filloj\u00eb prodhimi i energjis\u00eb nga ky park me er\u00eb.<\/p>\n","protected":false},"excerpt":{"rendered":"<p>Kosova ka sh\u00ebnuar nj\u00eb hap t\u00eb r\u00ebnd\u00ebsish\u00ebm drejt pavar\u00ebsis\u00eb energjetike dhe kalimit n\u00eb energji t\u00eb past\u00ebr p\u00ebrmes nj\u00eb projekti t\u00eb ri infrastrukturor. Gjat\u00eb vizit\u00ebs n\u00eb punimet e k\u00ebtij parku energjetik, Kryeministri i vendit, Albin Kurti, vler\u00ebsoi lart r\u00ebnd\u00ebsin\u00eb e k\u00ebtij investimi p\u00ebr stabilitetin energjetik dhe klim\u00ebn e biznesit n\u00eb Kosov\u00eb. Projekti, i cili p\u00ebrfshin teknologjin\u00eb [&hellip;]<\/p>\n","protected":false},"author":4,"featured_media":12694,"comment_status":"open","ping_status":"open","sticky":false,"template":"","format":"standard","meta":{"footnotes":""},"categories":[31,30],"tags":[],"class_list":{"0":"post-12693","1":"post","2":"type-post","3":"status-publish","4":"format-standard","5":"has-post-thumbnail","7":"category-kosove","8":"category-lajme"},"yoast_head":"<!-- This site is optimized with the Yoast SEO plugin v27.4 - https:\/\/yoast.com\/product\/yoast-seo-wordpress\/ -->\n<title>Kurti: Investimi n\u00eb energji t\u00eb past\u00ebr do t\u00eb furnizoj\u00eb 45 mij\u00eb familje - Kosova Times<\/title>\n<meta name=\"robots\" content=\"index, follow, max-snippet:-1, max-image-preview:large, max-video-preview:-1\" \/>\n<link rel=\"canonical\" href=\"https:\/\/kosovatimes.info\/index.php\/2026\/04\/30\/kurti-investimi-ne-energji-te-paster-do-te-furnizoje-45-mije-familje\/\" \/>\n<meta property=\"og:locale\" content=\"en_US\" \/>\n<meta property=\"og:type\" content=\"article\" \/>\n<meta property=\"og:title\" content=\"Kurti: Investimi n\u00eb energji t\u00eb past\u00ebr do t\u00eb furnizoj\u00eb 45 mij\u00eb familje - Kosova Times\" \/>\n<meta property=\"og:description\" content=\"Kosova ka sh\u00ebnuar nj\u00eb hap t\u00eb r\u00ebnd\u00ebsish\u00ebm drejt pavar\u00ebsis\u00eb energjetike dhe kalimit n\u00eb energji t\u00eb past\u00ebr p\u00ebrmes nj\u00eb projekti t\u00eb ri infrastrukturor. Gjat\u00eb vizit\u00ebs n\u00eb punimet e k\u00ebtij parku energjetik, Kryeministri i vendit, Albin Kurti, vler\u00ebsoi lart r\u00ebnd\u00ebsin\u00eb e k\u00ebtij investimi p\u00ebr stabilitetin energjetik dhe klim\u00ebn e biznesit n\u00eb Kosov\u00eb. Projekti, i cili p\u00ebrfshin teknologjin\u00eb [&hellip;]\" \/>\n<meta property=\"og:url\" content=\"https:\/\/kosovatimes.info\/index.php\/2026\/04\/30\/kurti-investimi-ne-energji-te-paster-do-te-furnizoje-45-mije-familje\/\" \/>\n<meta property=\"og:site_name\" content=\"Kosova Times\" \/>\n<meta property=\"article:published_time\" content=\"2026-04-30T10:49:00+00:00\" \/>\n<meta property=\"article:modified_time\" content=\"2026-04-30T11:25:31+00:00\" \/>\n<meta property=\"og:image\" content=\"https:\/\/kosovatimes.info\/wp-content\/uploads\/2026\/04\/Albin-17.jpg\" \/>\n\t<meta property=\"og:image:width\" content=\"780\" \/>\n\t<meta property=\"og:image:height\" content=\"500\" \/>\n\t<meta property=\"og:image:type\" content=\"image\/jpeg\" \/>\n<meta name=\"author\" content=\"i l\" \/>\n<meta name=\"twitter:card\" content=\"summary_large_image\" \/>\n<meta name=\"twitter:label1\" content=\"Written by\" \/>\n\t<meta name=\"twitter:data1\" content=\"i l\" \/>\n\t<meta name=\"twitter:label2\" content=\"Est. reading time\" \/>\n\t<meta name=\"twitter:data2\" content=\"1 minute\" \/>\n<script type=\"application\/ld+json\" class=\"yoast-schema-graph\">{\"@context\":\"https:\\\/\\\/schema.org\",\"@graph\":[{\"@type\":\"Article\",\"@id\":\"https:\\\/\\\/kosovatimes.info\\\/index.php\\\/2026\\\/04\\\/30\\\/kurti-investimi-ne-energji-te-paster-do-te-furnizoje-45-mije-familje\\\/#article\",\"isPartOf\":{\"@id\":\"https:\\\/\\\/kosovatimes.info\\\/index.php\\\/2026\\\/04\\\/30\\\/kurti-investimi-ne-energji-te-paster-do-te-furnizoje-45-mije-familje\\\/\"},\"author\":{\"name\":\"i l\",\"@id\":\"https:\\\/\\\/kosovatimes.info\\\/#\\\/schema\\\/person\\\/7586712b9c512fe68085de007378c915\"},\"headline\":\"Kurti: Investimi n\u00eb energji t\u00eb past\u00ebr do t\u00eb furnizoj\u00eb 45 mij\u00eb familje\",\"datePublished\":\"2026-04-30T10:49:00+00:00\",\"dateModified\":\"2026-04-30T11:25:31+00:00\",\"mainEntityOfPage\":{\"@id\":\"https:\\\/\\\/kosovatimes.info\\\/index.php\\\/2026\\\/04\\\/30\\\/kurti-investimi-ne-energji-te-paster-do-te-furnizoje-45-mije-familje\\\/\"},\"wordCount\":588,\"commentCount\":0,\"image\":{\"@id\":\"https:\\\/\\\/kosovatimes.info\\\/index.php\\\/2026\\\/04\\\/30\\\/kurti-investimi-ne-energji-te-paster-do-te-furnizoje-45-mije-familje\\\/#primaryimage\"},\"thumbnailUrl\":\"https:\\\/\\\/kosovatimes.info\\\/wp-content\\\/uploads\\\/2026\\\/04\\\/Albin-17.jpg\",\"articleSection\":[\"Kosov\u00eb\",\"Lajme\"],\"inLanguage\":\"en-US\",\"potentialAction\":[{\"@type\":\"CommentAction\",\"name\":\"Comment\",\"target\":[\"https:\\\/\\\/kosovatimes.info\\\/index.php\\\/2026\\\/04\\\/30\\\/kurti-investimi-ne-energji-te-paster-do-te-furnizoje-45-mije-familje\\\/#respond\"]}]},{\"@type\":\"WebPage\",\"@id\":\"https:\\\/\\\/kosovatimes.info\\\/index.php\\\/2026\\\/04\\\/30\\\/kurti-investimi-ne-energji-te-paster-do-te-furnizoje-45-mije-familje\\\/\",\"url\":\"https:\\\/\\\/kosovatimes.info\\\/index.php\\\/2026\\\/04\\\/30\\\/kurti-investimi-ne-energji-te-paster-do-te-furnizoje-45-mije-familje\\\/\",\"name\":\"Kurti: Investimi n\u00eb energji t\u00eb past\u00ebr do t\u00eb furnizoj\u00eb 45 mij\u00eb familje - Kosova Times\",\"isPartOf\":{\"@id\":\"https:\\\/\\\/kosovatimes.info\\\/#website\"},\"primaryImageOfPage\":{\"@id\":\"https:\\\/\\\/kosovatimes.info\\\/index.php\\\/2026\\\/04\\\/30\\\/kurti-investimi-ne-energji-te-paster-do-te-furnizoje-45-mije-familje\\\/#primaryimage\"},\"image\":{\"@id\":\"https:\\\/\\\/kosovatimes.info\\\/index.php\\\/2026\\\/04\\\/30\\\/kurti-investimi-ne-energji-te-paster-do-te-furnizoje-45-mije-familje\\\/#primaryimage\"},\"thumbnailUrl\":\"https:\\\/\\\/kosovatimes.info\\\/wp-content\\\/uploads\\\/2026\\\/04\\\/Albin-17.jpg\",\"datePublished\":\"2026-04-30T10:49:00+00:00\",\"dateModified\":\"2026-04-30T11:25:31+00:00\",\"author\":{\"@id\":\"https:\\\/\\\/kosovatimes.info\\\/#\\\/schema\\\/person\\\/7586712b9c512fe68085de007378c915\"},\"breadcrumb\":{\"@id\":\"https:\\\/\\\/kosovatimes.info\\\/index.php\\\/2026\\\/04\\\/30\\\/kurti-investimi-ne-energji-te-paster-do-te-furnizoje-45-mije-familje\\\/#breadcrumb\"},\"inLanguage\":\"en-US\",\"potentialAction\":[{\"@type\":\"ReadAction\",\"target\":[\"https:\\\/\\\/kosovatimes.info\\\/index.php\\\/2026\\\/04\\\/30\\\/kurti-investimi-ne-energji-te-paster-do-te-furnizoje-45-mije-familje\\\/\"]}]},{\"@type\":\"ImageObject\",\"inLanguage\":\"en-US\",\"@id\":\"https:\\\/\\\/kosovatimes.info\\\/index.php\\\/2026\\\/04\\\/30\\\/kurti-investimi-ne-energji-te-paster-do-te-furnizoje-45-mije-familje\\\/#primaryimage\",\"url\":\"https:\\\/\\\/kosovatimes.info\\\/wp-content\\\/uploads\\\/2026\\\/04\\\/Albin-17.jpg\",\"contentUrl\":\"https:\\\/\\\/kosovatimes.info\\\/wp-content\\\/uploads\\\/2026\\\/04\\\/Albin-17.jpg\",\"width\":780,\"height\":500},{\"@type\":\"BreadcrumbList\",\"@id\":\"https:\\\/\\\/kosovatimes.info\\\/index.php\\\/2026\\\/04\\\/30\\\/kurti-investimi-ne-energji-te-paster-do-te-furnizoje-45-mije-familje\\\/#breadcrumb\",\"itemListElement\":[{\"@type\":\"ListItem\",\"position\":1,\"name\":\"Home\",\"item\":\"https:\\\/\\\/kosovatimes.info\\\/\"},{\"@type\":\"ListItem\",\"position\":2,\"name\":\"Kurti: Investimi n\u00eb energji t\u00eb past\u00ebr do t\u00eb furnizoj\u00eb 45 mij\u00eb familje\"}]},{\"@type\":\"WebSite\",\"@id\":\"https:\\\/\\\/kosovatimes.info\\\/#website\",\"url\":\"https:\\\/\\\/kosovatimes.info\\\/\",\"name\":\"Kosova Times\",\"description\":\"\",\"potentialAction\":[{\"@type\":\"SearchAction\",\"target\":{\"@type\":\"EntryPoint\",\"urlTemplate\":\"https:\\\/\\\/kosovatimes.info\\\/?s={search_term_string}\"},\"query-input\":{\"@type\":\"PropertyValueSpecification\",\"valueRequired\":true,\"valueName\":\"search_term_string\"}}],\"inLanguage\":\"en-US\"},{\"@type\":\"Person\",\"@id\":\"https:\\\/\\\/kosovatimes.info\\\/#\\\/schema\\\/person\\\/7586712b9c512fe68085de007378c915\",\"name\":\"i l\",\"image\":{\"@type\":\"ImageObject\",\"inLanguage\":\"en-US\",\"@id\":\"https:\\\/\\\/secure.gravatar.com\\\/avatar\\\/bad9296e02816160ae2e2435beda58222022298d5625d49fea74d18816fbb31d?s=96&d=mm&r=g\",\"url\":\"https:\\\/\\\/secure.gravatar.com\\\/avatar\\\/bad9296e02816160ae2e2435beda58222022298d5625d49fea74d18816fbb31d?s=96&d=mm&r=g\",\"contentUrl\":\"https:\\\/\\\/secure.gravatar.com\\\/avatar\\\/bad9296e02816160ae2e2435beda58222022298d5625d49fea74d18816fbb31d?s=96&d=mm&r=g\",\"caption\":\"i l\"},\"url\":\"https:\\\/\\\/kosovatimes.info\\\/index.php\\\/author\\\/iliri\\\/\"}]}<\/script>\n<!-- \/ Yoast SEO plugin. -->","yoast_head_json":{"title":"Kurti: Investimi n\u00eb energji t\u00eb past\u00ebr do t\u00eb furnizoj\u00eb 45 mij\u00eb familje - Kosova Times","robots":{"index":"index","follow":"follow","max-snippet":"max-snippet:-1","max-image-preview":"max-image-preview:large","max-video-preview":"max-video-preview:-1"},"canonical":"https:\/\/kosovatimes.info\/index.php\/2026\/04\/30\/kurti-investimi-ne-energji-te-paster-do-te-furnizoje-45-mije-familje\/","og_locale":"en_US","og_type":"article","og_title":"Kurti: Investimi n\u00eb energji t\u00eb past\u00ebr do t\u00eb furnizoj\u00eb 45 mij\u00eb familje - Kosova Times","og_description":"Kosova ka sh\u00ebnuar nj\u00eb hap t\u00eb r\u00ebnd\u00ebsish\u00ebm drejt pavar\u00ebsis\u00eb energjetike dhe kalimit n\u00eb energji t\u00eb past\u00ebr p\u00ebrmes nj\u00eb projekti t\u00eb ri infrastrukturor. Gjat\u00eb vizit\u00ebs n\u00eb punimet e k\u00ebtij parku energjetik, Kryeministri i vendit, Albin Kurti, vler\u00ebsoi lart r\u00ebnd\u00ebsin\u00eb e k\u00ebtij investimi p\u00ebr stabilitetin energjetik dhe klim\u00ebn e biznesit n\u00eb Kosov\u00eb. Projekti, i cili p\u00ebrfshin teknologjin\u00eb [&hellip;]","og_url":"https:\/\/kosovatimes.info\/index.php\/2026\/04\/30\/kurti-investimi-ne-energji-te-paster-do-te-furnizoje-45-mije-familje\/","og_site_name":"Kosova Times","article_published_time":"2026-04-30T10:49:00+00:00","article_modified_time":"2026-04-30T11:25:31+00:00","og_image":[{"width":780,"height":500,"url":"https:\/\/kosovatimes.info\/wp-content\/uploads\/2026\/04\/Albin-17.jpg","type":"image\/jpeg"}],"author":"i l","twitter_card":"summary_large_image","twitter_misc":{"Written by":"i l","Est. reading time":"1 minute"},"schema":{"@context":"https:\/\/schema.org","@graph":[{"@type":"Article","@id":"https:\/\/kosovatimes.info\/index.php\/2026\/04\/30\/kurti-investimi-ne-energji-te-paster-do-te-furnizoje-45-mije-familje\/#article","isPartOf":{"@id":"https:\/\/kosovatimes.info\/index.php\/2026\/04\/30\/kurti-investimi-ne-energji-te-paster-do-te-furnizoje-45-mije-familje\/"},"author":{"name":"i l","@id":"https:\/\/kosovatimes.info\/#\/schema\/person\/7586712b9c512fe68085de007378c915"},"headline":"Kurti: Investimi n\u00eb energji t\u00eb past\u00ebr do t\u00eb furnizoj\u00eb 45 mij\u00eb familje","datePublished":"2026-04-30T10:49:00+00:00","dateModified":"2026-04-30T11:25:31+00:00","mainEntityOfPage":{"@id":"https:\/\/kosovatimes.info\/index.php\/2026\/04\/30\/kurti-investimi-ne-energji-te-paster-do-te-furnizoje-45-mije-familje\/"},"wordCount":588,"commentCount":0,"image":{"@id":"https:\/\/kosovatimes.info\/index.php\/2026\/04\/30\/kurti-investimi-ne-energji-te-paster-do-te-furnizoje-45-mije-familje\/#primaryimage"},"thumbnailUrl":"https:\/\/kosovatimes.info\/wp-content\/uploads\/2026\/04\/Albin-17.jpg","articleSection":["Kosov\u00eb","Lajme"],"inLanguage":"en-US","potentialAction":[{"@type":"CommentAction","name":"Comment","target":["https:\/\/kosovatimes.info\/index.php\/2026\/04\/30\/kurti-investimi-ne-energji-te-paster-do-te-furnizoje-45-mije-familje\/#respond"]}]},{"@type":"WebPage","@id":"https:\/\/kosovatimes.info\/index.php\/2026\/04\/30\/kurti-investimi-ne-energji-te-paster-do-te-furnizoje-45-mije-familje\/","url":"https:\/\/kosovatimes.info\/index.php\/2026\/04\/30\/kurti-investimi-ne-energji-te-paster-do-te-furnizoje-45-mije-familje\/","name":"Kurti: Investimi n\u00eb energji t\u00eb past\u00ebr do t\u00eb furnizoj\u00eb 45 mij\u00eb familje - Kosova Times","isPartOf":{"@id":"https:\/\/kosovatimes.info\/#website"},"primaryImageOfPage":{"@id":"https:\/\/kosovatimes.info\/index.php\/2026\/04\/30\/kurti-investimi-ne-energji-te-paster-do-te-furnizoje-45-mije-familje\/#primaryimage"},"image":{"@id":"https:\/\/kosovatimes.info\/index.php\/2026\/04\/30\/kurti-investimi-ne-energji-te-paster-do-te-furnizoje-45-mije-familje\/#primaryimage"},"thumbnailUrl":"https:\/\/kosovatimes.info\/wp-content\/uploads\/2026\/04\/Albin-17.jpg","datePublished":"2026-04-30T10:49:00+00:00","dateModified":"2026-04-30T11:25:31+00:00","author":{"@id":"https:\/\/kosovatimes.info\/#\/schema\/person\/7586712b9c512fe68085de007378c915"},"breadcrumb":{"@id":"https:\/\/kosovatimes.info\/index.php\/2026\/04\/30\/kurti-investimi-ne-energji-te-paster-do-te-furnizoje-45-mije-familje\/#breadcrumb"},"inLanguage":"en-US","potentialAction":[{"@type":"ReadAction","target":["https:\/\/kosovatimes.info\/index.php\/2026\/04\/30\/kurti-investimi-ne-energji-te-paster-do-te-furnizoje-45-mije-familje\/"]}]},{"@type":"ImageObject","inLanguage":"en-US","@id":"https:\/\/kosovatimes.info\/index.php\/2026\/04\/30\/kurti-investimi-ne-energji-te-paster-do-te-furnizoje-45-mije-familje\/#primaryimage","url":"https:\/\/kosovatimes.info\/wp-content\/uploads\/2026\/04\/Albin-17.jpg","contentUrl":"https:\/\/kosovatimes.info\/wp-content\/uploads\/2026\/04\/Albin-17.jpg","width":780,"height":500},{"@type":"BreadcrumbList","@id":"https:\/\/kosovatimes.info\/index.php\/2026\/04\/30\/kurti-investimi-ne-energji-te-paster-do-te-furnizoje-45-mije-familje\/#breadcrumb","itemListElement":[{"@type":"ListItem","position":1,"name":"Home","item":"https:\/\/kosovatimes.info\/"},{"@type":"ListItem","position":2,"name":"Kurti: Investimi n\u00eb energji t\u00eb past\u00ebr do t\u00eb furnizoj\u00eb 45 mij\u00eb familje"}]},{"@type":"WebSite","@id":"https:\/\/kosovatimes.info\/#website","url":"https:\/\/kosovatimes.info\/","name":"Kosova Times","description":"","potentialAction":[{"@type":"SearchAction","target":{"@type":"EntryPoint","urlTemplate":"https:\/\/kosovatimes.info\/?s={search_term_string}"},"query-input":{"@type":"PropertyValueSpecification","valueRequired":true,"valueName":"search_term_string"}}],"inLanguage":"en-US"},{"@type":"Person","@id":"https:\/\/kosovatimes.info\/#\/schema\/person\/7586712b9c512fe68085de007378c915","name":"i l","image":{"@type":"ImageObject","inLanguage":"en-US","@id":"https:\/\/secure.gravatar.com\/avatar\/bad9296e02816160ae2e2435beda58222022298d5625d49fea74d18816fbb31d?s=96&d=mm&r=g","url":"https:\/\/secure.gravatar.com\/avatar\/bad9296e02816160ae2e2435beda58222022298d5625d49fea74d18816fbb31d?s=96&d=mm&r=g","contentUrl":"https:\/\/secure.gravatar.com\/avatar\/bad9296e02816160ae2e2435beda58222022298d5625d49fea74d18816fbb31d?s=96&d=mm&r=g","caption":"i l"},"url":"https:\/\/kosovatimes.info\/index.php\/author\/iliri\/"}]}},"_links":{"self":[{"href":"https:\/\/kosovatimes.info\/index.php\/wp-json\/wp\/v2\/posts\/12693","targetHints":{"allow":["GET"]}}],"collection":[{"href":"https:\/\/kosovatimes.info\/index.php\/wp-json\/wp\/v2\/posts"}],"about":[{"href":"https:\/\/kosovatimes.info\/index.php\/wp-json\/wp\/v2\/types\/post"}],"author":[{"embeddable":true,"href":"https:\/\/kosovatimes.info\/index.php\/wp-json\/wp\/v2\/users\/4"}],"replies":[{"embeddable":true,"href":"https:\/\/kosovatimes.info\/index.php\/wp-json\/wp\/v2\/comments?post=12693"}],"version-history":[{"count":1,"href":"https:\/\/kosovatimes.info\/index.php\/wp-json\/wp\/v2\/posts\/12693\/revisions"}],"predecessor-version":[{"id":12695,"href":"https:\/\/kosovatimes.info\/index.php\/wp-json\/wp\/v2\/posts\/12693\/revisions\/12695"}],"wp:featuredmedia":[{"embeddable":true,"href":"https:\/\/kosovatimes.info\/index.php\/wp-json\/wp\/v2\/media\/12694"}],"wp:attachment":[{"href":"https:\/\/kosovatimes.info\/index.php\/wp-json\/wp\/v2\/media?parent=12693"}],"wp:term":[{"taxonomy":"category","embeddable":true,"href":"https:\/\/kosovatimes.info\/index.php\/wp-json\/wp\/v2\/categories?post=12693"},{"taxonomy":"post_tag","embeddable":true,"href":"https:\/\/kosovatimes.info\/index.php\/wp-json\/wp\/v2\/tags?post=12693"}],"curies":[{"name":"wp","href":"https:\/\/api.w.org\/{rel}","templated":true}]}}