{"id":12696,"date":"2026-04-30T12:55:00","date_gmt":"2026-04-30T10:55:00","guid":{"rendered":"https:\/\/kosovatimes.info\/?p=12696"},"modified":"2026-04-30T13:26:56","modified_gmt":"2026-04-30T11:26:56","slug":"be-kriza-politike-ne-kosove-rrezikon-fondet-e-planit-te-rritjes","status":"publish","type":"post","link":"https:\/\/kosovatimes.info\/index.php\/2026\/04\/30\/be-kriza-politike-ne-kosove-rrezikon-fondet-e-planit-te-rritjes\/","title":{"rendered":"BE: Kriza politike n\u00eb Kosov\u00eb rrezikon fondet e Planit t\u00eb Rritjes"},"content":{"rendered":"\n<p><strong>Bashkimi Evropian ka shprehur keqardhje p\u00ebr situat\u00ebn e krijuar politike n\u00eb Kosov\u00eb, e cila ka \u00e7uar vendin n\u00eb edhe nj\u00eb cik\u00ebl zgjedhjesh. N\u00eb nj\u00eb deklarat\u00eb me shkrim, d\u00ebrguar mediave nga zyra e shtypit e BE-s\u00eb, u rikujtua se Brukseli vazhdimisht u ka b\u00ebr\u00eb thirrje aktor\u00ebve politik\u00eb q\u00eb t\u00eb sigurojn\u00eb stabilitet institucional.<\/strong><\/p>\n\n\n\n<p>&nbsp;\u201cNa vjen keq q\u00eb partit\u00eb politike nuk identifikuan nj\u00eb figur\u00eb unifikuese si kandidat p\u00ebr president, \u00e7ka do t\u00eb thot\u00eb se Kosova tani po shkon drejt zgjedhjeve t\u00eb treta t\u00eb p\u00ebrgjithshme n\u00eb m\u00eb pak se 18 muaj\u201d, thuhet n\u00eb k\u00ebt\u00eb prononcim.<\/p>\n\n\n\n<p>Theksohet se \u00ebsht\u00eb urgjente q\u00eb Kosova t\u00eb forcoj\u00eb dialogun nd\u00ebrpartiak p\u00ebr t\u00eb siguruar funksionimin efikas t\u00eb institucioneve dhe p\u00ebr t\u00eb mos humbur mund\u00ebsit\u00eb q\u00eb u sjellin dobi qytetar\u00ebve, p\u00ebrfshir\u00eb ato n\u00eb kuad\u00ebr t\u00eb Planit t\u00eb Rritjes.<\/p>\n\n\n\n<p>Ndryshe, mjetet financiare nga Plani i Rritjes mund t\u00eb humben, si pasoj\u00eb e k\u00ebsaj situate. Komisioni Evropian ka alokuar p\u00ebr Kosov\u00ebn mbi 882 milion\u00eb euro. Vendi me vones\u00eb ka marr\u00eb mjetet e parafinancimit, p\u00ebr shkak t\u00eb ng\u00ebr\u00e7it institucional t\u00eb vitit t\u00eb kaluar. K\u00ebstet e radh\u00ebs, n\u00eb vler\u00eb prej mbi 90 dhe mbi 165 milion\u00eb euro, jan\u00eb t\u00eb kusht\u00ebzuara me zbatimin e reformave. Nj\u00eb pjes\u00eb e tyre ka afat p\u00ebrfundimtar n\u00eb qershor, nd\u00ebrsa pjesa tjet\u00ebr n\u00eb dhjetor t\u00eb k\u00ebtij viti.<\/p>\n\n\n\n<p>Nga Bashkimi Evropian porositet se ka gatishm\u00ebri p\u00ebr t\u00eb vazhduar mb\u00ebshtetjen ndaj Kosov\u00ebs dhe p\u00ebr t\u00eb punuar me vendin n\u00eb \u00e7do fush\u00eb, p\u00ebrfshir\u00eb Agjend\u00ebn e Reformave n\u00eb kuad\u00ebr t\u00eb Planit t\u00eb Rritjes. Megjithat\u00eb, moszbatimi i reformave rezulton me humbjen e pakthyeshme t\u00eb mjeteve financiare.<\/p>\n\n\n\n<p>Kosova ka gjithsej 111 hapa reformues p\u00ebr t\u2019i p\u00ebrmbushur deri n\u00eb fund t\u00eb vitit 2027, n\u00eb m\u00ebnyr\u00eb q\u00eb t\u00eb p\u00ebrfitoj\u00eb nga shuma e plot\u00eb e mjeteve t\u00eb alokuara.<\/p>\n","protected":false},"excerpt":{"rendered":"<p>Bashkimi Evropian ka shprehur keqardhje p\u00ebr situat\u00ebn e krijuar politike n\u00eb Kosov\u00eb, e cila ka \u00e7uar vendin n\u00eb edhe nj\u00eb cik\u00ebl zgjedhjesh. N\u00eb nj\u00eb deklarat\u00eb me shkrim, d\u00ebrguar mediave nga zyra e shtypit e BE-s\u00eb, u rikujtua se Brukseli vazhdimisht u ka b\u00ebr\u00eb thirrje aktor\u00ebve politik\u00eb q\u00eb t\u00eb sigurojn\u00eb stabilitet institucional. &nbsp;\u201cNa vjen keq q\u00eb [&hellip;]<\/p>\n","protected":false},"author":4,"featured_media":12697,"comment_status":"open","ping_status":"open","sticky":false,"template":"","format":"standard","meta":{"footnotes":""},"categories":[31,30],"tags":[],"class_list":{"0":"post-12696","1":"post","2":"type-post","3":"status-publish","4":"format-standard","5":"has-post-thumbnail","7":"category-kosove","8":"category-lajme"},"yoast_head":"<!-- This site is optimized with the Yoast SEO plugin v27.4 - https:\/\/yoast.com\/product\/yoast-seo-wordpress\/ -->\n<title>BE: Kriza politike n\u00eb Kosov\u00eb rrezikon fondet e Planit t\u00eb Rritjes - Kosova Times<\/title>\n<meta name=\"robots\" content=\"index, follow, max-snippet:-1, max-image-preview:large, max-video-preview:-1\" \/>\n<link rel=\"canonical\" href=\"https:\/\/kosovatimes.info\/index.php\/2026\/04\/30\/be-kriza-politike-ne-kosove-rrezikon-fondet-e-planit-te-rritjes\/\" \/>\n<meta property=\"og:locale\" content=\"en_US\" \/>\n<meta property=\"og:type\" content=\"article\" \/>\n<meta property=\"og:title\" content=\"BE: Kriza politike n\u00eb Kosov\u00eb rrezikon fondet e Planit t\u00eb Rritjes - Kosova Times\" \/>\n<meta property=\"og:description\" content=\"Bashkimi Evropian ka shprehur keqardhje p\u00ebr situat\u00ebn e krijuar politike n\u00eb Kosov\u00eb, e cila ka \u00e7uar vendin n\u00eb edhe nj\u00eb cik\u00ebl zgjedhjesh. N\u00eb nj\u00eb deklarat\u00eb me shkrim, d\u00ebrguar mediave nga zyra e shtypit e BE-s\u00eb, u rikujtua se Brukseli vazhdimisht u ka b\u00ebr\u00eb thirrje aktor\u00ebve politik\u00eb q\u00eb t\u00eb sigurojn\u00eb stabilitet institucional. &nbsp;\u201cNa vjen keq q\u00eb [&hellip;]\" \/>\n<meta property=\"og:url\" content=\"https:\/\/kosovatimes.info\/index.php\/2026\/04\/30\/be-kriza-politike-ne-kosove-rrezikon-fondet-e-planit-te-rritjes\/\" \/>\n<meta property=\"og:site_name\" content=\"Kosova Times\" \/>\n<meta property=\"article:published_time\" content=\"2026-04-30T10:55:00+00:00\" \/>\n<meta property=\"article:modified_time\" content=\"2026-04-30T11:26:56+00:00\" \/>\n<meta property=\"og:image\" content=\"https:\/\/kosovatimes.info\/wp-content\/uploads\/2026\/04\/BE-2.jpg\" \/>\n\t<meta property=\"og:image:width\" content=\"780\" \/>\n\t<meta property=\"og:image:height\" content=\"500\" \/>\n\t<meta property=\"og:image:type\" content=\"image\/jpeg\" \/>\n<meta name=\"author\" content=\"i l\" \/>\n<meta name=\"twitter:card\" content=\"summary_large_image\" \/>\n<meta name=\"twitter:label1\" content=\"Written by\" \/>\n\t<meta name=\"twitter:data1\" content=\"i l\" \/>\n\t<meta name=\"twitter:label2\" content=\"Est. reading time\" \/>\n\t<meta name=\"twitter:data2\" content=\"2 minutes\" \/>\n<script type=\"application\/ld+json\" class=\"yoast-schema-graph\">{\"@context\":\"https:\\\/\\\/schema.org\",\"@graph\":[{\"@type\":\"Article\",\"@id\":\"https:\\\/\\\/kosovatimes.info\\\/index.php\\\/2026\\\/04\\\/30\\\/be-kriza-politike-ne-kosove-rrezikon-fondet-e-planit-te-rritjes\\\/#article\",\"isPartOf\":{\"@id\":\"https:\\\/\\\/kosovatimes.info\\\/index.php\\\/2026\\\/04\\\/30\\\/be-kriza-politike-ne-kosove-rrezikon-fondet-e-planit-te-rritjes\\\/\"},\"author\":{\"name\":\"i l\",\"@id\":\"https:\\\/\\\/kosovatimes.info\\\/#\\\/schema\\\/person\\\/7586712b9c512fe68085de007378c915\"},\"headline\":\"BE: Kriza politike n\u00eb Kosov\u00eb rrezikon fondet e Planit t\u00eb Rritjes\",\"datePublished\":\"2026-04-30T10:55:00+00:00\",\"dateModified\":\"2026-04-30T11:26:56+00:00\",\"mainEntityOfPage\":{\"@id\":\"https:\\\/\\\/kosovatimes.info\\\/index.php\\\/2026\\\/04\\\/30\\\/be-kriza-politike-ne-kosove-rrezikon-fondet-e-planit-te-rritjes\\\/\"},\"wordCount\":326,\"commentCount\":0,\"image\":{\"@id\":\"https:\\\/\\\/kosovatimes.info\\\/index.php\\\/2026\\\/04\\\/30\\\/be-kriza-politike-ne-kosove-rrezikon-fondet-e-planit-te-rritjes\\\/#primaryimage\"},\"thumbnailUrl\":\"https:\\\/\\\/kosovatimes.info\\\/wp-content\\\/uploads\\\/2026\\\/04\\\/BE-2.jpg\",\"articleSection\":[\"Kosov\u00eb\",\"Lajme\"],\"inLanguage\":\"en-US\",\"potentialAction\":[{\"@type\":\"CommentAction\",\"name\":\"Comment\",\"target\":[\"https:\\\/\\\/kosovatimes.info\\\/index.php\\\/2026\\\/04\\\/30\\\/be-kriza-politike-ne-kosove-rrezikon-fondet-e-planit-te-rritjes\\\/#respond\"]}]},{\"@type\":\"WebPage\",\"@id\":\"https:\\\/\\\/kosovatimes.info\\\/index.php\\\/2026\\\/04\\\/30\\\/be-kriza-politike-ne-kosove-rrezikon-fondet-e-planit-te-rritjes\\\/\",\"url\":\"https:\\\/\\\/kosovatimes.info\\\/index.php\\\/2026\\\/04\\\/30\\\/be-kriza-politike-ne-kosove-rrezikon-fondet-e-planit-te-rritjes\\\/\",\"name\":\"BE: Kriza politike n\u00eb Kosov\u00eb rrezikon fondet e Planit t\u00eb Rritjes - Kosova Times\",\"isPartOf\":{\"@id\":\"https:\\\/\\\/kosovatimes.info\\\/#website\"},\"primaryImageOfPage\":{\"@id\":\"https:\\\/\\\/kosovatimes.info\\\/index.php\\\/2026\\\/04\\\/30\\\/be-kriza-politike-ne-kosove-rrezikon-fondet-e-planit-te-rritjes\\\/#primaryimage\"},\"image\":{\"@id\":\"https:\\\/\\\/kosovatimes.info\\\/index.php\\\/2026\\\/04\\\/30\\\/be-kriza-politike-ne-kosove-rrezikon-fondet-e-planit-te-rritjes\\\/#primaryimage\"},\"thumbnailUrl\":\"https:\\\/\\\/kosovatimes.info\\\/wp-content\\\/uploads\\\/2026\\\/04\\\/BE-2.jpg\",\"datePublished\":\"2026-04-30T10:55:00+00:00\",\"dateModified\":\"2026-04-30T11:26:56+00:00\",\"author\":{\"@id\":\"https:\\\/\\\/kosovatimes.info\\\/#\\\/schema\\\/person\\\/7586712b9c512fe68085de007378c915\"},\"breadcrumb\":{\"@id\":\"https:\\\/\\\/kosovatimes.info\\\/index.php\\\/2026\\\/04\\\/30\\\/be-kriza-politike-ne-kosove-rrezikon-fondet-e-planit-te-rritjes\\\/#breadcrumb\"},\"inLanguage\":\"en-US\",\"potentialAction\":[{\"@type\":\"ReadAction\",\"target\":[\"https:\\\/\\\/kosovatimes.info\\\/index.php\\\/2026\\\/04\\\/30\\\/be-kriza-politike-ne-kosove-rrezikon-fondet-e-planit-te-rritjes\\\/\"]}]},{\"@type\":\"ImageObject\",\"inLanguage\":\"en-US\",\"@id\":\"https:\\\/\\\/kosovatimes.info\\\/index.php\\\/2026\\\/04\\\/30\\\/be-kriza-politike-ne-kosove-rrezikon-fondet-e-planit-te-rritjes\\\/#primaryimage\",\"url\":\"https:\\\/\\\/kosovatimes.info\\\/wp-content\\\/uploads\\\/2026\\\/04\\\/BE-2.jpg\",\"contentUrl\":\"https:\\\/\\\/kosovatimes.info\\\/wp-content\\\/uploads\\\/2026\\\/04\\\/BE-2.jpg\",\"width\":780,\"height\":500},{\"@type\":\"BreadcrumbList\",\"@id\":\"https:\\\/\\\/kosovatimes.info\\\/index.php\\\/2026\\\/04\\\/30\\\/be-kriza-politike-ne-kosove-rrezikon-fondet-e-planit-te-rritjes\\\/#breadcrumb\",\"itemListElement\":[{\"@type\":\"ListItem\",\"position\":1,\"name\":\"Home\",\"item\":\"https:\\\/\\\/kosovatimes.info\\\/\"},{\"@type\":\"ListItem\",\"position\":2,\"name\":\"BE: Kriza politike n\u00eb Kosov\u00eb rrezikon fondet e Planit t\u00eb Rritjes\"}]},{\"@type\":\"WebSite\",\"@id\":\"https:\\\/\\\/kosovatimes.info\\\/#website\",\"url\":\"https:\\\/\\\/kosovatimes.info\\\/\",\"name\":\"Kosova Times\",\"description\":\"\",\"potentialAction\":[{\"@type\":\"SearchAction\",\"target\":{\"@type\":\"EntryPoint\",\"urlTemplate\":\"https:\\\/\\\/kosovatimes.info\\\/?s={search_term_string}\"},\"query-input\":{\"@type\":\"PropertyValueSpecification\",\"valueRequired\":true,\"valueName\":\"search_term_string\"}}],\"inLanguage\":\"en-US\"},{\"@type\":\"Person\",\"@id\":\"https:\\\/\\\/kosovatimes.info\\\/#\\\/schema\\\/person\\\/7586712b9c512fe68085de007378c915\",\"name\":\"i l\",\"image\":{\"@type\":\"ImageObject\",\"inLanguage\":\"en-US\",\"@id\":\"https:\\\/\\\/secure.gravatar.com\\\/avatar\\\/bad9296e02816160ae2e2435beda58222022298d5625d49fea74d18816fbb31d?s=96&d=mm&r=g\",\"url\":\"https:\\\/\\\/secure.gravatar.com\\\/avatar\\\/bad9296e02816160ae2e2435beda58222022298d5625d49fea74d18816fbb31d?s=96&d=mm&r=g\",\"contentUrl\":\"https:\\\/\\\/secure.gravatar.com\\\/avatar\\\/bad9296e02816160ae2e2435beda58222022298d5625d49fea74d18816fbb31d?s=96&d=mm&r=g\",\"caption\":\"i l\"},\"url\":\"https:\\\/\\\/kosovatimes.info\\\/index.php\\\/author\\\/iliri\\\/\"}]}<\/script>\n<!-- \/ Yoast SEO plugin. -->","yoast_head_json":{"title":"BE: Kriza politike n\u00eb Kosov\u00eb rrezikon fondet e Planit t\u00eb Rritjes - Kosova Times","robots":{"index":"index","follow":"follow","max-snippet":"max-snippet:-1","max-image-preview":"max-image-preview:large","max-video-preview":"max-video-preview:-1"},"canonical":"https:\/\/kosovatimes.info\/index.php\/2026\/04\/30\/be-kriza-politike-ne-kosove-rrezikon-fondet-e-planit-te-rritjes\/","og_locale":"en_US","og_type":"article","og_title":"BE: Kriza politike n\u00eb Kosov\u00eb rrezikon fondet e Planit t\u00eb Rritjes - Kosova Times","og_description":"Bashkimi Evropian ka shprehur keqardhje p\u00ebr situat\u00ebn e krijuar politike n\u00eb Kosov\u00eb, e cila ka \u00e7uar vendin n\u00eb edhe nj\u00eb cik\u00ebl zgjedhjesh. N\u00eb nj\u00eb deklarat\u00eb me shkrim, d\u00ebrguar mediave nga zyra e shtypit e BE-s\u00eb, u rikujtua se Brukseli vazhdimisht u ka b\u00ebr\u00eb thirrje aktor\u00ebve politik\u00eb q\u00eb t\u00eb sigurojn\u00eb stabilitet institucional. &nbsp;\u201cNa vjen keq q\u00eb [&hellip;]","og_url":"https:\/\/kosovatimes.info\/index.php\/2026\/04\/30\/be-kriza-politike-ne-kosove-rrezikon-fondet-e-planit-te-rritjes\/","og_site_name":"Kosova Times","article_published_time":"2026-04-30T10:55:00+00:00","article_modified_time":"2026-04-30T11:26:56+00:00","og_image":[{"width":780,"height":500,"url":"https:\/\/kosovatimes.info\/wp-content\/uploads\/2026\/04\/BE-2.jpg","type":"image\/jpeg"}],"author":"i l","twitter_card":"summary_large_image","twitter_misc":{"Written by":"i l","Est. reading time":"2 minutes"},"schema":{"@context":"https:\/\/schema.org","@graph":[{"@type":"Article","@id":"https:\/\/kosovatimes.info\/index.php\/2026\/04\/30\/be-kriza-politike-ne-kosove-rrezikon-fondet-e-planit-te-rritjes\/#article","isPartOf":{"@id":"https:\/\/kosovatimes.info\/index.php\/2026\/04\/30\/be-kriza-politike-ne-kosove-rrezikon-fondet-e-planit-te-rritjes\/"},"author":{"name":"i l","@id":"https:\/\/kosovatimes.info\/#\/schema\/person\/7586712b9c512fe68085de007378c915"},"headline":"BE: Kriza politike n\u00eb Kosov\u00eb rrezikon fondet e Planit t\u00eb Rritjes","datePublished":"2026-04-30T10:55:00+00:00","dateModified":"2026-04-30T11:26:56+00:00","mainEntityOfPage":{"@id":"https:\/\/kosovatimes.info\/index.php\/2026\/04\/30\/be-kriza-politike-ne-kosove-rrezikon-fondet-e-planit-te-rritjes\/"},"wordCount":326,"commentCount":0,"image":{"@id":"https:\/\/kosovatimes.info\/index.php\/2026\/04\/30\/be-kriza-politike-ne-kosove-rrezikon-fondet-e-planit-te-rritjes\/#primaryimage"},"thumbnailUrl":"https:\/\/kosovatimes.info\/wp-content\/uploads\/2026\/04\/BE-2.jpg","articleSection":["Kosov\u00eb","Lajme"],"inLanguage":"en-US","potentialAction":[{"@type":"CommentAction","name":"Comment","target":["https:\/\/kosovatimes.info\/index.php\/2026\/04\/30\/be-kriza-politike-ne-kosove-rrezikon-fondet-e-planit-te-rritjes\/#respond"]}]},{"@type":"WebPage","@id":"https:\/\/kosovatimes.info\/index.php\/2026\/04\/30\/be-kriza-politike-ne-kosove-rrezikon-fondet-e-planit-te-rritjes\/","url":"https:\/\/kosovatimes.info\/index.php\/2026\/04\/30\/be-kriza-politike-ne-kosove-rrezikon-fondet-e-planit-te-rritjes\/","name":"BE: Kriza politike n\u00eb Kosov\u00eb rrezikon fondet e Planit t\u00eb Rritjes - Kosova Times","isPartOf":{"@id":"https:\/\/kosovatimes.info\/#website"},"primaryImageOfPage":{"@id":"https:\/\/kosovatimes.info\/index.php\/2026\/04\/30\/be-kriza-politike-ne-kosove-rrezikon-fondet-e-planit-te-rritjes\/#primaryimage"},"image":{"@id":"https:\/\/kosovatimes.info\/index.php\/2026\/04\/30\/be-kriza-politike-ne-kosove-rrezikon-fondet-e-planit-te-rritjes\/#primaryimage"},"thumbnailUrl":"https:\/\/kosovatimes.info\/wp-content\/uploads\/2026\/04\/BE-2.jpg","datePublished":"2026-04-30T10:55:00+00:00","dateModified":"2026-04-30T11:26:56+00:00","author":{"@id":"https:\/\/kosovatimes.info\/#\/schema\/person\/7586712b9c512fe68085de007378c915"},"breadcrumb":{"@id":"https:\/\/kosovatimes.info\/index.php\/2026\/04\/30\/be-kriza-politike-ne-kosove-rrezikon-fondet-e-planit-te-rritjes\/#breadcrumb"},"inLanguage":"en-US","potentialAction":[{"@type":"ReadAction","target":["https:\/\/kosovatimes.info\/index.php\/2026\/04\/30\/be-kriza-politike-ne-kosove-rrezikon-fondet-e-planit-te-rritjes\/"]}]},{"@type":"ImageObject","inLanguage":"en-US","@id":"https:\/\/kosovatimes.info\/index.php\/2026\/04\/30\/be-kriza-politike-ne-kosove-rrezikon-fondet-e-planit-te-rritjes\/#primaryimage","url":"https:\/\/kosovatimes.info\/wp-content\/uploads\/2026\/04\/BE-2.jpg","contentUrl":"https:\/\/kosovatimes.info\/wp-content\/uploads\/2026\/04\/BE-2.jpg","width":780,"height":500},{"@type":"BreadcrumbList","@id":"https:\/\/kosovatimes.info\/index.php\/2026\/04\/30\/be-kriza-politike-ne-kosove-rrezikon-fondet-e-planit-te-rritjes\/#breadcrumb","itemListElement":[{"@type":"ListItem","position":1,"name":"Home","item":"https:\/\/kosovatimes.info\/"},{"@type":"ListItem","position":2,"name":"BE: Kriza politike n\u00eb Kosov\u00eb rrezikon fondet e Planit t\u00eb Rritjes"}]},{"@type":"WebSite","@id":"https:\/\/kosovatimes.info\/#website","url":"https:\/\/kosovatimes.info\/","name":"Kosova Times","description":"","potentialAction":[{"@type":"SearchAction","target":{"@type":"EntryPoint","urlTemplate":"https:\/\/kosovatimes.info\/?s={search_term_string}"},"query-input":{"@type":"PropertyValueSpecification","valueRequired":true,"valueName":"search_term_string"}}],"inLanguage":"en-US"},{"@type":"Person","@id":"https:\/\/kosovatimes.info\/#\/schema\/person\/7586712b9c512fe68085de007378c915","name":"i l","image":{"@type":"ImageObject","inLanguage":"en-US","@id":"https:\/\/secure.gravatar.com\/avatar\/bad9296e02816160ae2e2435beda58222022298d5625d49fea74d18816fbb31d?s=96&d=mm&r=g","url":"https:\/\/secure.gravatar.com\/avatar\/bad9296e02816160ae2e2435beda58222022298d5625d49fea74d18816fbb31d?s=96&d=mm&r=g","contentUrl":"https:\/\/secure.gravatar.com\/avatar\/bad9296e02816160ae2e2435beda58222022298d5625d49fea74d18816fbb31d?s=96&d=mm&r=g","caption":"i l"},"url":"https:\/\/kosovatimes.info\/index.php\/author\/iliri\/"}]}},"_links":{"self":[{"href":"https:\/\/kosovatimes.info\/index.php\/wp-json\/wp\/v2\/posts\/12696","targetHints":{"allow":["GET"]}}],"collection":[{"href":"https:\/\/kosovatimes.info\/index.php\/wp-json\/wp\/v2\/posts"}],"about":[{"href":"https:\/\/kosovatimes.info\/index.php\/wp-json\/wp\/v2\/types\/post"}],"author":[{"embeddable":true,"href":"https:\/\/kosovatimes.info\/index.php\/wp-json\/wp\/v2\/users\/4"}],"replies":[{"embeddable":true,"href":"https:\/\/kosovatimes.info\/index.php\/wp-json\/wp\/v2\/comments?post=12696"}],"version-history":[{"count":1,"href":"https:\/\/kosovatimes.info\/index.php\/wp-json\/wp\/v2\/posts\/12696\/revisions"}],"predecessor-version":[{"id":12698,"href":"https:\/\/kosovatimes.info\/index.php\/wp-json\/wp\/v2\/posts\/12696\/revisions\/12698"}],"wp:featuredmedia":[{"embeddable":true,"href":"https:\/\/kosovatimes.info\/index.php\/wp-json\/wp\/v2\/media\/12697"}],"wp:attachment":[{"href":"https:\/\/kosovatimes.info\/index.php\/wp-json\/wp\/v2\/media?parent=12696"}],"wp:term":[{"taxonomy":"category","embeddable":true,"href":"https:\/\/kosovatimes.info\/index.php\/wp-json\/wp\/v2\/categories?post=12696"},{"taxonomy":"post_tag","embeddable":true,"href":"https:\/\/kosovatimes.info\/index.php\/wp-json\/wp\/v2\/tags?post=12696"}],"curies":[{"name":"wp","href":"https:\/\/api.w.org\/{rel}","templated":true}]}}