{"id":12699,"date":"2026-04-30T13:30:26","date_gmt":"2026-04-30T11:30:26","guid":{"rendered":"https:\/\/kosovatimes.info\/?p=12699"},"modified":"2026-04-30T13:30:29","modified_gmt":"2026-04-30T11:30:29","slug":"ish-shefi-i-shtabit-te-pergjithshem-rus-kur-do-te-fillojme-vertet-luften","status":"publish","type":"post","link":"https:\/\/kosovatimes.info\/index.php\/2026\/04\/30\/ish-shefi-i-shtabit-te-pergjithshem-rus-kur-do-te-fillojme-vertet-luften\/","title":{"rendered":"Ish-Shefi i Shtabit t\u00eb P\u00ebrgjithsh\u00ebm Rus: Kur do t\u00eb fillojm\u00eb v\u00ebrtet luft\u00ebn?"},"content":{"rendered":"\n<p>A duhet ta vazhdoj\u00eb Rusia varf\u00ebrimin e SVO-s\u00eb p\u00ebr disa vite t\u00eb tjera? K\u00eb do t\u00eb vazhdojm\u00eb ta l\u00ebm\u00eb t\u00eb uritur \u2013 t\u00eb gjith\u00eb Evrop\u00ebn, t\u00eb gjith\u00eb NATO-n, Japonin\u00eb dhe t\u00eb gjith\u00eb aleat\u00ebt e tjer\u00eb? Po ne, pyeti gjenerali Yuri Baluyevsky.&#8221;Kur do t\u00eb fillojm\u00eb m\u00eb n\u00eb fund nj\u00eb luft\u00eb t\u00eb v\u00ebrtet\u00eb n\u00eb Ukrain\u00eb?&#8221;<\/p>\n\n\n\n<p>Kjo pyetje iu drejtua ish-Shefit t\u00eb Shtabit t\u00eb P\u00ebrgjithsh\u00ebm t\u00eb Forcave t\u00eb Armatosura Ruse, Gjenerali i Ushtris\u00eb Yuri Baluyevsky, pjes\u00ebmarr\u00ebsve n\u00eb nj\u00eb konferenc\u00eb t\u00eb mbajtur n\u00eb Dhom\u00ebn Qytetare t\u00eb Rusis\u00eb.Gjenerali i shquar mori p\u00ebrsip\u00ebr t\u00eb nxirrte n\u00eb pah at\u00eb q\u00eb p\u00ebshp\u00ebritet pas dyerve t\u00eb mbyllura, por nuk nxirret n\u00eb publik.<\/p>\n\n\n\n<p>&#8220;Ose nj\u00eb Rusi e fuqishme, ose aspak Rusi!&#8221; paralajm\u00ebroi ai.Duke iu drejtuar pjes\u00ebmarr\u00ebsve n\u00eb konferenc\u00eb, Baluyevsky tha: \u201cRusia ishte e para q\u00eb arriti shpejt\u00ebsi hipersonike. Dhe \u00e7far\u00eb b\u00ebm\u00eb ne at\u00ebher\u00eb? N\u00eb \u00e7do hap thoshim: \u2018Kemi arm\u00eb q\u00eb asnj\u00eb vend tjet\u00ebr nuk i ka dhe ndoshta nuk do t\u2019i ket\u00eb s\u00eb shpejti\u2019. Megjithat\u00eb, kjo nuk e zvog\u00ebloi rrezikun p\u00ebr vendin ton\u00eb. Fol\u00ebm p\u00ebr \u2018vijat e kuqe\u2019\u2026 Epo, sa m\u00eb t\u00eb kuqe mund t\u00eb jen\u00eb ato vija!?\u201d<\/p>\n\n\n\n<p>Duke iu drejtuar oficer\u00ebve q\u00eb merrnin pjes\u00eb n\u00eb SVO dhe t\u00eb ftuar n\u00eb konferenc\u00eb, gjenerali i mprehu m\u00eb tej t\u00eb gjitha:<\/p>\n\n\n\n<p>&#8220;Nuk e di \u00e7far\u00eb ndjet\u00eb kur nj\u00eb dron ukrainas u ul n\u00eb kupol\u00ebn e nd\u00ebrtes\u00ebs ku ndodhet Komandanti i P\u00ebrgjithsh\u00ebm Suprem &#8211; Presidenti i Federat\u00ebs Ruse? Nuk e di \u00e7far\u00eb ndjet\u00eb kur dron\u00ebt ukrainas sulmuan avion\u00ebt tan\u00eb t\u00eb paralajm\u00ebrimit t\u00eb hersh\u00ebm dhe godit\u00ebn objektet tona. Dhe pastaj prita, dhe tani pyes &#8211; kur do t\u00eb fillojm\u00eb m\u00eb n\u00eb fund t\u00eb luftojm\u00eb v\u00ebrtet?&#8221;<\/p>\n\n\n\n<p>Ish-Shefi i Shtabit t\u00eb P\u00ebrgjithsh\u00ebm t\u00eb Federat\u00ebs Ruse u kujtoi t\u00eb pranishm\u00ebve se ish-partner\u00ebt e Mosk\u00ebs n\u00eb Per\u00ebndim, p\u00ebrfshir\u00eb ata me t\u00eb cil\u00ebt dikur u p\u00ebrpoq t\u00eb nd\u00ebrtonte nj\u00eb kamp socialist, tani po deklarojn\u00eb hapur: &#8220;Mund t\u00eb mbijetoni deri n\u00eb vitin 2027, por n\u00eb vitin 2028 ne patjet\u00ebr do t&#8217;ju sulmojm\u00eb&#8221;.<\/p>\n\n\n\n<p>Gjenerali sugjeroi t\u00eb shqyrtoheshin pyetjet e m\u00ebposhtme: \u201cA duhet q\u00eb Rusia t\u00eb vazhdoj\u00eb Operacionin Special Ushtarak t\u00eb Tretjes p\u00ebr disa vite t\u00eb tjera? K\u00eb do t\u00eb vazhdojm\u00eb ta l\u00ebm\u00eb t\u00eb uritur \u2013 t\u00eb gjith\u00eb Evrop\u00ebn, t\u00eb gjith\u00eb NATO-n, Japonin\u00eb dhe t\u00eb gjith\u00eb aleat\u00ebt e tjer\u00eb q\u00eb u jan\u00eb bashkuar atyre? Po ne?\u201d<\/p>\n\n\n\n<p>Baluyevsky p\u00ebrfundoi duke cituar Vladimir Putinin: \u201cN\u00ebse nuk gjejm\u00eb nj\u00eb p\u00ebrgjigje p\u00ebr k\u00ebto rreziqe dhe k\u00ebrc\u00ebnime, p\u00ebrfundimisht do t\u00eb b\u00ebhemi nj\u00eb ndihm\u00ebs i l\u00ebnd\u00ebve t\u00eb para, nj\u00eb periferi q\u00eb mb\u00ebshtet ekonomin\u00eb globale.\u201d<\/p>\n\n\n\n<p>Historiani dhe politologu i njohur rus Sergei Karaganov paralajm\u00ebroi se sulmet ndaj Rusis\u00eb nuk do t\u00eb ndalen derisa ajo t\u00eb p\u00ebrdor\u00eb arm\u00eb b\u00ebrthamore.<\/p>\n","protected":false},"excerpt":{"rendered":"<p>A duhet ta vazhdoj\u00eb Rusia varf\u00ebrimin e SVO-s\u00eb p\u00ebr disa vite t\u00eb tjera? K\u00eb do t\u00eb vazhdojm\u00eb ta l\u00ebm\u00eb t\u00eb uritur \u2013 t\u00eb gjith\u00eb Evrop\u00ebn, t\u00eb gjith\u00eb NATO-n, Japonin\u00eb dhe t\u00eb gjith\u00eb aleat\u00ebt e tjer\u00eb? Po ne, pyeti gjenerali Yuri Baluyevsky.&#8221;Kur do t\u00eb fillojm\u00eb m\u00eb n\u00eb fund nj\u00eb luft\u00eb t\u00eb v\u00ebrtet\u00eb n\u00eb Ukrain\u00eb?&#8221; Kjo pyetje [&hellip;]<\/p>\n","protected":false},"author":4,"featured_media":12700,"comment_status":"open","ping_status":"open","sticky":false,"template":"","format":"standard","meta":{"footnotes":""},"categories":[33,30],"tags":[],"class_list":{"0":"post-12699","1":"post","2":"type-post","3":"status-publish","4":"format-standard","5":"has-post-thumbnail","7":"category-bote","8":"category-lajme"},"yoast_head":"<!-- This site is optimized with the Yoast SEO plugin v27.4 - https:\/\/yoast.com\/product\/yoast-seo-wordpress\/ -->\n<title>Ish-Shefi i Shtabit t\u00eb P\u00ebrgjithsh\u00ebm Rus: Kur do t\u00eb fillojm\u00eb v\u00ebrtet luft\u00ebn? - Kosova Times<\/title>\n<meta name=\"robots\" content=\"index, follow, max-snippet:-1, max-image-preview:large, max-video-preview:-1\" \/>\n<link rel=\"canonical\" href=\"https:\/\/kosovatimes.info\/index.php\/2026\/04\/30\/ish-shefi-i-shtabit-te-pergjithshem-rus-kur-do-te-fillojme-vertet-luften\/\" \/>\n<meta property=\"og:locale\" content=\"en_US\" \/>\n<meta property=\"og:type\" content=\"article\" \/>\n<meta property=\"og:title\" content=\"Ish-Shefi i Shtabit t\u00eb P\u00ebrgjithsh\u00ebm Rus: Kur do t\u00eb fillojm\u00eb v\u00ebrtet luft\u00ebn? - Kosova Times\" \/>\n<meta property=\"og:description\" content=\"A duhet ta vazhdoj\u00eb Rusia varf\u00ebrimin e SVO-s\u00eb p\u00ebr disa vite t\u00eb tjera? K\u00eb do t\u00eb vazhdojm\u00eb ta l\u00ebm\u00eb t\u00eb uritur \u2013 t\u00eb gjith\u00eb Evrop\u00ebn, t\u00eb gjith\u00eb NATO-n, Japonin\u00eb dhe t\u00eb gjith\u00eb aleat\u00ebt e tjer\u00eb? Po ne, pyeti gjenerali Yuri Baluyevsky.&#8221;Kur do t\u00eb fillojm\u00eb m\u00eb n\u00eb fund nj\u00eb luft\u00eb t\u00eb v\u00ebrtet\u00eb n\u00eb Ukrain\u00eb?&#8221; Kjo pyetje [&hellip;]\" \/>\n<meta property=\"og:url\" content=\"https:\/\/kosovatimes.info\/index.php\/2026\/04\/30\/ish-shefi-i-shtabit-te-pergjithshem-rus-kur-do-te-fillojme-vertet-luften\/\" \/>\n<meta property=\"og:site_name\" content=\"Kosova Times\" \/>\n<meta property=\"article:published_time\" content=\"2026-04-30T11:30:26+00:00\" \/>\n<meta property=\"article:modified_time\" content=\"2026-04-30T11:30:29+00:00\" \/>\n<meta property=\"og:image\" content=\"https:\/\/kosovatimes.info\/wp-content\/uploads\/2026\/04\/Yury_Baluyevsky.jpg\" \/>\n\t<meta property=\"og:image:width\" content=\"960\" \/>\n\t<meta property=\"og:image:height\" content=\"673\" \/>\n\t<meta property=\"og:image:type\" content=\"image\/jpeg\" \/>\n<meta name=\"author\" content=\"i l\" \/>\n<meta name=\"twitter:card\" content=\"summary_large_image\" \/>\n<meta name=\"twitter:label1\" content=\"Written by\" \/>\n\t<meta name=\"twitter:data1\" content=\"i l\" \/>\n\t<meta name=\"twitter:label2\" content=\"Est. reading time\" \/>\n\t<meta name=\"twitter:data2\" content=\"3 minutes\" \/>\n<script type=\"application\/ld+json\" class=\"yoast-schema-graph\">{\"@context\":\"https:\\\/\\\/schema.org\",\"@graph\":[{\"@type\":\"Article\",\"@id\":\"https:\\\/\\\/kosovatimes.info\\\/index.php\\\/2026\\\/04\\\/30\\\/ish-shefi-i-shtabit-te-pergjithshem-rus-kur-do-te-fillojme-vertet-luften\\\/#article\",\"isPartOf\":{\"@id\":\"https:\\\/\\\/kosovatimes.info\\\/index.php\\\/2026\\\/04\\\/30\\\/ish-shefi-i-shtabit-te-pergjithshem-rus-kur-do-te-fillojme-vertet-luften\\\/\"},\"author\":{\"name\":\"i l\",\"@id\":\"https:\\\/\\\/kosovatimes.info\\\/#\\\/schema\\\/person\\\/7586712b9c512fe68085de007378c915\"},\"headline\":\"Ish-Shefi i Shtabit t\u00eb P\u00ebrgjithsh\u00ebm Rus: Kur do t\u00eb fillojm\u00eb v\u00ebrtet luft\u00ebn?\",\"datePublished\":\"2026-04-30T11:30:26+00:00\",\"dateModified\":\"2026-04-30T11:30:29+00:00\",\"mainEntityOfPage\":{\"@id\":\"https:\\\/\\\/kosovatimes.info\\\/index.php\\\/2026\\\/04\\\/30\\\/ish-shefi-i-shtabit-te-pergjithshem-rus-kur-do-te-fillojme-vertet-luften\\\/\"},\"wordCount\":508,\"commentCount\":0,\"image\":{\"@id\":\"https:\\\/\\\/kosovatimes.info\\\/index.php\\\/2026\\\/04\\\/30\\\/ish-shefi-i-shtabit-te-pergjithshem-rus-kur-do-te-fillojme-vertet-luften\\\/#primaryimage\"},\"thumbnailUrl\":\"https:\\\/\\\/kosovatimes.info\\\/wp-content\\\/uploads\\\/2026\\\/04\\\/Yury_Baluyevsky.jpg\",\"articleSection\":[\"Bot\u00eb\",\"Lajme\"],\"inLanguage\":\"en-US\",\"potentialAction\":[{\"@type\":\"CommentAction\",\"name\":\"Comment\",\"target\":[\"https:\\\/\\\/kosovatimes.info\\\/index.php\\\/2026\\\/04\\\/30\\\/ish-shefi-i-shtabit-te-pergjithshem-rus-kur-do-te-fillojme-vertet-luften\\\/#respond\"]}]},{\"@type\":\"WebPage\",\"@id\":\"https:\\\/\\\/kosovatimes.info\\\/index.php\\\/2026\\\/04\\\/30\\\/ish-shefi-i-shtabit-te-pergjithshem-rus-kur-do-te-fillojme-vertet-luften\\\/\",\"url\":\"https:\\\/\\\/kosovatimes.info\\\/index.php\\\/2026\\\/04\\\/30\\\/ish-shefi-i-shtabit-te-pergjithshem-rus-kur-do-te-fillojme-vertet-luften\\\/\",\"name\":\"Ish-Shefi i Shtabit t\u00eb P\u00ebrgjithsh\u00ebm Rus: Kur do t\u00eb fillojm\u00eb v\u00ebrtet luft\u00ebn? - Kosova Times\",\"isPartOf\":{\"@id\":\"https:\\\/\\\/kosovatimes.info\\\/#website\"},\"primaryImageOfPage\":{\"@id\":\"https:\\\/\\\/kosovatimes.info\\\/index.php\\\/2026\\\/04\\\/30\\\/ish-shefi-i-shtabit-te-pergjithshem-rus-kur-do-te-fillojme-vertet-luften\\\/#primaryimage\"},\"image\":{\"@id\":\"https:\\\/\\\/kosovatimes.info\\\/index.php\\\/2026\\\/04\\\/30\\\/ish-shefi-i-shtabit-te-pergjithshem-rus-kur-do-te-fillojme-vertet-luften\\\/#primaryimage\"},\"thumbnailUrl\":\"https:\\\/\\\/kosovatimes.info\\\/wp-content\\\/uploads\\\/2026\\\/04\\\/Yury_Baluyevsky.jpg\",\"datePublished\":\"2026-04-30T11:30:26+00:00\",\"dateModified\":\"2026-04-30T11:30:29+00:00\",\"author\":{\"@id\":\"https:\\\/\\\/kosovatimes.info\\\/#\\\/schema\\\/person\\\/7586712b9c512fe68085de007378c915\"},\"breadcrumb\":{\"@id\":\"https:\\\/\\\/kosovatimes.info\\\/index.php\\\/2026\\\/04\\\/30\\\/ish-shefi-i-shtabit-te-pergjithshem-rus-kur-do-te-fillojme-vertet-luften\\\/#breadcrumb\"},\"inLanguage\":\"en-US\",\"potentialAction\":[{\"@type\":\"ReadAction\",\"target\":[\"https:\\\/\\\/kosovatimes.info\\\/index.php\\\/2026\\\/04\\\/30\\\/ish-shefi-i-shtabit-te-pergjithshem-rus-kur-do-te-fillojme-vertet-luften\\\/\"]}]},{\"@type\":\"ImageObject\",\"inLanguage\":\"en-US\",\"@id\":\"https:\\\/\\\/kosovatimes.info\\\/index.php\\\/2026\\\/04\\\/30\\\/ish-shefi-i-shtabit-te-pergjithshem-rus-kur-do-te-fillojme-vertet-luften\\\/#primaryimage\",\"url\":\"https:\\\/\\\/kosovatimes.info\\\/wp-content\\\/uploads\\\/2026\\\/04\\\/Yury_Baluyevsky.jpg\",\"contentUrl\":\"https:\\\/\\\/kosovatimes.info\\\/wp-content\\\/uploads\\\/2026\\\/04\\\/Yury_Baluyevsky.jpg\",\"width\":960,\"height\":673},{\"@type\":\"BreadcrumbList\",\"@id\":\"https:\\\/\\\/kosovatimes.info\\\/index.php\\\/2026\\\/04\\\/30\\\/ish-shefi-i-shtabit-te-pergjithshem-rus-kur-do-te-fillojme-vertet-luften\\\/#breadcrumb\",\"itemListElement\":[{\"@type\":\"ListItem\",\"position\":1,\"name\":\"Home\",\"item\":\"https:\\\/\\\/kosovatimes.info\\\/\"},{\"@type\":\"ListItem\",\"position\":2,\"name\":\"Ish-Shefi i Shtabit t\u00eb P\u00ebrgjithsh\u00ebm Rus: Kur do t\u00eb fillojm\u00eb v\u00ebrtet luft\u00ebn?\"}]},{\"@type\":\"WebSite\",\"@id\":\"https:\\\/\\\/kosovatimes.info\\\/#website\",\"url\":\"https:\\\/\\\/kosovatimes.info\\\/\",\"name\":\"Kosova Times\",\"description\":\"\",\"potentialAction\":[{\"@type\":\"SearchAction\",\"target\":{\"@type\":\"EntryPoint\",\"urlTemplate\":\"https:\\\/\\\/kosovatimes.info\\\/?s={search_term_string}\"},\"query-input\":{\"@type\":\"PropertyValueSpecification\",\"valueRequired\":true,\"valueName\":\"search_term_string\"}}],\"inLanguage\":\"en-US\"},{\"@type\":\"Person\",\"@id\":\"https:\\\/\\\/kosovatimes.info\\\/#\\\/schema\\\/person\\\/7586712b9c512fe68085de007378c915\",\"name\":\"i l\",\"image\":{\"@type\":\"ImageObject\",\"inLanguage\":\"en-US\",\"@id\":\"https:\\\/\\\/secure.gravatar.com\\\/avatar\\\/bad9296e02816160ae2e2435beda58222022298d5625d49fea74d18816fbb31d?s=96&d=mm&r=g\",\"url\":\"https:\\\/\\\/secure.gravatar.com\\\/avatar\\\/bad9296e02816160ae2e2435beda58222022298d5625d49fea74d18816fbb31d?s=96&d=mm&r=g\",\"contentUrl\":\"https:\\\/\\\/secure.gravatar.com\\\/avatar\\\/bad9296e02816160ae2e2435beda58222022298d5625d49fea74d18816fbb31d?s=96&d=mm&r=g\",\"caption\":\"i l\"},\"url\":\"https:\\\/\\\/kosovatimes.info\\\/index.php\\\/author\\\/iliri\\\/\"}]}<\/script>\n<!-- \/ Yoast SEO plugin. -->","yoast_head_json":{"title":"Ish-Shefi i Shtabit t\u00eb P\u00ebrgjithsh\u00ebm Rus: Kur do t\u00eb fillojm\u00eb v\u00ebrtet luft\u00ebn? - Kosova Times","robots":{"index":"index","follow":"follow","max-snippet":"max-snippet:-1","max-image-preview":"max-image-preview:large","max-video-preview":"max-video-preview:-1"},"canonical":"https:\/\/kosovatimes.info\/index.php\/2026\/04\/30\/ish-shefi-i-shtabit-te-pergjithshem-rus-kur-do-te-fillojme-vertet-luften\/","og_locale":"en_US","og_type":"article","og_title":"Ish-Shefi i Shtabit t\u00eb P\u00ebrgjithsh\u00ebm Rus: Kur do t\u00eb fillojm\u00eb v\u00ebrtet luft\u00ebn? - Kosova Times","og_description":"A duhet ta vazhdoj\u00eb Rusia varf\u00ebrimin e SVO-s\u00eb p\u00ebr disa vite t\u00eb tjera? K\u00eb do t\u00eb vazhdojm\u00eb ta l\u00ebm\u00eb t\u00eb uritur \u2013 t\u00eb gjith\u00eb Evrop\u00ebn, t\u00eb gjith\u00eb NATO-n, Japonin\u00eb dhe t\u00eb gjith\u00eb aleat\u00ebt e tjer\u00eb? Po ne, pyeti gjenerali Yuri Baluyevsky.&#8221;Kur do t\u00eb fillojm\u00eb m\u00eb n\u00eb fund nj\u00eb luft\u00eb t\u00eb v\u00ebrtet\u00eb n\u00eb Ukrain\u00eb?&#8221; Kjo pyetje [&hellip;]","og_url":"https:\/\/kosovatimes.info\/index.php\/2026\/04\/30\/ish-shefi-i-shtabit-te-pergjithshem-rus-kur-do-te-fillojme-vertet-luften\/","og_site_name":"Kosova Times","article_published_time":"2026-04-30T11:30:26+00:00","article_modified_time":"2026-04-30T11:30:29+00:00","og_image":[{"width":960,"height":673,"url":"https:\/\/kosovatimes.info\/wp-content\/uploads\/2026\/04\/Yury_Baluyevsky.jpg","type":"image\/jpeg"}],"author":"i l","twitter_card":"summary_large_image","twitter_misc":{"Written by":"i l","Est. reading time":"3 minutes"},"schema":{"@context":"https:\/\/schema.org","@graph":[{"@type":"Article","@id":"https:\/\/kosovatimes.info\/index.php\/2026\/04\/30\/ish-shefi-i-shtabit-te-pergjithshem-rus-kur-do-te-fillojme-vertet-luften\/#article","isPartOf":{"@id":"https:\/\/kosovatimes.info\/index.php\/2026\/04\/30\/ish-shefi-i-shtabit-te-pergjithshem-rus-kur-do-te-fillojme-vertet-luften\/"},"author":{"name":"i l","@id":"https:\/\/kosovatimes.info\/#\/schema\/person\/7586712b9c512fe68085de007378c915"},"headline":"Ish-Shefi i Shtabit t\u00eb P\u00ebrgjithsh\u00ebm Rus: Kur do t\u00eb fillojm\u00eb v\u00ebrtet luft\u00ebn?","datePublished":"2026-04-30T11:30:26+00:00","dateModified":"2026-04-30T11:30:29+00:00","mainEntityOfPage":{"@id":"https:\/\/kosovatimes.info\/index.php\/2026\/04\/30\/ish-shefi-i-shtabit-te-pergjithshem-rus-kur-do-te-fillojme-vertet-luften\/"},"wordCount":508,"commentCount":0,"image":{"@id":"https:\/\/kosovatimes.info\/index.php\/2026\/04\/30\/ish-shefi-i-shtabit-te-pergjithshem-rus-kur-do-te-fillojme-vertet-luften\/#primaryimage"},"thumbnailUrl":"https:\/\/kosovatimes.info\/wp-content\/uploads\/2026\/04\/Yury_Baluyevsky.jpg","articleSection":["Bot\u00eb","Lajme"],"inLanguage":"en-US","potentialAction":[{"@type":"CommentAction","name":"Comment","target":["https:\/\/kosovatimes.info\/index.php\/2026\/04\/30\/ish-shefi-i-shtabit-te-pergjithshem-rus-kur-do-te-fillojme-vertet-luften\/#respond"]}]},{"@type":"WebPage","@id":"https:\/\/kosovatimes.info\/index.php\/2026\/04\/30\/ish-shefi-i-shtabit-te-pergjithshem-rus-kur-do-te-fillojme-vertet-luften\/","url":"https:\/\/kosovatimes.info\/index.php\/2026\/04\/30\/ish-shefi-i-shtabit-te-pergjithshem-rus-kur-do-te-fillojme-vertet-luften\/","name":"Ish-Shefi i Shtabit t\u00eb P\u00ebrgjithsh\u00ebm Rus: Kur do t\u00eb fillojm\u00eb v\u00ebrtet luft\u00ebn? - Kosova Times","isPartOf":{"@id":"https:\/\/kosovatimes.info\/#website"},"primaryImageOfPage":{"@id":"https:\/\/kosovatimes.info\/index.php\/2026\/04\/30\/ish-shefi-i-shtabit-te-pergjithshem-rus-kur-do-te-fillojme-vertet-luften\/#primaryimage"},"image":{"@id":"https:\/\/kosovatimes.info\/index.php\/2026\/04\/30\/ish-shefi-i-shtabit-te-pergjithshem-rus-kur-do-te-fillojme-vertet-luften\/#primaryimage"},"thumbnailUrl":"https:\/\/kosovatimes.info\/wp-content\/uploads\/2026\/04\/Yury_Baluyevsky.jpg","datePublished":"2026-04-30T11:30:26+00:00","dateModified":"2026-04-30T11:30:29+00:00","author":{"@id":"https:\/\/kosovatimes.info\/#\/schema\/person\/7586712b9c512fe68085de007378c915"},"breadcrumb":{"@id":"https:\/\/kosovatimes.info\/index.php\/2026\/04\/30\/ish-shefi-i-shtabit-te-pergjithshem-rus-kur-do-te-fillojme-vertet-luften\/#breadcrumb"},"inLanguage":"en-US","potentialAction":[{"@type":"ReadAction","target":["https:\/\/kosovatimes.info\/index.php\/2026\/04\/30\/ish-shefi-i-shtabit-te-pergjithshem-rus-kur-do-te-fillojme-vertet-luften\/"]}]},{"@type":"ImageObject","inLanguage":"en-US","@id":"https:\/\/kosovatimes.info\/index.php\/2026\/04\/30\/ish-shefi-i-shtabit-te-pergjithshem-rus-kur-do-te-fillojme-vertet-luften\/#primaryimage","url":"https:\/\/kosovatimes.info\/wp-content\/uploads\/2026\/04\/Yury_Baluyevsky.jpg","contentUrl":"https:\/\/kosovatimes.info\/wp-content\/uploads\/2026\/04\/Yury_Baluyevsky.jpg","width":960,"height":673},{"@type":"BreadcrumbList","@id":"https:\/\/kosovatimes.info\/index.php\/2026\/04\/30\/ish-shefi-i-shtabit-te-pergjithshem-rus-kur-do-te-fillojme-vertet-luften\/#breadcrumb","itemListElement":[{"@type":"ListItem","position":1,"name":"Home","item":"https:\/\/kosovatimes.info\/"},{"@type":"ListItem","position":2,"name":"Ish-Shefi i Shtabit t\u00eb P\u00ebrgjithsh\u00ebm Rus: Kur do t\u00eb fillojm\u00eb v\u00ebrtet luft\u00ebn?"}]},{"@type":"WebSite","@id":"https:\/\/kosovatimes.info\/#website","url":"https:\/\/kosovatimes.info\/","name":"Kosova Times","description":"","potentialAction":[{"@type":"SearchAction","target":{"@type":"EntryPoint","urlTemplate":"https:\/\/kosovatimes.info\/?s={search_term_string}"},"query-input":{"@type":"PropertyValueSpecification","valueRequired":true,"valueName":"search_term_string"}}],"inLanguage":"en-US"},{"@type":"Person","@id":"https:\/\/kosovatimes.info\/#\/schema\/person\/7586712b9c512fe68085de007378c915","name":"i l","image":{"@type":"ImageObject","inLanguage":"en-US","@id":"https:\/\/secure.gravatar.com\/avatar\/bad9296e02816160ae2e2435beda58222022298d5625d49fea74d18816fbb31d?s=96&d=mm&r=g","url":"https:\/\/secure.gravatar.com\/avatar\/bad9296e02816160ae2e2435beda58222022298d5625d49fea74d18816fbb31d?s=96&d=mm&r=g","contentUrl":"https:\/\/secure.gravatar.com\/avatar\/bad9296e02816160ae2e2435beda58222022298d5625d49fea74d18816fbb31d?s=96&d=mm&r=g","caption":"i l"},"url":"https:\/\/kosovatimes.info\/index.php\/author\/iliri\/"}]}},"_links":{"self":[{"href":"https:\/\/kosovatimes.info\/index.php\/wp-json\/wp\/v2\/posts\/12699","targetHints":{"allow":["GET"]}}],"collection":[{"href":"https:\/\/kosovatimes.info\/index.php\/wp-json\/wp\/v2\/posts"}],"about":[{"href":"https:\/\/kosovatimes.info\/index.php\/wp-json\/wp\/v2\/types\/post"}],"author":[{"embeddable":true,"href":"https:\/\/kosovatimes.info\/index.php\/wp-json\/wp\/v2\/users\/4"}],"replies":[{"embeddable":true,"href":"https:\/\/kosovatimes.info\/index.php\/wp-json\/wp\/v2\/comments?post=12699"}],"version-history":[{"count":1,"href":"https:\/\/kosovatimes.info\/index.php\/wp-json\/wp\/v2\/posts\/12699\/revisions"}],"predecessor-version":[{"id":12701,"href":"https:\/\/kosovatimes.info\/index.php\/wp-json\/wp\/v2\/posts\/12699\/revisions\/12701"}],"wp:featuredmedia":[{"embeddable":true,"href":"https:\/\/kosovatimes.info\/index.php\/wp-json\/wp\/v2\/media\/12700"}],"wp:attachment":[{"href":"https:\/\/kosovatimes.info\/index.php\/wp-json\/wp\/v2\/media?parent=12699"}],"wp:term":[{"taxonomy":"category","embeddable":true,"href":"https:\/\/kosovatimes.info\/index.php\/wp-json\/wp\/v2\/categories?post=12699"},{"taxonomy":"post_tag","embeddable":true,"href":"https:\/\/kosovatimes.info\/index.php\/wp-json\/wp\/v2\/tags?post=12699"}],"curies":[{"name":"wp","href":"https:\/\/api.w.org\/{rel}","templated":true}]}}