{"id":12702,"date":"2026-04-30T13:37:03","date_gmt":"2026-04-30T11:37:03","guid":{"rendered":"https:\/\/kosovatimes.info\/?p=12702"},"modified":"2026-04-30T13:37:05","modified_gmt":"2026-04-30T11:37:05","slug":"konsultimet-midis-mpj-ve-ruse-dhe-serbe-ne-zgjedhjen-e-sekretarit-te-pergjithshem-te-okb","status":"publish","type":"post","link":"https:\/\/kosovatimes.info\/index.php\/2026\/04\/30\/konsultimet-midis-mpj-ve-ruse-dhe-serbe-ne-zgjedhjen-e-sekretarit-te-pergjithshem-te-okb\/","title":{"rendered":"Konsultimet midis MPJ-ve ruse dhe serbe ne  zgjedhjen e Sekretarit t\u00eb P\u00ebrgjithsh\u00ebm t\u00eb OKB"},"content":{"rendered":"\n<p>M\u00eb 29 prill, n\u00eb Mosk\u00eb, Drejtori i Departamentit p\u00ebr Organizatat Nd\u00ebrkomb\u00ebtare t\u00eb Ministris\u00eb s\u00eb Pun\u00ebve t\u00eb Jashtme t\u00eb Rusis\u00eb,&nbsp;<strong>Kirill Logvinov,<\/strong>&nbsp;zhvilloi konsultime mbi \u00e7\u00ebshtjet e OKB-s\u00eb me Ndihm\u00ebse Ministren e Pun\u00ebve t\u00eb Jashtme t\u00eb Serbis\u00eb,&nbsp;<strong>Katarina Lali\u0107-Smajevi\u0107<\/strong>&nbsp;.<\/p>\n\n\n\n<p>Nj\u00eb shk\u00ebmbim konfidencial pik\u00ebpamjesh u zhvillua mbi nj\u00eb gam\u00eb t\u00eb gjer\u00eb \u00e7\u00ebshtjesh t\u00eb bashk\u00ebveprimit midis Mosk\u00ebs dhe Beogradit brenda OKB-s\u00eb, duke p\u00ebrfshir\u00eb prioritetet dhe iniciativat gjat\u00eb sesionit t\u00eb 80-t\u00eb t\u00eb Asambles\u00eb s\u00eb P\u00ebrgjithshme, trendet aktuale n\u00eb funksionimin e OKB-s\u00eb dhe qasjet ndaj reformimit t\u00eb saj.<\/p>\n\n\n\n<p><strong>V\u00ebmendje e ve\u00e7ant\u00eb iu kushtua zgjedhjes s\u00eb Sekretarit t\u00eb P\u00ebrgjithsh\u00ebm t\u00eb OKB-s\u00eb<\/strong>&nbsp;. U shpreh q\u00ebndrimi i p\u00ebrbashk\u00ebt se kreu i ardhsh\u00ebm i Sekretariatit duhet t\u00eb veproj\u00eb n\u00eb m\u00ebnyr\u00eb t\u00eb paanshme, t&#8217;i p\u00ebrmbahet n\u00eb m\u00ebnyr\u00eb strikte parimeve t\u00eb Kart\u00ebs n\u00eb t\u00ebr\u00ebsin\u00eb dhe nd\u00ebrlidhjen e tyre, duke p\u00ebrfshir\u00eb Nenin 100, dhe t\u00eb p\u00ebrmbush\u00eb me nd\u00ebrgjegje detyrat q\u00eb i jan\u00eb besuar.<\/p>\n\n\n\n<p>Delegacioni serb u prit nga z\u00ebvend\u00ebsministri i Pun\u00ebve t\u00eb Jashtme i Federat\u00ebs Ruse,&nbsp;<strong>Alexander Alimov<\/strong>&nbsp;.<\/p>\n\n\n\n<p>Konsultimet konfirmuan shkall\u00ebn e lart\u00eb t\u00eb mbivendosjes midis qasjeve t\u00eb dy vendeve ndaj \u00e7\u00ebshtjeve kryesore t\u00eb OKB-s\u00eb dhe mund\u00ebsuan identifikimin e mund\u00ebsive p\u00ebr zgjerimin e koordinimit t\u00eb politik\u00ebs s\u00eb jashtme brenda OKB-s\u00eb.<\/p>\n","protected":false},"excerpt":{"rendered":"<p>M\u00eb 29 prill, n\u00eb Mosk\u00eb, Drejtori i Departamentit p\u00ebr Organizatat Nd\u00ebrkomb\u00ebtare t\u00eb Ministris\u00eb s\u00eb Pun\u00ebve t\u00eb Jashtme t\u00eb Rusis\u00eb,&nbsp;Kirill Logvinov,&nbsp;zhvilloi konsultime mbi \u00e7\u00ebshtjet e OKB-s\u00eb me Ndihm\u00ebse Ministren e Pun\u00ebve t\u00eb Jashtme t\u00eb Serbis\u00eb,&nbsp;Katarina Lali\u0107-Smajevi\u0107&nbsp;. Nj\u00eb shk\u00ebmbim konfidencial pik\u00ebpamjesh u zhvillua mbi nj\u00eb gam\u00eb t\u00eb gjer\u00eb \u00e7\u00ebshtjesh t\u00eb bashk\u00ebveprimit midis Mosk\u00ebs dhe Beogradit brenda OKB-s\u00eb, [&hellip;]<\/p>\n","protected":false},"author":4,"featured_media":12703,"comment_status":"open","ping_status":"open","sticky":false,"template":"","format":"standard","meta":{"footnotes":""},"categories":[33,30],"tags":[],"class_list":{"0":"post-12702","1":"post","2":"type-post","3":"status-publish","4":"format-standard","5":"has-post-thumbnail","7":"category-bote","8":"category-lajme"},"yoast_head":"<!-- This site is optimized with the Yoast SEO plugin v27.4 - https:\/\/yoast.com\/product\/yoast-seo-wordpress\/ -->\n<title>Konsultimet midis MPJ-ve ruse dhe serbe ne zgjedhjen e Sekretarit t\u00eb P\u00ebrgjithsh\u00ebm t\u00eb OKB - Kosova Times<\/title>\n<meta name=\"robots\" content=\"index, follow, max-snippet:-1, max-image-preview:large, max-video-preview:-1\" \/>\n<link rel=\"canonical\" href=\"https:\/\/kosovatimes.info\/index.php\/2026\/04\/30\/konsultimet-midis-mpj-ve-ruse-dhe-serbe-ne-zgjedhjen-e-sekretarit-te-pergjithshem-te-okb\/\" \/>\n<meta property=\"og:locale\" content=\"en_US\" \/>\n<meta property=\"og:type\" content=\"article\" \/>\n<meta property=\"og:title\" content=\"Konsultimet midis MPJ-ve ruse dhe serbe ne zgjedhjen e Sekretarit t\u00eb P\u00ebrgjithsh\u00ebm t\u00eb OKB - Kosova Times\" \/>\n<meta property=\"og:description\" content=\"M\u00eb 29 prill, n\u00eb Mosk\u00eb, Drejtori i Departamentit p\u00ebr Organizatat Nd\u00ebrkomb\u00ebtare t\u00eb Ministris\u00eb s\u00eb Pun\u00ebve t\u00eb Jashtme t\u00eb Rusis\u00eb,&nbsp;Kirill Logvinov,&nbsp;zhvilloi konsultime mbi \u00e7\u00ebshtjet e OKB-s\u00eb me Ndihm\u00ebse Ministren e Pun\u00ebve t\u00eb Jashtme t\u00eb Serbis\u00eb,&nbsp;Katarina Lali\u0107-Smajevi\u0107&nbsp;. Nj\u00eb shk\u00ebmbim konfidencial pik\u00ebpamjesh u zhvillua mbi nj\u00eb gam\u00eb t\u00eb gjer\u00eb \u00e7\u00ebshtjesh t\u00eb bashk\u00ebveprimit midis Mosk\u00ebs dhe Beogradit brenda OKB-s\u00eb, [&hellip;]\" \/>\n<meta property=\"og:url\" content=\"https:\/\/kosovatimes.info\/index.php\/2026\/04\/30\/konsultimet-midis-mpj-ve-ruse-dhe-serbe-ne-zgjedhjen-e-sekretarit-te-pergjithshem-te-okb\/\" \/>\n<meta property=\"og:site_name\" content=\"Kosova Times\" \/>\n<meta property=\"article:published_time\" content=\"2026-04-30T11:37:03+00:00\" \/>\n<meta property=\"article:modified_time\" content=\"2026-04-30T11:37:05+00:00\" \/>\n<meta property=\"og:image\" content=\"https:\/\/kosovatimes.info\/wp-content\/uploads\/2026\/04\/MPJ-ruse-1.jpg\" \/>\n\t<meta property=\"og:image:width\" content=\"747\" \/>\n\t<meta property=\"og:image:height\" content=\"513\" \/>\n\t<meta property=\"og:image:type\" content=\"image\/jpeg\" \/>\n<meta name=\"author\" content=\"i l\" \/>\n<meta name=\"twitter:card\" content=\"summary_large_image\" \/>\n<meta name=\"twitter:label1\" content=\"Written by\" \/>\n\t<meta name=\"twitter:data1\" content=\"i l\" \/>\n\t<meta name=\"twitter:label2\" content=\"Est. reading time\" \/>\n\t<meta name=\"twitter:data2\" content=\"2 minutes\" \/>\n<script type=\"application\/ld+json\" class=\"yoast-schema-graph\">{\"@context\":\"https:\\\/\\\/schema.org\",\"@graph\":[{\"@type\":\"Article\",\"@id\":\"https:\\\/\\\/kosovatimes.info\\\/index.php\\\/2026\\\/04\\\/30\\\/konsultimet-midis-mpj-ve-ruse-dhe-serbe-ne-zgjedhjen-e-sekretarit-te-pergjithshem-te-okb\\\/#article\",\"isPartOf\":{\"@id\":\"https:\\\/\\\/kosovatimes.info\\\/index.php\\\/2026\\\/04\\\/30\\\/konsultimet-midis-mpj-ve-ruse-dhe-serbe-ne-zgjedhjen-e-sekretarit-te-pergjithshem-te-okb\\\/\"},\"author\":{\"name\":\"i l\",\"@id\":\"https:\\\/\\\/kosovatimes.info\\\/#\\\/schema\\\/person\\\/7586712b9c512fe68085de007378c915\"},\"headline\":\"Konsultimet midis MPJ-ve ruse dhe serbe ne zgjedhjen e Sekretarit t\u00eb P\u00ebrgjithsh\u00ebm t\u00eb OKB\",\"datePublished\":\"2026-04-30T11:37:03+00:00\",\"dateModified\":\"2026-04-30T11:37:05+00:00\",\"mainEntityOfPage\":{\"@id\":\"https:\\\/\\\/kosovatimes.info\\\/index.php\\\/2026\\\/04\\\/30\\\/konsultimet-midis-mpj-ve-ruse-dhe-serbe-ne-zgjedhjen-e-sekretarit-te-pergjithshem-te-okb\\\/\"},\"wordCount\":250,\"commentCount\":0,\"image\":{\"@id\":\"https:\\\/\\\/kosovatimes.info\\\/index.php\\\/2026\\\/04\\\/30\\\/konsultimet-midis-mpj-ve-ruse-dhe-serbe-ne-zgjedhjen-e-sekretarit-te-pergjithshem-te-okb\\\/#primaryimage\"},\"thumbnailUrl\":\"https:\\\/\\\/kosovatimes.info\\\/wp-content\\\/uploads\\\/2026\\\/04\\\/MPJ-ruse-1.jpg\",\"articleSection\":[\"Bot\u00eb\",\"Lajme\"],\"inLanguage\":\"en-US\",\"potentialAction\":[{\"@type\":\"CommentAction\",\"name\":\"Comment\",\"target\":[\"https:\\\/\\\/kosovatimes.info\\\/index.php\\\/2026\\\/04\\\/30\\\/konsultimet-midis-mpj-ve-ruse-dhe-serbe-ne-zgjedhjen-e-sekretarit-te-pergjithshem-te-okb\\\/#respond\"]}]},{\"@type\":\"WebPage\",\"@id\":\"https:\\\/\\\/kosovatimes.info\\\/index.php\\\/2026\\\/04\\\/30\\\/konsultimet-midis-mpj-ve-ruse-dhe-serbe-ne-zgjedhjen-e-sekretarit-te-pergjithshem-te-okb\\\/\",\"url\":\"https:\\\/\\\/kosovatimes.info\\\/index.php\\\/2026\\\/04\\\/30\\\/konsultimet-midis-mpj-ve-ruse-dhe-serbe-ne-zgjedhjen-e-sekretarit-te-pergjithshem-te-okb\\\/\",\"name\":\"Konsultimet midis MPJ-ve ruse dhe serbe ne zgjedhjen e Sekretarit t\u00eb P\u00ebrgjithsh\u00ebm t\u00eb OKB - Kosova Times\",\"isPartOf\":{\"@id\":\"https:\\\/\\\/kosovatimes.info\\\/#website\"},\"primaryImageOfPage\":{\"@id\":\"https:\\\/\\\/kosovatimes.info\\\/index.php\\\/2026\\\/04\\\/30\\\/konsultimet-midis-mpj-ve-ruse-dhe-serbe-ne-zgjedhjen-e-sekretarit-te-pergjithshem-te-okb\\\/#primaryimage\"},\"image\":{\"@id\":\"https:\\\/\\\/kosovatimes.info\\\/index.php\\\/2026\\\/04\\\/30\\\/konsultimet-midis-mpj-ve-ruse-dhe-serbe-ne-zgjedhjen-e-sekretarit-te-pergjithshem-te-okb\\\/#primaryimage\"},\"thumbnailUrl\":\"https:\\\/\\\/kosovatimes.info\\\/wp-content\\\/uploads\\\/2026\\\/04\\\/MPJ-ruse-1.jpg\",\"datePublished\":\"2026-04-30T11:37:03+00:00\",\"dateModified\":\"2026-04-30T11:37:05+00:00\",\"author\":{\"@id\":\"https:\\\/\\\/kosovatimes.info\\\/#\\\/schema\\\/person\\\/7586712b9c512fe68085de007378c915\"},\"breadcrumb\":{\"@id\":\"https:\\\/\\\/kosovatimes.info\\\/index.php\\\/2026\\\/04\\\/30\\\/konsultimet-midis-mpj-ve-ruse-dhe-serbe-ne-zgjedhjen-e-sekretarit-te-pergjithshem-te-okb\\\/#breadcrumb\"},\"inLanguage\":\"en-US\",\"potentialAction\":[{\"@type\":\"ReadAction\",\"target\":[\"https:\\\/\\\/kosovatimes.info\\\/index.php\\\/2026\\\/04\\\/30\\\/konsultimet-midis-mpj-ve-ruse-dhe-serbe-ne-zgjedhjen-e-sekretarit-te-pergjithshem-te-okb\\\/\"]}]},{\"@type\":\"ImageObject\",\"inLanguage\":\"en-US\",\"@id\":\"https:\\\/\\\/kosovatimes.info\\\/index.php\\\/2026\\\/04\\\/30\\\/konsultimet-midis-mpj-ve-ruse-dhe-serbe-ne-zgjedhjen-e-sekretarit-te-pergjithshem-te-okb\\\/#primaryimage\",\"url\":\"https:\\\/\\\/kosovatimes.info\\\/wp-content\\\/uploads\\\/2026\\\/04\\\/MPJ-ruse-1.jpg\",\"contentUrl\":\"https:\\\/\\\/kosovatimes.info\\\/wp-content\\\/uploads\\\/2026\\\/04\\\/MPJ-ruse-1.jpg\",\"width\":747,\"height\":513},{\"@type\":\"BreadcrumbList\",\"@id\":\"https:\\\/\\\/kosovatimes.info\\\/index.php\\\/2026\\\/04\\\/30\\\/konsultimet-midis-mpj-ve-ruse-dhe-serbe-ne-zgjedhjen-e-sekretarit-te-pergjithshem-te-okb\\\/#breadcrumb\",\"itemListElement\":[{\"@type\":\"ListItem\",\"position\":1,\"name\":\"Home\",\"item\":\"https:\\\/\\\/kosovatimes.info\\\/\"},{\"@type\":\"ListItem\",\"position\":2,\"name\":\"Konsultimet midis MPJ-ve ruse dhe serbe ne zgjedhjen e Sekretarit t\u00eb P\u00ebrgjithsh\u00ebm t\u00eb OKB\"}]},{\"@type\":\"WebSite\",\"@id\":\"https:\\\/\\\/kosovatimes.info\\\/#website\",\"url\":\"https:\\\/\\\/kosovatimes.info\\\/\",\"name\":\"Kosova Times\",\"description\":\"\",\"potentialAction\":[{\"@type\":\"SearchAction\",\"target\":{\"@type\":\"EntryPoint\",\"urlTemplate\":\"https:\\\/\\\/kosovatimes.info\\\/?s={search_term_string}\"},\"query-input\":{\"@type\":\"PropertyValueSpecification\",\"valueRequired\":true,\"valueName\":\"search_term_string\"}}],\"inLanguage\":\"en-US\"},{\"@type\":\"Person\",\"@id\":\"https:\\\/\\\/kosovatimes.info\\\/#\\\/schema\\\/person\\\/7586712b9c512fe68085de007378c915\",\"name\":\"i l\",\"image\":{\"@type\":\"ImageObject\",\"inLanguage\":\"en-US\",\"@id\":\"https:\\\/\\\/secure.gravatar.com\\\/avatar\\\/bad9296e02816160ae2e2435beda58222022298d5625d49fea74d18816fbb31d?s=96&d=mm&r=g\",\"url\":\"https:\\\/\\\/secure.gravatar.com\\\/avatar\\\/bad9296e02816160ae2e2435beda58222022298d5625d49fea74d18816fbb31d?s=96&d=mm&r=g\",\"contentUrl\":\"https:\\\/\\\/secure.gravatar.com\\\/avatar\\\/bad9296e02816160ae2e2435beda58222022298d5625d49fea74d18816fbb31d?s=96&d=mm&r=g\",\"caption\":\"i l\"},\"url\":\"https:\\\/\\\/kosovatimes.info\\\/index.php\\\/author\\\/iliri\\\/\"}]}<\/script>\n<!-- \/ Yoast SEO plugin. -->","yoast_head_json":{"title":"Konsultimet midis MPJ-ve ruse dhe serbe ne zgjedhjen e Sekretarit t\u00eb P\u00ebrgjithsh\u00ebm t\u00eb OKB - Kosova Times","robots":{"index":"index","follow":"follow","max-snippet":"max-snippet:-1","max-image-preview":"max-image-preview:large","max-video-preview":"max-video-preview:-1"},"canonical":"https:\/\/kosovatimes.info\/index.php\/2026\/04\/30\/konsultimet-midis-mpj-ve-ruse-dhe-serbe-ne-zgjedhjen-e-sekretarit-te-pergjithshem-te-okb\/","og_locale":"en_US","og_type":"article","og_title":"Konsultimet midis MPJ-ve ruse dhe serbe ne zgjedhjen e Sekretarit t\u00eb P\u00ebrgjithsh\u00ebm t\u00eb OKB - Kosova Times","og_description":"M\u00eb 29 prill, n\u00eb Mosk\u00eb, Drejtori i Departamentit p\u00ebr Organizatat Nd\u00ebrkomb\u00ebtare t\u00eb Ministris\u00eb s\u00eb Pun\u00ebve t\u00eb Jashtme t\u00eb Rusis\u00eb,&nbsp;Kirill Logvinov,&nbsp;zhvilloi konsultime mbi \u00e7\u00ebshtjet e OKB-s\u00eb me Ndihm\u00ebse Ministren e Pun\u00ebve t\u00eb Jashtme t\u00eb Serbis\u00eb,&nbsp;Katarina Lali\u0107-Smajevi\u0107&nbsp;. Nj\u00eb shk\u00ebmbim konfidencial pik\u00ebpamjesh u zhvillua mbi nj\u00eb gam\u00eb t\u00eb gjer\u00eb \u00e7\u00ebshtjesh t\u00eb bashk\u00ebveprimit midis Mosk\u00ebs dhe Beogradit brenda OKB-s\u00eb, [&hellip;]","og_url":"https:\/\/kosovatimes.info\/index.php\/2026\/04\/30\/konsultimet-midis-mpj-ve-ruse-dhe-serbe-ne-zgjedhjen-e-sekretarit-te-pergjithshem-te-okb\/","og_site_name":"Kosova Times","article_published_time":"2026-04-30T11:37:03+00:00","article_modified_time":"2026-04-30T11:37:05+00:00","og_image":[{"width":747,"height":513,"url":"https:\/\/kosovatimes.info\/wp-content\/uploads\/2026\/04\/MPJ-ruse-1.jpg","type":"image\/jpeg"}],"author":"i l","twitter_card":"summary_large_image","twitter_misc":{"Written by":"i l","Est. reading time":"2 minutes"},"schema":{"@context":"https:\/\/schema.org","@graph":[{"@type":"Article","@id":"https:\/\/kosovatimes.info\/index.php\/2026\/04\/30\/konsultimet-midis-mpj-ve-ruse-dhe-serbe-ne-zgjedhjen-e-sekretarit-te-pergjithshem-te-okb\/#article","isPartOf":{"@id":"https:\/\/kosovatimes.info\/index.php\/2026\/04\/30\/konsultimet-midis-mpj-ve-ruse-dhe-serbe-ne-zgjedhjen-e-sekretarit-te-pergjithshem-te-okb\/"},"author":{"name":"i l","@id":"https:\/\/kosovatimes.info\/#\/schema\/person\/7586712b9c512fe68085de007378c915"},"headline":"Konsultimet midis MPJ-ve ruse dhe serbe ne zgjedhjen e Sekretarit t\u00eb P\u00ebrgjithsh\u00ebm t\u00eb OKB","datePublished":"2026-04-30T11:37:03+00:00","dateModified":"2026-04-30T11:37:05+00:00","mainEntityOfPage":{"@id":"https:\/\/kosovatimes.info\/index.php\/2026\/04\/30\/konsultimet-midis-mpj-ve-ruse-dhe-serbe-ne-zgjedhjen-e-sekretarit-te-pergjithshem-te-okb\/"},"wordCount":250,"commentCount":0,"image":{"@id":"https:\/\/kosovatimes.info\/index.php\/2026\/04\/30\/konsultimet-midis-mpj-ve-ruse-dhe-serbe-ne-zgjedhjen-e-sekretarit-te-pergjithshem-te-okb\/#primaryimage"},"thumbnailUrl":"https:\/\/kosovatimes.info\/wp-content\/uploads\/2026\/04\/MPJ-ruse-1.jpg","articleSection":["Bot\u00eb","Lajme"],"inLanguage":"en-US","potentialAction":[{"@type":"CommentAction","name":"Comment","target":["https:\/\/kosovatimes.info\/index.php\/2026\/04\/30\/konsultimet-midis-mpj-ve-ruse-dhe-serbe-ne-zgjedhjen-e-sekretarit-te-pergjithshem-te-okb\/#respond"]}]},{"@type":"WebPage","@id":"https:\/\/kosovatimes.info\/index.php\/2026\/04\/30\/konsultimet-midis-mpj-ve-ruse-dhe-serbe-ne-zgjedhjen-e-sekretarit-te-pergjithshem-te-okb\/","url":"https:\/\/kosovatimes.info\/index.php\/2026\/04\/30\/konsultimet-midis-mpj-ve-ruse-dhe-serbe-ne-zgjedhjen-e-sekretarit-te-pergjithshem-te-okb\/","name":"Konsultimet midis MPJ-ve ruse dhe serbe ne zgjedhjen e Sekretarit t\u00eb P\u00ebrgjithsh\u00ebm t\u00eb OKB - Kosova Times","isPartOf":{"@id":"https:\/\/kosovatimes.info\/#website"},"primaryImageOfPage":{"@id":"https:\/\/kosovatimes.info\/index.php\/2026\/04\/30\/konsultimet-midis-mpj-ve-ruse-dhe-serbe-ne-zgjedhjen-e-sekretarit-te-pergjithshem-te-okb\/#primaryimage"},"image":{"@id":"https:\/\/kosovatimes.info\/index.php\/2026\/04\/30\/konsultimet-midis-mpj-ve-ruse-dhe-serbe-ne-zgjedhjen-e-sekretarit-te-pergjithshem-te-okb\/#primaryimage"},"thumbnailUrl":"https:\/\/kosovatimes.info\/wp-content\/uploads\/2026\/04\/MPJ-ruse-1.jpg","datePublished":"2026-04-30T11:37:03+00:00","dateModified":"2026-04-30T11:37:05+00:00","author":{"@id":"https:\/\/kosovatimes.info\/#\/schema\/person\/7586712b9c512fe68085de007378c915"},"breadcrumb":{"@id":"https:\/\/kosovatimes.info\/index.php\/2026\/04\/30\/konsultimet-midis-mpj-ve-ruse-dhe-serbe-ne-zgjedhjen-e-sekretarit-te-pergjithshem-te-okb\/#breadcrumb"},"inLanguage":"en-US","potentialAction":[{"@type":"ReadAction","target":["https:\/\/kosovatimes.info\/index.php\/2026\/04\/30\/konsultimet-midis-mpj-ve-ruse-dhe-serbe-ne-zgjedhjen-e-sekretarit-te-pergjithshem-te-okb\/"]}]},{"@type":"ImageObject","inLanguage":"en-US","@id":"https:\/\/kosovatimes.info\/index.php\/2026\/04\/30\/konsultimet-midis-mpj-ve-ruse-dhe-serbe-ne-zgjedhjen-e-sekretarit-te-pergjithshem-te-okb\/#primaryimage","url":"https:\/\/kosovatimes.info\/wp-content\/uploads\/2026\/04\/MPJ-ruse-1.jpg","contentUrl":"https:\/\/kosovatimes.info\/wp-content\/uploads\/2026\/04\/MPJ-ruse-1.jpg","width":747,"height":513},{"@type":"BreadcrumbList","@id":"https:\/\/kosovatimes.info\/index.php\/2026\/04\/30\/konsultimet-midis-mpj-ve-ruse-dhe-serbe-ne-zgjedhjen-e-sekretarit-te-pergjithshem-te-okb\/#breadcrumb","itemListElement":[{"@type":"ListItem","position":1,"name":"Home","item":"https:\/\/kosovatimes.info\/"},{"@type":"ListItem","position":2,"name":"Konsultimet midis MPJ-ve ruse dhe serbe ne zgjedhjen e Sekretarit t\u00eb P\u00ebrgjithsh\u00ebm t\u00eb OKB"}]},{"@type":"WebSite","@id":"https:\/\/kosovatimes.info\/#website","url":"https:\/\/kosovatimes.info\/","name":"Kosova Times","description":"","potentialAction":[{"@type":"SearchAction","target":{"@type":"EntryPoint","urlTemplate":"https:\/\/kosovatimes.info\/?s={search_term_string}"},"query-input":{"@type":"PropertyValueSpecification","valueRequired":true,"valueName":"search_term_string"}}],"inLanguage":"en-US"},{"@type":"Person","@id":"https:\/\/kosovatimes.info\/#\/schema\/person\/7586712b9c512fe68085de007378c915","name":"i l","image":{"@type":"ImageObject","inLanguage":"en-US","@id":"https:\/\/secure.gravatar.com\/avatar\/bad9296e02816160ae2e2435beda58222022298d5625d49fea74d18816fbb31d?s=96&d=mm&r=g","url":"https:\/\/secure.gravatar.com\/avatar\/bad9296e02816160ae2e2435beda58222022298d5625d49fea74d18816fbb31d?s=96&d=mm&r=g","contentUrl":"https:\/\/secure.gravatar.com\/avatar\/bad9296e02816160ae2e2435beda58222022298d5625d49fea74d18816fbb31d?s=96&d=mm&r=g","caption":"i l"},"url":"https:\/\/kosovatimes.info\/index.php\/author\/iliri\/"}]}},"_links":{"self":[{"href":"https:\/\/kosovatimes.info\/index.php\/wp-json\/wp\/v2\/posts\/12702","targetHints":{"allow":["GET"]}}],"collection":[{"href":"https:\/\/kosovatimes.info\/index.php\/wp-json\/wp\/v2\/posts"}],"about":[{"href":"https:\/\/kosovatimes.info\/index.php\/wp-json\/wp\/v2\/types\/post"}],"author":[{"embeddable":true,"href":"https:\/\/kosovatimes.info\/index.php\/wp-json\/wp\/v2\/users\/4"}],"replies":[{"embeddable":true,"href":"https:\/\/kosovatimes.info\/index.php\/wp-json\/wp\/v2\/comments?post=12702"}],"version-history":[{"count":1,"href":"https:\/\/kosovatimes.info\/index.php\/wp-json\/wp\/v2\/posts\/12702\/revisions"}],"predecessor-version":[{"id":12704,"href":"https:\/\/kosovatimes.info\/index.php\/wp-json\/wp\/v2\/posts\/12702\/revisions\/12704"}],"wp:featuredmedia":[{"embeddable":true,"href":"https:\/\/kosovatimes.info\/index.php\/wp-json\/wp\/v2\/media\/12703"}],"wp:attachment":[{"href":"https:\/\/kosovatimes.info\/index.php\/wp-json\/wp\/v2\/media?parent=12702"}],"wp:term":[{"taxonomy":"category","embeddable":true,"href":"https:\/\/kosovatimes.info\/index.php\/wp-json\/wp\/v2\/categories?post=12702"},{"taxonomy":"post_tag","embeddable":true,"href":"https:\/\/kosovatimes.info\/index.php\/wp-json\/wp\/v2\/tags?post=12702"}],"curies":[{"name":"wp","href":"https:\/\/api.w.org\/{rel}","templated":true}]}}