{"id":12705,"date":"2026-04-30T13:38:55","date_gmt":"2026-04-30T11:38:55","guid":{"rendered":"https:\/\/kosovatimes.info\/?p=12705"},"modified":"2026-04-30T13:38:58","modified_gmt":"2026-04-30T11:38:58","slug":"netanyahu-publikoi-nje-video-ne-te-cilen-i-paraqet-udheheqesit-e-opozites-si-arabe","status":"publish","type":"post","link":"https:\/\/kosovatimes.info\/index.php\/2026\/04\/30\/netanyahu-publikoi-nje-video-ne-te-cilen-i-paraqet-udheheqesit-e-opozites-si-arabe\/","title":{"rendered":"Netanyahu publikoi nj\u00eb video n\u00eb t\u00eb cil\u00ebn i paraqet udh\u00ebheq\u00ebsit e opozit\u00ebs si arab\u00eb"},"content":{"rendered":"\n<p>Kryeministri izraelit Benjamin Netanyahu postoi nj\u00eb video t\u00eb gjeneruar nga inteligjenca artificiale n\u00eb profilin e tij n\u00eb mediat sociale X, n\u00eb t\u00eb cil\u00ebn udh\u00ebheq\u00ebsit e opozit\u00ebs portretizohen si arab\u00eb.N\u00eb video, e cila ka edhe nuanca raciste, Netanyahu u p\u00ebrpoq t\u2019i paraqiste Yair Lapid dhe Naftali Bennett si arab\u00eb.Ky lloj mesazhi mund t\u00eb interpretohet edhe si islamofobik, sepse identiteti arab paraqitet si negativ, dhe sipas aktiviteteve dhe retorik\u00ebs s\u00eb m\u00ebparshme politike t\u00eb Netanyahut, madje si katastrofik p\u00ebr Izraelin.<\/p>\n\n\n\n<p>Opozita nga Izraeli, pra partia e Bennett dhe Lapid, nuk u njoftua, por Yair Golan, udh\u00ebheq\u00ebsi i Partis\u00eb Demokratike t\u00eb Izraelit dhe ish-an\u00ebtar i parlamentit, reagoi ndaj k\u00ebtij njoftimi, megjith\u00ebse nuk e kritikoi mesazhin islamofobik q\u00eb d\u00ebrgoi Netanyahu.<\/p>\n\n\n\n<p>&#8220;\u00cbsht\u00eb mir\u00eb q\u00eb po m\u00ebson si t\u00eb krijosh pamje me an\u00eb t\u00eb inteligjenc\u00ebs artificiale. K\u00ebto jan\u00eb aft\u00ebsi q\u00eb do t\u00eb t\u00eb duhen kur t\u00eb k\u00ebrkosh nj\u00eb pun\u00eb t\u00eb re&#8221;, shkroi Golan.<\/p>\n","protected":false},"excerpt":{"rendered":"<p>Kryeministri izraelit Benjamin Netanyahu postoi nj\u00eb video t\u00eb gjeneruar nga inteligjenca artificiale n\u00eb profilin e tij n\u00eb mediat sociale X, n\u00eb t\u00eb cil\u00ebn udh\u00ebheq\u00ebsit e opozit\u00ebs portretizohen si arab\u00eb.N\u00eb video, e cila ka edhe nuanca raciste, Netanyahu u p\u00ebrpoq t\u2019i paraqiste Yair Lapid dhe Naftali Bennett si arab\u00eb.Ky lloj mesazhi mund t\u00eb interpretohet edhe si [&hellip;]<\/p>\n","protected":false},"author":4,"featured_media":12706,"comment_status":"open","ping_status":"open","sticky":false,"template":"","format":"standard","meta":{"footnotes":""},"categories":[33,30],"tags":[],"class_list":{"0":"post-12705","1":"post","2":"type-post","3":"status-publish","4":"format-standard","5":"has-post-thumbnail","7":"category-bote","8":"category-lajme"},"yoast_head":"<!-- This site is optimized with the Yoast SEO plugin v27.4 - https:\/\/yoast.com\/product\/yoast-seo-wordpress\/ -->\n<title>Netanyahu publikoi nj\u00eb video n\u00eb t\u00eb cil\u00ebn i paraqet udh\u00ebheq\u00ebsit e opozit\u00ebs si arab\u00eb - Kosova Times<\/title>\n<meta name=\"robots\" content=\"index, follow, max-snippet:-1, max-image-preview:large, max-video-preview:-1\" \/>\n<link rel=\"canonical\" href=\"https:\/\/kosovatimes.info\/index.php\/2026\/04\/30\/netanyahu-publikoi-nje-video-ne-te-cilen-i-paraqet-udheheqesit-e-opozites-si-arabe\/\" \/>\n<meta property=\"og:locale\" content=\"en_US\" \/>\n<meta property=\"og:type\" content=\"article\" \/>\n<meta property=\"og:title\" content=\"Netanyahu publikoi nj\u00eb video n\u00eb t\u00eb cil\u00ebn i paraqet udh\u00ebheq\u00ebsit e opozit\u00ebs si arab\u00eb - Kosova Times\" \/>\n<meta property=\"og:description\" content=\"Kryeministri izraelit Benjamin Netanyahu postoi nj\u00eb video t\u00eb gjeneruar nga inteligjenca artificiale n\u00eb profilin e tij n\u00eb mediat sociale X, n\u00eb t\u00eb cil\u00ebn udh\u00ebheq\u00ebsit e opozit\u00ebs portretizohen si arab\u00eb.N\u00eb video, e cila ka edhe nuanca raciste, Netanyahu u p\u00ebrpoq t\u2019i paraqiste Yair Lapid dhe Naftali Bennett si arab\u00eb.Ky lloj mesazhi mund t\u00eb interpretohet edhe si [&hellip;]\" \/>\n<meta property=\"og:url\" content=\"https:\/\/kosovatimes.info\/index.php\/2026\/04\/30\/netanyahu-publikoi-nje-video-ne-te-cilen-i-paraqet-udheheqesit-e-opozites-si-arabe\/\" \/>\n<meta property=\"og:site_name\" content=\"Kosova Times\" \/>\n<meta property=\"article:published_time\" content=\"2026-04-30T11:38:55+00:00\" \/>\n<meta property=\"article:modified_time\" content=\"2026-04-30T11:38:58+00:00\" \/>\n<meta property=\"og:image\" content=\"https:\/\/kosovatimes.info\/wp-content\/uploads\/2026\/04\/Natanyahu.webp\" \/>\n\t<meta property=\"og:image:width\" content=\"800\" \/>\n\t<meta property=\"og:image:height\" content=\"533\" \/>\n\t<meta property=\"og:image:type\" content=\"image\/webp\" \/>\n<meta name=\"author\" content=\"i l\" \/>\n<meta name=\"twitter:card\" content=\"summary_large_image\" \/>\n<meta name=\"twitter:label1\" content=\"Written by\" \/>\n\t<meta name=\"twitter:data1\" content=\"i l\" \/>\n\t<meta name=\"twitter:label2\" content=\"Est. reading time\" \/>\n\t<meta name=\"twitter:data2\" content=\"1 minute\" \/>\n<script type=\"application\/ld+json\" class=\"yoast-schema-graph\">{\"@context\":\"https:\\\/\\\/schema.org\",\"@graph\":[{\"@type\":\"Article\",\"@id\":\"https:\\\/\\\/kosovatimes.info\\\/index.php\\\/2026\\\/04\\\/30\\\/netanyahu-publikoi-nje-video-ne-te-cilen-i-paraqet-udheheqesit-e-opozites-si-arabe\\\/#article\",\"isPartOf\":{\"@id\":\"https:\\\/\\\/kosovatimes.info\\\/index.php\\\/2026\\\/04\\\/30\\\/netanyahu-publikoi-nje-video-ne-te-cilen-i-paraqet-udheheqesit-e-opozites-si-arabe\\\/\"},\"author\":{\"name\":\"i l\",\"@id\":\"https:\\\/\\\/kosovatimes.info\\\/#\\\/schema\\\/person\\\/7586712b9c512fe68085de007378c915\"},\"headline\":\"Netanyahu publikoi nj\u00eb video n\u00eb t\u00eb cil\u00ebn i paraqet udh\u00ebheq\u00ebsit e opozit\u00ebs si arab\u00eb\",\"datePublished\":\"2026-04-30T11:38:55+00:00\",\"dateModified\":\"2026-04-30T11:38:58+00:00\",\"mainEntityOfPage\":{\"@id\":\"https:\\\/\\\/kosovatimes.info\\\/index.php\\\/2026\\\/04\\\/30\\\/netanyahu-publikoi-nje-video-ne-te-cilen-i-paraqet-udheheqesit-e-opozites-si-arabe\\\/\"},\"wordCount\":186,\"commentCount\":0,\"image\":{\"@id\":\"https:\\\/\\\/kosovatimes.info\\\/index.php\\\/2026\\\/04\\\/30\\\/netanyahu-publikoi-nje-video-ne-te-cilen-i-paraqet-udheheqesit-e-opozites-si-arabe\\\/#primaryimage\"},\"thumbnailUrl\":\"https:\\\/\\\/kosovatimes.info\\\/wp-content\\\/uploads\\\/2026\\\/04\\\/Natanyahu.webp\",\"articleSection\":[\"Bot\u00eb\",\"Lajme\"],\"inLanguage\":\"en-US\",\"potentialAction\":[{\"@type\":\"CommentAction\",\"name\":\"Comment\",\"target\":[\"https:\\\/\\\/kosovatimes.info\\\/index.php\\\/2026\\\/04\\\/30\\\/netanyahu-publikoi-nje-video-ne-te-cilen-i-paraqet-udheheqesit-e-opozites-si-arabe\\\/#respond\"]}]},{\"@type\":\"WebPage\",\"@id\":\"https:\\\/\\\/kosovatimes.info\\\/index.php\\\/2026\\\/04\\\/30\\\/netanyahu-publikoi-nje-video-ne-te-cilen-i-paraqet-udheheqesit-e-opozites-si-arabe\\\/\",\"url\":\"https:\\\/\\\/kosovatimes.info\\\/index.php\\\/2026\\\/04\\\/30\\\/netanyahu-publikoi-nje-video-ne-te-cilen-i-paraqet-udheheqesit-e-opozites-si-arabe\\\/\",\"name\":\"Netanyahu publikoi nj\u00eb video n\u00eb t\u00eb cil\u00ebn i paraqet udh\u00ebheq\u00ebsit e opozit\u00ebs si arab\u00eb - Kosova Times\",\"isPartOf\":{\"@id\":\"https:\\\/\\\/kosovatimes.info\\\/#website\"},\"primaryImageOfPage\":{\"@id\":\"https:\\\/\\\/kosovatimes.info\\\/index.php\\\/2026\\\/04\\\/30\\\/netanyahu-publikoi-nje-video-ne-te-cilen-i-paraqet-udheheqesit-e-opozites-si-arabe\\\/#primaryimage\"},\"image\":{\"@id\":\"https:\\\/\\\/kosovatimes.info\\\/index.php\\\/2026\\\/04\\\/30\\\/netanyahu-publikoi-nje-video-ne-te-cilen-i-paraqet-udheheqesit-e-opozites-si-arabe\\\/#primaryimage\"},\"thumbnailUrl\":\"https:\\\/\\\/kosovatimes.info\\\/wp-content\\\/uploads\\\/2026\\\/04\\\/Natanyahu.webp\",\"datePublished\":\"2026-04-30T11:38:55+00:00\",\"dateModified\":\"2026-04-30T11:38:58+00:00\",\"author\":{\"@id\":\"https:\\\/\\\/kosovatimes.info\\\/#\\\/schema\\\/person\\\/7586712b9c512fe68085de007378c915\"},\"breadcrumb\":{\"@id\":\"https:\\\/\\\/kosovatimes.info\\\/index.php\\\/2026\\\/04\\\/30\\\/netanyahu-publikoi-nje-video-ne-te-cilen-i-paraqet-udheheqesit-e-opozites-si-arabe\\\/#breadcrumb\"},\"inLanguage\":\"en-US\",\"potentialAction\":[{\"@type\":\"ReadAction\",\"target\":[\"https:\\\/\\\/kosovatimes.info\\\/index.php\\\/2026\\\/04\\\/30\\\/netanyahu-publikoi-nje-video-ne-te-cilen-i-paraqet-udheheqesit-e-opozites-si-arabe\\\/\"]}]},{\"@type\":\"ImageObject\",\"inLanguage\":\"en-US\",\"@id\":\"https:\\\/\\\/kosovatimes.info\\\/index.php\\\/2026\\\/04\\\/30\\\/netanyahu-publikoi-nje-video-ne-te-cilen-i-paraqet-udheheqesit-e-opozites-si-arabe\\\/#primaryimage\",\"url\":\"https:\\\/\\\/kosovatimes.info\\\/wp-content\\\/uploads\\\/2026\\\/04\\\/Natanyahu.webp\",\"contentUrl\":\"https:\\\/\\\/kosovatimes.info\\\/wp-content\\\/uploads\\\/2026\\\/04\\\/Natanyahu.webp\",\"width\":800,\"height\":533},{\"@type\":\"BreadcrumbList\",\"@id\":\"https:\\\/\\\/kosovatimes.info\\\/index.php\\\/2026\\\/04\\\/30\\\/netanyahu-publikoi-nje-video-ne-te-cilen-i-paraqet-udheheqesit-e-opozites-si-arabe\\\/#breadcrumb\",\"itemListElement\":[{\"@type\":\"ListItem\",\"position\":1,\"name\":\"Home\",\"item\":\"https:\\\/\\\/kosovatimes.info\\\/\"},{\"@type\":\"ListItem\",\"position\":2,\"name\":\"Netanyahu publikoi nj\u00eb video n\u00eb t\u00eb cil\u00ebn i paraqet udh\u00ebheq\u00ebsit e opozit\u00ebs si arab\u00eb\"}]},{\"@type\":\"WebSite\",\"@id\":\"https:\\\/\\\/kosovatimes.info\\\/#website\",\"url\":\"https:\\\/\\\/kosovatimes.info\\\/\",\"name\":\"Kosova Times\",\"description\":\"\",\"potentialAction\":[{\"@type\":\"SearchAction\",\"target\":{\"@type\":\"EntryPoint\",\"urlTemplate\":\"https:\\\/\\\/kosovatimes.info\\\/?s={search_term_string}\"},\"query-input\":{\"@type\":\"PropertyValueSpecification\",\"valueRequired\":true,\"valueName\":\"search_term_string\"}}],\"inLanguage\":\"en-US\"},{\"@type\":\"Person\",\"@id\":\"https:\\\/\\\/kosovatimes.info\\\/#\\\/schema\\\/person\\\/7586712b9c512fe68085de007378c915\",\"name\":\"i l\",\"image\":{\"@type\":\"ImageObject\",\"inLanguage\":\"en-US\",\"@id\":\"https:\\\/\\\/secure.gravatar.com\\\/avatar\\\/bad9296e02816160ae2e2435beda58222022298d5625d49fea74d18816fbb31d?s=96&d=mm&r=g\",\"url\":\"https:\\\/\\\/secure.gravatar.com\\\/avatar\\\/bad9296e02816160ae2e2435beda58222022298d5625d49fea74d18816fbb31d?s=96&d=mm&r=g\",\"contentUrl\":\"https:\\\/\\\/secure.gravatar.com\\\/avatar\\\/bad9296e02816160ae2e2435beda58222022298d5625d49fea74d18816fbb31d?s=96&d=mm&r=g\",\"caption\":\"i l\"},\"url\":\"https:\\\/\\\/kosovatimes.info\\\/index.php\\\/author\\\/iliri\\\/\"}]}<\/script>\n<!-- \/ Yoast SEO plugin. -->","yoast_head_json":{"title":"Netanyahu publikoi nj\u00eb video n\u00eb t\u00eb cil\u00ebn i paraqet udh\u00ebheq\u00ebsit e opozit\u00ebs si arab\u00eb - Kosova Times","robots":{"index":"index","follow":"follow","max-snippet":"max-snippet:-1","max-image-preview":"max-image-preview:large","max-video-preview":"max-video-preview:-1"},"canonical":"https:\/\/kosovatimes.info\/index.php\/2026\/04\/30\/netanyahu-publikoi-nje-video-ne-te-cilen-i-paraqet-udheheqesit-e-opozites-si-arabe\/","og_locale":"en_US","og_type":"article","og_title":"Netanyahu publikoi nj\u00eb video n\u00eb t\u00eb cil\u00ebn i paraqet udh\u00ebheq\u00ebsit e opozit\u00ebs si arab\u00eb - Kosova Times","og_description":"Kryeministri izraelit Benjamin Netanyahu postoi nj\u00eb video t\u00eb gjeneruar nga inteligjenca artificiale n\u00eb profilin e tij n\u00eb mediat sociale X, n\u00eb t\u00eb cil\u00ebn udh\u00ebheq\u00ebsit e opozit\u00ebs portretizohen si arab\u00eb.N\u00eb video, e cila ka edhe nuanca raciste, Netanyahu u p\u00ebrpoq t\u2019i paraqiste Yair Lapid dhe Naftali Bennett si arab\u00eb.Ky lloj mesazhi mund t\u00eb interpretohet edhe si [&hellip;]","og_url":"https:\/\/kosovatimes.info\/index.php\/2026\/04\/30\/netanyahu-publikoi-nje-video-ne-te-cilen-i-paraqet-udheheqesit-e-opozites-si-arabe\/","og_site_name":"Kosova Times","article_published_time":"2026-04-30T11:38:55+00:00","article_modified_time":"2026-04-30T11:38:58+00:00","og_image":[{"width":800,"height":533,"url":"https:\/\/kosovatimes.info\/wp-content\/uploads\/2026\/04\/Natanyahu.webp","type":"image\/webp"}],"author":"i l","twitter_card":"summary_large_image","twitter_misc":{"Written by":"i l","Est. reading time":"1 minute"},"schema":{"@context":"https:\/\/schema.org","@graph":[{"@type":"Article","@id":"https:\/\/kosovatimes.info\/index.php\/2026\/04\/30\/netanyahu-publikoi-nje-video-ne-te-cilen-i-paraqet-udheheqesit-e-opozites-si-arabe\/#article","isPartOf":{"@id":"https:\/\/kosovatimes.info\/index.php\/2026\/04\/30\/netanyahu-publikoi-nje-video-ne-te-cilen-i-paraqet-udheheqesit-e-opozites-si-arabe\/"},"author":{"name":"i l","@id":"https:\/\/kosovatimes.info\/#\/schema\/person\/7586712b9c512fe68085de007378c915"},"headline":"Netanyahu publikoi nj\u00eb video n\u00eb t\u00eb cil\u00ebn i paraqet udh\u00ebheq\u00ebsit e opozit\u00ebs si arab\u00eb","datePublished":"2026-04-30T11:38:55+00:00","dateModified":"2026-04-30T11:38:58+00:00","mainEntityOfPage":{"@id":"https:\/\/kosovatimes.info\/index.php\/2026\/04\/30\/netanyahu-publikoi-nje-video-ne-te-cilen-i-paraqet-udheheqesit-e-opozites-si-arabe\/"},"wordCount":186,"commentCount":0,"image":{"@id":"https:\/\/kosovatimes.info\/index.php\/2026\/04\/30\/netanyahu-publikoi-nje-video-ne-te-cilen-i-paraqet-udheheqesit-e-opozites-si-arabe\/#primaryimage"},"thumbnailUrl":"https:\/\/kosovatimes.info\/wp-content\/uploads\/2026\/04\/Natanyahu.webp","articleSection":["Bot\u00eb","Lajme"],"inLanguage":"en-US","potentialAction":[{"@type":"CommentAction","name":"Comment","target":["https:\/\/kosovatimes.info\/index.php\/2026\/04\/30\/netanyahu-publikoi-nje-video-ne-te-cilen-i-paraqet-udheheqesit-e-opozites-si-arabe\/#respond"]}]},{"@type":"WebPage","@id":"https:\/\/kosovatimes.info\/index.php\/2026\/04\/30\/netanyahu-publikoi-nje-video-ne-te-cilen-i-paraqet-udheheqesit-e-opozites-si-arabe\/","url":"https:\/\/kosovatimes.info\/index.php\/2026\/04\/30\/netanyahu-publikoi-nje-video-ne-te-cilen-i-paraqet-udheheqesit-e-opozites-si-arabe\/","name":"Netanyahu publikoi nj\u00eb video n\u00eb t\u00eb cil\u00ebn i paraqet udh\u00ebheq\u00ebsit e opozit\u00ebs si arab\u00eb - Kosova Times","isPartOf":{"@id":"https:\/\/kosovatimes.info\/#website"},"primaryImageOfPage":{"@id":"https:\/\/kosovatimes.info\/index.php\/2026\/04\/30\/netanyahu-publikoi-nje-video-ne-te-cilen-i-paraqet-udheheqesit-e-opozites-si-arabe\/#primaryimage"},"image":{"@id":"https:\/\/kosovatimes.info\/index.php\/2026\/04\/30\/netanyahu-publikoi-nje-video-ne-te-cilen-i-paraqet-udheheqesit-e-opozites-si-arabe\/#primaryimage"},"thumbnailUrl":"https:\/\/kosovatimes.info\/wp-content\/uploads\/2026\/04\/Natanyahu.webp","datePublished":"2026-04-30T11:38:55+00:00","dateModified":"2026-04-30T11:38:58+00:00","author":{"@id":"https:\/\/kosovatimes.info\/#\/schema\/person\/7586712b9c512fe68085de007378c915"},"breadcrumb":{"@id":"https:\/\/kosovatimes.info\/index.php\/2026\/04\/30\/netanyahu-publikoi-nje-video-ne-te-cilen-i-paraqet-udheheqesit-e-opozites-si-arabe\/#breadcrumb"},"inLanguage":"en-US","potentialAction":[{"@type":"ReadAction","target":["https:\/\/kosovatimes.info\/index.php\/2026\/04\/30\/netanyahu-publikoi-nje-video-ne-te-cilen-i-paraqet-udheheqesit-e-opozites-si-arabe\/"]}]},{"@type":"ImageObject","inLanguage":"en-US","@id":"https:\/\/kosovatimes.info\/index.php\/2026\/04\/30\/netanyahu-publikoi-nje-video-ne-te-cilen-i-paraqet-udheheqesit-e-opozites-si-arabe\/#primaryimage","url":"https:\/\/kosovatimes.info\/wp-content\/uploads\/2026\/04\/Natanyahu.webp","contentUrl":"https:\/\/kosovatimes.info\/wp-content\/uploads\/2026\/04\/Natanyahu.webp","width":800,"height":533},{"@type":"BreadcrumbList","@id":"https:\/\/kosovatimes.info\/index.php\/2026\/04\/30\/netanyahu-publikoi-nje-video-ne-te-cilen-i-paraqet-udheheqesit-e-opozites-si-arabe\/#breadcrumb","itemListElement":[{"@type":"ListItem","position":1,"name":"Home","item":"https:\/\/kosovatimes.info\/"},{"@type":"ListItem","position":2,"name":"Netanyahu publikoi nj\u00eb video n\u00eb t\u00eb cil\u00ebn i paraqet udh\u00ebheq\u00ebsit e opozit\u00ebs si arab\u00eb"}]},{"@type":"WebSite","@id":"https:\/\/kosovatimes.info\/#website","url":"https:\/\/kosovatimes.info\/","name":"Kosova Times","description":"","potentialAction":[{"@type":"SearchAction","target":{"@type":"EntryPoint","urlTemplate":"https:\/\/kosovatimes.info\/?s={search_term_string}"},"query-input":{"@type":"PropertyValueSpecification","valueRequired":true,"valueName":"search_term_string"}}],"inLanguage":"en-US"},{"@type":"Person","@id":"https:\/\/kosovatimes.info\/#\/schema\/person\/7586712b9c512fe68085de007378c915","name":"i l","image":{"@type":"ImageObject","inLanguage":"en-US","@id":"https:\/\/secure.gravatar.com\/avatar\/bad9296e02816160ae2e2435beda58222022298d5625d49fea74d18816fbb31d?s=96&d=mm&r=g","url":"https:\/\/secure.gravatar.com\/avatar\/bad9296e02816160ae2e2435beda58222022298d5625d49fea74d18816fbb31d?s=96&d=mm&r=g","contentUrl":"https:\/\/secure.gravatar.com\/avatar\/bad9296e02816160ae2e2435beda58222022298d5625d49fea74d18816fbb31d?s=96&d=mm&r=g","caption":"i l"},"url":"https:\/\/kosovatimes.info\/index.php\/author\/iliri\/"}]}},"_links":{"self":[{"href":"https:\/\/kosovatimes.info\/index.php\/wp-json\/wp\/v2\/posts\/12705","targetHints":{"allow":["GET"]}}],"collection":[{"href":"https:\/\/kosovatimes.info\/index.php\/wp-json\/wp\/v2\/posts"}],"about":[{"href":"https:\/\/kosovatimes.info\/index.php\/wp-json\/wp\/v2\/types\/post"}],"author":[{"embeddable":true,"href":"https:\/\/kosovatimes.info\/index.php\/wp-json\/wp\/v2\/users\/4"}],"replies":[{"embeddable":true,"href":"https:\/\/kosovatimes.info\/index.php\/wp-json\/wp\/v2\/comments?post=12705"}],"version-history":[{"count":1,"href":"https:\/\/kosovatimes.info\/index.php\/wp-json\/wp\/v2\/posts\/12705\/revisions"}],"predecessor-version":[{"id":12707,"href":"https:\/\/kosovatimes.info\/index.php\/wp-json\/wp\/v2\/posts\/12705\/revisions\/12707"}],"wp:featuredmedia":[{"embeddable":true,"href":"https:\/\/kosovatimes.info\/index.php\/wp-json\/wp\/v2\/media\/12706"}],"wp:attachment":[{"href":"https:\/\/kosovatimes.info\/index.php\/wp-json\/wp\/v2\/media?parent=12705"}],"wp:term":[{"taxonomy":"category","embeddable":true,"href":"https:\/\/kosovatimes.info\/index.php\/wp-json\/wp\/v2\/categories?post=12705"},{"taxonomy":"post_tag","embeddable":true,"href":"https:\/\/kosovatimes.info\/index.php\/wp-json\/wp\/v2\/tags?post=12705"}],"curies":[{"name":"wp","href":"https:\/\/api.w.org\/{rel}","templated":true}]}}