{"id":12708,"date":"2026-04-30T13:43:15","date_gmt":"2026-04-30T11:43:15","guid":{"rendered":"https:\/\/kosovatimes.info\/?p=12708"},"modified":"2026-04-30T13:43:18","modified_gmt":"2026-04-30T11:43:18","slug":"bezdisja-e-ankarase-per-greqine-francen-cdo-aleance-kunder-turqise-do-te-deshtoje","status":"publish","type":"post","link":"https:\/\/kosovatimes.info\/index.php\/2026\/04\/30\/bezdisja-e-ankarase-per-greqine-francen-cdo-aleance-kunder-turqise-do-te-deshtoje\/","title":{"rendered":"Bezdisja e Ankaras\u00eb p\u00ebr Greqin\u00eb &#8211; Franc\u00ebn: \u00c7do aleanc\u00eb kund\u00ebr Turqis\u00eb do t\u00eb d\u00ebshtoj\u00eb"},"content":{"rendered":"\n<p>Shqet\u00ebsimi i Ankaras\u00eb p\u00ebr diskutimet e fundit midis Greqis\u00eb dhe Franc\u00ebs, gjat\u00eb vizit\u00ebs s\u00eb Emmanuel Macron, sinjalizohet nga njoftimi i sot\u00ebm nga Ministria Turke e Mbrojtjes.\u00a0Nj\u00eb deklarat\u00eb i referohet deklaratave t\u00eb lider\u00ebve evropian\u00eb q\u00eb synojn\u00eb Ankaran\u00eb, t\u00eb cilat &#8211; si\u00e7 shtohet &#8211; nuk jan\u00eb n\u00eb p\u00ebrputhje me parimet e aleanc\u00ebs dhe solidaritetit.<\/p>\n\n\n\n<p>Pas deklarat\u00ebs s\u00eb Macron nga Athina, se n\u00ebse k\u00ebrc\u00ebnohet sovraniteti i Greqis\u00eb &#8220;ne do t\u00eb jemi k\u00ebtu p\u00ebr ju&#8221;, Ankaraja argumenton se \u00e7do bashk\u00ebpunim ose aleanc\u00eb ushtarake q\u00eb p\u00ebrpiqet t\u00eb kthehet kund\u00ebr Turqis\u00eb &#8220;nuk ka shanse p\u00ebr sukses&#8221;, nd\u00ebrsa shton se n\u00eb \u00e7\u00ebshtjet e siguris\u00eb dhe stabilitetit &#8220;fituesit do t\u00eb jen\u00eb ata q\u00eb zgjedhin bashk\u00ebpunimin me Turqin\u00eb dhe jo konfrontimin&#8221;.<\/p>\n\n\n\n<h2 class=\"wp-block-heading\">Deklarata n\u00eb detaje:<\/h2>\n\n\n\n<p>&#8220;Ne po ndjekim deklaratat e fundit t\u00eb disa zyrtar\u00ebve evropian\u00eb<br>q\u00eb synojn\u00eb vendin ton\u00eb.<\/p>\n\n\n\n<p>Deklaratat n\u00eb lidhje me rolin rajonal t\u00eb Turqis\u00eb dhe vendin e saj brenda siguris\u00eb evropiane nuk jan\u00eb n\u00eb p\u00ebrputhje me parimet e aleanc\u00ebs dhe solidaritetit.<\/p>\n\n\n\n<p>Gjithashtu, deklaratat e Franc\u00ebs, nj\u00eb an\u00ebtare e NATO-s, bazuar n\u00eb skenar\u00eb t\u00eb ndrysh\u00ebm, rrisin tensionin dhe rrezikojn\u00eb t\u00eb d\u00ebmtojn\u00eb paqen dhe stabilitetin rajonal.<\/p>\n\n\n\n<p>Ju kujtojm\u00eb se \u00e7do aleanc\u00eb ushtarake e tentuar n\u00eb rajonin ton\u00eb nuk ka shanse p\u00ebr sukses kund\u00ebr Turqis\u00eb.&nbsp;<\/p>\n\n\n\n<p>Si\u00e7 e ka deklaruar ministri yn\u00eb n\u00eb t\u00eb kaluar\u00ebn, n\u00eb periudh\u00ebn e ardhshme,&nbsp;<br>n\u00eb \u00e7do situat\u00eb ku siguria dhe stabiliteti jan\u00eb n\u00eb rrezik, ata q\u00eb jan\u00eb me Turqin\u00eb do t\u00eb fitojn\u00eb, jo ata q\u00eb e kund\u00ebrshtojn\u00eb Turqin\u00eb.<\/p>\n\n\n\n<p>Turqia vepron n\u00eb p\u00ebrputhje me t\u00eb drejt\u00ebn nd\u00ebrkomb\u00ebtare dhe i jep p\u00ebrpar\u00ebsi ruajtjes s\u00eb paqes dhe stabilitetit n\u00eb rajonin e saj. Megjithat\u00eb, kjo qasje nuk do t\u00eb thot\u00eb q\u00eb ne do t\u00eb kompromentojm\u00eb t\u00eb drejtat dhe interesat komb\u00ebtare si t\u00eb vendit ton\u00eb ashtu edhe t\u00eb &#8220;TRNC-s\u00eb&#8221;. Marr\u00ebveshjet n\u00eb lidhje me sigurin\u00eb dhe stabilitetin e ishullit t\u00eb Qipros p\u00ebrcaktohen nga marr\u00ebveshjet nd\u00ebrkomb\u00ebtare dhe Turqia \u00ebsht\u00eb nj\u00eb nga vendet garantuese.<\/p>\n\n\n\n<p>Nd\u00ebrsa mbetet e paqart\u00eb se \u00e7far\u00eb nevoje specifike sigurie fshihet pas deklaratave t\u00eb Franc\u00ebs n\u00eb lidhje me vendosjen e trupave n\u00eb \u201cQipron Jugore\u201d, nisma t\u00eb tilla rrezikojn\u00eb t\u00eb prishin ekuilibrin ekzistues delikat dhe t\u00eb rrisin tensionet. Ne p\u00ebrs\u00ebrisim se nisma t\u00eb tilla mund t\u00eb krijojn\u00eb gjithashtu rreziqe sigurie n\u00eb t\u00eb ardhmen p\u00ebr Administrat\u00ebn Qipriote Greke dhe se hapat q\u00eb mund t\u00eb d\u00ebmtojn\u00eb stabilitetin rajonal duhet t\u00eb shmangen.\u201d<\/p>\n","protected":false},"excerpt":{"rendered":"<p>Shqet\u00ebsimi i Ankaras\u00eb p\u00ebr diskutimet e fundit midis Greqis\u00eb dhe Franc\u00ebs, gjat\u00eb vizit\u00ebs s\u00eb Emmanuel Macron, sinjalizohet nga njoftimi i sot\u00ebm nga Ministria Turke e Mbrojtjes.\u00a0Nj\u00eb deklarat\u00eb i referohet deklaratave t\u00eb lider\u00ebve evropian\u00eb q\u00eb synojn\u00eb Ankaran\u00eb, t\u00eb cilat &#8211; si\u00e7 shtohet &#8211; nuk jan\u00eb n\u00eb p\u00ebrputhje me parimet e aleanc\u00ebs dhe solidaritetit. Pas deklarat\u00ebs s\u00eb [&hellip;]<\/p>\n","protected":false},"author":4,"featured_media":12709,"comment_status":"open","ping_status":"open","sticky":false,"template":"","format":"standard","meta":{"footnotes":""},"categories":[30,32],"tags":[],"class_list":{"0":"post-12708","1":"post","2":"type-post","3":"status-publish","4":"format-standard","5":"has-post-thumbnail","7":"category-lajme","8":"category-rajon"},"yoast_head":"<!-- This site is optimized with the Yoast SEO plugin v27.4 - https:\/\/yoast.com\/product\/yoast-seo-wordpress\/ -->\n<title>Bezdisja e Ankaras\u00eb p\u00ebr Greqin\u00eb - Franc\u00ebn: \u00c7do aleanc\u00eb kund\u00ebr Turqis\u00eb do t\u00eb d\u00ebshtoj\u00eb - Kosova Times<\/title>\n<meta name=\"robots\" content=\"index, follow, max-snippet:-1, max-image-preview:large, max-video-preview:-1\" \/>\n<link rel=\"canonical\" href=\"https:\/\/kosovatimes.info\/index.php\/2026\/04\/30\/bezdisja-e-ankarase-per-greqine-francen-cdo-aleance-kunder-turqise-do-te-deshtoje\/\" \/>\n<meta property=\"og:locale\" content=\"en_US\" \/>\n<meta property=\"og:type\" content=\"article\" \/>\n<meta property=\"og:title\" content=\"Bezdisja e Ankaras\u00eb p\u00ebr Greqin\u00eb - Franc\u00ebn: \u00c7do aleanc\u00eb kund\u00ebr Turqis\u00eb do t\u00eb d\u00ebshtoj\u00eb - Kosova Times\" \/>\n<meta property=\"og:description\" content=\"Shqet\u00ebsimi i Ankaras\u00eb p\u00ebr diskutimet e fundit midis Greqis\u00eb dhe Franc\u00ebs, gjat\u00eb vizit\u00ebs s\u00eb Emmanuel Macron, sinjalizohet nga njoftimi i sot\u00ebm nga Ministria Turke e Mbrojtjes.\u00a0Nj\u00eb deklarat\u00eb i referohet deklaratave t\u00eb lider\u00ebve evropian\u00eb q\u00eb synojn\u00eb Ankaran\u00eb, t\u00eb cilat &#8211; si\u00e7 shtohet &#8211; nuk jan\u00eb n\u00eb p\u00ebrputhje me parimet e aleanc\u00ebs dhe solidaritetit. Pas deklarat\u00ebs s\u00eb [&hellip;]\" \/>\n<meta property=\"og:url\" content=\"https:\/\/kosovatimes.info\/index.php\/2026\/04\/30\/bezdisja-e-ankarase-per-greqine-francen-cdo-aleance-kunder-turqise-do-te-deshtoje\/\" \/>\n<meta property=\"og:site_name\" content=\"Kosova Times\" \/>\n<meta property=\"article:published_time\" content=\"2026-04-30T11:43:15+00:00\" \/>\n<meta property=\"article:modified_time\" content=\"2026-04-30T11:43:18+00:00\" \/>\n<meta property=\"og:image\" content=\"https:\/\/kosovatimes.info\/wp-content\/uploads\/2026\/04\/Turqia.jpg\" \/>\n\t<meta property=\"og:image:width\" content=\"289\" \/>\n\t<meta property=\"og:image:height\" content=\"174\" \/>\n\t<meta property=\"og:image:type\" content=\"image\/jpeg\" \/>\n<meta name=\"author\" content=\"i l\" \/>\n<meta name=\"twitter:card\" content=\"summary_large_image\" \/>\n<meta name=\"twitter:label1\" content=\"Written by\" \/>\n\t<meta name=\"twitter:data1\" content=\"i l\" \/>\n\t<meta name=\"twitter:label2\" content=\"Est. reading time\" \/>\n\t<meta name=\"twitter:data2\" content=\"2 minutes\" \/>\n<script type=\"application\/ld+json\" class=\"yoast-schema-graph\">{\"@context\":\"https:\\\/\\\/schema.org\",\"@graph\":[{\"@type\":\"Article\",\"@id\":\"https:\\\/\\\/kosovatimes.info\\\/index.php\\\/2026\\\/04\\\/30\\\/bezdisja-e-ankarase-per-greqine-francen-cdo-aleance-kunder-turqise-do-te-deshtoje\\\/#article\",\"isPartOf\":{\"@id\":\"https:\\\/\\\/kosovatimes.info\\\/index.php\\\/2026\\\/04\\\/30\\\/bezdisja-e-ankarase-per-greqine-francen-cdo-aleance-kunder-turqise-do-te-deshtoje\\\/\"},\"author\":{\"name\":\"i l\",\"@id\":\"https:\\\/\\\/kosovatimes.info\\\/#\\\/schema\\\/person\\\/7586712b9c512fe68085de007378c915\"},\"headline\":\"Bezdisja e Ankaras\u00eb p\u00ebr Greqin\u00eb &#8211; Franc\u00ebn: \u00c7do aleanc\u00eb kund\u00ebr Turqis\u00eb do t\u00eb d\u00ebshtoj\u00eb\",\"datePublished\":\"2026-04-30T11:43:15+00:00\",\"dateModified\":\"2026-04-30T11:43:18+00:00\",\"mainEntityOfPage\":{\"@id\":\"https:\\\/\\\/kosovatimes.info\\\/index.php\\\/2026\\\/04\\\/30\\\/bezdisja-e-ankarase-per-greqine-francen-cdo-aleance-kunder-turqise-do-te-deshtoje\\\/\"},\"wordCount\":439,\"commentCount\":0,\"image\":{\"@id\":\"https:\\\/\\\/kosovatimes.info\\\/index.php\\\/2026\\\/04\\\/30\\\/bezdisja-e-ankarase-per-greqine-francen-cdo-aleance-kunder-turqise-do-te-deshtoje\\\/#primaryimage\"},\"thumbnailUrl\":\"https:\\\/\\\/kosovatimes.info\\\/wp-content\\\/uploads\\\/2026\\\/04\\\/Turqia.jpg\",\"articleSection\":[\"Lajme\",\"Rajon\"],\"inLanguage\":\"en-US\",\"potentialAction\":[{\"@type\":\"CommentAction\",\"name\":\"Comment\",\"target\":[\"https:\\\/\\\/kosovatimes.info\\\/index.php\\\/2026\\\/04\\\/30\\\/bezdisja-e-ankarase-per-greqine-francen-cdo-aleance-kunder-turqise-do-te-deshtoje\\\/#respond\"]}]},{\"@type\":\"WebPage\",\"@id\":\"https:\\\/\\\/kosovatimes.info\\\/index.php\\\/2026\\\/04\\\/30\\\/bezdisja-e-ankarase-per-greqine-francen-cdo-aleance-kunder-turqise-do-te-deshtoje\\\/\",\"url\":\"https:\\\/\\\/kosovatimes.info\\\/index.php\\\/2026\\\/04\\\/30\\\/bezdisja-e-ankarase-per-greqine-francen-cdo-aleance-kunder-turqise-do-te-deshtoje\\\/\",\"name\":\"Bezdisja e Ankaras\u00eb p\u00ebr Greqin\u00eb - Franc\u00ebn: \u00c7do aleanc\u00eb kund\u00ebr Turqis\u00eb do t\u00eb d\u00ebshtoj\u00eb - Kosova Times\",\"isPartOf\":{\"@id\":\"https:\\\/\\\/kosovatimes.info\\\/#website\"},\"primaryImageOfPage\":{\"@id\":\"https:\\\/\\\/kosovatimes.info\\\/index.php\\\/2026\\\/04\\\/30\\\/bezdisja-e-ankarase-per-greqine-francen-cdo-aleance-kunder-turqise-do-te-deshtoje\\\/#primaryimage\"},\"image\":{\"@id\":\"https:\\\/\\\/kosovatimes.info\\\/index.php\\\/2026\\\/04\\\/30\\\/bezdisja-e-ankarase-per-greqine-francen-cdo-aleance-kunder-turqise-do-te-deshtoje\\\/#primaryimage\"},\"thumbnailUrl\":\"https:\\\/\\\/kosovatimes.info\\\/wp-content\\\/uploads\\\/2026\\\/04\\\/Turqia.jpg\",\"datePublished\":\"2026-04-30T11:43:15+00:00\",\"dateModified\":\"2026-04-30T11:43:18+00:00\",\"author\":{\"@id\":\"https:\\\/\\\/kosovatimes.info\\\/#\\\/schema\\\/person\\\/7586712b9c512fe68085de007378c915\"},\"breadcrumb\":{\"@id\":\"https:\\\/\\\/kosovatimes.info\\\/index.php\\\/2026\\\/04\\\/30\\\/bezdisja-e-ankarase-per-greqine-francen-cdo-aleance-kunder-turqise-do-te-deshtoje\\\/#breadcrumb\"},\"inLanguage\":\"en-US\",\"potentialAction\":[{\"@type\":\"ReadAction\",\"target\":[\"https:\\\/\\\/kosovatimes.info\\\/index.php\\\/2026\\\/04\\\/30\\\/bezdisja-e-ankarase-per-greqine-francen-cdo-aleance-kunder-turqise-do-te-deshtoje\\\/\"]}]},{\"@type\":\"ImageObject\",\"inLanguage\":\"en-US\",\"@id\":\"https:\\\/\\\/kosovatimes.info\\\/index.php\\\/2026\\\/04\\\/30\\\/bezdisja-e-ankarase-per-greqine-francen-cdo-aleance-kunder-turqise-do-te-deshtoje\\\/#primaryimage\",\"url\":\"https:\\\/\\\/kosovatimes.info\\\/wp-content\\\/uploads\\\/2026\\\/04\\\/Turqia.jpg\",\"contentUrl\":\"https:\\\/\\\/kosovatimes.info\\\/wp-content\\\/uploads\\\/2026\\\/04\\\/Turqia.jpg\",\"width\":289,\"height\":174},{\"@type\":\"BreadcrumbList\",\"@id\":\"https:\\\/\\\/kosovatimes.info\\\/index.php\\\/2026\\\/04\\\/30\\\/bezdisja-e-ankarase-per-greqine-francen-cdo-aleance-kunder-turqise-do-te-deshtoje\\\/#breadcrumb\",\"itemListElement\":[{\"@type\":\"ListItem\",\"position\":1,\"name\":\"Home\",\"item\":\"https:\\\/\\\/kosovatimes.info\\\/\"},{\"@type\":\"ListItem\",\"position\":2,\"name\":\"Bezdisja e Ankaras\u00eb p\u00ebr Greqin\u00eb &#8211; Franc\u00ebn: \u00c7do aleanc\u00eb kund\u00ebr Turqis\u00eb do t\u00eb d\u00ebshtoj\u00eb\"}]},{\"@type\":\"WebSite\",\"@id\":\"https:\\\/\\\/kosovatimes.info\\\/#website\",\"url\":\"https:\\\/\\\/kosovatimes.info\\\/\",\"name\":\"Kosova Times\",\"description\":\"\",\"potentialAction\":[{\"@type\":\"SearchAction\",\"target\":{\"@type\":\"EntryPoint\",\"urlTemplate\":\"https:\\\/\\\/kosovatimes.info\\\/?s={search_term_string}\"},\"query-input\":{\"@type\":\"PropertyValueSpecification\",\"valueRequired\":true,\"valueName\":\"search_term_string\"}}],\"inLanguage\":\"en-US\"},{\"@type\":\"Person\",\"@id\":\"https:\\\/\\\/kosovatimes.info\\\/#\\\/schema\\\/person\\\/7586712b9c512fe68085de007378c915\",\"name\":\"i l\",\"image\":{\"@type\":\"ImageObject\",\"inLanguage\":\"en-US\",\"@id\":\"https:\\\/\\\/secure.gravatar.com\\\/avatar\\\/bad9296e02816160ae2e2435beda58222022298d5625d49fea74d18816fbb31d?s=96&d=mm&r=g\",\"url\":\"https:\\\/\\\/secure.gravatar.com\\\/avatar\\\/bad9296e02816160ae2e2435beda58222022298d5625d49fea74d18816fbb31d?s=96&d=mm&r=g\",\"contentUrl\":\"https:\\\/\\\/secure.gravatar.com\\\/avatar\\\/bad9296e02816160ae2e2435beda58222022298d5625d49fea74d18816fbb31d?s=96&d=mm&r=g\",\"caption\":\"i l\"},\"url\":\"https:\\\/\\\/kosovatimes.info\\\/index.php\\\/author\\\/iliri\\\/\"}]}<\/script>\n<!-- \/ Yoast SEO plugin. -->","yoast_head_json":{"title":"Bezdisja e Ankaras\u00eb p\u00ebr Greqin\u00eb - Franc\u00ebn: \u00c7do aleanc\u00eb kund\u00ebr Turqis\u00eb do t\u00eb d\u00ebshtoj\u00eb - Kosova Times","robots":{"index":"index","follow":"follow","max-snippet":"max-snippet:-1","max-image-preview":"max-image-preview:large","max-video-preview":"max-video-preview:-1"},"canonical":"https:\/\/kosovatimes.info\/index.php\/2026\/04\/30\/bezdisja-e-ankarase-per-greqine-francen-cdo-aleance-kunder-turqise-do-te-deshtoje\/","og_locale":"en_US","og_type":"article","og_title":"Bezdisja e Ankaras\u00eb p\u00ebr Greqin\u00eb - Franc\u00ebn: \u00c7do aleanc\u00eb kund\u00ebr Turqis\u00eb do t\u00eb d\u00ebshtoj\u00eb - Kosova Times","og_description":"Shqet\u00ebsimi i Ankaras\u00eb p\u00ebr diskutimet e fundit midis Greqis\u00eb dhe Franc\u00ebs, gjat\u00eb vizit\u00ebs s\u00eb Emmanuel Macron, sinjalizohet nga njoftimi i sot\u00ebm nga Ministria Turke e Mbrojtjes.\u00a0Nj\u00eb deklarat\u00eb i referohet deklaratave t\u00eb lider\u00ebve evropian\u00eb q\u00eb synojn\u00eb Ankaran\u00eb, t\u00eb cilat &#8211; si\u00e7 shtohet &#8211; nuk jan\u00eb n\u00eb p\u00ebrputhje me parimet e aleanc\u00ebs dhe solidaritetit. Pas deklarat\u00ebs s\u00eb [&hellip;]","og_url":"https:\/\/kosovatimes.info\/index.php\/2026\/04\/30\/bezdisja-e-ankarase-per-greqine-francen-cdo-aleance-kunder-turqise-do-te-deshtoje\/","og_site_name":"Kosova Times","article_published_time":"2026-04-30T11:43:15+00:00","article_modified_time":"2026-04-30T11:43:18+00:00","og_image":[{"width":289,"height":174,"url":"https:\/\/kosovatimes.info\/wp-content\/uploads\/2026\/04\/Turqia.jpg","type":"image\/jpeg"}],"author":"i l","twitter_card":"summary_large_image","twitter_misc":{"Written by":"i l","Est. reading time":"2 minutes"},"schema":{"@context":"https:\/\/schema.org","@graph":[{"@type":"Article","@id":"https:\/\/kosovatimes.info\/index.php\/2026\/04\/30\/bezdisja-e-ankarase-per-greqine-francen-cdo-aleance-kunder-turqise-do-te-deshtoje\/#article","isPartOf":{"@id":"https:\/\/kosovatimes.info\/index.php\/2026\/04\/30\/bezdisja-e-ankarase-per-greqine-francen-cdo-aleance-kunder-turqise-do-te-deshtoje\/"},"author":{"name":"i l","@id":"https:\/\/kosovatimes.info\/#\/schema\/person\/7586712b9c512fe68085de007378c915"},"headline":"Bezdisja e Ankaras\u00eb p\u00ebr Greqin\u00eb &#8211; Franc\u00ebn: \u00c7do aleanc\u00eb kund\u00ebr Turqis\u00eb do t\u00eb d\u00ebshtoj\u00eb","datePublished":"2026-04-30T11:43:15+00:00","dateModified":"2026-04-30T11:43:18+00:00","mainEntityOfPage":{"@id":"https:\/\/kosovatimes.info\/index.php\/2026\/04\/30\/bezdisja-e-ankarase-per-greqine-francen-cdo-aleance-kunder-turqise-do-te-deshtoje\/"},"wordCount":439,"commentCount":0,"image":{"@id":"https:\/\/kosovatimes.info\/index.php\/2026\/04\/30\/bezdisja-e-ankarase-per-greqine-francen-cdo-aleance-kunder-turqise-do-te-deshtoje\/#primaryimage"},"thumbnailUrl":"https:\/\/kosovatimes.info\/wp-content\/uploads\/2026\/04\/Turqia.jpg","articleSection":["Lajme","Rajon"],"inLanguage":"en-US","potentialAction":[{"@type":"CommentAction","name":"Comment","target":["https:\/\/kosovatimes.info\/index.php\/2026\/04\/30\/bezdisja-e-ankarase-per-greqine-francen-cdo-aleance-kunder-turqise-do-te-deshtoje\/#respond"]}]},{"@type":"WebPage","@id":"https:\/\/kosovatimes.info\/index.php\/2026\/04\/30\/bezdisja-e-ankarase-per-greqine-francen-cdo-aleance-kunder-turqise-do-te-deshtoje\/","url":"https:\/\/kosovatimes.info\/index.php\/2026\/04\/30\/bezdisja-e-ankarase-per-greqine-francen-cdo-aleance-kunder-turqise-do-te-deshtoje\/","name":"Bezdisja e Ankaras\u00eb p\u00ebr Greqin\u00eb - Franc\u00ebn: \u00c7do aleanc\u00eb kund\u00ebr Turqis\u00eb do t\u00eb d\u00ebshtoj\u00eb - Kosova Times","isPartOf":{"@id":"https:\/\/kosovatimes.info\/#website"},"primaryImageOfPage":{"@id":"https:\/\/kosovatimes.info\/index.php\/2026\/04\/30\/bezdisja-e-ankarase-per-greqine-francen-cdo-aleance-kunder-turqise-do-te-deshtoje\/#primaryimage"},"image":{"@id":"https:\/\/kosovatimes.info\/index.php\/2026\/04\/30\/bezdisja-e-ankarase-per-greqine-francen-cdo-aleance-kunder-turqise-do-te-deshtoje\/#primaryimage"},"thumbnailUrl":"https:\/\/kosovatimes.info\/wp-content\/uploads\/2026\/04\/Turqia.jpg","datePublished":"2026-04-30T11:43:15+00:00","dateModified":"2026-04-30T11:43:18+00:00","author":{"@id":"https:\/\/kosovatimes.info\/#\/schema\/person\/7586712b9c512fe68085de007378c915"},"breadcrumb":{"@id":"https:\/\/kosovatimes.info\/index.php\/2026\/04\/30\/bezdisja-e-ankarase-per-greqine-francen-cdo-aleance-kunder-turqise-do-te-deshtoje\/#breadcrumb"},"inLanguage":"en-US","potentialAction":[{"@type":"ReadAction","target":["https:\/\/kosovatimes.info\/index.php\/2026\/04\/30\/bezdisja-e-ankarase-per-greqine-francen-cdo-aleance-kunder-turqise-do-te-deshtoje\/"]}]},{"@type":"ImageObject","inLanguage":"en-US","@id":"https:\/\/kosovatimes.info\/index.php\/2026\/04\/30\/bezdisja-e-ankarase-per-greqine-francen-cdo-aleance-kunder-turqise-do-te-deshtoje\/#primaryimage","url":"https:\/\/kosovatimes.info\/wp-content\/uploads\/2026\/04\/Turqia.jpg","contentUrl":"https:\/\/kosovatimes.info\/wp-content\/uploads\/2026\/04\/Turqia.jpg","width":289,"height":174},{"@type":"BreadcrumbList","@id":"https:\/\/kosovatimes.info\/index.php\/2026\/04\/30\/bezdisja-e-ankarase-per-greqine-francen-cdo-aleance-kunder-turqise-do-te-deshtoje\/#breadcrumb","itemListElement":[{"@type":"ListItem","position":1,"name":"Home","item":"https:\/\/kosovatimes.info\/"},{"@type":"ListItem","position":2,"name":"Bezdisja e Ankaras\u00eb p\u00ebr Greqin\u00eb &#8211; Franc\u00ebn: \u00c7do aleanc\u00eb kund\u00ebr Turqis\u00eb do t\u00eb d\u00ebshtoj\u00eb"}]},{"@type":"WebSite","@id":"https:\/\/kosovatimes.info\/#website","url":"https:\/\/kosovatimes.info\/","name":"Kosova Times","description":"","potentialAction":[{"@type":"SearchAction","target":{"@type":"EntryPoint","urlTemplate":"https:\/\/kosovatimes.info\/?s={search_term_string}"},"query-input":{"@type":"PropertyValueSpecification","valueRequired":true,"valueName":"search_term_string"}}],"inLanguage":"en-US"},{"@type":"Person","@id":"https:\/\/kosovatimes.info\/#\/schema\/person\/7586712b9c512fe68085de007378c915","name":"i l","image":{"@type":"ImageObject","inLanguage":"en-US","@id":"https:\/\/secure.gravatar.com\/avatar\/bad9296e02816160ae2e2435beda58222022298d5625d49fea74d18816fbb31d?s=96&d=mm&r=g","url":"https:\/\/secure.gravatar.com\/avatar\/bad9296e02816160ae2e2435beda58222022298d5625d49fea74d18816fbb31d?s=96&d=mm&r=g","contentUrl":"https:\/\/secure.gravatar.com\/avatar\/bad9296e02816160ae2e2435beda58222022298d5625d49fea74d18816fbb31d?s=96&d=mm&r=g","caption":"i l"},"url":"https:\/\/kosovatimes.info\/index.php\/author\/iliri\/"}]}},"_links":{"self":[{"href":"https:\/\/kosovatimes.info\/index.php\/wp-json\/wp\/v2\/posts\/12708","targetHints":{"allow":["GET"]}}],"collection":[{"href":"https:\/\/kosovatimes.info\/index.php\/wp-json\/wp\/v2\/posts"}],"about":[{"href":"https:\/\/kosovatimes.info\/index.php\/wp-json\/wp\/v2\/types\/post"}],"author":[{"embeddable":true,"href":"https:\/\/kosovatimes.info\/index.php\/wp-json\/wp\/v2\/users\/4"}],"replies":[{"embeddable":true,"href":"https:\/\/kosovatimes.info\/index.php\/wp-json\/wp\/v2\/comments?post=12708"}],"version-history":[{"count":1,"href":"https:\/\/kosovatimes.info\/index.php\/wp-json\/wp\/v2\/posts\/12708\/revisions"}],"predecessor-version":[{"id":12710,"href":"https:\/\/kosovatimes.info\/index.php\/wp-json\/wp\/v2\/posts\/12708\/revisions\/12710"}],"wp:featuredmedia":[{"embeddable":true,"href":"https:\/\/kosovatimes.info\/index.php\/wp-json\/wp\/v2\/media\/12709"}],"wp:attachment":[{"href":"https:\/\/kosovatimes.info\/index.php\/wp-json\/wp\/v2\/media?parent=12708"}],"wp:term":[{"taxonomy":"category","embeddable":true,"href":"https:\/\/kosovatimes.info\/index.php\/wp-json\/wp\/v2\/categories?post=12708"},{"taxonomy":"post_tag","embeddable":true,"href":"https:\/\/kosovatimes.info\/index.php\/wp-json\/wp\/v2\/tags?post=12708"}],"curies":[{"name":"wp","href":"https:\/\/api.w.org\/{rel}","templated":true}]}}