{"id":12721,"date":"2026-04-30T14:05:00","date_gmt":"2026-04-30T12:05:00","guid":{"rendered":"https:\/\/kosovatimes.info\/?p=12721"},"modified":"2026-04-30T15:22:14","modified_gmt":"2026-04-30T13:22:14","slug":"deshton-serish-zgjedhja-e-kryesuesit-te-kgjk-se-rishpallet-konkursi","status":"publish","type":"post","link":"https:\/\/kosovatimes.info\/index.php\/2026\/04\/30\/deshton-serish-zgjedhja-e-kryesuesit-te-kgjk-se-rishpallet-konkursi\/","title":{"rendered":"D\u00ebshton s\u00ebrish zgjedhja e kryesuesit t\u00eb KGJK-s\u00eb, rishpallet konkursi"},"content":{"rendered":"\n<p><a target=\"_blank\" href=\"https:\/\/www.linkedin.com\/shareArticle?mini=true&amp;url=https%3A%2F%2Fwww.rtklive.com%2Fsq%2Fnews-single.php%3FID%3D723551\" rel=\"noreferrer noopener\"><\/a><\/p>\n\n\n\n<h2 class=\"wp-block-heading\"><strong>Ka d\u00ebshtuar edhe raundi i dyt\u00eb p\u00ebr zgjedhjen e kryesuesit t\u00eb K\u00ebshilli Gjyq\u00ebsor i Kosov\u00ebs (KGJK), pasi dy kandidat\u00ebt Besnik Bislimaj dhe Rrustem Thaqi, nj\u00ebsoj si n\u00eb raundin e par\u00eb, kan\u00eb marr\u00eb nga pes\u00eb vota secili.<\/strong><\/h2>\n\n\n\n<p>N\u00eb votim mor\u00ebn pjes\u00eb 11 an\u00ebtar\u00eb t\u00eb K\u00ebshillit, nd\u00ebrsa nj\u00eb vot\u00eb u shpall e pavlefshme. Meqen\u00ebse asnj\u00ebri nga kandidat\u00ebt nuk arriti shumic\u00ebn e nevojshme, procesi p\u00ebr zgjedhjen e kryesuesit p\u00ebrfundoi pa rezultat dhe konkursi u rishpall.<\/p>\n\n\n\n<p>Z\u00ebvend\u00ebskryesuesja Arijeta Sadiku b\u00ebri t\u00eb ditur se vendimi \u00ebsht\u00eb marr\u00eb n\u00eb p\u00ebrputhje me rregulloren n\u00eb fuqi, e cila parasheh rihapjen e konkursit n\u00eb raste kur asnj\u00eb kandidat nuk siguron votat e nevojshme. Sipas saj, konkursi do t\u00eb jet\u00eb i hapur p\u00ebr aplikim p\u00ebr nj\u00eb periudh\u00eb prej 15 dit\u00ebsh.<\/p>\n\n\n\n<p>Edhe raundi i par\u00eb i votimit kishte p\u00ebrfunduar me rezultat t\u00eb nj\u00ebjt\u00eb, ku t\u00eb dy kandidat\u00ebt kishin marr\u00eb nga pes\u00eb vota, nd\u00ebrsa nj\u00eb vot\u00eb ishte shpallur e pavlefshme. Si rrjedhoj\u00eb, procesi kishte kaluar n\u00eb raundin e dyt\u00eb, i cili po ashtu nuk prodhoi fitues.<\/p>\n\n\n\n<p>Gjat\u00eb prezantimit t\u00eb platformave t\u00eb tyre, kandidat\u00ebt shpalos\u00ebn prioritetet dhe vizionet p\u00ebr drejtimin e KGJK-s\u00eb. Rrustem Thaqi theksoi se fokusi i tij do t\u00eb jet\u00eb forcimi i pavar\u00ebsis\u00eb s\u00eb gjyq\u00ebsorit, rritja e llogaridh\u00ebnies, efikasiteti n\u00eb trajtimin e rasteve, p\u00ebrmir\u00ebsimi i qasjes n\u00eb drejt\u00ebsi dhe digjitalizimi i sistemit gjyq\u00ebsor. Ai u zotua p\u00ebr kund\u00ebrshtimin e \u00e7do nd\u00ebrhyrjeje q\u00eb cenon pavar\u00ebsin\u00eb e gjyq\u00ebsorit dhe p\u00ebr avancimin e mekanizmave monitorues dhe etik\u00eb.<\/p>\n\n\n\n<p>N\u00eb an\u00ebn tjet\u00ebr, Besnik Bislimaj deklaroi se synimi i tij \u00ebsht\u00eb nd\u00ebrtimi i nj\u00eb sistemi gjyq\u00ebsor t\u00eb pavarur dhe transparent, q\u00eb g\u00ebzon besimin e publikut. Ai vuri theks n\u00eb forcimin e integritetit dhe luft\u00ebn kund\u00ebr korrupsionit, reduktimin e l\u00ebnd\u00ebve t\u00eb pazgjidhura, avancimin e digjitalizimit, si dhe zhvillimin profesional t\u00eb vazhduesh\u00ebm t\u00eb gjyqtar\u00ebve. Bislimaj gjithashtu theksoi r\u00ebnd\u00ebsin\u00eb e trajtimit t\u00eb barabart\u00eb t\u00eb gjyqtar\u00ebve, bazuar n\u00eb merit\u00eb dhe performanc\u00eb.<\/p>\n\n\n\n<p>Me rishpalljen e konkursit, procesi p\u00ebr zgjedhjen e kryesuesit t\u00eb ri t\u00eb KGJK-s\u00eb rikthehet nga fillimi, nd\u00ebrsa mbetet t\u00eb shihet n\u00ebse kandidat\u00ebt aktual\u00eb do t\u00eb riaplikojn\u00eb apo do t\u00eb ket\u00eb kandidatura t\u00eb reja p\u00ebr k\u00ebt\u00eb pozit\u00eb ky\u00e7e n\u00eb sistemin gjyq\u00ebsor t\u00eb Kosov\u00ebs.<\/p>\n\n\n\n<p><\/p>\n","protected":false},"excerpt":{"rendered":"<p>Ka d\u00ebshtuar edhe raundi i dyt\u00eb p\u00ebr zgjedhjen e kryesuesit t\u00eb K\u00ebshilli Gjyq\u00ebsor i Kosov\u00ebs (KGJK), pasi dy kandidat\u00ebt Besnik Bislimaj dhe Rrustem Thaqi, nj\u00ebsoj si n\u00eb raundin e par\u00eb, kan\u00eb marr\u00eb nga pes\u00eb vota secili. N\u00eb votim mor\u00ebn pjes\u00eb 11 an\u00ebtar\u00eb t\u00eb K\u00ebshillit, nd\u00ebrsa nj\u00eb vot\u00eb u shpall e pavlefshme. Meqen\u00ebse asnj\u00ebri nga kandidat\u00ebt [&hellip;]<\/p>\n","protected":false},"author":4,"featured_media":12722,"comment_status":"open","ping_status":"open","sticky":false,"template":"","format":"standard","meta":{"footnotes":""},"categories":[31,30],"tags":[],"class_list":{"0":"post-12721","1":"post","2":"type-post","3":"status-publish","4":"format-standard","5":"has-post-thumbnail","7":"category-kosove","8":"category-lajme"},"yoast_head":"<!-- This site is optimized with the Yoast SEO plugin v27.4 - https:\/\/yoast.com\/product\/yoast-seo-wordpress\/ -->\n<title>D\u00ebshton s\u00ebrish zgjedhja e kryesuesit t\u00eb KGJK-s\u00eb, rishpallet konkursi - Kosova Times<\/title>\n<meta name=\"robots\" content=\"index, follow, max-snippet:-1, max-image-preview:large, max-video-preview:-1\" \/>\n<link rel=\"canonical\" href=\"https:\/\/kosovatimes.info\/index.php\/2026\/04\/30\/deshton-serish-zgjedhja-e-kryesuesit-te-kgjk-se-rishpallet-konkursi\/\" \/>\n<meta property=\"og:locale\" content=\"en_US\" \/>\n<meta property=\"og:type\" content=\"article\" \/>\n<meta property=\"og:title\" content=\"D\u00ebshton s\u00ebrish zgjedhja e kryesuesit t\u00eb KGJK-s\u00eb, rishpallet konkursi - Kosova Times\" \/>\n<meta property=\"og:description\" content=\"Ka d\u00ebshtuar edhe raundi i dyt\u00eb p\u00ebr zgjedhjen e kryesuesit t\u00eb K\u00ebshilli Gjyq\u00ebsor i Kosov\u00ebs (KGJK), pasi dy kandidat\u00ebt Besnik Bislimaj dhe Rrustem Thaqi, nj\u00ebsoj si n\u00eb raundin e par\u00eb, kan\u00eb marr\u00eb nga pes\u00eb vota secili. N\u00eb votim mor\u00ebn pjes\u00eb 11 an\u00ebtar\u00eb t\u00eb K\u00ebshillit, nd\u00ebrsa nj\u00eb vot\u00eb u shpall e pavlefshme. Meqen\u00ebse asnj\u00ebri nga kandidat\u00ebt [&hellip;]\" \/>\n<meta property=\"og:url\" content=\"https:\/\/kosovatimes.info\/index.php\/2026\/04\/30\/deshton-serish-zgjedhja-e-kryesuesit-te-kgjk-se-rishpallet-konkursi\/\" \/>\n<meta property=\"og:site_name\" content=\"Kosova Times\" \/>\n<meta property=\"article:published_time\" content=\"2026-04-30T12:05:00+00:00\" \/>\n<meta property=\"article:modified_time\" content=\"2026-04-30T13:22:14+00:00\" \/>\n<meta property=\"og:image\" content=\"https:\/\/kosovatimes.info\/wp-content\/uploads\/2026\/04\/KGJK-2.jpg\" \/>\n\t<meta property=\"og:image:width\" content=\"780\" \/>\n\t<meta property=\"og:image:height\" content=\"500\" \/>\n\t<meta property=\"og:image:type\" content=\"image\/jpeg\" \/>\n<meta name=\"author\" content=\"i l\" \/>\n<meta name=\"twitter:card\" content=\"summary_large_image\" \/>\n<meta name=\"twitter:label1\" content=\"Written by\" \/>\n\t<meta name=\"twitter:data1\" content=\"i l\" \/>\n\t<meta name=\"twitter:label2\" content=\"Est. reading time\" \/>\n\t<meta name=\"twitter:data2\" content=\"2 minutes\" \/>\n<script type=\"application\/ld+json\" class=\"yoast-schema-graph\">{\"@context\":\"https:\\\/\\\/schema.org\",\"@graph\":[{\"@type\":\"Article\",\"@id\":\"https:\\\/\\\/kosovatimes.info\\\/index.php\\\/2026\\\/04\\\/30\\\/deshton-serish-zgjedhja-e-kryesuesit-te-kgjk-se-rishpallet-konkursi\\\/#article\",\"isPartOf\":{\"@id\":\"https:\\\/\\\/kosovatimes.info\\\/index.php\\\/2026\\\/04\\\/30\\\/deshton-serish-zgjedhja-e-kryesuesit-te-kgjk-se-rishpallet-konkursi\\\/\"},\"author\":{\"name\":\"i l\",\"@id\":\"https:\\\/\\\/kosovatimes.info\\\/#\\\/schema\\\/person\\\/7586712b9c512fe68085de007378c915\"},\"headline\":\"D\u00ebshton s\u00ebrish zgjedhja e kryesuesit t\u00eb KGJK-s\u00eb, rishpallet konkursi\",\"datePublished\":\"2026-04-30T12:05:00+00:00\",\"dateModified\":\"2026-04-30T13:22:14+00:00\",\"mainEntityOfPage\":{\"@id\":\"https:\\\/\\\/kosovatimes.info\\\/index.php\\\/2026\\\/04\\\/30\\\/deshton-serish-zgjedhja-e-kryesuesit-te-kgjk-se-rishpallet-konkursi\\\/\"},\"wordCount\":418,\"commentCount\":0,\"image\":{\"@id\":\"https:\\\/\\\/kosovatimes.info\\\/index.php\\\/2026\\\/04\\\/30\\\/deshton-serish-zgjedhja-e-kryesuesit-te-kgjk-se-rishpallet-konkursi\\\/#primaryimage\"},\"thumbnailUrl\":\"https:\\\/\\\/kosovatimes.info\\\/wp-content\\\/uploads\\\/2026\\\/04\\\/KGJK-2.jpg\",\"articleSection\":[\"Kosov\u00eb\",\"Lajme\"],\"inLanguage\":\"en-US\",\"potentialAction\":[{\"@type\":\"CommentAction\",\"name\":\"Comment\",\"target\":[\"https:\\\/\\\/kosovatimes.info\\\/index.php\\\/2026\\\/04\\\/30\\\/deshton-serish-zgjedhja-e-kryesuesit-te-kgjk-se-rishpallet-konkursi\\\/#respond\"]}]},{\"@type\":\"WebPage\",\"@id\":\"https:\\\/\\\/kosovatimes.info\\\/index.php\\\/2026\\\/04\\\/30\\\/deshton-serish-zgjedhja-e-kryesuesit-te-kgjk-se-rishpallet-konkursi\\\/\",\"url\":\"https:\\\/\\\/kosovatimes.info\\\/index.php\\\/2026\\\/04\\\/30\\\/deshton-serish-zgjedhja-e-kryesuesit-te-kgjk-se-rishpallet-konkursi\\\/\",\"name\":\"D\u00ebshton s\u00ebrish zgjedhja e kryesuesit t\u00eb KGJK-s\u00eb, rishpallet konkursi - Kosova Times\",\"isPartOf\":{\"@id\":\"https:\\\/\\\/kosovatimes.info\\\/#website\"},\"primaryImageOfPage\":{\"@id\":\"https:\\\/\\\/kosovatimes.info\\\/index.php\\\/2026\\\/04\\\/30\\\/deshton-serish-zgjedhja-e-kryesuesit-te-kgjk-se-rishpallet-konkursi\\\/#primaryimage\"},\"image\":{\"@id\":\"https:\\\/\\\/kosovatimes.info\\\/index.php\\\/2026\\\/04\\\/30\\\/deshton-serish-zgjedhja-e-kryesuesit-te-kgjk-se-rishpallet-konkursi\\\/#primaryimage\"},\"thumbnailUrl\":\"https:\\\/\\\/kosovatimes.info\\\/wp-content\\\/uploads\\\/2026\\\/04\\\/KGJK-2.jpg\",\"datePublished\":\"2026-04-30T12:05:00+00:00\",\"dateModified\":\"2026-04-30T13:22:14+00:00\",\"author\":{\"@id\":\"https:\\\/\\\/kosovatimes.info\\\/#\\\/schema\\\/person\\\/7586712b9c512fe68085de007378c915\"},\"breadcrumb\":{\"@id\":\"https:\\\/\\\/kosovatimes.info\\\/index.php\\\/2026\\\/04\\\/30\\\/deshton-serish-zgjedhja-e-kryesuesit-te-kgjk-se-rishpallet-konkursi\\\/#breadcrumb\"},\"inLanguage\":\"en-US\",\"potentialAction\":[{\"@type\":\"ReadAction\",\"target\":[\"https:\\\/\\\/kosovatimes.info\\\/index.php\\\/2026\\\/04\\\/30\\\/deshton-serish-zgjedhja-e-kryesuesit-te-kgjk-se-rishpallet-konkursi\\\/\"]}]},{\"@type\":\"ImageObject\",\"inLanguage\":\"en-US\",\"@id\":\"https:\\\/\\\/kosovatimes.info\\\/index.php\\\/2026\\\/04\\\/30\\\/deshton-serish-zgjedhja-e-kryesuesit-te-kgjk-se-rishpallet-konkursi\\\/#primaryimage\",\"url\":\"https:\\\/\\\/kosovatimes.info\\\/wp-content\\\/uploads\\\/2026\\\/04\\\/KGJK-2.jpg\",\"contentUrl\":\"https:\\\/\\\/kosovatimes.info\\\/wp-content\\\/uploads\\\/2026\\\/04\\\/KGJK-2.jpg\",\"width\":780,\"height\":500},{\"@type\":\"BreadcrumbList\",\"@id\":\"https:\\\/\\\/kosovatimes.info\\\/index.php\\\/2026\\\/04\\\/30\\\/deshton-serish-zgjedhja-e-kryesuesit-te-kgjk-se-rishpallet-konkursi\\\/#breadcrumb\",\"itemListElement\":[{\"@type\":\"ListItem\",\"position\":1,\"name\":\"Home\",\"item\":\"https:\\\/\\\/kosovatimes.info\\\/\"},{\"@type\":\"ListItem\",\"position\":2,\"name\":\"D\u00ebshton s\u00ebrish zgjedhja e kryesuesit t\u00eb KGJK-s\u00eb, rishpallet konkursi\"}]},{\"@type\":\"WebSite\",\"@id\":\"https:\\\/\\\/kosovatimes.info\\\/#website\",\"url\":\"https:\\\/\\\/kosovatimes.info\\\/\",\"name\":\"Kosova Times\",\"description\":\"\",\"potentialAction\":[{\"@type\":\"SearchAction\",\"target\":{\"@type\":\"EntryPoint\",\"urlTemplate\":\"https:\\\/\\\/kosovatimes.info\\\/?s={search_term_string}\"},\"query-input\":{\"@type\":\"PropertyValueSpecification\",\"valueRequired\":true,\"valueName\":\"search_term_string\"}}],\"inLanguage\":\"en-US\"},{\"@type\":\"Person\",\"@id\":\"https:\\\/\\\/kosovatimes.info\\\/#\\\/schema\\\/person\\\/7586712b9c512fe68085de007378c915\",\"name\":\"i l\",\"image\":{\"@type\":\"ImageObject\",\"inLanguage\":\"en-US\",\"@id\":\"https:\\\/\\\/secure.gravatar.com\\\/avatar\\\/bad9296e02816160ae2e2435beda58222022298d5625d49fea74d18816fbb31d?s=96&d=mm&r=g\",\"url\":\"https:\\\/\\\/secure.gravatar.com\\\/avatar\\\/bad9296e02816160ae2e2435beda58222022298d5625d49fea74d18816fbb31d?s=96&d=mm&r=g\",\"contentUrl\":\"https:\\\/\\\/secure.gravatar.com\\\/avatar\\\/bad9296e02816160ae2e2435beda58222022298d5625d49fea74d18816fbb31d?s=96&d=mm&r=g\",\"caption\":\"i l\"},\"url\":\"https:\\\/\\\/kosovatimes.info\\\/index.php\\\/author\\\/iliri\\\/\"}]}<\/script>\n<!-- \/ Yoast SEO plugin. -->","yoast_head_json":{"title":"D\u00ebshton s\u00ebrish zgjedhja e kryesuesit t\u00eb KGJK-s\u00eb, rishpallet konkursi - Kosova Times","robots":{"index":"index","follow":"follow","max-snippet":"max-snippet:-1","max-image-preview":"max-image-preview:large","max-video-preview":"max-video-preview:-1"},"canonical":"https:\/\/kosovatimes.info\/index.php\/2026\/04\/30\/deshton-serish-zgjedhja-e-kryesuesit-te-kgjk-se-rishpallet-konkursi\/","og_locale":"en_US","og_type":"article","og_title":"D\u00ebshton s\u00ebrish zgjedhja e kryesuesit t\u00eb KGJK-s\u00eb, rishpallet konkursi - Kosova Times","og_description":"Ka d\u00ebshtuar edhe raundi i dyt\u00eb p\u00ebr zgjedhjen e kryesuesit t\u00eb K\u00ebshilli Gjyq\u00ebsor i Kosov\u00ebs (KGJK), pasi dy kandidat\u00ebt Besnik Bislimaj dhe Rrustem Thaqi, nj\u00ebsoj si n\u00eb raundin e par\u00eb, kan\u00eb marr\u00eb nga pes\u00eb vota secili. N\u00eb votim mor\u00ebn pjes\u00eb 11 an\u00ebtar\u00eb t\u00eb K\u00ebshillit, nd\u00ebrsa nj\u00eb vot\u00eb u shpall e pavlefshme. Meqen\u00ebse asnj\u00ebri nga kandidat\u00ebt [&hellip;]","og_url":"https:\/\/kosovatimes.info\/index.php\/2026\/04\/30\/deshton-serish-zgjedhja-e-kryesuesit-te-kgjk-se-rishpallet-konkursi\/","og_site_name":"Kosova Times","article_published_time":"2026-04-30T12:05:00+00:00","article_modified_time":"2026-04-30T13:22:14+00:00","og_image":[{"width":780,"height":500,"url":"https:\/\/kosovatimes.info\/wp-content\/uploads\/2026\/04\/KGJK-2.jpg","type":"image\/jpeg"}],"author":"i l","twitter_card":"summary_large_image","twitter_misc":{"Written by":"i l","Est. reading time":"2 minutes"},"schema":{"@context":"https:\/\/schema.org","@graph":[{"@type":"Article","@id":"https:\/\/kosovatimes.info\/index.php\/2026\/04\/30\/deshton-serish-zgjedhja-e-kryesuesit-te-kgjk-se-rishpallet-konkursi\/#article","isPartOf":{"@id":"https:\/\/kosovatimes.info\/index.php\/2026\/04\/30\/deshton-serish-zgjedhja-e-kryesuesit-te-kgjk-se-rishpallet-konkursi\/"},"author":{"name":"i l","@id":"https:\/\/kosovatimes.info\/#\/schema\/person\/7586712b9c512fe68085de007378c915"},"headline":"D\u00ebshton s\u00ebrish zgjedhja e kryesuesit t\u00eb KGJK-s\u00eb, rishpallet konkursi","datePublished":"2026-04-30T12:05:00+00:00","dateModified":"2026-04-30T13:22:14+00:00","mainEntityOfPage":{"@id":"https:\/\/kosovatimes.info\/index.php\/2026\/04\/30\/deshton-serish-zgjedhja-e-kryesuesit-te-kgjk-se-rishpallet-konkursi\/"},"wordCount":418,"commentCount":0,"image":{"@id":"https:\/\/kosovatimes.info\/index.php\/2026\/04\/30\/deshton-serish-zgjedhja-e-kryesuesit-te-kgjk-se-rishpallet-konkursi\/#primaryimage"},"thumbnailUrl":"https:\/\/kosovatimes.info\/wp-content\/uploads\/2026\/04\/KGJK-2.jpg","articleSection":["Kosov\u00eb","Lajme"],"inLanguage":"en-US","potentialAction":[{"@type":"CommentAction","name":"Comment","target":["https:\/\/kosovatimes.info\/index.php\/2026\/04\/30\/deshton-serish-zgjedhja-e-kryesuesit-te-kgjk-se-rishpallet-konkursi\/#respond"]}]},{"@type":"WebPage","@id":"https:\/\/kosovatimes.info\/index.php\/2026\/04\/30\/deshton-serish-zgjedhja-e-kryesuesit-te-kgjk-se-rishpallet-konkursi\/","url":"https:\/\/kosovatimes.info\/index.php\/2026\/04\/30\/deshton-serish-zgjedhja-e-kryesuesit-te-kgjk-se-rishpallet-konkursi\/","name":"D\u00ebshton s\u00ebrish zgjedhja e kryesuesit t\u00eb KGJK-s\u00eb, rishpallet konkursi - Kosova Times","isPartOf":{"@id":"https:\/\/kosovatimes.info\/#website"},"primaryImageOfPage":{"@id":"https:\/\/kosovatimes.info\/index.php\/2026\/04\/30\/deshton-serish-zgjedhja-e-kryesuesit-te-kgjk-se-rishpallet-konkursi\/#primaryimage"},"image":{"@id":"https:\/\/kosovatimes.info\/index.php\/2026\/04\/30\/deshton-serish-zgjedhja-e-kryesuesit-te-kgjk-se-rishpallet-konkursi\/#primaryimage"},"thumbnailUrl":"https:\/\/kosovatimes.info\/wp-content\/uploads\/2026\/04\/KGJK-2.jpg","datePublished":"2026-04-30T12:05:00+00:00","dateModified":"2026-04-30T13:22:14+00:00","author":{"@id":"https:\/\/kosovatimes.info\/#\/schema\/person\/7586712b9c512fe68085de007378c915"},"breadcrumb":{"@id":"https:\/\/kosovatimes.info\/index.php\/2026\/04\/30\/deshton-serish-zgjedhja-e-kryesuesit-te-kgjk-se-rishpallet-konkursi\/#breadcrumb"},"inLanguage":"en-US","potentialAction":[{"@type":"ReadAction","target":["https:\/\/kosovatimes.info\/index.php\/2026\/04\/30\/deshton-serish-zgjedhja-e-kryesuesit-te-kgjk-se-rishpallet-konkursi\/"]}]},{"@type":"ImageObject","inLanguage":"en-US","@id":"https:\/\/kosovatimes.info\/index.php\/2026\/04\/30\/deshton-serish-zgjedhja-e-kryesuesit-te-kgjk-se-rishpallet-konkursi\/#primaryimage","url":"https:\/\/kosovatimes.info\/wp-content\/uploads\/2026\/04\/KGJK-2.jpg","contentUrl":"https:\/\/kosovatimes.info\/wp-content\/uploads\/2026\/04\/KGJK-2.jpg","width":780,"height":500},{"@type":"BreadcrumbList","@id":"https:\/\/kosovatimes.info\/index.php\/2026\/04\/30\/deshton-serish-zgjedhja-e-kryesuesit-te-kgjk-se-rishpallet-konkursi\/#breadcrumb","itemListElement":[{"@type":"ListItem","position":1,"name":"Home","item":"https:\/\/kosovatimes.info\/"},{"@type":"ListItem","position":2,"name":"D\u00ebshton s\u00ebrish zgjedhja e kryesuesit t\u00eb KGJK-s\u00eb, rishpallet konkursi"}]},{"@type":"WebSite","@id":"https:\/\/kosovatimes.info\/#website","url":"https:\/\/kosovatimes.info\/","name":"Kosova Times","description":"","potentialAction":[{"@type":"SearchAction","target":{"@type":"EntryPoint","urlTemplate":"https:\/\/kosovatimes.info\/?s={search_term_string}"},"query-input":{"@type":"PropertyValueSpecification","valueRequired":true,"valueName":"search_term_string"}}],"inLanguage":"en-US"},{"@type":"Person","@id":"https:\/\/kosovatimes.info\/#\/schema\/person\/7586712b9c512fe68085de007378c915","name":"i l","image":{"@type":"ImageObject","inLanguage":"en-US","@id":"https:\/\/secure.gravatar.com\/avatar\/bad9296e02816160ae2e2435beda58222022298d5625d49fea74d18816fbb31d?s=96&d=mm&r=g","url":"https:\/\/secure.gravatar.com\/avatar\/bad9296e02816160ae2e2435beda58222022298d5625d49fea74d18816fbb31d?s=96&d=mm&r=g","contentUrl":"https:\/\/secure.gravatar.com\/avatar\/bad9296e02816160ae2e2435beda58222022298d5625d49fea74d18816fbb31d?s=96&d=mm&r=g","caption":"i l"},"url":"https:\/\/kosovatimes.info\/index.php\/author\/iliri\/"}]}},"_links":{"self":[{"href":"https:\/\/kosovatimes.info\/index.php\/wp-json\/wp\/v2\/posts\/12721","targetHints":{"allow":["GET"]}}],"collection":[{"href":"https:\/\/kosovatimes.info\/index.php\/wp-json\/wp\/v2\/posts"}],"about":[{"href":"https:\/\/kosovatimes.info\/index.php\/wp-json\/wp\/v2\/types\/post"}],"author":[{"embeddable":true,"href":"https:\/\/kosovatimes.info\/index.php\/wp-json\/wp\/v2\/users\/4"}],"replies":[{"embeddable":true,"href":"https:\/\/kosovatimes.info\/index.php\/wp-json\/wp\/v2\/comments?post=12721"}],"version-history":[{"count":1,"href":"https:\/\/kosovatimes.info\/index.php\/wp-json\/wp\/v2\/posts\/12721\/revisions"}],"predecessor-version":[{"id":12723,"href":"https:\/\/kosovatimes.info\/index.php\/wp-json\/wp\/v2\/posts\/12721\/revisions\/12723"}],"wp:featuredmedia":[{"embeddable":true,"href":"https:\/\/kosovatimes.info\/index.php\/wp-json\/wp\/v2\/media\/12722"}],"wp:attachment":[{"href":"https:\/\/kosovatimes.info\/index.php\/wp-json\/wp\/v2\/media?parent=12721"}],"wp:term":[{"taxonomy":"category","embeddable":true,"href":"https:\/\/kosovatimes.info\/index.php\/wp-json\/wp\/v2\/categories?post=12721"},{"taxonomy":"post_tag","embeddable":true,"href":"https:\/\/kosovatimes.info\/index.php\/wp-json\/wp\/v2\/tags?post=12721"}],"curies":[{"name":"wp","href":"https:\/\/api.w.org\/{rel}","templated":true}]}}