{"id":12724,"date":"2026-04-30T14:35:00","date_gmt":"2026-04-30T12:35:00","guid":{"rendered":"https:\/\/kosovatimes.info\/?p=12724"},"modified":"2026-04-30T15:24:01","modified_gmt":"2026-04-30T13:24:01","slug":"muja-takon-prattipatin-diskutohet-thellimi-i-bashkepunimit-ne-bujqesi","status":"publish","type":"post","link":"https:\/\/kosovatimes.info\/index.php\/2026\/04\/30\/muja-takon-prattipatin-diskutohet-thellimi-i-bashkepunimit-ne-bujqesi\/","title":{"rendered":"Muja takon Prattipatin, diskutohet thellimi i bashk\u00ebpunimit n\u00eb bujq\u00ebsi"},"content":{"rendered":"\n<p><strong>Ministri i Bujq\u00ebsis\u00eb, Pylltaris\u00eb dhe Zhvillimit Rural, Armend Muja, priti n\u00eb takim t\u00eb ngarkuar\u00ebn me pun\u00eb n\u00eb Ambasad\u00ebn e Shteteve t\u00eb Bashkuara t\u00eb Amerik\u00ebs n\u00eb Prishtin\u00eb, Annu Prattipati.<\/strong><\/p>\n\n\n\n<p>Sipas njoftimit nga kjo ministri, gjat\u00eb takimit u diskutua p\u00ebr bashk\u00ebpunimin e nd\u00ebrsjell\u00eb n\u00eb fush\u00ebn e bujq\u00ebsis\u00eb, me theks t\u00eb ve\u00e7ant\u00eb n\u00eb avancimin e projekteve q\u00eb kontribuojn\u00eb n\u00eb zhvillimin e q\u00ebndruesh\u00ebm t\u00eb sektorit dhe n\u00eb rritjen e kapaciteteve institucionale.<\/p>\n\n\n\n<p>Me k\u00ebt\u00eb rast, Prattipati e uroi ministrin Muja p\u00ebr detyr\u00ebn e re, duke theksuar se Shtetet e Bashkuara t\u00eb Amerik\u00ebs mbeten nj\u00eb partner ky\u00e7 n\u00eb mb\u00ebshtetjen e Ministris\u00eb s\u00eb Bujq\u00ebsis\u00eb, Pylltaris\u00eb dhe Zhvillimit Rural p\u00ebrmes projekteve dhe iniciativave t\u00eb ndryshme zhvillimore.<\/p>\n\n\n\n<p>\u201cMinistri Muja e fal\u00ebnderoi znj. Prattipati p\u00ebr mb\u00ebshtetjen e vazhdueshme dhe bashk\u00ebpunimin e deritanish\u00ebm, duke theksuar r\u00ebnd\u00ebsin\u00eb e thellimit t\u00eb m\u00ebtejm\u00eb t\u00eb partneritetit n\u00eb funksion t\u00eb zhvillimit t\u00eb sektorit t\u00eb bujq\u00ebsis\u00eb dhe p\u00ebrmir\u00ebsimit t\u00eb mir\u00ebqenies s\u00eb fermer\u00ebve n\u00eb Republik\u00ebn e Kosov\u00ebs\u201d, thuhet n\u00eb njoftim.<\/p>\n\n\n\n<p>N\u00eb p\u00ebrmbyllje, Ministri Muja shprehu mir\u00ebnjohjen e tij t\u00eb ve\u00e7ant\u00eb p\u00ebr Shtetet e Bashkuara t\u00eb Amerik\u00ebs p\u00ebr kontributin e tyre t\u00eb vazhduesh\u00ebm ndaj Republik\u00ebs s\u00eb Kosov\u00ebs, duke theksuar rolin e tyre si partner strategjik n\u00eb zhvillimin institucional dhe ekonomik t\u00eb vendit.<\/p>\n\n\n\n<p>\u201cT\u00eb dy pal\u00ebt u pajtuan p\u00ebr vazhdimin e bashk\u00ebpunimit dhe koordinimin e aktiviteteve t\u00eb p\u00ebrbashk\u00ebta n\u00eb t\u00eb ardhmen\u201d, thuhet tutje n\u00eb njoftim.&nbsp;<\/p>\n","protected":false},"excerpt":{"rendered":"<p>Ministri i Bujq\u00ebsis\u00eb, Pylltaris\u00eb dhe Zhvillimit Rural, Armend Muja, priti n\u00eb takim t\u00eb ngarkuar\u00ebn me pun\u00eb n\u00eb Ambasad\u00ebn e Shteteve t\u00eb Bashkuara t\u00eb Amerik\u00ebs n\u00eb Prishtin\u00eb, Annu Prattipati. Sipas njoftimit nga kjo ministri, gjat\u00eb takimit u diskutua p\u00ebr bashk\u00ebpunimin e nd\u00ebrsjell\u00eb n\u00eb fush\u00ebn e bujq\u00ebsis\u00eb, me theks t\u00eb ve\u00e7ant\u00eb n\u00eb avancimin e projekteve q\u00eb kontribuojn\u00eb [&hellip;]<\/p>\n","protected":false},"author":4,"featured_media":12725,"comment_status":"open","ping_status":"open","sticky":false,"template":"","format":"standard","meta":{"footnotes":""},"categories":[31,30],"tags":[],"class_list":{"0":"post-12724","1":"post","2":"type-post","3":"status-publish","4":"format-standard","5":"has-post-thumbnail","7":"category-kosove","8":"category-lajme"},"yoast_head":"<!-- This site is optimized with the Yoast SEO plugin v27.4 - https:\/\/yoast.com\/product\/yoast-seo-wordpress\/ -->\n<title>Muja takon Prattipatin, diskutohet thellimi i bashk\u00ebpunimit n\u00eb bujq\u00ebsi - Kosova Times<\/title>\n<meta name=\"robots\" content=\"index, follow, max-snippet:-1, max-image-preview:large, max-video-preview:-1\" \/>\n<link rel=\"canonical\" href=\"https:\/\/kosovatimes.info\/index.php\/2026\/04\/30\/muja-takon-prattipatin-diskutohet-thellimi-i-bashkepunimit-ne-bujqesi\/\" \/>\n<meta property=\"og:locale\" content=\"en_US\" \/>\n<meta property=\"og:type\" content=\"article\" \/>\n<meta property=\"og:title\" content=\"Muja takon Prattipatin, diskutohet thellimi i bashk\u00ebpunimit n\u00eb bujq\u00ebsi - Kosova Times\" \/>\n<meta property=\"og:description\" content=\"Ministri i Bujq\u00ebsis\u00eb, Pylltaris\u00eb dhe Zhvillimit Rural, Armend Muja, priti n\u00eb takim t\u00eb ngarkuar\u00ebn me pun\u00eb n\u00eb Ambasad\u00ebn e Shteteve t\u00eb Bashkuara t\u00eb Amerik\u00ebs n\u00eb Prishtin\u00eb, Annu Prattipati. Sipas njoftimit nga kjo ministri, gjat\u00eb takimit u diskutua p\u00ebr bashk\u00ebpunimin e nd\u00ebrsjell\u00eb n\u00eb fush\u00ebn e bujq\u00ebsis\u00eb, me theks t\u00eb ve\u00e7ant\u00eb n\u00eb avancimin e projekteve q\u00eb kontribuojn\u00eb [&hellip;]\" \/>\n<meta property=\"og:url\" content=\"https:\/\/kosovatimes.info\/index.php\/2026\/04\/30\/muja-takon-prattipatin-diskutohet-thellimi-i-bashkepunimit-ne-bujqesi\/\" \/>\n<meta property=\"og:site_name\" content=\"Kosova Times\" \/>\n<meta property=\"article:published_time\" content=\"2026-04-30T12:35:00+00:00\" \/>\n<meta property=\"article:modified_time\" content=\"2026-04-30T13:24:01+00:00\" \/>\n<meta property=\"og:image\" content=\"https:\/\/kosovatimes.info\/wp-content\/uploads\/2026\/04\/Muja.jpg\" \/>\n\t<meta property=\"og:image:width\" content=\"780\" \/>\n\t<meta property=\"og:image:height\" content=\"500\" \/>\n\t<meta property=\"og:image:type\" content=\"image\/jpeg\" \/>\n<meta name=\"author\" content=\"i l\" \/>\n<meta name=\"twitter:card\" content=\"summary_large_image\" \/>\n<meta name=\"twitter:label1\" content=\"Written by\" \/>\n\t<meta name=\"twitter:data1\" content=\"i l\" \/>\n\t<meta name=\"twitter:label2\" content=\"Est. reading time\" \/>\n\t<meta name=\"twitter:data2\" content=\"2 minutes\" \/>\n<script type=\"application\/ld+json\" class=\"yoast-schema-graph\">{\"@context\":\"https:\\\/\\\/schema.org\",\"@graph\":[{\"@type\":\"Article\",\"@id\":\"https:\\\/\\\/kosovatimes.info\\\/index.php\\\/2026\\\/04\\\/30\\\/muja-takon-prattipatin-diskutohet-thellimi-i-bashkepunimit-ne-bujqesi\\\/#article\",\"isPartOf\":{\"@id\":\"https:\\\/\\\/kosovatimes.info\\\/index.php\\\/2026\\\/04\\\/30\\\/muja-takon-prattipatin-diskutohet-thellimi-i-bashkepunimit-ne-bujqesi\\\/\"},\"author\":{\"name\":\"i l\",\"@id\":\"https:\\\/\\\/kosovatimes.info\\\/#\\\/schema\\\/person\\\/7586712b9c512fe68085de007378c915\"},\"headline\":\"Muja takon Prattipatin, diskutohet thellimi i bashk\u00ebpunimit n\u00eb bujq\u00ebsi\",\"datePublished\":\"2026-04-30T12:35:00+00:00\",\"dateModified\":\"2026-04-30T13:24:01+00:00\",\"mainEntityOfPage\":{\"@id\":\"https:\\\/\\\/kosovatimes.info\\\/index.php\\\/2026\\\/04\\\/30\\\/muja-takon-prattipatin-diskutohet-thellimi-i-bashkepunimit-ne-bujqesi\\\/\"},\"wordCount\":275,\"commentCount\":0,\"image\":{\"@id\":\"https:\\\/\\\/kosovatimes.info\\\/index.php\\\/2026\\\/04\\\/30\\\/muja-takon-prattipatin-diskutohet-thellimi-i-bashkepunimit-ne-bujqesi\\\/#primaryimage\"},\"thumbnailUrl\":\"https:\\\/\\\/kosovatimes.info\\\/wp-content\\\/uploads\\\/2026\\\/04\\\/Muja.jpg\",\"articleSection\":[\"Kosov\u00eb\",\"Lajme\"],\"inLanguage\":\"en-US\",\"potentialAction\":[{\"@type\":\"CommentAction\",\"name\":\"Comment\",\"target\":[\"https:\\\/\\\/kosovatimes.info\\\/index.php\\\/2026\\\/04\\\/30\\\/muja-takon-prattipatin-diskutohet-thellimi-i-bashkepunimit-ne-bujqesi\\\/#respond\"]}]},{\"@type\":\"WebPage\",\"@id\":\"https:\\\/\\\/kosovatimes.info\\\/index.php\\\/2026\\\/04\\\/30\\\/muja-takon-prattipatin-diskutohet-thellimi-i-bashkepunimit-ne-bujqesi\\\/\",\"url\":\"https:\\\/\\\/kosovatimes.info\\\/index.php\\\/2026\\\/04\\\/30\\\/muja-takon-prattipatin-diskutohet-thellimi-i-bashkepunimit-ne-bujqesi\\\/\",\"name\":\"Muja takon Prattipatin, diskutohet thellimi i bashk\u00ebpunimit n\u00eb bujq\u00ebsi - Kosova Times\",\"isPartOf\":{\"@id\":\"https:\\\/\\\/kosovatimes.info\\\/#website\"},\"primaryImageOfPage\":{\"@id\":\"https:\\\/\\\/kosovatimes.info\\\/index.php\\\/2026\\\/04\\\/30\\\/muja-takon-prattipatin-diskutohet-thellimi-i-bashkepunimit-ne-bujqesi\\\/#primaryimage\"},\"image\":{\"@id\":\"https:\\\/\\\/kosovatimes.info\\\/index.php\\\/2026\\\/04\\\/30\\\/muja-takon-prattipatin-diskutohet-thellimi-i-bashkepunimit-ne-bujqesi\\\/#primaryimage\"},\"thumbnailUrl\":\"https:\\\/\\\/kosovatimes.info\\\/wp-content\\\/uploads\\\/2026\\\/04\\\/Muja.jpg\",\"datePublished\":\"2026-04-30T12:35:00+00:00\",\"dateModified\":\"2026-04-30T13:24:01+00:00\",\"author\":{\"@id\":\"https:\\\/\\\/kosovatimes.info\\\/#\\\/schema\\\/person\\\/7586712b9c512fe68085de007378c915\"},\"breadcrumb\":{\"@id\":\"https:\\\/\\\/kosovatimes.info\\\/index.php\\\/2026\\\/04\\\/30\\\/muja-takon-prattipatin-diskutohet-thellimi-i-bashkepunimit-ne-bujqesi\\\/#breadcrumb\"},\"inLanguage\":\"en-US\",\"potentialAction\":[{\"@type\":\"ReadAction\",\"target\":[\"https:\\\/\\\/kosovatimes.info\\\/index.php\\\/2026\\\/04\\\/30\\\/muja-takon-prattipatin-diskutohet-thellimi-i-bashkepunimit-ne-bujqesi\\\/\"]}]},{\"@type\":\"ImageObject\",\"inLanguage\":\"en-US\",\"@id\":\"https:\\\/\\\/kosovatimes.info\\\/index.php\\\/2026\\\/04\\\/30\\\/muja-takon-prattipatin-diskutohet-thellimi-i-bashkepunimit-ne-bujqesi\\\/#primaryimage\",\"url\":\"https:\\\/\\\/kosovatimes.info\\\/wp-content\\\/uploads\\\/2026\\\/04\\\/Muja.jpg\",\"contentUrl\":\"https:\\\/\\\/kosovatimes.info\\\/wp-content\\\/uploads\\\/2026\\\/04\\\/Muja.jpg\",\"width\":780,\"height\":500},{\"@type\":\"BreadcrumbList\",\"@id\":\"https:\\\/\\\/kosovatimes.info\\\/index.php\\\/2026\\\/04\\\/30\\\/muja-takon-prattipatin-diskutohet-thellimi-i-bashkepunimit-ne-bujqesi\\\/#breadcrumb\",\"itemListElement\":[{\"@type\":\"ListItem\",\"position\":1,\"name\":\"Home\",\"item\":\"https:\\\/\\\/kosovatimes.info\\\/\"},{\"@type\":\"ListItem\",\"position\":2,\"name\":\"Muja takon Prattipatin, diskutohet thellimi i bashk\u00ebpunimit n\u00eb bujq\u00ebsi\"}]},{\"@type\":\"WebSite\",\"@id\":\"https:\\\/\\\/kosovatimes.info\\\/#website\",\"url\":\"https:\\\/\\\/kosovatimes.info\\\/\",\"name\":\"Kosova Times\",\"description\":\"\",\"potentialAction\":[{\"@type\":\"SearchAction\",\"target\":{\"@type\":\"EntryPoint\",\"urlTemplate\":\"https:\\\/\\\/kosovatimes.info\\\/?s={search_term_string}\"},\"query-input\":{\"@type\":\"PropertyValueSpecification\",\"valueRequired\":true,\"valueName\":\"search_term_string\"}}],\"inLanguage\":\"en-US\"},{\"@type\":\"Person\",\"@id\":\"https:\\\/\\\/kosovatimes.info\\\/#\\\/schema\\\/person\\\/7586712b9c512fe68085de007378c915\",\"name\":\"i l\",\"image\":{\"@type\":\"ImageObject\",\"inLanguage\":\"en-US\",\"@id\":\"https:\\\/\\\/secure.gravatar.com\\\/avatar\\\/bad9296e02816160ae2e2435beda58222022298d5625d49fea74d18816fbb31d?s=96&d=mm&r=g\",\"url\":\"https:\\\/\\\/secure.gravatar.com\\\/avatar\\\/bad9296e02816160ae2e2435beda58222022298d5625d49fea74d18816fbb31d?s=96&d=mm&r=g\",\"contentUrl\":\"https:\\\/\\\/secure.gravatar.com\\\/avatar\\\/bad9296e02816160ae2e2435beda58222022298d5625d49fea74d18816fbb31d?s=96&d=mm&r=g\",\"caption\":\"i l\"},\"url\":\"https:\\\/\\\/kosovatimes.info\\\/index.php\\\/author\\\/iliri\\\/\"}]}<\/script>\n<!-- \/ Yoast SEO plugin. -->","yoast_head_json":{"title":"Muja takon Prattipatin, diskutohet thellimi i bashk\u00ebpunimit n\u00eb bujq\u00ebsi - Kosova Times","robots":{"index":"index","follow":"follow","max-snippet":"max-snippet:-1","max-image-preview":"max-image-preview:large","max-video-preview":"max-video-preview:-1"},"canonical":"https:\/\/kosovatimes.info\/index.php\/2026\/04\/30\/muja-takon-prattipatin-diskutohet-thellimi-i-bashkepunimit-ne-bujqesi\/","og_locale":"en_US","og_type":"article","og_title":"Muja takon Prattipatin, diskutohet thellimi i bashk\u00ebpunimit n\u00eb bujq\u00ebsi - Kosova Times","og_description":"Ministri i Bujq\u00ebsis\u00eb, Pylltaris\u00eb dhe Zhvillimit Rural, Armend Muja, priti n\u00eb takim t\u00eb ngarkuar\u00ebn me pun\u00eb n\u00eb Ambasad\u00ebn e Shteteve t\u00eb Bashkuara t\u00eb Amerik\u00ebs n\u00eb Prishtin\u00eb, Annu Prattipati. Sipas njoftimit nga kjo ministri, gjat\u00eb takimit u diskutua p\u00ebr bashk\u00ebpunimin e nd\u00ebrsjell\u00eb n\u00eb fush\u00ebn e bujq\u00ebsis\u00eb, me theks t\u00eb ve\u00e7ant\u00eb n\u00eb avancimin e projekteve q\u00eb kontribuojn\u00eb [&hellip;]","og_url":"https:\/\/kosovatimes.info\/index.php\/2026\/04\/30\/muja-takon-prattipatin-diskutohet-thellimi-i-bashkepunimit-ne-bujqesi\/","og_site_name":"Kosova Times","article_published_time":"2026-04-30T12:35:00+00:00","article_modified_time":"2026-04-30T13:24:01+00:00","og_image":[{"width":780,"height":500,"url":"https:\/\/kosovatimes.info\/wp-content\/uploads\/2026\/04\/Muja.jpg","type":"image\/jpeg"}],"author":"i l","twitter_card":"summary_large_image","twitter_misc":{"Written by":"i l","Est. reading time":"2 minutes"},"schema":{"@context":"https:\/\/schema.org","@graph":[{"@type":"Article","@id":"https:\/\/kosovatimes.info\/index.php\/2026\/04\/30\/muja-takon-prattipatin-diskutohet-thellimi-i-bashkepunimit-ne-bujqesi\/#article","isPartOf":{"@id":"https:\/\/kosovatimes.info\/index.php\/2026\/04\/30\/muja-takon-prattipatin-diskutohet-thellimi-i-bashkepunimit-ne-bujqesi\/"},"author":{"name":"i l","@id":"https:\/\/kosovatimes.info\/#\/schema\/person\/7586712b9c512fe68085de007378c915"},"headline":"Muja takon Prattipatin, diskutohet thellimi i bashk\u00ebpunimit n\u00eb bujq\u00ebsi","datePublished":"2026-04-30T12:35:00+00:00","dateModified":"2026-04-30T13:24:01+00:00","mainEntityOfPage":{"@id":"https:\/\/kosovatimes.info\/index.php\/2026\/04\/30\/muja-takon-prattipatin-diskutohet-thellimi-i-bashkepunimit-ne-bujqesi\/"},"wordCount":275,"commentCount":0,"image":{"@id":"https:\/\/kosovatimes.info\/index.php\/2026\/04\/30\/muja-takon-prattipatin-diskutohet-thellimi-i-bashkepunimit-ne-bujqesi\/#primaryimage"},"thumbnailUrl":"https:\/\/kosovatimes.info\/wp-content\/uploads\/2026\/04\/Muja.jpg","articleSection":["Kosov\u00eb","Lajme"],"inLanguage":"en-US","potentialAction":[{"@type":"CommentAction","name":"Comment","target":["https:\/\/kosovatimes.info\/index.php\/2026\/04\/30\/muja-takon-prattipatin-diskutohet-thellimi-i-bashkepunimit-ne-bujqesi\/#respond"]}]},{"@type":"WebPage","@id":"https:\/\/kosovatimes.info\/index.php\/2026\/04\/30\/muja-takon-prattipatin-diskutohet-thellimi-i-bashkepunimit-ne-bujqesi\/","url":"https:\/\/kosovatimes.info\/index.php\/2026\/04\/30\/muja-takon-prattipatin-diskutohet-thellimi-i-bashkepunimit-ne-bujqesi\/","name":"Muja takon Prattipatin, diskutohet thellimi i bashk\u00ebpunimit n\u00eb bujq\u00ebsi - Kosova Times","isPartOf":{"@id":"https:\/\/kosovatimes.info\/#website"},"primaryImageOfPage":{"@id":"https:\/\/kosovatimes.info\/index.php\/2026\/04\/30\/muja-takon-prattipatin-diskutohet-thellimi-i-bashkepunimit-ne-bujqesi\/#primaryimage"},"image":{"@id":"https:\/\/kosovatimes.info\/index.php\/2026\/04\/30\/muja-takon-prattipatin-diskutohet-thellimi-i-bashkepunimit-ne-bujqesi\/#primaryimage"},"thumbnailUrl":"https:\/\/kosovatimes.info\/wp-content\/uploads\/2026\/04\/Muja.jpg","datePublished":"2026-04-30T12:35:00+00:00","dateModified":"2026-04-30T13:24:01+00:00","author":{"@id":"https:\/\/kosovatimes.info\/#\/schema\/person\/7586712b9c512fe68085de007378c915"},"breadcrumb":{"@id":"https:\/\/kosovatimes.info\/index.php\/2026\/04\/30\/muja-takon-prattipatin-diskutohet-thellimi-i-bashkepunimit-ne-bujqesi\/#breadcrumb"},"inLanguage":"en-US","potentialAction":[{"@type":"ReadAction","target":["https:\/\/kosovatimes.info\/index.php\/2026\/04\/30\/muja-takon-prattipatin-diskutohet-thellimi-i-bashkepunimit-ne-bujqesi\/"]}]},{"@type":"ImageObject","inLanguage":"en-US","@id":"https:\/\/kosovatimes.info\/index.php\/2026\/04\/30\/muja-takon-prattipatin-diskutohet-thellimi-i-bashkepunimit-ne-bujqesi\/#primaryimage","url":"https:\/\/kosovatimes.info\/wp-content\/uploads\/2026\/04\/Muja.jpg","contentUrl":"https:\/\/kosovatimes.info\/wp-content\/uploads\/2026\/04\/Muja.jpg","width":780,"height":500},{"@type":"BreadcrumbList","@id":"https:\/\/kosovatimes.info\/index.php\/2026\/04\/30\/muja-takon-prattipatin-diskutohet-thellimi-i-bashkepunimit-ne-bujqesi\/#breadcrumb","itemListElement":[{"@type":"ListItem","position":1,"name":"Home","item":"https:\/\/kosovatimes.info\/"},{"@type":"ListItem","position":2,"name":"Muja takon Prattipatin, diskutohet thellimi i bashk\u00ebpunimit n\u00eb bujq\u00ebsi"}]},{"@type":"WebSite","@id":"https:\/\/kosovatimes.info\/#website","url":"https:\/\/kosovatimes.info\/","name":"Kosova Times","description":"","potentialAction":[{"@type":"SearchAction","target":{"@type":"EntryPoint","urlTemplate":"https:\/\/kosovatimes.info\/?s={search_term_string}"},"query-input":{"@type":"PropertyValueSpecification","valueRequired":true,"valueName":"search_term_string"}}],"inLanguage":"en-US"},{"@type":"Person","@id":"https:\/\/kosovatimes.info\/#\/schema\/person\/7586712b9c512fe68085de007378c915","name":"i l","image":{"@type":"ImageObject","inLanguage":"en-US","@id":"https:\/\/secure.gravatar.com\/avatar\/bad9296e02816160ae2e2435beda58222022298d5625d49fea74d18816fbb31d?s=96&d=mm&r=g","url":"https:\/\/secure.gravatar.com\/avatar\/bad9296e02816160ae2e2435beda58222022298d5625d49fea74d18816fbb31d?s=96&d=mm&r=g","contentUrl":"https:\/\/secure.gravatar.com\/avatar\/bad9296e02816160ae2e2435beda58222022298d5625d49fea74d18816fbb31d?s=96&d=mm&r=g","caption":"i l"},"url":"https:\/\/kosovatimes.info\/index.php\/author\/iliri\/"}]}},"_links":{"self":[{"href":"https:\/\/kosovatimes.info\/index.php\/wp-json\/wp\/v2\/posts\/12724","targetHints":{"allow":["GET"]}}],"collection":[{"href":"https:\/\/kosovatimes.info\/index.php\/wp-json\/wp\/v2\/posts"}],"about":[{"href":"https:\/\/kosovatimes.info\/index.php\/wp-json\/wp\/v2\/types\/post"}],"author":[{"embeddable":true,"href":"https:\/\/kosovatimes.info\/index.php\/wp-json\/wp\/v2\/users\/4"}],"replies":[{"embeddable":true,"href":"https:\/\/kosovatimes.info\/index.php\/wp-json\/wp\/v2\/comments?post=12724"}],"version-history":[{"count":1,"href":"https:\/\/kosovatimes.info\/index.php\/wp-json\/wp\/v2\/posts\/12724\/revisions"}],"predecessor-version":[{"id":12726,"href":"https:\/\/kosovatimes.info\/index.php\/wp-json\/wp\/v2\/posts\/12724\/revisions\/12726"}],"wp:featuredmedia":[{"embeddable":true,"href":"https:\/\/kosovatimes.info\/index.php\/wp-json\/wp\/v2\/media\/12725"}],"wp:attachment":[{"href":"https:\/\/kosovatimes.info\/index.php\/wp-json\/wp\/v2\/media?parent=12724"}],"wp:term":[{"taxonomy":"category","embeddable":true,"href":"https:\/\/kosovatimes.info\/index.php\/wp-json\/wp\/v2\/categories?post=12724"},{"taxonomy":"post_tag","embeddable":true,"href":"https:\/\/kosovatimes.info\/index.php\/wp-json\/wp\/v2\/tags?post=12724"}],"curies":[{"name":"wp","href":"https:\/\/api.w.org\/{rel}","templated":true}]}}