{"id":12727,"date":"2026-04-30T15:10:00","date_gmt":"2026-04-30T13:10:00","guid":{"rendered":"https:\/\/kosovatimes.info\/?p=12727"},"modified":"2026-04-30T15:24:49","modified_gmt":"2026-04-30T13:24:49","slug":"haxhiu-nis-takimin-me-partite-politike-per-daten-e-zgjedhjeve","status":"publish","type":"post","link":"https:\/\/kosovatimes.info\/index.php\/2026\/04\/30\/haxhiu-nis-takimin-me-partite-politike-per-daten-e-zgjedhjeve\/","title":{"rendered":"Haxhiu nis takimin me partit\u00eb politike p\u00ebr dat\u00ebn e zgjedhjeve"},"content":{"rendered":"\n<p><strong>Ushtruesja e detyr\u00ebs s\u00eb presidentes, Albulena Haxhiu ka nisur takimin me p\u00ebrfaq\u00ebsuesit e partive politike p\u00ebr caktimin e dat\u00ebs s\u00eb zgjedhjeve t\u00eb parakohshme.<\/strong><\/p>\n\n\n\n<p>N\u00eb takim jan\u00eb kryetari i PDK-s\u00eb Bedri Hamza, n\u00ebnkryetarja e LDK-s\u00eb Jehona Lushaku \u2013 Sadriu, Donika G\u00ebrvalla nga partia Guxo, Ardian Gjini nga AAK dhe p\u00ebrfaq\u00ebsuesit e tjera nga partit\u00eb e komuniteteve.<\/p>\n\n\n\n<p>Haxhiu dje zhvilloi takimin me kryesuesin e KQZ-s\u00eb, Kreshnik Radoniqi p\u00ebr t\u00eb diskutuar p\u00ebr procedurat e zgjedhjeve. N\u00eb mes t\u00eb 31 majit dhe 8 qershorit, Radoniqi propozoi dat\u00ebn e fundit si m\u00eb t\u00eb favorshme.<\/p>\n","protected":false},"excerpt":{"rendered":"<p>Ushtruesja e detyr\u00ebs s\u00eb presidentes, Albulena Haxhiu ka nisur takimin me p\u00ebrfaq\u00ebsuesit e partive politike p\u00ebr caktimin e dat\u00ebs s\u00eb zgjedhjeve t\u00eb parakohshme. N\u00eb takim jan\u00eb kryetari i PDK-s\u00eb Bedri Hamza, n\u00ebnkryetarja e LDK-s\u00eb Jehona Lushaku \u2013 Sadriu, Donika G\u00ebrvalla nga partia Guxo, Ardian Gjini nga AAK dhe p\u00ebrfaq\u00ebsuesit e tjera nga partit\u00eb e komuniteteve. [&hellip;]<\/p>\n","protected":false},"author":4,"featured_media":12728,"comment_status":"open","ping_status":"open","sticky":true,"template":"","format":"standard","meta":{"footnotes":""},"categories":[31,30],"tags":[],"class_list":{"0":"post-12727","1":"post","2":"type-post","3":"status-publish","4":"format-standard","5":"has-post-thumbnail","7":"category-kosove","8":"category-lajme"},"yoast_head":"<!-- This site is optimized with the Yoast SEO plugin v27.4 - https:\/\/yoast.com\/product\/yoast-seo-wordpress\/ -->\n<title>Haxhiu nis takimin me partit\u00eb politike p\u00ebr dat\u00ebn e zgjedhjeve - Kosova Times<\/title>\n<meta name=\"robots\" content=\"index, follow, max-snippet:-1, max-image-preview:large, max-video-preview:-1\" \/>\n<link rel=\"canonical\" href=\"https:\/\/kosovatimes.info\/index.php\/2026\/04\/30\/haxhiu-nis-takimin-me-partite-politike-per-daten-e-zgjedhjeve\/\" \/>\n<meta property=\"og:locale\" content=\"en_US\" \/>\n<meta property=\"og:type\" content=\"article\" \/>\n<meta property=\"og:title\" content=\"Haxhiu nis takimin me partit\u00eb politike p\u00ebr dat\u00ebn e zgjedhjeve - Kosova Times\" \/>\n<meta property=\"og:description\" content=\"Ushtruesja e detyr\u00ebs s\u00eb presidentes, Albulena Haxhiu ka nisur takimin me p\u00ebrfaq\u00ebsuesit e partive politike p\u00ebr caktimin e dat\u00ebs s\u00eb zgjedhjeve t\u00eb parakohshme. N\u00eb takim jan\u00eb kryetari i PDK-s\u00eb Bedri Hamza, n\u00ebnkryetarja e LDK-s\u00eb Jehona Lushaku \u2013 Sadriu, Donika G\u00ebrvalla nga partia Guxo, Ardian Gjini nga AAK dhe p\u00ebrfaq\u00ebsuesit e tjera nga partit\u00eb e komuniteteve. [&hellip;]\" \/>\n<meta property=\"og:url\" content=\"https:\/\/kosovatimes.info\/index.php\/2026\/04\/30\/haxhiu-nis-takimin-me-partite-politike-per-daten-e-zgjedhjeve\/\" \/>\n<meta property=\"og:site_name\" content=\"Kosova Times\" \/>\n<meta property=\"article:published_time\" content=\"2026-04-30T13:10:00+00:00\" \/>\n<meta property=\"article:modified_time\" content=\"2026-04-30T13:24:49+00:00\" \/>\n<meta property=\"og:image\" content=\"https:\/\/kosovatimes.info\/wp-content\/uploads\/2026\/04\/Haxhiu-24.jpg\" \/>\n\t<meta property=\"og:image:width\" content=\"780\" \/>\n\t<meta property=\"og:image:height\" content=\"500\" \/>\n\t<meta property=\"og:image:type\" content=\"image\/jpeg\" \/>\n<meta name=\"author\" content=\"i l\" \/>\n<meta name=\"twitter:card\" content=\"summary_large_image\" \/>\n<meta name=\"twitter:label1\" content=\"Written by\" \/>\n\t<meta name=\"twitter:data1\" content=\"i l\" \/>\n\t<meta name=\"twitter:label2\" content=\"Est. reading time\" \/>\n\t<meta name=\"twitter:data2\" content=\"1 minute\" \/>\n<script type=\"application\/ld+json\" class=\"yoast-schema-graph\">{\"@context\":\"https:\\\/\\\/schema.org\",\"@graph\":[{\"@type\":\"Article\",\"@id\":\"https:\\\/\\\/kosovatimes.info\\\/index.php\\\/2026\\\/04\\\/30\\\/haxhiu-nis-takimin-me-partite-politike-per-daten-e-zgjedhjeve\\\/#article\",\"isPartOf\":{\"@id\":\"https:\\\/\\\/kosovatimes.info\\\/index.php\\\/2026\\\/04\\\/30\\\/haxhiu-nis-takimin-me-partite-politike-per-daten-e-zgjedhjeve\\\/\"},\"author\":{\"name\":\"i l\",\"@id\":\"https:\\\/\\\/kosovatimes.info\\\/#\\\/schema\\\/person\\\/7586712b9c512fe68085de007378c915\"},\"headline\":\"Haxhiu nis takimin me partit\u00eb politike p\u00ebr dat\u00ebn e zgjedhjeve\",\"datePublished\":\"2026-04-30T13:10:00+00:00\",\"dateModified\":\"2026-04-30T13:24:49+00:00\",\"mainEntityOfPage\":{\"@id\":\"https:\\\/\\\/kosovatimes.info\\\/index.php\\\/2026\\\/04\\\/30\\\/haxhiu-nis-takimin-me-partite-politike-per-daten-e-zgjedhjeve\\\/\"},\"wordCount\":110,\"commentCount\":0,\"image\":{\"@id\":\"https:\\\/\\\/kosovatimes.info\\\/index.php\\\/2026\\\/04\\\/30\\\/haxhiu-nis-takimin-me-partite-politike-per-daten-e-zgjedhjeve\\\/#primaryimage\"},\"thumbnailUrl\":\"https:\\\/\\\/kosovatimes.info\\\/wp-content\\\/uploads\\\/2026\\\/04\\\/Haxhiu-24.jpg\",\"articleSection\":[\"Kosov\u00eb\",\"Lajme\"],\"inLanguage\":\"en-US\",\"potentialAction\":[{\"@type\":\"CommentAction\",\"name\":\"Comment\",\"target\":[\"https:\\\/\\\/kosovatimes.info\\\/index.php\\\/2026\\\/04\\\/30\\\/haxhiu-nis-takimin-me-partite-politike-per-daten-e-zgjedhjeve\\\/#respond\"]}]},{\"@type\":\"WebPage\",\"@id\":\"https:\\\/\\\/kosovatimes.info\\\/index.php\\\/2026\\\/04\\\/30\\\/haxhiu-nis-takimin-me-partite-politike-per-daten-e-zgjedhjeve\\\/\",\"url\":\"https:\\\/\\\/kosovatimes.info\\\/index.php\\\/2026\\\/04\\\/30\\\/haxhiu-nis-takimin-me-partite-politike-per-daten-e-zgjedhjeve\\\/\",\"name\":\"Haxhiu nis takimin me partit\u00eb politike p\u00ebr dat\u00ebn e zgjedhjeve - Kosova Times\",\"isPartOf\":{\"@id\":\"https:\\\/\\\/kosovatimes.info\\\/#website\"},\"primaryImageOfPage\":{\"@id\":\"https:\\\/\\\/kosovatimes.info\\\/index.php\\\/2026\\\/04\\\/30\\\/haxhiu-nis-takimin-me-partite-politike-per-daten-e-zgjedhjeve\\\/#primaryimage\"},\"image\":{\"@id\":\"https:\\\/\\\/kosovatimes.info\\\/index.php\\\/2026\\\/04\\\/30\\\/haxhiu-nis-takimin-me-partite-politike-per-daten-e-zgjedhjeve\\\/#primaryimage\"},\"thumbnailUrl\":\"https:\\\/\\\/kosovatimes.info\\\/wp-content\\\/uploads\\\/2026\\\/04\\\/Haxhiu-24.jpg\",\"datePublished\":\"2026-04-30T13:10:00+00:00\",\"dateModified\":\"2026-04-30T13:24:49+00:00\",\"author\":{\"@id\":\"https:\\\/\\\/kosovatimes.info\\\/#\\\/schema\\\/person\\\/7586712b9c512fe68085de007378c915\"},\"breadcrumb\":{\"@id\":\"https:\\\/\\\/kosovatimes.info\\\/index.php\\\/2026\\\/04\\\/30\\\/haxhiu-nis-takimin-me-partite-politike-per-daten-e-zgjedhjeve\\\/#breadcrumb\"},\"inLanguage\":\"en-US\",\"potentialAction\":[{\"@type\":\"ReadAction\",\"target\":[\"https:\\\/\\\/kosovatimes.info\\\/index.php\\\/2026\\\/04\\\/30\\\/haxhiu-nis-takimin-me-partite-politike-per-daten-e-zgjedhjeve\\\/\"]}]},{\"@type\":\"ImageObject\",\"inLanguage\":\"en-US\",\"@id\":\"https:\\\/\\\/kosovatimes.info\\\/index.php\\\/2026\\\/04\\\/30\\\/haxhiu-nis-takimin-me-partite-politike-per-daten-e-zgjedhjeve\\\/#primaryimage\",\"url\":\"https:\\\/\\\/kosovatimes.info\\\/wp-content\\\/uploads\\\/2026\\\/04\\\/Haxhiu-24.jpg\",\"contentUrl\":\"https:\\\/\\\/kosovatimes.info\\\/wp-content\\\/uploads\\\/2026\\\/04\\\/Haxhiu-24.jpg\",\"width\":780,\"height\":500},{\"@type\":\"BreadcrumbList\",\"@id\":\"https:\\\/\\\/kosovatimes.info\\\/index.php\\\/2026\\\/04\\\/30\\\/haxhiu-nis-takimin-me-partite-politike-per-daten-e-zgjedhjeve\\\/#breadcrumb\",\"itemListElement\":[{\"@type\":\"ListItem\",\"position\":1,\"name\":\"Home\",\"item\":\"https:\\\/\\\/kosovatimes.info\\\/\"},{\"@type\":\"ListItem\",\"position\":2,\"name\":\"Haxhiu nis takimin me partit\u00eb politike p\u00ebr dat\u00ebn e zgjedhjeve\"}]},{\"@type\":\"WebSite\",\"@id\":\"https:\\\/\\\/kosovatimes.info\\\/#website\",\"url\":\"https:\\\/\\\/kosovatimes.info\\\/\",\"name\":\"Kosova Times\",\"description\":\"\",\"potentialAction\":[{\"@type\":\"SearchAction\",\"target\":{\"@type\":\"EntryPoint\",\"urlTemplate\":\"https:\\\/\\\/kosovatimes.info\\\/?s={search_term_string}\"},\"query-input\":{\"@type\":\"PropertyValueSpecification\",\"valueRequired\":true,\"valueName\":\"search_term_string\"}}],\"inLanguage\":\"en-US\"},{\"@type\":\"Person\",\"@id\":\"https:\\\/\\\/kosovatimes.info\\\/#\\\/schema\\\/person\\\/7586712b9c512fe68085de007378c915\",\"name\":\"i l\",\"image\":{\"@type\":\"ImageObject\",\"inLanguage\":\"en-US\",\"@id\":\"https:\\\/\\\/secure.gravatar.com\\\/avatar\\\/bad9296e02816160ae2e2435beda58222022298d5625d49fea74d18816fbb31d?s=96&d=mm&r=g\",\"url\":\"https:\\\/\\\/secure.gravatar.com\\\/avatar\\\/bad9296e02816160ae2e2435beda58222022298d5625d49fea74d18816fbb31d?s=96&d=mm&r=g\",\"contentUrl\":\"https:\\\/\\\/secure.gravatar.com\\\/avatar\\\/bad9296e02816160ae2e2435beda58222022298d5625d49fea74d18816fbb31d?s=96&d=mm&r=g\",\"caption\":\"i l\"},\"url\":\"https:\\\/\\\/kosovatimes.info\\\/index.php\\\/author\\\/iliri\\\/\"}]}<\/script>\n<!-- \/ Yoast SEO plugin. -->","yoast_head_json":{"title":"Haxhiu nis takimin me partit\u00eb politike p\u00ebr dat\u00ebn e zgjedhjeve - Kosova Times","robots":{"index":"index","follow":"follow","max-snippet":"max-snippet:-1","max-image-preview":"max-image-preview:large","max-video-preview":"max-video-preview:-1"},"canonical":"https:\/\/kosovatimes.info\/index.php\/2026\/04\/30\/haxhiu-nis-takimin-me-partite-politike-per-daten-e-zgjedhjeve\/","og_locale":"en_US","og_type":"article","og_title":"Haxhiu nis takimin me partit\u00eb politike p\u00ebr dat\u00ebn e zgjedhjeve - Kosova Times","og_description":"Ushtruesja e detyr\u00ebs s\u00eb presidentes, Albulena Haxhiu ka nisur takimin me p\u00ebrfaq\u00ebsuesit e partive politike p\u00ebr caktimin e dat\u00ebs s\u00eb zgjedhjeve t\u00eb parakohshme. N\u00eb takim jan\u00eb kryetari i PDK-s\u00eb Bedri Hamza, n\u00ebnkryetarja e LDK-s\u00eb Jehona Lushaku \u2013 Sadriu, Donika G\u00ebrvalla nga partia Guxo, Ardian Gjini nga AAK dhe p\u00ebrfaq\u00ebsuesit e tjera nga partit\u00eb e komuniteteve. [&hellip;]","og_url":"https:\/\/kosovatimes.info\/index.php\/2026\/04\/30\/haxhiu-nis-takimin-me-partite-politike-per-daten-e-zgjedhjeve\/","og_site_name":"Kosova Times","article_published_time":"2026-04-30T13:10:00+00:00","article_modified_time":"2026-04-30T13:24:49+00:00","og_image":[{"width":780,"height":500,"url":"https:\/\/kosovatimes.info\/wp-content\/uploads\/2026\/04\/Haxhiu-24.jpg","type":"image\/jpeg"}],"author":"i l","twitter_card":"summary_large_image","twitter_misc":{"Written by":"i l","Est. reading time":"1 minute"},"schema":{"@context":"https:\/\/schema.org","@graph":[{"@type":"Article","@id":"https:\/\/kosovatimes.info\/index.php\/2026\/04\/30\/haxhiu-nis-takimin-me-partite-politike-per-daten-e-zgjedhjeve\/#article","isPartOf":{"@id":"https:\/\/kosovatimes.info\/index.php\/2026\/04\/30\/haxhiu-nis-takimin-me-partite-politike-per-daten-e-zgjedhjeve\/"},"author":{"name":"i l","@id":"https:\/\/kosovatimes.info\/#\/schema\/person\/7586712b9c512fe68085de007378c915"},"headline":"Haxhiu nis takimin me partit\u00eb politike p\u00ebr dat\u00ebn e zgjedhjeve","datePublished":"2026-04-30T13:10:00+00:00","dateModified":"2026-04-30T13:24:49+00:00","mainEntityOfPage":{"@id":"https:\/\/kosovatimes.info\/index.php\/2026\/04\/30\/haxhiu-nis-takimin-me-partite-politike-per-daten-e-zgjedhjeve\/"},"wordCount":110,"commentCount":0,"image":{"@id":"https:\/\/kosovatimes.info\/index.php\/2026\/04\/30\/haxhiu-nis-takimin-me-partite-politike-per-daten-e-zgjedhjeve\/#primaryimage"},"thumbnailUrl":"https:\/\/kosovatimes.info\/wp-content\/uploads\/2026\/04\/Haxhiu-24.jpg","articleSection":["Kosov\u00eb","Lajme"],"inLanguage":"en-US","potentialAction":[{"@type":"CommentAction","name":"Comment","target":["https:\/\/kosovatimes.info\/index.php\/2026\/04\/30\/haxhiu-nis-takimin-me-partite-politike-per-daten-e-zgjedhjeve\/#respond"]}]},{"@type":"WebPage","@id":"https:\/\/kosovatimes.info\/index.php\/2026\/04\/30\/haxhiu-nis-takimin-me-partite-politike-per-daten-e-zgjedhjeve\/","url":"https:\/\/kosovatimes.info\/index.php\/2026\/04\/30\/haxhiu-nis-takimin-me-partite-politike-per-daten-e-zgjedhjeve\/","name":"Haxhiu nis takimin me partit\u00eb politike p\u00ebr dat\u00ebn e zgjedhjeve - Kosova Times","isPartOf":{"@id":"https:\/\/kosovatimes.info\/#website"},"primaryImageOfPage":{"@id":"https:\/\/kosovatimes.info\/index.php\/2026\/04\/30\/haxhiu-nis-takimin-me-partite-politike-per-daten-e-zgjedhjeve\/#primaryimage"},"image":{"@id":"https:\/\/kosovatimes.info\/index.php\/2026\/04\/30\/haxhiu-nis-takimin-me-partite-politike-per-daten-e-zgjedhjeve\/#primaryimage"},"thumbnailUrl":"https:\/\/kosovatimes.info\/wp-content\/uploads\/2026\/04\/Haxhiu-24.jpg","datePublished":"2026-04-30T13:10:00+00:00","dateModified":"2026-04-30T13:24:49+00:00","author":{"@id":"https:\/\/kosovatimes.info\/#\/schema\/person\/7586712b9c512fe68085de007378c915"},"breadcrumb":{"@id":"https:\/\/kosovatimes.info\/index.php\/2026\/04\/30\/haxhiu-nis-takimin-me-partite-politike-per-daten-e-zgjedhjeve\/#breadcrumb"},"inLanguage":"en-US","potentialAction":[{"@type":"ReadAction","target":["https:\/\/kosovatimes.info\/index.php\/2026\/04\/30\/haxhiu-nis-takimin-me-partite-politike-per-daten-e-zgjedhjeve\/"]}]},{"@type":"ImageObject","inLanguage":"en-US","@id":"https:\/\/kosovatimes.info\/index.php\/2026\/04\/30\/haxhiu-nis-takimin-me-partite-politike-per-daten-e-zgjedhjeve\/#primaryimage","url":"https:\/\/kosovatimes.info\/wp-content\/uploads\/2026\/04\/Haxhiu-24.jpg","contentUrl":"https:\/\/kosovatimes.info\/wp-content\/uploads\/2026\/04\/Haxhiu-24.jpg","width":780,"height":500},{"@type":"BreadcrumbList","@id":"https:\/\/kosovatimes.info\/index.php\/2026\/04\/30\/haxhiu-nis-takimin-me-partite-politike-per-daten-e-zgjedhjeve\/#breadcrumb","itemListElement":[{"@type":"ListItem","position":1,"name":"Home","item":"https:\/\/kosovatimes.info\/"},{"@type":"ListItem","position":2,"name":"Haxhiu nis takimin me partit\u00eb politike p\u00ebr dat\u00ebn e zgjedhjeve"}]},{"@type":"WebSite","@id":"https:\/\/kosovatimes.info\/#website","url":"https:\/\/kosovatimes.info\/","name":"Kosova Times","description":"","potentialAction":[{"@type":"SearchAction","target":{"@type":"EntryPoint","urlTemplate":"https:\/\/kosovatimes.info\/?s={search_term_string}"},"query-input":{"@type":"PropertyValueSpecification","valueRequired":true,"valueName":"search_term_string"}}],"inLanguage":"en-US"},{"@type":"Person","@id":"https:\/\/kosovatimes.info\/#\/schema\/person\/7586712b9c512fe68085de007378c915","name":"i l","image":{"@type":"ImageObject","inLanguage":"en-US","@id":"https:\/\/secure.gravatar.com\/avatar\/bad9296e02816160ae2e2435beda58222022298d5625d49fea74d18816fbb31d?s=96&d=mm&r=g","url":"https:\/\/secure.gravatar.com\/avatar\/bad9296e02816160ae2e2435beda58222022298d5625d49fea74d18816fbb31d?s=96&d=mm&r=g","contentUrl":"https:\/\/secure.gravatar.com\/avatar\/bad9296e02816160ae2e2435beda58222022298d5625d49fea74d18816fbb31d?s=96&d=mm&r=g","caption":"i l"},"url":"https:\/\/kosovatimes.info\/index.php\/author\/iliri\/"}]}},"_links":{"self":[{"href":"https:\/\/kosovatimes.info\/index.php\/wp-json\/wp\/v2\/posts\/12727","targetHints":{"allow":["GET"]}}],"collection":[{"href":"https:\/\/kosovatimes.info\/index.php\/wp-json\/wp\/v2\/posts"}],"about":[{"href":"https:\/\/kosovatimes.info\/index.php\/wp-json\/wp\/v2\/types\/post"}],"author":[{"embeddable":true,"href":"https:\/\/kosovatimes.info\/index.php\/wp-json\/wp\/v2\/users\/4"}],"replies":[{"embeddable":true,"href":"https:\/\/kosovatimes.info\/index.php\/wp-json\/wp\/v2\/comments?post=12727"}],"version-history":[{"count":1,"href":"https:\/\/kosovatimes.info\/index.php\/wp-json\/wp\/v2\/posts\/12727\/revisions"}],"predecessor-version":[{"id":12729,"href":"https:\/\/kosovatimes.info\/index.php\/wp-json\/wp\/v2\/posts\/12727\/revisions\/12729"}],"wp:featuredmedia":[{"embeddable":true,"href":"https:\/\/kosovatimes.info\/index.php\/wp-json\/wp\/v2\/media\/12728"}],"wp:attachment":[{"href":"https:\/\/kosovatimes.info\/index.php\/wp-json\/wp\/v2\/media?parent=12727"}],"wp:term":[{"taxonomy":"category","embeddable":true,"href":"https:\/\/kosovatimes.info\/index.php\/wp-json\/wp\/v2\/categories?post=12727"},{"taxonomy":"post_tag","embeddable":true,"href":"https:\/\/kosovatimes.info\/index.php\/wp-json\/wp\/v2\/tags?post=12727"}],"curies":[{"name":"wp","href":"https:\/\/api.w.org\/{rel}","templated":true}]}}