{"id":12730,"date":"2026-04-30T16:10:00","date_gmt":"2026-04-30T14:10:00","guid":{"rendered":"https:\/\/kosovatimes.info\/?p=12730"},"modified":"2026-04-30T16:46:28","modified_gmt":"2026-04-30T14:46:28","slug":"partite-pajtohen-haxhiu-zgjedhjet-mbahen-me-7-qershor","status":"publish","type":"post","link":"https:\/\/kosovatimes.info\/index.php\/2026\/04\/30\/partite-pajtohen-haxhiu-zgjedhjet-mbahen-me-7-qershor\/","title":{"rendered":"Partit\u00eb pajtohen, Haxhiu: Zgjedhjet mbahen m\u00eb 7 qershor"},"content":{"rendered":"\n<p><strong>&nbsp;Ushtruesja e detyr\u00ebs s\u00eb presidentes s\u00eb Kosov\u00ebs, Albulena Haxhiu ka deklaruar se pas konsultimeve me partit\u00eb politike ka vendosur q\u00eb data e zgjedhjeve t\u00eb jet\u00eb 7 qershori.<\/strong><\/p>\n\n\n\n<p>\u201cPas vler\u00ebsimit t\u00eb afateve kushtetuese, nevojave organizative t\u00eb KQZ-s\u00eb, dhe r\u00ebnd\u00ebsis\u00eb s\u00eb pjes\u00ebmarrjes sa m\u00eb t\u00eb gjer\u00eb t\u00eb qytetar\u00ebve n\u00eb k\u00ebt\u00eb proces kam vendosur q\u00eb zgjedhjet e parakohshme p\u00ebr Kuvendit e Republik\u00ebs s\u00eb Kosov\u00ebs t\u00eb mbahen me 7 qershor\u201d, deklaroi Haxhiu.<\/p>\n\n\n\n<p>Ushtruesja e detyr\u00ebs s\u00eb presidentes&nbsp;&nbsp;tha se kjo nuk \u00ebsht\u00eb \u00e7far\u00eb ajo qytetar\u00ebt kan\u00eb dashur, sepse, sipas saj, qytetar\u00ebt&nbsp;kan\u00eb pritur bashkim kur b\u00ebhet fjal\u00eb p\u00ebr interesat e vendit e&nbsp;institucione stabile.<\/p>\n\n\n\n<p>\u201cPo vonohemi n\u00eb shum\u00eb reforma pa asnj\u00eb nevoj\u00eb. Shum\u00eb pun\u00eb kemi para vet\u00ebs dhe nuk e kemi komoditetin q\u00eb t\u00eb humbim koh\u00eb. P\u00ebr muaj me radh\u00eb jan\u00eb b\u00ebr\u00eb p\u00ebrpjekje q\u00eb vendi t\u00eb ket\u00eb institucione funksionale e proceset kushtetuese t\u00eb p\u00ebrmbyllen brenda Kuvendit. Megjithat\u00eb, n\u00eb demokraci kur rruga institucionale bllokohet, fjala i kthehet qytetar\u00ebve. Tani p\u00ebrgjegj\u00ebsia \u00ebsht\u00eb e t\u00eb gjith\u00ebve, e institucioneve q\u00eb t\u00eb organizojn\u00eb nj\u00eb proces t\u00eb rregullt e transparent, por edhe t\u00eb besuesh\u00ebm, e subjekteve politike q\u00eb t\u00eb garojn\u00eb me p\u00ebrgjegj\u00ebsi e respekt p\u00ebr qytetar\u00ebt, edhe qytetar\u00ebve q\u00eb me vot\u00ebn e tyre t\u00eb lir\u00eb t\u00eb p\u00ebrcaktojn\u00eb drejtimin e ardhsh\u00ebm t\u00eb vendit\u201d, tha Haxhiu.<\/p>\n\n\n\n<p>Ajo tha se Kosova ka ditur t\u00eb organizoj\u00eb procese zgjedhore t\u00eb lira, demokratike dhe t\u00eb besueshme.<\/p>\n\n\n\n<p><strong>Partit\u00eb pajtohen: Zgjedhjet mbahen m\u00eb 7 qershor<\/strong><\/p>\n\n\n\n<p><strong>Ka p\u00ebrfunduar takimi i ushtrueses s\u00eb detyr\u00ebs s\u00eb presidentes, Albulena Haxhiu me partit\u00eb politike. P\u00ebrve\u00e7 PDK e AAK, edhe LDK \u00ebsht\u00eb pajtuar p\u00ebr 7 qershorin si dat\u00eb t\u00eb zgjedhjeve.<\/strong><\/p>\n\n\n\n<p>&nbsp;Pas takimit me ushtruesen e detyr\u00ebs s\u00eb presidentes, Albulena Haxhiu, kryetari i PDK-s\u00eb, Bedri Hamza, ka th\u00ebn\u00eb se p\u00ebr partin\u00eb q\u00eb drejton cilado nga datat brenda afateve kushtetuese \u00ebsht\u00eb e pranueshme qoft\u00eb 31 maj apo 7 qershor.<\/p>\n\n\n\n<p>\u201cNe jemi t\u00eb p\u00ebrgatitur, t\u00eb gatsh\u00ebm t\u00eb shkojm\u00eb n\u00eb zgjedhje brenda list\u00ebs s\u00eb PDK-s\u00eb do t\u00eb ket\u00eb risi, emra dhe figura t\u00eb tjera\u201d, deklaroi Hamza.<\/p>\n\n\n\n<p>Jehona Lushaku-Sadriu nga LDK-ja tha se si parti kan\u00eb dh\u00ebn\u00eb opinionin e tyre, prandaj tha se jan\u00eb dakord p\u00ebr dat\u00ebn 7 qershor meq\u00eb si dat\u00eb e ka k\u00ebrkuar edhe KQZ-ja.<\/p>\n\n\n\n<p>\u201cSynojm\u00eb t\u2019i japim Kosov\u00ebs nj\u00eb vizion tjet\u00ebr, bashkim t\u00eb s\u00eb djatht\u00ebs e cila do t\u00eb ket\u00eb program zhvillimor, p\u00ebr nj\u00eb Kosov\u00eb q\u00eb i forcon aleancat nd\u00ebrkomb\u00ebtare, q\u00eb prezanton projekte zhvillimore hap\u00eb vende pune e jo ta l\u00ebr\u00eb vendin n\u00eb sanksione e skema sociale. Besoj shum\u00eb q\u00eb qytetar\u00ebt e Kosov\u00ebs do ta shohin k\u00ebt\u00eb risi\u201d, deklaroi Lushaku-Sadriu.<\/p>\n\n\n\n<p>Nd\u00ebrkaq, Ardian Gjini nga AAK-ja tha se zgjedhjet jan\u00eb shanc\u00eb p\u00ebr vendin.<\/p>\n\n\n\n<p>\u201cNe po b\u00ebhemi gati t\u2019i japim Kosov\u00ebs at\u00eb q\u00eb duhet, stabilitet e rrug\u00eb t\u00eb zhvillimit e populli i Kosov\u00ebs duhet ta shfryt\u00ebzoj\u00eb k\u00ebt\u00eb\u201d.<\/p>\n\n\n\n<p>Gjini tha se \u00ebsht\u00eb i propozuari i AAK-s\u00eb p\u00ebr kryeminist\u00ebr. \u201cVendimet n\u00eb AAK i merr K\u00ebshilli Drejtues, jam i propozuar p\u00ebr kandidat p\u00ebr kryeminist\u00ebr dhe bart\u00ebs s\u00eb list\u00ebs, por duhet pritur vendimit e K\u00ebshillit Drejtues t\u00eb AAK-s\u00eb i cili pritet t\u00eb ndodh\u00eb shpejt\u201d, tha ai.<\/p>\n\n\n\n<p><\/p>\n","protected":false},"excerpt":{"rendered":"<p>&nbsp;Ushtruesja e detyr\u00ebs s\u00eb presidentes s\u00eb Kosov\u00ebs, Albulena Haxhiu ka deklaruar se pas konsultimeve me partit\u00eb politike ka vendosur q\u00eb data e zgjedhjeve t\u00eb jet\u00eb 7 qershori. \u201cPas vler\u00ebsimit t\u00eb afateve kushtetuese, nevojave organizative t\u00eb KQZ-s\u00eb, dhe r\u00ebnd\u00ebsis\u00eb s\u00eb pjes\u00ebmarrjes sa m\u00eb t\u00eb gjer\u00eb t\u00eb qytetar\u00ebve n\u00eb k\u00ebt\u00eb proces kam vendosur q\u00eb zgjedhjet e parakohshme [&hellip;]<\/p>\n","protected":false},"author":4,"featured_media":12731,"comment_status":"open","ping_status":"open","sticky":true,"template":"","format":"standard","meta":{"footnotes":""},"categories":[31,30],"tags":[],"class_list":{"0":"post-12730","1":"post","2":"type-post","3":"status-publish","4":"format-standard","5":"has-post-thumbnail","7":"category-kosove","8":"category-lajme"},"yoast_head":"<!-- This site is optimized with the Yoast SEO plugin v27.4 - https:\/\/yoast.com\/product\/yoast-seo-wordpress\/ -->\n<title>Partit\u00eb pajtohen, Haxhiu: Zgjedhjet mbahen m\u00eb 7 qershor - Kosova Times<\/title>\n<meta name=\"robots\" content=\"index, follow, max-snippet:-1, max-image-preview:large, max-video-preview:-1\" \/>\n<link rel=\"canonical\" href=\"https:\/\/kosovatimes.info\/index.php\/2026\/04\/30\/partite-pajtohen-haxhiu-zgjedhjet-mbahen-me-7-qershor\/\" \/>\n<meta property=\"og:locale\" content=\"en_US\" \/>\n<meta property=\"og:type\" content=\"article\" \/>\n<meta property=\"og:title\" content=\"Partit\u00eb pajtohen, Haxhiu: Zgjedhjet mbahen m\u00eb 7 qershor - Kosova Times\" \/>\n<meta property=\"og:description\" content=\"&nbsp;Ushtruesja e detyr\u00ebs s\u00eb presidentes s\u00eb Kosov\u00ebs, Albulena Haxhiu ka deklaruar se pas konsultimeve me partit\u00eb politike ka vendosur q\u00eb data e zgjedhjeve t\u00eb jet\u00eb 7 qershori. \u201cPas vler\u00ebsimit t\u00eb afateve kushtetuese, nevojave organizative t\u00eb KQZ-s\u00eb, dhe r\u00ebnd\u00ebsis\u00eb s\u00eb pjes\u00ebmarrjes sa m\u00eb t\u00eb gjer\u00eb t\u00eb qytetar\u00ebve n\u00eb k\u00ebt\u00eb proces kam vendosur q\u00eb zgjedhjet e parakohshme [&hellip;]\" \/>\n<meta property=\"og:url\" content=\"https:\/\/kosovatimes.info\/index.php\/2026\/04\/30\/partite-pajtohen-haxhiu-zgjedhjet-mbahen-me-7-qershor\/\" \/>\n<meta property=\"og:site_name\" content=\"Kosova Times\" \/>\n<meta property=\"article:published_time\" content=\"2026-04-30T14:10:00+00:00\" \/>\n<meta property=\"article:modified_time\" content=\"2026-04-30T14:46:28+00:00\" \/>\n<meta property=\"og:image\" content=\"https:\/\/kosovatimes.info\/wp-content\/uploads\/2026\/04\/zgjedhjet.jpg\" \/>\n\t<meta property=\"og:image:width\" content=\"780\" \/>\n\t<meta property=\"og:image:height\" content=\"500\" \/>\n\t<meta property=\"og:image:type\" content=\"image\/jpeg\" \/>\n<meta name=\"author\" content=\"i l\" \/>\n<meta name=\"twitter:card\" content=\"summary_large_image\" \/>\n<meta name=\"twitter:label1\" content=\"Written by\" \/>\n\t<meta name=\"twitter:data1\" content=\"i l\" \/>\n\t<meta name=\"twitter:label2\" content=\"Est. reading time\" \/>\n\t<meta name=\"twitter:data2\" content=\"3 minutes\" \/>\n<script type=\"application\/ld+json\" class=\"yoast-schema-graph\">{\"@context\":\"https:\\\/\\\/schema.org\",\"@graph\":[{\"@type\":\"Article\",\"@id\":\"https:\\\/\\\/kosovatimes.info\\\/index.php\\\/2026\\\/04\\\/30\\\/partite-pajtohen-haxhiu-zgjedhjet-mbahen-me-7-qershor\\\/#article\",\"isPartOf\":{\"@id\":\"https:\\\/\\\/kosovatimes.info\\\/index.php\\\/2026\\\/04\\\/30\\\/partite-pajtohen-haxhiu-zgjedhjet-mbahen-me-7-qershor\\\/\"},\"author\":{\"name\":\"i l\",\"@id\":\"https:\\\/\\\/kosovatimes.info\\\/#\\\/schema\\\/person\\\/7586712b9c512fe68085de007378c915\"},\"headline\":\"Partit\u00eb pajtohen, Haxhiu: Zgjedhjet mbahen m\u00eb 7 qershor\",\"datePublished\":\"2026-04-30T14:10:00+00:00\",\"dateModified\":\"2026-04-30T14:46:28+00:00\",\"mainEntityOfPage\":{\"@id\":\"https:\\\/\\\/kosovatimes.info\\\/index.php\\\/2026\\\/04\\\/30\\\/partite-pajtohen-haxhiu-zgjedhjet-mbahen-me-7-qershor\\\/\"},\"wordCount\":566,\"commentCount\":0,\"image\":{\"@id\":\"https:\\\/\\\/kosovatimes.info\\\/index.php\\\/2026\\\/04\\\/30\\\/partite-pajtohen-haxhiu-zgjedhjet-mbahen-me-7-qershor\\\/#primaryimage\"},\"thumbnailUrl\":\"https:\\\/\\\/kosovatimes.info\\\/wp-content\\\/uploads\\\/2026\\\/04\\\/zgjedhjet.jpg\",\"articleSection\":[\"Kosov\u00eb\",\"Lajme\"],\"inLanguage\":\"en-US\",\"potentialAction\":[{\"@type\":\"CommentAction\",\"name\":\"Comment\",\"target\":[\"https:\\\/\\\/kosovatimes.info\\\/index.php\\\/2026\\\/04\\\/30\\\/partite-pajtohen-haxhiu-zgjedhjet-mbahen-me-7-qershor\\\/#respond\"]}]},{\"@type\":\"WebPage\",\"@id\":\"https:\\\/\\\/kosovatimes.info\\\/index.php\\\/2026\\\/04\\\/30\\\/partite-pajtohen-haxhiu-zgjedhjet-mbahen-me-7-qershor\\\/\",\"url\":\"https:\\\/\\\/kosovatimes.info\\\/index.php\\\/2026\\\/04\\\/30\\\/partite-pajtohen-haxhiu-zgjedhjet-mbahen-me-7-qershor\\\/\",\"name\":\"Partit\u00eb pajtohen, Haxhiu: Zgjedhjet mbahen m\u00eb 7 qershor - Kosova Times\",\"isPartOf\":{\"@id\":\"https:\\\/\\\/kosovatimes.info\\\/#website\"},\"primaryImageOfPage\":{\"@id\":\"https:\\\/\\\/kosovatimes.info\\\/index.php\\\/2026\\\/04\\\/30\\\/partite-pajtohen-haxhiu-zgjedhjet-mbahen-me-7-qershor\\\/#primaryimage\"},\"image\":{\"@id\":\"https:\\\/\\\/kosovatimes.info\\\/index.php\\\/2026\\\/04\\\/30\\\/partite-pajtohen-haxhiu-zgjedhjet-mbahen-me-7-qershor\\\/#primaryimage\"},\"thumbnailUrl\":\"https:\\\/\\\/kosovatimes.info\\\/wp-content\\\/uploads\\\/2026\\\/04\\\/zgjedhjet.jpg\",\"datePublished\":\"2026-04-30T14:10:00+00:00\",\"dateModified\":\"2026-04-30T14:46:28+00:00\",\"author\":{\"@id\":\"https:\\\/\\\/kosovatimes.info\\\/#\\\/schema\\\/person\\\/7586712b9c512fe68085de007378c915\"},\"breadcrumb\":{\"@id\":\"https:\\\/\\\/kosovatimes.info\\\/index.php\\\/2026\\\/04\\\/30\\\/partite-pajtohen-haxhiu-zgjedhjet-mbahen-me-7-qershor\\\/#breadcrumb\"},\"inLanguage\":\"en-US\",\"potentialAction\":[{\"@type\":\"ReadAction\",\"target\":[\"https:\\\/\\\/kosovatimes.info\\\/index.php\\\/2026\\\/04\\\/30\\\/partite-pajtohen-haxhiu-zgjedhjet-mbahen-me-7-qershor\\\/\"]}]},{\"@type\":\"ImageObject\",\"inLanguage\":\"en-US\",\"@id\":\"https:\\\/\\\/kosovatimes.info\\\/index.php\\\/2026\\\/04\\\/30\\\/partite-pajtohen-haxhiu-zgjedhjet-mbahen-me-7-qershor\\\/#primaryimage\",\"url\":\"https:\\\/\\\/kosovatimes.info\\\/wp-content\\\/uploads\\\/2026\\\/04\\\/zgjedhjet.jpg\",\"contentUrl\":\"https:\\\/\\\/kosovatimes.info\\\/wp-content\\\/uploads\\\/2026\\\/04\\\/zgjedhjet.jpg\",\"width\":780,\"height\":500},{\"@type\":\"BreadcrumbList\",\"@id\":\"https:\\\/\\\/kosovatimes.info\\\/index.php\\\/2026\\\/04\\\/30\\\/partite-pajtohen-haxhiu-zgjedhjet-mbahen-me-7-qershor\\\/#breadcrumb\",\"itemListElement\":[{\"@type\":\"ListItem\",\"position\":1,\"name\":\"Home\",\"item\":\"https:\\\/\\\/kosovatimes.info\\\/\"},{\"@type\":\"ListItem\",\"position\":2,\"name\":\"Partit\u00eb pajtohen, Haxhiu: Zgjedhjet mbahen m\u00eb 7 qershor\"}]},{\"@type\":\"WebSite\",\"@id\":\"https:\\\/\\\/kosovatimes.info\\\/#website\",\"url\":\"https:\\\/\\\/kosovatimes.info\\\/\",\"name\":\"Kosova Times\",\"description\":\"\",\"potentialAction\":[{\"@type\":\"SearchAction\",\"target\":{\"@type\":\"EntryPoint\",\"urlTemplate\":\"https:\\\/\\\/kosovatimes.info\\\/?s={search_term_string}\"},\"query-input\":{\"@type\":\"PropertyValueSpecification\",\"valueRequired\":true,\"valueName\":\"search_term_string\"}}],\"inLanguage\":\"en-US\"},{\"@type\":\"Person\",\"@id\":\"https:\\\/\\\/kosovatimes.info\\\/#\\\/schema\\\/person\\\/7586712b9c512fe68085de007378c915\",\"name\":\"i l\",\"image\":{\"@type\":\"ImageObject\",\"inLanguage\":\"en-US\",\"@id\":\"https:\\\/\\\/secure.gravatar.com\\\/avatar\\\/bad9296e02816160ae2e2435beda58222022298d5625d49fea74d18816fbb31d?s=96&d=mm&r=g\",\"url\":\"https:\\\/\\\/secure.gravatar.com\\\/avatar\\\/bad9296e02816160ae2e2435beda58222022298d5625d49fea74d18816fbb31d?s=96&d=mm&r=g\",\"contentUrl\":\"https:\\\/\\\/secure.gravatar.com\\\/avatar\\\/bad9296e02816160ae2e2435beda58222022298d5625d49fea74d18816fbb31d?s=96&d=mm&r=g\",\"caption\":\"i l\"},\"url\":\"https:\\\/\\\/kosovatimes.info\\\/index.php\\\/author\\\/iliri\\\/\"}]}<\/script>\n<!-- \/ Yoast SEO plugin. -->","yoast_head_json":{"title":"Partit\u00eb pajtohen, Haxhiu: Zgjedhjet mbahen m\u00eb 7 qershor - Kosova Times","robots":{"index":"index","follow":"follow","max-snippet":"max-snippet:-1","max-image-preview":"max-image-preview:large","max-video-preview":"max-video-preview:-1"},"canonical":"https:\/\/kosovatimes.info\/index.php\/2026\/04\/30\/partite-pajtohen-haxhiu-zgjedhjet-mbahen-me-7-qershor\/","og_locale":"en_US","og_type":"article","og_title":"Partit\u00eb pajtohen, Haxhiu: Zgjedhjet mbahen m\u00eb 7 qershor - Kosova Times","og_description":"&nbsp;Ushtruesja e detyr\u00ebs s\u00eb presidentes s\u00eb Kosov\u00ebs, Albulena Haxhiu ka deklaruar se pas konsultimeve me partit\u00eb politike ka vendosur q\u00eb data e zgjedhjeve t\u00eb jet\u00eb 7 qershori. \u201cPas vler\u00ebsimit t\u00eb afateve kushtetuese, nevojave organizative t\u00eb KQZ-s\u00eb, dhe r\u00ebnd\u00ebsis\u00eb s\u00eb pjes\u00ebmarrjes sa m\u00eb t\u00eb gjer\u00eb t\u00eb qytetar\u00ebve n\u00eb k\u00ebt\u00eb proces kam vendosur q\u00eb zgjedhjet e parakohshme [&hellip;]","og_url":"https:\/\/kosovatimes.info\/index.php\/2026\/04\/30\/partite-pajtohen-haxhiu-zgjedhjet-mbahen-me-7-qershor\/","og_site_name":"Kosova Times","article_published_time":"2026-04-30T14:10:00+00:00","article_modified_time":"2026-04-30T14:46:28+00:00","og_image":[{"width":780,"height":500,"url":"https:\/\/kosovatimes.info\/wp-content\/uploads\/2026\/04\/zgjedhjet.jpg","type":"image\/jpeg"}],"author":"i l","twitter_card":"summary_large_image","twitter_misc":{"Written by":"i l","Est. reading time":"3 minutes"},"schema":{"@context":"https:\/\/schema.org","@graph":[{"@type":"Article","@id":"https:\/\/kosovatimes.info\/index.php\/2026\/04\/30\/partite-pajtohen-haxhiu-zgjedhjet-mbahen-me-7-qershor\/#article","isPartOf":{"@id":"https:\/\/kosovatimes.info\/index.php\/2026\/04\/30\/partite-pajtohen-haxhiu-zgjedhjet-mbahen-me-7-qershor\/"},"author":{"name":"i l","@id":"https:\/\/kosovatimes.info\/#\/schema\/person\/7586712b9c512fe68085de007378c915"},"headline":"Partit\u00eb pajtohen, Haxhiu: Zgjedhjet mbahen m\u00eb 7 qershor","datePublished":"2026-04-30T14:10:00+00:00","dateModified":"2026-04-30T14:46:28+00:00","mainEntityOfPage":{"@id":"https:\/\/kosovatimes.info\/index.php\/2026\/04\/30\/partite-pajtohen-haxhiu-zgjedhjet-mbahen-me-7-qershor\/"},"wordCount":566,"commentCount":0,"image":{"@id":"https:\/\/kosovatimes.info\/index.php\/2026\/04\/30\/partite-pajtohen-haxhiu-zgjedhjet-mbahen-me-7-qershor\/#primaryimage"},"thumbnailUrl":"https:\/\/kosovatimes.info\/wp-content\/uploads\/2026\/04\/zgjedhjet.jpg","articleSection":["Kosov\u00eb","Lajme"],"inLanguage":"en-US","potentialAction":[{"@type":"CommentAction","name":"Comment","target":["https:\/\/kosovatimes.info\/index.php\/2026\/04\/30\/partite-pajtohen-haxhiu-zgjedhjet-mbahen-me-7-qershor\/#respond"]}]},{"@type":"WebPage","@id":"https:\/\/kosovatimes.info\/index.php\/2026\/04\/30\/partite-pajtohen-haxhiu-zgjedhjet-mbahen-me-7-qershor\/","url":"https:\/\/kosovatimes.info\/index.php\/2026\/04\/30\/partite-pajtohen-haxhiu-zgjedhjet-mbahen-me-7-qershor\/","name":"Partit\u00eb pajtohen, Haxhiu: Zgjedhjet mbahen m\u00eb 7 qershor - Kosova Times","isPartOf":{"@id":"https:\/\/kosovatimes.info\/#website"},"primaryImageOfPage":{"@id":"https:\/\/kosovatimes.info\/index.php\/2026\/04\/30\/partite-pajtohen-haxhiu-zgjedhjet-mbahen-me-7-qershor\/#primaryimage"},"image":{"@id":"https:\/\/kosovatimes.info\/index.php\/2026\/04\/30\/partite-pajtohen-haxhiu-zgjedhjet-mbahen-me-7-qershor\/#primaryimage"},"thumbnailUrl":"https:\/\/kosovatimes.info\/wp-content\/uploads\/2026\/04\/zgjedhjet.jpg","datePublished":"2026-04-30T14:10:00+00:00","dateModified":"2026-04-30T14:46:28+00:00","author":{"@id":"https:\/\/kosovatimes.info\/#\/schema\/person\/7586712b9c512fe68085de007378c915"},"breadcrumb":{"@id":"https:\/\/kosovatimes.info\/index.php\/2026\/04\/30\/partite-pajtohen-haxhiu-zgjedhjet-mbahen-me-7-qershor\/#breadcrumb"},"inLanguage":"en-US","potentialAction":[{"@type":"ReadAction","target":["https:\/\/kosovatimes.info\/index.php\/2026\/04\/30\/partite-pajtohen-haxhiu-zgjedhjet-mbahen-me-7-qershor\/"]}]},{"@type":"ImageObject","inLanguage":"en-US","@id":"https:\/\/kosovatimes.info\/index.php\/2026\/04\/30\/partite-pajtohen-haxhiu-zgjedhjet-mbahen-me-7-qershor\/#primaryimage","url":"https:\/\/kosovatimes.info\/wp-content\/uploads\/2026\/04\/zgjedhjet.jpg","contentUrl":"https:\/\/kosovatimes.info\/wp-content\/uploads\/2026\/04\/zgjedhjet.jpg","width":780,"height":500},{"@type":"BreadcrumbList","@id":"https:\/\/kosovatimes.info\/index.php\/2026\/04\/30\/partite-pajtohen-haxhiu-zgjedhjet-mbahen-me-7-qershor\/#breadcrumb","itemListElement":[{"@type":"ListItem","position":1,"name":"Home","item":"https:\/\/kosovatimes.info\/"},{"@type":"ListItem","position":2,"name":"Partit\u00eb pajtohen, Haxhiu: Zgjedhjet mbahen m\u00eb 7 qershor"}]},{"@type":"WebSite","@id":"https:\/\/kosovatimes.info\/#website","url":"https:\/\/kosovatimes.info\/","name":"Kosova Times","description":"","potentialAction":[{"@type":"SearchAction","target":{"@type":"EntryPoint","urlTemplate":"https:\/\/kosovatimes.info\/?s={search_term_string}"},"query-input":{"@type":"PropertyValueSpecification","valueRequired":true,"valueName":"search_term_string"}}],"inLanguage":"en-US"},{"@type":"Person","@id":"https:\/\/kosovatimes.info\/#\/schema\/person\/7586712b9c512fe68085de007378c915","name":"i l","image":{"@type":"ImageObject","inLanguage":"en-US","@id":"https:\/\/secure.gravatar.com\/avatar\/bad9296e02816160ae2e2435beda58222022298d5625d49fea74d18816fbb31d?s=96&d=mm&r=g","url":"https:\/\/secure.gravatar.com\/avatar\/bad9296e02816160ae2e2435beda58222022298d5625d49fea74d18816fbb31d?s=96&d=mm&r=g","contentUrl":"https:\/\/secure.gravatar.com\/avatar\/bad9296e02816160ae2e2435beda58222022298d5625d49fea74d18816fbb31d?s=96&d=mm&r=g","caption":"i l"},"url":"https:\/\/kosovatimes.info\/index.php\/author\/iliri\/"}]}},"_links":{"self":[{"href":"https:\/\/kosovatimes.info\/index.php\/wp-json\/wp\/v2\/posts\/12730","targetHints":{"allow":["GET"]}}],"collection":[{"href":"https:\/\/kosovatimes.info\/index.php\/wp-json\/wp\/v2\/posts"}],"about":[{"href":"https:\/\/kosovatimes.info\/index.php\/wp-json\/wp\/v2\/types\/post"}],"author":[{"embeddable":true,"href":"https:\/\/kosovatimes.info\/index.php\/wp-json\/wp\/v2\/users\/4"}],"replies":[{"embeddable":true,"href":"https:\/\/kosovatimes.info\/index.php\/wp-json\/wp\/v2\/comments?post=12730"}],"version-history":[{"count":1,"href":"https:\/\/kosovatimes.info\/index.php\/wp-json\/wp\/v2\/posts\/12730\/revisions"}],"predecessor-version":[{"id":12732,"href":"https:\/\/kosovatimes.info\/index.php\/wp-json\/wp\/v2\/posts\/12730\/revisions\/12732"}],"wp:featuredmedia":[{"embeddable":true,"href":"https:\/\/kosovatimes.info\/index.php\/wp-json\/wp\/v2\/media\/12731"}],"wp:attachment":[{"href":"https:\/\/kosovatimes.info\/index.php\/wp-json\/wp\/v2\/media?parent=12730"}],"wp:term":[{"taxonomy":"category","embeddable":true,"href":"https:\/\/kosovatimes.info\/index.php\/wp-json\/wp\/v2\/categories?post=12730"},{"taxonomy":"post_tag","embeddable":true,"href":"https:\/\/kosovatimes.info\/index.php\/wp-json\/wp\/v2\/tags?post=12730"}],"curies":[{"name":"wp","href":"https:\/\/api.w.org\/{rel}","templated":true}]}}