{"id":12733,"date":"2026-04-30T15:15:00","date_gmt":"2026-04-30T13:15:00","guid":{"rendered":"https:\/\/kosovatimes.info\/?p=12733"},"modified":"2026-04-30T16:48:34","modified_gmt":"2026-04-30T14:48:34","slug":"kurti-ne-marine-sakrifica-e-ilaz-kodres-ndricon-rrugen-e-kosoves","status":"publish","type":"post","link":"https:\/\/kosovatimes.info\/index.php\/2026\/04\/30\/kurti-ne-marine-sakrifica-e-ilaz-kodres-ndricon-rrugen-e-kosoves\/","title":{"rendered":"Kurti n\u00eb Marin\u00eb: Sakrifica e Ilaz Kodr\u00ebs ndri\u00e7on rrug\u00ebn e Kosov\u00ebs"},"content":{"rendered":"\n<p><strong>Kryeministri n\u00eb detyr\u00eb Albin Kurti p\u00ebrkujtoi t\u00eb enjten d\u00ebshmorin e kombit Ilaz Kodra n\u00eb &nbsp;27 vjetorin e r\u00ebnies s\u00eb tij, duke ritheksuar se \u201cemri i tij do t\u00eb shkruhet me shkronja t\u00eb arta n\u00eb historin\u00eb e popullit shqiptar\u201d.<\/strong><\/p>\n\n\n\n<p>N\u00eb k\u00ebt\u00eb p\u00ebrvjetor, kryeministri Kurti vler\u00ebsoi se emri i Ilaz Kodr\u00ebs do t\u00eb mbetet i shkruar me shkronja t\u00eb arta n\u00eb historin\u00eb e popullit t\u00eb Kosov\u00ebs. Sipas tij, sakrifica e Kodr\u00ebs dhe e d\u00ebshmor\u00ebve t\u00eb tjer\u00eb p\u00ebrb\u00ebn nj\u00eb drit\u00eb udh\u00ebzuese p\u00ebr t\u00eb ardhmen, duke kujtuar nj\u00ebkoh\u00ebsisht \u00e7mimin e lart\u00eb t\u00eb liris\u00eb dhe shtet\u00ebsis\u00eb s\u00eb Kosov\u00ebs.<\/p>\n\n\n\n<p>N\u00eb fjal\u00ebn e tij, Kurti rikujtoi se Ilaz Kodra ra heroikisht 27 vjet m\u00eb par\u00eb, vet\u00ebm tri dit\u00eb para se t\u00eb mbushte 33 vje\u00e7, s\u00eb bashku me 22 luft\u00ebtar\u00eb t\u00eb tjer\u00eb t\u00eb U\u00c7K-s\u00eb, gjat\u00eb p\u00ebrballjes me forcat serbe, teksa mbronin popullsin\u00eb civile.<\/p>\n\n\n\n<p>Ai theksoi se Kodra ishte komandant i Brigad\u00ebs 114 t\u00eb U\u00c7K-s\u00eb, e cila mbante emrin e Fehmi Lladrovcit, duke e lidhur figur\u00ebn e tij me tradit\u00ebn e rezistenc\u00ebs s\u00eb Adem dhe Ham\u00ebz Jasharit dhe komandant\u00ebve t\u00eb tjer\u00eb t\u00eb njohur t\u00eb luft\u00ebs \u00e7lirimtare.<\/p>\n\n\n\n<p>\u201cIlaz Kodra i ka p\u00ebrngja edhe n\u00eb sjellje, edhe pun\u00eb, edhe n\u00eb organizim Adem e Ham\u00ebz Jasharit, prandaj ai e ka vazhduar rrug\u00ebn e tyre e t\u00eb Fehmi Lladrovcit dhe \u00ebsht\u00eb nj\u00eb nga komandant\u00ebt m\u00eb t\u00eb jasht\u00ebzakonsh\u00ebm t\u00eb Ushtris\u00eb ton\u00eb \u00c7lirimtare. Andaj, emri i tij do t\u00eb shkruhet me shkronja t\u00eb arta n\u00eb historin\u00eb e popullit ton\u00eb dhe r\u00ebnia e tij, gjaku i tij dhe i bashk\u00ebluft\u00ebtar\u00ebve t\u00eb tjer\u00eb, q\u00eb u b\u00ebn\u00eb d\u00ebshmor\u00eb, na ndri\u00e7on rrug\u00ebn p\u00ebrpara, por nj\u00ebkoh\u00ebsisht edhe na m\u00ebson se sa i shtrenjt\u00eb ka qen\u00eb \u00e7mimi p\u00ebr lirin\u00eb q\u00eb e g\u00ebzojm\u00eb e p\u00ebr shtetin q\u00eb e kemi\u201d, shkruan Kurti.<img decoding=\"async\" alt=\"\" src=\"https:\/\/www.rtklive.com\/sq\/gallery\/news_hidden_inside\/723557\/ZKM_30_4_2026_2_.jpg\"><img decoding=\"async\" alt=\"\" src=\"https:\/\/www.rtklive.com\/sq\/gallery\/news_hidden_inside\/723557\/ZKM_30_4_2026_4_.jpg\"><\/p>\n","protected":false},"excerpt":{"rendered":"<p>Kryeministri n\u00eb detyr\u00eb Albin Kurti p\u00ebrkujtoi t\u00eb enjten d\u00ebshmorin e kombit Ilaz Kodra n\u00eb &nbsp;27 vjetorin e r\u00ebnies s\u00eb tij, duke ritheksuar se \u201cemri i tij do t\u00eb shkruhet me shkronja t\u00eb arta n\u00eb historin\u00eb e popullit shqiptar\u201d. N\u00eb k\u00ebt\u00eb p\u00ebrvjetor, kryeministri Kurti vler\u00ebsoi se emri i Ilaz Kodr\u00ebs do t\u00eb mbetet i shkruar me [&hellip;]<\/p>\n","protected":false},"author":4,"featured_media":12734,"comment_status":"open","ping_status":"open","sticky":false,"template":"","format":"standard","meta":{"footnotes":""},"categories":[31,30],"tags":[],"class_list":{"0":"post-12733","1":"post","2":"type-post","3":"status-publish","4":"format-standard","5":"has-post-thumbnail","7":"category-kosove","8":"category-lajme"},"yoast_head":"<!-- This site is optimized with the Yoast SEO plugin v27.4 - https:\/\/yoast.com\/product\/yoast-seo-wordpress\/ -->\n<title>Kurti n\u00eb Marin\u00eb: Sakrifica e Ilaz Kodr\u00ebs ndri\u00e7on rrug\u00ebn e Kosov\u00ebs - Kosova Times<\/title>\n<meta name=\"robots\" content=\"index, follow, max-snippet:-1, max-image-preview:large, max-video-preview:-1\" \/>\n<link rel=\"canonical\" href=\"https:\/\/kosovatimes.info\/index.php\/2026\/04\/30\/kurti-ne-marine-sakrifica-e-ilaz-kodres-ndricon-rrugen-e-kosoves\/\" \/>\n<meta property=\"og:locale\" content=\"en_US\" \/>\n<meta property=\"og:type\" content=\"article\" \/>\n<meta property=\"og:title\" content=\"Kurti n\u00eb Marin\u00eb: Sakrifica e Ilaz Kodr\u00ebs ndri\u00e7on rrug\u00ebn e Kosov\u00ebs - Kosova Times\" \/>\n<meta property=\"og:description\" content=\"Kryeministri n\u00eb detyr\u00eb Albin Kurti p\u00ebrkujtoi t\u00eb enjten d\u00ebshmorin e kombit Ilaz Kodra n\u00eb &nbsp;27 vjetorin e r\u00ebnies s\u00eb tij, duke ritheksuar se \u201cemri i tij do t\u00eb shkruhet me shkronja t\u00eb arta n\u00eb historin\u00eb e popullit shqiptar\u201d. N\u00eb k\u00ebt\u00eb p\u00ebrvjetor, kryeministri Kurti vler\u00ebsoi se emri i Ilaz Kodr\u00ebs do t\u00eb mbetet i shkruar me [&hellip;]\" \/>\n<meta property=\"og:url\" content=\"https:\/\/kosovatimes.info\/index.php\/2026\/04\/30\/kurti-ne-marine-sakrifica-e-ilaz-kodres-ndricon-rrugen-e-kosoves\/\" \/>\n<meta property=\"og:site_name\" content=\"Kosova Times\" \/>\n<meta property=\"article:published_time\" content=\"2026-04-30T13:15:00+00:00\" \/>\n<meta property=\"article:modified_time\" content=\"2026-04-30T14:48:34+00:00\" \/>\n<meta property=\"og:image\" content=\"https:\/\/kosovatimes.info\/wp-content\/uploads\/2026\/04\/kurti-30.jpg\" \/>\n\t<meta property=\"og:image:width\" content=\"780\" \/>\n\t<meta property=\"og:image:height\" content=\"500\" \/>\n\t<meta property=\"og:image:type\" content=\"image\/jpeg\" \/>\n<meta name=\"author\" content=\"i l\" \/>\n<meta name=\"twitter:card\" content=\"summary_large_image\" \/>\n<meta name=\"twitter:label1\" content=\"Written by\" \/>\n\t<meta name=\"twitter:data1\" content=\"i l\" \/>\n\t<meta name=\"twitter:label2\" content=\"Est. reading time\" \/>\n\t<meta name=\"twitter:data2\" content=\"2 minutes\" \/>\n<script type=\"application\/ld+json\" class=\"yoast-schema-graph\">{\"@context\":\"https:\\\/\\\/schema.org\",\"@graph\":[{\"@type\":\"Article\",\"@id\":\"https:\\\/\\\/kosovatimes.info\\\/index.php\\\/2026\\\/04\\\/30\\\/kurti-ne-marine-sakrifica-e-ilaz-kodres-ndricon-rrugen-e-kosoves\\\/#article\",\"isPartOf\":{\"@id\":\"https:\\\/\\\/kosovatimes.info\\\/index.php\\\/2026\\\/04\\\/30\\\/kurti-ne-marine-sakrifica-e-ilaz-kodres-ndricon-rrugen-e-kosoves\\\/\"},\"author\":{\"name\":\"i l\",\"@id\":\"https:\\\/\\\/kosovatimes.info\\\/#\\\/schema\\\/person\\\/7586712b9c512fe68085de007378c915\"},\"headline\":\"Kurti n\u00eb Marin\u00eb: Sakrifica e Ilaz Kodr\u00ebs ndri\u00e7on rrug\u00ebn e Kosov\u00ebs\",\"datePublished\":\"2026-04-30T13:15:00+00:00\",\"dateModified\":\"2026-04-30T14:48:34+00:00\",\"mainEntityOfPage\":{\"@id\":\"https:\\\/\\\/kosovatimes.info\\\/index.php\\\/2026\\\/04\\\/30\\\/kurti-ne-marine-sakrifica-e-ilaz-kodres-ndricon-rrugen-e-kosoves\\\/\"},\"wordCount\":343,\"commentCount\":0,\"image\":{\"@id\":\"https:\\\/\\\/kosovatimes.info\\\/index.php\\\/2026\\\/04\\\/30\\\/kurti-ne-marine-sakrifica-e-ilaz-kodres-ndricon-rrugen-e-kosoves\\\/#primaryimage\"},\"thumbnailUrl\":\"https:\\\/\\\/kosovatimes.info\\\/wp-content\\\/uploads\\\/2026\\\/04\\\/kurti-30.jpg\",\"articleSection\":[\"Kosov\u00eb\",\"Lajme\"],\"inLanguage\":\"en-US\",\"potentialAction\":[{\"@type\":\"CommentAction\",\"name\":\"Comment\",\"target\":[\"https:\\\/\\\/kosovatimes.info\\\/index.php\\\/2026\\\/04\\\/30\\\/kurti-ne-marine-sakrifica-e-ilaz-kodres-ndricon-rrugen-e-kosoves\\\/#respond\"]}]},{\"@type\":\"WebPage\",\"@id\":\"https:\\\/\\\/kosovatimes.info\\\/index.php\\\/2026\\\/04\\\/30\\\/kurti-ne-marine-sakrifica-e-ilaz-kodres-ndricon-rrugen-e-kosoves\\\/\",\"url\":\"https:\\\/\\\/kosovatimes.info\\\/index.php\\\/2026\\\/04\\\/30\\\/kurti-ne-marine-sakrifica-e-ilaz-kodres-ndricon-rrugen-e-kosoves\\\/\",\"name\":\"Kurti n\u00eb Marin\u00eb: Sakrifica e Ilaz Kodr\u00ebs ndri\u00e7on rrug\u00ebn e Kosov\u00ebs - Kosova Times\",\"isPartOf\":{\"@id\":\"https:\\\/\\\/kosovatimes.info\\\/#website\"},\"primaryImageOfPage\":{\"@id\":\"https:\\\/\\\/kosovatimes.info\\\/index.php\\\/2026\\\/04\\\/30\\\/kurti-ne-marine-sakrifica-e-ilaz-kodres-ndricon-rrugen-e-kosoves\\\/#primaryimage\"},\"image\":{\"@id\":\"https:\\\/\\\/kosovatimes.info\\\/index.php\\\/2026\\\/04\\\/30\\\/kurti-ne-marine-sakrifica-e-ilaz-kodres-ndricon-rrugen-e-kosoves\\\/#primaryimage\"},\"thumbnailUrl\":\"https:\\\/\\\/kosovatimes.info\\\/wp-content\\\/uploads\\\/2026\\\/04\\\/kurti-30.jpg\",\"datePublished\":\"2026-04-30T13:15:00+00:00\",\"dateModified\":\"2026-04-30T14:48:34+00:00\",\"author\":{\"@id\":\"https:\\\/\\\/kosovatimes.info\\\/#\\\/schema\\\/person\\\/7586712b9c512fe68085de007378c915\"},\"breadcrumb\":{\"@id\":\"https:\\\/\\\/kosovatimes.info\\\/index.php\\\/2026\\\/04\\\/30\\\/kurti-ne-marine-sakrifica-e-ilaz-kodres-ndricon-rrugen-e-kosoves\\\/#breadcrumb\"},\"inLanguage\":\"en-US\",\"potentialAction\":[{\"@type\":\"ReadAction\",\"target\":[\"https:\\\/\\\/kosovatimes.info\\\/index.php\\\/2026\\\/04\\\/30\\\/kurti-ne-marine-sakrifica-e-ilaz-kodres-ndricon-rrugen-e-kosoves\\\/\"]}]},{\"@type\":\"ImageObject\",\"inLanguage\":\"en-US\",\"@id\":\"https:\\\/\\\/kosovatimes.info\\\/index.php\\\/2026\\\/04\\\/30\\\/kurti-ne-marine-sakrifica-e-ilaz-kodres-ndricon-rrugen-e-kosoves\\\/#primaryimage\",\"url\":\"https:\\\/\\\/kosovatimes.info\\\/wp-content\\\/uploads\\\/2026\\\/04\\\/kurti-30.jpg\",\"contentUrl\":\"https:\\\/\\\/kosovatimes.info\\\/wp-content\\\/uploads\\\/2026\\\/04\\\/kurti-30.jpg\",\"width\":780,\"height\":500},{\"@type\":\"BreadcrumbList\",\"@id\":\"https:\\\/\\\/kosovatimes.info\\\/index.php\\\/2026\\\/04\\\/30\\\/kurti-ne-marine-sakrifica-e-ilaz-kodres-ndricon-rrugen-e-kosoves\\\/#breadcrumb\",\"itemListElement\":[{\"@type\":\"ListItem\",\"position\":1,\"name\":\"Home\",\"item\":\"https:\\\/\\\/kosovatimes.info\\\/\"},{\"@type\":\"ListItem\",\"position\":2,\"name\":\"Kurti n\u00eb Marin\u00eb: Sakrifica e Ilaz Kodr\u00ebs ndri\u00e7on rrug\u00ebn e Kosov\u00ebs\"}]},{\"@type\":\"WebSite\",\"@id\":\"https:\\\/\\\/kosovatimes.info\\\/#website\",\"url\":\"https:\\\/\\\/kosovatimes.info\\\/\",\"name\":\"Kosova Times\",\"description\":\"\",\"potentialAction\":[{\"@type\":\"SearchAction\",\"target\":{\"@type\":\"EntryPoint\",\"urlTemplate\":\"https:\\\/\\\/kosovatimes.info\\\/?s={search_term_string}\"},\"query-input\":{\"@type\":\"PropertyValueSpecification\",\"valueRequired\":true,\"valueName\":\"search_term_string\"}}],\"inLanguage\":\"en-US\"},{\"@type\":\"Person\",\"@id\":\"https:\\\/\\\/kosovatimes.info\\\/#\\\/schema\\\/person\\\/7586712b9c512fe68085de007378c915\",\"name\":\"i l\",\"image\":{\"@type\":\"ImageObject\",\"inLanguage\":\"en-US\",\"@id\":\"https:\\\/\\\/secure.gravatar.com\\\/avatar\\\/bad9296e02816160ae2e2435beda58222022298d5625d49fea74d18816fbb31d?s=96&d=mm&r=g\",\"url\":\"https:\\\/\\\/secure.gravatar.com\\\/avatar\\\/bad9296e02816160ae2e2435beda58222022298d5625d49fea74d18816fbb31d?s=96&d=mm&r=g\",\"contentUrl\":\"https:\\\/\\\/secure.gravatar.com\\\/avatar\\\/bad9296e02816160ae2e2435beda58222022298d5625d49fea74d18816fbb31d?s=96&d=mm&r=g\",\"caption\":\"i l\"},\"url\":\"https:\\\/\\\/kosovatimes.info\\\/index.php\\\/author\\\/iliri\\\/\"}]}<\/script>\n<!-- \/ Yoast SEO plugin. -->","yoast_head_json":{"title":"Kurti n\u00eb Marin\u00eb: Sakrifica e Ilaz Kodr\u00ebs ndri\u00e7on rrug\u00ebn e Kosov\u00ebs - Kosova Times","robots":{"index":"index","follow":"follow","max-snippet":"max-snippet:-1","max-image-preview":"max-image-preview:large","max-video-preview":"max-video-preview:-1"},"canonical":"https:\/\/kosovatimes.info\/index.php\/2026\/04\/30\/kurti-ne-marine-sakrifica-e-ilaz-kodres-ndricon-rrugen-e-kosoves\/","og_locale":"en_US","og_type":"article","og_title":"Kurti n\u00eb Marin\u00eb: Sakrifica e Ilaz Kodr\u00ebs ndri\u00e7on rrug\u00ebn e Kosov\u00ebs - Kosova Times","og_description":"Kryeministri n\u00eb detyr\u00eb Albin Kurti p\u00ebrkujtoi t\u00eb enjten d\u00ebshmorin e kombit Ilaz Kodra n\u00eb &nbsp;27 vjetorin e r\u00ebnies s\u00eb tij, duke ritheksuar se \u201cemri i tij do t\u00eb shkruhet me shkronja t\u00eb arta n\u00eb historin\u00eb e popullit shqiptar\u201d. N\u00eb k\u00ebt\u00eb p\u00ebrvjetor, kryeministri Kurti vler\u00ebsoi se emri i Ilaz Kodr\u00ebs do t\u00eb mbetet i shkruar me [&hellip;]","og_url":"https:\/\/kosovatimes.info\/index.php\/2026\/04\/30\/kurti-ne-marine-sakrifica-e-ilaz-kodres-ndricon-rrugen-e-kosoves\/","og_site_name":"Kosova Times","article_published_time":"2026-04-30T13:15:00+00:00","article_modified_time":"2026-04-30T14:48:34+00:00","og_image":[{"width":780,"height":500,"url":"https:\/\/kosovatimes.info\/wp-content\/uploads\/2026\/04\/kurti-30.jpg","type":"image\/jpeg"}],"author":"i l","twitter_card":"summary_large_image","twitter_misc":{"Written by":"i l","Est. reading time":"2 minutes"},"schema":{"@context":"https:\/\/schema.org","@graph":[{"@type":"Article","@id":"https:\/\/kosovatimes.info\/index.php\/2026\/04\/30\/kurti-ne-marine-sakrifica-e-ilaz-kodres-ndricon-rrugen-e-kosoves\/#article","isPartOf":{"@id":"https:\/\/kosovatimes.info\/index.php\/2026\/04\/30\/kurti-ne-marine-sakrifica-e-ilaz-kodres-ndricon-rrugen-e-kosoves\/"},"author":{"name":"i l","@id":"https:\/\/kosovatimes.info\/#\/schema\/person\/7586712b9c512fe68085de007378c915"},"headline":"Kurti n\u00eb Marin\u00eb: Sakrifica e Ilaz Kodr\u00ebs ndri\u00e7on rrug\u00ebn e Kosov\u00ebs","datePublished":"2026-04-30T13:15:00+00:00","dateModified":"2026-04-30T14:48:34+00:00","mainEntityOfPage":{"@id":"https:\/\/kosovatimes.info\/index.php\/2026\/04\/30\/kurti-ne-marine-sakrifica-e-ilaz-kodres-ndricon-rrugen-e-kosoves\/"},"wordCount":343,"commentCount":0,"image":{"@id":"https:\/\/kosovatimes.info\/index.php\/2026\/04\/30\/kurti-ne-marine-sakrifica-e-ilaz-kodres-ndricon-rrugen-e-kosoves\/#primaryimage"},"thumbnailUrl":"https:\/\/kosovatimes.info\/wp-content\/uploads\/2026\/04\/kurti-30.jpg","articleSection":["Kosov\u00eb","Lajme"],"inLanguage":"en-US","potentialAction":[{"@type":"CommentAction","name":"Comment","target":["https:\/\/kosovatimes.info\/index.php\/2026\/04\/30\/kurti-ne-marine-sakrifica-e-ilaz-kodres-ndricon-rrugen-e-kosoves\/#respond"]}]},{"@type":"WebPage","@id":"https:\/\/kosovatimes.info\/index.php\/2026\/04\/30\/kurti-ne-marine-sakrifica-e-ilaz-kodres-ndricon-rrugen-e-kosoves\/","url":"https:\/\/kosovatimes.info\/index.php\/2026\/04\/30\/kurti-ne-marine-sakrifica-e-ilaz-kodres-ndricon-rrugen-e-kosoves\/","name":"Kurti n\u00eb Marin\u00eb: Sakrifica e Ilaz Kodr\u00ebs ndri\u00e7on rrug\u00ebn e Kosov\u00ebs - Kosova Times","isPartOf":{"@id":"https:\/\/kosovatimes.info\/#website"},"primaryImageOfPage":{"@id":"https:\/\/kosovatimes.info\/index.php\/2026\/04\/30\/kurti-ne-marine-sakrifica-e-ilaz-kodres-ndricon-rrugen-e-kosoves\/#primaryimage"},"image":{"@id":"https:\/\/kosovatimes.info\/index.php\/2026\/04\/30\/kurti-ne-marine-sakrifica-e-ilaz-kodres-ndricon-rrugen-e-kosoves\/#primaryimage"},"thumbnailUrl":"https:\/\/kosovatimes.info\/wp-content\/uploads\/2026\/04\/kurti-30.jpg","datePublished":"2026-04-30T13:15:00+00:00","dateModified":"2026-04-30T14:48:34+00:00","author":{"@id":"https:\/\/kosovatimes.info\/#\/schema\/person\/7586712b9c512fe68085de007378c915"},"breadcrumb":{"@id":"https:\/\/kosovatimes.info\/index.php\/2026\/04\/30\/kurti-ne-marine-sakrifica-e-ilaz-kodres-ndricon-rrugen-e-kosoves\/#breadcrumb"},"inLanguage":"en-US","potentialAction":[{"@type":"ReadAction","target":["https:\/\/kosovatimes.info\/index.php\/2026\/04\/30\/kurti-ne-marine-sakrifica-e-ilaz-kodres-ndricon-rrugen-e-kosoves\/"]}]},{"@type":"ImageObject","inLanguage":"en-US","@id":"https:\/\/kosovatimes.info\/index.php\/2026\/04\/30\/kurti-ne-marine-sakrifica-e-ilaz-kodres-ndricon-rrugen-e-kosoves\/#primaryimage","url":"https:\/\/kosovatimes.info\/wp-content\/uploads\/2026\/04\/kurti-30.jpg","contentUrl":"https:\/\/kosovatimes.info\/wp-content\/uploads\/2026\/04\/kurti-30.jpg","width":780,"height":500},{"@type":"BreadcrumbList","@id":"https:\/\/kosovatimes.info\/index.php\/2026\/04\/30\/kurti-ne-marine-sakrifica-e-ilaz-kodres-ndricon-rrugen-e-kosoves\/#breadcrumb","itemListElement":[{"@type":"ListItem","position":1,"name":"Home","item":"https:\/\/kosovatimes.info\/"},{"@type":"ListItem","position":2,"name":"Kurti n\u00eb Marin\u00eb: Sakrifica e Ilaz Kodr\u00ebs ndri\u00e7on rrug\u00ebn e Kosov\u00ebs"}]},{"@type":"WebSite","@id":"https:\/\/kosovatimes.info\/#website","url":"https:\/\/kosovatimes.info\/","name":"Kosova Times","description":"","potentialAction":[{"@type":"SearchAction","target":{"@type":"EntryPoint","urlTemplate":"https:\/\/kosovatimes.info\/?s={search_term_string}"},"query-input":{"@type":"PropertyValueSpecification","valueRequired":true,"valueName":"search_term_string"}}],"inLanguage":"en-US"},{"@type":"Person","@id":"https:\/\/kosovatimes.info\/#\/schema\/person\/7586712b9c512fe68085de007378c915","name":"i l","image":{"@type":"ImageObject","inLanguage":"en-US","@id":"https:\/\/secure.gravatar.com\/avatar\/bad9296e02816160ae2e2435beda58222022298d5625d49fea74d18816fbb31d?s=96&d=mm&r=g","url":"https:\/\/secure.gravatar.com\/avatar\/bad9296e02816160ae2e2435beda58222022298d5625d49fea74d18816fbb31d?s=96&d=mm&r=g","contentUrl":"https:\/\/secure.gravatar.com\/avatar\/bad9296e02816160ae2e2435beda58222022298d5625d49fea74d18816fbb31d?s=96&d=mm&r=g","caption":"i l"},"url":"https:\/\/kosovatimes.info\/index.php\/author\/iliri\/"}]}},"_links":{"self":[{"href":"https:\/\/kosovatimes.info\/index.php\/wp-json\/wp\/v2\/posts\/12733","targetHints":{"allow":["GET"]}}],"collection":[{"href":"https:\/\/kosovatimes.info\/index.php\/wp-json\/wp\/v2\/posts"}],"about":[{"href":"https:\/\/kosovatimes.info\/index.php\/wp-json\/wp\/v2\/types\/post"}],"author":[{"embeddable":true,"href":"https:\/\/kosovatimes.info\/index.php\/wp-json\/wp\/v2\/users\/4"}],"replies":[{"embeddable":true,"href":"https:\/\/kosovatimes.info\/index.php\/wp-json\/wp\/v2\/comments?post=12733"}],"version-history":[{"count":1,"href":"https:\/\/kosovatimes.info\/index.php\/wp-json\/wp\/v2\/posts\/12733\/revisions"}],"predecessor-version":[{"id":12735,"href":"https:\/\/kosovatimes.info\/index.php\/wp-json\/wp\/v2\/posts\/12733\/revisions\/12735"}],"wp:featuredmedia":[{"embeddable":true,"href":"https:\/\/kosovatimes.info\/index.php\/wp-json\/wp\/v2\/media\/12734"}],"wp:attachment":[{"href":"https:\/\/kosovatimes.info\/index.php\/wp-json\/wp\/v2\/media?parent=12733"}],"wp:term":[{"taxonomy":"category","embeddable":true,"href":"https:\/\/kosovatimes.info\/index.php\/wp-json\/wp\/v2\/categories?post=12733"},{"taxonomy":"post_tag","embeddable":true,"href":"https:\/\/kosovatimes.info\/index.php\/wp-json\/wp\/v2\/tags?post=12733"}],"curies":[{"name":"wp","href":"https:\/\/api.w.org\/{rel}","templated":true}]}}