{"id":12742,"date":"2026-04-30T15:45:00","date_gmt":"2026-04-30T13:45:00","guid":{"rendered":"https:\/\/kosovatimes.info\/?p=12742"},"modified":"2026-04-30T16:52:22","modified_gmt":"2026-04-30T14:52:22","slug":"pagesa-e-faturave-te-ujesjellesit-pa-provizion-ne-zyrat-postare","status":"publish","type":"post","link":"https:\/\/kosovatimes.info\/index.php\/2026\/04\/30\/pagesa-e-faturave-te-ujesjellesit-pa-provizion-ne-zyrat-postare\/","title":{"rendered":"Pagesa e faturave t\u00eb uj\u00ebsjell\u00ebsit pa provizion n\u00eb zyrat postare"},"content":{"rendered":"\n<p><strong>Qytetar\u00ebt e Kosov\u00ebs mund t\u00eb kryejn\u00eb pagesat e faturave t\u00eb Kompanive Rajonale t\u00eb Uj\u00ebsjell\u00ebsve n\u00eb t\u00eb gjitha zyrat e Post\u00ebs s\u00eb Kosov\u00ebs pa provizion.<\/strong><\/p>\n\n\n\n<p>Sipas njoftimit, zyrat postare funksionojn\u00eb \u00e7do dit\u00eb nga ora 08:00, duke ofruar sh\u00ebrbime p\u00ebr pagesat ndaj KRU Prishtina, KRU Bifurkacioni n\u00eb Ferizaj, KRU Hidromorava n\u00eb Gjilan, KRU Mitrovica, KRU Gjakova dhe KRU Hidrodrini n\u00eb Pej\u00eb. Nd\u00ebrkaq, p\u00ebr pagesat ndaj KRU Hidroregjioni Jugor n\u00eb Prizren, provizioni mbulohet nga konsumatori.<\/p>\n\n\n\n<p>Posta e Kosov\u00ebs thekson se do t\u00eb vazhdoj\u00eb t\u00eb mbetet nj\u00eb partner i besuesh\u00ebm p\u00ebr qytetar\u00ebt, duke garantuar realizimin e shpejt\u00eb dhe t\u00eb sigurt t\u00eb transaksioneve.<\/p>\n","protected":false},"excerpt":{"rendered":"<p>Qytetar\u00ebt e Kosov\u00ebs mund t\u00eb kryejn\u00eb pagesat e faturave t\u00eb Kompanive Rajonale t\u00eb Uj\u00ebsjell\u00ebsve n\u00eb t\u00eb gjitha zyrat e Post\u00ebs s\u00eb Kosov\u00ebs pa provizion. Sipas njoftimit, zyrat postare funksionojn\u00eb \u00e7do dit\u00eb nga ora 08:00, duke ofruar sh\u00ebrbime p\u00ebr pagesat ndaj KRU Prishtina, KRU Bifurkacioni n\u00eb Ferizaj, KRU Hidromorava n\u00eb Gjilan, KRU Mitrovica, KRU Gjakova dhe [&hellip;]<\/p>\n","protected":false},"author":4,"featured_media":12743,"comment_status":"open","ping_status":"open","sticky":false,"template":"","format":"standard","meta":{"footnotes":""},"categories":[31,30],"tags":[],"class_list":{"0":"post-12742","1":"post","2":"type-post","3":"status-publish","4":"format-standard","5":"has-post-thumbnail","7":"category-kosove","8":"category-lajme"},"yoast_head":"<!-- This site is optimized with the Yoast SEO plugin v27.4 - https:\/\/yoast.com\/product\/yoast-seo-wordpress\/ -->\n<title>Pagesa e faturave t\u00eb uj\u00ebsjell\u00ebsit pa provizion n\u00eb zyrat postare - Kosova Times<\/title>\n<meta name=\"robots\" content=\"index, follow, max-snippet:-1, max-image-preview:large, max-video-preview:-1\" \/>\n<link rel=\"canonical\" href=\"https:\/\/kosovatimes.info\/index.php\/2026\/04\/30\/pagesa-e-faturave-te-ujesjellesit-pa-provizion-ne-zyrat-postare\/\" \/>\n<meta property=\"og:locale\" content=\"en_US\" \/>\n<meta property=\"og:type\" content=\"article\" \/>\n<meta property=\"og:title\" content=\"Pagesa e faturave t\u00eb uj\u00ebsjell\u00ebsit pa provizion n\u00eb zyrat postare - Kosova Times\" \/>\n<meta property=\"og:description\" content=\"Qytetar\u00ebt e Kosov\u00ebs mund t\u00eb kryejn\u00eb pagesat e faturave t\u00eb Kompanive Rajonale t\u00eb Uj\u00ebsjell\u00ebsve n\u00eb t\u00eb gjitha zyrat e Post\u00ebs s\u00eb Kosov\u00ebs pa provizion. Sipas njoftimit, zyrat postare funksionojn\u00eb \u00e7do dit\u00eb nga ora 08:00, duke ofruar sh\u00ebrbime p\u00ebr pagesat ndaj KRU Prishtina, KRU Bifurkacioni n\u00eb Ferizaj, KRU Hidromorava n\u00eb Gjilan, KRU Mitrovica, KRU Gjakova dhe [&hellip;]\" \/>\n<meta property=\"og:url\" content=\"https:\/\/kosovatimes.info\/index.php\/2026\/04\/30\/pagesa-e-faturave-te-ujesjellesit-pa-provizion-ne-zyrat-postare\/\" \/>\n<meta property=\"og:site_name\" content=\"Kosova Times\" \/>\n<meta property=\"article:published_time\" content=\"2026-04-30T13:45:00+00:00\" \/>\n<meta property=\"article:modified_time\" content=\"2026-04-30T14:52:22+00:00\" \/>\n<meta property=\"og:image\" content=\"https:\/\/kosovatimes.info\/wp-content\/uploads\/2026\/04\/Uji-1.jpg\" \/>\n\t<meta property=\"og:image:width\" content=\"780\" \/>\n\t<meta property=\"og:image:height\" content=\"500\" \/>\n\t<meta property=\"og:image:type\" content=\"image\/jpeg\" \/>\n<meta name=\"author\" content=\"i l\" \/>\n<meta name=\"twitter:card\" content=\"summary_large_image\" \/>\n<meta name=\"twitter:label1\" content=\"Written by\" \/>\n\t<meta name=\"twitter:data1\" content=\"i l\" \/>\n\t<meta name=\"twitter:label2\" content=\"Est. reading time\" \/>\n\t<meta name=\"twitter:data2\" content=\"1 minute\" \/>\n<script type=\"application\/ld+json\" class=\"yoast-schema-graph\">{\"@context\":\"https:\\\/\\\/schema.org\",\"@graph\":[{\"@type\":\"Article\",\"@id\":\"https:\\\/\\\/kosovatimes.info\\\/index.php\\\/2026\\\/04\\\/30\\\/pagesa-e-faturave-te-ujesjellesit-pa-provizion-ne-zyrat-postare\\\/#article\",\"isPartOf\":{\"@id\":\"https:\\\/\\\/kosovatimes.info\\\/index.php\\\/2026\\\/04\\\/30\\\/pagesa-e-faturave-te-ujesjellesit-pa-provizion-ne-zyrat-postare\\\/\"},\"author\":{\"name\":\"i l\",\"@id\":\"https:\\\/\\\/kosovatimes.info\\\/#\\\/schema\\\/person\\\/7586712b9c512fe68085de007378c915\"},\"headline\":\"Pagesa e faturave t\u00eb uj\u00ebsjell\u00ebsit pa provizion n\u00eb zyrat postare\",\"datePublished\":\"2026-04-30T13:45:00+00:00\",\"dateModified\":\"2026-04-30T14:52:22+00:00\",\"mainEntityOfPage\":{\"@id\":\"https:\\\/\\\/kosovatimes.info\\\/index.php\\\/2026\\\/04\\\/30\\\/pagesa-e-faturave-te-ujesjellesit-pa-provizion-ne-zyrat-postare\\\/\"},\"wordCount\":123,\"commentCount\":0,\"image\":{\"@id\":\"https:\\\/\\\/kosovatimes.info\\\/index.php\\\/2026\\\/04\\\/30\\\/pagesa-e-faturave-te-ujesjellesit-pa-provizion-ne-zyrat-postare\\\/#primaryimage\"},\"thumbnailUrl\":\"https:\\\/\\\/kosovatimes.info\\\/wp-content\\\/uploads\\\/2026\\\/04\\\/Uji-1.jpg\",\"articleSection\":[\"Kosov\u00eb\",\"Lajme\"],\"inLanguage\":\"en-US\",\"potentialAction\":[{\"@type\":\"CommentAction\",\"name\":\"Comment\",\"target\":[\"https:\\\/\\\/kosovatimes.info\\\/index.php\\\/2026\\\/04\\\/30\\\/pagesa-e-faturave-te-ujesjellesit-pa-provizion-ne-zyrat-postare\\\/#respond\"]}]},{\"@type\":\"WebPage\",\"@id\":\"https:\\\/\\\/kosovatimes.info\\\/index.php\\\/2026\\\/04\\\/30\\\/pagesa-e-faturave-te-ujesjellesit-pa-provizion-ne-zyrat-postare\\\/\",\"url\":\"https:\\\/\\\/kosovatimes.info\\\/index.php\\\/2026\\\/04\\\/30\\\/pagesa-e-faturave-te-ujesjellesit-pa-provizion-ne-zyrat-postare\\\/\",\"name\":\"Pagesa e faturave t\u00eb uj\u00ebsjell\u00ebsit pa provizion n\u00eb zyrat postare - Kosova Times\",\"isPartOf\":{\"@id\":\"https:\\\/\\\/kosovatimes.info\\\/#website\"},\"primaryImageOfPage\":{\"@id\":\"https:\\\/\\\/kosovatimes.info\\\/index.php\\\/2026\\\/04\\\/30\\\/pagesa-e-faturave-te-ujesjellesit-pa-provizion-ne-zyrat-postare\\\/#primaryimage\"},\"image\":{\"@id\":\"https:\\\/\\\/kosovatimes.info\\\/index.php\\\/2026\\\/04\\\/30\\\/pagesa-e-faturave-te-ujesjellesit-pa-provizion-ne-zyrat-postare\\\/#primaryimage\"},\"thumbnailUrl\":\"https:\\\/\\\/kosovatimes.info\\\/wp-content\\\/uploads\\\/2026\\\/04\\\/Uji-1.jpg\",\"datePublished\":\"2026-04-30T13:45:00+00:00\",\"dateModified\":\"2026-04-30T14:52:22+00:00\",\"author\":{\"@id\":\"https:\\\/\\\/kosovatimes.info\\\/#\\\/schema\\\/person\\\/7586712b9c512fe68085de007378c915\"},\"breadcrumb\":{\"@id\":\"https:\\\/\\\/kosovatimes.info\\\/index.php\\\/2026\\\/04\\\/30\\\/pagesa-e-faturave-te-ujesjellesit-pa-provizion-ne-zyrat-postare\\\/#breadcrumb\"},\"inLanguage\":\"en-US\",\"potentialAction\":[{\"@type\":\"ReadAction\",\"target\":[\"https:\\\/\\\/kosovatimes.info\\\/index.php\\\/2026\\\/04\\\/30\\\/pagesa-e-faturave-te-ujesjellesit-pa-provizion-ne-zyrat-postare\\\/\"]}]},{\"@type\":\"ImageObject\",\"inLanguage\":\"en-US\",\"@id\":\"https:\\\/\\\/kosovatimes.info\\\/index.php\\\/2026\\\/04\\\/30\\\/pagesa-e-faturave-te-ujesjellesit-pa-provizion-ne-zyrat-postare\\\/#primaryimage\",\"url\":\"https:\\\/\\\/kosovatimes.info\\\/wp-content\\\/uploads\\\/2026\\\/04\\\/Uji-1.jpg\",\"contentUrl\":\"https:\\\/\\\/kosovatimes.info\\\/wp-content\\\/uploads\\\/2026\\\/04\\\/Uji-1.jpg\",\"width\":780,\"height\":500},{\"@type\":\"BreadcrumbList\",\"@id\":\"https:\\\/\\\/kosovatimes.info\\\/index.php\\\/2026\\\/04\\\/30\\\/pagesa-e-faturave-te-ujesjellesit-pa-provizion-ne-zyrat-postare\\\/#breadcrumb\",\"itemListElement\":[{\"@type\":\"ListItem\",\"position\":1,\"name\":\"Home\",\"item\":\"https:\\\/\\\/kosovatimes.info\\\/\"},{\"@type\":\"ListItem\",\"position\":2,\"name\":\"Pagesa e faturave t\u00eb uj\u00ebsjell\u00ebsit pa provizion n\u00eb zyrat postare\"}]},{\"@type\":\"WebSite\",\"@id\":\"https:\\\/\\\/kosovatimes.info\\\/#website\",\"url\":\"https:\\\/\\\/kosovatimes.info\\\/\",\"name\":\"Kosova Times\",\"description\":\"\",\"potentialAction\":[{\"@type\":\"SearchAction\",\"target\":{\"@type\":\"EntryPoint\",\"urlTemplate\":\"https:\\\/\\\/kosovatimes.info\\\/?s={search_term_string}\"},\"query-input\":{\"@type\":\"PropertyValueSpecification\",\"valueRequired\":true,\"valueName\":\"search_term_string\"}}],\"inLanguage\":\"en-US\"},{\"@type\":\"Person\",\"@id\":\"https:\\\/\\\/kosovatimes.info\\\/#\\\/schema\\\/person\\\/7586712b9c512fe68085de007378c915\",\"name\":\"i l\",\"image\":{\"@type\":\"ImageObject\",\"inLanguage\":\"en-US\",\"@id\":\"https:\\\/\\\/secure.gravatar.com\\\/avatar\\\/bad9296e02816160ae2e2435beda58222022298d5625d49fea74d18816fbb31d?s=96&d=mm&r=g\",\"url\":\"https:\\\/\\\/secure.gravatar.com\\\/avatar\\\/bad9296e02816160ae2e2435beda58222022298d5625d49fea74d18816fbb31d?s=96&d=mm&r=g\",\"contentUrl\":\"https:\\\/\\\/secure.gravatar.com\\\/avatar\\\/bad9296e02816160ae2e2435beda58222022298d5625d49fea74d18816fbb31d?s=96&d=mm&r=g\",\"caption\":\"i l\"},\"url\":\"https:\\\/\\\/kosovatimes.info\\\/index.php\\\/author\\\/iliri\\\/\"}]}<\/script>\n<!-- \/ Yoast SEO plugin. -->","yoast_head_json":{"title":"Pagesa e faturave t\u00eb uj\u00ebsjell\u00ebsit pa provizion n\u00eb zyrat postare - Kosova Times","robots":{"index":"index","follow":"follow","max-snippet":"max-snippet:-1","max-image-preview":"max-image-preview:large","max-video-preview":"max-video-preview:-1"},"canonical":"https:\/\/kosovatimes.info\/index.php\/2026\/04\/30\/pagesa-e-faturave-te-ujesjellesit-pa-provizion-ne-zyrat-postare\/","og_locale":"en_US","og_type":"article","og_title":"Pagesa e faturave t\u00eb uj\u00ebsjell\u00ebsit pa provizion n\u00eb zyrat postare - Kosova Times","og_description":"Qytetar\u00ebt e Kosov\u00ebs mund t\u00eb kryejn\u00eb pagesat e faturave t\u00eb Kompanive Rajonale t\u00eb Uj\u00ebsjell\u00ebsve n\u00eb t\u00eb gjitha zyrat e Post\u00ebs s\u00eb Kosov\u00ebs pa provizion. Sipas njoftimit, zyrat postare funksionojn\u00eb \u00e7do dit\u00eb nga ora 08:00, duke ofruar sh\u00ebrbime p\u00ebr pagesat ndaj KRU Prishtina, KRU Bifurkacioni n\u00eb Ferizaj, KRU Hidromorava n\u00eb Gjilan, KRU Mitrovica, KRU Gjakova dhe [&hellip;]","og_url":"https:\/\/kosovatimes.info\/index.php\/2026\/04\/30\/pagesa-e-faturave-te-ujesjellesit-pa-provizion-ne-zyrat-postare\/","og_site_name":"Kosova Times","article_published_time":"2026-04-30T13:45:00+00:00","article_modified_time":"2026-04-30T14:52:22+00:00","og_image":[{"width":780,"height":500,"url":"https:\/\/kosovatimes.info\/wp-content\/uploads\/2026\/04\/Uji-1.jpg","type":"image\/jpeg"}],"author":"i l","twitter_card":"summary_large_image","twitter_misc":{"Written by":"i l","Est. reading time":"1 minute"},"schema":{"@context":"https:\/\/schema.org","@graph":[{"@type":"Article","@id":"https:\/\/kosovatimes.info\/index.php\/2026\/04\/30\/pagesa-e-faturave-te-ujesjellesit-pa-provizion-ne-zyrat-postare\/#article","isPartOf":{"@id":"https:\/\/kosovatimes.info\/index.php\/2026\/04\/30\/pagesa-e-faturave-te-ujesjellesit-pa-provizion-ne-zyrat-postare\/"},"author":{"name":"i l","@id":"https:\/\/kosovatimes.info\/#\/schema\/person\/7586712b9c512fe68085de007378c915"},"headline":"Pagesa e faturave t\u00eb uj\u00ebsjell\u00ebsit pa provizion n\u00eb zyrat postare","datePublished":"2026-04-30T13:45:00+00:00","dateModified":"2026-04-30T14:52:22+00:00","mainEntityOfPage":{"@id":"https:\/\/kosovatimes.info\/index.php\/2026\/04\/30\/pagesa-e-faturave-te-ujesjellesit-pa-provizion-ne-zyrat-postare\/"},"wordCount":123,"commentCount":0,"image":{"@id":"https:\/\/kosovatimes.info\/index.php\/2026\/04\/30\/pagesa-e-faturave-te-ujesjellesit-pa-provizion-ne-zyrat-postare\/#primaryimage"},"thumbnailUrl":"https:\/\/kosovatimes.info\/wp-content\/uploads\/2026\/04\/Uji-1.jpg","articleSection":["Kosov\u00eb","Lajme"],"inLanguage":"en-US","potentialAction":[{"@type":"CommentAction","name":"Comment","target":["https:\/\/kosovatimes.info\/index.php\/2026\/04\/30\/pagesa-e-faturave-te-ujesjellesit-pa-provizion-ne-zyrat-postare\/#respond"]}]},{"@type":"WebPage","@id":"https:\/\/kosovatimes.info\/index.php\/2026\/04\/30\/pagesa-e-faturave-te-ujesjellesit-pa-provizion-ne-zyrat-postare\/","url":"https:\/\/kosovatimes.info\/index.php\/2026\/04\/30\/pagesa-e-faturave-te-ujesjellesit-pa-provizion-ne-zyrat-postare\/","name":"Pagesa e faturave t\u00eb uj\u00ebsjell\u00ebsit pa provizion n\u00eb zyrat postare - Kosova Times","isPartOf":{"@id":"https:\/\/kosovatimes.info\/#website"},"primaryImageOfPage":{"@id":"https:\/\/kosovatimes.info\/index.php\/2026\/04\/30\/pagesa-e-faturave-te-ujesjellesit-pa-provizion-ne-zyrat-postare\/#primaryimage"},"image":{"@id":"https:\/\/kosovatimes.info\/index.php\/2026\/04\/30\/pagesa-e-faturave-te-ujesjellesit-pa-provizion-ne-zyrat-postare\/#primaryimage"},"thumbnailUrl":"https:\/\/kosovatimes.info\/wp-content\/uploads\/2026\/04\/Uji-1.jpg","datePublished":"2026-04-30T13:45:00+00:00","dateModified":"2026-04-30T14:52:22+00:00","author":{"@id":"https:\/\/kosovatimes.info\/#\/schema\/person\/7586712b9c512fe68085de007378c915"},"breadcrumb":{"@id":"https:\/\/kosovatimes.info\/index.php\/2026\/04\/30\/pagesa-e-faturave-te-ujesjellesit-pa-provizion-ne-zyrat-postare\/#breadcrumb"},"inLanguage":"en-US","potentialAction":[{"@type":"ReadAction","target":["https:\/\/kosovatimes.info\/index.php\/2026\/04\/30\/pagesa-e-faturave-te-ujesjellesit-pa-provizion-ne-zyrat-postare\/"]}]},{"@type":"ImageObject","inLanguage":"en-US","@id":"https:\/\/kosovatimes.info\/index.php\/2026\/04\/30\/pagesa-e-faturave-te-ujesjellesit-pa-provizion-ne-zyrat-postare\/#primaryimage","url":"https:\/\/kosovatimes.info\/wp-content\/uploads\/2026\/04\/Uji-1.jpg","contentUrl":"https:\/\/kosovatimes.info\/wp-content\/uploads\/2026\/04\/Uji-1.jpg","width":780,"height":500},{"@type":"BreadcrumbList","@id":"https:\/\/kosovatimes.info\/index.php\/2026\/04\/30\/pagesa-e-faturave-te-ujesjellesit-pa-provizion-ne-zyrat-postare\/#breadcrumb","itemListElement":[{"@type":"ListItem","position":1,"name":"Home","item":"https:\/\/kosovatimes.info\/"},{"@type":"ListItem","position":2,"name":"Pagesa e faturave t\u00eb uj\u00ebsjell\u00ebsit pa provizion n\u00eb zyrat postare"}]},{"@type":"WebSite","@id":"https:\/\/kosovatimes.info\/#website","url":"https:\/\/kosovatimes.info\/","name":"Kosova Times","description":"","potentialAction":[{"@type":"SearchAction","target":{"@type":"EntryPoint","urlTemplate":"https:\/\/kosovatimes.info\/?s={search_term_string}"},"query-input":{"@type":"PropertyValueSpecification","valueRequired":true,"valueName":"search_term_string"}}],"inLanguage":"en-US"},{"@type":"Person","@id":"https:\/\/kosovatimes.info\/#\/schema\/person\/7586712b9c512fe68085de007378c915","name":"i l","image":{"@type":"ImageObject","inLanguage":"en-US","@id":"https:\/\/secure.gravatar.com\/avatar\/bad9296e02816160ae2e2435beda58222022298d5625d49fea74d18816fbb31d?s=96&d=mm&r=g","url":"https:\/\/secure.gravatar.com\/avatar\/bad9296e02816160ae2e2435beda58222022298d5625d49fea74d18816fbb31d?s=96&d=mm&r=g","contentUrl":"https:\/\/secure.gravatar.com\/avatar\/bad9296e02816160ae2e2435beda58222022298d5625d49fea74d18816fbb31d?s=96&d=mm&r=g","caption":"i l"},"url":"https:\/\/kosovatimes.info\/index.php\/author\/iliri\/"}]}},"_links":{"self":[{"href":"https:\/\/kosovatimes.info\/index.php\/wp-json\/wp\/v2\/posts\/12742","targetHints":{"allow":["GET"]}}],"collection":[{"href":"https:\/\/kosovatimes.info\/index.php\/wp-json\/wp\/v2\/posts"}],"about":[{"href":"https:\/\/kosovatimes.info\/index.php\/wp-json\/wp\/v2\/types\/post"}],"author":[{"embeddable":true,"href":"https:\/\/kosovatimes.info\/index.php\/wp-json\/wp\/v2\/users\/4"}],"replies":[{"embeddable":true,"href":"https:\/\/kosovatimes.info\/index.php\/wp-json\/wp\/v2\/comments?post=12742"}],"version-history":[{"count":1,"href":"https:\/\/kosovatimes.info\/index.php\/wp-json\/wp\/v2\/posts\/12742\/revisions"}],"predecessor-version":[{"id":12744,"href":"https:\/\/kosovatimes.info\/index.php\/wp-json\/wp\/v2\/posts\/12742\/revisions\/12744"}],"wp:featuredmedia":[{"embeddable":true,"href":"https:\/\/kosovatimes.info\/index.php\/wp-json\/wp\/v2\/media\/12743"}],"wp:attachment":[{"href":"https:\/\/kosovatimes.info\/index.php\/wp-json\/wp\/v2\/media?parent=12742"}],"wp:term":[{"taxonomy":"category","embeddable":true,"href":"https:\/\/kosovatimes.info\/index.php\/wp-json\/wp\/v2\/categories?post=12742"},{"taxonomy":"post_tag","embeddable":true,"href":"https:\/\/kosovatimes.info\/index.php\/wp-json\/wp\/v2\/tags?post=12742"}],"curies":[{"name":"wp","href":"https:\/\/api.w.org\/{rel}","templated":true}]}}