{"id":12748,"date":"2026-04-30T16:13:00","date_gmt":"2026-04-30T14:13:00","guid":{"rendered":"https:\/\/kosovatimes.info\/?p=12748"},"modified":"2026-04-30T16:54:58","modified_gmt":"2026-04-30T14:54:58","slug":"kqz-diskuton-me-zyrtaret-komunale-per-sfidat-e-zgjedhjeve","status":"publish","type":"post","link":"https:\/\/kosovatimes.info\/index.php\/2026\/04\/30\/kqz-diskuton-me-zyrtaret-komunale-per-sfidat-e-zgjedhjeve\/","title":{"rendered":"KQZ diskuton me zyrtar\u00ebt komunal\u00eb p\u00ebr sfidat e zgjedhjeve"},"content":{"rendered":"\n<p><strong>Komisioni Qendror i Zgjedhjeve organizoi pun\u00ebtori me zyrtar\u00ebt ekzekutiv t\u00eb Komisioneve Komunale t\u00eb Zgjedhjeve (ZEKKZ), p\u00ebr t\u00eb diskutuar p\u00ebr \u00e7\u00ebshtje t\u00eb ndryshme q\u00eb kan\u00eb t\u00eb b\u00ebjn\u00eb me proceset zgjedhore qendrore dhe lokale t\u00eb mbajtura n\u00eb vitin 2025.<\/strong><\/p>\n\n\n\n<p>Sipas njoftimit nga KQZ, n\u00eb k\u00ebt\u00eb pun\u00ebtori t\u00eb organizuar me mb\u00ebshtetjen e Misionit t\u00eb OSBE-s\u00eb n\u00eb Kosov\u00eb, u diskutua p\u00ebr hapat q\u00eb duhet nd\u00ebrmarr\u00eb n\u00eb procesin e ri zgjedhor p\u00ebr trajtimin e sfidave t\u00eb paraqitura gjat\u00eb atyre proceseve.<\/p>\n\n\n\n<p>\u201cN\u00eb k\u00ebt\u00eb takim, kryesuesi i KQZ-s\u00eb, Kreshnik Radoniqi, krahas problemeve t\u00eb evidentuara sidomos n\u00eb procesin e fundit zgjedhor me num\u00ebrimin e votave t\u00eb kandidat\u00ebve p\u00ebr deputet\u00eb n\u00eb disa Qendra Komunale t\u00eb Num\u00ebrimit, theksoi r\u00ebnd\u00ebsin\u00eb p\u00ebr kujdes t\u00eb shtuar gjat\u00eb do faze t\u00eb p\u00ebrgatitjes s\u00eb zgjedhjeve, e deri te num\u00ebrimi dhe certifikimi i rezultateve\u201d, thuhet n\u00eb njoftim.<\/p>\n\n\n\n<p>Po ashtu, an\u00ebtar\u00ebt prezent\u00eb t\u00eb KQZ-s\u00eb dhe ZEKKZ-t\u00eb, diskutuan sfidat q\u00eb hasen n\u00eb nivel lokal gjat\u00eb fazave t\u00eb ndryshme t\u00eb p\u00ebrgatitjes s\u00eb zgjedhjeve, si dhe m\u00ebnyrat e adresimit t\u00eb tyre.<\/p>\n\n\n\n<p>\u201cN\u00eb \u00e7do komun\u00eb t\u00eb Republik\u00ebs s\u00eb Kosov\u00ebs, KQZ ka t\u00eb pun\u00ebsuar t\u00eb p\u00ebrhersh\u00ebm Zyrtar\u00ebt Ekzekutiv t\u00eb Komisioneve Komunale t\u00eb Zgjedhjeve (ZEKKZ), t\u00eb cil\u00ebt, gjat\u00eb periudh\u00ebs s\u00eb zgjedhjeve jan\u00eb Kryesues t\u00eb Komisioneve Komunale t\u00eb Zgjedhjeve n\u00eb komunat e tyre p\u00ebrkat\u00ebse\u201d, thuhet n\u00eb njoftim.<\/p>\n\n\n\n<p>Tutje theksohet se KKZ jan\u00eb p\u00ebrgjegj\u00ebse p\u00ebr administrimin e zgjedhjeve brenda komunave, n\u00ebn mbik\u00ebqyrjen dhe udh\u00ebzimet e KQZ, n\u00ebp\u00ebrmjet Sekretariatit, me q\u00ebllim t\u00eb garantimit t\u00eb ligjshm\u00ebris\u00eb, legjitimitetit dhe efikasitetit t\u00eb procesit zgjedhor.<\/p>\n","protected":false},"excerpt":{"rendered":"<p>Komisioni Qendror i Zgjedhjeve organizoi pun\u00ebtori me zyrtar\u00ebt ekzekutiv t\u00eb Komisioneve Komunale t\u00eb Zgjedhjeve (ZEKKZ), p\u00ebr t\u00eb diskutuar p\u00ebr \u00e7\u00ebshtje t\u00eb ndryshme q\u00eb kan\u00eb t\u00eb b\u00ebjn\u00eb me proceset zgjedhore qendrore dhe lokale t\u00eb mbajtura n\u00eb vitin 2025. Sipas njoftimit nga KQZ, n\u00eb k\u00ebt\u00eb pun\u00ebtori t\u00eb organizuar me mb\u00ebshtetjen e Misionit t\u00eb OSBE-s\u00eb n\u00eb Kosov\u00eb, u [&hellip;]<\/p>\n","protected":false},"author":4,"featured_media":12749,"comment_status":"open","ping_status":"open","sticky":false,"template":"","format":"standard","meta":{"footnotes":""},"categories":[31,30],"tags":[],"class_list":{"0":"post-12748","1":"post","2":"type-post","3":"status-publish","4":"format-standard","5":"has-post-thumbnail","7":"category-kosove","8":"category-lajme"},"yoast_head":"<!-- This site is optimized with the Yoast SEO plugin v27.4 - https:\/\/yoast.com\/product\/yoast-seo-wordpress\/ -->\n<title>KQZ diskuton me zyrtar\u00ebt komunal\u00eb p\u00ebr sfidat e zgjedhjeve - Kosova Times<\/title>\n<meta name=\"robots\" content=\"index, follow, max-snippet:-1, max-image-preview:large, max-video-preview:-1\" \/>\n<link rel=\"canonical\" href=\"https:\/\/kosovatimes.info\/index.php\/2026\/04\/30\/kqz-diskuton-me-zyrtaret-komunale-per-sfidat-e-zgjedhjeve\/\" \/>\n<meta property=\"og:locale\" content=\"en_US\" \/>\n<meta property=\"og:type\" content=\"article\" \/>\n<meta property=\"og:title\" content=\"KQZ diskuton me zyrtar\u00ebt komunal\u00eb p\u00ebr sfidat e zgjedhjeve - Kosova Times\" \/>\n<meta property=\"og:description\" content=\"Komisioni Qendror i Zgjedhjeve organizoi pun\u00ebtori me zyrtar\u00ebt ekzekutiv t\u00eb Komisioneve Komunale t\u00eb Zgjedhjeve (ZEKKZ), p\u00ebr t\u00eb diskutuar p\u00ebr \u00e7\u00ebshtje t\u00eb ndryshme q\u00eb kan\u00eb t\u00eb b\u00ebjn\u00eb me proceset zgjedhore qendrore dhe lokale t\u00eb mbajtura n\u00eb vitin 2025. Sipas njoftimit nga KQZ, n\u00eb k\u00ebt\u00eb pun\u00ebtori t\u00eb organizuar me mb\u00ebshtetjen e Misionit t\u00eb OSBE-s\u00eb n\u00eb Kosov\u00eb, u [&hellip;]\" \/>\n<meta property=\"og:url\" content=\"https:\/\/kosovatimes.info\/index.php\/2026\/04\/30\/kqz-diskuton-me-zyrtaret-komunale-per-sfidat-e-zgjedhjeve\/\" \/>\n<meta property=\"og:site_name\" content=\"Kosova Times\" \/>\n<meta property=\"article:published_time\" content=\"2026-04-30T14:13:00+00:00\" \/>\n<meta property=\"article:modified_time\" content=\"2026-04-30T14:54:58+00:00\" \/>\n<meta property=\"og:image\" content=\"https:\/\/kosovatimes.info\/wp-content\/uploads\/2026\/04\/KQZ-1.jpg\" \/>\n\t<meta property=\"og:image:width\" content=\"780\" \/>\n\t<meta property=\"og:image:height\" content=\"500\" \/>\n\t<meta property=\"og:image:type\" content=\"image\/jpeg\" \/>\n<meta name=\"author\" content=\"i l\" \/>\n<meta name=\"twitter:card\" content=\"summary_large_image\" \/>\n<meta name=\"twitter:label1\" content=\"Written by\" \/>\n\t<meta name=\"twitter:data1\" content=\"i l\" \/>\n\t<meta name=\"twitter:label2\" content=\"Est. reading time\" \/>\n\t<meta name=\"twitter:data2\" content=\"2 minutes\" \/>\n<script type=\"application\/ld+json\" class=\"yoast-schema-graph\">{\"@context\":\"https:\\\/\\\/schema.org\",\"@graph\":[{\"@type\":\"Article\",\"@id\":\"https:\\\/\\\/kosovatimes.info\\\/index.php\\\/2026\\\/04\\\/30\\\/kqz-diskuton-me-zyrtaret-komunale-per-sfidat-e-zgjedhjeve\\\/#article\",\"isPartOf\":{\"@id\":\"https:\\\/\\\/kosovatimes.info\\\/index.php\\\/2026\\\/04\\\/30\\\/kqz-diskuton-me-zyrtaret-komunale-per-sfidat-e-zgjedhjeve\\\/\"},\"author\":{\"name\":\"i l\",\"@id\":\"https:\\\/\\\/kosovatimes.info\\\/#\\\/schema\\\/person\\\/7586712b9c512fe68085de007378c915\"},\"headline\":\"KQZ diskuton me zyrtar\u00ebt komunal\u00eb p\u00ebr sfidat e zgjedhjeve\",\"datePublished\":\"2026-04-30T14:13:00+00:00\",\"dateModified\":\"2026-04-30T14:54:58+00:00\",\"mainEntityOfPage\":{\"@id\":\"https:\\\/\\\/kosovatimes.info\\\/index.php\\\/2026\\\/04\\\/30\\\/kqz-diskuton-me-zyrtaret-komunale-per-sfidat-e-zgjedhjeve\\\/\"},\"wordCount\":290,\"commentCount\":0,\"image\":{\"@id\":\"https:\\\/\\\/kosovatimes.info\\\/index.php\\\/2026\\\/04\\\/30\\\/kqz-diskuton-me-zyrtaret-komunale-per-sfidat-e-zgjedhjeve\\\/#primaryimage\"},\"thumbnailUrl\":\"https:\\\/\\\/kosovatimes.info\\\/wp-content\\\/uploads\\\/2026\\\/04\\\/KQZ-1.jpg\",\"articleSection\":[\"Kosov\u00eb\",\"Lajme\"],\"inLanguage\":\"en-US\",\"potentialAction\":[{\"@type\":\"CommentAction\",\"name\":\"Comment\",\"target\":[\"https:\\\/\\\/kosovatimes.info\\\/index.php\\\/2026\\\/04\\\/30\\\/kqz-diskuton-me-zyrtaret-komunale-per-sfidat-e-zgjedhjeve\\\/#respond\"]}]},{\"@type\":\"WebPage\",\"@id\":\"https:\\\/\\\/kosovatimes.info\\\/index.php\\\/2026\\\/04\\\/30\\\/kqz-diskuton-me-zyrtaret-komunale-per-sfidat-e-zgjedhjeve\\\/\",\"url\":\"https:\\\/\\\/kosovatimes.info\\\/index.php\\\/2026\\\/04\\\/30\\\/kqz-diskuton-me-zyrtaret-komunale-per-sfidat-e-zgjedhjeve\\\/\",\"name\":\"KQZ diskuton me zyrtar\u00ebt komunal\u00eb p\u00ebr sfidat e zgjedhjeve - Kosova Times\",\"isPartOf\":{\"@id\":\"https:\\\/\\\/kosovatimes.info\\\/#website\"},\"primaryImageOfPage\":{\"@id\":\"https:\\\/\\\/kosovatimes.info\\\/index.php\\\/2026\\\/04\\\/30\\\/kqz-diskuton-me-zyrtaret-komunale-per-sfidat-e-zgjedhjeve\\\/#primaryimage\"},\"image\":{\"@id\":\"https:\\\/\\\/kosovatimes.info\\\/index.php\\\/2026\\\/04\\\/30\\\/kqz-diskuton-me-zyrtaret-komunale-per-sfidat-e-zgjedhjeve\\\/#primaryimage\"},\"thumbnailUrl\":\"https:\\\/\\\/kosovatimes.info\\\/wp-content\\\/uploads\\\/2026\\\/04\\\/KQZ-1.jpg\",\"datePublished\":\"2026-04-30T14:13:00+00:00\",\"dateModified\":\"2026-04-30T14:54:58+00:00\",\"author\":{\"@id\":\"https:\\\/\\\/kosovatimes.info\\\/#\\\/schema\\\/person\\\/7586712b9c512fe68085de007378c915\"},\"breadcrumb\":{\"@id\":\"https:\\\/\\\/kosovatimes.info\\\/index.php\\\/2026\\\/04\\\/30\\\/kqz-diskuton-me-zyrtaret-komunale-per-sfidat-e-zgjedhjeve\\\/#breadcrumb\"},\"inLanguage\":\"en-US\",\"potentialAction\":[{\"@type\":\"ReadAction\",\"target\":[\"https:\\\/\\\/kosovatimes.info\\\/index.php\\\/2026\\\/04\\\/30\\\/kqz-diskuton-me-zyrtaret-komunale-per-sfidat-e-zgjedhjeve\\\/\"]}]},{\"@type\":\"ImageObject\",\"inLanguage\":\"en-US\",\"@id\":\"https:\\\/\\\/kosovatimes.info\\\/index.php\\\/2026\\\/04\\\/30\\\/kqz-diskuton-me-zyrtaret-komunale-per-sfidat-e-zgjedhjeve\\\/#primaryimage\",\"url\":\"https:\\\/\\\/kosovatimes.info\\\/wp-content\\\/uploads\\\/2026\\\/04\\\/KQZ-1.jpg\",\"contentUrl\":\"https:\\\/\\\/kosovatimes.info\\\/wp-content\\\/uploads\\\/2026\\\/04\\\/KQZ-1.jpg\",\"width\":780,\"height\":500},{\"@type\":\"BreadcrumbList\",\"@id\":\"https:\\\/\\\/kosovatimes.info\\\/index.php\\\/2026\\\/04\\\/30\\\/kqz-diskuton-me-zyrtaret-komunale-per-sfidat-e-zgjedhjeve\\\/#breadcrumb\",\"itemListElement\":[{\"@type\":\"ListItem\",\"position\":1,\"name\":\"Home\",\"item\":\"https:\\\/\\\/kosovatimes.info\\\/\"},{\"@type\":\"ListItem\",\"position\":2,\"name\":\"KQZ diskuton me zyrtar\u00ebt komunal\u00eb p\u00ebr sfidat e zgjedhjeve\"}]},{\"@type\":\"WebSite\",\"@id\":\"https:\\\/\\\/kosovatimes.info\\\/#website\",\"url\":\"https:\\\/\\\/kosovatimes.info\\\/\",\"name\":\"Kosova Times\",\"description\":\"\",\"potentialAction\":[{\"@type\":\"SearchAction\",\"target\":{\"@type\":\"EntryPoint\",\"urlTemplate\":\"https:\\\/\\\/kosovatimes.info\\\/?s={search_term_string}\"},\"query-input\":{\"@type\":\"PropertyValueSpecification\",\"valueRequired\":true,\"valueName\":\"search_term_string\"}}],\"inLanguage\":\"en-US\"},{\"@type\":\"Person\",\"@id\":\"https:\\\/\\\/kosovatimes.info\\\/#\\\/schema\\\/person\\\/7586712b9c512fe68085de007378c915\",\"name\":\"i l\",\"image\":{\"@type\":\"ImageObject\",\"inLanguage\":\"en-US\",\"@id\":\"https:\\\/\\\/secure.gravatar.com\\\/avatar\\\/bad9296e02816160ae2e2435beda58222022298d5625d49fea74d18816fbb31d?s=96&d=mm&r=g\",\"url\":\"https:\\\/\\\/secure.gravatar.com\\\/avatar\\\/bad9296e02816160ae2e2435beda58222022298d5625d49fea74d18816fbb31d?s=96&d=mm&r=g\",\"contentUrl\":\"https:\\\/\\\/secure.gravatar.com\\\/avatar\\\/bad9296e02816160ae2e2435beda58222022298d5625d49fea74d18816fbb31d?s=96&d=mm&r=g\",\"caption\":\"i l\"},\"url\":\"https:\\\/\\\/kosovatimes.info\\\/index.php\\\/author\\\/iliri\\\/\"}]}<\/script>\n<!-- \/ Yoast SEO plugin. -->","yoast_head_json":{"title":"KQZ diskuton me zyrtar\u00ebt komunal\u00eb p\u00ebr sfidat e zgjedhjeve - Kosova Times","robots":{"index":"index","follow":"follow","max-snippet":"max-snippet:-1","max-image-preview":"max-image-preview:large","max-video-preview":"max-video-preview:-1"},"canonical":"https:\/\/kosovatimes.info\/index.php\/2026\/04\/30\/kqz-diskuton-me-zyrtaret-komunale-per-sfidat-e-zgjedhjeve\/","og_locale":"en_US","og_type":"article","og_title":"KQZ diskuton me zyrtar\u00ebt komunal\u00eb p\u00ebr sfidat e zgjedhjeve - Kosova Times","og_description":"Komisioni Qendror i Zgjedhjeve organizoi pun\u00ebtori me zyrtar\u00ebt ekzekutiv t\u00eb Komisioneve Komunale t\u00eb Zgjedhjeve (ZEKKZ), p\u00ebr t\u00eb diskutuar p\u00ebr \u00e7\u00ebshtje t\u00eb ndryshme q\u00eb kan\u00eb t\u00eb b\u00ebjn\u00eb me proceset zgjedhore qendrore dhe lokale t\u00eb mbajtura n\u00eb vitin 2025. Sipas njoftimit nga KQZ, n\u00eb k\u00ebt\u00eb pun\u00ebtori t\u00eb organizuar me mb\u00ebshtetjen e Misionit t\u00eb OSBE-s\u00eb n\u00eb Kosov\u00eb, u [&hellip;]","og_url":"https:\/\/kosovatimes.info\/index.php\/2026\/04\/30\/kqz-diskuton-me-zyrtaret-komunale-per-sfidat-e-zgjedhjeve\/","og_site_name":"Kosova Times","article_published_time":"2026-04-30T14:13:00+00:00","article_modified_time":"2026-04-30T14:54:58+00:00","og_image":[{"width":780,"height":500,"url":"https:\/\/kosovatimes.info\/wp-content\/uploads\/2026\/04\/KQZ-1.jpg","type":"image\/jpeg"}],"author":"i l","twitter_card":"summary_large_image","twitter_misc":{"Written by":"i l","Est. reading time":"2 minutes"},"schema":{"@context":"https:\/\/schema.org","@graph":[{"@type":"Article","@id":"https:\/\/kosovatimes.info\/index.php\/2026\/04\/30\/kqz-diskuton-me-zyrtaret-komunale-per-sfidat-e-zgjedhjeve\/#article","isPartOf":{"@id":"https:\/\/kosovatimes.info\/index.php\/2026\/04\/30\/kqz-diskuton-me-zyrtaret-komunale-per-sfidat-e-zgjedhjeve\/"},"author":{"name":"i l","@id":"https:\/\/kosovatimes.info\/#\/schema\/person\/7586712b9c512fe68085de007378c915"},"headline":"KQZ diskuton me zyrtar\u00ebt komunal\u00eb p\u00ebr sfidat e zgjedhjeve","datePublished":"2026-04-30T14:13:00+00:00","dateModified":"2026-04-30T14:54:58+00:00","mainEntityOfPage":{"@id":"https:\/\/kosovatimes.info\/index.php\/2026\/04\/30\/kqz-diskuton-me-zyrtaret-komunale-per-sfidat-e-zgjedhjeve\/"},"wordCount":290,"commentCount":0,"image":{"@id":"https:\/\/kosovatimes.info\/index.php\/2026\/04\/30\/kqz-diskuton-me-zyrtaret-komunale-per-sfidat-e-zgjedhjeve\/#primaryimage"},"thumbnailUrl":"https:\/\/kosovatimes.info\/wp-content\/uploads\/2026\/04\/KQZ-1.jpg","articleSection":["Kosov\u00eb","Lajme"],"inLanguage":"en-US","potentialAction":[{"@type":"CommentAction","name":"Comment","target":["https:\/\/kosovatimes.info\/index.php\/2026\/04\/30\/kqz-diskuton-me-zyrtaret-komunale-per-sfidat-e-zgjedhjeve\/#respond"]}]},{"@type":"WebPage","@id":"https:\/\/kosovatimes.info\/index.php\/2026\/04\/30\/kqz-diskuton-me-zyrtaret-komunale-per-sfidat-e-zgjedhjeve\/","url":"https:\/\/kosovatimes.info\/index.php\/2026\/04\/30\/kqz-diskuton-me-zyrtaret-komunale-per-sfidat-e-zgjedhjeve\/","name":"KQZ diskuton me zyrtar\u00ebt komunal\u00eb p\u00ebr sfidat e zgjedhjeve - Kosova Times","isPartOf":{"@id":"https:\/\/kosovatimes.info\/#website"},"primaryImageOfPage":{"@id":"https:\/\/kosovatimes.info\/index.php\/2026\/04\/30\/kqz-diskuton-me-zyrtaret-komunale-per-sfidat-e-zgjedhjeve\/#primaryimage"},"image":{"@id":"https:\/\/kosovatimes.info\/index.php\/2026\/04\/30\/kqz-diskuton-me-zyrtaret-komunale-per-sfidat-e-zgjedhjeve\/#primaryimage"},"thumbnailUrl":"https:\/\/kosovatimes.info\/wp-content\/uploads\/2026\/04\/KQZ-1.jpg","datePublished":"2026-04-30T14:13:00+00:00","dateModified":"2026-04-30T14:54:58+00:00","author":{"@id":"https:\/\/kosovatimes.info\/#\/schema\/person\/7586712b9c512fe68085de007378c915"},"breadcrumb":{"@id":"https:\/\/kosovatimes.info\/index.php\/2026\/04\/30\/kqz-diskuton-me-zyrtaret-komunale-per-sfidat-e-zgjedhjeve\/#breadcrumb"},"inLanguage":"en-US","potentialAction":[{"@type":"ReadAction","target":["https:\/\/kosovatimes.info\/index.php\/2026\/04\/30\/kqz-diskuton-me-zyrtaret-komunale-per-sfidat-e-zgjedhjeve\/"]}]},{"@type":"ImageObject","inLanguage":"en-US","@id":"https:\/\/kosovatimes.info\/index.php\/2026\/04\/30\/kqz-diskuton-me-zyrtaret-komunale-per-sfidat-e-zgjedhjeve\/#primaryimage","url":"https:\/\/kosovatimes.info\/wp-content\/uploads\/2026\/04\/KQZ-1.jpg","contentUrl":"https:\/\/kosovatimes.info\/wp-content\/uploads\/2026\/04\/KQZ-1.jpg","width":780,"height":500},{"@type":"BreadcrumbList","@id":"https:\/\/kosovatimes.info\/index.php\/2026\/04\/30\/kqz-diskuton-me-zyrtaret-komunale-per-sfidat-e-zgjedhjeve\/#breadcrumb","itemListElement":[{"@type":"ListItem","position":1,"name":"Home","item":"https:\/\/kosovatimes.info\/"},{"@type":"ListItem","position":2,"name":"KQZ diskuton me zyrtar\u00ebt komunal\u00eb p\u00ebr sfidat e zgjedhjeve"}]},{"@type":"WebSite","@id":"https:\/\/kosovatimes.info\/#website","url":"https:\/\/kosovatimes.info\/","name":"Kosova Times","description":"","potentialAction":[{"@type":"SearchAction","target":{"@type":"EntryPoint","urlTemplate":"https:\/\/kosovatimes.info\/?s={search_term_string}"},"query-input":{"@type":"PropertyValueSpecification","valueRequired":true,"valueName":"search_term_string"}}],"inLanguage":"en-US"},{"@type":"Person","@id":"https:\/\/kosovatimes.info\/#\/schema\/person\/7586712b9c512fe68085de007378c915","name":"i l","image":{"@type":"ImageObject","inLanguage":"en-US","@id":"https:\/\/secure.gravatar.com\/avatar\/bad9296e02816160ae2e2435beda58222022298d5625d49fea74d18816fbb31d?s=96&d=mm&r=g","url":"https:\/\/secure.gravatar.com\/avatar\/bad9296e02816160ae2e2435beda58222022298d5625d49fea74d18816fbb31d?s=96&d=mm&r=g","contentUrl":"https:\/\/secure.gravatar.com\/avatar\/bad9296e02816160ae2e2435beda58222022298d5625d49fea74d18816fbb31d?s=96&d=mm&r=g","caption":"i l"},"url":"https:\/\/kosovatimes.info\/index.php\/author\/iliri\/"}]}},"_links":{"self":[{"href":"https:\/\/kosovatimes.info\/index.php\/wp-json\/wp\/v2\/posts\/12748","targetHints":{"allow":["GET"]}}],"collection":[{"href":"https:\/\/kosovatimes.info\/index.php\/wp-json\/wp\/v2\/posts"}],"about":[{"href":"https:\/\/kosovatimes.info\/index.php\/wp-json\/wp\/v2\/types\/post"}],"author":[{"embeddable":true,"href":"https:\/\/kosovatimes.info\/index.php\/wp-json\/wp\/v2\/users\/4"}],"replies":[{"embeddable":true,"href":"https:\/\/kosovatimes.info\/index.php\/wp-json\/wp\/v2\/comments?post=12748"}],"version-history":[{"count":1,"href":"https:\/\/kosovatimes.info\/index.php\/wp-json\/wp\/v2\/posts\/12748\/revisions"}],"predecessor-version":[{"id":12750,"href":"https:\/\/kosovatimes.info\/index.php\/wp-json\/wp\/v2\/posts\/12748\/revisions\/12750"}],"wp:featuredmedia":[{"embeddable":true,"href":"https:\/\/kosovatimes.info\/index.php\/wp-json\/wp\/v2\/media\/12749"}],"wp:attachment":[{"href":"https:\/\/kosovatimes.info\/index.php\/wp-json\/wp\/v2\/media?parent=12748"}],"wp:term":[{"taxonomy":"category","embeddable":true,"href":"https:\/\/kosovatimes.info\/index.php\/wp-json\/wp\/v2\/categories?post=12748"},{"taxonomy":"post_tag","embeddable":true,"href":"https:\/\/kosovatimes.info\/index.php\/wp-json\/wp\/v2\/tags?post=12748"}],"curies":[{"name":"wp","href":"https:\/\/api.w.org\/{rel}","templated":true}]}}